{"id":1443998,"date":"2022-06-09T09:47:48","date_gmt":"2022-06-09T07:47:48","guid":{"rendered":"https:\/\/www.varesenews.it\/?p=1443998"},"modified":"2022-06-09T09:59:47","modified_gmt":"2022-06-09T07:59:47","slug":"due-anni-stop-la-pandemia-torna-bisuschio-italian-raid-commando","status":"publish","type":"post","link":"https:\/\/staging.varesenews.it\/2022\/06\/due-anni-stop-la-pandemia-torna-bisuschio-italian-raid-commando\/1443998\/","title":{"rendered":"Dopo due anni di stop per la pandemia, torna a Bisuschio Italian Raid Commando"},"content":{"rendered":"<p>Saltate a causa della pandemia le edizioni 2020 e 2021, <strong>tornano in Valceresio le gare di Italian Raid Commando<\/strong>,\u00a0la competizione internazionale per pattuglie militari.<\/p>\n<p>La competizione \u2013 organizzata dall\u2019Unione nazionale ufficiali in congedo \u2013 si svolger\u00e0 <strong>dal 10 al 12 giugno<\/strong> e anche quest&#8217;anno avr\u00e0 il suo <strong>campo base a Bisuschio<\/strong>.<\/p>\n<p>I piani della competizione, che simula azioni di presidio di territori minacciati da un ipotetico esercito invasore, prevedono <strong>percorsi diurni e notturni<\/strong> che si snoderanno sulle Prealpi tra la Valceresio, la Valganna e il massiccio del Campo dei Fiori.<\/p>\n<p>Le squadre che partecipano all&#8217;edizione 2022 si concentreranno a Bisuschio a partire dal pomeriggio di gioved\u00ec 9 giugno. Venerd\u00ec inizier\u00e0 la competizione che durer\u00e0 fino a sabato.<\/p>\n<p>Come da tradizione, il programma della manifestazione prevede una tappa anche a Varese nella giornata di <strong>domenica 12 giugno<\/strong>\u00a0a partire dalle 9,30 per la <strong>sfilata delle squadre e la premiazione dei vincitori<\/strong>.<\/p>\n<p>Alla competizione partecipano militari in servizio attivo nelle Forze armate italiane ma anche all&#8217;Unione nazionale ufficiali in congedo, militari in servizio attivo e riservisti della Nato e iscritti ad associazioni d&#8217;arma riconosciute dal ministero della Difesa italiano.<\/p>\n","protected":false},"excerpt":{"rendered":"<p>La competizione \u2013 organizzata dall\u2019Unione nazionale ufficiali in congedo \u2013 si svolger\u00e0 dal 10 al 12 giugno sulle Prealpi tra la Valceresio, la Valganna e il massiccio del Campo dei Fiori<\/p>\n","protected":false},"author":44,"featured_media":0,"comment_status":"open","ping_status":"open","sticky":false,"template":"","format":"aside","meta":{"footnotes":""},"categories":[2],"tags":[122066,3632,158],"acf":[],"yoast_head":"<!-- This site is optimized with the Yoast SEO plugin v20.1 - https:\/\/yoast.com\/wordpress\/plugins\/seo\/ -->\n<title>Dopo due anni di stop per la pandemia, torna a Bisuschio Italian Raid Commando<\/title>\n<meta name=\"description\" content=\"La competizione \u2013 organizzata dall\u2019Unione nazionale ufficiali in congedo \u2013 si svolger\u00e0 dal 10 al 12 giugno sulle Prealpi tra la Valceresio, la Valganna e il massiccio del Campo dei Fiori\" \/>\n<meta name=\"robots\" content=\"noindex, follow, max-snippet:-1, max-image-preview:large, max-video-preview:-1\" \/>\n<meta property=\"og:locale\" content=\"it_IT\" \/>\n<meta property=\"og:type\" content=\"article\" \/>\n<meta property=\"og:title\" content=\"Dopo due anni di stop per la pandemia, torna a Bisuschio Italian Raid Commando\" \/>\n<meta property=\"og:description\" content=\"La competizione \u2013 organizzata dall\u2019Unione nazionale ufficiali in congedo \u2013 si svolger\u00e0 dal 10 al 12 giugno sulle Prealpi tra la Valceresio, la Valganna e il massiccio del Campo dei Fiori\" \/>\n<meta property=\"og:url\" content=\"https:\/\/www.varesenews.it\/2022\/06\/due-anni-stop-la-pandemia-torna-bisuschio-italian-raid-commando\/1443998\/\" \/>\n<meta property=\"og:site_name\" content=\"VareseNews\" \/>\n<meta property=\"article:publisher\" content=\"https:\/\/www.facebook.com\/varesenews\" \/>\n<meta property=\"article:author\" content=\"https:\/\/www.facebook.com\/mariangela.gerletti\" \/>\n<meta property=\"article:published_time\" content=\"2022-06-09T07:47:48+00:00\" \/>\n<meta property=\"article:modified_time\" content=\"2022-06-09T07:59:47+00:00\" \/>\n<meta name=\"author\" content=\"Mariangela Gerletti\" \/>\n<meta name=\"twitter:card\" content=\"summary_large_image\" \/>\n<meta name=\"twitter:creator\" content=\"@MariGerletti\" \/>\n<meta name=\"twitter:site\" content=\"@varesenews\" \/>\n<meta name=\"twitter:label1\" content=\"Scritto da\" \/>\n\t<meta name=\"twitter:data1\" content=\"Mariangela Gerletti\" \/>\n\t<meta name=\"twitter:label2\" content=\"Tempo di lettura stimato\" \/>\n\t<meta name=\"twitter:data2\" content=\"1 minuto\" \/>\n<script type=\"application\/ld+json\" class=\"yoast-schema-graph\">{\"@context\":\"https:\/\/schema.org\",\"@graph\":[{\"@type\":\"WebPage\",\"@id\":\"https:\/\/www.varesenews.it\/2022\/06\/due-anni-stop-la-pandemia-torna-bisuschio-italian-raid-commando\/1443998\/\",\"url\":\"https:\/\/www.varesenews.it\/2022\/06\/due-anni-stop-la-pandemia-torna-bisuschio-italian-raid-commando\/1443998\/\",\"name\":\"Dopo due anni di stop per la pandemia, torna a Bisuschio Italian Raid Commando\",\"isPartOf\":{\"@id\":\"https:\/\/staging.varesenews.it\/#website\"},\"datePublished\":\"2022-06-09T07:47:48+00:00\",\"dateModified\":\"2022-06-09T07:59:47+00:00\",\"author\":{\"@id\":\"https:\/\/staging.varesenews.it\/#\/schema\/person\/14f52876ea19bc10d0d2717b6e8f9b89\"},\"description\":\"La competizione \u2013 organizzata dall\u2019Unione nazionale ufficiali in congedo \u2013 si svolger\u00e0 dal 10 al 12 giugno sulle Prealpi tra la Valceresio, la Valganna e il massiccio del Campo dei Fiori\",\"breadcrumb\":{\"@id\":\"https:\/\/www.varesenews.it\/2022\/06\/due-anni-stop-la-pandemia-torna-bisuschio-italian-raid-commando\/1443998\/#breadcrumb\"},\"inLanguage\":\"it-IT\",\"potentialAction\":[{\"@type\":\"ReadAction\",\"target\":[\"https:\/\/www.varesenews.it\/2022\/06\/due-anni-stop-la-pandemia-torna-bisuschio-italian-raid-commando\/1443998\/\"]}]},{\"@type\":\"BreadcrumbList\",\"@id\":\"https:\/\/www.varesenews.it\/2022\/06\/due-anni-stop-la-pandemia-torna-bisuschio-italian-raid-commando\/1443998\/#breadcrumb\",\"itemListElement\":[{\"@type\":\"ListItem\",\"position\":1,\"name\":\"Home\",\"item\":\"https:\/\/www.varesenews.it\/\"},{\"@type\":\"ListItem\",\"position\":2,\"name\":\"Dopo due anni di stop per la pandemia, torna a Bisuschio Italian Raid Commando\"}]},{\"@type\":\"WebSite\",\"@id\":\"https:\/\/staging.varesenews.it\/#website\",\"url\":\"https:\/\/staging.varesenews.it\/\",\"name\":\"VareseNews\",\"description\":\"\",\"potentialAction\":[{\"@type\":\"SearchAction\",\"target\":{\"@type\":\"EntryPoint\",\"urlTemplate\":\"https:\/\/staging.varesenews.it\/?s={search_term_string}\"},\"query-input\":\"required name=search_term_string\"}],\"inLanguage\":\"it-IT\"},{\"@type\":\"Person\",\"@id\":\"https:\/\/staging.varesenews.it\/#\/schema\/person\/14f52876ea19bc10d0d2717b6e8f9b89\",\"name\":\"Mariangela Gerletti\",\"image\":{\"@type\":\"ImageObject\",\"inLanguage\":\"it-IT\",\"@id\":\"https:\/\/staging.varesenews.it\/#\/schema\/person\/image\/\",\"url\":\"https:\/\/staging.varesenews.it\/wp-content\/uploads\/2020\/12\/mariangela.jpeg\",\"contentUrl\":\"https:\/\/staging.varesenews.it\/wp-content\/uploads\/2020\/12\/mariangela.jpeg\",\"caption\":\"Mariangela Gerletti\"},\"description\":\"Da pi&ugrave; di trent'anni mi occupo di giornalismo e comunicazione Varesenews &egrave; il luogo dove ho trovato la passione, l'attenzione e le persone che ogni giorno mi fanno amare un po' di pi&ugrave; questo lavoro di cui non mi stanco mai. Far parte della redazione di Varesenews &egrave; un onore, sostenere il progetto della membership &egrave; un piacere perch&eacute; mi fa sentire ancora pi&ugrave; vicina alla grande comunit&agrave; dei nostri lettori.\",\"sameAs\":[\"https:\/\/www.facebook.com\/mariangela.gerletti\",\"marigerletti\",\"https:\/\/twitter.com\/MariGerletti\"],\"url\":\"https:\/\/staging.varesenews.it\/persona\/mariangela-gerletti1\/\"}]}<\/script>\n<!-- \/ Yoast SEO plugin. -->","yoast_head_json":{"title":"Dopo due anni di stop per la pandemia, torna a Bisuschio Italian Raid Commando","description":"La competizione \u2013 organizzata dall\u2019Unione nazionale ufficiali in congedo \u2013 si svolger\u00e0 dal 10 al 12 giugno sulle Prealpi tra la Valceresio, la Valganna e il massiccio del Campo dei Fiori","robots":{"index":"noindex","follow":"follow","max-snippet":"max-snippet:-1","max-image-preview":"max-image-preview:large","max-video-preview":"max-video-preview:-1"},"og_locale":"it_IT","og_type":"article","og_title":"Dopo due anni di stop per la pandemia, torna a Bisuschio Italian Raid Commando","og_description":"La competizione \u2013 organizzata dall\u2019Unione nazionale ufficiali in congedo \u2013 si svolger\u00e0 dal 10 al 12 giugno sulle Prealpi tra la Valceresio, la Valganna e il massiccio del Campo dei Fiori","og_url":"https:\/\/www.varesenews.it\/2022\/06\/due-anni-stop-la-pandemia-torna-bisuschio-italian-raid-commando\/1443998\/","og_site_name":"VareseNews","article_publisher":"https:\/\/www.facebook.com\/varesenews","article_author":"https:\/\/www.facebook.com\/mariangela.gerletti","article_published_time":"2022-06-09T07:47:48+00:00","article_modified_time":"2022-06-09T07:59:47+00:00","author":"Mariangela Gerletti","twitter_card":"summary_large_image","twitter_creator":"@MariGerletti","twitter_site":"@varesenews","twitter_misc":{"Scritto da":"Mariangela Gerletti","Tempo di lettura stimato":"1 minuto"},"schema":{"@context":"https:\/\/schema.org","@graph":[{"@type":"WebPage","@id":"https:\/\/www.varesenews.it\/2022\/06\/due-anni-stop-la-pandemia-torna-bisuschio-italian-raid-commando\/1443998\/","url":"https:\/\/www.varesenews.it\/2022\/06\/due-anni-stop-la-pandemia-torna-bisuschio-italian-raid-commando\/1443998\/","name":"Dopo due anni di stop per la pandemia, torna a Bisuschio Italian Raid Commando","isPartOf":{"@id":"https:\/\/staging.varesenews.it\/#website"},"datePublished":"2022-06-09T07:47:48+00:00","dateModified":"2022-06-09T07:59:47+00:00","author":{"@id":"https:\/\/staging.varesenews.it\/#\/schema\/person\/14f52876ea19bc10d0d2717b6e8f9b89"},"description":"La competizione \u2013 organizzata dall\u2019Unione nazionale ufficiali in congedo \u2013 si svolger\u00e0 dal 10 al 12 giugno sulle Prealpi tra la Valceresio, la Valganna e il massiccio del Campo dei Fiori","breadcrumb":{"@id":"https:\/\/www.varesenews.it\/2022\/06\/due-anni-stop-la-pandemia-torna-bisuschio-italian-raid-commando\/1443998\/#breadcrumb"},"inLanguage":"it-IT","potentialAction":[{"@type":"ReadAction","target":["https:\/\/www.varesenews.it\/2022\/06\/due-anni-stop-la-pandemia-torna-bisuschio-italian-raid-commando\/1443998\/"]}]},{"@type":"BreadcrumbList","@id":"https:\/\/www.varesenews.it\/2022\/06\/due-anni-stop-la-pandemia-torna-bisuschio-italian-raid-commando\/1443998\/#breadcrumb","itemListElement":[{"@type":"ListItem","position":1,"name":"Home","item":"https:\/\/www.varesenews.it\/"},{"@type":"ListItem","position":2,"name":"Dopo due anni di stop per la pandemia, torna a Bisuschio Italian Raid Commando"}]},{"@type":"WebSite","@id":"https:\/\/staging.varesenews.it\/#website","url":"https:\/\/staging.varesenews.it\/","name":"VareseNews","description":"","potentialAction":[{"@type":"SearchAction","target":{"@type":"EntryPoint","urlTemplate":"https:\/\/staging.varesenews.it\/?s={search_term_string}"},"query-input":"required name=search_term_string"}],"inLanguage":"it-IT"},{"@type":"Person","@id":"https:\/\/staging.varesenews.it\/#\/schema\/person\/14f52876ea19bc10d0d2717b6e8f9b89","name":"Mariangela Gerletti","image":{"@type":"ImageObject","inLanguage":"it-IT","@id":"https:\/\/staging.varesenews.it\/#\/schema\/person\/image\/","url":"https:\/\/staging.varesenews.it\/wp-content\/uploads\/2020\/12\/mariangela.jpeg","contentUrl":"https:\/\/staging.varesenews.it\/wp-content\/uploads\/2020\/12\/mariangela.jpeg","caption":"Mariangela Gerletti"},"description":"Da pi&ugrave; di trent'anni mi occupo di giornalismo e comunicazione Varesenews &egrave; il luogo dove ho trovato la passione, l'attenzione e le persone che ogni giorno mi fanno amare un po' di pi&ugrave; questo lavoro di cui non mi stanco mai. Far parte della redazione di Varesenews &egrave; un onore, sostenere il progetto della membership &egrave; un piacere perch&eacute; mi fa sentire ancora pi&ugrave; vicina alla grande comunit&agrave; dei nostri lettori.","sameAs":["https:\/\/www.facebook.com\/mariangela.gerletti","marigerletti","https:\/\/twitter.com\/MariGerletti"],"url":"https:\/\/staging.varesenews.it\/persona\/mariangela-gerletti1\/"}]}},"post_meta":{"content-image-gallery":"","_edit_lock":"1654763542:37","_edit_last":"37","_category_permalink":"a:1:{s:8:\"category\";s:1:\"2\";}","foto":"1289663","argomento":"Bisuschio","_yoast_wpseo_focuskw_text_input":"italian raid commando","_yoast_wpseo_focuskw":"italian raid commando","_yoast_wpseo_linkdex":"53","_yoast_wpseo_content_score":"30","_jd_tweet_this":"yes","firma-personalizzata":"Ma.Ge.","_encloseme":"1","ratings_users":"0","ratings_score":"0","ratings_average":"0","_wpt_short_url":"https:\/\/www.varesenews.it\/2022\/03\/due-anni-stop-la-pandemia-torna-bisuschio-italian-raid-commando\/1443998\/","_wp_jd_target":"https:\/\/www.varesenews.it\/2022\/03\/due-anni-stop-la-pandemia-torna-bisuschio-italian-raid-commando\/1443998\/","_jd_wp_twitter":"a:1:{i:0;s:197:\"Dopo due anni di stop per la pandemia, torna a Bisuschio Italian Raid Commando https:\/\/www.varesenews.it\/2022\/03\/due-anni-stop-la-pandemia-torna-bisuschio-italian-raid-commando\/1443998\/ #Valceresio\";}","_wpt_status_message":"Tweet inviato con successo.","_wp_old_date":"2022-03-29","evento-location":"1470891","evento-data-inizio":"1654812000","evento-data-fine":"1654984800"},"photos":[{"original":"https:\/\/staging.varesenews.it\/photogallery_new\/images\/2022\/03\/bisuschio-italian-raid-commando-2018-1289663.jpg","full":"https:\/\/staging.varesenews.it\/photogallery_new\/images\/2022\/03\/bisuschio-italian-raid-commando-2018-1289663.1024x768.jpg","large":"https:\/\/staging.varesenews.it\/photogallery_new\/images\/2022\/03\/bisuschio-italian-raid-commando-2018-1289663.610x431.jpg"}],"_links":{"self":[{"href":"https:\/\/staging.varesenews.it\/swgapi\/v1\/wp\/v2\/posts\/1443998"}],"collection":[{"href":"https:\/\/staging.varesenews.it\/swgapi\/v1\/wp\/v2\/posts"}],"about":[{"href":"https:\/\/staging.varesenews.it\/swgapi\/v1\/wp\/v2\/types\/post"}],"author":[{"embeddable":true,"href":"https:\/\/staging.varesenews.it\/swgapi\/v1\/wp\/v2\/users\/44"}],"replies":[{"embeddable":true,"href":"https:\/\/staging.varesenews.it\/swgapi\/v1\/wp\/v2\/comments?post=1443998"}],"version-history":[{"count":0,"href":"https:\/\/staging.varesenews.it\/swgapi\/v1\/wp\/v2\/posts\/1443998\/revisions"}],"wp:attachment":[{"href":"https:\/\/staging.varesenews.it\/swgapi\/v1\/wp\/v2\/media?parent=1443998"}],"wp:term":[{"taxonomy":"category","embeddable":true,"href":"https:\/\/staging.varesenews.it\/swgapi\/v1\/wp\/v2\/categories?post=1443998"},{"taxonomy":"post_tag","embeddable":true,"href":"https:\/\/staging.varesenews.it\/swgapi\/v1\/wp\/v2\/tags?post=1443998"}],"curies":[{"name":"wp","href":"https:\/\/api.w.org\/{rel}","templated":true}]}}