{"id":1446146,"date":"2022-04-03T16:59:06","date_gmt":"2022-04-03T14:59:06","guid":{"rendered":"https:\/\/www.varesenews.it\/?p=1446146"},"modified":"2022-04-05T01:59:24","modified_gmt":"2022-04-04T23:59:24","slug":"luino-consegnate-le-benemerenze-della-gentilezza","status":"publish","type":"post","link":"https:\/\/staging.varesenews.it\/2022\/04\/luino-consegnate-le-benemerenze-della-gentilezza\/1446146\/","title":{"rendered":"A Luino consegnate le benemerenze del tempo della gentilezza"},"content":{"rendered":"<p>A <strong>Luino<\/strong> la <strong>Croce Rossa<\/strong> colora di rosso umanitario il piazzale per la consegna delle <strong>benemerenze del tempo della gentilezza<\/strong>. Si tratta di una tradizione all&#8217;interno del sodalizio\u00a0con l\u2019intento di voler stimolare tutti i volontari ad un sempre migliore svolgimento del servizio. La medaglia di benemerenza venne creata nel 1897 per ricompensare coloro che avevano preso parte a missioni di soccorso.<br \/>\n\u00abQuesta giornata \u00e8 nata dall&#8217;idea non di commemorare i morti ma di\u00a0 di celebrare sul campo\u00a0 l&#8217;impegno dei dipendenti e dei volontari della Croce rossa di <strong>Luino e Valli<\/strong> &#8211; ha detto il presidente della Croce Rossa italiana comitato Valli e Luino\u00a0\u00a0<strong>Pierfrancesco Buchi<\/strong> -. Sono stati due anni terribili, importanti e drammatici. Siamo pronti ad affrontare il futuro grazie all&#8217;impegno du i tutti compresi gli enti pubblici, associazioni e singoli cittadini e quindi ci sembrava giusto celebrare tanti uomini e donne straordinari\u00bb. Alla cerimonia ha presenziato anche il <strong>sindaco di Luino\u00a0Enrico Bianchi<\/strong>:\u00ab \u00c8 un orgoglio per la citt\u00e0 avere questa associazione per tutto quello che la Croce rossa ci d\u00e0 a partire dal senso di sicurezza. Oggi \u00e8 un giorno speciale ed \u00e8 anche un grazie che l&#8217;amministrazione porge alla Croce Rossa\u00bb.<br \/>\n<strong>Marco Magrini<\/strong>, sindaco di <strong>Masciago Primo<\/strong> e coordinatore del comitato tecnico di sorveglianza <strong>Covid 19 dell&#8217;Ats Insubria,<\/strong>\u00a0ha elogiato lo sforzo dei tanti volontari che hanno consentito la tenuta dei servizi durante il piano di vaccinazione. \u00abIl volontariato \u00e8 stata una delle forze della campagna dei tamponi e delle vaccinazioni a livello lombardo. La Regione ha ottenuto i risultato grazie alla\u00a0 protezione civile, alle varie associazioni e all&#8217;esercito che ha lavorato in grande sinergia con anche la croce rossa\u00bb<\/p>\n","protected":false},"excerpt":{"rendered":"<p>La consegna del riconoscimento \u00e8 avvenuta alla presenza del presidente del Comitato della Cri Pierfrancesco Buchi, del sindaco Enrico Bianchi e di Marco Magrini coordinatore del comitato tecnico di sorveglianza Covid 19 dell&#8217;Ats Insubria<\/p>\n","protected":false},"author":21859,"featured_media":0,"comment_status":"open","ping_status":"open","sticky":false,"template":"","format":"standard","meta":{"footnotes":""},"categories":[2],"tags":[470],"acf":[],"yoast_head":"<!-- This site is optimized with the Yoast SEO plugin v20.1 - https:\/\/yoast.com\/wordpress\/plugins\/seo\/ -->\n<title>A Luino consegnate le benemerenze del tempo della gentilezza<\/title>\n<meta name=\"description\" content=\"La consegna del riconoscimento \u00e8 avvenuta alla presenza del presidente del Comitato della Cri Pierfrancesco Buchi, del sindaco Enrico Bianchi e di Marco Magrini coordinatore del comitato tecnico di sorveglianza Covid 19 dell&#039;Ats Insubria\" \/>\n<meta name=\"robots\" content=\"noindex, follow, max-snippet:-1, max-image-preview:large, max-video-preview:-1\" \/>\n<meta property=\"og:locale\" content=\"it_IT\" \/>\n<meta property=\"og:type\" content=\"article\" \/>\n<meta property=\"og:title\" content=\"A Luino consegnate le benemerenze del tempo della gentilezza\" \/>\n<meta property=\"og:description\" content=\"La consegna del riconoscimento \u00e8 avvenuta alla presenza del presidente del Comitato della Cri Pierfrancesco Buchi, del sindaco Enrico Bianchi e di Marco Magrini coordinatore del comitato tecnico di sorveglianza Covid 19 dell&#039;Ats Insubria\" \/>\n<meta property=\"og:url\" content=\"https:\/\/staging.varesenews.it\/2022\/04\/luino-consegnate-le-benemerenze-della-gentilezza\/1446146\/\" \/>\n<meta property=\"og:site_name\" content=\"VareseNews\" \/>\n<meta property=\"article:publisher\" content=\"https:\/\/www.facebook.com\/varesenews\" \/>\n<meta property=\"article:published_time\" content=\"2022-04-03T14:59:06+00:00\" \/>\n<meta property=\"article:modified_time\" content=\"2022-04-04T23:59:24+00:00\" \/>\n<meta name=\"author\" content=\"Ilaria Notari\" \/>\n<meta name=\"twitter:card\" content=\"summary_large_image\" \/>\n<meta name=\"twitter:creator\" content=\"@varesenews\" \/>\n<meta name=\"twitter:site\" content=\"@varesenews\" \/>\n<meta name=\"twitter:label1\" content=\"Scritto da\" \/>\n\t<meta name=\"twitter:data1\" content=\"Ilaria Notari\" \/>\n\t<meta name=\"twitter:label2\" content=\"Tempo di lettura stimato\" \/>\n\t<meta name=\"twitter:data2\" content=\"1 minuto\" \/>\n<script type=\"application\/ld+json\" class=\"yoast-schema-graph\">{\"@context\":\"https:\/\/schema.org\",\"@graph\":[{\"@type\":\"WebPage\",\"@id\":\"https:\/\/staging.varesenews.it\/2022\/04\/luino-consegnate-le-benemerenze-della-gentilezza\/1446146\/\",\"url\":\"https:\/\/staging.varesenews.it\/2022\/04\/luino-consegnate-le-benemerenze-della-gentilezza\/1446146\/\",\"name\":\"A Luino consegnate le benemerenze del tempo della gentilezza\",\"isPartOf\":{\"@id\":\"https:\/\/staging.varesenews.it\/#website\"},\"datePublished\":\"2022-04-03T14:59:06+00:00\",\"dateModified\":\"2022-04-04T23:59:24+00:00\",\"author\":{\"@id\":\"https:\/\/staging.varesenews.it\/#\/schema\/person\/e930ecd1205fce487283c4b849da44ef\"},\"description\":\"La consegna del riconoscimento \u00e8 avvenuta alla presenza del presidente del Comitato della Cri Pierfrancesco Buchi, del sindaco Enrico Bianchi e di Marco Magrini coordinatore del comitato tecnico di sorveglianza Covid 19 dell'Ats Insubria\",\"breadcrumb\":{\"@id\":\"https:\/\/staging.varesenews.it\/2022\/04\/luino-consegnate-le-benemerenze-della-gentilezza\/1446146\/#breadcrumb\"},\"inLanguage\":\"it-IT\",\"potentialAction\":[{\"@type\":\"ReadAction\",\"target\":[\"https:\/\/staging.varesenews.it\/2022\/04\/luino-consegnate-le-benemerenze-della-gentilezza\/1446146\/\"]}]},{\"@type\":\"BreadcrumbList\",\"@id\":\"https:\/\/staging.varesenews.it\/2022\/04\/luino-consegnate-le-benemerenze-della-gentilezza\/1446146\/#breadcrumb\",\"itemListElement\":[{\"@type\":\"ListItem\",\"position\":1,\"name\":\"Home\",\"item\":\"https:\/\/www.varesenews.it\/\"},{\"@type\":\"ListItem\",\"position\":2,\"name\":\"A Luino consegnate le benemerenze del tempo della gentilezza\"}]},{\"@type\":\"WebSite\",\"@id\":\"https:\/\/staging.varesenews.it\/#website\",\"url\":\"https:\/\/staging.varesenews.it\/\",\"name\":\"VareseNews\",\"description\":\"\",\"potentialAction\":[{\"@type\":\"SearchAction\",\"target\":{\"@type\":\"EntryPoint\",\"urlTemplate\":\"https:\/\/staging.varesenews.it\/?s={search_term_string}\"},\"query-input\":\"required name=search_term_string\"}],\"inLanguage\":\"it-IT\"},{\"@type\":\"Person\",\"@id\":\"https:\/\/staging.varesenews.it\/#\/schema\/person\/e930ecd1205fce487283c4b849da44ef\",\"name\":\"Ilaria Notari\",\"image\":{\"@type\":\"ImageObject\",\"inLanguage\":\"it-IT\",\"@id\":\"https:\/\/staging.varesenews.it\/#\/schema\/person\/image\/\",\"url\":\"https:\/\/staging.varesenews.it\/wp-content\/uploads\/2015\/03\/mistery.jpg\",\"contentUrl\":\"https:\/\/staging.varesenews.it\/wp-content\/uploads\/2015\/03\/mistery.jpg\",\"caption\":\"Ilaria Notari\"},\"url\":\"https:\/\/staging.varesenews.it\/persona\/ilaria-notari\/\"}]}<\/script>\n<!-- \/ Yoast SEO plugin. -->","yoast_head_json":{"title":"A Luino consegnate le benemerenze del tempo della gentilezza","description":"La consegna del riconoscimento \u00e8 avvenuta alla presenza del presidente del Comitato della Cri Pierfrancesco Buchi, del sindaco Enrico Bianchi e di Marco Magrini coordinatore del comitato tecnico di sorveglianza Covid 19 dell'Ats Insubria","robots":{"index":"noindex","follow":"follow","max-snippet":"max-snippet:-1","max-image-preview":"max-image-preview:large","max-video-preview":"max-video-preview:-1"},"og_locale":"it_IT","og_type":"article","og_title":"A Luino consegnate le benemerenze del tempo della gentilezza","og_description":"La consegna del riconoscimento \u00e8 avvenuta alla presenza del presidente del Comitato della Cri Pierfrancesco Buchi, del sindaco Enrico Bianchi e di Marco Magrini coordinatore del comitato tecnico di sorveglianza Covid 19 dell'Ats Insubria","og_url":"https:\/\/staging.varesenews.it\/2022\/04\/luino-consegnate-le-benemerenze-della-gentilezza\/1446146\/","og_site_name":"VareseNews","article_publisher":"https:\/\/www.facebook.com\/varesenews","article_published_time":"2022-04-03T14:59:06+00:00","article_modified_time":"2022-04-04T23:59:24+00:00","author":"Ilaria Notari","twitter_card":"summary_large_image","twitter_creator":"@varesenews","twitter_site":"@varesenews","twitter_misc":{"Scritto da":"Ilaria Notari","Tempo di lettura stimato":"1 minuto"},"schema":{"@context":"https:\/\/schema.org","@graph":[{"@type":"WebPage","@id":"https:\/\/staging.varesenews.it\/2022\/04\/luino-consegnate-le-benemerenze-della-gentilezza\/1446146\/","url":"https:\/\/staging.varesenews.it\/2022\/04\/luino-consegnate-le-benemerenze-della-gentilezza\/1446146\/","name":"A Luino consegnate le benemerenze del tempo della gentilezza","isPartOf":{"@id":"https:\/\/staging.varesenews.it\/#website"},"datePublished":"2022-04-03T14:59:06+00:00","dateModified":"2022-04-04T23:59:24+00:00","author":{"@id":"https:\/\/staging.varesenews.it\/#\/schema\/person\/e930ecd1205fce487283c4b849da44ef"},"description":"La consegna del riconoscimento \u00e8 avvenuta alla presenza del presidente del Comitato della Cri Pierfrancesco Buchi, del sindaco Enrico Bianchi e di Marco Magrini coordinatore del comitato tecnico di sorveglianza Covid 19 dell'Ats Insubria","breadcrumb":{"@id":"https:\/\/staging.varesenews.it\/2022\/04\/luino-consegnate-le-benemerenze-della-gentilezza\/1446146\/#breadcrumb"},"inLanguage":"it-IT","potentialAction":[{"@type":"ReadAction","target":["https:\/\/staging.varesenews.it\/2022\/04\/luino-consegnate-le-benemerenze-della-gentilezza\/1446146\/"]}]},{"@type":"BreadcrumbList","@id":"https:\/\/staging.varesenews.it\/2022\/04\/luino-consegnate-le-benemerenze-della-gentilezza\/1446146\/#breadcrumb","itemListElement":[{"@type":"ListItem","position":1,"name":"Home","item":"https:\/\/www.varesenews.it\/"},{"@type":"ListItem","position":2,"name":"A Luino consegnate le benemerenze del tempo della gentilezza"}]},{"@type":"WebSite","@id":"https:\/\/staging.varesenews.it\/#website","url":"https:\/\/staging.varesenews.it\/","name":"VareseNews","description":"","potentialAction":[{"@type":"SearchAction","target":{"@type":"EntryPoint","urlTemplate":"https:\/\/staging.varesenews.it\/?s={search_term_string}"},"query-input":"required name=search_term_string"}],"inLanguage":"it-IT"},{"@type":"Person","@id":"https:\/\/staging.varesenews.it\/#\/schema\/person\/e930ecd1205fce487283c4b849da44ef","name":"Ilaria Notari","image":{"@type":"ImageObject","inLanguage":"it-IT","@id":"https:\/\/staging.varesenews.it\/#\/schema\/person\/image\/","url":"https:\/\/staging.varesenews.it\/wp-content\/uploads\/2015\/03\/mistery.jpg","contentUrl":"https:\/\/staging.varesenews.it\/wp-content\/uploads\/2015\/03\/mistery.jpg","caption":"Ilaria Notari"},"url":"https:\/\/staging.varesenews.it\/persona\/ilaria-notari\/"}]}},"post_meta":{"content-image-gallery":"","_edit_lock":"1649116635:45","_edit_last":"45","_category_permalink":"a:1:{s:8:\"category\";s:0:\"\";}","_encloseme":"1","ratings_users":"0","ratings_score":"0","ratings_average":"0","foto":"1291156","video":"1446134","argomento":"Luino","_yoast_wpseo_focuskw_text_input":"croce rossa","_yoast_wpseo_focuskw":"croce rossa","_yoast_wpseo_linkdex":"56","_yoast_wpseo_content_score":"30","_jd_tweet_this":"yes","_wpt_short_url":"https:\/\/www.varesenews.it\/2022\/04\/luino-consegnate-le-benemerenze-della-gentilezza\/1446146\/","_wp_jd_target":"https:\/\/www.varesenews.it\/2022\/04\/luino-consegnate-le-benemerenze-della-gentilezza\/1446146\/","_jd_wp_twitter":"a:1:{i:0;s:154:\"A Luino consegnate le benemerenze della gentilezza https:\/\/www.varesenews.it\/2022\/04\/luino-consegnate-le-benemerenze-della-gentilezza\/1446146\/ #crocerossa\";}","_wpt_status_message":"Tweet inviato con successo.","youtube_id":"J9t-FJr-buM","_oembed_7517571d846acdc737cb0fc2a99f8f35":"<blockquote class=\"wp-embedded-content\" data-secret=\"ZU7UbxtHv1\"><a href=\"https:\/\/www.varesenews.it\/2022\/04\/eventi-bambini-nel-weekend-dal-1-al-3-aprile-varese-provincia\/1445506\/\">Eventi per bambini nel weekend dal 1 al 3 aprile tra Varese e provincia<\/a><\/blockquote><iframe class=\"wp-embedded-content\" sandbox=\"allow-scripts\" security=\"restricted\" style=\"position: absolute; clip: rect(1px, 1px, 1px, 1px);\" src=\"https:\/\/www.varesenews.it\/2022\/04\/eventi-bambini-nel-weekend-dal-1-al-3-aprile-varese-provincia\/1445506\/embed\/#?secret=ZU7UbxtHv1\" data-secret=\"ZU7UbxtHv1\" width=\"500\" height=\"282\" title=\"&#8220;Eventi per bambini nel weekend dal 1 al 3 aprile tra Varese e provincia&#8221; &#8212; VareseNews\" frameborder=\"0\" marginwidth=\"0\" marginheight=\"0\" scrolling=\"no\"><\/iframe>","_oembed_time_7517571d846acdc737cb0fc2a99f8f35":"1648998495","_oembed_e91035d6fbfa4dc150e211af0dbb0e79":"<blockquote class=\"wp-embedded-content\" data-secret=\"qxBYen5VNe\"><a href=\"https:\/\/www.varesenews.it\/2021\/09\/la-svizzera-dice-si-ai-matrimoni-gay\/1382907\/\">La Svizzera dice s\u00ec ai matrimoni gay<\/a><\/blockquote><iframe class=\"wp-embedded-content\" sandbox=\"allow-scripts\" security=\"restricted\" style=\"position: absolute; clip: rect(1px, 1px, 1px, 1px);\" src=\"https:\/\/www.varesenews.it\/2021\/09\/la-svizzera-dice-si-ai-matrimoni-gay\/1382907\/embed\/#?secret=qxBYen5VNe\" data-secret=\"qxBYen5VNe\" width=\"500\" height=\"282\" title=\"&#8220;La Svizzera dice s\u00ec ai matrimoni gay&#8221; &#8212; VareseNews\" frameborder=\"0\" marginwidth=\"0\" marginheight=\"0\" scrolling=\"no\"><\/iframe>","_oembed_time_e91035d6fbfa4dc150e211af0dbb0e79":"1648998495","_oembed_d75875eeff7d1119958e9ab3d18ed1c8":"<blockquote class=\"wp-embedded-content\" data-secret=\"m3oBInwMKJ\"><a href=\"https:\/\/www.verbanonews.it\/aree-geografiche\/canton-ticino\/2022\/03\/25\/corsi-di-lingua-per-i-rifugiati-in-svizzera-si-pianifica-lintegrazione\/941991\/\">Corsi di lingua per i rifugiati, in Svizzera si pianifica l&#8217;integrazione<\/a><\/blockquote><iframe class=\"wp-embedded-content\" sandbox=\"allow-scripts\" security=\"restricted\" style=\"position: absolute; clip: rect(1px, 1px, 1px, 1px);\" src=\"https:\/\/www.verbanonews.it\/aree-geografiche\/canton-ticino\/2022\/03\/25\/corsi-di-lingua-per-i-rifugiati-in-svizzera-si-pianifica-lintegrazione\/941991\/embed\/#?secret=m3oBInwMKJ\" data-secret=\"m3oBInwMKJ\" width=\"500\" height=\"282\" title=\"&#8220;Corsi di lingua per i rifugiati, in Svizzera si pianifica l&#8217;integrazione&#8221; &#8212; VerbanoNews\" frameborder=\"0\" marginwidth=\"0\" marginheight=\"0\" scrolling=\"no\"><\/iframe>","_oembed_time_d75875eeff7d1119958e9ab3d18ed1c8":"1648998497","_oembed_fcb1792e96d0f27925b13ea779589e1f":"<blockquote class=\"wp-embedded-content\" data-secret=\"lKlvk0Cikz\"><a href=\"https:\/\/www.varesenews.it\/2022\/03\/eventi-bambini-nel-weekend-dal-25-al-27-marzo-varese-provincia\/1442728\/\">Eventi per bambini nel weekend dal 25 al 27 marzo tra Varese e provincia<\/a><\/blockquote><iframe class=\"wp-embedded-content\" sandbox=\"allow-scripts\" security=\"restricted\" style=\"position: absolute; clip: rect(1px, 1px, 1px, 1px);\" src=\"https:\/\/www.varesenews.it\/2022\/03\/eventi-bambini-nel-weekend-dal-25-al-27-marzo-varese-provincia\/1442728\/embed\/#?secret=lKlvk0Cikz\" data-secret=\"lKlvk0Cikz\" width=\"500\" height=\"282\" title=\"&#8220;Eventi per bambini nel weekend dal 25 al 27 marzo tra Varese e provincia&#8221; &#8212; VareseNews\" frameborder=\"0\" marginwidth=\"0\" marginheight=\"0\" scrolling=\"no\"><\/iframe>","_oembed_time_fcb1792e96d0f27925b13ea779589e1f":"1648998497","_oembed_3c2194552dabdc86bc6a77f1fd4be662":"<blockquote class=\"wp-embedded-content\" data-secret=\"HgOPu1AqkT\"><a href=\"https:\/\/www.varesenews.it\/2022\/04\/questestate-via-alla-balneazione-del-lago-varese-via-sperimentale\/1445605\/\">Quest&#8217;estate partir\u00e0 la balneazione del Lago di Varese in via sperimentale<\/a><\/blockquote><iframe class=\"wp-embedded-content\" sandbox=\"allow-scripts\" security=\"restricted\" style=\"position: absolute; clip: rect(1px, 1px, 1px, 1px);\" src=\"https:\/\/www.varesenews.it\/2022\/04\/questestate-via-alla-balneazione-del-lago-varese-via-sperimentale\/1445605\/embed\/#?secret=HgOPu1AqkT\" data-secret=\"HgOPu1AqkT\" width=\"500\" height=\"282\" title=\"&#8220;Quest&#8217;estate partir\u00e0 la balneazione del Lago di Varese in via sperimentale&#8221; &#8212; VareseNews\" frameborder=\"0\" marginwidth=\"0\" marginheight=\"0\" scrolling=\"no\"><\/iframe>","_oembed_time_3c2194552dabdc86bc6a77f1fd4be662":"1648998643","_oembed_4c8e432685a33835c7423b6a4147ab6e":"<iframe width=\"500\" height=\"281\" src=\"https:\/\/www.youtube.com\/embed\/tNv76xyqNxM?feature=oembed\" frameborder=\"0\" allow=\"accelerometer; autoplay; clipboard-write; encrypted-media; gyroscope; picture-in-picture\" allowfullscreen><\/iframe>","_oembed_time_4c8e432685a33835c7423b6a4147ab6e":"1648998707","_oembed_fd257a0a84618992991a9c997a494241":"<blockquote class=\"wp-embedded-content\" data-secret=\"v7bqRXxZBF\"><a href=\"https:\/\/www.varesenews.it\/2019\/06\/tormento-varese-mi-rimasta-dentro-sogno-un-duetto-giorgia\/829842\/\">Tormento: &#8220;Varese mi \u00e8 rimasta dentro. Sogno un duetto con Giorgia&#8221;<\/a><\/blockquote><iframe class=\"wp-embedded-content\" sandbox=\"allow-scripts\" security=\"restricted\" style=\"position: absolute; clip: rect(1px, 1px, 1px, 1px);\" src=\"https:\/\/www.varesenews.it\/2019\/06\/tormento-varese-mi-rimasta-dentro-sogno-un-duetto-giorgia\/829842\/embed\/#?secret=v7bqRXxZBF\" data-secret=\"v7bqRXxZBF\" width=\"500\" height=\"282\" title=\"&#8220;Tormento: &#8220;Varese mi \u00e8 rimasta dentro. Sogno un duetto con Giorgia&#8221;&#8221; &#8212; VareseNews\" frameborder=\"0\" marginwidth=\"0\" marginheight=\"0\" scrolling=\"no\"><\/iframe>","_oembed_time_fd257a0a84618992991a9c997a494241":"1648998707","_oembed_c3a43f218b7fa1a83517a886c36557e3":"<blockquote class=\"wp-embedded-content\" data-secret=\"La1T0rUyie\"><a href=\"https:\/\/www.varesenews.it\/2022\/03\/400-rospi-traghettati-sicurezza-mesenzana-grazie-al-servizio-taxi-anfibi\/1438915\/\">400 rospi traghettati in sicurezza a Mesenzana grazie al &#8220;servizio taxi per anfibi&#8221;<\/a><\/blockquote><iframe class=\"wp-embedded-content\" sandbox=\"allow-scripts\" security=\"restricted\" style=\"position: absolute; clip: rect(1px, 1px, 1px, 1px);\" src=\"https:\/\/www.varesenews.it\/2022\/03\/400-rospi-traghettati-sicurezza-mesenzana-grazie-al-servizio-taxi-anfibi\/1438915\/embed\/#?secret=La1T0rUyie\" data-secret=\"La1T0rUyie\" width=\"500\" height=\"282\" title=\"&#8220;400 rospi traghettati in sicurezza a Mesenzana grazie al &#8220;servizio taxi per anfibi&#8221;&#8221; &#8212; VareseNews\" frameborder=\"0\" marginwidth=\"0\" marginheight=\"0\" scrolling=\"no\"><\/iframe>","_oembed_time_c3a43f218b7fa1a83517a886c36557e3":"1648998707","_oembed_9a4267dc8f566099169779d314b1f092":"<blockquote class=\"wp-embedded-content\" data-secret=\"BGyNCdnOgn\"><a href=\"https:\/\/www.varesenews.it\/2022\/03\/nottata-arte-musica-gridare-torino-ti-amo-ancora\/1444243\/\">Una nottata di arte e musica che ha fatto gridare a Torino \u201cTi amo ancora\u201d<\/a><\/blockquote><iframe class=\"wp-embedded-content\" sandbox=\"allow-scripts\" security=\"restricted\" style=\"position: absolute; clip: rect(1px, 1px, 1px, 1px);\" src=\"https:\/\/www.varesenews.it\/2022\/03\/nottata-arte-musica-gridare-torino-ti-amo-ancora\/1444243\/embed\/#?secret=BGyNCdnOgn\" data-secret=\"BGyNCdnOgn\" width=\"500\" height=\"282\" title=\"&#8220;Una nottata di arte e musica che ha fatto gridare a Torino \u201cTi amo ancora\u201d&#8221; &#8212; VareseNews\" frameborder=\"0\" marginwidth=\"0\" marginheight=\"0\" scrolling=\"no\"><\/iframe>","_oembed_time_9a4267dc8f566099169779d314b1f092":"1648998708","_oembed_dea11cbdee7ea026d049725c22641e20":"<blockquote class=\"wp-embedded-content\" data-secret=\"6ymapRZeFs\"><a href=\"https:\/\/www.varesenews.it\/2022\/03\/la-fine-dello-emergenza-cambiano-le-regole-sui-contagi-scuola\/1443531\/\">Dopo la fine dello stato di emergenza, come cambiano le regole sui contagi a scuola<\/a><\/blockquote><iframe class=\"wp-embedded-content\" sandbox=\"allow-scripts\" security=\"restricted\" style=\"position: absolute; clip: rect(1px, 1px, 1px, 1px);\" src=\"https:\/\/www.varesenews.it\/2022\/03\/la-fine-dello-emergenza-cambiano-le-regole-sui-contagi-scuola\/1443531\/embed\/#?secret=6ymapRZeFs\" data-secret=\"6ymapRZeFs\" width=\"500\" height=\"282\" title=\"&#8220;Dopo la fine dello stato di emergenza, come cambiano le regole sui contagi a scuola&#8221; &#8212; VareseNews\" frameborder=\"0\" marginwidth=\"0\" marginheight=\"0\" scrolling=\"no\"><\/iframe>","_oembed_time_dea11cbdee7ea026d049725c22641e20":"1648998708","_oembed_80daf698a9b194d984c73263a1d48afa":"<blockquote class=\"wp-embedded-content\" data-secret=\"dpV2gRs4wm\"><a href=\"https:\/\/www.varesenews.it\/2021\/01\/scoiattoli-stressati-citta-varesenews-partecipa-al-progetto-delluniversita-dellinsubria-del-comune-varese-monitorare-stile-vita\/1300815\/\">Scoiattoli stressati in citt\u00e0? Varesenews partecipa al progetto &#8220;SelvatiCitt\u00e0&#8221;<\/a><\/blockquote><iframe class=\"wp-embedded-content\" sandbox=\"allow-scripts\" security=\"restricted\" style=\"position: absolute; clip: rect(1px, 1px, 1px, 1px);\" src=\"https:\/\/www.varesenews.it\/2021\/01\/scoiattoli-stressati-citta-varesenews-partecipa-al-progetto-delluniversita-dellinsubria-del-comune-varese-monitorare-stile-vita\/1300815\/embed\/#?secret=dpV2gRs4wm\" data-secret=\"dpV2gRs4wm\" width=\"500\" height=\"282\" title=\"&#8220;Scoiattoli stressati in citt\u00e0? Varesenews partecipa al progetto &#8220;SelvatiCitt\u00e0&#8221;&#8221; &#8212; VareseNews\" frameborder=\"0\" marginwidth=\"0\" marginheight=\"0\" scrolling=\"no\"><\/iframe>","_oembed_time_80daf698a9b194d984c73263a1d48afa":"1648998708","_oembed_b2ab74ed139b8a9d896c130f0ea72d94":"<blockquote class=\"wp-embedded-content\" data-secret=\"brpSo3z249\"><a href=\"https:\/\/www.varesenews.it\/2021\/11\/un-cerbiatto-spasso-casciago\/1396949\/\">Un daino a spasso per Casciago<\/a><\/blockquote><iframe class=\"wp-embedded-content\" sandbox=\"allow-scripts\" security=\"restricted\" style=\"position: absolute; clip: rect(1px, 1px, 1px, 1px);\" src=\"https:\/\/www.varesenews.it\/2021\/11\/un-cerbiatto-spasso-casciago\/1396949\/embed\/#?secret=brpSo3z249\" data-secret=\"brpSo3z249\" width=\"500\" height=\"282\" title=\"&#8220;Un daino a spasso per Casciago&#8221; &#8212; VareseNews\" frameborder=\"0\" marginwidth=\"0\" marginheight=\"0\" scrolling=\"no\"><\/iframe>","_oembed_time_b2ab74ed139b8a9d896c130f0ea72d94":"1648998708","_oembed_c7601be01d3e90c8793e8e5900b68fea":"<blockquote class=\"wp-embedded-content\" data-secret=\"tOF1gABIxR\"><a href=\"https:\/\/www.varesenews.it\/2021\/04\/busto-arsizio-pranzato-insieme-uno-scoiattolo\/1329310\/\">&#8220;A Busto Arsizio ho pranzato insieme a uno scoiattolo&#8221;<\/a><\/blockquote><iframe class=\"wp-embedded-content\" sandbox=\"allow-scripts\" security=\"restricted\" style=\"position: absolute; clip: rect(1px, 1px, 1px, 1px);\" src=\"https:\/\/www.varesenews.it\/2021\/04\/busto-arsizio-pranzato-insieme-uno-scoiattolo\/1329310\/embed\/#?secret=tOF1gABIxR\" data-secret=\"tOF1gABIxR\" width=\"500\" height=\"282\" title=\"&#8220;&#8220;A Busto Arsizio ho pranzato insieme a uno scoiattolo&#8221;&#8221; &#8212; VareseNews\" frameborder=\"0\" marginwidth=\"0\" marginheight=\"0\" scrolling=\"no\"><\/iframe>","_oembed_time_c7601be01d3e90c8793e8e5900b68fea":"1648998708","_oembed_a802fa675eac152ab1635147249bfbb0":"<blockquote class=\"wp-embedded-content\" data-secret=\"6k0uUQXsDl\"><a href=\"https:\/\/www.varesenews.it\/2021\/09\/quattro-anni-quasi-raddoppiati-gli-incidenti-stradali-coi-cinghiali\/1383634\/\">In quattro anni quasi raddoppiati gli incidenti stradali coi cinghiali<\/a><\/blockquote><iframe class=\"wp-embedded-content\" sandbox=\"allow-scripts\" security=\"restricted\" style=\"position: absolute; clip: rect(1px, 1px, 1px, 1px);\" src=\"https:\/\/www.varesenews.it\/2021\/09\/quattro-anni-quasi-raddoppiati-gli-incidenti-stradali-coi-cinghiali\/1383634\/embed\/#?secret=6k0uUQXsDl\" data-secret=\"6k0uUQXsDl\" width=\"500\" height=\"282\" title=\"&#8220;In quattro anni quasi raddoppiati gli incidenti stradali coi cinghiali&#8221; &#8212; VareseNews\" frameborder=\"0\" marginwidth=\"0\" marginheight=\"0\" scrolling=\"no\"><\/iframe>","_oembed_time_a802fa675eac152ab1635147249bfbb0":"1648998708","firma-personalizzata":"Ilaria Notari"},"photos":[{"original":"https:\/\/staging.varesenews.it\/photogallery_new\/images\/2022\/04\/luino-generiche-1291156.jpg","full":"https:\/\/staging.varesenews.it\/photogallery_new\/images\/2022\/04\/luino-generiche-1291156.1024x768.jpg","large":"https:\/\/staging.varesenews.it\/photogallery_new\/images\/2022\/04\/luino-generiche-1291156.610x431.jpg"}],"_links":{"self":[{"href":"https:\/\/staging.varesenews.it\/swgapi\/v1\/wp\/v2\/posts\/1446146"}],"collection":[{"href":"https:\/\/staging.varesenews.it\/swgapi\/v1\/wp\/v2\/posts"}],"about":[{"href":"https:\/\/staging.varesenews.it\/swgapi\/v1\/wp\/v2\/types\/post"}],"author":[{"embeddable":true,"href":"https:\/\/staging.varesenews.it\/swgapi\/v1\/wp\/v2\/users\/21859"}],"replies":[{"embeddable":true,"href":"https:\/\/staging.varesenews.it\/swgapi\/v1\/wp\/v2\/comments?post=1446146"}],"version-history":[{"count":0,"href":"https:\/\/staging.varesenews.it\/swgapi\/v1\/wp\/v2\/posts\/1446146\/revisions"}],"wp:attachment":[{"href":"https:\/\/staging.varesenews.it\/swgapi\/v1\/wp\/v2\/media?parent=1446146"}],"wp:term":[{"taxonomy":"category","embeddable":true,"href":"https:\/\/staging.varesenews.it\/swgapi\/v1\/wp\/v2\/categories?post=1446146"},{"taxonomy":"post_tag","embeddable":true,"href":"https:\/\/staging.varesenews.it\/swgapi\/v1\/wp\/v2\/tags?post=1446146"}],"curies":[{"name":"wp","href":"https:\/\/api.w.org\/{rel}","templated":true}]}}