{"id":1448202,"date":"2022-04-08T06:00:27","date_gmt":"2022-04-08T04:00:27","guid":{"rendered":"https:\/\/www.varesenews.it\/?p=1448202"},"modified":"2022-04-07T16:18:54","modified_gmt":"2022-04-07T14:18:54","slug":"igv-turismo-pronto-ripartire","status":"publish","type":"post","link":"https:\/\/staging.varesenews.it\/2022\/04\/igv-turismo-pronto-ripartire\/1448202\/","title":{"rendered":"iGV: il turismo \u00e8 pronto a ripartire"},"content":{"rendered":"<p>Comunicare che <strong>il turismo \u00e8 pronto a ripartire<\/strong>, far sapere che <a href=\"https:\/\/www.igrandiviaggi.it\/\"><u>i Grandi Viaggi<\/u><\/a> \u00e8 un punto di riferimento nel settore e sostenere tutti gli agenti di viaggio. Sono questi gli obiettivi per i quali sono stati messi a punto e realizzati gli spot pubblicitari di iGV che ormai da qualche settimana sono in onda su diverse reti nazionale. Nei giorni scorsi, per esempio, il claim \u201ci Grandi Viaggi, i giorni pi\u00f9 belli dell\u2019anno\u201d \u00e8 entrato nelle case degli italiani che avevano il proprio televisore sintonizzato sui <strong>programmi Rai<\/strong> Che tempo che fa, Domenica in, I soliti ignoti e Kilimangiaro: vuol dire che iGV ha avuto la possibilit\u00e0 di comunicare a milioni di telespettatori.<\/p>\n<h2>La campagna pubblicitaria su Sky<\/h2>\n<p>Sono due gli spot scelti per questa campagna pubblicitaria, ognuno dei quali della durata di 15 secondi e <strong>ambientati in Sicilia e in Sardegna<\/strong>, dove si trovano gli iGV Club. Oltre che in Rai, la pubblicit\u00e0 \u00e8 in onda sulle reti Sky, e in particolare su Sky Tg 24 e su Sky Sport: nel complesso sono previsti poco meno di 800 passaggi. Ma non \u00e8 tutto, perch\u00e9 i Grandi Viaggi \u00e8 anche uno degli sponsor di Pechino Express, una delle trasmissioni tv pi\u00f9 amate dal pubblico. Per di pi\u00f9, anche <strong>Italia\u2019s Got Talent<\/strong> \u00e8 stato sponsorizzato, e lo stesso avverr\u00e0 per diverse gare di Moto GP e di Formula 1. Un\u2019altra novit\u00e0 di iGV \u00e8 che i siti web degli iGV Club adesso sono pi\u00f9 facilmente comprensibili dai turisti stranieri: le informazioni riportate, infatti, sono tradotte in inglese, in francese e in spagnolo.<\/p>\n<h2>La Borsa Internazionale del Turismo accoglie i Grandi Viaggi<\/h2>\n<p>Nei prossimi giorni i Grandi Viaggi sar\u00e0 presente alla <strong>Borsa Internazionale del Turismo<\/strong>: un appuntamento storico per il settore, che si svolger\u00e0 dal 10 al 12 aprile. L\u2019evento \u00e8 in programma a Milano (per iGV \u00e8 previsto il padiglione Astoi stand E127), e intende proporre come ogni anno una rassegna completa dell\u2019offerta internazionale, per andare incontro alle esigenze e alle aspettative di tutti gli attori del sistema turismo. Gli <strong>espositori<\/strong> potranno approfittare di questa opportunit\u00e0 per creare relazioni e costruire rapporti, catturando l\u2019attenzione dei visitatori con proposte su misura.<\/p>\n<h2>Travel Open Village Evolution<\/h2>\n<p>Un altro appuntamento a cui prender\u00e0 parte i Grandi Viaggi \u00e8 <strong>Travel Open Village Evolution<\/strong>, sempre in programma a Milano, in questo caso solo il 10 e l\u201911 aprile. Lo scopo \u00e8, in ogni caso, quello di far incontrare i principali operatori del settore per metterli in contatto con gli agenti di viaggio, al fine di favorire relazioni e business. Per l\u2019edizione 2022 \u00e8 previsto l\u2019intervento di relatori che proporranno spiegazioni e approfondimenti.<\/p>\n<h2>Mare Italia, l\u2019offerta turistica de i Grandi Viaggi<\/h2>\n<p>Per gli iGV Club, i Grandi Viaggi ha predisposto una ricca e interessante offerta turistica, denominata Mare Italia: un\u2019occasione per i turisti che avranno l\u2019opportunit\u00e0 di sperimentare tutti i comfort e i servizi di strutture ricettive che si distinguono dai comuni villaggi turistici per offrire lusso, eleganza e standard di qualit\u00e0 molto pi\u00f9 elevati. Sono quattro le strutture a cui ci riferiamo: i <a href=\"https:\/\/www.igrandiviaggi.it\/villaggi-sardegna.cfm\"><u>villaggi turistici in Sardegna<\/u><\/a>, <strong>l\u2019iGV Club Santaclara e l\u2019iGV Club Santagiusta<\/strong>; i <a href=\"https:\/\/www.igrandiviaggi.it\/villaggi-sicilia.cfm\"><u>villaggi turistici in Sicilia<\/u><\/a>, <strong>l\u2019iGV Club Baia Samuele e l\u2019iGV Club Marispica<\/strong>. Chi desidera soggiornare in uno di questi resort pu\u00f2 approfittare anche di una promozione valida fino al 30 aprile 2022: se si prenota entro la fine del mese, infatti, sulla quota base solo soggiorno si applica uno sconto del 30%. Blue Summer 2022, inoltre, permette agli adulti che prenotano per due settimane di ottenere il 10% di sconto (oltre a quello del 30%) sulla seconda settimana.<\/p>\n<p style=\"text-align: center;\"><iframe loading=\"lazy\" style=\"border: none; overflow: hidden;\" src=\"https:\/\/www.facebook.com\/plugins\/video.php?height=314&amp;href=https%3A%2F%2Fwww.facebook.com%2FiGrandiViaggi%2Fvideos%2F640499260350027%2F&amp;show_text=true&amp;width=560&amp;t=0\" width=\"560\" height=\"429\" frameborder=\"0\" scrolling=\"no\" allowfullscreen=\"allowfullscreen\"><\/iframe><\/p>\n<h2>Perch\u00e9 scegliere l\u2019iGV Club Marispica<\/h2>\n<p>La <strong>poesia dei paesaggi<\/strong>, la vasta disponibilit\u00e0 di servizi per i bambini e per i ragazzi, l\u2019eleganza degli ambienti: sono solo alcuni dei tanti motivi per i quali vale la pena di scegliere l\u2019Igv Club Marispica, una location speciale nella parte pi\u00f9 a sud della Sicilia. Spiagge di sabbia candida e natura, ma anche attivit\u00e0 da svolgere in compagnia degli animatori: impossibile annoiarsi. Ovviamente tutte le attivit\u00e0 sono facoltative: chi ha voglia solo di rilassarsi \u00e8 liberissimo di farlo! Le camere tra cui scegliere sono quasi 300, tutte con frigo bar, aria condizionata, telefono e tv.<\/p>\n<h2>Perch\u00e9 scegliere l\u2019iGV Club Baia Samuele<\/h2>\n<p>In Sicilia c\u2019\u00e8 anche l\u2019iGV Club Baia Samuele, che sorge in uno dei punti pi\u00f9 belli della costa siciliana, a pochi passi da localit\u00e0 conosciute in tutto il mondo grazie alle <strong>meraviglie artistiche del Barocco Siciliano<\/strong>. Le Super Suite offrono vasca idromassaggio e tv collegata a Sky, mentre le Suite propongono colonna idromassaggio in doccia a un salotto con 2 divani letto.<\/p>\n<h2>Perch\u00e9 scegliere l\u2019iGV Club Santagiusta<\/h2>\n<p>Ci spostiamo in Sardegna per conoscere pi\u00f9 da vicino l\u2019iGV Club Santagiusta, struttura a misura di famiglia e ideale anche per i bambini: lo dimostrano il baby e mini club e lo <strong>junior e young club<\/strong>, affidati a uno staff professionale e attento che si occupa dei piccoli consentendo ai genitori di godersi qualche ora di relax. Da notare anche la disponibilit\u00e0 del servizio medico e pediatrico ambulatoriale, cos\u00ec da garantire la massima sicurezza. Per i pi\u00f9 grandi, poi, c\u2019\u00e8 solo l\u2019imbarazzo della scelta fra il <strong>bazaar boutique<\/strong>, la galleria d\u2019arte e il piano bar. La spiaggia di questa struttura regala colori e atmosfere esotiche, ed \u00e8 dotata di lettini, sdraio, ombrelloni e bar.<\/p>\n<h2>Perch\u00e9 scegliere l\u2019iGV Club Santaclara<\/h2>\n<p>Ovviamente, l\u2019iGV non \u00e8 da meno degli altri tre. Chi lo sceglie pu\u00f2 immergersi in un contesto naturale quasi unico e incontaminato, con il mare che digrada dolcemente e consente a grandi e piccini di fare il bagno in maniera sicura. Dalla struttura, la spiaggia pu\u00f2 essere raggiunta con facilit\u00e0 <strong>in dieci minuti a piedi<\/strong>, anche se \u00e8 sempre disponibile il servizio navetta.<\/p>\n<h2>In Calabria: l\u2019iGV Club Le Castella<\/h2>\n<p>Per il Club Vacanze <a href=\"https:\/\/www.igrandiviaggi.it\/igv\/club-vacanze.cfm\"><u>Le Castella<\/u><\/a>, che si trova in Calabria, i Grandi Viaggi prevede invece una promozione a parte: si chiama <strong>Best Prices 2022<\/strong> ed \u00e8 attiva fino al prossimo 30 aprile, consentendo di usufruire del 30% di sconto con una quota soggiorno adulti pari a 613 euro. Un\u2019opportunit\u00e0 da non lasciarsi sfuggire per poter scoprire questo gioiello della costa ionica. Molte camere permettono perfino di ammirare il Castello Aragonese che definisce il paesaggio del mare. Infine, le buone forchette troveranno qui pane (e non solo) per i propri denti, sia nel ristorante centrale con proposte a buffet che nel ristorante a mare.<\/p>\n<h2>Le proposte di iGV per l\u2019estero<\/h2>\n<p>Oltre che in Italia, i Grandi Viaggi propone soluzioni imperdibili anche per <strong>molti Paesi esteri<\/strong>, dal Kenya al Qatar, dalle Seychelles alle Maldive: contesti esotici e spettacolari, con spiagge da sogno e strutture ricettive che offrono tutti i comfort desiderati. Per saperne di pi\u00f9 basta fare riferimento al sito Igrandiviaggi.it, che permette di conoscere tutte le destinazioni.<\/p>\n<h2>i Grandi Viaggi: scopri di pi\u00f9 su questo mondo<\/h2>\n<p>I turisti che non vedono l\u2019ora di conoscere le bellezze italiane e internazionali possono trovare un prezioso punto di riferimento in <strong>iGV<\/strong>. Che si abbia voglia di mare o di montagna, poco importa: dalla Sicilia al Trentino Alto Adige, dagli Emirati Arabi Uniti al Massico, i Grandi Viaggi assicura competenza e professionalit\u00e0 per esperienze di viaggio uniche e una programmazione accurata e meticolosa, operando in qualit\u00e0 di tour operator e di agenzia di viaggi.<\/p>\n","protected":false},"excerpt":{"rendered":"<p>Comunicare che il turismo \u00e8 pronto a ripartire, far sapere che i Grandi Viaggi \u00e8 un punto di riferimento nel settore e sostenere tutti gli agenti di viaggio<\/p>\n","protected":false},"author":5428,"featured_media":0,"comment_status":"open","ping_status":"open","sticky":false,"template":"","format":"standard","meta":{"footnotes":""},"categories":[46],"tags":[86480],"acf":[],"yoast_head":"<!-- This site is optimized with the Yoast SEO plugin v20.1 - https:\/\/yoast.com\/wordpress\/plugins\/seo\/ -->\n<title>iGV: il turismo \u00e8 pronto a ripartire<\/title>\n<meta name=\"description\" content=\"Comunicare che il turismo \u00e8 pronto a ripartire, far sapere che i Grandi Viaggi \u00e8 un punto di riferimento nel settore e sostenere tutti gli agenti di viaggio\" \/>\n<meta name=\"robots\" content=\"noindex, follow, max-snippet:-1, max-image-preview:large, max-video-preview:-1\" \/>\n<meta property=\"og:locale\" content=\"it_IT\" \/>\n<meta property=\"og:type\" content=\"article\" \/>\n<meta property=\"og:title\" content=\"iGV: il turismo \u00e8 pronto a ripartire\" \/>\n<meta property=\"og:description\" content=\"Comunicare che il turismo \u00e8 pronto a ripartire, far sapere che i Grandi Viaggi \u00e8 un punto di riferimento nel settore e sostenere tutti gli agenti di viaggio\" \/>\n<meta property=\"og:url\" content=\"https:\/\/staging.varesenews.it\/2022\/04\/igv-turismo-pronto-ripartire\/1448202\/\" \/>\n<meta property=\"og:site_name\" content=\"VareseNews\" \/>\n<meta property=\"article:publisher\" content=\"https:\/\/www.facebook.com\/varesenews\" \/>\n<meta property=\"article:published_time\" content=\"2022-04-08T04:00:27+00:00\" \/>\n<meta property=\"article:modified_time\" content=\"2022-04-07T14:18:54+00:00\" \/>\n<meta name=\"author\" content=\"divisionebusiness\" \/>\n<meta name=\"twitter:card\" content=\"summary_large_image\" \/>\n<meta name=\"twitter:creator\" content=\"@varesenews\" \/>\n<meta name=\"twitter:site\" content=\"@varesenews\" \/>\n<meta name=\"twitter:label1\" content=\"Scritto da\" \/>\n\t<meta name=\"twitter:data1\" content=\"divisionebusiness\" \/>\n\t<meta name=\"twitter:label2\" content=\"Tempo di lettura stimato\" \/>\n\t<meta name=\"twitter:data2\" content=\"6 minuti\" \/>\n<script type=\"application\/ld+json\" class=\"yoast-schema-graph\">{\"@context\":\"https:\/\/schema.org\",\"@graph\":[{\"@type\":\"WebPage\",\"@id\":\"https:\/\/staging.varesenews.it\/2022\/04\/igv-turismo-pronto-ripartire\/1448202\/\",\"url\":\"https:\/\/staging.varesenews.it\/2022\/04\/igv-turismo-pronto-ripartire\/1448202\/\",\"name\":\"iGV: il turismo \u00e8 pronto a ripartire\",\"isPartOf\":{\"@id\":\"https:\/\/staging.varesenews.it\/#website\"},\"datePublished\":\"2022-04-08T04:00:27+00:00\",\"dateModified\":\"2022-04-07T14:18:54+00:00\",\"author\":{\"@id\":\"https:\/\/staging.varesenews.it\/#\/schema\/person\/9fc65cf41366c6512d37aa8b5aa40b98\"},\"description\":\"Comunicare che il turismo \u00e8 pronto a ripartire, far sapere che i Grandi Viaggi \u00e8 un punto di riferimento nel settore e sostenere tutti gli agenti di viaggio\",\"breadcrumb\":{\"@id\":\"https:\/\/staging.varesenews.it\/2022\/04\/igv-turismo-pronto-ripartire\/1448202\/#breadcrumb\"},\"inLanguage\":\"it-IT\",\"potentialAction\":[{\"@type\":\"ReadAction\",\"target\":[\"https:\/\/staging.varesenews.it\/2022\/04\/igv-turismo-pronto-ripartire\/1448202\/\"]}]},{\"@type\":\"BreadcrumbList\",\"@id\":\"https:\/\/staging.varesenews.it\/2022\/04\/igv-turismo-pronto-ripartire\/1448202\/#breadcrumb\",\"itemListElement\":[{\"@type\":\"ListItem\",\"position\":1,\"name\":\"Home\",\"item\":\"https:\/\/www.varesenews.it\/\"},{\"@type\":\"ListItem\",\"position\":2,\"name\":\"iGV: il turismo \u00e8 pronto a ripartire\"}]},{\"@type\":\"WebSite\",\"@id\":\"https:\/\/staging.varesenews.it\/#website\",\"url\":\"https:\/\/staging.varesenews.it\/\",\"name\":\"VareseNews\",\"description\":\"\",\"potentialAction\":[{\"@type\":\"SearchAction\",\"target\":{\"@type\":\"EntryPoint\",\"urlTemplate\":\"https:\/\/staging.varesenews.it\/?s={search_term_string}\"},\"query-input\":\"required name=search_term_string\"}],\"inLanguage\":\"it-IT\"},{\"@type\":\"Person\",\"@id\":\"https:\/\/staging.varesenews.it\/#\/schema\/person\/9fc65cf41366c6512d37aa8b5aa40b98\",\"name\":\"divisionebusiness\",\"image\":{\"@type\":\"ImageObject\",\"inLanguage\":\"it-IT\",\"@id\":\"https:\/\/staging.varesenews.it\/#\/schema\/person\/image\/\",\"url\":\"https:\/\/staging.varesenews.it\/wp-content\/uploads\/2015\/03\/mistery.jpg\",\"contentUrl\":\"https:\/\/staging.varesenews.it\/wp-content\/uploads\/2015\/03\/mistery.jpg\",\"caption\":\"divisionebusiness\"},\"url\":\"https:\/\/staging.varesenews.it\/persona\/divisionebusiness2\/\"}]}<\/script>\n<!-- \/ Yoast SEO plugin. -->","yoast_head_json":{"title":"iGV: il turismo \u00e8 pronto a ripartire","description":"Comunicare che il turismo \u00e8 pronto a ripartire, far sapere che i Grandi Viaggi \u00e8 un punto di riferimento nel settore e sostenere tutti gli agenti di viaggio","robots":{"index":"noindex","follow":"follow","max-snippet":"max-snippet:-1","max-image-preview":"max-image-preview:large","max-video-preview":"max-video-preview:-1"},"og_locale":"it_IT","og_type":"article","og_title":"iGV: il turismo \u00e8 pronto a ripartire","og_description":"Comunicare che il turismo \u00e8 pronto a ripartire, far sapere che i Grandi Viaggi \u00e8 un punto di riferimento nel settore e sostenere tutti gli agenti di viaggio","og_url":"https:\/\/staging.varesenews.it\/2022\/04\/igv-turismo-pronto-ripartire\/1448202\/","og_site_name":"VareseNews","article_publisher":"https:\/\/www.facebook.com\/varesenews","article_published_time":"2022-04-08T04:00:27+00:00","article_modified_time":"2022-04-07T14:18:54+00:00","author":"divisionebusiness","twitter_card":"summary_large_image","twitter_creator":"@varesenews","twitter_site":"@varesenews","twitter_misc":{"Scritto da":"divisionebusiness","Tempo di lettura stimato":"6 minuti"},"schema":{"@context":"https:\/\/schema.org","@graph":[{"@type":"WebPage","@id":"https:\/\/staging.varesenews.it\/2022\/04\/igv-turismo-pronto-ripartire\/1448202\/","url":"https:\/\/staging.varesenews.it\/2022\/04\/igv-turismo-pronto-ripartire\/1448202\/","name":"iGV: il turismo \u00e8 pronto a ripartire","isPartOf":{"@id":"https:\/\/staging.varesenews.it\/#website"},"datePublished":"2022-04-08T04:00:27+00:00","dateModified":"2022-04-07T14:18:54+00:00","author":{"@id":"https:\/\/staging.varesenews.it\/#\/schema\/person\/9fc65cf41366c6512d37aa8b5aa40b98"},"description":"Comunicare che il turismo \u00e8 pronto a ripartire, far sapere che i Grandi Viaggi \u00e8 un punto di riferimento nel settore e sostenere tutti gli agenti di viaggio","breadcrumb":{"@id":"https:\/\/staging.varesenews.it\/2022\/04\/igv-turismo-pronto-ripartire\/1448202\/#breadcrumb"},"inLanguage":"it-IT","potentialAction":[{"@type":"ReadAction","target":["https:\/\/staging.varesenews.it\/2022\/04\/igv-turismo-pronto-ripartire\/1448202\/"]}]},{"@type":"BreadcrumbList","@id":"https:\/\/staging.varesenews.it\/2022\/04\/igv-turismo-pronto-ripartire\/1448202\/#breadcrumb","itemListElement":[{"@type":"ListItem","position":1,"name":"Home","item":"https:\/\/www.varesenews.it\/"},{"@type":"ListItem","position":2,"name":"iGV: il turismo \u00e8 pronto a ripartire"}]},{"@type":"WebSite","@id":"https:\/\/staging.varesenews.it\/#website","url":"https:\/\/staging.varesenews.it\/","name":"VareseNews","description":"","potentialAction":[{"@type":"SearchAction","target":{"@type":"EntryPoint","urlTemplate":"https:\/\/staging.varesenews.it\/?s={search_term_string}"},"query-input":"required name=search_term_string"}],"inLanguage":"it-IT"},{"@type":"Person","@id":"https:\/\/staging.varesenews.it\/#\/schema\/person\/9fc65cf41366c6512d37aa8b5aa40b98","name":"divisionebusiness","image":{"@type":"ImageObject","inLanguage":"it-IT","@id":"https:\/\/staging.varesenews.it\/#\/schema\/person\/image\/","url":"https:\/\/staging.varesenews.it\/wp-content\/uploads\/2015\/03\/mistery.jpg","contentUrl":"https:\/\/staging.varesenews.it\/wp-content\/uploads\/2015\/03\/mistery.jpg","caption":"divisionebusiness"},"url":"https:\/\/staging.varesenews.it\/persona\/divisionebusiness2\/"}]}},"post_meta":{"content-image-gallery":"","_edit_lock":"1649341977:5428","_edit_last":"5428","_category_permalink":"a:1:{s:8:\"category\";s:0:\"\";}","foto":"1292311","firma_come_redazione":"1","nascondi_adsense":"1","argomento":"Turismo","_yoast_wpseo_focuskw_text_input":"viaggi","_yoast_wpseo_focuskw":"viaggi","_yoast_wpseo_linkdex":"67","_yoast_wpseo_content_score":"30","_jd_tweet_this":"yes","_wpt_short_url":"http:\/\/www.varesenews.it\/2022\/04\/igv-turismo-pronto-ripartire\/1448202\/","_wp_jd_target":"http:\/\/www.varesenews.it\/2022\/04\/igv-turismo-pronto-ripartire\/1448202\/","_jd_wp_twitter":"a:1:{i:0;s:118:\"iGV: il turismo \u00e8 pronto a ripartire http:\/\/www.varesenews.it\/2022\/04\/igv-turismo-pronto-ripartire\/1448202\/ #servizio\";}","_wpt_status_message":"Tweet inviato con successo.","_encloseme":"1","ratings_users":"0","ratings_score":"0","ratings_average":"0","_oembed_baaced94a2214b2b43cc242663180eb9":"<iframe width=\"500\" height=\"281\" src=\"https:\/\/www.youtube.com\/embed\/OHMZX6CwjH4?feature=oembed\" frameborder=\"0\" allow=\"accelerometer; autoplay; clipboard-write; encrypted-media; gyroscope; picture-in-picture\" allowfullscreen><\/iframe>","_oembed_time_baaced94a2214b2b43cc242663180eb9":"1649390999","_oembed_69522e83476a81f80c4f655fc3e3e50d":"<blockquote class=\"wp-embedded-content\" data-secret=\"vxrNTU4wwd\"><a href=\"https:\/\/www.varesenews.it\/2022\/04\/ragazzi-del-cse-si-prendono-cura-del-parco-villa-montevecchio\/1447454\/\">I ragazzi del Cse che si prendono cura del parco di Villa Montevecchio<\/a><\/blockquote><iframe class=\"wp-embedded-content\" sandbox=\"allow-scripts\" security=\"restricted\" style=\"position: absolute; clip: rect(1px, 1px, 1px, 1px);\" src=\"https:\/\/www.varesenews.it\/2022\/04\/ragazzi-del-cse-si-prendono-cura-del-parco-villa-montevecchio\/1447454\/embed\/#?secret=vxrNTU4wwd\" data-secret=\"vxrNTU4wwd\" width=\"500\" height=\"282\" title=\"&#8220;I ragazzi del Cse che si prendono cura del parco di Villa Montevecchio&#8221; &#8212; VareseNews\" frameborder=\"0\" marginwidth=\"0\" marginheight=\"0\" scrolling=\"no\"><\/iframe>","_oembed_time_69522e83476a81f80c4f655fc3e3e50d":"1649390999","_oembed_0f839ec1c46cdb9cbd129f707fe75d15":"<iframe width=\"500\" height=\"281\" src=\"https:\/\/www.youtube.com\/embed\/videoseries?list=PL0amI3kOVay3uhLQczYqHYAt-oecU3rNU\" frameborder=\"0\" allow=\"accelerometer; autoplay; clipboard-write; encrypted-media; gyroscope; picture-in-picture\" allowfullscreen><\/iframe>","_oembed_time_0f839ec1c46cdb9cbd129f707fe75d15":"1649391343","_oembed_4c8e432685a33835c7423b6a4147ab6e":"<iframe width=\"500\" height=\"281\" src=\"https:\/\/www.youtube.com\/embed\/tNv76xyqNxM?feature=oembed\" frameborder=\"0\" allow=\"accelerometer; autoplay; clipboard-write; encrypted-media; gyroscope; picture-in-picture\" allowfullscreen><\/iframe>","_oembed_time_4c8e432685a33835c7423b6a4147ab6e":"1649391344","_oembed_fd257a0a84618992991a9c997a494241":"<blockquote class=\"wp-embedded-content\" data-secret=\"yo4MU3Sj6T\"><a href=\"https:\/\/www.varesenews.it\/2019\/06\/tormento-varese-mi-rimasta-dentro-sogno-un-duetto-giorgia\/829842\/\">Tormento: &#8220;Varese mi \u00e8 rimasta dentro. Sogno un duetto con Giorgia&#8221;<\/a><\/blockquote><iframe class=\"wp-embedded-content\" sandbox=\"allow-scripts\" security=\"restricted\" style=\"position: absolute; clip: rect(1px, 1px, 1px, 1px);\" src=\"https:\/\/www.varesenews.it\/2019\/06\/tormento-varese-mi-rimasta-dentro-sogno-un-duetto-giorgia\/829842\/embed\/#?secret=yo4MU3Sj6T\" data-secret=\"yo4MU3Sj6T\" width=\"500\" height=\"282\" title=\"&#8220;Tormento: &#8220;Varese mi \u00e8 rimasta dentro. Sogno un duetto con Giorgia&#8221;&#8221; &#8212; VareseNews\" frameborder=\"0\" marginwidth=\"0\" marginheight=\"0\" scrolling=\"no\"><\/iframe>","_oembed_time_fd257a0a84618992991a9c997a494241":"1649391343","_oembed_7517571d846acdc737cb0fc2a99f8f35":"<blockquote class=\"wp-embedded-content\" data-secret=\"HcMM3hUCJA\"><a href=\"https:\/\/www.varesenews.it\/2022\/04\/eventi-bambini-nel-weekend-dal-1-al-3-aprile-varese-provincia\/1445506\/\">Eventi per bambini nel weekend dal 1 al 3 aprile tra Varese e provincia<\/a><\/blockquote><iframe class=\"wp-embedded-content\" sandbox=\"allow-scripts\" security=\"restricted\" style=\"position: absolute; clip: rect(1px, 1px, 1px, 1px);\" src=\"https:\/\/www.varesenews.it\/2022\/04\/eventi-bambini-nel-weekend-dal-1-al-3-aprile-varese-provincia\/1445506\/embed\/#?secret=HcMM3hUCJA\" data-secret=\"HcMM3hUCJA\" width=\"500\" height=\"282\" title=\"&#8220;Eventi per bambini nel weekend dal 1 al 3 aprile tra Varese e provincia&#8221; &#8212; VareseNews\" frameborder=\"0\" marginwidth=\"0\" marginheight=\"0\" scrolling=\"no\"><\/iframe>","_oembed_time_7517571d846acdc737cb0fc2a99f8f35":"1649391344","_oembed_c3a43f218b7fa1a83517a886c36557e3":"<blockquote class=\"wp-embedded-content\" data-secret=\"3g0WK6bgK9\"><a href=\"https:\/\/www.varesenews.it\/2022\/03\/400-rospi-traghettati-sicurezza-mesenzana-grazie-al-servizio-taxi-anfibi\/1438915\/\">400 rospi traghettati in sicurezza a Mesenzana grazie al &#8220;servizio taxi per anfibi&#8221;<\/a><\/blockquote><iframe class=\"wp-embedded-content\" sandbox=\"allow-scripts\" security=\"restricted\" style=\"position: absolute; clip: rect(1px, 1px, 1px, 1px);\" src=\"https:\/\/www.varesenews.it\/2022\/03\/400-rospi-traghettati-sicurezza-mesenzana-grazie-al-servizio-taxi-anfibi\/1438915\/embed\/#?secret=3g0WK6bgK9\" data-secret=\"3g0WK6bgK9\" width=\"500\" height=\"282\" title=\"&#8220;400 rospi traghettati in sicurezza a Mesenzana grazie al &#8220;servizio taxi per anfibi&#8221;&#8221; &#8212; VareseNews\" frameborder=\"0\" marginwidth=\"0\" marginheight=\"0\" scrolling=\"no\"><\/iframe>","_oembed_time_c3a43f218b7fa1a83517a886c36557e3":"1649391344","_oembed_2e3b5621152e55889932651def719ff8":"<blockquote class=\"wp-embedded-content\" data-secret=\"rVFy2YxyaS\"><a href=\"https:\/\/www.varesenews.it\/2018\/06\/mappa-luoghi-dello-spaccio-nei-boschi\/728655\/\">In una mappa i luoghi dello spaccio nei boschi<\/a><\/blockquote><iframe class=\"wp-embedded-content\" sandbox=\"allow-scripts\" security=\"restricted\" style=\"position: absolute; clip: rect(1px, 1px, 1px, 1px);\" src=\"https:\/\/www.varesenews.it\/2018\/06\/mappa-luoghi-dello-spaccio-nei-boschi\/728655\/embed\/#?secret=rVFy2YxyaS\" data-secret=\"rVFy2YxyaS\" width=\"500\" height=\"282\" title=\"&#8220;In una mappa i luoghi dello spaccio nei boschi&#8221; &#8212; VareseNews\" frameborder=\"0\" marginwidth=\"0\" marginheight=\"0\" scrolling=\"no\"><\/iframe>","_oembed_time_2e3b5621152e55889932651def719ff8":"1649391612","_oembed_bc90a21dcddbd2ff6469ba6c2f3100b2":"<blockquote class=\"wp-embedded-content\" data-secret=\"XValnFwTOF\"><a href=\"https:\/\/www.varesenews.it\/2022\/04\/vita-le-giostre-liberta-rischio-dimpresa-dietro-le-quinte-del-luna-park-tradate\/1448134\/\">Una vita per le giostre, tra libert\u00e0 e rischio d&#8217;impresa: dietro le quinte del Luna park di Tradate<\/a><\/blockquote><iframe class=\"wp-embedded-content\" sandbox=\"allow-scripts\" security=\"restricted\" style=\"position: absolute; clip: rect(1px, 1px, 1px, 1px);\" src=\"https:\/\/www.varesenews.it\/2022\/04\/vita-le-giostre-liberta-rischio-dimpresa-dietro-le-quinte-del-luna-park-tradate\/1448134\/embed\/#?secret=XValnFwTOF\" data-secret=\"XValnFwTOF\" width=\"500\" height=\"282\" title=\"&#8220;Una vita per le giostre, tra libert\u00e0 e rischio d&#8217;impresa: dietro le quinte del Luna park di Tradate&#8221; &#8212; VareseNews\" frameborder=\"0\" marginwidth=\"0\" marginheight=\"0\" scrolling=\"no\"><\/iframe>","_oembed_time_bc90a21dcddbd2ff6469ba6c2f3100b2":"1649391612","_oembed_806f847a334eebba8425eda63936adaa":"<blockquote class=\"wp-embedded-content\" data-secret=\"3m2RU7NSjs\"><a href=\"https:\/\/www.varesenews.it\/2022\/01\/polpette-farcite-chiodi-viggiu-un-cane-operato-durgenza\/1420460\/\">Wurstel farciti di chiodi a Viggi\u00f9, un cane operato d&#8217;urgenza<\/a><\/blockquote><iframe class=\"wp-embedded-content\" sandbox=\"allow-scripts\" security=\"restricted\" style=\"position: absolute; clip: rect(1px, 1px, 1px, 1px);\" src=\"https:\/\/www.varesenews.it\/2022\/01\/polpette-farcite-chiodi-viggiu-un-cane-operato-durgenza\/1420460\/embed\/#?secret=3m2RU7NSjs\" data-secret=\"3m2RU7NSjs\" width=\"500\" height=\"282\" title=\"&#8220;Wurstel farciti di chiodi a Viggi\u00f9, un cane operato d&#8217;urgenza&#8221; &#8212; VareseNews\" frameborder=\"0\" marginwidth=\"0\" marginheight=\"0\" scrolling=\"no\"><\/iframe>","_oembed_time_806f847a334eebba8425eda63936adaa":"1649391613","_oembed_f78237e29e460f384ca8e70a60c85c75":"<blockquote class=\"wp-embedded-content\" data-secret=\"J1lq3SQbRC\"><a href=\"https:\/\/www.varesenews.it\/2017\/10\/i-ghisa-del-verbano-al-lavoro-col-drone\/661052\/\">I &#8220;ghisa&#8221; del Verbano al lavoro col drone<\/a><\/blockquote><iframe class=\"wp-embedded-content\" sandbox=\"allow-scripts\" security=\"restricted\" style=\"position: absolute; clip: rect(1px, 1px, 1px, 1px);\" src=\"https:\/\/www.varesenews.it\/2017\/10\/i-ghisa-del-verbano-al-lavoro-col-drone\/661052\/embed\/#?secret=J1lq3SQbRC\" data-secret=\"J1lq3SQbRC\" width=\"500\" height=\"282\" title=\"&#8220;I &#8220;ghisa&#8221; del Verbano al lavoro col drone&#8221; &#8212; VareseNews\" frameborder=\"0\" marginwidth=\"0\" marginheight=\"0\" scrolling=\"no\"><\/iframe>","_oembed_time_f78237e29e460f384ca8e70a60c85c75":"1649391613","_oembed_80a2831e1ca79519f1b9bc1edf3003e7":"<blockquote class=\"wp-embedded-content\" data-secret=\"1Io8ICWw2A\"><a href=\"https:\/\/www.varesenews.it\/2020\/08\/villa-del-balbianello-la-dimora-piu-affascinante-del-lago-como\/953879\/\">Villa del Balbianello, la dimora pi\u00f9 affascinante del Lago di Como<\/a><\/blockquote><iframe class=\"wp-embedded-content\" sandbox=\"allow-scripts\" security=\"restricted\" style=\"position: absolute; clip: rect(1px, 1px, 1px, 1px);\" src=\"https:\/\/www.varesenews.it\/2020\/08\/villa-del-balbianello-la-dimora-piu-affascinante-del-lago-como\/953879\/embed\/#?secret=1Io8ICWw2A\" data-secret=\"1Io8ICWw2A\" width=\"500\" height=\"282\" title=\"&#8220;Villa del Balbianello, la dimora pi\u00f9 affascinante del Lago di Como&#8221; &#8212; VareseNews\" frameborder=\"0\" marginwidth=\"0\" marginheight=\"0\" scrolling=\"no\"><\/iframe>","_oembed_time_80a2831e1ca79519f1b9bc1edf3003e7":"1649391925","_oembed_fb527b91024c4dd64f2c32815397dd53":"<blockquote class=\"wp-embedded-content\" data-secret=\"zrUmJsNpr9\"><a href=\"https:\/\/www.varesenews.it\/2022\/03\/torna-indietro-tuoi-figli-bisogno-lappello-del-padre-somma-lombardo\/1444888\/\">\u201cTorna indietro, i tuoi figli hanno bisogno di te\u201d: l\u2019appello del padre di Somma Lombardo<\/a><\/blockquote><iframe class=\"wp-embedded-content\" sandbox=\"allow-scripts\" security=\"restricted\" style=\"position: absolute; clip: rect(1px, 1px, 1px, 1px);\" src=\"https:\/\/www.varesenews.it\/2022\/03\/torna-indietro-tuoi-figli-bisogno-lappello-del-padre-somma-lombardo\/1444888\/embed\/#?secret=zrUmJsNpr9\" data-secret=\"zrUmJsNpr9\" width=\"500\" height=\"282\" title=\"&#8220;\u201cTorna indietro, i tuoi figli hanno bisogno di te\u201d: l\u2019appello del padre di Somma Lombardo&#8221; &#8212; VareseNews\" frameborder=\"0\" marginwidth=\"0\" marginheight=\"0\" scrolling=\"no\"><\/iframe>","_oembed_time_fb527b91024c4dd64f2c32815397dd53":"1649391926","_oembed_934fc271ef92047ef7fe6f9692c86a68":"<blockquote class=\"wp-embedded-content\" data-secret=\"d264GjE9ST\"><a href=\"https:\/\/www.varesenews.it\/2022\/02\/prezzi-carburanti-diversi-rincari-perche-citta-autostrada\/1429445\/\">Perch\u00e9 i prezzi dei carburanti sono cos\u00ec diversi tra citt\u00e0 e autostrada<\/a><\/blockquote><iframe class=\"wp-embedded-content\" sandbox=\"allow-scripts\" security=\"restricted\" style=\"position: absolute; clip: rect(1px, 1px, 1px, 1px);\" src=\"https:\/\/www.varesenews.it\/2022\/02\/prezzi-carburanti-diversi-rincari-perche-citta-autostrada\/1429445\/embed\/#?secret=d264GjE9ST\" data-secret=\"d264GjE9ST\" width=\"500\" height=\"282\" title=\"&#8220;Perch\u00e9 i prezzi dei carburanti sono cos\u00ec diversi tra citt\u00e0 e autostrada&#8221; &#8212; VareseNews\" frameborder=\"0\" marginwidth=\"0\" marginheight=\"0\" scrolling=\"no\"><\/iframe>","_oembed_time_934fc271ef92047ef7fe6f9692c86a68":"1649394043","_oembed_e91035d6fbfa4dc150e211af0dbb0e79":"<blockquote class=\"wp-embedded-content\" data-secret=\"YFuDWS2v3j\"><a href=\"https:\/\/www.varesenews.it\/2021\/09\/la-svizzera-dice-si-ai-matrimoni-gay\/1382907\/\">La Svizzera dice s\u00ec ai matrimoni gay<\/a><\/blockquote><iframe class=\"wp-embedded-content\" sandbox=\"allow-scripts\" security=\"restricted\" style=\"position: absolute; clip: rect(1px, 1px, 1px, 1px);\" src=\"https:\/\/www.varesenews.it\/2021\/09\/la-svizzera-dice-si-ai-matrimoni-gay\/1382907\/embed\/#?secret=YFuDWS2v3j\" data-secret=\"YFuDWS2v3j\" width=\"500\" height=\"282\" title=\"&#8220;La Svizzera dice s\u00ec ai matrimoni gay&#8221; &#8212; VareseNews\" frameborder=\"0\" marginwidth=\"0\" marginheight=\"0\" scrolling=\"no\"><\/iframe>","_oembed_time_e91035d6fbfa4dc150e211af0dbb0e79":"1649394044","_oembed_d75875eeff7d1119958e9ab3d18ed1c8":"<blockquote class=\"wp-embedded-content\" data-secret=\"zg7OG2jQS9\"><a href=\"https:\/\/www.verbanonews.it\/aree-geografiche\/canton-ticino\/2022\/03\/25\/corsi-di-lingua-per-i-rifugiati-in-svizzera-si-pianifica-lintegrazione\/941991\/\">Corsi di lingua per i rifugiati, in Svizzera si pianifica l&#8217;integrazione<\/a><\/blockquote><iframe class=\"wp-embedded-content\" sandbox=\"allow-scripts\" security=\"restricted\" style=\"position: absolute; clip: rect(1px, 1px, 1px, 1px);\" src=\"https:\/\/www.verbanonews.it\/aree-geografiche\/canton-ticino\/2022\/03\/25\/corsi-di-lingua-per-i-rifugiati-in-svizzera-si-pianifica-lintegrazione\/941991\/embed\/#?secret=zg7OG2jQS9\" data-secret=\"zg7OG2jQS9\" width=\"500\" height=\"282\" title=\"&#8220;Corsi di lingua per i rifugiati, in Svizzera si pianifica l&#8217;integrazione&#8221; &#8212; VerbanoNews\" frameborder=\"0\" marginwidth=\"0\" marginheight=\"0\" scrolling=\"no\"><\/iframe>","_oembed_time_d75875eeff7d1119958e9ab3d18ed1c8":"1649394045"},"photos":[{"original":"https:\/\/staging.varesenews.it\/photogallery_new\/images\/2022\/04\/vario-1292311.jpg","full":"https:\/\/staging.varesenews.it\/photogallery_new\/images\/2022\/04\/vario-1292311.1024x768.jpg","large":"https:\/\/staging.varesenews.it\/photogallery_new\/images\/2022\/04\/vario-1292311.610x431.jpg"}],"_links":{"self":[{"href":"https:\/\/staging.varesenews.it\/swgapi\/v1\/wp\/v2\/posts\/1448202"}],"collection":[{"href":"https:\/\/staging.varesenews.it\/swgapi\/v1\/wp\/v2\/posts"}],"about":[{"href":"https:\/\/staging.varesenews.it\/swgapi\/v1\/wp\/v2\/types\/post"}],"author":[{"embeddable":true,"href":"https:\/\/staging.varesenews.it\/swgapi\/v1\/wp\/v2\/users\/5428"}],"replies":[{"embeddable":true,"href":"https:\/\/staging.varesenews.it\/swgapi\/v1\/wp\/v2\/comments?post=1448202"}],"version-history":[{"count":0,"href":"https:\/\/staging.varesenews.it\/swgapi\/v1\/wp\/v2\/posts\/1448202\/revisions"}],"wp:attachment":[{"href":"https:\/\/staging.varesenews.it\/swgapi\/v1\/wp\/v2\/media?parent=1448202"}],"wp:term":[{"taxonomy":"category","embeddable":true,"href":"https:\/\/staging.varesenews.it\/swgapi\/v1\/wp\/v2\/categories?post=1448202"},{"taxonomy":"post_tag","embeddable":true,"href":"https:\/\/staging.varesenews.it\/swgapi\/v1\/wp\/v2\/tags?post=1448202"}],"curies":[{"name":"wp","href":"https:\/\/api.w.org\/{rel}","templated":true}]}}