{"id":1448603,"date":"2022-04-09T07:09:05","date_gmt":"2022-04-09T05:09:05","guid":{"rendered":"https:\/\/www.varesenews.it\/?p=1448603"},"modified":"2022-04-09T12:12:45","modified_gmt":"2022-04-09T10:12:45","slug":"2500-uova-solidali-le-scuole-gallarate-un-record","status":"publish","type":"post","link":"https:\/\/staging.varesenews.it\/2022\/04\/2500-uova-solidali-le-scuole-gallarate-un-record\/1448603\/","title":{"rendered":"2500 uova solidali per le scuole di Gallarate: &#8220;Un record&#8221;"},"content":{"rendered":"<p>2500 uova per le scuole di <strong>Gallarate<\/strong>: \u00e8 il nuovo record dell&#8217;iniziativa solidale portata avanti dai comitati genitori della scuole della citt\u00e0 dei due Galli. Il ricavato delle vendite sostiene le attivit\u00e0 complementari delle scuole.<\/p>\n<p>Il promotore dell&#8217;iniziativa, <strong>Emanuele Mulazzani<\/strong>, racconta com&#8217;\u00e8 nato il progetto:\u00a0\u00abSiamo partiti 7-8 anni fa, quando ero presidente del comitato genitori all&#8217;asilo Collodi: abbiamo iniziato con 100 uova il cui ricavato andava a sostenere le attivit\u00e0 dei bambini\u00bb.<\/p>\n<p>Le uova vengono ordinate in un unico stock dal produttore: sono arrivate in citt\u00e0 mercoled\u00ec <strong>6 aprile e<\/strong> il gruppo di volontari si \u00e8 occupato dello stoccaggio e dell&#8217;etichettatura fino all&#8217;una di notte. La consegna alle scuole \u00e8 avvenuta ieri, mentre in questi giorni Mulazzani e altri volontari stanno consegnando le uova casa per casa.<\/p>\n<h3>La rete delle scuole<\/h3>\n<p>L&#8217;iniziativa si \u00e8 allargato a macchia di leopardo di anno in anno, includendo sempre pi\u00f9 scuole della citt\u00e0 e oltre il suo perimetro: ad oggi sono 19 le scuole gallaratesi coinvolte, insieme ad alcune di<strong> Samarate<\/strong>, <strong>Jerago con Orago<\/strong> e non solo, ma quest&#8217;anno partecipano anche la parrocchia di<strong> Cedrate<\/strong>\u00a0(<a href=\"https:\/\/www.varesenews.it\/2022\/03\/cedrate-un-cantiere-aperto-scoprire-restauro-della-chiesa-san-giorgio\/1439963\/\">la parrocchia utilizzer\u00e0 il denaro raccolto per i lavori di restauro che stanno facendo alla chiesa di San Giorgio<\/a>) e i boy-scout.<\/p>\n<p>Le attivit\u00e0 delle scuole che vengono sovvenzionate spaziano dalle lezioni con un insegnante madrelingua inglese, all&#8217;arte terapia, all&#8217;acquisto di giochi o computer per gli istituti.<\/p>\n<p>Con la pandemia del <strong>Covid-19<\/strong> e le restrizioni, le uova solidali sono diventati una vera e propria \u00abmanna dal cielo\u00bb, continua:\u00a0\u00abLe associazioni e i comitati genitori raccoglievano fondi per le scuole alle feste di fine anno, che ora con il Coronavirus sono bandite\u00bb.<\/p>\n<p>Un&#8217;altra novit\u00e0 di quest&#8217;anno \u00e8 che delle 2500 uova, <strong>100 sono state &#8220;riservate&#8221; agli iscritti del gruppo Facebook &#8220;Gallarate \u00e8&#8230;&#8221;<\/strong> (di cui Mulazzani \u00e8 amministratore insieme a Monica Salomoni e Giorgio Svezia) e il ricavato sosterr\u00e0 <strong>Auser Gallarate<\/strong>: queste sono in consegna proprio in questi giorni. Inoltre, alcune uova verranno donate a Exodus e a Casa di sant&#8217;Eurosia.<\/p>\n<p>Negli anni l&#8217;iniziativa ha avuto una crescita non indifferente, non si pu\u00f2 non notare: \u00abSiamo partiti da 100 uova e in pochi anni abbiamo raggiunto le 2500: le uova sono di buona qualit\u00e0, inoltre, grazie all&#8217;impegno dei tanti volontari, si \u00e8 capita l&#8217;importanza di sostenere &#8220;dal basso&#8221; le attivit\u00e0 che i bambini e i ragazzi fanno nelle scuole\u00bb.<\/p>\n","protected":false},"excerpt":{"rendered":"<p>Tornano anche quest&#8217;anno le coloratissime uova il cui ricavato va alle scuole cittadine. <\/p>\n","protected":false},"author":15866,"featured_media":0,"comment_status":"open","ping_status":"open","sticky":false,"template":"","format":"standard","meta":{"footnotes":""},"categories":[3,90],"tags":[122411],"acf":[],"yoast_head":"<!-- This site is optimized with the Yoast SEO plugin v20.1 - https:\/\/yoast.com\/wordpress\/plugins\/seo\/ -->\n<title>2500 uova solidali per le scuole di Gallarate: &quot;Un record&quot;<\/title>\n<meta name=\"description\" content=\"Tornano anche quest&#039;anno le coloratissime uova il cui ricavato va alle scuole cittadine.\" \/>\n<meta name=\"robots\" content=\"noindex, follow, max-snippet:-1, max-image-preview:large, max-video-preview:-1\" \/>\n<meta property=\"og:locale\" content=\"it_IT\" \/>\n<meta property=\"og:type\" content=\"article\" \/>\n<meta property=\"og:title\" content=\"2500 uova solidali per le scuole di Gallarate: &quot;Un record&quot;\" \/>\n<meta property=\"og:description\" content=\"Tornano anche quest&#039;anno le coloratissime uova il cui ricavato va alle scuole cittadine.\" \/>\n<meta property=\"og:url\" content=\"https:\/\/staging.varesenews.it\/2022\/04\/2500-uova-solidali-le-scuole-gallarate-un-record\/1448603\/\" \/>\n<meta property=\"og:site_name\" content=\"VareseNews\" \/>\n<meta property=\"article:publisher\" content=\"https:\/\/www.facebook.com\/varesenews\" \/>\n<meta property=\"article:published_time\" content=\"2022-04-09T05:09:05+00:00\" \/>\n<meta property=\"article:modified_time\" content=\"2022-04-09T10:12:45+00:00\" \/>\n<meta name=\"author\" content=\"Nicole Erbetti\" \/>\n<meta name=\"twitter:card\" content=\"summary_large_image\" \/>\n<meta name=\"twitter:creator\" content=\"@varesenews\" \/>\n<meta name=\"twitter:site\" content=\"@varesenews\" \/>\n<meta name=\"twitter:label1\" content=\"Scritto da\" \/>\n\t<meta name=\"twitter:data1\" content=\"Nicole Erbetti\" \/>\n\t<meta name=\"twitter:label2\" content=\"Tempo di lettura stimato\" \/>\n\t<meta name=\"twitter:data2\" content=\"2 minuti\" \/>\n<script type=\"application\/ld+json\" class=\"yoast-schema-graph\">{\"@context\":\"https:\/\/schema.org\",\"@graph\":[{\"@type\":\"WebPage\",\"@id\":\"https:\/\/staging.varesenews.it\/2022\/04\/2500-uova-solidali-le-scuole-gallarate-un-record\/1448603\/\",\"url\":\"https:\/\/staging.varesenews.it\/2022\/04\/2500-uova-solidali-le-scuole-gallarate-un-record\/1448603\/\",\"name\":\"2500 uova solidali per le scuole di Gallarate: \\\"Un record\\\"\",\"isPartOf\":{\"@id\":\"https:\/\/staging.varesenews.it\/#website\"},\"datePublished\":\"2022-04-09T05:09:05+00:00\",\"dateModified\":\"2022-04-09T10:12:45+00:00\",\"author\":{\"@id\":\"https:\/\/staging.varesenews.it\/#\/schema\/person\/8b180378471627e56865b54b75644650\"},\"description\":\"Tornano anche quest'anno le coloratissime uova il cui ricavato va alle scuole cittadine.\",\"breadcrumb\":{\"@id\":\"https:\/\/staging.varesenews.it\/2022\/04\/2500-uova-solidali-le-scuole-gallarate-un-record\/1448603\/#breadcrumb\"},\"inLanguage\":\"it-IT\",\"potentialAction\":[{\"@type\":\"ReadAction\",\"target\":[\"https:\/\/staging.varesenews.it\/2022\/04\/2500-uova-solidali-le-scuole-gallarate-un-record\/1448603\/\"]}]},{\"@type\":\"BreadcrumbList\",\"@id\":\"https:\/\/staging.varesenews.it\/2022\/04\/2500-uova-solidali-le-scuole-gallarate-un-record\/1448603\/#breadcrumb\",\"itemListElement\":[{\"@type\":\"ListItem\",\"position\":1,\"name\":\"Home\",\"item\":\"https:\/\/www.varesenews.it\/\"},{\"@type\":\"ListItem\",\"position\":2,\"name\":\"2500 uova solidali per le scuole di Gallarate: &#8220;Un record&#8221;\"}]},{\"@type\":\"WebSite\",\"@id\":\"https:\/\/staging.varesenews.it\/#website\",\"url\":\"https:\/\/staging.varesenews.it\/\",\"name\":\"VareseNews\",\"description\":\"\",\"potentialAction\":[{\"@type\":\"SearchAction\",\"target\":{\"@type\":\"EntryPoint\",\"urlTemplate\":\"https:\/\/staging.varesenews.it\/?s={search_term_string}\"},\"query-input\":\"required name=search_term_string\"}],\"inLanguage\":\"it-IT\"},{\"@type\":\"Person\",\"@id\":\"https:\/\/staging.varesenews.it\/#\/schema\/person\/8b180378471627e56865b54b75644650\",\"name\":\"Nicole Erbetti\",\"image\":{\"@type\":\"ImageObject\",\"inLanguage\":\"it-IT\",\"@id\":\"https:\/\/staging.varesenews.it\/#\/schema\/person\/image\/\",\"url\":\"https:\/\/staging.varesenews.it\/wp-content\/uploads\/2020\/12\/nicole_erbetti_colori_500.jpg\",\"contentUrl\":\"https:\/\/staging.varesenews.it\/wp-content\/uploads\/2020\/12\/nicole_erbetti_colori_500.jpg\",\"caption\":\"Nicole Erbetti\"},\"description\":\"Classe 1995 e una laurea in Lettere. \u201cNata\u201d a VareseNews nel 2019 e co-responsabile di MalpensaNews. Mi occupo di cronaca politica e di storie in quella biosfera a met\u00e0 tra la vecchia anima provinciale e la Milano metropolitana che \u00e8 il gallaratese: insomma, \u00e8 un po\u2019 in bilico come me. Quando non scrivo leggo, recito, contemplo il Lago Maggiore o scappo in un paesaggio alpino.\u00a0\",\"url\":\"https:\/\/staging.varesenews.it\/persona\/nicole-erbetti\/\"}]}<\/script>\n<!-- \/ Yoast SEO plugin. -->","yoast_head_json":{"title":"2500 uova solidali per le scuole di Gallarate: \"Un record\"","description":"Tornano anche quest'anno le coloratissime uova il cui ricavato va alle scuole cittadine.","robots":{"index":"noindex","follow":"follow","max-snippet":"max-snippet:-1","max-image-preview":"max-image-preview:large","max-video-preview":"max-video-preview:-1"},"og_locale":"it_IT","og_type":"article","og_title":"2500 uova solidali per le scuole di Gallarate: \"Un record\"","og_description":"Tornano anche quest'anno le coloratissime uova il cui ricavato va alle scuole cittadine.","og_url":"https:\/\/staging.varesenews.it\/2022\/04\/2500-uova-solidali-le-scuole-gallarate-un-record\/1448603\/","og_site_name":"VareseNews","article_publisher":"https:\/\/www.facebook.com\/varesenews","article_published_time":"2022-04-09T05:09:05+00:00","article_modified_time":"2022-04-09T10:12:45+00:00","author":"Nicole Erbetti","twitter_card":"summary_large_image","twitter_creator":"@varesenews","twitter_site":"@varesenews","twitter_misc":{"Scritto da":"Nicole Erbetti","Tempo di lettura stimato":"2 minuti"},"schema":{"@context":"https:\/\/schema.org","@graph":[{"@type":"WebPage","@id":"https:\/\/staging.varesenews.it\/2022\/04\/2500-uova-solidali-le-scuole-gallarate-un-record\/1448603\/","url":"https:\/\/staging.varesenews.it\/2022\/04\/2500-uova-solidali-le-scuole-gallarate-un-record\/1448603\/","name":"2500 uova solidali per le scuole di Gallarate: \"Un record\"","isPartOf":{"@id":"https:\/\/staging.varesenews.it\/#website"},"datePublished":"2022-04-09T05:09:05+00:00","dateModified":"2022-04-09T10:12:45+00:00","author":{"@id":"https:\/\/staging.varesenews.it\/#\/schema\/person\/8b180378471627e56865b54b75644650"},"description":"Tornano anche quest'anno le coloratissime uova il cui ricavato va alle scuole cittadine.","breadcrumb":{"@id":"https:\/\/staging.varesenews.it\/2022\/04\/2500-uova-solidali-le-scuole-gallarate-un-record\/1448603\/#breadcrumb"},"inLanguage":"it-IT","potentialAction":[{"@type":"ReadAction","target":["https:\/\/staging.varesenews.it\/2022\/04\/2500-uova-solidali-le-scuole-gallarate-un-record\/1448603\/"]}]},{"@type":"BreadcrumbList","@id":"https:\/\/staging.varesenews.it\/2022\/04\/2500-uova-solidali-le-scuole-gallarate-un-record\/1448603\/#breadcrumb","itemListElement":[{"@type":"ListItem","position":1,"name":"Home","item":"https:\/\/www.varesenews.it\/"},{"@type":"ListItem","position":2,"name":"2500 uova solidali per le scuole di Gallarate: &#8220;Un record&#8221;"}]},{"@type":"WebSite","@id":"https:\/\/staging.varesenews.it\/#website","url":"https:\/\/staging.varesenews.it\/","name":"VareseNews","description":"","potentialAction":[{"@type":"SearchAction","target":{"@type":"EntryPoint","urlTemplate":"https:\/\/staging.varesenews.it\/?s={search_term_string}"},"query-input":"required name=search_term_string"}],"inLanguage":"it-IT"},{"@type":"Person","@id":"https:\/\/staging.varesenews.it\/#\/schema\/person\/8b180378471627e56865b54b75644650","name":"Nicole Erbetti","image":{"@type":"ImageObject","inLanguage":"it-IT","@id":"https:\/\/staging.varesenews.it\/#\/schema\/person\/image\/","url":"https:\/\/staging.varesenews.it\/wp-content\/uploads\/2020\/12\/nicole_erbetti_colori_500.jpg","contentUrl":"https:\/\/staging.varesenews.it\/wp-content\/uploads\/2020\/12\/nicole_erbetti_colori_500.jpg","caption":"Nicole Erbetti"},"description":"Classe 1995 e una laurea in Lettere. \u201cNata\u201d a VareseNews nel 2019 e co-responsabile di MalpensaNews. Mi occupo di cronaca politica e di storie in quella biosfera a met\u00e0 tra la vecchia anima provinciale e la Milano metropolitana che \u00e8 il gallaratese: insomma, \u00e8 un po\u2019 in bilico come me. Quando non scrivo leggo, recito, contemplo il Lago Maggiore o scappo in un paesaggio alpino.\u00a0","url":"https:\/\/staging.varesenews.it\/persona\/nicole-erbetti\/"}]}},"post_meta":{"content-image-gallery":"","_edit_lock":"1649499081:15866","_edit_last":"15866","_category_permalink":"a:1:{s:8:\"category\";s:0:\"\";}","argomento":"Gallarate","_yoast_wpseo_focuskw_text_input":"Gallarate","_yoast_wpseo_focuskw":"Gallarate","_yoast_wpseo_linkdex":"72","_yoast_wpseo_content_score":"30","_jd_tweet_this":"yes","foto":"1292701","_wpt_short_url":"http:\/\/www.varesenews.it\/2022\/04\/2500-uova-solidali-le-scuole-gallarate-un-record\/1448603\/","_wp_jd_target":"http:\/\/www.varesenews.it\/2022\/04\/2500-uova-solidali-le-scuole-gallarate-un-record\/1448603\/","_jd_wp_twitter":"a:1:{i:0;s:154:\"2500 uova solidali per le scuole di Gallarate: \u201cUn record\u201d http:\/\/www.varesenews.it\/2022\/04\/2500-uova-solidali-le-scuole-gallarate-un-record\/1448603\/ \";}","_wpt_status_message":"Tweet inviato con successo.","_encloseme":"1","ratings_users":"0","ratings_score":"0","ratings_average":"0","_oembed_5c07f36570d9a89db57ad2d3ce9fa3f3":"<blockquote class=\"wp-embedded-content\" data-secret=\"PPcTloqWpX\"><a href=\"https:\/\/www.varesenews.it\/2022\/04\/eventi-bambini-nel-weekend-dal-8-al-10-aprile-varese-provincia\/1448499\/\">Eventi per bambini nel weekend dal 8 al 10 aprile tra Varese e provincia<\/a><\/blockquote><iframe class=\"wp-embedded-content\" sandbox=\"allow-scripts\" security=\"restricted\" style=\"position: absolute; clip: rect(1px, 1px, 1px, 1px);\" src=\"https:\/\/www.varesenews.it\/2022\/04\/eventi-bambini-nel-weekend-dal-8-al-10-aprile-varese-provincia\/1448499\/embed\/#?secret=PPcTloqWpX\" data-secret=\"PPcTloqWpX\" width=\"500\" height=\"282\" title=\"&#8220;Eventi per bambini nel weekend dal 8 al 10 aprile tra Varese e provincia&#8221; &#8212; VareseNews\" frameborder=\"0\" marginwidth=\"0\" marginheight=\"0\" scrolling=\"no\"><\/iframe>","_oembed_time_5c07f36570d9a89db57ad2d3ce9fa3f3":"1649481972","_oembed_bc90a21dcddbd2ff6469ba6c2f3100b2":"<blockquote class=\"wp-embedded-content\" data-secret=\"RWocHADMld\"><a href=\"https:\/\/www.varesenews.it\/2022\/04\/vita-le-giostre-liberta-rischio-dimpresa-dietro-le-quinte-del-luna-park-tradate\/1448134\/\">Una vita per le giostre, tra libert\u00e0 e rischio d&#8217;impresa: dietro le quinte del Luna park di Tradate<\/a><\/blockquote><iframe class=\"wp-embedded-content\" sandbox=\"allow-scripts\" security=\"restricted\" style=\"position: absolute; clip: rect(1px, 1px, 1px, 1px);\" src=\"https:\/\/www.varesenews.it\/2022\/04\/vita-le-giostre-liberta-rischio-dimpresa-dietro-le-quinte-del-luna-park-tradate\/1448134\/embed\/#?secret=RWocHADMld\" data-secret=\"RWocHADMld\" width=\"500\" height=\"282\" title=\"&#8220;Una vita per le giostre, tra libert\u00e0 e rischio d&#8217;impresa: dietro le quinte del Luna park di Tradate&#8221; &#8212; VareseNews\" frameborder=\"0\" marginwidth=\"0\" marginheight=\"0\" scrolling=\"no\"><\/iframe>","_oembed_time_bc90a21dcddbd2ff6469ba6c2f3100b2":"1649481973","_oembed_70992f5a8f1ab77cb50bbcd82fe4be92":"<blockquote class=\"wp-embedded-content\" data-secret=\"PStgOoBtLJ\"><a href=\"https:\/\/www.varesenews.it\/2022\/04\/due-anni-torna-luna-park-tradate\/1448272\/\">Dopo due anni torna il Luna Park di Tradate<\/a><\/blockquote><iframe class=\"wp-embedded-content\" sandbox=\"allow-scripts\" security=\"restricted\" style=\"position: absolute; clip: rect(1px, 1px, 1px, 1px);\" src=\"https:\/\/www.varesenews.it\/2022\/04\/due-anni-torna-luna-park-tradate\/1448272\/embed\/#?secret=PStgOoBtLJ\" data-secret=\"PStgOoBtLJ\" width=\"500\" height=\"282\" title=\"&#8220;Dopo due anni torna il Luna Park di Tradate&#8221; &#8212; VareseNews\" frameborder=\"0\" marginwidth=\"0\" marginheight=\"0\" scrolling=\"no\"><\/iframe>","_oembed_time_70992f5a8f1ab77cb50bbcd82fe4be92":"1649481973","_oembed_c16713392c842d72180ef43abbe5c7a2":"<blockquote class=\"wp-embedded-content\" data-secret=\"WoawKFwV8k\"><a href=\"https:\/\/www.varesenews.it\/2022\/04\/false-dichiarazioni-ottenere-gli-aiuti-covid-scatta-la-confisca-unazienda-varese\/1448372\/\">False dichiarazioni per ottenere gli aiuti covid: scatta la confisca per un&#8217;azienda di Somma Lombardo<\/a><\/blockquote><iframe class=\"wp-embedded-content\" sandbox=\"allow-scripts\" security=\"restricted\" style=\"position: absolute; clip: rect(1px, 1px, 1px, 1px);\" src=\"https:\/\/www.varesenews.it\/2022\/04\/false-dichiarazioni-ottenere-gli-aiuti-covid-scatta-la-confisca-unazienda-varese\/1448372\/embed\/#?secret=WoawKFwV8k\" data-secret=\"WoawKFwV8k\" width=\"500\" height=\"282\" title=\"&#8220;False dichiarazioni per ottenere gli aiuti covid: scatta la confisca per un&#8217;azienda di Somma Lombardo&#8221; &#8212; VareseNews\" frameborder=\"0\" marginwidth=\"0\" marginheight=\"0\" scrolling=\"no\"><\/iframe>","_oembed_time_c16713392c842d72180ef43abbe5c7a2":"1649482102","_oembed_baaced94a2214b2b43cc242663180eb9":"<iframe width=\"500\" height=\"281\" src=\"https:\/\/www.youtube.com\/embed\/OHMZX6CwjH4?feature=oembed\" frameborder=\"0\" allow=\"accelerometer; autoplay; clipboard-write; encrypted-media; gyroscope; picture-in-picture\" allowfullscreen><\/iframe>","_oembed_time_baaced94a2214b2b43cc242663180eb9":"1649482103","_oembed_69522e83476a81f80c4f655fc3e3e50d":"<blockquote class=\"wp-embedded-content\" data-secret=\"5tN6DBuzlV\"><a href=\"https:\/\/www.varesenews.it\/2022\/04\/ragazzi-del-cse-si-prendono-cura-del-parco-villa-montevecchio\/1447454\/\">I ragazzi del Cse che si prendono cura del parco di Villa Montevecchio<\/a><\/blockquote><iframe class=\"wp-embedded-content\" sandbox=\"allow-scripts\" security=\"restricted\" style=\"position: absolute; clip: rect(1px, 1px, 1px, 1px);\" src=\"https:\/\/www.varesenews.it\/2022\/04\/ragazzi-del-cse-si-prendono-cura-del-parco-villa-montevecchio\/1447454\/embed\/#?secret=5tN6DBuzlV\" data-secret=\"5tN6DBuzlV\" width=\"500\" height=\"282\" title=\"&#8220;I ragazzi del Cse che si prendono cura del parco di Villa Montevecchio&#8221; &#8212; VareseNews\" frameborder=\"0\" marginwidth=\"0\" marginheight=\"0\" scrolling=\"no\"><\/iframe>","_oembed_time_69522e83476a81f80c4f655fc3e3e50d":"1649482103","_oembed_c138d55e67d4a2ebb7b2d5b2439992d2":"<blockquote class=\"wp-embedded-content\" data-secret=\"A2HLozpO4U\"><a href=\"https:\/\/www.legnanonews.com\/aree-geografiche\/alto_milanese\/2022\/04\/07\/una-mattina-attorno-al-bosco-della-droga-di-rescaldina-centinaia-di-clienti-ogni-giorno\/1022185\/\">Una mattina attorno al bosco della droga di Rescaldina: &#8220;Centinaia di clienti ogni giorno&#8221;<\/a><\/blockquote><iframe class=\"wp-embedded-content\" sandbox=\"allow-scripts\" security=\"restricted\" style=\"position: absolute; clip: rect(1px, 1px, 1px, 1px);\" src=\"https:\/\/www.legnanonews.com\/aree-geografiche\/alto_milanese\/2022\/04\/07\/una-mattina-attorno-al-bosco-della-droga-di-rescaldina-centinaia-di-clienti-ogni-giorno\/1022185\/embed\/#?secret=A2HLozpO4U\" data-secret=\"A2HLozpO4U\" width=\"500\" height=\"282\" title=\"&#8220;Una mattina attorno al bosco della droga di Rescaldina: &#8220;Centinaia di clienti ogni giorno&#8221;&#8221; &#8212; LegnanoNews\" frameborder=\"0\" marginwidth=\"0\" marginheight=\"0\" scrolling=\"no\"><\/iframe>","_oembed_time_c138d55e67d4a2ebb7b2d5b2439992d2":"1649482419","_oembed_8537b51c726bc86a79ff54ca269743ac":"<blockquote class=\"wp-embedded-content\" data-secret=\"h8VixrHoWF\"><a href=\"https:\/\/www.legnanonews.com\/aree-geografiche\/varesotto\/2022\/03\/15\/nella-chiesa-evangelica-di-castellanza-centro-di-accoglienza-per-profughi-ucraini\/1018732\/\">Profughi ucraini accolti nella chiesa evangelica di Castellanza. Il racconto di Irina<\/a><\/blockquote><iframe class=\"wp-embedded-content\" sandbox=\"allow-scripts\" security=\"restricted\" style=\"position: absolute; clip: rect(1px, 1px, 1px, 1px);\" src=\"https:\/\/www.legnanonews.com\/aree-geografiche\/varesotto\/2022\/03\/15\/nella-chiesa-evangelica-di-castellanza-centro-di-accoglienza-per-profughi-ucraini\/1018732\/embed\/#?secret=h8VixrHoWF\" data-secret=\"h8VixrHoWF\" width=\"500\" height=\"282\" title=\"&#8220;Profughi ucraini accolti nella chiesa evangelica di Castellanza. Il racconto di Irina&#8221; &#8212; LegnanoNews\" frameborder=\"0\" marginwidth=\"0\" marginheight=\"0\" scrolling=\"no\"><\/iframe>","_oembed_time_8537b51c726bc86a79ff54ca269743ac":"1649482421","_oembed_934fc271ef92047ef7fe6f9692c86a68":"<blockquote class=\"wp-embedded-content\" data-secret=\"hunRe1tJ9A\"><a href=\"https:\/\/www.varesenews.it\/2022\/02\/prezzi-carburanti-diversi-rincari-perche-citta-autostrada\/1429445\/\">Perch\u00e9 i prezzi dei carburanti sono cos\u00ec diversi tra citt\u00e0 e autostrada<\/a><\/blockquote><iframe class=\"wp-embedded-content\" sandbox=\"allow-scripts\" security=\"restricted\" style=\"position: absolute; clip: rect(1px, 1px, 1px, 1px);\" src=\"https:\/\/www.varesenews.it\/2022\/02\/prezzi-carburanti-diversi-rincari-perche-citta-autostrada\/1429445\/embed\/#?secret=hunRe1tJ9A\" data-secret=\"hunRe1tJ9A\" width=\"500\" height=\"282\" title=\"&#8220;Perch\u00e9 i prezzi dei carburanti sono cos\u00ec diversi tra citt\u00e0 e autostrada&#8221; &#8212; VareseNews\" frameborder=\"0\" marginwidth=\"0\" marginheight=\"0\" scrolling=\"no\"><\/iframe>","_oembed_time_934fc271ef92047ef7fe6f9692c86a68":"1649482722","_oembed_7517571d846acdc737cb0fc2a99f8f35":"<blockquote class=\"wp-embedded-content\" data-secret=\"DjUz9ePOGE\"><a href=\"https:\/\/www.varesenews.it\/2022\/04\/eventi-bambini-nel-weekend-dal-1-al-3-aprile-varese-provincia\/1445506\/\">Eventi per bambini nel weekend dal 1 al 3 aprile tra Varese e provincia<\/a><\/blockquote><iframe class=\"wp-embedded-content\" sandbox=\"allow-scripts\" security=\"restricted\" style=\"position: absolute; clip: rect(1px, 1px, 1px, 1px);\" src=\"https:\/\/www.varesenews.it\/2022\/04\/eventi-bambini-nel-weekend-dal-1-al-3-aprile-varese-provincia\/1445506\/embed\/#?secret=DjUz9ePOGE\" data-secret=\"DjUz9ePOGE\" width=\"500\" height=\"282\" title=\"&#8220;Eventi per bambini nel weekend dal 1 al 3 aprile tra Varese e provincia&#8221; &#8212; VareseNews\" frameborder=\"0\" marginwidth=\"0\" marginheight=\"0\" scrolling=\"no\"><\/iframe>","_oembed_time_7517571d846acdc737cb0fc2a99f8f35":"1649482723","_oembed_e91035d6fbfa4dc150e211af0dbb0e79":"<blockquote class=\"wp-embedded-content\" data-secret=\"1OyjOgnLJM\"><a href=\"https:\/\/www.varesenews.it\/2021\/09\/la-svizzera-dice-si-ai-matrimoni-gay\/1382907\/\">La Svizzera dice s\u00ec ai matrimoni gay<\/a><\/blockquote><iframe class=\"wp-embedded-content\" sandbox=\"allow-scripts\" security=\"restricted\" style=\"position: absolute; clip: rect(1px, 1px, 1px, 1px);\" src=\"https:\/\/www.varesenews.it\/2021\/09\/la-svizzera-dice-si-ai-matrimoni-gay\/1382907\/embed\/#?secret=1OyjOgnLJM\" data-secret=\"1OyjOgnLJM\" width=\"500\" height=\"282\" title=\"&#8220;La Svizzera dice s\u00ec ai matrimoni gay&#8221; &#8212; VareseNews\" frameborder=\"0\" marginwidth=\"0\" marginheight=\"0\" scrolling=\"no\"><\/iframe>","_oembed_time_e91035d6fbfa4dc150e211af0dbb0e79":"1649482723","_oembed_d75875eeff7d1119958e9ab3d18ed1c8":"<blockquote class=\"wp-embedded-content\" data-secret=\"8vzZ79geND\"><a href=\"https:\/\/www.verbanonews.it\/aree-geografiche\/canton-ticino\/2022\/03\/25\/corsi-di-lingua-per-i-rifugiati-in-svizzera-si-pianifica-lintegrazione\/941991\/\">Corsi di lingua per i rifugiati, in Svizzera si pianifica l&#8217;integrazione<\/a><\/blockquote><iframe class=\"wp-embedded-content\" sandbox=\"allow-scripts\" security=\"restricted\" style=\"position: absolute; clip: rect(1px, 1px, 1px, 1px);\" src=\"https:\/\/www.verbanonews.it\/aree-geografiche\/canton-ticino\/2022\/03\/25\/corsi-di-lingua-per-i-rifugiati-in-svizzera-si-pianifica-lintegrazione\/941991\/embed\/#?secret=8vzZ79geND\" data-secret=\"8vzZ79geND\" width=\"500\" height=\"282\" title=\"&#8220;Corsi di lingua per i rifugiati, in Svizzera si pianifica l&#8217;integrazione&#8221; &#8212; VerbanoNews\" frameborder=\"0\" marginwidth=\"0\" marginheight=\"0\" scrolling=\"no\"><\/iframe>","_oembed_time_d75875eeff7d1119958e9ab3d18ed1c8":"1649482724","_oembed_f74d604dac0f3a598c071184d86200a2":"<blockquote class=\"wp-embedded-content\" data-secret=\"QCvG7lSDVA\"><a href=\"https:\/\/www.varesenews.it\/2022\/04\/abitare-la-prossimita-comincia-un-ciclo-incontri-prendere-consapevolezza-della-citta\/1447781\/\">&#8220;Abitare la prossimit\u00e0&#8221;: comincia in sala Varesevive un ciclo di incontri per prendere consapevolezza della citt\u00e0<\/a><\/blockquote><iframe class=\"wp-embedded-content\" sandbox=\"allow-scripts\" security=\"restricted\" style=\"position: absolute; clip: rect(1px, 1px, 1px, 1px);\" src=\"https:\/\/www.varesenews.it\/2022\/04\/abitare-la-prossimita-comincia-un-ciclo-incontri-prendere-consapevolezza-della-citta\/1447781\/embed\/#?secret=QCvG7lSDVA\" data-secret=\"QCvG7lSDVA\" width=\"500\" height=\"282\" title=\"&#8220;&#8220;Abitare la prossimit\u00e0&#8221;: comincia in sala Varesevive un ciclo di incontri per prendere consapevolezza della citt\u00e0&#8221; &#8212; VareseNews\" frameborder=\"0\" marginwidth=\"0\" marginheight=\"0\" scrolling=\"no\"><\/iframe>","_oembed_time_f74d604dac0f3a598c071184d86200a2":"1649482757","_oembed_b4f853c43ccb8a9156a829069a12dad9":"<blockquote class=\"wp-embedded-content\" data-secret=\"rbBVSyY5RS\"><a href=\"https:\/\/www.varesenews.it\/2022\/04\/pedalata-ed-ecorun-due-giorni-sport-varese-le-strade-chiuse\/1446963\/\">Pedalata ed EcoRun, due giorni di sport a Varese: ecco le strade chiuse<\/a><\/blockquote><iframe class=\"wp-embedded-content\" sandbox=\"allow-scripts\" security=\"restricted\" style=\"position: absolute; clip: rect(1px, 1px, 1px, 1px);\" src=\"https:\/\/www.varesenews.it\/2022\/04\/pedalata-ed-ecorun-due-giorni-sport-varese-le-strade-chiuse\/1446963\/embed\/#?secret=rbBVSyY5RS\" data-secret=\"rbBVSyY5RS\" width=\"500\" height=\"282\" title=\"&#8220;Pedalata ed EcoRun, due giorni di sport a Varese: ecco le strade chiuse&#8221; &#8212; VareseNews\" frameborder=\"0\" marginwidth=\"0\" marginheight=\"0\" scrolling=\"no\"><\/iframe>","_oembed_time_b4f853c43ccb8a9156a829069a12dad9":"1649482757","_oembed_a52583b603dabb88374610d8932ffd9a":"<blockquote class=\"wp-embedded-content\" data-secret=\"fuXFyNAnFK\"><a href=\"https:\/\/www.varesenews.it\/2022\/04\/ripartono-lavori-gurone-lunedi-4-aprile-cambia-la-viabilita-zona-chiesa\/1445382\/\">Ripartono i lavori a Gurone, da luned\u00ec 4 aprile cambia la viabilit\u00e0<\/a><\/blockquote><iframe class=\"wp-embedded-content\" sandbox=\"allow-scripts\" security=\"restricted\" style=\"position: absolute; clip: rect(1px, 1px, 1px, 1px);\" src=\"https:\/\/www.varesenews.it\/2022\/04\/ripartono-lavori-gurone-lunedi-4-aprile-cambia-la-viabilita-zona-chiesa\/1445382\/embed\/#?secret=fuXFyNAnFK\" data-secret=\"fuXFyNAnFK\" width=\"500\" height=\"282\" title=\"&#8220;Ripartono i lavori a Gurone, da luned\u00ec 4 aprile cambia la viabilit\u00e0&#8221; &#8212; VareseNews\" frameborder=\"0\" marginwidth=\"0\" marginheight=\"0\" scrolling=\"no\"><\/iframe>","_oembed_time_a52583b603dabb88374610d8932ffd9a":"1649482757","_oembed_2e3b5621152e55889932651def719ff8":"<blockquote class=\"wp-embedded-content\" data-secret=\"2JZFyV55HU\"><a href=\"https:\/\/www.varesenews.it\/2018\/06\/mappa-luoghi-dello-spaccio-nei-boschi\/728655\/\">In una mappa i luoghi dello spaccio nei boschi<\/a><\/blockquote><iframe class=\"wp-embedded-content\" sandbox=\"allow-scripts\" security=\"restricted\" style=\"position: absolute; clip: rect(1px, 1px, 1px, 1px);\" src=\"https:\/\/www.varesenews.it\/2018\/06\/mappa-luoghi-dello-spaccio-nei-boschi\/728655\/embed\/#?secret=2JZFyV55HU\" data-secret=\"2JZFyV55HU\" width=\"500\" height=\"282\" title=\"&#8220;In una mappa i luoghi dello spaccio nei boschi&#8221; &#8212; VareseNews\" frameborder=\"0\" marginwidth=\"0\" marginheight=\"0\" scrolling=\"no\"><\/iframe>","_oembed_time_2e3b5621152e55889932651def719ff8":"1649483147","_oembed_0f839ec1c46cdb9cbd129f707fe75d15":"<iframe width=\"500\" height=\"281\" src=\"https:\/\/www.youtube.com\/embed\/videoseries?list=PL0amI3kOVay3uhLQczYqHYAt-oecU3rNU\" frameborder=\"0\" allow=\"accelerometer; autoplay; clipboard-write; encrypted-media; gyroscope; picture-in-picture\" allowfullscreen><\/iframe>","_oembed_time_0f839ec1c46cdb9cbd129f707fe75d15":"1649484592","_oembed_80a2831e1ca79519f1b9bc1edf3003e7":"<blockquote class=\"wp-embedded-content\" data-secret=\"BaZwScggsY\"><a href=\"https:\/\/www.varesenews.it\/2020\/08\/villa-del-balbianello-la-dimora-piu-affascinante-del-lago-como\/953879\/\">Villa del Balbianello, la dimora pi\u00f9 affascinante del Lago di Como<\/a><\/blockquote><iframe class=\"wp-embedded-content\" sandbox=\"allow-scripts\" security=\"restricted\" style=\"position: absolute; clip: rect(1px, 1px, 1px, 1px);\" src=\"https:\/\/www.varesenews.it\/2020\/08\/villa-del-balbianello-la-dimora-piu-affascinante-del-lago-como\/953879\/embed\/#?secret=BaZwScggsY\" data-secret=\"BaZwScggsY\" width=\"500\" height=\"282\" title=\"&#8220;Villa del Balbianello, la dimora pi\u00f9 affascinante del Lago di Como&#8221; &#8212; VareseNews\" frameborder=\"0\" marginwidth=\"0\" marginheight=\"0\" scrolling=\"no\"><\/iframe>","_oembed_time_80a2831e1ca79519f1b9bc1edf3003e7":"1649485377"},"photos":[{"original":"https:\/\/staging.varesenews.it\/photogallery_new\/images\/2022\/04\/uova-solidali-gallarate-pasqua-2022-1292701.jpg","full":"https:\/\/staging.varesenews.it\/photogallery_new\/images\/2022\/04\/uova-solidali-gallarate-pasqua-2022-1292701.1024x768.jpg","large":"https:\/\/staging.varesenews.it\/photogallery_new\/images\/2022\/04\/uova-solidali-gallarate-pasqua-2022-1292701.610x431.jpg"}],"_links":{"self":[{"href":"https:\/\/staging.varesenews.it\/swgapi\/v1\/wp\/v2\/posts\/1448603"}],"collection":[{"href":"https:\/\/staging.varesenews.it\/swgapi\/v1\/wp\/v2\/posts"}],"about":[{"href":"https:\/\/staging.varesenews.it\/swgapi\/v1\/wp\/v2\/types\/post"}],"author":[{"embeddable":true,"href":"https:\/\/staging.varesenews.it\/swgapi\/v1\/wp\/v2\/users\/15866"}],"replies":[{"embeddable":true,"href":"https:\/\/staging.varesenews.it\/swgapi\/v1\/wp\/v2\/comments?post=1448603"}],"version-history":[{"count":0,"href":"https:\/\/staging.varesenews.it\/swgapi\/v1\/wp\/v2\/posts\/1448603\/revisions"}],"wp:attachment":[{"href":"https:\/\/staging.varesenews.it\/swgapi\/v1\/wp\/v2\/media?parent=1448603"}],"wp:term":[{"taxonomy":"category","embeddable":true,"href":"https:\/\/staging.varesenews.it\/swgapi\/v1\/wp\/v2\/categories?post=1448603"},{"taxonomy":"post_tag","embeddable":true,"href":"https:\/\/staging.varesenews.it\/swgapi\/v1\/wp\/v2\/tags?post=1448603"}],"curies":[{"name":"wp","href":"https:\/\/api.w.org\/{rel}","templated":true}]}}