{"id":1449004,"date":"2022-04-09T18:47:13","date_gmt":"2022-04-09T16:47:13","guid":{"rendered":"https:\/\/www.varesenews.it\/?p=1449004"},"modified":"2022-04-09T18:47:13","modified_gmt":"2022-04-09T16:47:13","slug":"carabinieri-donano-90-alberi-far-tornare-vivere-mottarone","status":"publish","type":"post","link":"https:\/\/staging.varesenews.it\/2022\/04\/carabinieri-donano-90-alberi-far-tornare-vivere-mottarone\/1449004\/","title":{"rendered":"I carabinieri donano 90 alberi per far tornare a vivere il Mottarone"},"content":{"rendered":"<p>Dopo la tragedia del 23 maggio scorso, quando il <strong>crollo della funivia sul Monte Mottarone cost\u00f2 la vita a 14 persone<\/strong>, per consentire di svolgere in sicurezza le operazioni di rimozione della cabina della funivia con l\u2019ausilio di due elicotteri dei Vigili del Fuoco, f<strong>urono tagliati 80 alberi<\/strong>.<\/p>\n<p>Oggi, mentre la fase delle indagini sta facendo il proprio corso, <strong>quell\u2019area \u00e8 stata restituita ai turisti<\/strong>, ma sta attraversando un periodo particolarmente difficile, conseguenza non solo di quella tragedia, ma anche degli ultimi due anni in cui la pandemia ha reso tutto pi\u00f9 complicato.<\/p>\n<p>In un terreno con una forte pendenza come quello in cui \u00e8 precipitata la funivia, l\u2019assenza di tanti alberi potrebbe provocare rischi importanti per eventuali smottamenti mettendo ulteriormente in pericolo i passaggi dei turisti e di chi abita nelle vicinanze ed \u00e8 necessario ripristinare la sicurezza dell\u2019area il prima possibile.<\/p>\n<p><strong>La mattina di sabato 9 aprile l&#8217;Arma dei Carabinieri,<\/strong> con la speranza di trasmettere un messaggio positivo non solo nel ricordo delle vittime, ma anche per restituire la giusta vitalit\u00e0 ad una zona che \u00e8 particolarmente sofferente da allora, anche grazie alla disponibilit\u00e0 dei vivai della Regione Piemonte, <strong>ha donato al Mottarone 90 alberi trasportati, piantati e protetti dai militari dell\u2019Arma e da alcuni volontari che si sono resi disponibili.<\/strong><\/p>\n<p>Insieme ai carabinieri anche <strong>numerosi bambini che hanno contribuito con la loro opera<\/strong> a fare qualcosa di positivo per quella zona che tanto ha sofferto.<\/p>\n<p>All\u2019evento, oltre all\u2019Arma dei Carabinieri, hanno partecipato le autorit\u00e0 della provincia e locali, tra cui il Prefetto del Verbano Cusio Ossola, il Procuratore della Repubblica e il sindaco di Stresa.<\/p>\n","protected":false},"excerpt":{"rendered":"<p>Gli alberi, donati grazie alla disponibilit\u00e0 dei vivai della Regione Piemonte, sono stati piantati nella mattinata di sabato 9 aprile con la partecipazione delle autorit\u00e0 e di tanti bambini<\/p>\n","protected":false},"author":39,"featured_media":0,"comment_status":"open","ping_status":"open","sticky":false,"template":"","format":"standard","meta":{"footnotes":""},"categories":[9],"tags":[1055,229,11276,1834],"acf":[],"yoast_head":"<!-- This site is optimized with the Yoast SEO plugin v20.1 - https:\/\/yoast.com\/wordpress\/plugins\/seo\/ -->\n<title>I carabinieri donano 90 alberi per far tornare a vivere il Mottarone<\/title>\n<meta name=\"description\" content=\"Gli alberi, donati grazie alla disponibilit\u00e0 dei vivai della Regione Piemonte, sono stati piantati nella mattinata di sabato 9 aprile con la partecipazione delle autorit\u00e0 e di tanti bambini\" \/>\n<meta name=\"robots\" content=\"noindex, follow, max-snippet:-1, max-image-preview:large, max-video-preview:-1\" \/>\n<meta property=\"og:locale\" content=\"it_IT\" \/>\n<meta property=\"og:type\" content=\"article\" \/>\n<meta property=\"og:title\" content=\"I carabinieri donano 90 alberi per far tornare a vivere il Mottarone\" \/>\n<meta property=\"og:description\" content=\"Gli alberi, donati grazie alla disponibilit\u00e0 dei vivai della Regione Piemonte, sono stati piantati nella mattinata di sabato 9 aprile con la partecipazione delle autorit\u00e0 e di tanti bambini\" \/>\n<meta property=\"og:url\" content=\"https:\/\/staging.varesenews.it\/2022\/04\/carabinieri-donano-90-alberi-far-tornare-vivere-mottarone\/1449004\/\" \/>\n<meta property=\"og:site_name\" content=\"VareseNews\" \/>\n<meta property=\"article:publisher\" content=\"https:\/\/www.facebook.com\/varesenews\" \/>\n<meta property=\"article:author\" content=\"https:\/\/www.facebook.com\/tommaso.guidotti.7\" \/>\n<meta property=\"article:published_time\" content=\"2022-04-09T16:47:13+00:00\" \/>\n<meta name=\"author\" content=\"Tommaso Guidotti\" \/>\n<meta name=\"twitter:card\" content=\"summary_large_image\" \/>\n<meta name=\"twitter:creator\" content=\"@tomguidoz\" \/>\n<meta name=\"twitter:site\" content=\"@varesenews\" \/>\n<meta name=\"twitter:label1\" content=\"Scritto da\" \/>\n\t<meta name=\"twitter:data1\" content=\"Tommaso Guidotti\" \/>\n\t<meta name=\"twitter:label2\" content=\"Tempo di lettura stimato\" \/>\n\t<meta name=\"twitter:data2\" content=\"1 minuto\" \/>\n<script type=\"application\/ld+json\" class=\"yoast-schema-graph\">{\"@context\":\"https:\/\/schema.org\",\"@graph\":[{\"@type\":\"WebPage\",\"@id\":\"https:\/\/staging.varesenews.it\/2022\/04\/carabinieri-donano-90-alberi-far-tornare-vivere-mottarone\/1449004\/\",\"url\":\"https:\/\/staging.varesenews.it\/2022\/04\/carabinieri-donano-90-alberi-far-tornare-vivere-mottarone\/1449004\/\",\"name\":\"I carabinieri donano 90 alberi per far tornare a vivere il Mottarone\",\"isPartOf\":{\"@id\":\"https:\/\/staging.varesenews.it\/#website\"},\"datePublished\":\"2022-04-09T16:47:13+00:00\",\"dateModified\":\"2022-04-09T16:47:13+00:00\",\"author\":{\"@id\":\"https:\/\/staging.varesenews.it\/#\/schema\/person\/5ae9c65889c40fea73a6c40733b93f8a\"},\"description\":\"Gli alberi, donati grazie alla disponibilit\u00e0 dei vivai della Regione Piemonte, sono stati piantati nella mattinata di sabato 9 aprile con la partecipazione delle autorit\u00e0 e di tanti bambini\",\"breadcrumb\":{\"@id\":\"https:\/\/staging.varesenews.it\/2022\/04\/carabinieri-donano-90-alberi-far-tornare-vivere-mottarone\/1449004\/#breadcrumb\"},\"inLanguage\":\"it-IT\",\"potentialAction\":[{\"@type\":\"ReadAction\",\"target\":[\"https:\/\/staging.varesenews.it\/2022\/04\/carabinieri-donano-90-alberi-far-tornare-vivere-mottarone\/1449004\/\"]}]},{\"@type\":\"BreadcrumbList\",\"@id\":\"https:\/\/staging.varesenews.it\/2022\/04\/carabinieri-donano-90-alberi-far-tornare-vivere-mottarone\/1449004\/#breadcrumb\",\"itemListElement\":[{\"@type\":\"ListItem\",\"position\":1,\"name\":\"Home\",\"item\":\"https:\/\/www.varesenews.it\/\"},{\"@type\":\"ListItem\",\"position\":2,\"name\":\"I carabinieri donano 90 alberi per far tornare a vivere il Mottarone\"}]},{\"@type\":\"WebSite\",\"@id\":\"https:\/\/staging.varesenews.it\/#website\",\"url\":\"https:\/\/staging.varesenews.it\/\",\"name\":\"VareseNews\",\"description\":\"\",\"potentialAction\":[{\"@type\":\"SearchAction\",\"target\":{\"@type\":\"EntryPoint\",\"urlTemplate\":\"https:\/\/staging.varesenews.it\/?s={search_term_string}\"},\"query-input\":\"required name=search_term_string\"}],\"inLanguage\":\"it-IT\"},{\"@type\":\"Person\",\"@id\":\"https:\/\/staging.varesenews.it\/#\/schema\/person\/5ae9c65889c40fea73a6c40733b93f8a\",\"name\":\"Tommaso Guidotti\",\"image\":{\"@type\":\"ImageObject\",\"inLanguage\":\"it-IT\",\"@id\":\"https:\/\/staging.varesenews.it\/#\/schema\/person\/image\/\",\"url\":\"https:\/\/staging.varesenews.it\/wp-content\/uploads\/2020\/12\/tommaso_guidotti_colori_500.jpg\",\"contentUrl\":\"https:\/\/staging.varesenews.it\/wp-content\/uploads\/2020\/12\/tommaso_guidotti_colori_500.jpg\",\"caption\":\"Tommaso Guidotti\"},\"description\":\"Nato a Milano e trasferito nel Varesotto in tenera et&agrave;, sposato con Chiara dal 2012 e padre di due figli, Lorenzo e Alice. Sono laureato in Scienze Politiche e ho nel mio bagaglio lontani studi classici al Liceo Cairoli di Varese. Amo leggere, le serie tv, i viaggi e mi piace sperimentare e conoscere. La passione pi&ugrave; grande? Il calcio, giocato, simulato e guardato: occupo parte del mio tempo libero con quella che &egrave; pi&ugrave; di una squadra di calcio, i Bidone, una vera e propria seconda famiglia con cui ho portato avanti tanti progetti sportivi e benefici. Faccio parte dal 2004 della squadra di VareseNews e sono giornalista professionista dal 2009: per dieci anni ho ricoperto il ruolo di caporedattore. Dal 2019 coordino insieme ad una redazione di giovani collaboratori il nuovo progetto del gruppo nella zona del Saronnese, il giornale SaronnoNews, spin-off di VareseNews, restando comunque radicato al territorio di Casciago, paese che mi ha adottato e che amo moltissimo come il lago di Varese e Cazzago Brabbia, il paese dove ho vissuto da giovane.\",\"sameAs\":[\"https:\/\/www.facebook.com\/tommaso.guidotti.7\",\"tomguidoz80\",\"https:\/\/www.linkedin.com\/profile\/view?id=36891883&authType=name&authToken=9pNm&locale=en_US&goback=npv_36891883_*1_*1_name_9pNm_*1_*1_*1_*1_*1_*1_*1_*1_*1_*1_*1_*1_*1_*1_*1_*1_*1_*1_*1_*1_*1_*1_*1_*1_*1_*1_*1_*1_*1_*1_*1_*1_*1\",\"https:\/\/twitter.com\/tomguidoz\"],\"url\":\"https:\/\/staging.varesenews.it\/persona\/tommaso_guidotti\/\"}]}<\/script>\n<!-- \/ Yoast SEO plugin. -->","yoast_head_json":{"title":"I carabinieri donano 90 alberi per far tornare a vivere il Mottarone","description":"Gli alberi, donati grazie alla disponibilit\u00e0 dei vivai della Regione Piemonte, sono stati piantati nella mattinata di sabato 9 aprile con la partecipazione delle autorit\u00e0 e di tanti bambini","robots":{"index":"noindex","follow":"follow","max-snippet":"max-snippet:-1","max-image-preview":"max-image-preview:large","max-video-preview":"max-video-preview:-1"},"og_locale":"it_IT","og_type":"article","og_title":"I carabinieri donano 90 alberi per far tornare a vivere il Mottarone","og_description":"Gli alberi, donati grazie alla disponibilit\u00e0 dei vivai della Regione Piemonte, sono stati piantati nella mattinata di sabato 9 aprile con la partecipazione delle autorit\u00e0 e di tanti bambini","og_url":"https:\/\/staging.varesenews.it\/2022\/04\/carabinieri-donano-90-alberi-far-tornare-vivere-mottarone\/1449004\/","og_site_name":"VareseNews","article_publisher":"https:\/\/www.facebook.com\/varesenews","article_author":"https:\/\/www.facebook.com\/tommaso.guidotti.7","article_published_time":"2022-04-09T16:47:13+00:00","author":"Tommaso Guidotti","twitter_card":"summary_large_image","twitter_creator":"@tomguidoz","twitter_site":"@varesenews","twitter_misc":{"Scritto da":"Tommaso Guidotti","Tempo di lettura stimato":"1 minuto"},"schema":{"@context":"https:\/\/schema.org","@graph":[{"@type":"WebPage","@id":"https:\/\/staging.varesenews.it\/2022\/04\/carabinieri-donano-90-alberi-far-tornare-vivere-mottarone\/1449004\/","url":"https:\/\/staging.varesenews.it\/2022\/04\/carabinieri-donano-90-alberi-far-tornare-vivere-mottarone\/1449004\/","name":"I carabinieri donano 90 alberi per far tornare a vivere il Mottarone","isPartOf":{"@id":"https:\/\/staging.varesenews.it\/#website"},"datePublished":"2022-04-09T16:47:13+00:00","dateModified":"2022-04-09T16:47:13+00:00","author":{"@id":"https:\/\/staging.varesenews.it\/#\/schema\/person\/5ae9c65889c40fea73a6c40733b93f8a"},"description":"Gli alberi, donati grazie alla disponibilit\u00e0 dei vivai della Regione Piemonte, sono stati piantati nella mattinata di sabato 9 aprile con la partecipazione delle autorit\u00e0 e di tanti bambini","breadcrumb":{"@id":"https:\/\/staging.varesenews.it\/2022\/04\/carabinieri-donano-90-alberi-far-tornare-vivere-mottarone\/1449004\/#breadcrumb"},"inLanguage":"it-IT","potentialAction":[{"@type":"ReadAction","target":["https:\/\/staging.varesenews.it\/2022\/04\/carabinieri-donano-90-alberi-far-tornare-vivere-mottarone\/1449004\/"]}]},{"@type":"BreadcrumbList","@id":"https:\/\/staging.varesenews.it\/2022\/04\/carabinieri-donano-90-alberi-far-tornare-vivere-mottarone\/1449004\/#breadcrumb","itemListElement":[{"@type":"ListItem","position":1,"name":"Home","item":"https:\/\/www.varesenews.it\/"},{"@type":"ListItem","position":2,"name":"I carabinieri donano 90 alberi per far tornare a vivere il Mottarone"}]},{"@type":"WebSite","@id":"https:\/\/staging.varesenews.it\/#website","url":"https:\/\/staging.varesenews.it\/","name":"VareseNews","description":"","potentialAction":[{"@type":"SearchAction","target":{"@type":"EntryPoint","urlTemplate":"https:\/\/staging.varesenews.it\/?s={search_term_string}"},"query-input":"required name=search_term_string"}],"inLanguage":"it-IT"},{"@type":"Person","@id":"https:\/\/staging.varesenews.it\/#\/schema\/person\/5ae9c65889c40fea73a6c40733b93f8a","name":"Tommaso Guidotti","image":{"@type":"ImageObject","inLanguage":"it-IT","@id":"https:\/\/staging.varesenews.it\/#\/schema\/person\/image\/","url":"https:\/\/staging.varesenews.it\/wp-content\/uploads\/2020\/12\/tommaso_guidotti_colori_500.jpg","contentUrl":"https:\/\/staging.varesenews.it\/wp-content\/uploads\/2020\/12\/tommaso_guidotti_colori_500.jpg","caption":"Tommaso Guidotti"},"description":"Nato a Milano e trasferito nel Varesotto in tenera et&agrave;, sposato con Chiara dal 2012 e padre di due figli, Lorenzo e Alice. Sono laureato in Scienze Politiche e ho nel mio bagaglio lontani studi classici al Liceo Cairoli di Varese. Amo leggere, le serie tv, i viaggi e mi piace sperimentare e conoscere. La passione pi&ugrave; grande? Il calcio, giocato, simulato e guardato: occupo parte del mio tempo libero con quella che &egrave; pi&ugrave; di una squadra di calcio, i Bidone, una vera e propria seconda famiglia con cui ho portato avanti tanti progetti sportivi e benefici. Faccio parte dal 2004 della squadra di VareseNews e sono giornalista professionista dal 2009: per dieci anni ho ricoperto il ruolo di caporedattore. Dal 2019 coordino insieme ad una redazione di giovani collaboratori il nuovo progetto del gruppo nella zona del Saronnese, il giornale SaronnoNews, spin-off di VareseNews, restando comunque radicato al territorio di Casciago, paese che mi ha adottato e che amo moltissimo come il lago di Varese e Cazzago Brabbia, il paese dove ho vissuto da giovane.","sameAs":["https:\/\/www.facebook.com\/tommaso.guidotti.7","tomguidoz80","https:\/\/www.linkedin.com\/profile\/view?id=36891883&authType=name&authToken=9pNm&locale=en_US&goback=npv_36891883_*1_*1_name_9pNm_*1_*1_*1_*1_*1_*1_*1_*1_*1_*1_*1_*1_*1_*1_*1_*1_*1_*1_*1_*1_*1_*1_*1_*1_*1_*1_*1_*1_*1_*1_*1_*1_*1","https:\/\/twitter.com\/tomguidoz"],"url":"https:\/\/staging.varesenews.it\/persona\/tommaso_guidotti\/"}]}},"post_meta":{"content-image-gallery":"","_edit_lock":"1649522830:39","_edit_last":"39","_category_permalink":"a:1:{s:8:\"category\";s:0:\"\";}","_encloseme":"1","ratings_users":"0","ratings_score":"0","ratings_average":"0","foto":"1292891","firma_come_redazione":"1","argomento":"Stresa","_yoast_wpseo_focuskw_text_input":"mottarone","_yoast_wpseo_focuskw":"mottarone","_yoast_wpseo_linkdex":"65","_yoast_wpseo_content_score":"30","_jd_tweet_this":"yes","_wpt_short_url":"https:\/\/www.varesenews.it\/2022\/04\/carabinieri-donano-90-alberi-far-tornare-vivere-mottarone\/1449004\/","_wp_jd_target":"https:\/\/www.varesenews.it\/2022\/04\/carabinieri-donano-90-alberi-far-tornare-vivere-mottarone\/1449004\/","_jd_wp_twitter":"a:1:{i:0;s:201:\"I carabinieri donano 90 alberi per far tornare a vivere il Mottarone https:\/\/www.varesenews.it\/2022\/04\/carabinieri-donano-90-alberi-far-tornare-vivere-mottarone\/1449004\/ #alberi #carabinieri #mottarone\";}","_wpt_status_message":"Tweet inviato con successo.","_oembed_c16713392c842d72180ef43abbe5c7a2":"<blockquote class=\"wp-embedded-content\" data-secret=\"dTL7aWGUSv\"><a href=\"https:\/\/www.varesenews.it\/2022\/04\/false-dichiarazioni-ottenere-gli-aiuti-covid-scatta-la-confisca-unazienda-varese\/1448372\/\">False dichiarazioni per ottenere gli aiuti covid: scatta la confisca per un&#8217;azienda di Somma Lombardo<\/a><\/blockquote><iframe class=\"wp-embedded-content\" sandbox=\"allow-scripts\" security=\"restricted\" style=\"position: absolute; clip: rect(1px, 1px, 1px, 1px);\" src=\"https:\/\/www.varesenews.it\/2022\/04\/false-dichiarazioni-ottenere-gli-aiuti-covid-scatta-la-confisca-unazienda-varese\/1448372\/embed\/#?secret=dTL7aWGUSv\" data-secret=\"dTL7aWGUSv\" width=\"500\" height=\"282\" title=\"&#8220;False dichiarazioni per ottenere gli aiuti covid: scatta la confisca per un&#8217;azienda di Somma Lombardo&#8221; &#8212; VareseNews\" frameborder=\"0\" marginwidth=\"0\" marginheight=\"0\" scrolling=\"no\"><\/iframe>","_oembed_time_c16713392c842d72180ef43abbe5c7a2":"1649522859","_oembed_5c07f36570d9a89db57ad2d3ce9fa3f3":"<blockquote class=\"wp-embedded-content\" data-secret=\"cBe5PSilHO\"><a href=\"https:\/\/www.varesenews.it\/2022\/04\/eventi-bambini-nel-weekend-dal-8-al-10-aprile-varese-provincia\/1448499\/\">Eventi per bambini nel weekend dal 8 al 10 aprile tra Varese e provincia<\/a><\/blockquote><iframe class=\"wp-embedded-content\" sandbox=\"allow-scripts\" security=\"restricted\" style=\"position: absolute; clip: rect(1px, 1px, 1px, 1px);\" src=\"https:\/\/www.varesenews.it\/2022\/04\/eventi-bambini-nel-weekend-dal-8-al-10-aprile-varese-provincia\/1448499\/embed\/#?secret=cBe5PSilHO\" data-secret=\"cBe5PSilHO\" width=\"500\" height=\"282\" title=\"&#8220;Eventi per bambini nel weekend dal 8 al 10 aprile tra Varese e provincia&#8221; &#8212; VareseNews\" frameborder=\"0\" marginwidth=\"0\" marginheight=\"0\" scrolling=\"no\"><\/iframe>","_oembed_time_5c07f36570d9a89db57ad2d3ce9fa3f3":"1649522860","_oembed_c317db4b75ff03723c41641f69cd635a":"<blockquote class=\"wp-embedded-content\" data-secret=\"J4JYBKa3lQ\"><a href=\"https:\/\/www.varesenews.it\/2022\/04\/jemoli-mette-guarda-la-openjobmetis-vietato-sottovalutare-treviso\/1448768\/\">Jemoli tiene alta l&#8217;attenzione della Openjobmetis: &#8220;Vietato sottovalutare Treviso&#8221;<\/a><\/blockquote><iframe class=\"wp-embedded-content\" sandbox=\"allow-scripts\" security=\"restricted\" style=\"position: absolute; clip: rect(1px, 1px, 1px, 1px);\" src=\"https:\/\/www.varesenews.it\/2022\/04\/jemoli-mette-guarda-la-openjobmetis-vietato-sottovalutare-treviso\/1448768\/embed\/#?secret=J4JYBKa3lQ\" data-secret=\"J4JYBKa3lQ\" width=\"500\" height=\"282\" title=\"&#8220;Jemoli tiene alta l&#8217;attenzione della Openjobmetis: &#8220;Vietato sottovalutare Treviso&#8221;&#8221; &#8212; VareseNews\" frameborder=\"0\" marginwidth=\"0\" marginheight=\"0\" scrolling=\"no\"><\/iframe>","_oembed_time_c317db4b75ff03723c41641f69cd635a":"1649522948","_oembed_9e2fa2dd279d03c1fc0a21d0cc9c659a":"<blockquote class=\"wp-embedded-content\" data-secret=\"CfwFKprOdp\"><a href=\"https:\/\/www.varesenews.it\/2022\/04\/cuor-leggero-mani-pesanti-la-uyba-pronta-suoi-playoff\/1448648\/\">Cuor leggero e mani pesanti: la Uyba \u00e8 pronta per i suoi playoff<\/a><\/blockquote><iframe class=\"wp-embedded-content\" sandbox=\"allow-scripts\" security=\"restricted\" style=\"position: absolute; clip: rect(1px, 1px, 1px, 1px);\" src=\"https:\/\/www.varesenews.it\/2022\/04\/cuor-leggero-mani-pesanti-la-uyba-pronta-suoi-playoff\/1448648\/embed\/#?secret=CfwFKprOdp\" data-secret=\"CfwFKprOdp\" width=\"500\" height=\"282\" title=\"&#8220;Cuor leggero e mani pesanti: la Uyba \u00e8 pronta per i suoi playoff&#8221; &#8212; VareseNews\" frameborder=\"0\" marginwidth=\"0\" marginheight=\"0\" scrolling=\"no\"><\/iframe>","_oembed_time_9e2fa2dd279d03c1fc0a21d0cc9c659a":"1649522948","_oembed_3939b3d963286e38808c9af5bc0d57d5":"<blockquote class=\"wp-embedded-content\" data-secret=\"8YIK02AYsJ\"><a href=\"https:\/\/www.varesenews.it\/2022\/04\/borscht-spesa-sospesa-induno-olona-unedizione-speciale-del-mercato-della-terra-dedicata-allucraina\/1447567\/\">Borscht e spesa sospesa: a Induno Olona un&#8217;edizione speciale del Mercato della Terra dedicata all&#8217;Ucraina<\/a><\/blockquote><iframe class=\"wp-embedded-content\" sandbox=\"allow-scripts\" security=\"restricted\" style=\"position: absolute; clip: rect(1px, 1px, 1px, 1px);\" src=\"https:\/\/www.varesenews.it\/2022\/04\/borscht-spesa-sospesa-induno-olona-unedizione-speciale-del-mercato-della-terra-dedicata-allucraina\/1447567\/embed\/#?secret=8YIK02AYsJ\" data-secret=\"8YIK02AYsJ\" width=\"500\" height=\"282\" title=\"&#8220;Borscht e spesa sospesa: a Induno Olona un&#8217;edizione speciale del Mercato della Terra dedicata all&#8217;Ucraina&#8221; &#8212; VareseNews\" frameborder=\"0\" marginwidth=\"0\" marginheight=\"0\" scrolling=\"no\"><\/iframe>","_oembed_time_3939b3d963286e38808c9af5bc0d57d5":"1649522948","_oembed_2e3b5621152e55889932651def719ff8":"<blockquote class=\"wp-embedded-content\" data-secret=\"U2oreAqbiT\"><a href=\"https:\/\/www.varesenews.it\/2018\/06\/mappa-luoghi-dello-spaccio-nei-boschi\/728655\/\">In una mappa i luoghi dello spaccio nei boschi<\/a><\/blockquote><iframe class=\"wp-embedded-content\" sandbox=\"allow-scripts\" security=\"restricted\" style=\"position: absolute; clip: rect(1px, 1px, 1px, 1px);\" src=\"https:\/\/www.varesenews.it\/2018\/06\/mappa-luoghi-dello-spaccio-nei-boschi\/728655\/embed\/#?secret=U2oreAqbiT\" data-secret=\"U2oreAqbiT\" width=\"500\" height=\"282\" title=\"&#8220;In una mappa i luoghi dello spaccio nei boschi&#8221; &#8212; VareseNews\" frameborder=\"0\" marginwidth=\"0\" marginheight=\"0\" scrolling=\"no\"><\/iframe>","_oembed_time_2e3b5621152e55889932651def719ff8":"1649523462","_oembed_934fc271ef92047ef7fe6f9692c86a68":"<blockquote class=\"wp-embedded-content\" data-secret=\"UOHdFoTzz6\"><a href=\"https:\/\/www.varesenews.it\/2022\/02\/prezzi-carburanti-diversi-rincari-perche-citta-autostrada\/1429445\/\">Perch\u00e9 i prezzi dei carburanti sono cos\u00ec diversi tra citt\u00e0 e autostrada<\/a><\/blockquote><iframe class=\"wp-embedded-content\" sandbox=\"allow-scripts\" security=\"restricted\" style=\"position: absolute; clip: rect(1px, 1px, 1px, 1px);\" src=\"https:\/\/www.varesenews.it\/2022\/02\/prezzi-carburanti-diversi-rincari-perche-citta-autostrada\/1429445\/embed\/#?secret=UOHdFoTzz6\" data-secret=\"UOHdFoTzz6\" width=\"500\" height=\"282\" title=\"&#8220;Perch\u00e9 i prezzi dei carburanti sono cos\u00ec diversi tra citt\u00e0 e autostrada&#8221; &#8212; VareseNews\" frameborder=\"0\" marginwidth=\"0\" marginheight=\"0\" scrolling=\"no\"><\/iframe>","_oembed_time_934fc271ef92047ef7fe6f9692c86a68":"1649523804","_oembed_7517571d846acdc737cb0fc2a99f8f35":"<blockquote class=\"wp-embedded-content\" data-secret=\"vyFg33Pq8R\"><a href=\"https:\/\/www.varesenews.it\/2022\/04\/eventi-bambini-nel-weekend-dal-1-al-3-aprile-varese-provincia\/1445506\/\">Eventi per bambini nel weekend dal 1 al 3 aprile tra Varese e provincia<\/a><\/blockquote><iframe class=\"wp-embedded-content\" sandbox=\"allow-scripts\" security=\"restricted\" style=\"position: absolute; clip: rect(1px, 1px, 1px, 1px);\" src=\"https:\/\/www.varesenews.it\/2022\/04\/eventi-bambini-nel-weekend-dal-1-al-3-aprile-varese-provincia\/1445506\/embed\/#?secret=vyFg33Pq8R\" data-secret=\"vyFg33Pq8R\" width=\"500\" height=\"282\" title=\"&#8220;Eventi per bambini nel weekend dal 1 al 3 aprile tra Varese e provincia&#8221; &#8212; VareseNews\" frameborder=\"0\" marginwidth=\"0\" marginheight=\"0\" scrolling=\"no\"><\/iframe>","_oembed_time_7517571d846acdc737cb0fc2a99f8f35":"1649523804","_oembed_e91035d6fbfa4dc150e211af0dbb0e79":"<blockquote class=\"wp-embedded-content\" data-secret=\"lbeiT9T8MT\"><a href=\"https:\/\/www.varesenews.it\/2021\/09\/la-svizzera-dice-si-ai-matrimoni-gay\/1382907\/\">La Svizzera dice s\u00ec ai matrimoni gay<\/a><\/blockquote><iframe class=\"wp-embedded-content\" sandbox=\"allow-scripts\" security=\"restricted\" style=\"position: absolute; clip: rect(1px, 1px, 1px, 1px);\" src=\"https:\/\/www.varesenews.it\/2021\/09\/la-svizzera-dice-si-ai-matrimoni-gay\/1382907\/embed\/#?secret=lbeiT9T8MT\" data-secret=\"lbeiT9T8MT\" width=\"500\" height=\"282\" title=\"&#8220;La Svizzera dice s\u00ec ai matrimoni gay&#8221; &#8212; VareseNews\" frameborder=\"0\" marginwidth=\"0\" marginheight=\"0\" scrolling=\"no\"><\/iframe>","_oembed_time_e91035d6fbfa4dc150e211af0dbb0e79":"1649523804","_oembed_d75875eeff7d1119958e9ab3d18ed1c8":"<blockquote class=\"wp-embedded-content\" data-secret=\"eK1WQeG2Bm\"><a href=\"https:\/\/www.verbanonews.it\/aree-geografiche\/canton-ticino\/2022\/03\/25\/corsi-di-lingua-per-i-rifugiati-in-svizzera-si-pianifica-lintegrazione\/941991\/\">Corsi di lingua per i rifugiati, in Svizzera si pianifica l&#8217;integrazione<\/a><\/blockquote><iframe class=\"wp-embedded-content\" sandbox=\"allow-scripts\" security=\"restricted\" style=\"position: absolute; clip: rect(1px, 1px, 1px, 1px);\" src=\"https:\/\/www.verbanonews.it\/aree-geografiche\/canton-ticino\/2022\/03\/25\/corsi-di-lingua-per-i-rifugiati-in-svizzera-si-pianifica-lintegrazione\/941991\/embed\/#?secret=eK1WQeG2Bm\" data-secret=\"eK1WQeG2Bm\" width=\"500\" height=\"282\" title=\"&#8220;Corsi di lingua per i rifugiati, in Svizzera si pianifica l&#8217;integrazione&#8221; &#8212; VerbanoNews\" frameborder=\"0\" marginwidth=\"0\" marginheight=\"0\" scrolling=\"no\"><\/iframe>","_oembed_time_d75875eeff7d1119958e9ab3d18ed1c8":"1649523809"},"photos":[{"original":"https:\/\/staging.varesenews.it\/photogallery_new\/images\/2022\/04\/varie-1292891.jpg","full":"https:\/\/staging.varesenews.it\/photogallery_new\/images\/2022\/04\/varie-1292891.1024x768.jpg","large":"https:\/\/staging.varesenews.it\/photogallery_new\/images\/2022\/04\/varie-1292891.610x431.jpg"}],"_links":{"self":[{"href":"https:\/\/staging.varesenews.it\/swgapi\/v1\/wp\/v2\/posts\/1449004"}],"collection":[{"href":"https:\/\/staging.varesenews.it\/swgapi\/v1\/wp\/v2\/posts"}],"about":[{"href":"https:\/\/staging.varesenews.it\/swgapi\/v1\/wp\/v2\/types\/post"}],"author":[{"embeddable":true,"href":"https:\/\/staging.varesenews.it\/swgapi\/v1\/wp\/v2\/users\/39"}],"replies":[{"embeddable":true,"href":"https:\/\/staging.varesenews.it\/swgapi\/v1\/wp\/v2\/comments?post=1449004"}],"version-history":[{"count":0,"href":"https:\/\/staging.varesenews.it\/swgapi\/v1\/wp\/v2\/posts\/1449004\/revisions"}],"wp:attachment":[{"href":"https:\/\/staging.varesenews.it\/swgapi\/v1\/wp\/v2\/media?parent=1449004"}],"wp:term":[{"taxonomy":"category","embeddable":true,"href":"https:\/\/staging.varesenews.it\/swgapi\/v1\/wp\/v2\/categories?post=1449004"},{"taxonomy":"post_tag","embeddable":true,"href":"https:\/\/staging.varesenews.it\/swgapi\/v1\/wp\/v2\/tags?post=1449004"}],"curies":[{"name":"wp","href":"https:\/\/api.w.org\/{rel}","templated":true}]}}