{"id":1451690,"date":"2022-04-16T11:20:36","date_gmt":"2022-04-16T09:20:36","guid":{"rendered":"https:\/\/www.varesenews.it\/?p=1451690"},"modified":"2022-04-16T11:20:36","modified_gmt":"2022-04-16T09:20:36","slug":"pro-patria-mantova-diretta","status":"publish","type":"post","link":"https:\/\/staging.varesenews.it\/2022\/04\/pro-patria-mantova-diretta\/1451690\/","title":{"rendered":"Pro Patria &#8211; Mantova in diretta"},"content":{"rendered":"<p>Ultima partita della stagione allo stadio Speroni di <strong>Busto Arsizio<\/strong> per i tigrotti della <strong>Pro Patria<\/strong>, che questo pomeriggio, ore 14:30, ospiteranno i virgiliani del <strong>Mantova<\/strong>. Separate da una manciata di punti, entrambe le squadre sono alla ricerca diretta dalla <strong>salvezza sul campo<\/strong>. <a href=\"https:\/\/www.varesenews.it\/2022\/04\/la-pro-patria-vendita-citarella-mandato-cercare-acquirenti\/1450973\/\">Dopo l&#8217;ultimo annuncio del presidente Citarella<\/a>, il futuro della Pro Patria appare sempre pi\u00f9 nebuloso ma ieri mister Sala ha fatto sapere che lo spogliatoio \u00e8 concentrato <strong>solo sul campo<\/strong>, con <strong>l&#8217;obiettivo dei tre punt<\/strong>i per sperare fino all&#8217;ultimo nel treno dei<strong> playoff.<\/strong><\/p>\n<p><strong>DIRETTAVN<\/strong>\u00a0\u2013 Il racconto della partita \u00e8 gi\u00e0 iniziato sul nostro liveblog (per visualizzare meglio\u00a0<a href=\"http:\/\/live.varesenews.it\/Event\/Calcio_Serie_C_FeralpiSal_-_Pro_Patria\"><strong>clicca QUI<\/strong>)<\/a>. Potrete seguire il nostro live commentando in tempo reale e interagendo con l\u2019hashtag\u00a0<strong>#DirettaVn<\/strong>\u00a0sui social.<\/p>\n<div class=\"scrbbl-embed\" data-src=\"\/event\/2990391\/20629\"><\/div>\n<p><script>(function(d, s, id) {var js,ijs=d.getElementsByTagName(s)[0];if(d.getElementById(id))return;js=d.createElement(s);js.id=id;js.src=\"\/\/embed.scribblelive.com\/widgets\/embed.js\";ijs.parentNode.insertBefore(js, ijs);}(document, 'script', 'scrbbl-js'));<\/script><\/p>\n","protected":false},"excerpt":{"rendered":"<p>Fischio di inizio alle 14:30 per l&#8217;ultima partita stagionale della Pro Patria a Busto Arsizio. La partita col Mantova pu\u00f2 regalare la salvezza ai tigrotti. Il racconto della partita su #direttavn<\/p>\n","protected":false},"author":16977,"featured_media":0,"comment_status":"open","ping_status":"open","sticky":false,"template":"","format":"standard","meta":{"footnotes":""},"categories":[4,14],"tags":[98976,65446,147],"acf":[],"yoast_head":"<!-- This site is optimized with the Yoast SEO plugin v20.1 - https:\/\/yoast.com\/wordpress\/plugins\/seo\/ -->\n<title>Pro Patria - Mantova in diretta<\/title>\n<meta name=\"description\" content=\"Fischio di inizio alle 14:30 per l&#039;ultima partita stagionale della Pro Patria a Busto Arsizio. La partita col Mantova pu\u00f2 regalare la salvezza ai tigrotti. Il racconto della partita su #direttavn\" \/>\n<meta name=\"robots\" content=\"noindex, follow, max-snippet:-1, max-image-preview:large, max-video-preview:-1\" \/>\n<meta property=\"og:locale\" content=\"it_IT\" \/>\n<meta property=\"og:type\" content=\"article\" \/>\n<meta property=\"og:title\" content=\"Pro Patria - Mantova in diretta\" \/>\n<meta property=\"og:description\" content=\"Fischio di inizio alle 14:30 per l&#039;ultima partita stagionale della Pro Patria a Busto Arsizio. La partita col Mantova pu\u00f2 regalare la salvezza ai tigrotti. Il racconto della partita su #direttavn\" \/>\n<meta property=\"og:url\" content=\"https:\/\/staging.varesenews.it\/2022\/04\/pro-patria-mantova-diretta\/1451690\/\" \/>\n<meta property=\"og:site_name\" content=\"VareseNews\" \/>\n<meta property=\"article:publisher\" content=\"https:\/\/www.facebook.com\/varesenews\" \/>\n<meta property=\"article:published_time\" content=\"2022-04-16T09:20:36+00:00\" \/>\n<meta name=\"author\" content=\"Marco Tresca\" \/>\n<meta name=\"twitter:card\" content=\"summary_large_image\" \/>\n<meta name=\"twitter:creator\" content=\"@varesenews\" \/>\n<meta name=\"twitter:site\" content=\"@varesenews\" \/>\n<meta name=\"twitter:label1\" content=\"Scritto da\" \/>\n\t<meta name=\"twitter:data1\" content=\"Marco Tresca\" \/>\n\t<meta name=\"twitter:label2\" content=\"Tempo di lettura stimato\" \/>\n\t<meta name=\"twitter:data2\" content=\"1 minuto\" \/>\n<script type=\"application\/ld+json\" class=\"yoast-schema-graph\">{\"@context\":\"https:\/\/schema.org\",\"@graph\":[{\"@type\":\"WebPage\",\"@id\":\"https:\/\/staging.varesenews.it\/2022\/04\/pro-patria-mantova-diretta\/1451690\/\",\"url\":\"https:\/\/staging.varesenews.it\/2022\/04\/pro-patria-mantova-diretta\/1451690\/\",\"name\":\"Pro Patria - Mantova in diretta\",\"isPartOf\":{\"@id\":\"https:\/\/staging.varesenews.it\/#website\"},\"datePublished\":\"2022-04-16T09:20:36+00:00\",\"dateModified\":\"2022-04-16T09:20:36+00:00\",\"author\":{\"@id\":\"https:\/\/staging.varesenews.it\/#\/schema\/person\/964d6520a84106b854f204081e38754a\"},\"description\":\"Fischio di inizio alle 14:30 per l'ultima partita stagionale della Pro Patria a Busto Arsizio. La partita col Mantova pu\u00f2 regalare la salvezza ai tigrotti. Il racconto della partita su #direttavn\",\"breadcrumb\":{\"@id\":\"https:\/\/staging.varesenews.it\/2022\/04\/pro-patria-mantova-diretta\/1451690\/#breadcrumb\"},\"inLanguage\":\"it-IT\",\"potentialAction\":[{\"@type\":\"ReadAction\",\"target\":[\"https:\/\/staging.varesenews.it\/2022\/04\/pro-patria-mantova-diretta\/1451690\/\"]}]},{\"@type\":\"BreadcrumbList\",\"@id\":\"https:\/\/staging.varesenews.it\/2022\/04\/pro-patria-mantova-diretta\/1451690\/#breadcrumb\",\"itemListElement\":[{\"@type\":\"ListItem\",\"position\":1,\"name\":\"Home\",\"item\":\"https:\/\/www.varesenews.it\/\"},{\"@type\":\"ListItem\",\"position\":2,\"name\":\"Pro Patria &#8211; Mantova in diretta\"}]},{\"@type\":\"WebSite\",\"@id\":\"https:\/\/staging.varesenews.it\/#website\",\"url\":\"https:\/\/staging.varesenews.it\/\",\"name\":\"VareseNews\",\"description\":\"\",\"potentialAction\":[{\"@type\":\"SearchAction\",\"target\":{\"@type\":\"EntryPoint\",\"urlTemplate\":\"https:\/\/staging.varesenews.it\/?s={search_term_string}\"},\"query-input\":\"required name=search_term_string\"}],\"inLanguage\":\"it-IT\"},{\"@type\":\"Person\",\"@id\":\"https:\/\/staging.varesenews.it\/#\/schema\/person\/964d6520a84106b854f204081e38754a\",\"name\":\"Marco Tresca\",\"image\":{\"@type\":\"ImageObject\",\"inLanguage\":\"it-IT\",\"@id\":\"https:\/\/staging.varesenews.it\/#\/schema\/person\/image\/\",\"url\":\"https:\/\/staging.varesenews.it\/wp-content\/uploads\/2020\/12\/marco_tresca_colori_500.jpg\",\"contentUrl\":\"https:\/\/staging.varesenews.it\/wp-content\/uploads\/2020\/12\/marco_tresca_colori_500.jpg\",\"caption\":\"Marco Tresca\"},\"description\":\"Nato a Varese nel 1995 e cresciuto sulle colline tainesi, da dove mi piace osservare e raccontare quello che accade lungo le sponde lombarde e piemontesi del Lago Maggiore e del Ticino. Dopo essermi laureato in lingue e letterature a Milano, inizio a collaborare con VareseNews prima e con VerbanoNews poi. Quando non scrivo della vita di ogni giorno mi piace mettermi al servizio delle mie passioni, con un orecchio rivolto alla musica e l'altro a bordo del campo da basket.\",\"url\":\"https:\/\/staging.varesenews.it\/persona\/marco-tresca\/\"}]}<\/script>\n<!-- \/ Yoast SEO plugin. -->","yoast_head_json":{"title":"Pro Patria - Mantova in diretta","description":"Fischio di inizio alle 14:30 per l'ultima partita stagionale della Pro Patria a Busto Arsizio. La partita col Mantova pu\u00f2 regalare la salvezza ai tigrotti. Il racconto della partita su #direttavn","robots":{"index":"noindex","follow":"follow","max-snippet":"max-snippet:-1","max-image-preview":"max-image-preview:large","max-video-preview":"max-video-preview:-1"},"og_locale":"it_IT","og_type":"article","og_title":"Pro Patria - Mantova in diretta","og_description":"Fischio di inizio alle 14:30 per l'ultima partita stagionale della Pro Patria a Busto Arsizio. La partita col Mantova pu\u00f2 regalare la salvezza ai tigrotti. Il racconto della partita su #direttavn","og_url":"https:\/\/staging.varesenews.it\/2022\/04\/pro-patria-mantova-diretta\/1451690\/","og_site_name":"VareseNews","article_publisher":"https:\/\/www.facebook.com\/varesenews","article_published_time":"2022-04-16T09:20:36+00:00","author":"Marco Tresca","twitter_card":"summary_large_image","twitter_creator":"@varesenews","twitter_site":"@varesenews","twitter_misc":{"Scritto da":"Marco Tresca","Tempo di lettura stimato":"1 minuto"},"schema":{"@context":"https:\/\/schema.org","@graph":[{"@type":"WebPage","@id":"https:\/\/staging.varesenews.it\/2022\/04\/pro-patria-mantova-diretta\/1451690\/","url":"https:\/\/staging.varesenews.it\/2022\/04\/pro-patria-mantova-diretta\/1451690\/","name":"Pro Patria - Mantova in diretta","isPartOf":{"@id":"https:\/\/staging.varesenews.it\/#website"},"datePublished":"2022-04-16T09:20:36+00:00","dateModified":"2022-04-16T09:20:36+00:00","author":{"@id":"https:\/\/staging.varesenews.it\/#\/schema\/person\/964d6520a84106b854f204081e38754a"},"description":"Fischio di inizio alle 14:30 per l'ultima partita stagionale della Pro Patria a Busto Arsizio. La partita col Mantova pu\u00f2 regalare la salvezza ai tigrotti. Il racconto della partita su #direttavn","breadcrumb":{"@id":"https:\/\/staging.varesenews.it\/2022\/04\/pro-patria-mantova-diretta\/1451690\/#breadcrumb"},"inLanguage":"it-IT","potentialAction":[{"@type":"ReadAction","target":["https:\/\/staging.varesenews.it\/2022\/04\/pro-patria-mantova-diretta\/1451690\/"]}]},{"@type":"BreadcrumbList","@id":"https:\/\/staging.varesenews.it\/2022\/04\/pro-patria-mantova-diretta\/1451690\/#breadcrumb","itemListElement":[{"@type":"ListItem","position":1,"name":"Home","item":"https:\/\/www.varesenews.it\/"},{"@type":"ListItem","position":2,"name":"Pro Patria &#8211; Mantova in diretta"}]},{"@type":"WebSite","@id":"https:\/\/staging.varesenews.it\/#website","url":"https:\/\/staging.varesenews.it\/","name":"VareseNews","description":"","potentialAction":[{"@type":"SearchAction","target":{"@type":"EntryPoint","urlTemplate":"https:\/\/staging.varesenews.it\/?s={search_term_string}"},"query-input":"required name=search_term_string"}],"inLanguage":"it-IT"},{"@type":"Person","@id":"https:\/\/staging.varesenews.it\/#\/schema\/person\/964d6520a84106b854f204081e38754a","name":"Marco Tresca","image":{"@type":"ImageObject","inLanguage":"it-IT","@id":"https:\/\/staging.varesenews.it\/#\/schema\/person\/image\/","url":"https:\/\/staging.varesenews.it\/wp-content\/uploads\/2020\/12\/marco_tresca_colori_500.jpg","contentUrl":"https:\/\/staging.varesenews.it\/wp-content\/uploads\/2020\/12\/marco_tresca_colori_500.jpg","caption":"Marco Tresca"},"description":"Nato a Varese nel 1995 e cresciuto sulle colline tainesi, da dove mi piace osservare e raccontare quello che accade lungo le sponde lombarde e piemontesi del Lago Maggiore e del Ticino. Dopo essermi laureato in lingue e letterature a Milano, inizio a collaborare con VareseNews prima e con VerbanoNews poi. Quando non scrivo della vita di ogni giorno mi piace mettermi al servizio delle mie passioni, con un orecchio rivolto alla musica e l'altro a bordo del campo da basket.","url":"https:\/\/staging.varesenews.it\/persona\/marco-tresca\/"}]}},"post_meta":{"content-image-gallery":"","_edit_lock":"1650100717:16977","_edit_last":"16977","_category_permalink":"a:1:{s:7:\"testate\";s:0:\"\";}","argomento":"Calcio","_yoast_wpseo_focuskw_text_input":"Pro patria Mantova diretta","_yoast_wpseo_focuskw":"Pro patria Mantova diretta","_yoast_wpseo_linkdex":"47","_yoast_wpseo_content_score":"30","_jd_tweet_this":"yes","_encloseme":"1","ratings_users":"0","ratings_score":"0","ratings_average":"0","foto":"1294991","_wpt_short_url":"https:\/\/www.varesenews.it\/2022\/04\/pro-patria-mantova-diretta\/1451690\/","_wp_jd_target":"https:\/\/www.varesenews.it\/2022\/04\/pro-patria-mantova-diretta\/1451690\/","_jd_wp_twitter":"a:1:{i:0;s:139:\"Pro Patria \u2013 Mantova in diretta https:\/\/www.varesenews.it\/2022\/04\/pro-patria-mantova-diretta\/1451690\/ #calcioseriec #direttavn #ProPatria\";}","_wpt_status_message":"Tweet inviato con successo.","_oembed_7fbcabcb2c64f12cdddd67acb104efc0":"<blockquote class=\"wp-embedded-content\" data-secret=\"h7tOYiD3IE\"><a href=\"https:\/\/www.varesenews.it\/2022\/04\/gallimberti-sui-tempi-ripristino-della-funicolare-la-sicurezza-bisogno-procedure-lintervento-terminera-entro-lestate\/1451569\/\">Galimberti sui tempi di ripristino della funicolare: &#8220;La sicurezza ha bisogno di procedure ma l&#8217;intervento terminer\u00e0 entro l&#8217;estate&#8221;<\/a><\/blockquote><iframe class=\"wp-embedded-content\" sandbox=\"allow-scripts\" security=\"restricted\" style=\"position: absolute; clip: rect(1px, 1px, 1px, 1px);\" src=\"https:\/\/www.varesenews.it\/2022\/04\/gallimberti-sui-tempi-ripristino-della-funicolare-la-sicurezza-bisogno-procedure-lintervento-terminera-entro-lestate\/1451569\/embed\/#?secret=h7tOYiD3IE\" data-secret=\"h7tOYiD3IE\" width=\"500\" height=\"282\" title=\"&#8220;Galimberti sui tempi di ripristino della funicolare: &#8220;La sicurezza ha bisogno di procedure ma l&#8217;intervento terminer\u00e0 entro l&#8217;estate&#8221;&#8221; &#8212; VareseNews\" frameborder=\"0\" marginwidth=\"0\" marginheight=\"0\" scrolling=\"no\"><\/iframe>","_oembed_time_7fbcabcb2c64f12cdddd67acb104efc0":"1650101044","_oembed_eed1ee1c43cae59a2fcee8537f99d4f0":"<iframe width=\"500\" height=\"281\" src=\"https:\/\/www.youtube.com\/embed\/QLZMx4fB-T8?feature=oembed\" frameborder=\"0\" allow=\"accelerometer; autoplay; clipboard-write; encrypted-media; gyroscope; picture-in-picture\" allowfullscreen><\/iframe>","_oembed_time_eed1ee1c43cae59a2fcee8537f99d4f0":"1650101044","_oembed_c8ca0bbcae2ddf6c8a7ae1010e80cd89":"<blockquote class=\"wp-embedded-content\" data-secret=\"1yzugltZL7\"><a href=\"https:\/\/www.varesenews.it\/2022\/04\/fuoco-boschi-san-quirico-vigili-del-fuoco-al-lavoro-ad-angera\/1451572\/\">Le fiamme divorano i boschi di San Quirico, abitazioni evacuate nella notte<\/a><\/blockquote><iframe class=\"wp-embedded-content\" sandbox=\"allow-scripts\" security=\"restricted\" style=\"position: absolute; clip: rect(1px, 1px, 1px, 1px);\" src=\"https:\/\/www.varesenews.it\/2022\/04\/fuoco-boschi-san-quirico-vigili-del-fuoco-al-lavoro-ad-angera\/1451572\/embed\/#?secret=1yzugltZL7\" data-secret=\"1yzugltZL7\" width=\"500\" height=\"282\" title=\"&#8220;Le fiamme divorano i boschi di San Quirico, abitazioni evacuate nella notte&#8221; &#8212; VareseNews\" frameborder=\"0\" marginwidth=\"0\" marginheight=\"0\" scrolling=\"no\"><\/iframe>","_oembed_time_c8ca0bbcae2ddf6c8a7ae1010e80cd89":"1650101044","_oembed_a070759f122cff47728f68e94ae6a571":"<blockquote class=\"wp-embedded-content\" data-secret=\"nqyKDjQOaY\"><a href=\"https:\/\/www.varesenews.it\/2022\/04\/la-pro-patria-vendita-citarella-mandato-cercare-acquirenti\/1450973\/\">La Pro Patria \u00e8 in vendita, Citarella: \u201cHo il mandato per cercare acquirenti\u201d<\/a><\/blockquote><iframe class=\"wp-embedded-content\" sandbox=\"allow-scripts\" security=\"restricted\" style=\"position: absolute; clip: rect(1px, 1px, 1px, 1px);\" src=\"https:\/\/www.varesenews.it\/2022\/04\/la-pro-patria-vendita-citarella-mandato-cercare-acquirenti\/1450973\/embed\/#?secret=nqyKDjQOaY\" data-secret=\"nqyKDjQOaY\" width=\"500\" height=\"282\" title=\"&#8220;La Pro Patria \u00e8 in vendita, Citarella: \u201cHo il mandato per cercare acquirenti\u201d&#8221; &#8212; VareseNews\" frameborder=\"0\" marginwidth=\"0\" marginheight=\"0\" scrolling=\"no\"><\/iframe>","_oembed_time_a070759f122cff47728f68e94ae6a571":"1650101045","_oembed_0a664bd96ed9cfa183d257d6b59d5478":"<blockquote class=\"wp-embedded-content\" data-secret=\"8LADpGx3Cz\"><a href=\"https:\/\/www.varesenews.it\/2022\/04\/eventi-bambini-nel-weekend-dal-15-al-18-aprile-varese-provincia\/1451318\/\">Eventi per bambini nel weekend dal 15 al 18 aprile tra Varese e provincia<\/a><\/blockquote><iframe class=\"wp-embedded-content\" sandbox=\"allow-scripts\" security=\"restricted\" style=\"position: absolute; clip: rect(1px, 1px, 1px, 1px);\" src=\"https:\/\/www.varesenews.it\/2022\/04\/eventi-bambini-nel-weekend-dal-15-al-18-aprile-varese-provincia\/1451318\/embed\/#?secret=8LADpGx3Cz\" data-secret=\"8LADpGx3Cz\" width=\"500\" height=\"282\" title=\"&#8220;Eventi per bambini nel weekend dal 15 al 18 aprile tra Varese e provincia&#8221; &#8212; VareseNews\" frameborder=\"0\" marginwidth=\"0\" marginheight=\"0\" scrolling=\"no\"><\/iframe>","_oembed_time_0a664bd96ed9cfa183d257d6b59d5478":"1650101271","_oembed_aa5bb257c6cef6c4e23b38e3ff249920":"<iframe width=\"500\" height=\"281\" src=\"https:\/\/www.youtube.com\/embed\/cdUi0VbDfsk?feature=oembed\" frameborder=\"0\" allow=\"accelerometer; autoplay; clipboard-write; encrypted-media; gyroscope; picture-in-picture\" allowfullscreen><\/iframe>","_oembed_time_aa5bb257c6cef6c4e23b38e3ff249920":"1650101271","_oembed_b784907dd9179b2b968971123e0b49be":"<blockquote class=\"wp-embedded-content\" data-secret=\"GSLkRmTpvM\"><a href=\"https:\/\/www.varesenews.it\/2021\/12\/la-grande-cena-natale-solidale-busto-200-persone\/1414101\/\">La grande cena di Natale solidale di Busto per 200 persone<\/a><\/blockquote><iframe class=\"wp-embedded-content\" sandbox=\"allow-scripts\" security=\"restricted\" style=\"position: absolute; clip: rect(1px, 1px, 1px, 1px);\" src=\"https:\/\/www.varesenews.it\/2021\/12\/la-grande-cena-natale-solidale-busto-200-persone\/1414101\/embed\/#?secret=GSLkRmTpvM\" data-secret=\"GSLkRmTpvM\" width=\"500\" height=\"282\" title=\"&#8220;La grande cena di Natale solidale di Busto per 200 persone&#8221; &#8212; VareseNews\" frameborder=\"0\" marginwidth=\"0\" marginheight=\"0\" scrolling=\"no\"><\/iframe>","_oembed_time_b784907dd9179b2b968971123e0b49be":"1650101271","_oembed_97d5dfff58a1c8be668a0afb992e1c48":"<blockquote class=\"wp-embedded-content\" data-secret=\"bQm2MpxXJD\"><a href=\"https:\/\/www.varesenews.it\/2018\/07\/segreti-del-rituale-nella-lettura-della-buonanotte\/732129\/\">I segreti del rituale nella lettura della buonanotte<\/a><\/blockquote><iframe class=\"wp-embedded-content\" sandbox=\"allow-scripts\" security=\"restricted\" style=\"position: absolute; clip: rect(1px, 1px, 1px, 1px);\" src=\"https:\/\/www.varesenews.it\/2018\/07\/segreti-del-rituale-nella-lettura-della-buonanotte\/732129\/embed\/#?secret=bQm2MpxXJD\" data-secret=\"bQm2MpxXJD\" width=\"500\" height=\"282\" title=\"&#8220;I segreti del rituale nella lettura della buonanotte&#8221; &#8212; VareseNews\" frameborder=\"0\" marginwidth=\"0\" marginheight=\"0\" scrolling=\"no\"><\/iframe>","_oembed_time_97d5dfff58a1c8be668a0afb992e1c48":"1650101272","_oembed_9d4d505009f974ec16379eb1926605ed":"<blockquote class=\"wp-embedded-content\" data-secret=\"M1I4gKdpf6\"><a href=\"https:\/\/www.varesenews.it\/2022\/04\/busto-arsizio-dice-addio-ad-olga-fiorini-fondatrice-delle-scuole-acof-95-anni\/1449670\/\">Busto Arsizio dice addio ad Olga Fiorini, fondatrice delle scuole Acof. Aveva 95 anni<\/a><\/blockquote><iframe class=\"wp-embedded-content\" sandbox=\"allow-scripts\" security=\"restricted\" style=\"position: absolute; clip: rect(1px, 1px, 1px, 1px);\" src=\"https:\/\/www.varesenews.it\/2022\/04\/busto-arsizio-dice-addio-ad-olga-fiorini-fondatrice-delle-scuole-acof-95-anni\/1449670\/embed\/#?secret=M1I4gKdpf6\" data-secret=\"M1I4gKdpf6\" width=\"500\" height=\"282\" title=\"&#8220;Busto Arsizio dice addio ad Olga Fiorini, fondatrice delle scuole Acof. Aveva 95 anni&#8221; &#8212; VareseNews\" frameborder=\"0\" marginwidth=\"0\" marginheight=\"0\" scrolling=\"no\"><\/iframe>","_oembed_time_9d4d505009f974ec16379eb1926605ed":"1650101272","_oembed_703d1d141f5166c9962293648d8325d0":"<blockquote class=\"wp-embedded-content\" data-secret=\"1wZ2RaTFhm\"><a href=\"https:\/\/www.varesenews.it\/2020\/01\/greta-dalla-valceresio-shangai-viviamo-lallerta-coronavirus\/895675\/\">Greta, dalla Valceresio a Shangai: &#8220;Ecco come viviamo l&#8217;allerta coronavirus&#8221;<\/a><\/blockquote><iframe class=\"wp-embedded-content\" sandbox=\"allow-scripts\" security=\"restricted\" style=\"position: absolute; clip: rect(1px, 1px, 1px, 1px);\" src=\"https:\/\/www.varesenews.it\/2020\/01\/greta-dalla-valceresio-shangai-viviamo-lallerta-coronavirus\/895675\/embed\/#?secret=1wZ2RaTFhm\" data-secret=\"1wZ2RaTFhm\" width=\"500\" height=\"282\" title=\"&#8220;Greta, dalla Valceresio a Shangai: &#8220;Ecco come viviamo l&#8217;allerta coronavirus&#8221;&#8221; &#8212; VareseNews\" frameborder=\"0\" marginwidth=\"0\" marginheight=\"0\" scrolling=\"no\"><\/iframe>","_oembed_time_703d1d141f5166c9962293648d8325d0":"1650101318","_oembed_5c07f36570d9a89db57ad2d3ce9fa3f3":"<blockquote class=\"wp-embedded-content\" data-secret=\"alj8eMSahs\"><a href=\"https:\/\/www.varesenews.it\/2022\/04\/eventi-bambini-nel-weekend-dal-8-al-10-aprile-varese-provincia\/1448499\/\">Eventi per bambini nel weekend dal 8 al 10 aprile tra Varese e provincia<\/a><\/blockquote><iframe class=\"wp-embedded-content\" sandbox=\"allow-scripts\" security=\"restricted\" style=\"position: absolute; clip: rect(1px, 1px, 1px, 1px);\" src=\"https:\/\/www.varesenews.it\/2022\/04\/eventi-bambini-nel-weekend-dal-8-al-10-aprile-varese-provincia\/1448499\/embed\/#?secret=alj8eMSahs\" data-secret=\"alj8eMSahs\" width=\"500\" height=\"282\" title=\"&#8220;Eventi per bambini nel weekend dal 8 al 10 aprile tra Varese e provincia&#8221; &#8212; VareseNews\" frameborder=\"0\" marginwidth=\"0\" marginheight=\"0\" scrolling=\"no\"><\/iframe>","_oembed_time_5c07f36570d9a89db57ad2d3ce9fa3f3":"1650102103","_oembed_934fc271ef92047ef7fe6f9692c86a68":"<blockquote class=\"wp-embedded-content\" data-secret=\"GBa73nSXP3\"><a href=\"https:\/\/www.varesenews.it\/2022\/02\/prezzi-carburanti-diversi-rincari-perche-citta-autostrada\/1429445\/\">Perch\u00e9 i prezzi dei carburanti sono cos\u00ec diversi tra citt\u00e0 e autostrada<\/a><\/blockquote><iframe class=\"wp-embedded-content\" sandbox=\"allow-scripts\" security=\"restricted\" style=\"position: absolute; clip: rect(1px, 1px, 1px, 1px);\" src=\"https:\/\/www.varesenews.it\/2022\/02\/prezzi-carburanti-diversi-rincari-perche-citta-autostrada\/1429445\/embed\/#?secret=GBa73nSXP3\" data-secret=\"GBa73nSXP3\" width=\"500\" height=\"282\" title=\"&#8220;Perch\u00e9 i prezzi dei carburanti sono cos\u00ec diversi tra citt\u00e0 e autostrada&#8221; &#8212; VareseNews\" frameborder=\"0\" marginwidth=\"0\" marginheight=\"0\" scrolling=\"no\"><\/iframe>","_oembed_time_934fc271ef92047ef7fe6f9692c86a68":"1650102103","_oembed_37ee15381262b1d7823f1db88d455e19":"<iframe width=\"500\" height=\"281\" src=\"https:\/\/www.youtube.com\/embed\/fElW3AESTSU?feature=oembed\" frameborder=\"0\" allow=\"accelerometer; autoplay; clipboard-write; encrypted-media; gyroscope; picture-in-picture\" allowfullscreen><\/iframe>","_oembed_time_37ee15381262b1d7823f1db88d455e19":"1650102751","_oembed_fb4cba2c96d4d02bb952843dfa63b0e9":"<blockquote class=\"wp-embedded-content\" data-secret=\"EywH2em0mj\"><a href=\"https:\/\/www.varesenews.it\/2021\/11\/borgo-castiglione-olona-rinasce-fondi-della-regione-visione-concreta\/1398372\/\">Il borgo di Castiglione Olona rinasce con i fondi della Regione e una visione molto concreta<\/a><\/blockquote><iframe class=\"wp-embedded-content\" sandbox=\"allow-scripts\" security=\"restricted\" style=\"position: absolute; clip: rect(1px, 1px, 1px, 1px);\" src=\"https:\/\/www.varesenews.it\/2021\/11\/borgo-castiglione-olona-rinasce-fondi-della-regione-visione-concreta\/1398372\/embed\/#?secret=EywH2em0mj\" data-secret=\"EywH2em0mj\" width=\"500\" height=\"282\" title=\"&#8220;Il borgo di Castiglione Olona rinasce con i fondi della Regione e una visione molto concreta&#8221; &#8212; VareseNews\" frameborder=\"0\" marginwidth=\"0\" marginheight=\"0\" scrolling=\"no\"><\/iframe>","_oembed_time_fb4cba2c96d4d02bb952843dfa63b0e9":"1650102751"},"photos":[{"original":"https:\/\/staging.varesenews.it\/photogallery_new\/images\/2022\/04\/diretta-vn-pro-patria-direttavn-1294991.jpg","full":"https:\/\/staging.varesenews.it\/photogallery_new\/images\/2022\/04\/diretta-vn-pro-patria-direttavn-1294991.1024x768.jpg","large":"https:\/\/staging.varesenews.it\/photogallery_new\/images\/2022\/04\/diretta-vn-pro-patria-direttavn-1294991.610x431.jpg"}],"_links":{"self":[{"href":"https:\/\/staging.varesenews.it\/swgapi\/v1\/wp\/v2\/posts\/1451690"}],"collection":[{"href":"https:\/\/staging.varesenews.it\/swgapi\/v1\/wp\/v2\/posts"}],"about":[{"href":"https:\/\/staging.varesenews.it\/swgapi\/v1\/wp\/v2\/types\/post"}],"author":[{"embeddable":true,"href":"https:\/\/staging.varesenews.it\/swgapi\/v1\/wp\/v2\/users\/16977"}],"replies":[{"embeddable":true,"href":"https:\/\/staging.varesenews.it\/swgapi\/v1\/wp\/v2\/comments?post=1451690"}],"version-history":[{"count":0,"href":"https:\/\/staging.varesenews.it\/swgapi\/v1\/wp\/v2\/posts\/1451690\/revisions"}],"wp:attachment":[{"href":"https:\/\/staging.varesenews.it\/swgapi\/v1\/wp\/v2\/media?parent=1451690"}],"wp:term":[{"taxonomy":"category","embeddable":true,"href":"https:\/\/staging.varesenews.it\/swgapi\/v1\/wp\/v2\/categories?post=1451690"},{"taxonomy":"post_tag","embeddable":true,"href":"https:\/\/staging.varesenews.it\/swgapi\/v1\/wp\/v2\/tags?post=1451690"}],"curies":[{"name":"wp","href":"https:\/\/api.w.org\/{rel}","templated":true}]}}