{"id":1451993,"date":"2022-04-19T09:41:19","date_gmt":"2022-04-19T07:41:19","guid":{"rendered":"https:\/\/www.varesenews.it\/?p=1451993"},"modified":"2022-04-19T09:50:17","modified_gmt":"2022-04-19T07:50:17","slug":"mattoncini-lego-protagonisti-busto-arsizio","status":"publish","type":"post","link":"https:\/\/staging.varesenews.it\/2022\/04\/mattoncini-lego-protagonisti-busto-arsizio\/1451993\/","title":{"rendered":"I mattoncini Lego protagonisti a Busto Arsizio"},"content":{"rendered":"<p>Arriva a <strong>Busto Arsizio<\/strong> uno degli eventi pi\u00f9 coinvolgenti per grandi e piccini, un sogno che diventa realt\u00e0: il primo evento che avr\u00e0 come protagonisti i famosi e colorati mattoncini danesi della <strong>LEGO\u00ae (foto di Ale Milani)<\/strong><\/p>\n<p>L\u2019evento \u00e8 organizzato dal Distretto Commercio Busto Arsizio e dai team BrianzaLUG e <a href=\"https:\/\/www.facebook.com\/groups\/1701252216854380\">Fotografia Costruttiva<\/a>, due comunit\u00e0 riconosciute ufficialmente da THE LEGO\u00aeGROUP, con il sostegno del Comitato Commercianti Centro Cittadino di Busto Arsizio, di ASCOM e con la collaborazione del Comune di Busto Arsizio.<\/p>\n<p>La manifestazione si svolger\u00e0 <strong>dal 16\/04 al 13\/05 con le esposizioni delle sculture LEGO negli 84 negozi che hanno messo a disposizione le proprie vetrine<\/strong>.<br \/>\n<strong>Il clou dell\u2019evento si raggiunger\u00e0 nelle giornate del 23 e del 24 aprile al Museo del Tessile<\/strong> e della tradizione industriale di Busto Arsizio quando il team di BrianzaLUG esporr\u00e0 un plastico fatto di mattoncini LEGO, mentre Fotografia Costruttiva esporr\u00e0 la mostra fotografica itinerante. <strong>La mostra sar\u00e0 aperta tutti i giorni dalle 10 alle 18 <\/strong>e vedr\u00e0 anche la partecipazione dell&#8217;Emporio del Mattoncino<br \/>\nNel corso dell&#8217;evento si terr\u00e0 anche un concorso per le scuole primarie e secondarie di primo grado, sar\u00e0 possibile partecipare come istituito e come singoli alunni.\u00a0\u00a0<a href=\"https:\/\/www.comitatocommercianticentrocittadino.it\/eventi\/?fbclid=IwAR17rjHfqRZTx96f2lnlV9IqyvHksNVy2A5nbyi7umwtBwwQZSPhqOxwT2Y\">Scopri come partecipare qui\u00a0<\/a><\/p>\n<p>&nbsp;<\/p>\n","protected":false},"excerpt":{"rendered":"<p>L\u2019evento \u00e8 organizzato dal distretto del commercio e dai team BrianzaLUG e Fotografia Costruttiva, due comunit\u00e0 riconosciute ufficialmente da THE LEGO\u00aeGROUP. Il clou dell\u2019evento il 23 e del 24 aprile al Museo del Tessile<\/p>\n","protected":false},"author":49,"featured_media":0,"comment_status":"open","ping_status":"open","sticky":false,"template":"","format":"aside","meta":{"footnotes":""},"categories":[4],"tags":[66736,122666,735],"acf":[],"yoast_head":"<!-- This site is optimized with the Yoast SEO plugin v20.1 - https:\/\/yoast.com\/wordpress\/plugins\/seo\/ -->\n<title>I mattoncini Lego protagonisti a Busto Arsizio<\/title>\n<meta name=\"description\" content=\"L\u2019evento \u00e8 organizzato dal distretto del commercio e dai team BrianzaLUG e Fotografia Costruttiva, due comunit\u00e0 riconosciute ufficialmente da THE LEGO\u00aeGROUP. Il clou dell\u2019evento il 23 e del 24 aprile al Museo del Tessile\" \/>\n<meta name=\"robots\" content=\"noindex, follow, max-snippet:-1, max-image-preview:large, max-video-preview:-1\" \/>\n<meta property=\"og:locale\" content=\"it_IT\" \/>\n<meta property=\"og:type\" content=\"article\" \/>\n<meta property=\"og:title\" content=\"I mattoncini Lego protagonisti a Busto Arsizio\" \/>\n<meta property=\"og:description\" content=\"L\u2019evento \u00e8 organizzato dal distretto del commercio e dai team BrianzaLUG e Fotografia Costruttiva, due comunit\u00e0 riconosciute ufficialmente da THE LEGO\u00aeGROUP. Il clou dell\u2019evento il 23 e del 24 aprile al Museo del Tessile\" \/>\n<meta property=\"og:url\" content=\"https:\/\/www.varesenews.it\/2022\/04\/mattoncini-lego-protagonisti-busto-arsizio\/1451993\/\" \/>\n<meta property=\"og:site_name\" content=\"VareseNews\" \/>\n<meta property=\"article:publisher\" content=\"https:\/\/www.facebook.com\/varesenews\" \/>\n<meta property=\"article:author\" content=\"https:\/\/www.facebook.com\/roberta.bertolini.9\" \/>\n<meta property=\"article:published_time\" content=\"2022-04-19T07:41:19+00:00\" \/>\n<meta property=\"article:modified_time\" content=\"2022-04-19T07:50:17+00:00\" \/>\n<meta name=\"author\" content=\"Roberta Bertolini\" \/>\n<meta name=\"twitter:card\" content=\"summary_large_image\" \/>\n<meta name=\"twitter:creator\" content=\"@robybertolini\" \/>\n<meta name=\"twitter:site\" content=\"@varesenews\" \/>\n<meta name=\"twitter:label1\" content=\"Scritto da\" \/>\n\t<meta name=\"twitter:data1\" content=\"Roberta Bertolini\" \/>\n\t<meta name=\"twitter:label2\" content=\"Tempo di lettura stimato\" \/>\n\t<meta name=\"twitter:data2\" content=\"1 minuto\" \/>\n<script type=\"application\/ld+json\" class=\"yoast-schema-graph\">{\"@context\":\"https:\/\/schema.org\",\"@graph\":[{\"@type\":\"WebPage\",\"@id\":\"https:\/\/www.varesenews.it\/2022\/04\/mattoncini-lego-protagonisti-busto-arsizio\/1451993\/\",\"url\":\"https:\/\/www.varesenews.it\/2022\/04\/mattoncini-lego-protagonisti-busto-arsizio\/1451993\/\",\"name\":\"I mattoncini Lego protagonisti a Busto Arsizio\",\"isPartOf\":{\"@id\":\"https:\/\/staging.varesenews.it\/#website\"},\"datePublished\":\"2022-04-19T07:41:19+00:00\",\"dateModified\":\"2022-04-19T07:50:17+00:00\",\"author\":{\"@id\":\"https:\/\/staging.varesenews.it\/#\/schema\/person\/58fbd3e567d5c00f0a64d5137fef3e68\"},\"description\":\"L\u2019evento \u00e8 organizzato dal distretto del commercio e dai team BrianzaLUG e Fotografia Costruttiva, due comunit\u00e0 riconosciute ufficialmente da THE LEGO\u00aeGROUP. Il clou dell\u2019evento il 23 e del 24 aprile al Museo del Tessile\",\"breadcrumb\":{\"@id\":\"https:\/\/www.varesenews.it\/2022\/04\/mattoncini-lego-protagonisti-busto-arsizio\/1451993\/#breadcrumb\"},\"inLanguage\":\"it-IT\",\"potentialAction\":[{\"@type\":\"ReadAction\",\"target\":[\"https:\/\/www.varesenews.it\/2022\/04\/mattoncini-lego-protagonisti-busto-arsizio\/1451993\/\"]}]},{\"@type\":\"BreadcrumbList\",\"@id\":\"https:\/\/www.varesenews.it\/2022\/04\/mattoncini-lego-protagonisti-busto-arsizio\/1451993\/#breadcrumb\",\"itemListElement\":[{\"@type\":\"ListItem\",\"position\":1,\"name\":\"Home\",\"item\":\"https:\/\/www.varesenews.it\/\"},{\"@type\":\"ListItem\",\"position\":2,\"name\":\"I mattoncini Lego protagonisti a Busto Arsizio\"}]},{\"@type\":\"WebSite\",\"@id\":\"https:\/\/staging.varesenews.it\/#website\",\"url\":\"https:\/\/staging.varesenews.it\/\",\"name\":\"VareseNews\",\"description\":\"\",\"potentialAction\":[{\"@type\":\"SearchAction\",\"target\":{\"@type\":\"EntryPoint\",\"urlTemplate\":\"https:\/\/staging.varesenews.it\/?s={search_term_string}\"},\"query-input\":\"required name=search_term_string\"}],\"inLanguage\":\"it-IT\"},{\"@type\":\"Person\",\"@id\":\"https:\/\/staging.varesenews.it\/#\/schema\/person\/58fbd3e567d5c00f0a64d5137fef3e68\",\"name\":\"Roberta Bertolini\",\"image\":{\"@type\":\"ImageObject\",\"inLanguage\":\"it-IT\",\"@id\":\"https:\/\/staging.varesenews.it\/#\/schema\/person\/image\/\",\"url\":\"https:\/\/staging.varesenews.it\/wp-content\/uploads\/2020\/12\/roberta_bertolini_colori_500.jpg\",\"contentUrl\":\"https:\/\/staging.varesenews.it\/wp-content\/uploads\/2020\/12\/roberta_bertolini_colori_500.jpg\",\"caption\":\"Roberta Bertolini\"},\"description\":\"Giornalista professionista dal 1991, sono passata, ormai molti anni fa, dalla carta al web. Oggi mi occupo di cronaca locale e guardo con curiosit&agrave; ed attenzione il mondo dei social. Parlo poco, ascolto molto.\",\"sameAs\":[\"https:\/\/www.facebook.com\/roberta.bertolini.9\",\"bettabertolini\",\"https:\/\/www.linkedin.com\/hp\/?dnr=v9e-Gp7a6_oxqTuQyZA0Lf4aEi4t91g6wMH\",\"https:\/\/twitter.com\/robybertolini\"],\"url\":\"https:\/\/staging.varesenews.it\/persona\/roberta-bertolini1\/\"}]}<\/script>\n<!-- \/ Yoast SEO plugin. -->","yoast_head_json":{"title":"I mattoncini Lego protagonisti a Busto Arsizio","description":"L\u2019evento \u00e8 organizzato dal distretto del commercio e dai team BrianzaLUG e Fotografia Costruttiva, due comunit\u00e0 riconosciute ufficialmente da THE LEGO\u00aeGROUP. Il clou dell\u2019evento il 23 e del 24 aprile al Museo del Tessile","robots":{"index":"noindex","follow":"follow","max-snippet":"max-snippet:-1","max-image-preview":"max-image-preview:large","max-video-preview":"max-video-preview:-1"},"og_locale":"it_IT","og_type":"article","og_title":"I mattoncini Lego protagonisti a Busto Arsizio","og_description":"L\u2019evento \u00e8 organizzato dal distretto del commercio e dai team BrianzaLUG e Fotografia Costruttiva, due comunit\u00e0 riconosciute ufficialmente da THE LEGO\u00aeGROUP. Il clou dell\u2019evento il 23 e del 24 aprile al Museo del Tessile","og_url":"https:\/\/www.varesenews.it\/2022\/04\/mattoncini-lego-protagonisti-busto-arsizio\/1451993\/","og_site_name":"VareseNews","article_publisher":"https:\/\/www.facebook.com\/varesenews","article_author":"https:\/\/www.facebook.com\/roberta.bertolini.9","article_published_time":"2022-04-19T07:41:19+00:00","article_modified_time":"2022-04-19T07:50:17+00:00","author":"Roberta Bertolini","twitter_card":"summary_large_image","twitter_creator":"@robybertolini","twitter_site":"@varesenews","twitter_misc":{"Scritto da":"Roberta Bertolini","Tempo di lettura stimato":"1 minuto"},"schema":{"@context":"https:\/\/schema.org","@graph":[{"@type":"WebPage","@id":"https:\/\/www.varesenews.it\/2022\/04\/mattoncini-lego-protagonisti-busto-arsizio\/1451993\/","url":"https:\/\/www.varesenews.it\/2022\/04\/mattoncini-lego-protagonisti-busto-arsizio\/1451993\/","name":"I mattoncini Lego protagonisti a Busto Arsizio","isPartOf":{"@id":"https:\/\/staging.varesenews.it\/#website"},"datePublished":"2022-04-19T07:41:19+00:00","dateModified":"2022-04-19T07:50:17+00:00","author":{"@id":"https:\/\/staging.varesenews.it\/#\/schema\/person\/58fbd3e567d5c00f0a64d5137fef3e68"},"description":"L\u2019evento \u00e8 organizzato dal distretto del commercio e dai team BrianzaLUG e Fotografia Costruttiva, due comunit\u00e0 riconosciute ufficialmente da THE LEGO\u00aeGROUP. Il clou dell\u2019evento il 23 e del 24 aprile al Museo del Tessile","breadcrumb":{"@id":"https:\/\/www.varesenews.it\/2022\/04\/mattoncini-lego-protagonisti-busto-arsizio\/1451993\/#breadcrumb"},"inLanguage":"it-IT","potentialAction":[{"@type":"ReadAction","target":["https:\/\/www.varesenews.it\/2022\/04\/mattoncini-lego-protagonisti-busto-arsizio\/1451993\/"]}]},{"@type":"BreadcrumbList","@id":"https:\/\/www.varesenews.it\/2022\/04\/mattoncini-lego-protagonisti-busto-arsizio\/1451993\/#breadcrumb","itemListElement":[{"@type":"ListItem","position":1,"name":"Home","item":"https:\/\/www.varesenews.it\/"},{"@type":"ListItem","position":2,"name":"I mattoncini Lego protagonisti a Busto Arsizio"}]},{"@type":"WebSite","@id":"https:\/\/staging.varesenews.it\/#website","url":"https:\/\/staging.varesenews.it\/","name":"VareseNews","description":"","potentialAction":[{"@type":"SearchAction","target":{"@type":"EntryPoint","urlTemplate":"https:\/\/staging.varesenews.it\/?s={search_term_string}"},"query-input":"required name=search_term_string"}],"inLanguage":"it-IT"},{"@type":"Person","@id":"https:\/\/staging.varesenews.it\/#\/schema\/person\/58fbd3e567d5c00f0a64d5137fef3e68","name":"Roberta Bertolini","image":{"@type":"ImageObject","inLanguage":"it-IT","@id":"https:\/\/staging.varesenews.it\/#\/schema\/person\/image\/","url":"https:\/\/staging.varesenews.it\/wp-content\/uploads\/2020\/12\/roberta_bertolini_colori_500.jpg","contentUrl":"https:\/\/staging.varesenews.it\/wp-content\/uploads\/2020\/12\/roberta_bertolini_colori_500.jpg","caption":"Roberta Bertolini"},"description":"Giornalista professionista dal 1991, sono passata, ormai molti anni fa, dalla carta al web. Oggi mi occupo di cronaca locale e guardo con curiosit&agrave; ed attenzione il mondo dei social. Parlo poco, ascolto molto.","sameAs":["https:\/\/www.facebook.com\/roberta.bertolini.9","bettabertolini","https:\/\/www.linkedin.com\/hp\/?dnr=v9e-Gp7a6_oxqTuQyZA0Lf4aEi4t91g6wMH","https:\/\/twitter.com\/robybertolini"],"url":"https:\/\/staging.varesenews.it\/persona\/roberta-bertolini1\/"}]}},"post_meta":{"content-image-gallery":"","_edit_lock":"1650357915:49","_edit_last":"49","_category_permalink":"a:1:{s:7:\"testate\";s:5:\"45642\";}","foto":"1295227","firma_come_redazione":"1","evento-location":"1445177","evento-data-inizio":"1650067200","evento-data-fine":"1652400000","evento-orario-inizio":"10:00","evento-orario-fine":"18:00","evento-price":"Gratuito","argomento":"Busto Arsizio","_yoast_wpseo_content_score":"30","_jd_tweet_this":"yes","_yoast_wpseo_focuskw_text_input":"mostra lego a busto arsizio","_yoast_wpseo_focuskw":"mostra lego a busto arsizio","_yoast_wpseo_linkdex":"40","evento-organization":"1452001","_encloseme":"1","ratings_users":"0","ratings_score":"0","ratings_average":"0","_wpt_short_url":"https:\/\/www.varesenews.it\/2022\/04\/mattoncini-lego-protagonisti-busto-arsizio\/1451993\/","_wp_jd_target":"https:\/\/www.varesenews.it\/2022\/04\/mattoncini-lego-protagonisti-busto-arsizio\/1451993\/","_jd_wp_twitter":"a:1:{i:0;s:161:\"I mattoncini Lego protagonisti a Busto Arsizio https:\/\/www.varesenews.it\/2022\/04\/mattoncini-lego-protagonisti-busto-arsizio\/1451993\/ #mostralego #museodeltessile\";}","_wpt_status_message":"Tweet inviato con successo."},"photos":[{"original":"https:\/\/staging.varesenews.it\/photogallery_new\/images\/2022\/04\/mostra-lego-foto-di-ale-milani-1295227.jpg","full":"https:\/\/staging.varesenews.it\/photogallery_new\/images\/2022\/04\/mostra-lego-foto-di-ale-milani-1295227.1024x768.jpg","large":"https:\/\/staging.varesenews.it\/photogallery_new\/images\/2022\/04\/mostra-lego-foto-di-ale-milani-1295227.610x431.jpg"}],"_links":{"self":[{"href":"https:\/\/staging.varesenews.it\/swgapi\/v1\/wp\/v2\/posts\/1451993"}],"collection":[{"href":"https:\/\/staging.varesenews.it\/swgapi\/v1\/wp\/v2\/posts"}],"about":[{"href":"https:\/\/staging.varesenews.it\/swgapi\/v1\/wp\/v2\/types\/post"}],"author":[{"embeddable":true,"href":"https:\/\/staging.varesenews.it\/swgapi\/v1\/wp\/v2\/users\/49"}],"replies":[{"embeddable":true,"href":"https:\/\/staging.varesenews.it\/swgapi\/v1\/wp\/v2\/comments?post=1451993"}],"version-history":[{"count":0,"href":"https:\/\/staging.varesenews.it\/swgapi\/v1\/wp\/v2\/posts\/1451993\/revisions"}],"wp:attachment":[{"href":"https:\/\/staging.varesenews.it\/swgapi\/v1\/wp\/v2\/media?parent=1451993"}],"wp:term":[{"taxonomy":"category","embeddable":true,"href":"https:\/\/staging.varesenews.it\/swgapi\/v1\/wp\/v2\/categories?post=1451993"},{"taxonomy":"post_tag","embeddable":true,"href":"https:\/\/staging.varesenews.it\/swgapi\/v1\/wp\/v2\/tags?post=1451993"}],"curies":[{"name":"wp","href":"https:\/\/api.w.org\/{rel}","templated":true}]}}