{"id":1453040,"date":"2022-04-21T13:02:08","date_gmt":"2022-04-21T11:02:08","guid":{"rendered":"https:\/\/www.varesenews.it\/?p=1453040"},"modified":"2022-04-21T13:07:26","modified_gmt":"2022-04-21T11:07:26","slug":"25-aprile-lavena-ponte-tresa","status":"publish","type":"post","link":"https:\/\/staging.varesenews.it\/2022\/04\/25-aprile-lavena-ponte-tresa\/1453040\/","title":{"rendered":"Il 25 aprile a Lavena Ponte Tresa"},"content":{"rendered":"<p>Dal lontano 1946 ogni anno si festeggia la liberazione d&#8217;Italia dal governo fascista e dall&#8217;occupazione nazista. La Festa del 25 aprile \u00e8 conosciuta anche come anniversario della Resistenza, una festivit\u00e0 dedicata al valore dei partigiani di ogni fronte che, a partire dal 1943, contribuirono alla liberazione del paese.<\/p>\n<p>La celebrazione a Lavena Ponte Tresa si svolger\u00e0 dalle ore\u00a0\u00a017.15 con il ritrovo in via don Melli presso il monumento al Capitano Ewerhart. Alle ore ore 17.30 ci saranno i saluti di benvenuto e deposizione della corona d&#8217;alloro da parte delle autorit\u00e0.<\/p>\n","protected":false},"excerpt":{"rendered":"<p>Alle 17.15 il ritrovo in via Don Melli, a seguire i saluti delle autorit\u00e0 e la deposizione della corona d&#8217;alloro<\/p>\n","protected":false},"author":37,"featured_media":0,"comment_status":"open","ping_status":"open","sticky":false,"template":"","format":"aside","meta":{"footnotes":""},"categories":[2],"tags":[122243,108603],"acf":[],"yoast_head":"<!-- This site is optimized with the Yoast SEO plugin v20.1 - https:\/\/yoast.com\/wordpress\/plugins\/seo\/ -->\n<title>Il 25 aprile a Lavena Ponte Tresa<\/title>\n<meta name=\"description\" content=\"Alle 17.15 il ritrovo in via Don Melli, a seguire i saluti delle autorit\u00e0 e la deposizione della corona d&#039;alloro\" \/>\n<meta name=\"robots\" content=\"noindex, follow, max-snippet:-1, max-image-preview:large, max-video-preview:-1\" \/>\n<meta property=\"og:locale\" content=\"it_IT\" \/>\n<meta property=\"og:type\" content=\"article\" \/>\n<meta property=\"og:title\" content=\"Il 25 aprile a Lavena Ponte Tresa\" \/>\n<meta property=\"og:description\" content=\"Alle 17.15 il ritrovo in via Don Melli, a seguire i saluti delle autorit\u00e0 e la deposizione della corona d&#039;alloro\" \/>\n<meta property=\"og:url\" content=\"https:\/\/staging.varesenews.it\/2022\/04\/25-aprile-lavena-ponte-tresa\/1453040\/\" \/>\n<meta property=\"og:site_name\" content=\"VareseNews\" \/>\n<meta property=\"article:publisher\" content=\"https:\/\/www.facebook.com\/varesenews\" \/>\n<meta property=\"article:published_time\" content=\"2022-04-21T11:02:08+00:00\" \/>\n<meta property=\"article:modified_time\" content=\"2022-04-21T11:07:26+00:00\" \/>\n<meta name=\"author\" content=\"Francesco Mazzoleni\" \/>\n<meta name=\"twitter:card\" content=\"summary_large_image\" \/>\n<meta name=\"twitter:creator\" content=\"@fmazzof\" \/>\n<meta name=\"twitter:site\" content=\"@varesenews\" \/>\n<meta name=\"twitter:label1\" content=\"Scritto da\" \/>\n\t<meta name=\"twitter:data1\" content=\"Francesco Mazzoleni\" \/>\n<script type=\"application\/ld+json\" class=\"yoast-schema-graph\">{\"@context\":\"https:\/\/schema.org\",\"@graph\":[{\"@type\":\"WebPage\",\"@id\":\"https:\/\/staging.varesenews.it\/2022\/04\/25-aprile-lavena-ponte-tresa\/1453040\/\",\"url\":\"https:\/\/staging.varesenews.it\/2022\/04\/25-aprile-lavena-ponte-tresa\/1453040\/\",\"name\":\"Il 25 aprile a Lavena Ponte Tresa\",\"isPartOf\":{\"@id\":\"https:\/\/staging.varesenews.it\/#website\"},\"datePublished\":\"2022-04-21T11:02:08+00:00\",\"dateModified\":\"2022-04-21T11:07:26+00:00\",\"author\":{\"@id\":\"https:\/\/staging.varesenews.it\/#\/schema\/person\/e82236e79160d30d4e1f942004ac3038\"},\"description\":\"Alle 17.15 il ritrovo in via Don Melli, a seguire i saluti delle autorit\u00e0 e la deposizione della corona d'alloro\",\"breadcrumb\":{\"@id\":\"https:\/\/staging.varesenews.it\/2022\/04\/25-aprile-lavena-ponte-tresa\/1453040\/#breadcrumb\"},\"inLanguage\":\"it-IT\",\"potentialAction\":[{\"@type\":\"ReadAction\",\"target\":[\"https:\/\/staging.varesenews.it\/2022\/04\/25-aprile-lavena-ponte-tresa\/1453040\/\"]}]},{\"@type\":\"BreadcrumbList\",\"@id\":\"https:\/\/staging.varesenews.it\/2022\/04\/25-aprile-lavena-ponte-tresa\/1453040\/#breadcrumb\",\"itemListElement\":[{\"@type\":\"ListItem\",\"position\":1,\"name\":\"Home\",\"item\":\"https:\/\/www.varesenews.it\/\"},{\"@type\":\"ListItem\",\"position\":2,\"name\":\"Il 25 aprile a Lavena Ponte Tresa\"}]},{\"@type\":\"WebSite\",\"@id\":\"https:\/\/staging.varesenews.it\/#website\",\"url\":\"https:\/\/staging.varesenews.it\/\",\"name\":\"VareseNews\",\"description\":\"\",\"potentialAction\":[{\"@type\":\"SearchAction\",\"target\":{\"@type\":\"EntryPoint\",\"urlTemplate\":\"https:\/\/staging.varesenews.it\/?s={search_term_string}\"},\"query-input\":\"required name=search_term_string\"}],\"inLanguage\":\"it-IT\"},{\"@type\":\"Person\",\"@id\":\"https:\/\/staging.varesenews.it\/#\/schema\/person\/e82236e79160d30d4e1f942004ac3038\",\"name\":\"Francesco Mazzoleni\",\"image\":{\"@type\":\"ImageObject\",\"inLanguage\":\"it-IT\",\"@id\":\"https:\/\/staging.varesenews.it\/#\/schema\/person\/image\/\",\"url\":\"https:\/\/staging.varesenews.it\/wp-content\/uploads\/2020\/12\/francesco_mazzoleni_colori_500-1.jpg\",\"contentUrl\":\"https:\/\/staging.varesenews.it\/wp-content\/uploads\/2020\/12\/francesco_mazzoleni_colori_500-1.jpg\",\"caption\":\"Francesco Mazzoleni\"},\"description\":\"\\\"Uomo di campo\\\" della redazione sportiva. Nutro una vera passione per il calcio, che sia ad alti livelli, sui campi di provincia o in altri continenti. Sono nato a Varese nel 1984, vivo da sempre a Malnate e ho una laurea in Scienze Motorie. Ho mosso i primi passi a VareseNews da stagista nel 2002; nel 2008 ho iniziato a collaborare con maggiore continuit\u00e0 e dal 2018 sono giornalista professionista. Orgoglioso pap\u00e0 di Federico e Adelaide.\",\"sameAs\":[\"fmazzof\",\"it.linkedin.com\/in\/francescomazzolenif\",\"https:\/\/twitter.com\/fmazzof\"],\"url\":\"https:\/\/staging.varesenews.it\/persona\/francesco_mazzoleniferracini\/\"}]}<\/script>\n<!-- \/ Yoast SEO plugin. -->","yoast_head_json":{"title":"Il 25 aprile a Lavena Ponte Tresa","description":"Alle 17.15 il ritrovo in via Don Melli, a seguire i saluti delle autorit\u00e0 e la deposizione della corona d'alloro","robots":{"index":"noindex","follow":"follow","max-snippet":"max-snippet:-1","max-image-preview":"max-image-preview:large","max-video-preview":"max-video-preview:-1"},"og_locale":"it_IT","og_type":"article","og_title":"Il 25 aprile a Lavena Ponte Tresa","og_description":"Alle 17.15 il ritrovo in via Don Melli, a seguire i saluti delle autorit\u00e0 e la deposizione della corona d'alloro","og_url":"https:\/\/staging.varesenews.it\/2022\/04\/25-aprile-lavena-ponte-tresa\/1453040\/","og_site_name":"VareseNews","article_publisher":"https:\/\/www.facebook.com\/varesenews","article_published_time":"2022-04-21T11:02:08+00:00","article_modified_time":"2022-04-21T11:07:26+00:00","author":"Francesco Mazzoleni","twitter_card":"summary_large_image","twitter_creator":"@fmazzof","twitter_site":"@varesenews","twitter_misc":{"Scritto da":"Francesco Mazzoleni"},"schema":{"@context":"https:\/\/schema.org","@graph":[{"@type":"WebPage","@id":"https:\/\/staging.varesenews.it\/2022\/04\/25-aprile-lavena-ponte-tresa\/1453040\/","url":"https:\/\/staging.varesenews.it\/2022\/04\/25-aprile-lavena-ponte-tresa\/1453040\/","name":"Il 25 aprile a Lavena Ponte Tresa","isPartOf":{"@id":"https:\/\/staging.varesenews.it\/#website"},"datePublished":"2022-04-21T11:02:08+00:00","dateModified":"2022-04-21T11:07:26+00:00","author":{"@id":"https:\/\/staging.varesenews.it\/#\/schema\/person\/e82236e79160d30d4e1f942004ac3038"},"description":"Alle 17.15 il ritrovo in via Don Melli, a seguire i saluti delle autorit\u00e0 e la deposizione della corona d'alloro","breadcrumb":{"@id":"https:\/\/staging.varesenews.it\/2022\/04\/25-aprile-lavena-ponte-tresa\/1453040\/#breadcrumb"},"inLanguage":"it-IT","potentialAction":[{"@type":"ReadAction","target":["https:\/\/staging.varesenews.it\/2022\/04\/25-aprile-lavena-ponte-tresa\/1453040\/"]}]},{"@type":"BreadcrumbList","@id":"https:\/\/staging.varesenews.it\/2022\/04\/25-aprile-lavena-ponte-tresa\/1453040\/#breadcrumb","itemListElement":[{"@type":"ListItem","position":1,"name":"Home","item":"https:\/\/www.varesenews.it\/"},{"@type":"ListItem","position":2,"name":"Il 25 aprile a Lavena Ponte Tresa"}]},{"@type":"WebSite","@id":"https:\/\/staging.varesenews.it\/#website","url":"https:\/\/staging.varesenews.it\/","name":"VareseNews","description":"","potentialAction":[{"@type":"SearchAction","target":{"@type":"EntryPoint","urlTemplate":"https:\/\/staging.varesenews.it\/?s={search_term_string}"},"query-input":"required name=search_term_string"}],"inLanguage":"it-IT"},{"@type":"Person","@id":"https:\/\/staging.varesenews.it\/#\/schema\/person\/e82236e79160d30d4e1f942004ac3038","name":"Francesco Mazzoleni","image":{"@type":"ImageObject","inLanguage":"it-IT","@id":"https:\/\/staging.varesenews.it\/#\/schema\/person\/image\/","url":"https:\/\/staging.varesenews.it\/wp-content\/uploads\/2020\/12\/francesco_mazzoleni_colori_500-1.jpg","contentUrl":"https:\/\/staging.varesenews.it\/wp-content\/uploads\/2020\/12\/francesco_mazzoleni_colori_500-1.jpg","caption":"Francesco Mazzoleni"},"description":"\"Uomo di campo\" della redazione sportiva. Nutro una vera passione per il calcio, che sia ad alti livelli, sui campi di provincia o in altri continenti. Sono nato a Varese nel 1984, vivo da sempre a Malnate e ho una laurea in Scienze Motorie. Ho mosso i primi passi a VareseNews da stagista nel 2002; nel 2008 ho iniziato a collaborare con maggiore continuit\u00e0 e dal 2018 sono giornalista professionista. Orgoglioso pap\u00e0 di Federico e Adelaide.","sameAs":["fmazzof","it.linkedin.com\/in\/francescomazzolenif","https:\/\/twitter.com\/fmazzof"],"url":"https:\/\/staging.varesenews.it\/persona\/francesco_mazzoleniferracini\/"}]}},"post_meta":{"content-image-gallery":"","_edit_lock":"1650540199:37","_edit_last":"37","_category_permalink":"a:1:{s:8:\"category\";s:1:\"2\";}","_encloseme":"1","ratings_users":"0","ratings_score":"0","ratings_average":"0","foto":"797243","argomento":"Lavena Ponte Tresa","_yoast_wpseo_focuskw_text_input":"lavena","_yoast_wpseo_focuskw":"lavena","_yoast_wpseo_linkdex":"26","_yoast_wpseo_content_score":"30","_jd_tweet_this":"yes","_wpt_short_url":"https:\/\/www.varesenews.it\/2022\/04\/25-aprile-lavena-ponte-tresa\/1453040\/","_wp_jd_target":"https:\/\/www.varesenews.it\/2022\/04\/25-aprile-lavena-ponte-tresa\/1453040\/","_jd_wp_twitter":"a:1:{i:0;s:119:\"Il 25 aprile a Lavena Ponte Tresa https:\/\/www.varesenews.it\/2022\/04\/25-aprile-lavena-ponte-tresa\/1453040\/ #25aprile2022\";}","_wpt_status_message":"Tweet inviato con successo.","_oembed_bdd1d8e3d37a0b85677acabe6801773a":"<blockquote class=\"wp-embedded-content\" data-secret=\"t8rNAF6z9v\"><a href=\"https:\/\/www.varesenews.it\/2022\/01\/le-elezioni-cassano-magnago-si-affaccia-progetto-cassano-2032\/1420920\/\">Per le elezioni a Cassano Magnago si affaccia &#8220;Progetto Cassano 2032&#8221;<\/a><\/blockquote><iframe class=\"wp-embedded-content\" sandbox=\"allow-scripts\" security=\"restricted\" style=\"position: absolute; clip: rect(1px, 1px, 1px, 1px);\" src=\"https:\/\/www.varesenews.it\/2022\/01\/le-elezioni-cassano-magnago-si-affaccia-progetto-cassano-2032\/1420920\/embed\/#?secret=t8rNAF6z9v\" data-secret=\"t8rNAF6z9v\" width=\"500\" height=\"282\" title=\"&#8220;Per le elezioni a Cassano Magnago si affaccia &#8220;Progetto Cassano 2032&#8221;&#8221; &#8212; VareseNews\" frameborder=\"0\" marginwidth=\"0\" marginheight=\"0\" scrolling=\"no\"><\/iframe>","_oembed_time_bdd1d8e3d37a0b85677acabe6801773a":"1650539139","_oembed_ee8c8c7a879091ab69a24b74ecfb2f09":"<iframe width=\"100%\" height=\"120\" src=\"https:\/\/www.mixcloud.com\/widget\/iframe\/?feed=https%3A%2F%2Fwww.mixcloud.com%2FSmsRadio%2Fsesto-alle-7-puntata-19%2F&amp;hide_cover=1\" frameborder=\"0\"><\/iframe>","_oembed_time_ee8c8c7a879091ab69a24b74ecfb2f09":"1650539142","_oembed_49e0ca808df278df93cd445d39eb55ab":"<blockquote class=\"wp-embedded-content\" data-secret=\"5wEfUYjpkJ\"><a href=\"https:\/\/www.varesenews.it\/2022\/04\/pace-sostenibilita-cammini-ledizione-2022-la-cosa-giusta\/1452972\/\">Pace, sostenibilit\u00e0 e cammini per l&#8217;edizione 2022 di &#8220;Fa\u2019 la cosa giusta!&#8221;<\/a><\/blockquote><iframe class=\"wp-embedded-content\" sandbox=\"allow-scripts\" security=\"restricted\" style=\"position: absolute; clip: rect(1px, 1px, 1px, 1px);\" src=\"https:\/\/www.varesenews.it\/2022\/04\/pace-sostenibilita-cammini-ledizione-2022-la-cosa-giusta\/1452972\/embed\/#?secret=5wEfUYjpkJ\" data-secret=\"5wEfUYjpkJ\" width=\"500\" height=\"282\" title=\"&#8220;Pace, sostenibilit\u00e0 e cammini per l&#8217;edizione 2022 di &#8220;Fa\u2019 la cosa giusta!&#8221;&#8221; &#8212; VareseNews\" frameborder=\"0\" marginwidth=\"0\" marginheight=\"0\" scrolling=\"no\"><\/iframe>","_oembed_time_49e0ca808df278df93cd445d39eb55ab":"1650539142","_oembed_6dc7cac8aeecc8b8a8d1023447315168":"<blockquote class=\"wp-embedded-content\" data-secret=\"FZEyJjrtBO\"><a href=\"https:\/\/www.varesenews.it\/2017\/01\/eh-si-caru-e-uno-dei-migliori-negozi-di-dischi-al-mondo\/585068\/\">Eh s\u00ec, Car\u00f9 di Gallarate \u00e8 uno dei migliori negozi di dischi al mondo<\/a><\/blockquote><iframe class=\"wp-embedded-content\" sandbox=\"allow-scripts\" security=\"restricted\" style=\"position: absolute; clip: rect(1px, 1px, 1px, 1px);\" src=\"https:\/\/www.varesenews.it\/2017\/01\/eh-si-caru-e-uno-dei-migliori-negozi-di-dischi-al-mondo\/585068\/embed\/#?secret=FZEyJjrtBO\" data-secret=\"FZEyJjrtBO\" width=\"500\" height=\"282\" title=\"&#8220;Eh s\u00ec, Car\u00f9 di Gallarate \u00e8 uno dei migliori negozi di dischi al mondo&#8221; &#8212; VareseNews\" frameborder=\"0\" marginwidth=\"0\" marginheight=\"0\" scrolling=\"no\"><\/iframe>","_oembed_time_6dc7cac8aeecc8b8a8d1023447315168":"1650539142","_oembed_ca01e0c0492545529a242e05dd771f64":"<blockquote class=\"wp-embedded-content\" data-secret=\"6NK6AuXezA\"><a href=\"https:\/\/www.verbanonews.it\/canali-tematici\/tempo-libero\/2022\/04\/12\/a-ispra-torna-infiorita\/942607\/\">A Ispra torna Infiorita<\/a><\/blockquote><iframe class=\"wp-embedded-content\" sandbox=\"allow-scripts\" security=\"restricted\" style=\"position: absolute; clip: rect(1px, 1px, 1px, 1px);\" src=\"https:\/\/www.verbanonews.it\/canali-tematici\/tempo-libero\/2022\/04\/12\/a-ispra-torna-infiorita\/942607\/embed\/#?secret=6NK6AuXezA\" data-secret=\"6NK6AuXezA\" width=\"500\" height=\"282\" title=\"&#8220;A Ispra torna Infiorita&#8221; &#8212; VerbanoNews\" frameborder=\"0\" marginwidth=\"0\" marginheight=\"0\" scrolling=\"no\"><\/iframe>","_oembed_time_ca01e0c0492545529a242e05dd771f64":"1650539144","_oembed_ef7858649cf1ed0d027a393feba54844":"<iframe width=\"500\" height=\"281\" src=\"https:\/\/www.youtube.com\/embed\/lBmhdgEj2qg?feature=oembed\" frameborder=\"0\" allow=\"accelerometer; autoplay; clipboard-write; encrypted-media; gyroscope; picture-in-picture\" allowfullscreen><\/iframe>","_oembed_time_ef7858649cf1ed0d027a393feba54844":"1650539145","evento-location":"1453043","evento-data-inizio":"1650844800","evento-data-fine":"1650844800","evento-orario-inizio":"17:15"},"photos":[{"original":"https:\/\/staging.varesenews.it\/photogallery_new\/images\/2020\/04\/tempo-libero-generica-797243.jpg","full":"https:\/\/staging.varesenews.it\/photogallery_new\/images\/2020\/04\/tempo-libero-generica-797243.1024x768.jpg","large":"https:\/\/staging.varesenews.it\/photogallery_new\/images\/2020\/04\/tempo-libero-generica-797243.610x431.jpg"}],"_links":{"self":[{"href":"https:\/\/staging.varesenews.it\/swgapi\/v1\/wp\/v2\/posts\/1453040"}],"collection":[{"href":"https:\/\/staging.varesenews.it\/swgapi\/v1\/wp\/v2\/posts"}],"about":[{"href":"https:\/\/staging.varesenews.it\/swgapi\/v1\/wp\/v2\/types\/post"}],"author":[{"embeddable":true,"href":"https:\/\/staging.varesenews.it\/swgapi\/v1\/wp\/v2\/users\/37"}],"replies":[{"embeddable":true,"href":"https:\/\/staging.varesenews.it\/swgapi\/v1\/wp\/v2\/comments?post=1453040"}],"version-history":[{"count":0,"href":"https:\/\/staging.varesenews.it\/swgapi\/v1\/wp\/v2\/posts\/1453040\/revisions"}],"wp:attachment":[{"href":"https:\/\/staging.varesenews.it\/swgapi\/v1\/wp\/v2\/media?parent=1453040"}],"wp:term":[{"taxonomy":"category","embeddable":true,"href":"https:\/\/staging.varesenews.it\/swgapi\/v1\/wp\/v2\/categories?post=1453040"},{"taxonomy":"post_tag","embeddable":true,"href":"https:\/\/staging.varesenews.it\/swgapi\/v1\/wp\/v2\/tags?post=1453040"}],"curies":[{"name":"wp","href":"https:\/\/api.w.org\/{rel}","templated":true}]}}