{"id":1453373,"date":"2022-04-22T00:24:04","date_gmt":"2022-04-21T22:24:04","guid":{"rendered":"https:\/\/www.varesenews.it\/?p=1453373"},"modified":"2022-04-22T00:24:04","modified_gmt":"2022-04-21T22:24:04","slug":"continua-percorso-giustizia-riparativa-varese","status":"publish","type":"post","link":"https:\/\/staging.varesenews.it\/2022\/04\/continua-percorso-giustizia-riparativa-varese\/1453373\/","title":{"rendered":"Continua il percorso per una &#8220;giustizia riparativa&#8221; a Varese"},"content":{"rendered":"<p>Prosegue il suo corso\u00a0\u201cInContro\u201d il\u00a0progetto di \u201c<strong>Giustizia Riparativa<\/strong>\u201d che\u00a0ha come obiettivo l\u2019incontro tra vittime dei reati e chi ha commesso il reato, nella logica di un percorso di mediazione che riguarda non solo le persone coinvolte ma anche l\u2019ambiente in cui il reato \u00e8 avvenuto, che vede protagonisti il comune di Varese, cooperativa Lotta contro l\u2019emarginazione, Enaip, le carceri di Varese e Busto e il carcere minorile Beccaria.<\/p>\n<p>In particolare, l&#8217;incontro che si \u00e8 svolto in salone Estense nel pomeriggio del 21 aprile ha posto le basi per un\u00a0\u00a0<strong>Manifesto del Tavolo Permanente per la\u00a0<span class=\"il\">Giustizia<\/span>\u00a0<span class=\"il\">Riparativa<\/span><\/strong><span class=\"il\">, un<\/span>\u00a0documento per un impegno di responsabilit\u00e0 tra diversi attori locali.<\/p>\n<p>\u00abStiamo sperimentando un modello che non \u00e8 alternativo al sistema penale ma complementare &#8211; ha spiegato l&#8217;assessore ai servizi sociali <strong>Roberto Molinari<\/strong> &#8211;\u00a0Esperienze come queste di giustizia riparativa sono un nuovo modo di assicurare sicurezza alle nostre citt\u00e0 Occuparsi della comunit\u00e0 favorendo incontri ed esperienze come queste consente di rispondere in modo diverso ed efficiente ad un\u2019esigenza di sicurezza dei cittadini\u00bb.<\/p>\n","protected":false},"excerpt":{"rendered":"<p>L&#8217;incontro che si \u00e8 svolto in salone Estense nel pomeriggio del 21 aprile ha posto le basi per un\u00a0\u00a0Manifesto del Tavolo Permanente per la\u00a0Giustizia\u00a0Riparativa<\/p>\n","protected":false},"author":48,"featured_media":0,"comment_status":"open","ping_status":"open","sticky":false,"template":"","format":"standard","meta":{"footnotes":""},"categories":[2],"tags":[16370],"acf":[],"yoast_head":"<!-- This site is optimized with the Yoast SEO plugin v20.1 - https:\/\/yoast.com\/wordpress\/plugins\/seo\/ -->\n<title>Continua il percorso per una &quot;giustizia riparativa&quot; a Varese<\/title>\n<meta name=\"description\" content=\"L&#039;incontro che si \u00e8 svolto in salone Estense nel pomeriggio del 21 aprile ha posto le basi per un\u00a0\u00a0Manifesto del Tavolo Permanente per la\u00a0Giustizia\u00a0Riparativa\" \/>\n<meta name=\"robots\" content=\"noindex, follow, max-snippet:-1, max-image-preview:large, max-video-preview:-1\" \/>\n<meta property=\"og:locale\" content=\"it_IT\" \/>\n<meta property=\"og:type\" content=\"article\" \/>\n<meta property=\"og:title\" content=\"Continua il percorso per una &quot;giustizia riparativa&quot; a Varese\" \/>\n<meta property=\"og:description\" content=\"L&#039;incontro che si \u00e8 svolto in salone Estense nel pomeriggio del 21 aprile ha posto le basi per un\u00a0\u00a0Manifesto del Tavolo Permanente per la\u00a0Giustizia\u00a0Riparativa\" \/>\n<meta property=\"og:url\" content=\"https:\/\/staging.varesenews.it\/2022\/04\/continua-percorso-giustizia-riparativa-varese\/1453373\/\" \/>\n<meta property=\"og:site_name\" content=\"VareseNews\" \/>\n<meta property=\"article:publisher\" content=\"https:\/\/www.facebook.com\/varesenews\" \/>\n<meta property=\"article:author\" content=\"https:\/\/www.facebook.com\/stefaniaradman\" \/>\n<meta property=\"article:published_time\" content=\"2022-04-21T22:24:04+00:00\" \/>\n<meta name=\"author\" content=\"Stefania Radman\" \/>\n<meta name=\"twitter:card\" content=\"summary_large_image\" \/>\n<meta name=\"twitter:creator\" content=\"@LaRadman\" \/>\n<meta name=\"twitter:site\" content=\"@varesenews\" \/>\n<meta name=\"twitter:label1\" content=\"Scritto da\" \/>\n\t<meta name=\"twitter:data1\" content=\"Stefania Radman\" \/>\n\t<meta name=\"twitter:label2\" content=\"Tempo di lettura stimato\" \/>\n\t<meta name=\"twitter:data2\" content=\"1 minuto\" \/>\n<script type=\"application\/ld+json\" class=\"yoast-schema-graph\">{\"@context\":\"https:\/\/schema.org\",\"@graph\":[{\"@type\":\"WebPage\",\"@id\":\"https:\/\/staging.varesenews.it\/2022\/04\/continua-percorso-giustizia-riparativa-varese\/1453373\/\",\"url\":\"https:\/\/staging.varesenews.it\/2022\/04\/continua-percorso-giustizia-riparativa-varese\/1453373\/\",\"name\":\"Continua il percorso per una \\\"giustizia riparativa\\\" a Varese\",\"isPartOf\":{\"@id\":\"https:\/\/staging.varesenews.it\/#website\"},\"datePublished\":\"2022-04-21T22:24:04+00:00\",\"dateModified\":\"2022-04-21T22:24:04+00:00\",\"author\":{\"@id\":\"https:\/\/staging.varesenews.it\/#\/schema\/person\/995d2e6a31c67237a9a1bc1f0079f3aa\"},\"description\":\"L'incontro che si \u00e8 svolto in salone Estense nel pomeriggio del 21 aprile ha posto le basi per un\u00a0\u00a0Manifesto del Tavolo Permanente per la\u00a0Giustizia\u00a0Riparativa\",\"breadcrumb\":{\"@id\":\"https:\/\/staging.varesenews.it\/2022\/04\/continua-percorso-giustizia-riparativa-varese\/1453373\/#breadcrumb\"},\"inLanguage\":\"it-IT\",\"potentialAction\":[{\"@type\":\"ReadAction\",\"target\":[\"https:\/\/staging.varesenews.it\/2022\/04\/continua-percorso-giustizia-riparativa-varese\/1453373\/\"]}]},{\"@type\":\"BreadcrumbList\",\"@id\":\"https:\/\/staging.varesenews.it\/2022\/04\/continua-percorso-giustizia-riparativa-varese\/1453373\/#breadcrumb\",\"itemListElement\":[{\"@type\":\"ListItem\",\"position\":1,\"name\":\"Home\",\"item\":\"https:\/\/www.varesenews.it\/\"},{\"@type\":\"ListItem\",\"position\":2,\"name\":\"Continua il percorso per una &#8220;giustizia riparativa&#8221; a Varese\"}]},{\"@type\":\"WebSite\",\"@id\":\"https:\/\/staging.varesenews.it\/#website\",\"url\":\"https:\/\/staging.varesenews.it\/\",\"name\":\"VareseNews\",\"description\":\"\",\"potentialAction\":[{\"@type\":\"SearchAction\",\"target\":{\"@type\":\"EntryPoint\",\"urlTemplate\":\"https:\/\/staging.varesenews.it\/?s={search_term_string}\"},\"query-input\":\"required name=search_term_string\"}],\"inLanguage\":\"it-IT\"},{\"@type\":\"Person\",\"@id\":\"https:\/\/staging.varesenews.it\/#\/schema\/person\/995d2e6a31c67237a9a1bc1f0079f3aa\",\"name\":\"Stefania Radman\",\"image\":{\"@type\":\"ImageObject\",\"inLanguage\":\"it-IT\",\"@id\":\"https:\/\/staging.varesenews.it\/#\/schema\/person\/image\/\",\"url\":\"https:\/\/staging.varesenews.it\/wp-content\/uploads\/2020\/12\/stefania_radman_colori_500.jpg\",\"contentUrl\":\"https:\/\/staging.varesenews.it\/wp-content\/uploads\/2020\/12\/stefania_radman_colori_500.jpg\",\"caption\":\"Stefania Radman\"},\"description\":\"Varesina dal 1991, lavoro dal 2000 per Varesenews.it, prima come responsabile della pagina dell&rsquo;economia, poi della pagina life, ora della citt&agrave; di Varese.Ma sono (e sono stata) anche altro: per esempio, agli albori delle radio private ero dj in una radio milanese, Onda Radio. Da 20 anni sono corrispondente da Varese di Radio Popolare e ho collaborato con Espresso, Repubblica, Diario della Settimana, Italia Oggi. &ldquo;Smanettona&rdquo; da sempre, ho aperto il mio primo sito personale con Geocities nei primi anni novanta (chi se lo ricorda?) e i miei primi blog in Splinder all&rsquo;inizio del 2000. Ora sono sui social: qui quasi sempre sono semplicemente \\\"LaRadman&rdquo;.\",\"sameAs\":[\"http:\/\/laradman.blogspot.it\",\"https:\/\/www.facebook.com\/stefaniaradman\",\"@LaRadman\",\"https:\/\/www.linkedin.com\/in\/stefaniaradman\",\"https:\/\/twitter.com\/LaRadman\"],\"url\":\"https:\/\/staging.varesenews.it\/persona\/stefania-radman1\/\"}]}<\/script>\n<!-- \/ Yoast SEO plugin. -->","yoast_head_json":{"title":"Continua il percorso per una \"giustizia riparativa\" a Varese","description":"L'incontro che si \u00e8 svolto in salone Estense nel pomeriggio del 21 aprile ha posto le basi per un\u00a0\u00a0Manifesto del Tavolo Permanente per la\u00a0Giustizia\u00a0Riparativa","robots":{"index":"noindex","follow":"follow","max-snippet":"max-snippet:-1","max-image-preview":"max-image-preview:large","max-video-preview":"max-video-preview:-1"},"og_locale":"it_IT","og_type":"article","og_title":"Continua il percorso per una \"giustizia riparativa\" a Varese","og_description":"L'incontro che si \u00e8 svolto in salone Estense nel pomeriggio del 21 aprile ha posto le basi per un\u00a0\u00a0Manifesto del Tavolo Permanente per la\u00a0Giustizia\u00a0Riparativa","og_url":"https:\/\/staging.varesenews.it\/2022\/04\/continua-percorso-giustizia-riparativa-varese\/1453373\/","og_site_name":"VareseNews","article_publisher":"https:\/\/www.facebook.com\/varesenews","article_author":"https:\/\/www.facebook.com\/stefaniaradman","article_published_time":"2022-04-21T22:24:04+00:00","author":"Stefania Radman","twitter_card":"summary_large_image","twitter_creator":"@LaRadman","twitter_site":"@varesenews","twitter_misc":{"Scritto da":"Stefania Radman","Tempo di lettura stimato":"1 minuto"},"schema":{"@context":"https:\/\/schema.org","@graph":[{"@type":"WebPage","@id":"https:\/\/staging.varesenews.it\/2022\/04\/continua-percorso-giustizia-riparativa-varese\/1453373\/","url":"https:\/\/staging.varesenews.it\/2022\/04\/continua-percorso-giustizia-riparativa-varese\/1453373\/","name":"Continua il percorso per una \"giustizia riparativa\" a Varese","isPartOf":{"@id":"https:\/\/staging.varesenews.it\/#website"},"datePublished":"2022-04-21T22:24:04+00:00","dateModified":"2022-04-21T22:24:04+00:00","author":{"@id":"https:\/\/staging.varesenews.it\/#\/schema\/person\/995d2e6a31c67237a9a1bc1f0079f3aa"},"description":"L'incontro che si \u00e8 svolto in salone Estense nel pomeriggio del 21 aprile ha posto le basi per un\u00a0\u00a0Manifesto del Tavolo Permanente per la\u00a0Giustizia\u00a0Riparativa","breadcrumb":{"@id":"https:\/\/staging.varesenews.it\/2022\/04\/continua-percorso-giustizia-riparativa-varese\/1453373\/#breadcrumb"},"inLanguage":"it-IT","potentialAction":[{"@type":"ReadAction","target":["https:\/\/staging.varesenews.it\/2022\/04\/continua-percorso-giustizia-riparativa-varese\/1453373\/"]}]},{"@type":"BreadcrumbList","@id":"https:\/\/staging.varesenews.it\/2022\/04\/continua-percorso-giustizia-riparativa-varese\/1453373\/#breadcrumb","itemListElement":[{"@type":"ListItem","position":1,"name":"Home","item":"https:\/\/www.varesenews.it\/"},{"@type":"ListItem","position":2,"name":"Continua il percorso per una &#8220;giustizia riparativa&#8221; a Varese"}]},{"@type":"WebSite","@id":"https:\/\/staging.varesenews.it\/#website","url":"https:\/\/staging.varesenews.it\/","name":"VareseNews","description":"","potentialAction":[{"@type":"SearchAction","target":{"@type":"EntryPoint","urlTemplate":"https:\/\/staging.varesenews.it\/?s={search_term_string}"},"query-input":"required name=search_term_string"}],"inLanguage":"it-IT"},{"@type":"Person","@id":"https:\/\/staging.varesenews.it\/#\/schema\/person\/995d2e6a31c67237a9a1bc1f0079f3aa","name":"Stefania Radman","image":{"@type":"ImageObject","inLanguage":"it-IT","@id":"https:\/\/staging.varesenews.it\/#\/schema\/person\/image\/","url":"https:\/\/staging.varesenews.it\/wp-content\/uploads\/2020\/12\/stefania_radman_colori_500.jpg","contentUrl":"https:\/\/staging.varesenews.it\/wp-content\/uploads\/2020\/12\/stefania_radman_colori_500.jpg","caption":"Stefania Radman"},"description":"Varesina dal 1991, lavoro dal 2000 per Varesenews.it, prima come responsabile della pagina dell&rsquo;economia, poi della pagina life, ora della citt&agrave; di Varese.Ma sono (e sono stata) anche altro: per esempio, agli albori delle radio private ero dj in una radio milanese, Onda Radio. Da 20 anni sono corrispondente da Varese di Radio Popolare e ho collaborato con Espresso, Repubblica, Diario della Settimana, Italia Oggi. &ldquo;Smanettona&rdquo; da sempre, ho aperto il mio primo sito personale con Geocities nei primi anni novanta (chi se lo ricorda?) e i miei primi blog in Splinder all&rsquo;inizio del 2000. Ora sono sui social: qui quasi sempre sono semplicemente \"LaRadman&rdquo;.","sameAs":["http:\/\/laradman.blogspot.it","https:\/\/www.facebook.com\/stefaniaradman","@LaRadman","https:\/\/www.linkedin.com\/in\/stefaniaradman","https:\/\/twitter.com\/LaRadman"],"url":"https:\/\/staging.varesenews.it\/persona\/stefania-radman1\/"}]}},"post_meta":{"content-image-gallery":"","_category_permalink":"a:1:{s:8:\"category\";s:0:\"\";}","foto":"1295839","argomento":"Varese","_yoast_wpseo_focuskw_text_input":"giustizia","_yoast_wpseo_focuskw":"giustizia","_yoast_wpseo_linkdex":"51","_yoast_wpseo_content_score":"30","_jd_tweet_this":"yes","_encloseme":"1","ratings_users":"0","ratings_score":"0","ratings_average":"0","_wpt_short_url":"https:\/\/www.varesenews.it\/2020\/10\/un-progetto-giustizia-riparativa-aiutare-vittime-autori-del-reato\/968139\/","_wp_jd_target":"https:\/\/www.varesenews.it\/2020\/10\/un-progetto-giustizia-riparativa-aiutare-vittime-autori-del-reato\/968139\/","_jd_wp_twitter":"a:2:{i:0;s:189:\"Un progetto di \u201cgiustizia riparativa\u201d per aiutare vittime e autori del reato https:\/\/www.varesenews.it\/2020\/10\/un-progetto-giustizia-riparativa-aiutare-vittime-autori-del-reato\/968139\/ \";i:1;s:173:\"Continua il percorso per una \u201cgiustizia riparativa\u201d a Varese https:\/\/www.varesenews.it\/2020\/10\/un-progetto-giustizia-riparativa-aiutare-vittime-autori-del-reato\/968139\/ \";}","_wpt_status_message":"Tweet inviato con successo.","_dp_original":"968139","_edit_lock":"1650579765:48","_edit_last":"48","firma-personalizzata":"sr","_oembed_6d57e503bef01dfea71ab449f180fdad":"<blockquote class=\"wp-embedded-content\" data-secret=\"THOeM9rh65\"><a href=\"https:\/\/www.legnanonews.com\/aree-geografiche\/varesotto\/2022\/04\/11\/colonna-di-fumo-su-busto-arsizio-e-un-incendio-rifiuti-nella-zona-dellinceneritore\/1022647\/\">Colonna di fumo su Busto Arsizio, a fuoco rifiuti nella zona dell\u2019inceneritore<\/a><\/blockquote><iframe class=\"wp-embedded-content\" sandbox=\"allow-scripts\" security=\"restricted\" style=\"position: absolute; clip: rect(1px, 1px, 1px, 1px);\" src=\"https:\/\/www.legnanonews.com\/aree-geografiche\/varesotto\/2022\/04\/11\/colonna-di-fumo-su-busto-arsizio-e-un-incendio-rifiuti-nella-zona-dellinceneritore\/1022647\/embed\/#?secret=THOeM9rh65\" data-secret=\"THOeM9rh65\" width=\"500\" height=\"282\" title=\"&#8220;Colonna di fumo su Busto Arsizio, a fuoco rifiuti nella zona dell\u2019inceneritore&#8221; &#8212; LegnanoNews\" frameborder=\"0\" marginwidth=\"0\" marginheight=\"0\" scrolling=\"no\"><\/iframe>","_oembed_time_6d57e503bef01dfea71ab449f180fdad":"1650580232","_oembed_b6ff2a48638d1fc90a51a04a4d489a2d":"<blockquote class=\"wp-embedded-content\" data-secret=\"q9NYCPGgYV\"><a href=\"https:\/\/www.verbanonews.it\/aree-geografiche\/lombardia\/2022\/04\/19\/la-chiesetta-di-san-quirico-miracolata-per-la-seconda-volta\/942839\/\">La chiesetta di San Quirico &#8220;miracolata&#8221; per la seconda volta<\/a><\/blockquote><iframe class=\"wp-embedded-content\" sandbox=\"allow-scripts\" security=\"restricted\" style=\"position: absolute; clip: rect(1px, 1px, 1px, 1px);\" src=\"https:\/\/www.verbanonews.it\/aree-geografiche\/lombardia\/2022\/04\/19\/la-chiesetta-di-san-quirico-miracolata-per-la-seconda-volta\/942839\/embed\/#?secret=q9NYCPGgYV\" data-secret=\"q9NYCPGgYV\" width=\"500\" height=\"282\" title=\"&#8220;La chiesetta di San Quirico &#8220;miracolata&#8221; per la seconda volta&#8221; &#8212; VerbanoNews\" frameborder=\"0\" marginwidth=\"0\" marginheight=\"0\" scrolling=\"no\"><\/iframe>","_oembed_time_b6ff2a48638d1fc90a51a04a4d489a2d":"1650580321","_oembed_14d64088493f9c4877a237cc5729db58":"<blockquote class=\"wp-embedded-content\" data-secret=\"4QMmRCni9P\"><a href=\"https:\/\/www.varesenews.it\/2019\/12\/la-valceresio-maledetta-liliana-segre-la-grande-storia\/879902\/\">La Valceresio maledetta di Liliana Segre a &#8220;La Grande Storia&#8221;<\/a><\/blockquote><iframe class=\"wp-embedded-content\" sandbox=\"allow-scripts\" security=\"restricted\" style=\"position: absolute; clip: rect(1px, 1px, 1px, 1px);\" src=\"https:\/\/www.varesenews.it\/2019\/12\/la-valceresio-maledetta-liliana-segre-la-grande-storia\/879902\/embed\/#?secret=4QMmRCni9P\" data-secret=\"4QMmRCni9P\" width=\"500\" height=\"282\" title=\"&#8220;La Valceresio maledetta di Liliana Segre a &#8220;La Grande Storia&#8221;&#8221; &#8212; VareseNews\" frameborder=\"0\" marginwidth=\"0\" marginheight=\"0\" scrolling=\"no\"><\/iframe>","_oembed_time_14d64088493f9c4877a237cc5729db58":"1650580321","_oembed_d4ac966846a843ec28548767a92dae55":"<blockquote class=\"wp-embedded-content\" data-secret=\"YyAfYRB7vl\"><a href=\"https:\/\/www.varesenews.it\/2021\/10\/varese-un-aiuto-concreto-piu-60-famiglie-afghane\/1389060\/\">Da Varese un aiuto concreto a pi\u00f9 di 60 famiglie afghane<\/a><\/blockquote><iframe class=\"wp-embedded-content\" sandbox=\"allow-scripts\" security=\"restricted\" style=\"position: absolute; clip: rect(1px, 1px, 1px, 1px);\" src=\"https:\/\/www.varesenews.it\/2021\/10\/varese-un-aiuto-concreto-piu-60-famiglie-afghane\/1389060\/embed\/#?secret=YyAfYRB7vl\" data-secret=\"YyAfYRB7vl\" width=\"500\" height=\"282\" title=\"&#8220;Da Varese un aiuto concreto a pi\u00f9 di 60 famiglie afghane&#8221; &#8212; VareseNews\" frameborder=\"0\" marginwidth=\"0\" marginheight=\"0\" scrolling=\"no\"><\/iframe>","_oembed_time_d4ac966846a843ec28548767a92dae55":"1650580321","_oembed_851bf6cc227d4d18465a6aa90d355a64":"<blockquote class=\"wp-embedded-content\" data-secret=\"eAJYC22XdA\"><a href=\"https:\/\/www.varesenews.it\/2022\/04\/alessandro-marchetti-la-lotta-alle-leucemie-corre-sul-filo-dei-300-allora\/1452025\/\">Alessandro Marchetti, la lotta alle leucemie corre sul filo dei 300 all&#8217;ora<\/a><\/blockquote><iframe class=\"wp-embedded-content\" sandbox=\"allow-scripts\" security=\"restricted\" style=\"position: absolute; clip: rect(1px, 1px, 1px, 1px);\" src=\"https:\/\/www.varesenews.it\/2022\/04\/alessandro-marchetti-la-lotta-alle-leucemie-corre-sul-filo-dei-300-allora\/1452025\/embed\/#?secret=eAJYC22XdA\" data-secret=\"eAJYC22XdA\" width=\"500\" height=\"282\" title=\"&#8220;Alessandro Marchetti, la lotta alle leucemie corre sul filo dei 300 all&#8217;ora&#8221; &#8212; VareseNews\" frameborder=\"0\" marginwidth=\"0\" marginheight=\"0\" scrolling=\"no\"><\/iframe>","_oembed_time_851bf6cc227d4d18465a6aa90d355a64":"1650581009","_oembed_49e0ca808df278df93cd445d39eb55ab":"<blockquote class=\"wp-embedded-content\" data-secret=\"SnqGGP8Dhc\"><a href=\"https:\/\/www.varesenews.it\/2022\/04\/pace-sostenibilita-cammini-ledizione-2022-la-cosa-giusta\/1452972\/\">Pace, sostenibilit\u00e0 e cammini per l&#8217;edizione 2022 di &#8220;Fa\u2019 la cosa giusta!&#8221;<\/a><\/blockquote><iframe class=\"wp-embedded-content\" sandbox=\"allow-scripts\" security=\"restricted\" style=\"position: absolute; clip: rect(1px, 1px, 1px, 1px);\" src=\"https:\/\/www.varesenews.it\/2022\/04\/pace-sostenibilita-cammini-ledizione-2022-la-cosa-giusta\/1452972\/embed\/#?secret=SnqGGP8Dhc\" data-secret=\"SnqGGP8Dhc\" width=\"500\" height=\"282\" title=\"&#8220;Pace, sostenibilit\u00e0 e cammini per l&#8217;edizione 2022 di &#8220;Fa\u2019 la cosa giusta!&#8221;&#8221; &#8212; VareseNews\" frameborder=\"0\" marginwidth=\"0\" marginheight=\"0\" scrolling=\"no\"><\/iframe>","_oembed_time_49e0ca808df278df93cd445d39eb55ab":"1650581009","_oembed_c04b8861a15bcb020e9030935363dc35":"<iframe width=\"500\" height=\"281\" src=\"https:\/\/www.youtube.com\/embed\/videoseries?list=PL0amI3kOVay10OSF3o8h4zEpz6s-48FA6\" frameborder=\"0\" allow=\"accelerometer; autoplay; clipboard-write; encrypted-media; gyroscope; picture-in-picture\" allowfullscreen><\/iframe>","_oembed_time_c04b8861a15bcb020e9030935363dc35":"1650581631","_oembed_bcddac67371736d1de53377e12ab6288":"<iframe width=\"500\" height=\"281\" src=\"https:\/\/www.youtube.com\/embed\/tFot-qmngRU?feature=oembed\" frameborder=\"0\" allow=\"accelerometer; autoplay; clipboard-write; encrypted-media; gyroscope; picture-in-picture\" allowfullscreen><\/iframe>","_oembed_time_bcddac67371736d1de53377e12ab6288":"1650581632","_oembed_bdd1d8e3d37a0b85677acabe6801773a":"<blockquote class=\"wp-embedded-content\" data-secret=\"PIJZlyLqdP\"><a href=\"https:\/\/www.varesenews.it\/2022\/01\/le-elezioni-cassano-magnago-si-affaccia-progetto-cassano-2032\/1420920\/\">Per le elezioni a Cassano Magnago si affaccia &#8220;Progetto Cassano 2032&#8221;<\/a><\/blockquote><iframe class=\"wp-embedded-content\" sandbox=\"allow-scripts\" security=\"restricted\" style=\"position: absolute; clip: rect(1px, 1px, 1px, 1px);\" src=\"https:\/\/www.varesenews.it\/2022\/01\/le-elezioni-cassano-magnago-si-affaccia-progetto-cassano-2032\/1420920\/embed\/#?secret=PIJZlyLqdP\" data-secret=\"PIJZlyLqdP\" width=\"500\" height=\"282\" title=\"&#8220;Per le elezioni a Cassano Magnago si affaccia &#8220;Progetto Cassano 2032&#8221;&#8221; &#8212; VareseNews\" frameborder=\"0\" marginwidth=\"0\" marginheight=\"0\" scrolling=\"no\"><\/iframe>","_oembed_time_bdd1d8e3d37a0b85677acabe6801773a":"1650582669","_oembed_6dc7cac8aeecc8b8a8d1023447315168":"<blockquote class=\"wp-embedded-content\" data-secret=\"PhYiRlE3dF\"><a href=\"https:\/\/www.varesenews.it\/2017\/01\/eh-si-caru-e-uno-dei-migliori-negozi-di-dischi-al-mondo\/585068\/\">Eh s\u00ec, Car\u00f9 di Gallarate \u00e8 uno dei migliori negozi di dischi al mondo<\/a><\/blockquote><iframe class=\"wp-embedded-content\" sandbox=\"allow-scripts\" security=\"restricted\" style=\"position: absolute; clip: rect(1px, 1px, 1px, 1px);\" src=\"https:\/\/www.varesenews.it\/2017\/01\/eh-si-caru-e-uno-dei-migliori-negozi-di-dischi-al-mondo\/585068\/embed\/#?secret=PhYiRlE3dF\" data-secret=\"PhYiRlE3dF\" width=\"500\" height=\"282\" title=\"&#8220;Eh s\u00ec, Car\u00f9 di Gallarate \u00e8 uno dei migliori negozi di dischi al mondo&#8221; &#8212; VareseNews\" frameborder=\"0\" marginwidth=\"0\" marginheight=\"0\" scrolling=\"no\"><\/iframe>","_oembed_time_6dc7cac8aeecc8b8a8d1023447315168":"1650582669","_oembed_ef7858649cf1ed0d027a393feba54844":"<iframe width=\"500\" height=\"281\" src=\"https:\/\/www.youtube.com\/embed\/lBmhdgEj2qg?feature=oembed\" frameborder=\"0\" allow=\"accelerometer; autoplay; clipboard-write; encrypted-media; gyroscope; picture-in-picture\" allowfullscreen><\/iframe>","_oembed_time_ef7858649cf1ed0d027a393feba54844":"1650583805","_oembed_0a664bd96ed9cfa183d257d6b59d5478":"<blockquote class=\"wp-embedded-content\" data-secret=\"FV6BeNBCEV\"><a href=\"https:\/\/www.varesenews.it\/2022\/04\/eventi-bambini-nel-weekend-dal-15-al-18-aprile-varese-provincia\/1451318\/\">Eventi per bambini nel weekend dal 15 al 18 aprile tra Varese e provincia<\/a><\/blockquote><iframe class=\"wp-embedded-content\" sandbox=\"allow-scripts\" security=\"restricted\" style=\"position: absolute; clip: rect(1px, 1px, 1px, 1px);\" src=\"https:\/\/www.varesenews.it\/2022\/04\/eventi-bambini-nel-weekend-dal-15-al-18-aprile-varese-provincia\/1451318\/embed\/#?secret=FV6BeNBCEV\" data-secret=\"FV6BeNBCEV\" width=\"500\" height=\"282\" title=\"&#8220;Eventi per bambini nel weekend dal 15 al 18 aprile tra Varese e provincia&#8221; &#8212; VareseNews\" frameborder=\"0\" marginwidth=\"0\" marginheight=\"0\" scrolling=\"no\"><\/iframe>","_oembed_time_0a664bd96ed9cfa183d257d6b59d5478":"1650583805","_oembed_97d5dfff58a1c8be668a0afb992e1c48":"<blockquote class=\"wp-embedded-content\" data-secret=\"mr54siiZ2Y\"><a href=\"https:\/\/www.varesenews.it\/2018\/07\/segreti-del-rituale-nella-lettura-della-buonanotte\/732129\/\">I segreti del rituale nella lettura della buonanotte<\/a><\/blockquote><iframe class=\"wp-embedded-content\" sandbox=\"allow-scripts\" security=\"restricted\" style=\"position: absolute; clip: rect(1px, 1px, 1px, 1px);\" src=\"https:\/\/www.varesenews.it\/2018\/07\/segreti-del-rituale-nella-lettura-della-buonanotte\/732129\/embed\/#?secret=mr54siiZ2Y\" data-secret=\"mr54siiZ2Y\" width=\"500\" height=\"282\" title=\"&#8220;I segreti del rituale nella lettura della buonanotte&#8221; &#8212; VareseNews\" frameborder=\"0\" marginwidth=\"0\" marginheight=\"0\" scrolling=\"no\"><\/iframe>","_oembed_time_97d5dfff58a1c8be668a0afb992e1c48":"1650583805","_oembed_5c07f36570d9a89db57ad2d3ce9fa3f3":"<blockquote class=\"wp-embedded-content\" data-secret=\"teRCC7e9VB\"><a href=\"https:\/\/www.varesenews.it\/2022\/04\/eventi-bambini-nel-weekend-dal-8-al-10-aprile-varese-provincia\/1448499\/\">Eventi per bambini nel weekend dal 8 al 10 aprile tra Varese e provincia<\/a><\/blockquote><iframe class=\"wp-embedded-content\" sandbox=\"allow-scripts\" security=\"restricted\" style=\"position: absolute; clip: rect(1px, 1px, 1px, 1px);\" src=\"https:\/\/www.varesenews.it\/2022\/04\/eventi-bambini-nel-weekend-dal-8-al-10-aprile-varese-provincia\/1448499\/embed\/#?secret=teRCC7e9VB\" data-secret=\"teRCC7e9VB\" width=\"500\" height=\"282\" title=\"&#8220;Eventi per bambini nel weekend dal 8 al 10 aprile tra Varese e provincia&#8221; &#8212; VareseNews\" frameborder=\"0\" marginwidth=\"0\" marginheight=\"0\" scrolling=\"no\"><\/iframe>","_oembed_time_5c07f36570d9a89db57ad2d3ce9fa3f3":"1650583805","_oembed_3447d374e1b41918a2e2d0d52f5a62c9":"<blockquote class=\"wp-embedded-content\" data-secret=\"m6cTGDyiRQ\"><a href=\"https:\/\/www.saronnonews.it\/2022\/04\/01\/a-gerenzano-gruppi-al-lavoro-per-la-definizione-di-candidati-e-liste-elettorali\/\">A Gerenzano gruppi al lavoro per la definizione di candidati e liste elettorali<\/a><\/blockquote><iframe class=\"wp-embedded-content\" sandbox=\"allow-scripts\" security=\"restricted\" style=\"position: absolute; clip: rect(1px, 1px, 1px, 1px);\" src=\"https:\/\/www.saronnonews.it\/2022\/04\/01\/a-gerenzano-gruppi-al-lavoro-per-la-definizione-di-candidati-e-liste-elettorali\/embed\/#?secret=m6cTGDyiRQ\" data-secret=\"m6cTGDyiRQ\" width=\"500\" height=\"282\" title=\"&#8220;A Gerenzano gruppi al lavoro per la definizione di candidati e liste elettorali&#8221; &#8212; SaronnoNews\" frameborder=\"0\" marginwidth=\"0\" marginheight=\"0\" scrolling=\"no\"><\/iframe>","_oembed_time_3447d374e1b41918a2e2d0d52f5a62c9":"1650586175","_oembed_71257065df22db2443dbac897b836746":"<iframe width=\"500\" height=\"281\" src=\"https:\/\/www.youtube.com\/embed\/rsembH-EO2s?feature=oembed\" frameborder=\"0\" allow=\"accelerometer; autoplay; clipboard-write; encrypted-media; gyroscope; picture-in-picture\" allowfullscreen><\/iframe>","_oembed_time_71257065df22db2443dbac897b836746":"1650586175"},"photos":[{"original":"https:\/\/staging.varesenews.it\/photogallery_new\/images\/2022\/04\/giustizia-riparativa-salone-estense-1295839.jpg","full":"https:\/\/staging.varesenews.it\/photogallery_new\/images\/2022\/04\/giustizia-riparativa-salone-estense-1295839.1024x768.jpg","large":"https:\/\/staging.varesenews.it\/photogallery_new\/images\/2022\/04\/giustizia-riparativa-salone-estense-1295839.610x431.jpg"}],"_links":{"self":[{"href":"https:\/\/staging.varesenews.it\/swgapi\/v1\/wp\/v2\/posts\/1453373"}],"collection":[{"href":"https:\/\/staging.varesenews.it\/swgapi\/v1\/wp\/v2\/posts"}],"about":[{"href":"https:\/\/staging.varesenews.it\/swgapi\/v1\/wp\/v2\/types\/post"}],"author":[{"embeddable":true,"href":"https:\/\/staging.varesenews.it\/swgapi\/v1\/wp\/v2\/users\/48"}],"replies":[{"embeddable":true,"href":"https:\/\/staging.varesenews.it\/swgapi\/v1\/wp\/v2\/comments?post=1453373"}],"version-history":[{"count":0,"href":"https:\/\/staging.varesenews.it\/swgapi\/v1\/wp\/v2\/posts\/1453373\/revisions"}],"wp:attachment":[{"href":"https:\/\/staging.varesenews.it\/swgapi\/v1\/wp\/v2\/media?parent=1453373"}],"wp:term":[{"taxonomy":"category","embeddable":true,"href":"https:\/\/staging.varesenews.it\/swgapi\/v1\/wp\/v2\/categories?post=1453373"},{"taxonomy":"post_tag","embeddable":true,"href":"https:\/\/staging.varesenews.it\/swgapi\/v1\/wp\/v2\/tags?post=1453373"}],"curies":[{"name":"wp","href":"https:\/\/api.w.org\/{rel}","templated":true}]}}