{"id":1453423,"date":"2022-04-22T09:32:50","date_gmt":"2022-04-22T07:32:50","guid":{"rendered":"https:\/\/www.varesenews.it\/?p=1453423"},"modified":"2022-04-22T09:32:50","modified_gmt":"2022-04-22T07:32:50","slug":"azzate-celebra-25-aprile","status":"publish","type":"post","link":"https:\/\/staging.varesenews.it\/2022\/04\/azzate-celebra-25-aprile\/1453423\/","title":{"rendered":"Azzate celebra il 25 Aprile"},"content":{"rendered":"<p>Il momento clou sar\u00e0 la deposizione di una corona presso la <strong>lapide in via Roma<\/strong> ma Azzate celebrer\u00e0 il 25 aprile anche con un &#8220;rinfresco della Liberazione&#8221; organizzato con la collaborazione dell&#8217;Anpi.<\/p>\n<p>La cerimonia, che avr\u00e0 inizio alle 10.30 con una messa in chiesa parrocchiale e che continuer\u00e0 con un corteo fino alla scuola primaria, \u00e8 organizzata dall&#8217;amministrazione comunale<\/p>\n","protected":false},"excerpt":{"rendered":"<p>Messa alle 10.30, poi corteo fino alla scuola primaria e infine &#8220;aperitivo della Liberazione&#8221;<\/p>\n","protected":false},"author":49,"featured_media":0,"comment_status":"open","ping_status":"open","sticky":false,"template":"","format":"standard","meta":{"footnotes":""},"categories":[2],"tags":[7405,41633],"acf":[],"yoast_head":"<!-- This site is optimized with the Yoast SEO plugin v20.1 - https:\/\/yoast.com\/wordpress\/plugins\/seo\/ -->\n<title>Azzate celebra il 25 Aprile<\/title>\n<meta name=\"description\" content=\"Messa alle 10.30, poi corteo fino alla scuola primaria e infine &quot;aperitivo della Liberazione&quot;\" \/>\n<meta name=\"robots\" content=\"noindex, follow, max-snippet:-1, max-image-preview:large, max-video-preview:-1\" \/>\n<meta property=\"og:locale\" content=\"it_IT\" \/>\n<meta property=\"og:type\" content=\"article\" \/>\n<meta property=\"og:title\" content=\"Azzate celebra il 25 Aprile\" \/>\n<meta property=\"og:description\" content=\"Messa alle 10.30, poi corteo fino alla scuola primaria e infine &quot;aperitivo della Liberazione&quot;\" \/>\n<meta property=\"og:url\" content=\"https:\/\/staging.varesenews.it\/2022\/04\/azzate-celebra-25-aprile\/1453423\/\" \/>\n<meta property=\"og:site_name\" content=\"VareseNews\" \/>\n<meta property=\"article:publisher\" content=\"https:\/\/www.facebook.com\/varesenews\" \/>\n<meta property=\"article:author\" content=\"https:\/\/www.facebook.com\/roberta.bertolini.9\" \/>\n<meta property=\"article:published_time\" content=\"2022-04-22T07:32:50+00:00\" \/>\n<meta name=\"author\" content=\"Roberta Bertolini\" \/>\n<meta name=\"twitter:card\" content=\"summary_large_image\" \/>\n<meta name=\"twitter:creator\" content=\"@robybertolini\" \/>\n<meta name=\"twitter:site\" content=\"@varesenews\" \/>\n<meta name=\"twitter:label1\" content=\"Scritto da\" \/>\n\t<meta name=\"twitter:data1\" content=\"Roberta Bertolini\" \/>\n<script type=\"application\/ld+json\" class=\"yoast-schema-graph\">{\"@context\":\"https:\/\/schema.org\",\"@graph\":[{\"@type\":\"WebPage\",\"@id\":\"https:\/\/staging.varesenews.it\/2022\/04\/azzate-celebra-25-aprile\/1453423\/\",\"url\":\"https:\/\/staging.varesenews.it\/2022\/04\/azzate-celebra-25-aprile\/1453423\/\",\"name\":\"Azzate celebra il 25 Aprile\",\"isPartOf\":{\"@id\":\"https:\/\/staging.varesenews.it\/#website\"},\"datePublished\":\"2022-04-22T07:32:50+00:00\",\"dateModified\":\"2022-04-22T07:32:50+00:00\",\"author\":{\"@id\":\"https:\/\/staging.varesenews.it\/#\/schema\/person\/58fbd3e567d5c00f0a64d5137fef3e68\"},\"description\":\"Messa alle 10.30, poi corteo fino alla scuola primaria e infine \\\"aperitivo della Liberazione\\\"\",\"breadcrumb\":{\"@id\":\"https:\/\/staging.varesenews.it\/2022\/04\/azzate-celebra-25-aprile\/1453423\/#breadcrumb\"},\"inLanguage\":\"it-IT\",\"potentialAction\":[{\"@type\":\"ReadAction\",\"target\":[\"https:\/\/staging.varesenews.it\/2022\/04\/azzate-celebra-25-aprile\/1453423\/\"]}]},{\"@type\":\"BreadcrumbList\",\"@id\":\"https:\/\/staging.varesenews.it\/2022\/04\/azzate-celebra-25-aprile\/1453423\/#breadcrumb\",\"itemListElement\":[{\"@type\":\"ListItem\",\"position\":1,\"name\":\"Home\",\"item\":\"https:\/\/www.varesenews.it\/\"},{\"@type\":\"ListItem\",\"position\":2,\"name\":\"Azzate celebra il 25 Aprile\"}]},{\"@type\":\"WebSite\",\"@id\":\"https:\/\/staging.varesenews.it\/#website\",\"url\":\"https:\/\/staging.varesenews.it\/\",\"name\":\"VareseNews\",\"description\":\"\",\"potentialAction\":[{\"@type\":\"SearchAction\",\"target\":{\"@type\":\"EntryPoint\",\"urlTemplate\":\"https:\/\/staging.varesenews.it\/?s={search_term_string}\"},\"query-input\":\"required name=search_term_string\"}],\"inLanguage\":\"it-IT\"},{\"@type\":\"Person\",\"@id\":\"https:\/\/staging.varesenews.it\/#\/schema\/person\/58fbd3e567d5c00f0a64d5137fef3e68\",\"name\":\"Roberta Bertolini\",\"image\":{\"@type\":\"ImageObject\",\"inLanguage\":\"it-IT\",\"@id\":\"https:\/\/staging.varesenews.it\/#\/schema\/person\/image\/\",\"url\":\"https:\/\/staging.varesenews.it\/wp-content\/uploads\/2020\/12\/roberta_bertolini_colori_500.jpg\",\"contentUrl\":\"https:\/\/staging.varesenews.it\/wp-content\/uploads\/2020\/12\/roberta_bertolini_colori_500.jpg\",\"caption\":\"Roberta Bertolini\"},\"description\":\"Giornalista professionista dal 1991, sono passata, ormai molti anni fa, dalla carta al web. Oggi mi occupo di cronaca locale e guardo con curiosit&agrave; ed attenzione il mondo dei social. Parlo poco, ascolto molto.\",\"sameAs\":[\"https:\/\/www.facebook.com\/roberta.bertolini.9\",\"bettabertolini\",\"https:\/\/www.linkedin.com\/hp\/?dnr=v9e-Gp7a6_oxqTuQyZA0Lf4aEi4t91g6wMH\",\"https:\/\/twitter.com\/robybertolini\"],\"url\":\"https:\/\/staging.varesenews.it\/persona\/roberta-bertolini1\/\"}]}<\/script>\n<!-- \/ Yoast SEO plugin. -->","yoast_head_json":{"title":"Azzate celebra il 25 Aprile","description":"Messa alle 10.30, poi corteo fino alla scuola primaria e infine \"aperitivo della Liberazione\"","robots":{"index":"noindex","follow":"follow","max-snippet":"max-snippet:-1","max-image-preview":"max-image-preview:large","max-video-preview":"max-video-preview:-1"},"og_locale":"it_IT","og_type":"article","og_title":"Azzate celebra il 25 Aprile","og_description":"Messa alle 10.30, poi corteo fino alla scuola primaria e infine \"aperitivo della Liberazione\"","og_url":"https:\/\/staging.varesenews.it\/2022\/04\/azzate-celebra-25-aprile\/1453423\/","og_site_name":"VareseNews","article_publisher":"https:\/\/www.facebook.com\/varesenews","article_author":"https:\/\/www.facebook.com\/roberta.bertolini.9","article_published_time":"2022-04-22T07:32:50+00:00","author":"Roberta Bertolini","twitter_card":"summary_large_image","twitter_creator":"@robybertolini","twitter_site":"@varesenews","twitter_misc":{"Scritto da":"Roberta Bertolini"},"schema":{"@context":"https:\/\/schema.org","@graph":[{"@type":"WebPage","@id":"https:\/\/staging.varesenews.it\/2022\/04\/azzate-celebra-25-aprile\/1453423\/","url":"https:\/\/staging.varesenews.it\/2022\/04\/azzate-celebra-25-aprile\/1453423\/","name":"Azzate celebra il 25 Aprile","isPartOf":{"@id":"https:\/\/staging.varesenews.it\/#website"},"datePublished":"2022-04-22T07:32:50+00:00","dateModified":"2022-04-22T07:32:50+00:00","author":{"@id":"https:\/\/staging.varesenews.it\/#\/schema\/person\/58fbd3e567d5c00f0a64d5137fef3e68"},"description":"Messa alle 10.30, poi corteo fino alla scuola primaria e infine \"aperitivo della Liberazione\"","breadcrumb":{"@id":"https:\/\/staging.varesenews.it\/2022\/04\/azzate-celebra-25-aprile\/1453423\/#breadcrumb"},"inLanguage":"it-IT","potentialAction":[{"@type":"ReadAction","target":["https:\/\/staging.varesenews.it\/2022\/04\/azzate-celebra-25-aprile\/1453423\/"]}]},{"@type":"BreadcrumbList","@id":"https:\/\/staging.varesenews.it\/2022\/04\/azzate-celebra-25-aprile\/1453423\/#breadcrumb","itemListElement":[{"@type":"ListItem","position":1,"name":"Home","item":"https:\/\/www.varesenews.it\/"},{"@type":"ListItem","position":2,"name":"Azzate celebra il 25 Aprile"}]},{"@type":"WebSite","@id":"https:\/\/staging.varesenews.it\/#website","url":"https:\/\/staging.varesenews.it\/","name":"VareseNews","description":"","potentialAction":[{"@type":"SearchAction","target":{"@type":"EntryPoint","urlTemplate":"https:\/\/staging.varesenews.it\/?s={search_term_string}"},"query-input":"required name=search_term_string"}],"inLanguage":"it-IT"},{"@type":"Person","@id":"https:\/\/staging.varesenews.it\/#\/schema\/person\/58fbd3e567d5c00f0a64d5137fef3e68","name":"Roberta Bertolini","image":{"@type":"ImageObject","inLanguage":"it-IT","@id":"https:\/\/staging.varesenews.it\/#\/schema\/person\/image\/","url":"https:\/\/staging.varesenews.it\/wp-content\/uploads\/2020\/12\/roberta_bertolini_colori_500.jpg","contentUrl":"https:\/\/staging.varesenews.it\/wp-content\/uploads\/2020\/12\/roberta_bertolini_colori_500.jpg","caption":"Roberta Bertolini"},"description":"Giornalista professionista dal 1991, sono passata, ormai molti anni fa, dalla carta al web. Oggi mi occupo di cronaca locale e guardo con curiosit&agrave; ed attenzione il mondo dei social. Parlo poco, ascolto molto.","sameAs":["https:\/\/www.facebook.com\/roberta.bertolini.9","bettabertolini","https:\/\/www.linkedin.com\/hp\/?dnr=v9e-Gp7a6_oxqTuQyZA0Lf4aEi4t91g6wMH","https:\/\/twitter.com\/robybertolini"],"url":"https:\/\/staging.varesenews.it\/persona\/roberta-bertolini1\/"}]}},"post_meta":{"content-image-gallery":"","_edit_lock":"1650624184:49","_edit_last":"49","_category_permalink":"a:1:{s:7:\"testate\";s:0:\"\";}","foto":"1295851","firma_come_redazione":"1","evento-data-inizio":"1650844800","evento-data-fine":"1650844800","evento-orario-inizio":"10:30","evento-orario-fine":"12:00","evento-price":"Gratuito","argomento":"Azzate","_yoast_wpseo_focuskw_text_input":"25 aprile","_yoast_wpseo_focuskw":"25 aprile","_yoast_wpseo_linkdex":"32","_yoast_wpseo_content_score":"30","_jd_tweet_this":"yes","_encloseme":"1","ratings_users":"0","ratings_score":"0","ratings_average":"0","_wpt_short_url":"https:\/\/www.varesenews.it\/2022\/04\/azzate-celebra-25-aprile\/1453423\/","_wp_jd_target":"https:\/\/www.varesenews.it\/2022\/04\/azzate-celebra-25-aprile\/1453423\/","_jd_wp_twitter":"a:1:{i:0;s:113:\"Azzate celebra il 25 Aprile https:\/\/www.varesenews.it\/2022\/04\/azzate-celebra-25-aprile\/1453423\/ #25aprile #azzate\";}","_wpt_status_message":"Tweet inviato con successo.","_oembed_94d5249ca4614f5019e37059fca5d9fd":"<blockquote class=\"wp-embedded-content\" data-secret=\"JwNGkw4X8E\"><a href=\"https:\/\/www.varesenews.it\/2018\/04\/virtus-openjobmetis-scontri-dal-paladozza\/710766\/\">Virtus-Openjobmetis, scontri fuori dal PalaDozza<\/a><\/blockquote><iframe class=\"wp-embedded-content\" sandbox=\"allow-scripts\" security=\"restricted\" style=\"position: absolute; clip: rect(1px, 1px, 1px, 1px);\" src=\"https:\/\/www.varesenews.it\/2018\/04\/virtus-openjobmetis-scontri-dal-paladozza\/710766\/embed\/#?secret=JwNGkw4X8E\" data-secret=\"JwNGkw4X8E\" width=\"500\" height=\"282\" title=\"&#8220;Virtus-Openjobmetis, scontri fuori dal PalaDozza&#8221; &#8212; VareseNews\" frameborder=\"0\" marginwidth=\"0\" marginheight=\"0\" scrolling=\"no\"><\/iframe>","_oembed_time_94d5249ca4614f5019e37059fca5d9fd":"1650612866","_oembed_b6ff2a48638d1fc90a51a04a4d489a2d":"<blockquote class=\"wp-embedded-content\" data-secret=\"2Umktb0L2B\"><a href=\"https:\/\/www.verbanonews.it\/aree-geografiche\/lombardia\/2022\/04\/19\/la-chiesetta-di-san-quirico-miracolata-per-la-seconda-volta\/942839\/\">La chiesetta di San Quirico &#8220;miracolata&#8221; per la seconda volta<\/a><\/blockquote><iframe class=\"wp-embedded-content\" sandbox=\"allow-scripts\" security=\"restricted\" style=\"position: absolute; clip: rect(1px, 1px, 1px, 1px);\" src=\"https:\/\/www.verbanonews.it\/aree-geografiche\/lombardia\/2022\/04\/19\/la-chiesetta-di-san-quirico-miracolata-per-la-seconda-volta\/942839\/embed\/#?secret=2Umktb0L2B\" data-secret=\"2Umktb0L2B\" width=\"500\" height=\"282\" title=\"&#8220;La chiesetta di San Quirico &#8220;miracolata&#8221; per la seconda volta&#8221; &#8212; VerbanoNews\" frameborder=\"0\" marginwidth=\"0\" marginheight=\"0\" scrolling=\"no\"><\/iframe>","_oembed_time_b6ff2a48638d1fc90a51a04a4d489a2d":"1650612866","_oembed_14d64088493f9c4877a237cc5729db58":"<blockquote class=\"wp-embedded-content\" data-secret=\"bvfze72pRW\"><a href=\"https:\/\/www.varesenews.it\/2019\/12\/la-valceresio-maledetta-liliana-segre-la-grande-storia\/879902\/\">La Valceresio maledetta di Liliana Segre a &#8220;La Grande Storia&#8221;<\/a><\/blockquote><iframe class=\"wp-embedded-content\" sandbox=\"allow-scripts\" security=\"restricted\" style=\"position: absolute; clip: rect(1px, 1px, 1px, 1px);\" src=\"https:\/\/www.varesenews.it\/2019\/12\/la-valceresio-maledetta-liliana-segre-la-grande-storia\/879902\/embed\/#?secret=bvfze72pRW\" data-secret=\"bvfze72pRW\" width=\"500\" height=\"282\" title=\"&#8220;La Valceresio maledetta di Liliana Segre a &#8220;La Grande Storia&#8221;&#8221; &#8212; VareseNews\" frameborder=\"0\" marginwidth=\"0\" marginheight=\"0\" scrolling=\"no\"><\/iframe>","_oembed_time_14d64088493f9c4877a237cc5729db58":"1650612866","_oembed_d4ac966846a843ec28548767a92dae55":"<blockquote class=\"wp-embedded-content\" data-secret=\"JgWAi7TGly\"><a href=\"https:\/\/www.varesenews.it\/2021\/10\/varese-un-aiuto-concreto-piu-60-famiglie-afghane\/1389060\/\">Da Varese un aiuto concreto a pi\u00f9 di 60 famiglie afghane<\/a><\/blockquote><iframe class=\"wp-embedded-content\" sandbox=\"allow-scripts\" security=\"restricted\" style=\"position: absolute; clip: rect(1px, 1px, 1px, 1px);\" src=\"https:\/\/www.varesenews.it\/2021\/10\/varese-un-aiuto-concreto-piu-60-famiglie-afghane\/1389060\/embed\/#?secret=JgWAi7TGly\" data-secret=\"JgWAi7TGly\" width=\"500\" height=\"282\" title=\"&#8220;Da Varese un aiuto concreto a pi\u00f9 di 60 famiglie afghane&#8221; &#8212; VareseNews\" frameborder=\"0\" marginwidth=\"0\" marginheight=\"0\" scrolling=\"no\"><\/iframe>","_oembed_time_d4ac966846a843ec28548767a92dae55":"1650612866","_oembed_bdd1d8e3d37a0b85677acabe6801773a":"<blockquote class=\"wp-embedded-content\" data-secret=\"3w61gOO0cB\"><a href=\"https:\/\/www.varesenews.it\/2022\/01\/le-elezioni-cassano-magnago-si-affaccia-progetto-cassano-2032\/1420920\/\">Per le elezioni a Cassano Magnago si affaccia &#8220;Progetto Cassano 2032&#8221;<\/a><\/blockquote><iframe class=\"wp-embedded-content\" sandbox=\"allow-scripts\" security=\"restricted\" style=\"position: absolute; clip: rect(1px, 1px, 1px, 1px);\" src=\"https:\/\/www.varesenews.it\/2022\/01\/le-elezioni-cassano-magnago-si-affaccia-progetto-cassano-2032\/1420920\/embed\/#?secret=3w61gOO0cB\" data-secret=\"3w61gOO0cB\" width=\"500\" height=\"282\" title=\"&#8220;Per le elezioni a Cassano Magnago si affaccia &#8220;Progetto Cassano 2032&#8221;&#8221; &#8212; VareseNews\" frameborder=\"0\" marginwidth=\"0\" marginheight=\"0\" scrolling=\"no\"><\/iframe>","_oembed_time_bdd1d8e3d37a0b85677acabe6801773a":"1650613001","_oembed_6dc7cac8aeecc8b8a8d1023447315168":"<blockquote class=\"wp-embedded-content\" data-secret=\"oSo6a6ANiS\"><a href=\"https:\/\/www.varesenews.it\/2017\/01\/eh-si-caru-e-uno-dei-migliori-negozi-di-dischi-al-mondo\/585068\/\">Eh s\u00ec, Car\u00f9 di Gallarate \u00e8 uno dei migliori negozi di dischi al mondo<\/a><\/blockquote><iframe class=\"wp-embedded-content\" sandbox=\"allow-scripts\" security=\"restricted\" style=\"position: absolute; clip: rect(1px, 1px, 1px, 1px);\" src=\"https:\/\/www.varesenews.it\/2017\/01\/eh-si-caru-e-uno-dei-migliori-negozi-di-dischi-al-mondo\/585068\/embed\/#?secret=oSo6a6ANiS\" data-secret=\"oSo6a6ANiS\" width=\"500\" height=\"282\" title=\"&#8220;Eh s\u00ec, Car\u00f9 di Gallarate \u00e8 uno dei migliori negozi di dischi al mondo&#8221; &#8212; VareseNews\" frameborder=\"0\" marginwidth=\"0\" marginheight=\"0\" scrolling=\"no\"><\/iframe>","_oembed_time_6dc7cac8aeecc8b8a8d1023447315168":"1650613001","_oembed_3447d374e1b41918a2e2d0d52f5a62c9":"<blockquote class=\"wp-embedded-content\" data-secret=\"hqdlHHhOb2\"><a href=\"https:\/\/www.saronnonews.it\/2022\/04\/01\/a-gerenzano-gruppi-al-lavoro-per-la-definizione-di-candidati-e-liste-elettorali\/\">A Gerenzano gruppi al lavoro per la definizione di candidati e liste elettorali<\/a><\/blockquote><iframe class=\"wp-embedded-content\" sandbox=\"allow-scripts\" security=\"restricted\" style=\"position: absolute; clip: rect(1px, 1px, 1px, 1px);\" src=\"https:\/\/www.saronnonews.it\/2022\/04\/01\/a-gerenzano-gruppi-al-lavoro-per-la-definizione-di-candidati-e-liste-elettorali\/embed\/#?secret=hqdlHHhOb2\" data-secret=\"hqdlHHhOb2\" width=\"500\" height=\"282\" title=\"&#8220;A Gerenzano gruppi al lavoro per la definizione di candidati e liste elettorali&#8221; &#8212; SaronnoNews\" frameborder=\"0\" marginwidth=\"0\" marginheight=\"0\" scrolling=\"no\"><\/iframe>","_oembed_time_3447d374e1b41918a2e2d0d52f5a62c9":"1650613522","_oembed_71257065df22db2443dbac897b836746":"<iframe width=\"500\" height=\"281\" src=\"https:\/\/www.youtube.com\/embed\/rsembH-EO2s?feature=oembed\" frameborder=\"0\" allow=\"accelerometer; autoplay; clipboard-write; encrypted-media; gyroscope; picture-in-picture\" allowfullscreen><\/iframe>","_oembed_time_71257065df22db2443dbac897b836746":"1650613522","_oembed_851bf6cc227d4d18465a6aa90d355a64":"<blockquote class=\"wp-embedded-content\" data-secret=\"ORPFJng7OM\"><a href=\"https:\/\/www.varesenews.it\/2022\/04\/alessandro-marchetti-la-lotta-alle-leucemie-corre-sul-filo-dei-300-allora\/1452025\/\">Alessandro Marchetti, la lotta alle leucemie corre sul filo dei 300 all&#8217;ora<\/a><\/blockquote><iframe class=\"wp-embedded-content\" sandbox=\"allow-scripts\" security=\"restricted\" style=\"position: absolute; clip: rect(1px, 1px, 1px, 1px);\" src=\"https:\/\/www.varesenews.it\/2022\/04\/alessandro-marchetti-la-lotta-alle-leucemie-corre-sul-filo-dei-300-allora\/1452025\/embed\/#?secret=ORPFJng7OM\" data-secret=\"ORPFJng7OM\" width=\"500\" height=\"282\" title=\"&#8220;Alessandro Marchetti, la lotta alle leucemie corre sul filo dei 300 all&#8217;ora&#8221; &#8212; VareseNews\" frameborder=\"0\" marginwidth=\"0\" marginheight=\"0\" scrolling=\"no\"><\/iframe>","_oembed_time_851bf6cc227d4d18465a6aa90d355a64":"1650613539","_oembed_49e0ca808df278df93cd445d39eb55ab":"<blockquote class=\"wp-embedded-content\" data-secret=\"jzBXL8NJq3\"><a href=\"https:\/\/www.varesenews.it\/2022\/04\/pace-sostenibilita-cammini-ledizione-2022-la-cosa-giusta\/1452972\/\">Pace, sostenibilit\u00e0 e cammini per l&#8217;edizione 2022 di &#8220;Fa\u2019 la cosa giusta!&#8221;<\/a><\/blockquote><iframe class=\"wp-embedded-content\" sandbox=\"allow-scripts\" security=\"restricted\" style=\"position: absolute; clip: rect(1px, 1px, 1px, 1px);\" src=\"https:\/\/www.varesenews.it\/2022\/04\/pace-sostenibilita-cammini-ledizione-2022-la-cosa-giusta\/1452972\/embed\/#?secret=jzBXL8NJq3\" data-secret=\"jzBXL8NJq3\" width=\"500\" height=\"282\" title=\"&#8220;Pace, sostenibilit\u00e0 e cammini per l&#8217;edizione 2022 di &#8220;Fa\u2019 la cosa giusta!&#8221;&#8221; &#8212; VareseNews\" frameborder=\"0\" marginwidth=\"0\" marginheight=\"0\" scrolling=\"no\"><\/iframe>","_oembed_time_49e0ca808df278df93cd445d39eb55ab":"1650613539"},"photos":[{"original":"https:\/\/staging.varesenews.it\/photogallery_new\/images\/2022\/04\/generica-2020-1295851.jpg","full":"https:\/\/staging.varesenews.it\/photogallery_new\/images\/2022\/04\/generica-2020-1295851.1024x768.jpg","large":"https:\/\/staging.varesenews.it\/photogallery_new\/images\/2022\/04\/generica-2020-1295851.610x431.jpg"}],"_links":{"self":[{"href":"https:\/\/staging.varesenews.it\/swgapi\/v1\/wp\/v2\/posts\/1453423"}],"collection":[{"href":"https:\/\/staging.varesenews.it\/swgapi\/v1\/wp\/v2\/posts"}],"about":[{"href":"https:\/\/staging.varesenews.it\/swgapi\/v1\/wp\/v2\/types\/post"}],"author":[{"embeddable":true,"href":"https:\/\/staging.varesenews.it\/swgapi\/v1\/wp\/v2\/users\/49"}],"replies":[{"embeddable":true,"href":"https:\/\/staging.varesenews.it\/swgapi\/v1\/wp\/v2\/comments?post=1453423"}],"version-history":[{"count":0,"href":"https:\/\/staging.varesenews.it\/swgapi\/v1\/wp\/v2\/posts\/1453423\/revisions"}],"wp:attachment":[{"href":"https:\/\/staging.varesenews.it\/swgapi\/v1\/wp\/v2\/media?parent=1453423"}],"wp:term":[{"taxonomy":"category","embeddable":true,"href":"https:\/\/staging.varesenews.it\/swgapi\/v1\/wp\/v2\/categories?post=1453423"},{"taxonomy":"post_tag","embeddable":true,"href":"https:\/\/staging.varesenews.it\/swgapi\/v1\/wp\/v2\/tags?post=1453423"}],"curies":[{"name":"wp","href":"https:\/\/api.w.org\/{rel}","templated":true}]}}