{"id":1455337,"date":"2022-04-27T18:30:16","date_gmt":"2022-04-27T16:30:16","guid":{"rendered":"https:\/\/www.varesenews.it\/?p=1455337"},"modified":"2022-04-27T18:31:31","modified_gmt":"2022-04-27T16:31:31","slug":"laccoglienza-dei-profughi-ucraini-sperano-lavorare-opportunita-difficolta","status":"publish","type":"post","link":"https:\/\/staging.varesenews.it\/2022\/04\/laccoglienza-dei-profughi-ucraini-sperano-lavorare-opportunita-difficolta\/1455337\/","title":{"rendered":"L&#8217;accoglienza dei profughi ucraini che sperano di lavorare: tra opportunit\u00e0 e difficolt\u00e0"},"content":{"rendered":"<p>Fin da subito, la simpatia e il coinvolgimento dei varesini nei confronti degli ucraini &#8211; meglio: delle donne ucraine &#8211; in fuga dalla guerra \u00e8 stato altissimo.<\/p>\n<p>Molto aiuta il carattere di chi \u00e8 arrivato qui: che \u00e8 molto simile al nostro, con il desiderio di lavorare e rendersi utili e la grande difficolt\u00e0 nel farsi aiutare. <strong>Dopo i primi giorni di choc, quasi tutti hanno infatti cominciato a cercare un modo per rendersi utili e trovare un&#8217;occupazione<\/strong>.\u00a0Per molti di loro la <strong>strada del volontariato si \u00e8 subito aperta<\/strong>, ma ora \u00e8 <strong>necessario provvedere alla propria, e spesso a quella di figli e genitori, sussistenza<\/strong>.<\/p>\n<p>Trovare un&#8217;occupazione remunerata per\u00f2 non \u00e8 cosi semplice come il desiderarlo: e non tanto per le offerte, che in realt\u00e0 ci sono, anche grazie a una pi\u00f9 alto livello di competenza medio. Per lavorare regolarmente in Italia e a Varese, infatti, bisogna avere i documenti in regola: il che significa, per chi non \u00e8 residente in Italia, avere il <strong>permesso di soggiorno<\/strong>.<\/p>\n<p>Gli ucraini arrivati in Italia hanno dalla loro un<strong>\u00a0recente decreto<\/strong>, che rende pi\u00f9 semplice per loro cominciare a lavorare prima di ottenere il permesso di soggiorno: alla prima visita in Questura, che <a href=\"https:\/\/questure.poliziadistato.it\/it\/Varese\/articolo\/10206234822a90391196303071\">deve essere prenotata via email<\/a>, viene loro infatti rilasciato un <strong>documento provvisorio<\/strong> (che ha validit\u00e0 massima un anno) che contiene il codice fiscale e permette di essere assunti regolarmente, in attesa della risposta ufficiale sul permesso di soggiorno.<\/p>\n<p>Una buona, anzi ottima notizia, se non fosse che\u00a0la situazione in Questura &#8211; dove ci si deve rivolgere per ottenere il permesso di soggiorno &#8211; \u00e8 a dir poco intasata.<\/p>\n<p>\u00ab<strong>Sono 6000 le email che abbiamo ricevuto finora<\/strong> &#8211; spiega il capo di Gabinetto della questura di Varese <strong>Francesco Pino<\/strong> &#8211; Pur con il potenziamento dell&#8217;ufficio, finora <strong>siamo riusciti a rilasciarne non pi\u00f9 di 1000<\/strong>\u00bb.<\/p>\n<p>Processare queste mail non \u00e8 nemmeno semplice: alcune sono doppie, per tutte \u00e8 necessaria una telefonata per parlare preliminarmente con chi ha fatto richiesta ed eventualmente chiedere documenti mancanti, in diversi casi sono state ricevute email doppie perch\u00e8, in mancanza di risposta, sono state rinviate ed \u00e8 necessario fare le opportune verifiche.<\/p>\n<p>Morale:\u00a0\u00abRiusciamo a incontrare <strong>circa 150-170 le persone alla settimana <\/strong>&#8211; spiega Pino &#8211;\u00a0 A loro noi gi\u00e0 possiamo rilasciare la carta provvisoria, ma <strong>\u00e8 necessario avere pazienza per la chiamata<\/strong>. Abbiamo anche potenziato l&#8217;ufficio, ma al momento non ci \u00e8 possibile fare di pi\u00f9\u00bb.<\/p>\n<p>Di fronte a delle proposte di aiuto per trovare un lavoro come quelle provenienti dalla <a href=\"https:\/\/www.varesenews.it\/2022\/04\/la-fondazione-molina-avvia-un-servizio-cerco-offro-lavoro-dedicato-ai-profughi-ucraini\/1453587\/\">Fondazione Molina<\/a> o da <a href=\"https:\/\/www.varesenews.it\/2022\/04\/mancano-lavoratori-nel-turismo-confcommercio-assume-profughi-ucraini\/1455142\/\">Confcommercio<\/a>, il problema diventa spinoso.<\/p>\n<p>Molto utili perci\u00f2 saranno i prossimi appuntamenti in prefettura, evidenziati dal\u00a0<b>Prefetto Rosario Pasquariello<\/b> durante la presentazione del progetto di Confcommercio: \u00abSettimana prossima c\u2019\u00e8 cabina di regia, vi inviter\u00f2 per parlare del progetto &#8211; ha detto Pasquariello agli organizzatori dell&#8217;iniziativa per il Turismo &#8211; Inoltre abbiamo convocato una riunione della conferenza permanente delle amministrazioni pubbliche della provincia: tra gli argomenti all\u2019ordine del giorno c\u2019\u00e8 il punto della situazione sugli immigrati dall\u2019Ucraina\u00bb.<\/p>\n<p>Un argomento che sta rapidamente evolvendo verso la &#8220;fase 2&#8221;: quello dell&#8217;integrazione, anche lavorativa, di chi \u00e8 stato accolto.<\/p>\n<p><a href=\"https:\/\/fondazionemolina.com\/emergenza-ucraina-fondazione-molina-per-lucraina\/\">IL LINK DELLA FONDAZIONE MOLINA PER L&#8217;UCRAINA<\/a><\/p>\n<p><a href=\"https:\/\/www.myjobvarese.com\/ucraina\">IL LINK ALLA PAGINA MYJOB DEDICATO ALL&#8217;UCRAINA<\/a><\/p>\n","protected":false},"excerpt":{"rendered":"<p>Opportunit\u00e0 di lavoro sempre pi\u00f9 ampie ma difficolt\u00e0 sempre pi\u00f9 grandi per rilasciare i permessi provvisori: sono 6000 le richieste arrivate fino ad oggi, solo 1000 sono diventate un appuntamento<\/p>\n","protected":false},"author":48,"featured_media":0,"comment_status":"open","ping_status":"open","sticky":false,"template":"","format":"standard","meta":{"footnotes":""},"categories":[15,17,2],"tags":[121331,111490,1734],"acf":[],"yoast_head":"<!-- This site is optimized with the Yoast SEO plugin v20.1 - https:\/\/yoast.com\/wordpress\/plugins\/seo\/ -->\n<title>L&#039;accoglienza dei profughi ucraini che sperano di lavorare: tra opportunit\u00e0 e difficolt\u00e0<\/title>\n<meta name=\"description\" content=\"Opportunit\u00e0 di lavoro sempre pi\u00f9 ampie ma difficolt\u00e0 sempre pi\u00f9 grandi per rilasciare i permessi provvisori: sono 6000 le richieste arrivate fino ad oggi, solo 1000 sono diventate un appuntamento\" \/>\n<meta name=\"robots\" content=\"noindex, follow, max-snippet:-1, max-image-preview:large, max-video-preview:-1\" \/>\n<meta property=\"og:locale\" content=\"it_IT\" \/>\n<meta property=\"og:type\" content=\"article\" \/>\n<meta property=\"og:title\" content=\"L&#039;accoglienza dei profughi ucraini che sperano di lavorare: tra opportunit\u00e0 e difficolt\u00e0\" \/>\n<meta property=\"og:description\" content=\"Opportunit\u00e0 di lavoro sempre pi\u00f9 ampie ma difficolt\u00e0 sempre pi\u00f9 grandi per rilasciare i permessi provvisori: sono 6000 le richieste arrivate fino ad oggi, solo 1000 sono diventate un appuntamento\" \/>\n<meta property=\"og:url\" content=\"https:\/\/www.varesenews.it\/2022\/04\/laccoglienza-dei-profughi-ucraini-sperano-lavorare-opportunita-difficolta\/1455337\/\" \/>\n<meta property=\"og:site_name\" content=\"VareseNews\" \/>\n<meta property=\"article:publisher\" content=\"https:\/\/www.facebook.com\/varesenews\" \/>\n<meta property=\"article:author\" content=\"https:\/\/www.facebook.com\/stefaniaradman\" \/>\n<meta property=\"article:published_time\" content=\"2022-04-27T16:30:16+00:00\" \/>\n<meta property=\"article:modified_time\" content=\"2022-04-27T16:31:31+00:00\" \/>\n<meta name=\"author\" content=\"Stefania Radman\" \/>\n<meta name=\"twitter:card\" content=\"summary_large_image\" \/>\n<meta name=\"twitter:creator\" content=\"@LaRadman\" \/>\n<meta name=\"twitter:site\" content=\"@varesenews\" \/>\n<meta name=\"twitter:label1\" content=\"Scritto da\" \/>\n\t<meta name=\"twitter:data1\" content=\"Stefania Radman\" \/>\n\t<meta name=\"twitter:label2\" content=\"Tempo di lettura stimato\" \/>\n\t<meta name=\"twitter:data2\" content=\"3 minuti\" \/>\n<script type=\"application\/ld+json\" class=\"yoast-schema-graph\">{\"@context\":\"https:\/\/schema.org\",\"@graph\":[{\"@type\":\"WebPage\",\"@id\":\"https:\/\/www.varesenews.it\/2022\/04\/laccoglienza-dei-profughi-ucraini-sperano-lavorare-opportunita-difficolta\/1455337\/\",\"url\":\"https:\/\/www.varesenews.it\/2022\/04\/laccoglienza-dei-profughi-ucraini-sperano-lavorare-opportunita-difficolta\/1455337\/\",\"name\":\"L'accoglienza dei profughi ucraini che sperano di lavorare: tra opportunit\u00e0 e difficolt\u00e0\",\"isPartOf\":{\"@id\":\"https:\/\/staging.varesenews.it\/#website\"},\"datePublished\":\"2022-04-27T16:30:16+00:00\",\"dateModified\":\"2022-04-27T16:31:31+00:00\",\"author\":{\"@id\":\"https:\/\/staging.varesenews.it\/#\/schema\/person\/995d2e6a31c67237a9a1bc1f0079f3aa\"},\"description\":\"Opportunit\u00e0 di lavoro sempre pi\u00f9 ampie ma difficolt\u00e0 sempre pi\u00f9 grandi per rilasciare i permessi provvisori: sono 6000 le richieste arrivate fino ad oggi, solo 1000 sono diventate un appuntamento\",\"breadcrumb\":{\"@id\":\"https:\/\/www.varesenews.it\/2022\/04\/laccoglienza-dei-profughi-ucraini-sperano-lavorare-opportunita-difficolta\/1455337\/#breadcrumb\"},\"inLanguage\":\"it-IT\",\"potentialAction\":[{\"@type\":\"ReadAction\",\"target\":[\"https:\/\/www.varesenews.it\/2022\/04\/laccoglienza-dei-profughi-ucraini-sperano-lavorare-opportunita-difficolta\/1455337\/\"]}]},{\"@type\":\"BreadcrumbList\",\"@id\":\"https:\/\/www.varesenews.it\/2022\/04\/laccoglienza-dei-profughi-ucraini-sperano-lavorare-opportunita-difficolta\/1455337\/#breadcrumb\",\"itemListElement\":[{\"@type\":\"ListItem\",\"position\":1,\"name\":\"Home\",\"item\":\"https:\/\/www.varesenews.it\/\"},{\"@type\":\"ListItem\",\"position\":2,\"name\":\"L&#8217;accoglienza dei profughi ucraini che sperano di lavorare: tra opportunit\u00e0 e difficolt\u00e0\"}]},{\"@type\":\"WebSite\",\"@id\":\"https:\/\/staging.varesenews.it\/#website\",\"url\":\"https:\/\/staging.varesenews.it\/\",\"name\":\"VareseNews\",\"description\":\"\",\"potentialAction\":[{\"@type\":\"SearchAction\",\"target\":{\"@type\":\"EntryPoint\",\"urlTemplate\":\"https:\/\/staging.varesenews.it\/?s={search_term_string}\"},\"query-input\":\"required name=search_term_string\"}],\"inLanguage\":\"it-IT\"},{\"@type\":\"Person\",\"@id\":\"https:\/\/staging.varesenews.it\/#\/schema\/person\/995d2e6a31c67237a9a1bc1f0079f3aa\",\"name\":\"Stefania Radman\",\"image\":{\"@type\":\"ImageObject\",\"inLanguage\":\"it-IT\",\"@id\":\"https:\/\/staging.varesenews.it\/#\/schema\/person\/image\/\",\"url\":\"https:\/\/staging.varesenews.it\/wp-content\/uploads\/2020\/12\/stefania_radman_colori_500.jpg\",\"contentUrl\":\"https:\/\/staging.varesenews.it\/wp-content\/uploads\/2020\/12\/stefania_radman_colori_500.jpg\",\"caption\":\"Stefania Radman\"},\"description\":\"Varesina dal 1991, lavoro dal 2000 per Varesenews.it, prima come responsabile della pagina dell&rsquo;economia, poi della pagina life, ora della citt&agrave; di Varese.Ma sono (e sono stata) anche altro: per esempio, agli albori delle radio private ero dj in una radio milanese, Onda Radio. Da 20 anni sono corrispondente da Varese di Radio Popolare e ho collaborato con Espresso, Repubblica, Diario della Settimana, Italia Oggi. &ldquo;Smanettona&rdquo; da sempre, ho aperto il mio primo sito personale con Geocities nei primi anni novanta (chi se lo ricorda?) e i miei primi blog in Splinder all&rsquo;inizio del 2000. Ora sono sui social: qui quasi sempre sono semplicemente \\\"LaRadman&rdquo;.\",\"sameAs\":[\"http:\/\/laradman.blogspot.it\",\"https:\/\/www.facebook.com\/stefaniaradman\",\"@LaRadman\",\"https:\/\/www.linkedin.com\/in\/stefaniaradman\",\"https:\/\/twitter.com\/LaRadman\"],\"url\":\"https:\/\/staging.varesenews.it\/persona\/stefania-radman1\/\"}]}<\/script>\n<!-- \/ Yoast SEO plugin. -->","yoast_head_json":{"title":"L'accoglienza dei profughi ucraini che sperano di lavorare: tra opportunit\u00e0 e difficolt\u00e0","description":"Opportunit\u00e0 di lavoro sempre pi\u00f9 ampie ma difficolt\u00e0 sempre pi\u00f9 grandi per rilasciare i permessi provvisori: sono 6000 le richieste arrivate fino ad oggi, solo 1000 sono diventate un appuntamento","robots":{"index":"noindex","follow":"follow","max-snippet":"max-snippet:-1","max-image-preview":"max-image-preview:large","max-video-preview":"max-video-preview:-1"},"og_locale":"it_IT","og_type":"article","og_title":"L'accoglienza dei profughi ucraini che sperano di lavorare: tra opportunit\u00e0 e difficolt\u00e0","og_description":"Opportunit\u00e0 di lavoro sempre pi\u00f9 ampie ma difficolt\u00e0 sempre pi\u00f9 grandi per rilasciare i permessi provvisori: sono 6000 le richieste arrivate fino ad oggi, solo 1000 sono diventate un appuntamento","og_url":"https:\/\/www.varesenews.it\/2022\/04\/laccoglienza-dei-profughi-ucraini-sperano-lavorare-opportunita-difficolta\/1455337\/","og_site_name":"VareseNews","article_publisher":"https:\/\/www.facebook.com\/varesenews","article_author":"https:\/\/www.facebook.com\/stefaniaradman","article_published_time":"2022-04-27T16:30:16+00:00","article_modified_time":"2022-04-27T16:31:31+00:00","author":"Stefania Radman","twitter_card":"summary_large_image","twitter_creator":"@LaRadman","twitter_site":"@varesenews","twitter_misc":{"Scritto da":"Stefania Radman","Tempo di lettura stimato":"3 minuti"},"schema":{"@context":"https:\/\/schema.org","@graph":[{"@type":"WebPage","@id":"https:\/\/www.varesenews.it\/2022\/04\/laccoglienza-dei-profughi-ucraini-sperano-lavorare-opportunita-difficolta\/1455337\/","url":"https:\/\/www.varesenews.it\/2022\/04\/laccoglienza-dei-profughi-ucraini-sperano-lavorare-opportunita-difficolta\/1455337\/","name":"L'accoglienza dei profughi ucraini che sperano di lavorare: tra opportunit\u00e0 e difficolt\u00e0","isPartOf":{"@id":"https:\/\/staging.varesenews.it\/#website"},"datePublished":"2022-04-27T16:30:16+00:00","dateModified":"2022-04-27T16:31:31+00:00","author":{"@id":"https:\/\/staging.varesenews.it\/#\/schema\/person\/995d2e6a31c67237a9a1bc1f0079f3aa"},"description":"Opportunit\u00e0 di lavoro sempre pi\u00f9 ampie ma difficolt\u00e0 sempre pi\u00f9 grandi per rilasciare i permessi provvisori: sono 6000 le richieste arrivate fino ad oggi, solo 1000 sono diventate un appuntamento","breadcrumb":{"@id":"https:\/\/www.varesenews.it\/2022\/04\/laccoglienza-dei-profughi-ucraini-sperano-lavorare-opportunita-difficolta\/1455337\/#breadcrumb"},"inLanguage":"it-IT","potentialAction":[{"@type":"ReadAction","target":["https:\/\/www.varesenews.it\/2022\/04\/laccoglienza-dei-profughi-ucraini-sperano-lavorare-opportunita-difficolta\/1455337\/"]}]},{"@type":"BreadcrumbList","@id":"https:\/\/www.varesenews.it\/2022\/04\/laccoglienza-dei-profughi-ucraini-sperano-lavorare-opportunita-difficolta\/1455337\/#breadcrumb","itemListElement":[{"@type":"ListItem","position":1,"name":"Home","item":"https:\/\/www.varesenews.it\/"},{"@type":"ListItem","position":2,"name":"L&#8217;accoglienza dei profughi ucraini che sperano di lavorare: tra opportunit\u00e0 e difficolt\u00e0"}]},{"@type":"WebSite","@id":"https:\/\/staging.varesenews.it\/#website","url":"https:\/\/staging.varesenews.it\/","name":"VareseNews","description":"","potentialAction":[{"@type":"SearchAction","target":{"@type":"EntryPoint","urlTemplate":"https:\/\/staging.varesenews.it\/?s={search_term_string}"},"query-input":"required name=search_term_string"}],"inLanguage":"it-IT"},{"@type":"Person","@id":"https:\/\/staging.varesenews.it\/#\/schema\/person\/995d2e6a31c67237a9a1bc1f0079f3aa","name":"Stefania Radman","image":{"@type":"ImageObject","inLanguage":"it-IT","@id":"https:\/\/staging.varesenews.it\/#\/schema\/person\/image\/","url":"https:\/\/staging.varesenews.it\/wp-content\/uploads\/2020\/12\/stefania_radman_colori_500.jpg","contentUrl":"https:\/\/staging.varesenews.it\/wp-content\/uploads\/2020\/12\/stefania_radman_colori_500.jpg","caption":"Stefania Radman"},"description":"Varesina dal 1991, lavoro dal 2000 per Varesenews.it, prima come responsabile della pagina dell&rsquo;economia, poi della pagina life, ora della citt&agrave; di Varese.Ma sono (e sono stata) anche altro: per esempio, agli albori delle radio private ero dj in una radio milanese, Onda Radio. Da 20 anni sono corrispondente da Varese di Radio Popolare e ho collaborato con Espresso, Repubblica, Diario della Settimana, Italia Oggi. &ldquo;Smanettona&rdquo; da sempre, ho aperto il mio primo sito personale con Geocities nei primi anni novanta (chi se lo ricorda?) e i miei primi blog in Splinder all&rsquo;inizio del 2000. Ora sono sui social: qui quasi sempre sono semplicemente \"LaRadman&rdquo;.","sameAs":["http:\/\/laradman.blogspot.it","https:\/\/www.facebook.com\/stefaniaradman","@LaRadman","https:\/\/www.linkedin.com\/in\/stefaniaradman","https:\/\/twitter.com\/LaRadman"],"url":"https:\/\/staging.varesenews.it\/persona\/stefania-radman1\/"}]}},"post_meta":{"content-image-gallery":"","_category_permalink":"a:1:{s:8:\"category\";s:2:\"15\";}","evento-data-inizio":"1651010400","evento-data-fine":"1651010400","argomento":"Varese","_yoast_wpseo_focuskw_text_input":"ucraini","_yoast_wpseo_focuskw":"ucraini","_yoast_wpseo_linkdex":"69","_yoast_wpseo_content_score":"30","_jd_tweet_this":"yes","_encloseme":"1","ratings_users":"0","ratings_score":"0","ratings_average":"0","foto":"1292709","_wpt_short_url":"https:\/\/www.varesenews.it\/2022\/04\/mancano-lavoratori-nel-turismo-confcommercio-assume-profughi-ucraini\/1455142\/","_wp_jd_target":"https:\/\/www.varesenews.it\/2022\/04\/mancano-lavoratori-nel-turismo-confcommercio-assume-profughi-ucraini\/1455142\/","_jd_wp_twitter":"a:2:{i:0;s:190:\"Mancano lavoratori nel turismo, Confcommercio \u201cassume\u201d i profughi ucraini https:\/\/www.varesenews.it\/2022\/04\/mancano-lavoratori-nel-turismo-confcommercio-assume-profughi-ucraini\/1455142\/ \";i:1;s:205:\"L\u2019accoglienza dei profughi ucraini che sperano di lavorare: tra opportunit\u00e0 e difficolt\u00e0 https:\/\/www.varesenews.it\/2022\/04\/mancano-lavoratori-nel-turismo-confcommercio-assume-profughi-ucraini\/1455142\/ \";}","_wpt_status_message":"Tweet inviato con successo.","_oembed_3c1f87aa1392e0fbeda82c8764ea1ad9":"<iframe width=\"500\" height=\"281\" src=\"https:\/\/www.youtube.com\/embed\/6npie1eBZ-o?start=7&feature=oembed\" frameborder=\"0\" allow=\"accelerometer; autoplay; clipboard-write; encrypted-media; gyroscope; picture-in-picture\" allowfullscreen><\/iframe>","_oembed_time_3c1f87aa1392e0fbeda82c8764ea1ad9":"1651058373","_oembed_8de6c358e369cbd9ea04f28556a1df6a":"<iframe width=\"500\" height=\"281\" src=\"https:\/\/www.youtube.com\/embed\/3SkuP1bw2kc?feature=oembed\" frameborder=\"0\" allow=\"accelerometer; autoplay; clipboard-write; encrypted-media; gyroscope; picture-in-picture\" allowfullscreen><\/iframe>","_oembed_time_8de6c358e369cbd9ea04f28556a1df6a":"1651058572","_oembed_2766d5fa37d60a0a27e822a6299a7a51":"<iframe width=\"500\" height=\"281\" src=\"https:\/\/www.youtube.com\/embed\/xJqJPLZj1MA?feature=oembed\" frameborder=\"0\" allow=\"accelerometer; autoplay; clipboard-write; encrypted-media; gyroscope; picture-in-picture\" allowfullscreen><\/iframe>","_oembed_time_2766d5fa37d60a0a27e822a6299a7a51":"1651058572","_oembed_12d0f8f37c2fe497f965549521caadf6":"<iframe width=\"500\" height=\"281\" src=\"https:\/\/www.youtube.com\/embed\/lqkq4V3W1Xk?feature=oembed\" frameborder=\"0\" allow=\"accelerometer; autoplay; clipboard-write; encrypted-media; gyroscope; picture-in-picture\" allowfullscreen><\/iframe>","_oembed_time_12d0f8f37c2fe497f965549521caadf6":"1651058572","_oembed_db4fdc6c7bbdfbcde4cfd551075e646e":"<blockquote class=\"wp-embedded-content\" data-secret=\"zU8LNREUF5\"><a href=\"https:\/\/www.varesenews.it\/2022\/04\/state-la-proposta-lestate-gallarate-de-carmaleonte\/1454473\/\">E&#8230;state con noi, la proposta per l&#8217;estate a Gallarate de Il Carmaleonte<\/a><\/blockquote><iframe class=\"wp-embedded-content\" sandbox=\"allow-scripts\" security=\"restricted\" style=\"position: absolute; clip: rect(1px, 1px, 1px, 1px);\" src=\"https:\/\/www.varesenews.it\/2022\/04\/state-la-proposta-lestate-gallarate-de-carmaleonte\/1454473\/embed\/#?secret=zU8LNREUF5\" data-secret=\"zU8LNREUF5\" width=\"500\" height=\"282\" title=\"&#8220;E&#8230;state con noi, la proposta per l&#8217;estate a Gallarate de Il Carmaleonte&#8221; &#8212; VareseNews\" frameborder=\"0\" marginwidth=\"0\" marginheight=\"0\" scrolling=\"no\"><\/iframe>","_oembed_time_db4fdc6c7bbdfbcde4cfd551075e646e":"1651058572","_oembed_0082eff7209274d6878b2470438deb67":"<blockquote class=\"wp-embedded-content\" data-secret=\"4OIWvETsge\"><a href=\"https:\/\/www.varesenews.it\/2022\/04\/campo-estivo-gioca-bimbo-gallarate-2022\/1451140\/\">Campo Estivo Gioca Bimbo Gallarate<\/a><\/blockquote><iframe class=\"wp-embedded-content\" sandbox=\"allow-scripts\" security=\"restricted\" style=\"position: absolute; clip: rect(1px, 1px, 1px, 1px);\" src=\"https:\/\/www.varesenews.it\/2022\/04\/campo-estivo-gioca-bimbo-gallarate-2022\/1451140\/embed\/#?secret=4OIWvETsge\" data-secret=\"4OIWvETsge\" width=\"500\" height=\"282\" title=\"&#8220;Campo Estivo Gioca Bimbo Gallarate&#8221; &#8212; VareseNews\" frameborder=\"0\" marginwidth=\"0\" marginheight=\"0\" scrolling=\"no\"><\/iframe>","_oembed_time_0082eff7209274d6878b2470438deb67":"1651058572","_oembed_8d310ab489690a4623da72ad80c618f4":"<blockquote class=\"wp-embedded-content\" data-secret=\"BPDle7ikT3\"><a href=\"https:\/\/www.varesenews.it\/2022\/04\/enjoy-camp-2022-allo-smash-x3-club-bellavista-gazzada\/1454493\/\">Enjoy Camp 2022 allo Smash X3 &#8211; Club Bellavista di Gazzada<\/a><\/blockquote><iframe class=\"wp-embedded-content\" sandbox=\"allow-scripts\" security=\"restricted\" style=\"position: absolute; clip: rect(1px, 1px, 1px, 1px);\" src=\"https:\/\/www.varesenews.it\/2022\/04\/enjoy-camp-2022-allo-smash-x3-club-bellavista-gazzada\/1454493\/embed\/#?secret=BPDle7ikT3\" data-secret=\"BPDle7ikT3\" width=\"500\" height=\"282\" title=\"&#8220;Enjoy Camp 2022 allo Smash X3 &#8211; Club Bellavista di Gazzada&#8221; &#8212; VareseNews\" frameborder=\"0\" marginwidth=\"0\" marginheight=\"0\" scrolling=\"no\"><\/iframe>","_oembed_time_8d310ab489690a4623da72ad80c618f4":"1651058572","_oembed_5d4538202d4630739ad4d3048401ba28":"<blockquote class=\"wp-embedded-content\" data-secret=\"E3sVRPf7P8\"><a href=\"https:\/\/www.varesenews.it\/2022\/04\/aquamore-summer-camp-lestate-piu-bella-sempre-jerago-orago-2022\/1451218\/\">Aquamore Summer Camp. L&#8217;estate pi\u00f9 bella di sempre a Jerago con Orago<\/a><\/blockquote><iframe class=\"wp-embedded-content\" sandbox=\"allow-scripts\" security=\"restricted\" style=\"position: absolute; clip: rect(1px, 1px, 1px, 1px);\" src=\"https:\/\/www.varesenews.it\/2022\/04\/aquamore-summer-camp-lestate-piu-bella-sempre-jerago-orago-2022\/1451218\/embed\/#?secret=E3sVRPf7P8\" data-secret=\"E3sVRPf7P8\" width=\"500\" height=\"282\" title=\"&#8220;Aquamore Summer Camp. L&#8217;estate pi\u00f9 bella di sempre a Jerago con Orago&#8221; &#8212; VareseNews\" frameborder=\"0\" marginwidth=\"0\" marginheight=\"0\" scrolling=\"no\"><\/iframe>","_oembed_time_5d4538202d4630739ad4d3048401ba28":"1651058572","_oembed_bd99b9cd0accf451a127a0205232937f":"<blockquote class=\"wp-embedded-content\" data-secret=\"29zTohPMDz\"><a href=\"https:\/\/www.varesenews.it\/2022\/04\/cerbis-camp-multisport-porto-ceresio-2022\/1451153\/\">Cerbis Camp multisport a Porto Ceresio<\/a><\/blockquote><iframe class=\"wp-embedded-content\" sandbox=\"allow-scripts\" security=\"restricted\" style=\"position: absolute; clip: rect(1px, 1px, 1px, 1px);\" src=\"https:\/\/www.varesenews.it\/2022\/04\/cerbis-camp-multisport-porto-ceresio-2022\/1451153\/embed\/#?secret=29zTohPMDz\" data-secret=\"29zTohPMDz\" width=\"500\" height=\"282\" title=\"&#8220;Cerbis Camp multisport a Porto Ceresio&#8221; &#8212; VareseNews\" frameborder=\"0\" marginwidth=\"0\" marginheight=\"0\" scrolling=\"no\"><\/iframe>","_oembed_time_bd99b9cd0accf451a127a0205232937f":"1651058572","_oembed_0d7e3cbf837e5b45772193b1e8552d35":"<blockquote class=\"wp-embedded-content\" data-secret=\"UvoWkzAd4A\"><a href=\"https:\/\/www.varesenews.it\/2022\/04\/summer-camp-allo-sporting-club-saronno-2022\/1451203\/\">Summer Camp allo Sporting Club Saronno<\/a><\/blockquote><iframe class=\"wp-embedded-content\" sandbox=\"allow-scripts\" security=\"restricted\" style=\"position: absolute; clip: rect(1px, 1px, 1px, 1px);\" src=\"https:\/\/www.varesenews.it\/2022\/04\/summer-camp-allo-sporting-club-saronno-2022\/1451203\/embed\/#?secret=UvoWkzAd4A\" data-secret=\"UvoWkzAd4A\" width=\"500\" height=\"282\" title=\"&#8220;Summer Camp allo Sporting Club Saronno&#8221; &#8212; VareseNews\" frameborder=\"0\" marginwidth=\"0\" marginheight=\"0\" scrolling=\"no\"><\/iframe>","_oembed_time_0d7e3cbf837e5b45772193b1e8552d35":"1651058572","_oembed_70585e91126c2a689892a0e6dac7576d":"<iframe width=\"500\" height=\"281\" src=\"https:\/\/www.youtube.com\/embed\/eD9ReSn2xws?feature=oembed\" frameborder=\"0\" allow=\"accelerometer; autoplay; clipboard-write; encrypted-media; gyroscope; picture-in-picture\" allowfullscreen><\/iframe>","_oembed_time_70585e91126c2a689892a0e6dac7576d":"1651058572","_oembed_cf5e578e9b3822d01cf536bc1204dd2f":"<blockquote class=\"wp-embedded-content\" data-secret=\"5qCWIkGUsy\"><a href=\"https:\/\/www.varesenews.it\/2021\/04\/perche-gorla-minore-gorla-maggiore-festeggiano-25-aprile-insieme\/1332269\/\">Perch\u00e9 Gorla Minore e Gorla Maggiore festeggiano il 25 aprile insieme?<\/a><\/blockquote><iframe class=\"wp-embedded-content\" sandbox=\"allow-scripts\" security=\"restricted\" style=\"position: absolute; clip: rect(1px, 1px, 1px, 1px);\" src=\"https:\/\/www.varesenews.it\/2021\/04\/perche-gorla-minore-gorla-maggiore-festeggiano-25-aprile-insieme\/1332269\/embed\/#?secret=5qCWIkGUsy\" data-secret=\"5qCWIkGUsy\" width=\"500\" height=\"282\" title=\"&#8220;Perch\u00e9 Gorla Minore e Gorla Maggiore festeggiano il 25 aprile insieme?&#8221; &#8212; VareseNews\" frameborder=\"0\" marginwidth=\"0\" marginheight=\"0\" scrolling=\"no\"><\/iframe>","_oembed_time_cf5e578e9b3822d01cf536bc1204dd2f":"1651058572","_oembed_ef7858649cf1ed0d027a393feba54844":"<iframe width=\"500\" height=\"281\" src=\"https:\/\/www.youtube.com\/embed\/lBmhdgEj2qg?feature=oembed\" frameborder=\"0\" allow=\"accelerometer; autoplay; clipboard-write; encrypted-media; gyroscope; picture-in-picture\" allowfullscreen><\/iframe>","_oembed_time_ef7858649cf1ed0d027a393feba54844":"1651059190","_oembed_0a664bd96ed9cfa183d257d6b59d5478":"<blockquote class=\"wp-embedded-content\" data-secret=\"FMITTjLIy8\"><a href=\"https:\/\/www.varesenews.it\/2022\/04\/eventi-bambini-nel-weekend-dal-15-al-18-aprile-varese-provincia\/1451318\/\">Eventi per bambini nel weekend dal 15 al 18 aprile tra Varese e provincia<\/a><\/blockquote><iframe class=\"wp-embedded-content\" sandbox=\"allow-scripts\" security=\"restricted\" style=\"position: absolute; clip: rect(1px, 1px, 1px, 1px);\" src=\"https:\/\/www.varesenews.it\/2022\/04\/eventi-bambini-nel-weekend-dal-15-al-18-aprile-varese-provincia\/1451318\/embed\/#?secret=FMITTjLIy8\" data-secret=\"FMITTjLIy8\" width=\"500\" height=\"282\" title=\"&#8220;Eventi per bambini nel weekend dal 15 al 18 aprile tra Varese e provincia&#8221; &#8212; VareseNews\" frameborder=\"0\" marginwidth=\"0\" marginheight=\"0\" scrolling=\"no\"><\/iframe>","_oembed_time_0a664bd96ed9cfa183d257d6b59d5478":"1651059190","_oembed_97d5dfff58a1c8be668a0afb992e1c48":"<blockquote class=\"wp-embedded-content\" data-secret=\"8GpCbD8UKP\"><a href=\"https:\/\/www.varesenews.it\/2018\/07\/segreti-del-rituale-nella-lettura-della-buonanotte\/732129\/\">I segreti del rituale nella lettura della buonanotte<\/a><\/blockquote><iframe class=\"wp-embedded-content\" sandbox=\"allow-scripts\" security=\"restricted\" style=\"position: absolute; clip: rect(1px, 1px, 1px, 1px);\" src=\"https:\/\/www.varesenews.it\/2018\/07\/segreti-del-rituale-nella-lettura-della-buonanotte\/732129\/embed\/#?secret=8GpCbD8UKP\" data-secret=\"8GpCbD8UKP\" width=\"500\" height=\"282\" title=\"&#8220;I segreti del rituale nella lettura della buonanotte&#8221; &#8212; VareseNews\" frameborder=\"0\" marginwidth=\"0\" marginheight=\"0\" scrolling=\"no\"><\/iframe>","_oembed_time_97d5dfff58a1c8be668a0afb992e1c48":"1651059191","_oembed_5c07f36570d9a89db57ad2d3ce9fa3f3":"<blockquote class=\"wp-embedded-content\" data-secret=\"8YFqBYnC1Z\"><a href=\"https:\/\/www.varesenews.it\/2022\/04\/eventi-bambini-nel-weekend-dal-8-al-10-aprile-varese-provincia\/1448499\/\">Eventi per bambini nel weekend dal 8 al 10 aprile tra Varese e provincia<\/a><\/blockquote><iframe class=\"wp-embedded-content\" sandbox=\"allow-scripts\" security=\"restricted\" style=\"position: absolute; clip: rect(1px, 1px, 1px, 1px);\" src=\"https:\/\/www.varesenews.it\/2022\/04\/eventi-bambini-nel-weekend-dal-8-al-10-aprile-varese-provincia\/1448499\/embed\/#?secret=8YFqBYnC1Z\" data-secret=\"8YFqBYnC1Z\" width=\"500\" height=\"282\" title=\"&#8220;Eventi per bambini nel weekend dal 8 al 10 aprile tra Varese e provincia&#8221; &#8212; VareseNews\" frameborder=\"0\" marginwidth=\"0\" marginheight=\"0\" scrolling=\"no\"><\/iframe>","_oembed_time_5c07f36570d9a89db57ad2d3ce9fa3f3":"1651059191","_oembed_1b47dbd56b1467f3025e45c2afca8122":"<iframe width=\"500\" height=\"281\" src=\"https:\/\/www.youtube.com\/embed\/x5CPEywn2iA?feature=oembed\" frameborder=\"0\" allow=\"accelerometer; autoplay; clipboard-write; encrypted-media; gyroscope; picture-in-picture\" allowfullscreen><\/iframe>","_oembed_time_1b47dbd56b1467f3025e45c2afca8122":"1651059524","_oembed_000b7c64c32644f8de8e199de83bf283":"<blockquote class=\"wp-embedded-content\" data-secret=\"jZTQS4zWWC\"><a href=\"https:\/\/www.varesenews.it\/2022\/04\/la-festa-della-liberazione-gorla-minore-inaugura-la-nuova-piazza-xxv-aprile\/1454366\/\">Per la festa della Liberazione, Gorla Minore inaugura la nuova piazza XXV Aprile<\/a><\/blockquote><iframe class=\"wp-embedded-content\" sandbox=\"allow-scripts\" security=\"restricted\" style=\"position: absolute; clip: rect(1px, 1px, 1px, 1px);\" src=\"https:\/\/www.varesenews.it\/2022\/04\/la-festa-della-liberazione-gorla-minore-inaugura-la-nuova-piazza-xxv-aprile\/1454366\/embed\/#?secret=jZTQS4zWWC\" data-secret=\"jZTQS4zWWC\" width=\"500\" height=\"282\" title=\"&#8220;Per la festa della Liberazione, Gorla Minore inaugura la nuova piazza XXV Aprile&#8221; &#8212; VareseNews\" frameborder=\"0\" marginwidth=\"0\" marginheight=\"0\" scrolling=\"no\"><\/iframe>","_oembed_time_000b7c64c32644f8de8e199de83bf283":"1651059621","_oembed_4ee876bba5d8e9f2203cc4f616ee9f7f":"<blockquote class=\"wp-embedded-content\" data-secret=\"dzin59mhDo\"><a href=\"https:\/\/www.varesenews.it\/2022\/03\/lex-portiere-di-pro-patria-e-legnano-ivan-luca-vavassori-in-ucraina-a-combattere-come-foreign-fighter\/1440449\/\">L&#8217;ex portiere di Pro Patria e Legnano, Ivan Luca Vavassori, in Ucraina a combattere come foreign fighter<\/a><\/blockquote><iframe class=\"wp-embedded-content\" sandbox=\"allow-scripts\" security=\"restricted\" style=\"position: absolute; clip: rect(1px, 1px, 1px, 1px);\" src=\"https:\/\/www.varesenews.it\/2022\/03\/lex-portiere-di-pro-patria-e-legnano-ivan-luca-vavassori-in-ucraina-a-combattere-come-foreign-fighter\/1440449\/embed\/#?secret=dzin59mhDo\" data-secret=\"dzin59mhDo\" width=\"500\" height=\"282\" title=\"&#8220;L&#8217;ex portiere di Pro Patria e Legnano, Ivan Luca Vavassori, in Ucraina a combattere come foreign fighter&#8221; &#8212; VareseNews\" frameborder=\"0\" marginwidth=\"0\" marginheight=\"0\" scrolling=\"no\"><\/iframe>","_oembed_time_4ee876bba5d8e9f2203cc4f616ee9f7f":"1651059621","_oembed_5268b082837c0bf4a4eaec5e0f38e025":"<blockquote class=\"wp-embedded-content\" data-secret=\"h1scStHrnI\"><a href=\"https:\/\/www.varesenews.it\/2022\/04\/la-pergolettese-vince-rigore-la-pro-patria-arrivano-comunque-playoff\/1454207\/\">La Pergolettese vince di rigore, ma per la Pro Patria arrivano comunque i playoff<\/a><\/blockquote><iframe class=\"wp-embedded-content\" sandbox=\"allow-scripts\" security=\"restricted\" style=\"position: absolute; clip: rect(1px, 1px, 1px, 1px);\" src=\"https:\/\/www.varesenews.it\/2022\/04\/la-pergolettese-vince-rigore-la-pro-patria-arrivano-comunque-playoff\/1454207\/embed\/#?secret=h1scStHrnI\" data-secret=\"h1scStHrnI\" width=\"500\" height=\"282\" title=\"&#8220;La Pergolettese vince di rigore, ma per la Pro Patria arrivano comunque i playoff&#8221; &#8212; VareseNews\" frameborder=\"0\" marginwidth=\"0\" marginheight=\"0\" scrolling=\"no\"><\/iframe>","_oembed_time_5268b082837c0bf4a4eaec5e0f38e025":"1651059621","_oembed_d1f7d9cc05338e163c2aed8d16a32213":"<blockquote class=\"wp-embedded-content\" data-secret=\"2Zy1zVRXCv\"><a href=\"https:\/\/www.varesenews.it\/2022\/04\/sala-anche-questanno-playoff-grande-merito-ai-ragazzi\/1454223\/\">Sala: \u201cAnche quest\u2019anno playoff, grande merito ai ragazzi\u201d<\/a><\/blockquote><iframe class=\"wp-embedded-content\" sandbox=\"allow-scripts\" security=\"restricted\" style=\"position: absolute; clip: rect(1px, 1px, 1px, 1px);\" src=\"https:\/\/www.varesenews.it\/2022\/04\/sala-anche-questanno-playoff-grande-merito-ai-ragazzi\/1454223\/embed\/#?secret=2Zy1zVRXCv\" data-secret=\"2Zy1zVRXCv\" width=\"500\" height=\"282\" title=\"&#8220;Sala: \u201cAnche quest\u2019anno playoff, grande merito ai ragazzi\u201d&#8221; &#8212; VareseNews\" frameborder=\"0\" marginwidth=\"0\" marginheight=\"0\" scrolling=\"no\"><\/iframe>","_oembed_time_d1f7d9cc05338e163c2aed8d16a32213":"1651059621","_dp_original":"1455142","_edit_lock":"1651076961:48","_edit_last":"48","id_leggi_anche":"1455142,1453587,1449003","_oembed_16e8adf112ba7340d2795c2f29534e1d":"<iframe width=\"500\" height=\"281\" src=\"https:\/\/www.youtube.com\/embed\/XFAKst07Wpo?feature=oembed\" frameborder=\"0\" allow=\"accelerometer; autoplay; clipboard-write; encrypted-media; gyroscope; picture-in-picture\" allowfullscreen><\/iframe>","_oembed_time_16e8adf112ba7340d2795c2f29534e1d":"1651077184","_oembed_1a44b5c8f7613dcf00cdbc973a32b6f1":"<blockquote class=\"wp-embedded-content\" data-secret=\"WGhmCzgpvW\"><a href=\"https:\/\/www.varesenews.it\/2021\/10\/oggi-cfo-chiamato-governare-la-sostenibilita\/1388798\/\">Oggi il Cfo \u00e8 chiamato a governare la sostenibilit\u00e0<\/a><\/blockquote><iframe class=\"wp-embedded-content\" sandbox=\"allow-scripts\" security=\"restricted\" style=\"position: absolute; clip: rect(1px, 1px, 1px, 1px);\" src=\"https:\/\/www.varesenews.it\/2021\/10\/oggi-cfo-chiamato-governare-la-sostenibilita\/1388798\/embed\/#?secret=WGhmCzgpvW\" data-secret=\"WGhmCzgpvW\" width=\"500\" height=\"282\" title=\"&#8220;Oggi il Cfo \u00e8 chiamato a governare la sostenibilit\u00e0&#8221; &#8212; VareseNews\" frameborder=\"0\" marginwidth=\"0\" marginheight=\"0\" scrolling=\"no\"><\/iframe>","_oembed_time_1a44b5c8f7613dcf00cdbc973a32b6f1":"1651077184"},"photos":[{"original":"https:\/\/staging.varesenews.it\/photogallery_new\/images\/2022\/04\/aiuti-ucraina-1292709.jpg","full":"https:\/\/staging.varesenews.it\/photogallery_new\/images\/2022\/04\/aiuti-ucraina-1292709.1024x768.jpg","large":"https:\/\/staging.varesenews.it\/photogallery_new\/images\/2022\/04\/aiuti-ucraina-1292709.610x431.jpg"}],"_links":{"self":[{"href":"https:\/\/staging.varesenews.it\/swgapi\/v1\/wp\/v2\/posts\/1455337"}],"collection":[{"href":"https:\/\/staging.varesenews.it\/swgapi\/v1\/wp\/v2\/posts"}],"about":[{"href":"https:\/\/staging.varesenews.it\/swgapi\/v1\/wp\/v2\/types\/post"}],"author":[{"embeddable":true,"href":"https:\/\/staging.varesenews.it\/swgapi\/v1\/wp\/v2\/users\/48"}],"replies":[{"embeddable":true,"href":"https:\/\/staging.varesenews.it\/swgapi\/v1\/wp\/v2\/comments?post=1455337"}],"version-history":[{"count":0,"href":"https:\/\/staging.varesenews.it\/swgapi\/v1\/wp\/v2\/posts\/1455337\/revisions"}],"wp:attachment":[{"href":"https:\/\/staging.varesenews.it\/swgapi\/v1\/wp\/v2\/media?parent=1455337"}],"wp:term":[{"taxonomy":"category","embeddable":true,"href":"https:\/\/staging.varesenews.it\/swgapi\/v1\/wp\/v2\/categories?post=1455337"},{"taxonomy":"post_tag","embeddable":true,"href":"https:\/\/staging.varesenews.it\/swgapi\/v1\/wp\/v2\/tags?post=1455337"}],"curies":[{"name":"wp","href":"https:\/\/api.w.org\/{rel}","templated":true}]}}