{"id":145544,"date":"2010-06-08T00:00:00","date_gmt":"2010-06-08T00:00:00","guid":{"rendered":""},"modified":"2010-06-08T00:00:00","modified_gmt":"2010-06-08T00:00:00","slug":"un-asta-di-beneficenza-per-aiutare-chimere","status":"publish","type":"post","link":"https:\/\/staging.varesenews.it\/2010\/06\/un-asta-di-beneficenza-per-aiutare-chimere\/145544\/","title":{"rendered":"Un&#8217;asta di beneficenza per aiutare Chimere"},"content":{"rendered":"<p>Una serata di beneficienza con <strong>asta di prodotti artigianali senegalesi e africani<\/strong>, mercatino e musica. La organizza l&rsquo;associazione culturale Il Cavedio di Varese, con il contributo e la collaborazione di Amici per l&rsquo;Africa Onlus e di Reag, <strong>al fine di sostenere la quarta operazione per il giovane Chimere<\/strong>, ragazzo senegalese vittima di un incendio e gi&agrave; sottoposto ad altri interventi di chirurgia estetica alla clinica &ldquo;La Quiete&rdquo; di Varese. L&rsquo;iniziativa &egrave; prevista per <strong>venerd&igrave; 11 giugno 2010 nel salone Varesecorsi di piazza Motta 4, <\/strong>e conter&agrave; sulla partecipazione del fondatore di Apa Onlus Dino Azzalin, il quale interverr&agrave; durante la serata, e dello scrittore varesino Paolo Franchini, che condurr&agrave; l&rsquo;asta benefica.<\/p>\n<p><strong>Scopo dell&rsquo;iniziativa &egrave; sostenere la quarta operazione chirurgica per Chimere<\/strong>, il ragazzo ormai diciassettenne che rimase vittima di un terribile incendio a Dakar quando aveva 8 anni. Un dramma che caus&ograve; a Chimere ustioni gravissime in particolare al viso. Con il sostegno dell&rsquo;Apa Onlus e la disponibilit&agrave; della clinica La Quiete e del medico chirurgo Giovanni Barco per&ograve;, nel corso degli anni Chimere ha avuto la possibilit&agrave; di affrontare una serie di interventi, sempre sostenuti anche da iniziative di beneficienza. Tre dunque finora le operazioni, che tramite interventi su mano e gamba sinistre e la ricostruzione delle palpebre, dell&rsquo;orecchio sinistro, della bocca, hanno consentito a Chimere di tornare a vedere, parlare, sentire e muoversi normalmente. La quarta operazione invece, sempre impegnativa sia dal punto di vista chirurgico che economico, prevede un intervento al naso del ragazzo. <\/p>\n<p>&laquo;Mi sto occupando &ndash; ha spiegato Dino Azzalin &ndash; di tenere la relazione tra il chirurgo e la clinica, e come in passato vogliamo provvedere a sostenere le spese vive per Chimere. L&rsquo;Apa sosterr&agrave; l&rsquo;iniziativa come sempre: Chimere &egrave; ormai un uomo, &egrave; stato gi&agrave; sollevato con i prime tre interventi da tante difficolt&agrave; e speriamo di completare l&rsquo;opera per potergli donare la dignit&agrave; di una vita normale. Nei prossimi giorni si decider&agrave; la data dell&rsquo;operazione&raquo;. <\/p>\n<p>\n<strong>IL PROGRAMMA<\/p>\n<p><\/strong>ORE 20,45:APERTURA<br \/>\nPresentazione della serata a cura dell&rsquo;associazione Il Cavedio con introduzione di Djibril Thiam (zio di Chimere) e intervento di Dino Azzalin (APA ONLUS) <br \/>\nORE 21: ASTA-CONCERTO<br \/>\nCon il battitore d&rsquo;eccezione Paolo Franchini sar&agrave; possibile aggiudicarsi oggetti di artigianato africano fra cui tamburi e maschere, ma anche dipinti di artisti africani (in particolare di Dakar e della Costa d&rsquo;Avorio). Fra gli oggetti anche felpe del Rugby Varese, un bozzetto del pittore varesino Samuele Arcangioli, un&rsquo;illustrazione di Chiara Dattola e opere di altri artisti varesini che hanno voluto partecipare all&rsquo;iniziativa. L&rsquo;asta sar&agrave; accompagnata da intervalli musicali firmati da Badou Soce, percussionista senegalese, insieme alla sua band, per un concerto offerto dalla Reag di Elia Azzalin. <br \/>\nORE 21,50: RINFRESCO SENEGALESE E MERCATO DEL LIBERO SCAMBIO<br \/>\nPer chiudere la serata non mancher&agrave; la seconda iniziativa benefica: durante il rinfresco a base di prodotti tipici senegalesi sar&agrave; possibile aderire a un &ldquo;mercato del libero scambio&rdquo;. Ogni partecipante potr&agrave; portare un oggetto da donare, acquistabile poi con un&rsquo;offerta libera che andr&agrave; a sostenere l&rsquo;operazione per Chimere insieme al ricavato dell&rsquo;asta. <\/p>\n<p>Per la realizzazione dell&rsquo;iniziativa dovuti ringraziamenti a Fiorenzo Croci, all&rsquo;Apa Onlus e al suo fondatore Dino Azzalin, a Reag ed Elia Azzalin, allo scrittore Paolo Franchini, al pittore Samuele Arcangioli, all&rsquo;illustratrice Chiara Dattola, a Thierry Dieng (Teranga) a Badou Soce e alla sua band, al Rugby Varese e al suo presidente Stefano Malerba, a Varesecorsi.<br \/>\nPer info 0332-287281; info@ilcavedio; <a href=\"http:\/\/www.ilcavedio.it\">www.ilcavedio.it<\/a>.<\/p>\n","protected":false},"excerpt":{"rendered":"<p>Venerd\u00ec 11 giugno si terr\u00e0 una serata per sostenere la quarta operazione del giovane ragazzo senegalese vittima di un incendio. L&#8217;appuntamento \u00e8 al salone Varesecorsi <\/p>\n","protected":false},"author":10,"featured_media":0,"comment_status":"open","ping_status":"open","sticky":false,"template":"","format":"standard","meta":{"footnotes":""},"categories":[21,2],"tags":[2678],"acf":[],"yoast_head":"<!-- This site is optimized with the Yoast SEO plugin v20.1 - https:\/\/yoast.com\/wordpress\/plugins\/seo\/ -->\n<title>Un&#039;asta di beneficenza per aiutare Chimere<\/title>\n<meta name=\"description\" content=\"Venerd\u00ec 11 giugno si terr\u00e0 una serata per sostenere la quarta operazione del giovane ragazzo senegalese vittima di un incendio. L&#039;appuntamento \u00e8 al salone Varesecorsi\" \/>\n<meta name=\"robots\" content=\"noindex, follow, max-snippet:-1, max-image-preview:large, max-video-preview:-1\" \/>\n<meta property=\"og:locale\" content=\"it_IT\" \/>\n<meta property=\"og:type\" content=\"article\" \/>\n<meta property=\"og:title\" content=\"Un&#039;asta di beneficenza per aiutare Chimere\" \/>\n<meta property=\"og:description\" content=\"Venerd\u00ec 11 giugno si terr\u00e0 una serata per sostenere la quarta operazione del giovane ragazzo senegalese vittima di un incendio. L&#039;appuntamento \u00e8 al salone Varesecorsi\" \/>\n<meta property=\"og:url\" content=\"https:\/\/staging.varesenews.it\/2010\/06\/un-asta-di-beneficenza-per-aiutare-chimere\/145544\/\" \/>\n<meta property=\"og:site_name\" content=\"VareseNews\" \/>\n<meta property=\"article:publisher\" content=\"https:\/\/www.facebook.com\/varesenews\" \/>\n<meta property=\"article:published_time\" content=\"2010-06-08T00:00:00+00:00\" \/>\n<meta name=\"author\" content=\"Redazione VareseNews\" \/>\n<meta name=\"twitter:card\" content=\"summary_large_image\" \/>\n<meta name=\"twitter:creator\" content=\"@varesenews\" \/>\n<meta name=\"twitter:site\" content=\"@varesenews\" \/>\n<meta name=\"twitter:label1\" content=\"Scritto da\" \/>\n\t<meta name=\"twitter:data1\" content=\"Redazione VareseNews\" \/>\n\t<meta name=\"twitter:label2\" content=\"Tempo di lettura stimato\" \/>\n\t<meta name=\"twitter:data2\" content=\"3 minuti\" \/>\n<script type=\"application\/ld+json\" class=\"yoast-schema-graph\">{\"@context\":\"https:\/\/schema.org\",\"@graph\":[{\"@type\":\"WebPage\",\"@id\":\"https:\/\/staging.varesenews.it\/2010\/06\/un-asta-di-beneficenza-per-aiutare-chimere\/145544\/\",\"url\":\"https:\/\/staging.varesenews.it\/2010\/06\/un-asta-di-beneficenza-per-aiutare-chimere\/145544\/\",\"name\":\"Un'asta di beneficenza per aiutare Chimere\",\"isPartOf\":{\"@id\":\"https:\/\/staging.varesenews.it\/#website\"},\"datePublished\":\"2010-06-08T00:00:00+00:00\",\"dateModified\":\"2010-06-08T00:00:00+00:00\",\"author\":{\"@id\":\"https:\/\/staging.varesenews.it\/#\/schema\/person\/fb20c4da0b7b16c291707a20db73e169\"},\"description\":\"Venerd\u00ec 11 giugno si terr\u00e0 una serata per sostenere la quarta operazione del giovane ragazzo senegalese vittima di un incendio. L'appuntamento \u00e8 al salone Varesecorsi\",\"breadcrumb\":{\"@id\":\"https:\/\/staging.varesenews.it\/2010\/06\/un-asta-di-beneficenza-per-aiutare-chimere\/145544\/#breadcrumb\"},\"inLanguage\":\"it-IT\",\"potentialAction\":[{\"@type\":\"ReadAction\",\"target\":[\"https:\/\/staging.varesenews.it\/2010\/06\/un-asta-di-beneficenza-per-aiutare-chimere\/145544\/\"]}]},{\"@type\":\"BreadcrumbList\",\"@id\":\"https:\/\/staging.varesenews.it\/2010\/06\/un-asta-di-beneficenza-per-aiutare-chimere\/145544\/#breadcrumb\",\"itemListElement\":[{\"@type\":\"ListItem\",\"position\":1,\"name\":\"Home\",\"item\":\"https:\/\/www.varesenews.it\/\"},{\"@type\":\"ListItem\",\"position\":2,\"name\":\"Un&#8217;asta di beneficenza per aiutare Chimere\"}]},{\"@type\":\"WebSite\",\"@id\":\"https:\/\/staging.varesenews.it\/#website\",\"url\":\"https:\/\/staging.varesenews.it\/\",\"name\":\"VareseNews\",\"description\":\"\",\"potentialAction\":[{\"@type\":\"SearchAction\",\"target\":{\"@type\":\"EntryPoint\",\"urlTemplate\":\"https:\/\/staging.varesenews.it\/?s={search_term_string}\"},\"query-input\":\"required name=search_term_string\"}],\"inLanguage\":\"it-IT\"},{\"@type\":\"Person\",\"@id\":\"https:\/\/staging.varesenews.it\/#\/schema\/person\/fb20c4da0b7b16c291707a20db73e169\",\"name\":\"Redazione VareseNews\",\"image\":{\"@type\":\"ImageObject\",\"inLanguage\":\"it-IT\",\"@id\":\"https:\/\/staging.varesenews.it\/#\/schema\/person\/image\/\",\"url\":\"https:\/\/staging.varesenews.it\/wp-content\/uploads\/2020\/12\/logo_VN_colori_500.png\",\"contentUrl\":\"https:\/\/staging.varesenews.it\/wp-content\/uploads\/2020\/12\/logo_VN_colori_500.png\",\"caption\":\"Redazione VareseNews\"},\"url\":\"https:\/\/staging.varesenews.it\/persona\/redazione1\/\"}]}<\/script>\n<!-- \/ Yoast SEO plugin. -->","yoast_head_json":{"title":"Un'asta di beneficenza per aiutare Chimere","description":"Venerd\u00ec 11 giugno si terr\u00e0 una serata per sostenere la quarta operazione del giovane ragazzo senegalese vittima di un incendio. L'appuntamento \u00e8 al salone Varesecorsi","robots":{"index":"noindex","follow":"follow","max-snippet":"max-snippet:-1","max-image-preview":"max-image-preview:large","max-video-preview":"max-video-preview:-1"},"og_locale":"it_IT","og_type":"article","og_title":"Un'asta di beneficenza per aiutare Chimere","og_description":"Venerd\u00ec 11 giugno si terr\u00e0 una serata per sostenere la quarta operazione del giovane ragazzo senegalese vittima di un incendio. L'appuntamento \u00e8 al salone Varesecorsi","og_url":"https:\/\/staging.varesenews.it\/2010\/06\/un-asta-di-beneficenza-per-aiutare-chimere\/145544\/","og_site_name":"VareseNews","article_publisher":"https:\/\/www.facebook.com\/varesenews","article_published_time":"2010-06-08T00:00:00+00:00","author":"Redazione VareseNews","twitter_card":"summary_large_image","twitter_creator":"@varesenews","twitter_site":"@varesenews","twitter_misc":{"Scritto da":"Redazione VareseNews","Tempo di lettura stimato":"3 minuti"},"schema":{"@context":"https:\/\/schema.org","@graph":[{"@type":"WebPage","@id":"https:\/\/staging.varesenews.it\/2010\/06\/un-asta-di-beneficenza-per-aiutare-chimere\/145544\/","url":"https:\/\/staging.varesenews.it\/2010\/06\/un-asta-di-beneficenza-per-aiutare-chimere\/145544\/","name":"Un'asta di beneficenza per aiutare Chimere","isPartOf":{"@id":"https:\/\/staging.varesenews.it\/#website"},"datePublished":"2010-06-08T00:00:00+00:00","dateModified":"2010-06-08T00:00:00+00:00","author":{"@id":"https:\/\/staging.varesenews.it\/#\/schema\/person\/fb20c4da0b7b16c291707a20db73e169"},"description":"Venerd\u00ec 11 giugno si terr\u00e0 una serata per sostenere la quarta operazione del giovane ragazzo senegalese vittima di un incendio. L'appuntamento \u00e8 al salone Varesecorsi","breadcrumb":{"@id":"https:\/\/staging.varesenews.it\/2010\/06\/un-asta-di-beneficenza-per-aiutare-chimere\/145544\/#breadcrumb"},"inLanguage":"it-IT","potentialAction":[{"@type":"ReadAction","target":["https:\/\/staging.varesenews.it\/2010\/06\/un-asta-di-beneficenza-per-aiutare-chimere\/145544\/"]}]},{"@type":"BreadcrumbList","@id":"https:\/\/staging.varesenews.it\/2010\/06\/un-asta-di-beneficenza-per-aiutare-chimere\/145544\/#breadcrumb","itemListElement":[{"@type":"ListItem","position":1,"name":"Home","item":"https:\/\/www.varesenews.it\/"},{"@type":"ListItem","position":2,"name":"Un&#8217;asta di beneficenza per aiutare Chimere"}]},{"@type":"WebSite","@id":"https:\/\/staging.varesenews.it\/#website","url":"https:\/\/staging.varesenews.it\/","name":"VareseNews","description":"","potentialAction":[{"@type":"SearchAction","target":{"@type":"EntryPoint","urlTemplate":"https:\/\/staging.varesenews.it\/?s={search_term_string}"},"query-input":"required name=search_term_string"}],"inLanguage":"it-IT"},{"@type":"Person","@id":"https:\/\/staging.varesenews.it\/#\/schema\/person\/fb20c4da0b7b16c291707a20db73e169","name":"Redazione VareseNews","image":{"@type":"ImageObject","inLanguage":"it-IT","@id":"https:\/\/staging.varesenews.it\/#\/schema\/person\/image\/","url":"https:\/\/staging.varesenews.it\/wp-content\/uploads\/2020\/12\/logo_VN_colori_500.png","contentUrl":"https:\/\/staging.varesenews.it\/wp-content\/uploads\/2020\/12\/logo_VN_colori_500.png","caption":"Redazione VareseNews"},"url":"https:\/\/staging.varesenews.it\/persona\/redazione1\/"}]}},"post_meta":{"id_old":"175574","argomento":"Varese"},"photos":[],"_links":{"self":[{"href":"https:\/\/staging.varesenews.it\/swgapi\/v1\/wp\/v2\/posts\/145544"}],"collection":[{"href":"https:\/\/staging.varesenews.it\/swgapi\/v1\/wp\/v2\/posts"}],"about":[{"href":"https:\/\/staging.varesenews.it\/swgapi\/v1\/wp\/v2\/types\/post"}],"author":[{"embeddable":true,"href":"https:\/\/staging.varesenews.it\/swgapi\/v1\/wp\/v2\/users\/10"}],"replies":[{"embeddable":true,"href":"https:\/\/staging.varesenews.it\/swgapi\/v1\/wp\/v2\/comments?post=145544"}],"version-history":[{"count":0,"href":"https:\/\/staging.varesenews.it\/swgapi\/v1\/wp\/v2\/posts\/145544\/revisions"}],"wp:attachment":[{"href":"https:\/\/staging.varesenews.it\/swgapi\/v1\/wp\/v2\/media?parent=145544"}],"wp:term":[{"taxonomy":"category","embeddable":true,"href":"https:\/\/staging.varesenews.it\/swgapi\/v1\/wp\/v2\/categories?post=145544"},{"taxonomy":"post_tag","embeddable":true,"href":"https:\/\/staging.varesenews.it\/swgapi\/v1\/wp\/v2\/tags?post=145544"}],"curies":[{"name":"wp","href":"https:\/\/api.w.org\/{rel}","templated":true}]}}