{"id":1456895,"date":"2022-05-01T17:17:31","date_gmt":"2022-05-01T15:17:31","guid":{"rendered":"https:\/\/www.varesenews.it\/?p=1456895"},"modified":"2022-05-01T17:17:31","modified_gmt":"2022-05-01T15:17:31","slug":"coltellate-piazza-varese-ideale-chiede-interventi-la-sicurezza","status":"publish","type":"post","link":"https:\/\/staging.varesenews.it\/2022\/05\/coltellate-piazza-varese-ideale-chiede-interventi-la-sicurezza\/1456895\/","title":{"rendered":"Coltellate in piazza, Varese Ideale chiede interventi per la sicurezza"},"content":{"rendered":"<p>\u00abL\u2019ennesimo fatto di violenza in centro, particolarmente sanguinoso e impressionante, conferma le nostre <strong>preoccupazioni e le recenti denunce sulla sicurezza in citt\u00e0<\/strong>. L\u2019amministrazione tace, noi no: urgono interventi forti e seri\u201d.<\/p>\n<p><strong>Stefano Clerici,<\/strong> consigliere comunale di\u00a0Varese Ideale, interviene dopo l<a href=\"https:\/\/www.varesenews.it\/2022\/04\/lite-coltello-piazza-repubblica-ferito-un-uomo\/1456615\/\"><strong>\u2019accoltellamento avvenuto nella notte tra venerd\u00ec e sabato 30 in piazza Repubblica<\/strong><\/a>.<\/p>\n<p>\u00abSiamo di fronte a <strong>un nuovo episodio cruento in una piazza gi\u00e0 teatro di numerose situazioni allarmanti<\/strong> &#8211; scrive Clerici in una nota &#8211; E\u2019 ora di dire basta, i cittadini di Varese non possono pi\u00f9 accettare uno stato di cose cui non erano e non devono essere abituati. In questo senso denunciamo l\u2019atteggiamento dell\u2019assessore alla Sicurezza della Giunta Galimberti, Raffaele Catalano, che ha puntualmente ignorato e respinto ogni nostra proposta sul tema. Cos\u00ec come lo stesso sindaco, non pi\u00f9 tardi di gioved\u00ec scorso, in occasione del tavolo provinciale sulla sicurezza, ha minimizzato le preoccupazioni che venivano non solo dalla citt\u00e0 che amministra, ma anche dai suoi colleghi del territorio, di quei Comuni da cui provengono molti dei soggetti che vengono a delinquere a Varese. Un atteggiamento che lascia decisamente perplessi, soprattutto ascoltando il grido di dolore dei nostri concittadini\u00bb.<\/p>\n<p><strong>\u00abVarese sta diventando terra di conquista<\/strong> per delinquenti di ogni genere, soprattutto stranieri, e Galimberti fa finta di niente \u2013 conclude l\u2019esponente di Varese Ideale \u2013 Noi riteniamo, al contrario, che serva urgentemente pi\u00f9 attenzione, pi\u00f9 uomini, pi\u00f9 mezzi, un\u2019azione di contrasto pi\u00f9 strutturata, per garantire quella serenit\u00e0 civile che per i varesini rischia di diventare solo un ricordo denso di rimpianti\u00bb.<\/p>\n","protected":false},"excerpt":{"rendered":"<p>Il consigliere di minoranza Stefano Clerici accusa l&#8217;Amministrazione comunale di essere &#8220;sorda di fronte alla preoccupazione dei cittadini&#8221;<\/p>\n","protected":false},"author":44,"featured_media":0,"comment_status":"open","ping_status":"open","sticky":false,"template":"","format":"standard","meta":{"footnotes":""},"categories":[16,2],"tags":[9260],"acf":[],"yoast_head":"<!-- This site is optimized with the Yoast SEO plugin v20.1 - https:\/\/yoast.com\/wordpress\/plugins\/seo\/ -->\n<title>Coltellate in piazza, Varese Ideale chiede interventi per la sicurezza<\/title>\n<meta name=\"description\" content=\"Il consigliere di minoranza Stefano Clerici accusa l&#039;Amministrazione comunale di essere &quot;sorda di fronte alla preoccupazione dei cittadini&quot;\" \/>\n<meta name=\"robots\" content=\"noindex, follow, max-snippet:-1, max-image-preview:large, max-video-preview:-1\" \/>\n<meta property=\"og:locale\" content=\"it_IT\" \/>\n<meta property=\"og:type\" content=\"article\" \/>\n<meta property=\"og:title\" content=\"Coltellate in piazza, Varese Ideale chiede interventi per la sicurezza\" \/>\n<meta property=\"og:description\" content=\"Il consigliere di minoranza Stefano Clerici accusa l&#039;Amministrazione comunale di essere &quot;sorda di fronte alla preoccupazione dei cittadini&quot;\" \/>\n<meta property=\"og:url\" content=\"https:\/\/staging.varesenews.it\/2022\/05\/coltellate-piazza-varese-ideale-chiede-interventi-la-sicurezza\/1456895\/\" \/>\n<meta property=\"og:site_name\" content=\"VareseNews\" \/>\n<meta property=\"article:publisher\" content=\"https:\/\/www.facebook.com\/varesenews\" \/>\n<meta property=\"article:author\" content=\"https:\/\/www.facebook.com\/mariangela.gerletti\" \/>\n<meta property=\"article:published_time\" content=\"2022-05-01T15:17:31+00:00\" \/>\n<meta name=\"author\" content=\"Mariangela Gerletti\" \/>\n<meta name=\"twitter:card\" content=\"summary_large_image\" \/>\n<meta name=\"twitter:creator\" content=\"@MariGerletti\" \/>\n<meta name=\"twitter:site\" content=\"@varesenews\" \/>\n<meta name=\"twitter:label1\" content=\"Scritto da\" \/>\n\t<meta name=\"twitter:data1\" content=\"Mariangela Gerletti\" \/>\n\t<meta name=\"twitter:label2\" content=\"Tempo di lettura stimato\" \/>\n\t<meta name=\"twitter:data2\" content=\"1 minuto\" \/>\n<script type=\"application\/ld+json\" class=\"yoast-schema-graph\">{\"@context\":\"https:\/\/schema.org\",\"@graph\":[{\"@type\":\"WebPage\",\"@id\":\"https:\/\/staging.varesenews.it\/2022\/05\/coltellate-piazza-varese-ideale-chiede-interventi-la-sicurezza\/1456895\/\",\"url\":\"https:\/\/staging.varesenews.it\/2022\/05\/coltellate-piazza-varese-ideale-chiede-interventi-la-sicurezza\/1456895\/\",\"name\":\"Coltellate in piazza, Varese Ideale chiede interventi per la sicurezza\",\"isPartOf\":{\"@id\":\"https:\/\/staging.varesenews.it\/#website\"},\"datePublished\":\"2022-05-01T15:17:31+00:00\",\"dateModified\":\"2022-05-01T15:17:31+00:00\",\"author\":{\"@id\":\"https:\/\/staging.varesenews.it\/#\/schema\/person\/14f52876ea19bc10d0d2717b6e8f9b89\"},\"description\":\"Il consigliere di minoranza Stefano Clerici accusa l'Amministrazione comunale di essere \\\"sorda di fronte alla preoccupazione dei cittadini\\\"\",\"breadcrumb\":{\"@id\":\"https:\/\/staging.varesenews.it\/2022\/05\/coltellate-piazza-varese-ideale-chiede-interventi-la-sicurezza\/1456895\/#breadcrumb\"},\"inLanguage\":\"it-IT\",\"potentialAction\":[{\"@type\":\"ReadAction\",\"target\":[\"https:\/\/staging.varesenews.it\/2022\/05\/coltellate-piazza-varese-ideale-chiede-interventi-la-sicurezza\/1456895\/\"]}]},{\"@type\":\"BreadcrumbList\",\"@id\":\"https:\/\/staging.varesenews.it\/2022\/05\/coltellate-piazza-varese-ideale-chiede-interventi-la-sicurezza\/1456895\/#breadcrumb\",\"itemListElement\":[{\"@type\":\"ListItem\",\"position\":1,\"name\":\"Home\",\"item\":\"https:\/\/www.varesenews.it\/\"},{\"@type\":\"ListItem\",\"position\":2,\"name\":\"Coltellate in piazza, Varese Ideale chiede interventi per la sicurezza\"}]},{\"@type\":\"WebSite\",\"@id\":\"https:\/\/staging.varesenews.it\/#website\",\"url\":\"https:\/\/staging.varesenews.it\/\",\"name\":\"VareseNews\",\"description\":\"\",\"potentialAction\":[{\"@type\":\"SearchAction\",\"target\":{\"@type\":\"EntryPoint\",\"urlTemplate\":\"https:\/\/staging.varesenews.it\/?s={search_term_string}\"},\"query-input\":\"required name=search_term_string\"}],\"inLanguage\":\"it-IT\"},{\"@type\":\"Person\",\"@id\":\"https:\/\/staging.varesenews.it\/#\/schema\/person\/14f52876ea19bc10d0d2717b6e8f9b89\",\"name\":\"Mariangela Gerletti\",\"image\":{\"@type\":\"ImageObject\",\"inLanguage\":\"it-IT\",\"@id\":\"https:\/\/staging.varesenews.it\/#\/schema\/person\/image\/\",\"url\":\"https:\/\/staging.varesenews.it\/wp-content\/uploads\/2020\/12\/mariangela.jpeg\",\"contentUrl\":\"https:\/\/staging.varesenews.it\/wp-content\/uploads\/2020\/12\/mariangela.jpeg\",\"caption\":\"Mariangela Gerletti\"},\"description\":\"Da pi&ugrave; di trent'anni mi occupo di giornalismo e comunicazione Varesenews &egrave; il luogo dove ho trovato la passione, l'attenzione e le persone che ogni giorno mi fanno amare un po' di pi&ugrave; questo lavoro di cui non mi stanco mai. Far parte della redazione di Varesenews &egrave; un onore, sostenere il progetto della membership &egrave; un piacere perch&eacute; mi fa sentire ancora pi&ugrave; vicina alla grande comunit&agrave; dei nostri lettori.\",\"sameAs\":[\"https:\/\/www.facebook.com\/mariangela.gerletti\",\"marigerletti\",\"https:\/\/twitter.com\/MariGerletti\"],\"url\":\"https:\/\/staging.varesenews.it\/persona\/mariangela-gerletti1\/\"}]}<\/script>\n<!-- \/ Yoast SEO plugin. -->","yoast_head_json":{"title":"Coltellate in piazza, Varese Ideale chiede interventi per la sicurezza","description":"Il consigliere di minoranza Stefano Clerici accusa l'Amministrazione comunale di essere \"sorda di fronte alla preoccupazione dei cittadini\"","robots":{"index":"noindex","follow":"follow","max-snippet":"max-snippet:-1","max-image-preview":"max-image-preview:large","max-video-preview":"max-video-preview:-1"},"og_locale":"it_IT","og_type":"article","og_title":"Coltellate in piazza, Varese Ideale chiede interventi per la sicurezza","og_description":"Il consigliere di minoranza Stefano Clerici accusa l'Amministrazione comunale di essere \"sorda di fronte alla preoccupazione dei cittadini\"","og_url":"https:\/\/staging.varesenews.it\/2022\/05\/coltellate-piazza-varese-ideale-chiede-interventi-la-sicurezza\/1456895\/","og_site_name":"VareseNews","article_publisher":"https:\/\/www.facebook.com\/varesenews","article_author":"https:\/\/www.facebook.com\/mariangela.gerletti","article_published_time":"2022-05-01T15:17:31+00:00","author":"Mariangela Gerletti","twitter_card":"summary_large_image","twitter_creator":"@MariGerletti","twitter_site":"@varesenews","twitter_misc":{"Scritto da":"Mariangela Gerletti","Tempo di lettura stimato":"1 minuto"},"schema":{"@context":"https:\/\/schema.org","@graph":[{"@type":"WebPage","@id":"https:\/\/staging.varesenews.it\/2022\/05\/coltellate-piazza-varese-ideale-chiede-interventi-la-sicurezza\/1456895\/","url":"https:\/\/staging.varesenews.it\/2022\/05\/coltellate-piazza-varese-ideale-chiede-interventi-la-sicurezza\/1456895\/","name":"Coltellate in piazza, Varese Ideale chiede interventi per la sicurezza","isPartOf":{"@id":"https:\/\/staging.varesenews.it\/#website"},"datePublished":"2022-05-01T15:17:31+00:00","dateModified":"2022-05-01T15:17:31+00:00","author":{"@id":"https:\/\/staging.varesenews.it\/#\/schema\/person\/14f52876ea19bc10d0d2717b6e8f9b89"},"description":"Il consigliere di minoranza Stefano Clerici accusa l'Amministrazione comunale di essere \"sorda di fronte alla preoccupazione dei cittadini\"","breadcrumb":{"@id":"https:\/\/staging.varesenews.it\/2022\/05\/coltellate-piazza-varese-ideale-chiede-interventi-la-sicurezza\/1456895\/#breadcrumb"},"inLanguage":"it-IT","potentialAction":[{"@type":"ReadAction","target":["https:\/\/staging.varesenews.it\/2022\/05\/coltellate-piazza-varese-ideale-chiede-interventi-la-sicurezza\/1456895\/"]}]},{"@type":"BreadcrumbList","@id":"https:\/\/staging.varesenews.it\/2022\/05\/coltellate-piazza-varese-ideale-chiede-interventi-la-sicurezza\/1456895\/#breadcrumb","itemListElement":[{"@type":"ListItem","position":1,"name":"Home","item":"https:\/\/www.varesenews.it\/"},{"@type":"ListItem","position":2,"name":"Coltellate in piazza, Varese Ideale chiede interventi per la sicurezza"}]},{"@type":"WebSite","@id":"https:\/\/staging.varesenews.it\/#website","url":"https:\/\/staging.varesenews.it\/","name":"VareseNews","description":"","potentialAction":[{"@type":"SearchAction","target":{"@type":"EntryPoint","urlTemplate":"https:\/\/staging.varesenews.it\/?s={search_term_string}"},"query-input":"required name=search_term_string"}],"inLanguage":"it-IT"},{"@type":"Person","@id":"https:\/\/staging.varesenews.it\/#\/schema\/person\/14f52876ea19bc10d0d2717b6e8f9b89","name":"Mariangela Gerletti","image":{"@type":"ImageObject","inLanguage":"it-IT","@id":"https:\/\/staging.varesenews.it\/#\/schema\/person\/image\/","url":"https:\/\/staging.varesenews.it\/wp-content\/uploads\/2020\/12\/mariangela.jpeg","contentUrl":"https:\/\/staging.varesenews.it\/wp-content\/uploads\/2020\/12\/mariangela.jpeg","caption":"Mariangela Gerletti"},"description":"Da pi&ugrave; di trent'anni mi occupo di giornalismo e comunicazione Varesenews &egrave; il luogo dove ho trovato la passione, l'attenzione e le persone che ogni giorno mi fanno amare un po' di pi&ugrave; questo lavoro di cui non mi stanco mai. Far parte della redazione di Varesenews &egrave; un onore, sostenere il progetto della membership &egrave; un piacere perch&eacute; mi fa sentire ancora pi&ugrave; vicina alla grande comunit&agrave; dei nostri lettori.","sameAs":["https:\/\/www.facebook.com\/mariangela.gerletti","marigerletti","https:\/\/twitter.com\/MariGerletti"],"url":"https:\/\/staging.varesenews.it\/persona\/mariangela-gerletti1\/"}]}},"post_meta":{"content-image-gallery":"","_edit_lock":"1651430025:7","_edit_last":"44","_category_permalink":"a:1:{s:7:\"testate\";s:1:\"2\";}","foto":"1213197","firma_come_redazione":"1","evento-data-inizio":"1651356000","evento-data-fine":"1651356000","argomento":"Varese","_yoast_wpseo_focuskw_text_input":"coltellate varese","_yoast_wpseo_focuskw":"coltellate varese","_yoast_wpseo_linkdex":"56","_yoast_wpseo_content_score":"30","_jd_tweet_this":"yes","id_leggi_anche":"1456845,1456615","_encloseme":"1","ratings_users":"0","ratings_score":"0","ratings_average":"0","_wpt_short_url":"https:\/\/www.varesenews.it\/2022\/05\/coltellate-piazza-varese-ideale-chiede-interventi-la-sicurezza\/1456895\/","_wp_jd_target":"https:\/\/www.varesenews.it\/2022\/05\/coltellate-piazza-varese-ideale-chiede-interventi-la-sicurezza\/1456895\/","_jd_wp_twitter":"a:1:{i:0;s:193:\"Coltellate in piazza, Varese Ideale chiede interventi per la sicurezza https:\/\/www.varesenews.it\/2022\/05\/coltellate-piazza-varese-ideale-chiede-interventi-la-sicurezza\/1456895\/ #accoltellamento\";}","_wpt_status_message":"Tweet inviato con successo."},"photos":[{"original":"https:\/\/staging.varesenews.it\/photogallery_new\/images\/2021\/04\/generica-2020-1213197.jpg","full":"https:\/\/staging.varesenews.it\/photogallery_new\/images\/2021\/04\/generica-2020-1213197.1024x768.jpg","large":"https:\/\/staging.varesenews.it\/photogallery_new\/images\/2021\/04\/generica-2020-1213197.610x431.jpg"}],"_links":{"self":[{"href":"https:\/\/staging.varesenews.it\/swgapi\/v1\/wp\/v2\/posts\/1456895"}],"collection":[{"href":"https:\/\/staging.varesenews.it\/swgapi\/v1\/wp\/v2\/posts"}],"about":[{"href":"https:\/\/staging.varesenews.it\/swgapi\/v1\/wp\/v2\/types\/post"}],"author":[{"embeddable":true,"href":"https:\/\/staging.varesenews.it\/swgapi\/v1\/wp\/v2\/users\/44"}],"replies":[{"embeddable":true,"href":"https:\/\/staging.varesenews.it\/swgapi\/v1\/wp\/v2\/comments?post=1456895"}],"version-history":[{"count":0,"href":"https:\/\/staging.varesenews.it\/swgapi\/v1\/wp\/v2\/posts\/1456895\/revisions"}],"wp:attachment":[{"href":"https:\/\/staging.varesenews.it\/swgapi\/v1\/wp\/v2\/media?parent=1456895"}],"wp:term":[{"taxonomy":"category","embeddable":true,"href":"https:\/\/staging.varesenews.it\/swgapi\/v1\/wp\/v2\/categories?post=1456895"},{"taxonomy":"post_tag","embeddable":true,"href":"https:\/\/staging.varesenews.it\/swgapi\/v1\/wp\/v2\/tags?post=1456895"}],"curies":[{"name":"wp","href":"https:\/\/api.w.org\/{rel}","templated":true}]}}