{"id":1458052,"date":"2022-05-04T12:20:45","date_gmt":"2022-05-04T10:20:45","guid":{"rendered":"https:\/\/www.varesenews.it\/?p=1458052"},"modified":"2022-05-04T11:22:27","modified_gmt":"2022-05-04T09:22:27","slug":"bici-marnate-torba-pensando-alla-vecchia-ferrovia","status":"publish","type":"post","link":"https:\/\/staging.varesenews.it\/2022\/05\/bici-marnate-torba-pensando-alla-vecchia-ferrovia\/1458052\/","title":{"rendered":"In bici da Marnate a Torba pensando alla vecchia Ferrovia"},"content":{"rendered":"<p><span style=\"font-weight: 400;\">Gli <strong>amici della Ferrovia della Valmorea<\/strong> non stanno mai fermi e questa volta hanno deciso di montare in sella\u00a0e attraversare la valle Olona sulla scia del passato. <\/span><\/p>\n<p><span style=\"font-weight: 400;\">In collaborazione con <strong>FIAB<\/strong>, <strong>Alleanza Mobilit\u00e0<\/strong> <strong>dolce<\/strong> e <strong>Legambiente<\/strong> \u2013 circoli di valle Olona, Nerviano e Parabiago, domenica 8 maggio \u00e8 in programma <strong>una gita in bicicletta da Marnate a Gornate Olona<\/strong> \u201c<em>In due ruote alla scoperta della ferrovia e della valle Olona: il monastero di Torba<\/em>\u201d.<\/span><\/p>\n<p style=\"font-weight: 400;\">Il <strong>ritrovo sar\u00e0 alle 9.30 al vecchio casello di Prospiano, in via Lazzaretto a Marnate<\/strong> (nei pressi del bunker nel fondovalle), da l\u00ec il gruppo partir\u00e0 alle 10 e <strong>pedaler\u00e0 fino al casello 5,<\/strong> dove ci sar\u00e0 una breve sosta ristoratrice.<br \/>\nAlle 11, una volta raggiunto il <strong>monastero di Torba<\/strong>, ci sar\u00e0 la possibilit\u00e0 di visitare il prezioso bene del FAI. Alle 13, terminata la visita guidata, il bel prato antistante il monastero accoglier\u00e0 il gruppo che potr\u00e0 godersi il <strong>pranzo al sacco<\/strong>.<\/p>\n<p><div class=\"photo-inside-post\"><img decoding=\"async\" loading=\"lazy\" fetchpriority=\"low\" width=\"610\" height=\"431\" src=\"https:\/\/staging.varesenews.it\/photogallery_new\/images\/2021\/02\/generica-2020-1205610.610x431.jpg\" alt=\"Generica 2020\"><\/div> Il Monastero di Torba<\/p>\n<p style=\"font-weight: 400;\">Una giornata di sport, natura e arte dunque, per <strong>godere in compagnia delle bellezze del territorio<\/strong>.<\/p>\n<p style=\"font-weight: 400;\">La quota di iscrizione \u00e8 pari a 15 euro, con tariffa ridotta a 10 euro per i soci dell\u2019associazione \u201cAmici della ferrovia della Valmorea\u201d e per gli iscritti al FAI.<\/p>\n","protected":false},"excerpt":{"rendered":"<p>Gli amici della Ferrovia della Valmorea organizzano per domenica 8 maggio una gita in bicicletta da Marnate al monastero di Torba: \u201cIn due ruote alla scoperta della ferrovia e della valle Olona\u201d.<\/p>\n","protected":false},"author":5862,"featured_media":0,"comment_status":"open","ping_status":"open","sticky":false,"template":"","format":"aside","meta":{"footnotes":""},"categories":[23,4,5,14,21,46],"tags":[123173,108945,112841,6831,258,1248,1249,158],"acf":[],"yoast_head":"<!-- This site is optimized with the Yoast SEO plugin v20.1 - https:\/\/yoast.com\/wordpress\/plugins\/seo\/ -->\n<title>In bici da Marnate a Torba pensando alla vecchia Ferrovia<\/title>\n<meta name=\"description\" content=\"Gli amici della Ferrovia della Valmorea organizzano per domenica 8 maggio una gita in bicicletta da Marnate al monastero di Torba: \u201cIn due ruote alla scoperta della ferrovia e della valle Olona\u201d.\" \/>\n<meta name=\"robots\" content=\"noindex, follow, max-snippet:-1, max-image-preview:large, max-video-preview:-1\" \/>\n<meta property=\"og:locale\" content=\"it_IT\" \/>\n<meta property=\"og:type\" content=\"article\" \/>\n<meta property=\"og:title\" content=\"In bici da Marnate a Torba pensando alla vecchia Ferrovia\" \/>\n<meta property=\"og:description\" content=\"Gli amici della Ferrovia della Valmorea organizzano per domenica 8 maggio una gita in bicicletta da Marnate al monastero di Torba: \u201cIn due ruote alla scoperta della ferrovia e della valle Olona\u201d.\" \/>\n<meta property=\"og:url\" content=\"https:\/\/staging.varesenews.it\/2022\/05\/bici-marnate-torba-pensando-alla-vecchia-ferrovia\/1458052\/\" \/>\n<meta property=\"og:site_name\" content=\"VareseNews\" \/>\n<meta property=\"article:publisher\" content=\"https:\/\/www.facebook.com\/varesenews\" \/>\n<meta property=\"article:author\" content=\"https:\/\/www.facebook.com\/Xantippe81\" \/>\n<meta property=\"article:published_time\" content=\"2022-05-04T10:20:45+00:00\" \/>\n<meta property=\"article:modified_time\" content=\"2022-05-04T09:22:27+00:00\" \/>\n<meta name=\"author\" content=\"Santina Buscemi\" \/>\n<meta name=\"twitter:card\" content=\"summary_large_image\" \/>\n<meta name=\"twitter:creator\" content=\"@varesenews\" \/>\n<meta name=\"twitter:site\" content=\"@varesenews\" \/>\n<meta name=\"twitter:label1\" content=\"Scritto da\" \/>\n\t<meta name=\"twitter:data1\" content=\"Santina Buscemi\" \/>\n\t<meta name=\"twitter:label2\" content=\"Tempo di lettura stimato\" \/>\n\t<meta name=\"twitter:data2\" content=\"1 minuto\" \/>\n<script type=\"application\/ld+json\" class=\"yoast-schema-graph\">{\"@context\":\"https:\/\/schema.org\",\"@graph\":[{\"@type\":\"WebPage\",\"@id\":\"https:\/\/staging.varesenews.it\/2022\/05\/bici-marnate-torba-pensando-alla-vecchia-ferrovia\/1458052\/\",\"url\":\"https:\/\/staging.varesenews.it\/2022\/05\/bici-marnate-torba-pensando-alla-vecchia-ferrovia\/1458052\/\",\"name\":\"In bici da Marnate a Torba pensando alla vecchia Ferrovia\",\"isPartOf\":{\"@id\":\"https:\/\/staging.varesenews.it\/#website\"},\"datePublished\":\"2022-05-04T10:20:45+00:00\",\"dateModified\":\"2022-05-04T09:22:27+00:00\",\"author\":{\"@id\":\"https:\/\/staging.varesenews.it\/#\/schema\/person\/0598706b6114a3b5f57e159f94f442ca\"},\"description\":\"Gli amici della Ferrovia della Valmorea organizzano per domenica 8 maggio una gita in bicicletta da Marnate al monastero di Torba: \u201cIn due ruote alla scoperta della ferrovia e della valle Olona\u201d.\",\"breadcrumb\":{\"@id\":\"https:\/\/staging.varesenews.it\/2022\/05\/bici-marnate-torba-pensando-alla-vecchia-ferrovia\/1458052\/#breadcrumb\"},\"inLanguage\":\"it-IT\",\"potentialAction\":[{\"@type\":\"ReadAction\",\"target\":[\"https:\/\/staging.varesenews.it\/2022\/05\/bici-marnate-torba-pensando-alla-vecchia-ferrovia\/1458052\/\"]}]},{\"@type\":\"BreadcrumbList\",\"@id\":\"https:\/\/staging.varesenews.it\/2022\/05\/bici-marnate-torba-pensando-alla-vecchia-ferrovia\/1458052\/#breadcrumb\",\"itemListElement\":[{\"@type\":\"ListItem\",\"position\":1,\"name\":\"Home\",\"item\":\"https:\/\/www.varesenews.it\/\"},{\"@type\":\"ListItem\",\"position\":2,\"name\":\"In bici da Marnate a Torba pensando alla vecchia Ferrovia\"}]},{\"@type\":\"WebSite\",\"@id\":\"https:\/\/staging.varesenews.it\/#website\",\"url\":\"https:\/\/staging.varesenews.it\/\",\"name\":\"VareseNews\",\"description\":\"\",\"potentialAction\":[{\"@type\":\"SearchAction\",\"target\":{\"@type\":\"EntryPoint\",\"urlTemplate\":\"https:\/\/staging.varesenews.it\/?s={search_term_string}\"},\"query-input\":\"required name=search_term_string\"}],\"inLanguage\":\"it-IT\"},{\"@type\":\"Person\",\"@id\":\"https:\/\/staging.varesenews.it\/#\/schema\/person\/0598706b6114a3b5f57e159f94f442ca\",\"name\":\"Santina Buscemi\",\"image\":{\"@type\":\"ImageObject\",\"inLanguage\":\"it-IT\",\"@id\":\"https:\/\/staging.varesenews.it\/#\/schema\/person\/image\/\",\"url\":\"https:\/\/staging.varesenews.it\/wp-content\/uploads\/2020\/12\/santina_buscemi_colori_500.jpg\",\"contentUrl\":\"https:\/\/staging.varesenews.it\/wp-content\/uploads\/2020\/12\/santina_buscemi_colori_500.jpg\",\"caption\":\"Santina Buscemi\"},\"description\":\"Classe 81, studi sociologici e poi la scelta di seguire \\\"Editoria e scrittura\\\" alla Sapienza di Roma. Dopo la laurea sono tornata in provincia di Varese, dove ho avuto modo di cimentarmi in diverse attivit&agrave; lavorative, custodendo sempre la passione per il giornalismo. Collaboro con VareseNews da diversi anni e dal 2019 seguo i comuni della valle Olona, raccontando soprattutto dell'impegno delle associazioni che la vivono. Curo con entusiasmo il canale Facebook &ldquo;Oggi in Valle Olona&rdquo; e mi piace narrare del mondo che mi circonda e di come le persone comuni possano fare la differenza. Appena posso attraverso la provincia e vado a rilassarmi in Veddasca con un buon libro. Da qualche mese sto imparando a fare la mamma e le storie pi&ugrave; belle spero di scriverle per la mia bimba. &nbsp;\",\"sameAs\":[\"https:\/\/www.facebook.com\/Xantippe81\"],\"url\":\"https:\/\/staging.varesenews.it\/persona\/xantippe811\/\"}]}<\/script>\n<!-- \/ Yoast SEO plugin. -->","yoast_head_json":{"title":"In bici da Marnate a Torba pensando alla vecchia Ferrovia","description":"Gli amici della Ferrovia della Valmorea organizzano per domenica 8 maggio una gita in bicicletta da Marnate al monastero di Torba: \u201cIn due ruote alla scoperta della ferrovia e della valle Olona\u201d.","robots":{"index":"noindex","follow":"follow","max-snippet":"max-snippet:-1","max-image-preview":"max-image-preview:large","max-video-preview":"max-video-preview:-1"},"og_locale":"it_IT","og_type":"article","og_title":"In bici da Marnate a Torba pensando alla vecchia Ferrovia","og_description":"Gli amici della Ferrovia della Valmorea organizzano per domenica 8 maggio una gita in bicicletta da Marnate al monastero di Torba: \u201cIn due ruote alla scoperta della ferrovia e della valle Olona\u201d.","og_url":"https:\/\/staging.varesenews.it\/2022\/05\/bici-marnate-torba-pensando-alla-vecchia-ferrovia\/1458052\/","og_site_name":"VareseNews","article_publisher":"https:\/\/www.facebook.com\/varesenews","article_author":"https:\/\/www.facebook.com\/Xantippe81","article_published_time":"2022-05-04T10:20:45+00:00","article_modified_time":"2022-05-04T09:22:27+00:00","author":"Santina Buscemi","twitter_card":"summary_large_image","twitter_creator":"@varesenews","twitter_site":"@varesenews","twitter_misc":{"Scritto da":"Santina Buscemi","Tempo di lettura stimato":"1 minuto"},"schema":{"@context":"https:\/\/schema.org","@graph":[{"@type":"WebPage","@id":"https:\/\/staging.varesenews.it\/2022\/05\/bici-marnate-torba-pensando-alla-vecchia-ferrovia\/1458052\/","url":"https:\/\/staging.varesenews.it\/2022\/05\/bici-marnate-torba-pensando-alla-vecchia-ferrovia\/1458052\/","name":"In bici da Marnate a Torba pensando alla vecchia Ferrovia","isPartOf":{"@id":"https:\/\/staging.varesenews.it\/#website"},"datePublished":"2022-05-04T10:20:45+00:00","dateModified":"2022-05-04T09:22:27+00:00","author":{"@id":"https:\/\/staging.varesenews.it\/#\/schema\/person\/0598706b6114a3b5f57e159f94f442ca"},"description":"Gli amici della Ferrovia della Valmorea organizzano per domenica 8 maggio una gita in bicicletta da Marnate al monastero di Torba: \u201cIn due ruote alla scoperta della ferrovia e della valle Olona\u201d.","breadcrumb":{"@id":"https:\/\/staging.varesenews.it\/2022\/05\/bici-marnate-torba-pensando-alla-vecchia-ferrovia\/1458052\/#breadcrumb"},"inLanguage":"it-IT","potentialAction":[{"@type":"ReadAction","target":["https:\/\/staging.varesenews.it\/2022\/05\/bici-marnate-torba-pensando-alla-vecchia-ferrovia\/1458052\/"]}]},{"@type":"BreadcrumbList","@id":"https:\/\/staging.varesenews.it\/2022\/05\/bici-marnate-torba-pensando-alla-vecchia-ferrovia\/1458052\/#breadcrumb","itemListElement":[{"@type":"ListItem","position":1,"name":"Home","item":"https:\/\/www.varesenews.it\/"},{"@type":"ListItem","position":2,"name":"In bici da Marnate a Torba pensando alla vecchia Ferrovia"}]},{"@type":"WebSite","@id":"https:\/\/staging.varesenews.it\/#website","url":"https:\/\/staging.varesenews.it\/","name":"VareseNews","description":"","potentialAction":[{"@type":"SearchAction","target":{"@type":"EntryPoint","urlTemplate":"https:\/\/staging.varesenews.it\/?s={search_term_string}"},"query-input":"required name=search_term_string"}],"inLanguage":"it-IT"},{"@type":"Person","@id":"https:\/\/staging.varesenews.it\/#\/schema\/person\/0598706b6114a3b5f57e159f94f442ca","name":"Santina Buscemi","image":{"@type":"ImageObject","inLanguage":"it-IT","@id":"https:\/\/staging.varesenews.it\/#\/schema\/person\/image\/","url":"https:\/\/staging.varesenews.it\/wp-content\/uploads\/2020\/12\/santina_buscemi_colori_500.jpg","contentUrl":"https:\/\/staging.varesenews.it\/wp-content\/uploads\/2020\/12\/santina_buscemi_colori_500.jpg","caption":"Santina Buscemi"},"description":"Classe 81, studi sociologici e poi la scelta di seguire \"Editoria e scrittura\" alla Sapienza di Roma. Dopo la laurea sono tornata in provincia di Varese, dove ho avuto modo di cimentarmi in diverse attivit&agrave; lavorative, custodendo sempre la passione per il giornalismo. Collaboro con VareseNews da diversi anni e dal 2019 seguo i comuni della valle Olona, raccontando soprattutto dell'impegno delle associazioni che la vivono. Curo con entusiasmo il canale Facebook &ldquo;Oggi in Valle Olona&rdquo; e mi piace narrare del mondo che mi circonda e di come le persone comuni possano fare la differenza. Appena posso attraverso la provincia e vado a rilassarmi in Veddasca con un buon libro. Da qualche mese sto imparando a fare la mamma e le storie pi&ugrave; belle spero di scriverle per la mia bimba. &nbsp;","sameAs":["https:\/\/www.facebook.com\/Xantippe81"],"url":"https:\/\/staging.varesenews.it\/persona\/xantippe811\/"}]}},"post_meta":{"content-image-gallery":"","_edit_lock":"1651664696:5862","_edit_last":"5862","_category_permalink":"a:1:{s:8:\"category\";s:0:\"\";}","evento-location":"1458059","evento-data-inizio":"1651960800","evento-data-fine":"1651960800","argomento":"Valle Olona","_yoast_wpseo_focuskw_text_input":"Valle Olona","_yoast_wpseo_focuskw":"Valle Olona","_yoast_wpseo_linkdex":"56","_yoast_wpseo_content_score":"30","_jd_tweet_this":"yes","foto":"1234521","evento-orario-inizio":"09:30","evento-email":"info@amicidellaferroviavalmorea.it","evento-orario-fine":"15:00","firma_come_redazione":"1","_wpt_short_url":"http:\/\/www.varesenews.it\/2022\/05\/bici-marnate-torba-pensando-alla-vecchia-ferrovia\/1458052\/","_wp_jd_target":"http:\/\/www.varesenews.it\/2022\/05\/bici-marnate-torba-pensando-alla-vecchia-ferrovia\/1458052\/","_jd_wp_twitter":"a:1:{i:0;s:180:\"In bici da Marnate a Torba pensando alla vecchia Ferrovia http:\/\/www.varesenews.it\/2022\/05\/bici-marnate-torba-pensando-alla-vecchia-ferrovia\/1458052\/ #fiab #legambiente #valleolona\";}","_wpt_status_message":"Tweet inviato con successo.","_encloseme":"1","ratings_users":"0","ratings_score":"0","ratings_average":"0","_oembed_075b2e0821ef47e515530b4bf45a3536":"<blockquote class=\"wp-embedded-content\" data-secret=\"AnBdK3UEu0\"><a href=\"https:\/\/www.varesenews.it\/2022\/05\/tragedia-samarate-madre-figlia-uccise-nella-notte\/1457965\/\">Tragedia familiare a Samarate: uccise madre e figlia di sedici anni<\/a><\/blockquote><iframe class=\"wp-embedded-content\" sandbox=\"allow-scripts\" security=\"restricted\" style=\"position: absolute; clip: rect(1px, 1px, 1px, 1px);\" src=\"https:\/\/www.varesenews.it\/2022\/05\/tragedia-samarate-madre-figlia-uccise-nella-notte\/1457965\/embed\/#?secret=AnBdK3UEu0\" data-secret=\"AnBdK3UEu0\" width=\"500\" height=\"282\" title=\"&#8220;Tragedia familiare a Samarate: uccise madre e figlia di sedici anni&#8221; &#8212; VareseNews\" frameborder=\"0\" marginwidth=\"0\" marginheight=\"0\" scrolling=\"no\"><\/iframe>","_oembed_time_075b2e0821ef47e515530b4bf45a3536":"1651659789","_oembed_4bb1fbac0ec5bbc79cff85b49298c5ed":"<iframe width=\"500\" height=\"281\" src=\"https:\/\/www.youtube.com\/embed\/_dFeAIw65_c?start=2&feature=oembed\" frameborder=\"0\" allow=\"accelerometer; autoplay; clipboard-write; encrypted-media; gyroscope; picture-in-picture\" allowfullscreen><\/iframe>","_oembed_time_4bb1fbac0ec5bbc79cff85b49298c5ed":"1651659789","_oembed_69b4fd945ddd584b571bebc0d46ecbe8":"<blockquote class=\"wp-embedded-content\" data-secret=\"oUY5Yy02uK\"><a href=\"https:\/\/www.varesenews.it\/2021\/11\/guida-le-commissioni-si-occupano-gallarate\/1401671\/\">Ecco chi guida le Commissioni che si occupano di Gallarate<\/a><\/blockquote><iframe class=\"wp-embedded-content\" sandbox=\"allow-scripts\" security=\"restricted\" style=\"position: absolute; clip: rect(1px, 1px, 1px, 1px);\" src=\"https:\/\/www.varesenews.it\/2021\/11\/guida-le-commissioni-si-occupano-gallarate\/1401671\/embed\/#?secret=oUY5Yy02uK\" data-secret=\"oUY5Yy02uK\" width=\"500\" height=\"282\" title=\"&#8220;Ecco chi guida le Commissioni che si occupano di Gallarate&#8221; &#8212; VareseNews\" frameborder=\"0\" marginwidth=\"0\" marginheight=\"0\" scrolling=\"no\"><\/iframe>","_oembed_time_69b4fd945ddd584b571bebc0d46ecbe8":"1651659790","_oembed_df7971c5c078839b4f6fa759210c380d":"<blockquote class=\"wp-embedded-content\" data-secret=\"VE9UM0LDRZ\"><a href=\"https:\/\/www.varesenews.it\/2019\/05\/la-sabbia-luminosa-diventato-mio-lavoro\/820330\/\">La sabbia luminosa \u00e8 diventato il mio lavoro<\/a><\/blockquote><iframe class=\"wp-embedded-content\" sandbox=\"allow-scripts\" security=\"restricted\" style=\"position: absolute; clip: rect(1px, 1px, 1px, 1px);\" src=\"https:\/\/www.varesenews.it\/2019\/05\/la-sabbia-luminosa-diventato-mio-lavoro\/820330\/embed\/#?secret=VE9UM0LDRZ\" data-secret=\"VE9UM0LDRZ\" width=\"500\" height=\"282\" title=\"&#8220;La sabbia luminosa \u00e8 diventato il mio lavoro&#8221; &#8212; VareseNews\" frameborder=\"0\" marginwidth=\"0\" marginheight=\"0\" scrolling=\"no\"><\/iframe>","_oembed_time_df7971c5c078839b4f6fa759210c380d":"1651659791","_oembed_822712482056c9f1afe5cb3dafd705c5":"<blockquote class=\"wp-embedded-content\" data-secret=\"fmf7ZxgT4K\"><a href=\"https:\/\/www.varesenews.it\/2022\/04\/yes-we-sports-summer-camp-cislago\/1452579\/\">L&#8217;estate a Cislago \u00e8 targata Yes We Sports Summer Camp<\/a><\/blockquote><iframe class=\"wp-embedded-content\" sandbox=\"allow-scripts\" security=\"restricted\" style=\"position: absolute; clip: rect(1px, 1px, 1px, 1px);\" src=\"https:\/\/www.varesenews.it\/2022\/04\/yes-we-sports-summer-camp-cislago\/1452579\/embed\/#?secret=fmf7ZxgT4K\" data-secret=\"fmf7ZxgT4K\" width=\"500\" height=\"282\" title=\"&#8220;L&#8217;estate a Cislago \u00e8 targata Yes We Sports Summer Camp&#8221; &#8212; VareseNews\" frameborder=\"0\" marginwidth=\"0\" marginheight=\"0\" scrolling=\"no\"><\/iframe>","_oembed_time_822712482056c9f1afe5cb3dafd705c5":"1651659793","_oembed_c9b1b4ad2343946c32da12fd3c8cba2d":"<blockquote class=\"wp-embedded-content\" data-secret=\"5YWxoGHChW\"><a href=\"https:\/\/www.varesenews.it\/2022\/05\/giocando-si-impara-lestate-2022-della-fondazione-consorzio-scuole-materne-gallarate\/1456405\/\">Giocando si impara. L&#8217;estate 2022 della Fondazione Consorzio Scuole Materne di Gallarate<\/a><\/blockquote><iframe class=\"wp-embedded-content\" sandbox=\"allow-scripts\" security=\"restricted\" style=\"position: absolute; clip: rect(1px, 1px, 1px, 1px);\" src=\"https:\/\/www.varesenews.it\/2022\/05\/giocando-si-impara-lestate-2022-della-fondazione-consorzio-scuole-materne-gallarate\/1456405\/embed\/#?secret=5YWxoGHChW\" data-secret=\"5YWxoGHChW\" width=\"500\" height=\"282\" title=\"&#8220;Giocando si impara. L&#8217;estate 2022 della Fondazione Consorzio Scuole Materne di Gallarate&#8221; &#8212; VareseNews\" frameborder=\"0\" marginwidth=\"0\" marginheight=\"0\" scrolling=\"no\"><\/iframe>","_oembed_time_c9b1b4ad2343946c32da12fd3c8cba2d":"1651659793","_oembed_db4fdc6c7bbdfbcde4cfd551075e646e":"<blockquote class=\"wp-embedded-content\" data-secret=\"8ffgYG4RNO\"><a href=\"https:\/\/www.varesenews.it\/2022\/04\/state-la-proposta-lestate-gallarate-de-carmaleonte\/1454473\/\">E&#8230;state con noi, la proposta per l&#8217;estate a Gallarate de Il Carmaleonte<\/a><\/blockquote><iframe class=\"wp-embedded-content\" sandbox=\"allow-scripts\" security=\"restricted\" style=\"position: absolute; clip: rect(1px, 1px, 1px, 1px);\" src=\"https:\/\/www.varesenews.it\/2022\/04\/state-la-proposta-lestate-gallarate-de-carmaleonte\/1454473\/embed\/#?secret=8ffgYG4RNO\" data-secret=\"8ffgYG4RNO\" width=\"500\" height=\"282\" title=\"&#8220;E&#8230;state con noi, la proposta per l&#8217;estate a Gallarate de Il Carmaleonte&#8221; &#8212; VareseNews\" frameborder=\"0\" marginwidth=\"0\" marginheight=\"0\" scrolling=\"no\"><\/iframe>","_oembed_time_db4fdc6c7bbdfbcde4cfd551075e646e":"1651659793","_oembed_0082eff7209274d6878b2470438deb67":"<blockquote class=\"wp-embedded-content\" data-secret=\"fDruIIqWoW\"><a href=\"https:\/\/www.varesenews.it\/2022\/04\/campo-estivo-gioca-bimbo-gallarate-2022\/1451140\/\">Campo Estivo Gioca Bimbo Gallarate<\/a><\/blockquote><iframe class=\"wp-embedded-content\" sandbox=\"allow-scripts\" security=\"restricted\" style=\"position: absolute; clip: rect(1px, 1px, 1px, 1px);\" src=\"https:\/\/www.varesenews.it\/2022\/04\/campo-estivo-gioca-bimbo-gallarate-2022\/1451140\/embed\/#?secret=fDruIIqWoW\" data-secret=\"fDruIIqWoW\" width=\"500\" height=\"282\" title=\"&#8220;Campo Estivo Gioca Bimbo Gallarate&#8221; &#8212; VareseNews\" frameborder=\"0\" marginwidth=\"0\" marginheight=\"0\" scrolling=\"no\"><\/iframe>","_oembed_time_0082eff7209274d6878b2470438deb67":"1651659793","_oembed_8d310ab489690a4623da72ad80c618f4":"<blockquote class=\"wp-embedded-content\" data-secret=\"4m9Ir2WEt9\"><a href=\"https:\/\/www.varesenews.it\/2022\/04\/enjoy-camp-2022-allo-smash-x3-club-bellavista-gazzada\/1454493\/\">Enjoy Camp 2022 allo Smash X3 &#8211; Club Bellavista di Gazzada<\/a><\/blockquote><iframe class=\"wp-embedded-content\" sandbox=\"allow-scripts\" security=\"restricted\" style=\"position: absolute; clip: rect(1px, 1px, 1px, 1px);\" src=\"https:\/\/www.varesenews.it\/2022\/04\/enjoy-camp-2022-allo-smash-x3-club-bellavista-gazzada\/1454493\/embed\/#?secret=4m9Ir2WEt9\" data-secret=\"4m9Ir2WEt9\" width=\"500\" height=\"282\" title=\"&#8220;Enjoy Camp 2022 allo Smash X3 &#8211; Club Bellavista di Gazzada&#8221; &#8212; VareseNews\" frameborder=\"0\" marginwidth=\"0\" marginheight=\"0\" scrolling=\"no\"><\/iframe>","_oembed_time_8d310ab489690a4623da72ad80c618f4":"1651659794","_oembed_5d4538202d4630739ad4d3048401ba28":"<blockquote class=\"wp-embedded-content\" data-secret=\"6kr0il0gCf\"><a href=\"https:\/\/www.varesenews.it\/2022\/04\/aquamore-summer-camp-lestate-piu-bella-sempre-jerago-orago-2022\/1451218\/\">Aquamore Summer Camp. L&#8217;estate pi\u00f9 bella di sempre a Jerago con Orago<\/a><\/blockquote><iframe class=\"wp-embedded-content\" sandbox=\"allow-scripts\" security=\"restricted\" style=\"position: absolute; clip: rect(1px, 1px, 1px, 1px);\" src=\"https:\/\/www.varesenews.it\/2022\/04\/aquamore-summer-camp-lestate-piu-bella-sempre-jerago-orago-2022\/1451218\/embed\/#?secret=6kr0il0gCf\" data-secret=\"6kr0il0gCf\" width=\"500\" height=\"282\" title=\"&#8220;Aquamore Summer Camp. L&#8217;estate pi\u00f9 bella di sempre a Jerago con Orago&#8221; &#8212; VareseNews\" frameborder=\"0\" marginwidth=\"0\" marginheight=\"0\" scrolling=\"no\"><\/iframe>","_oembed_time_5d4538202d4630739ad4d3048401ba28":"1651659794","_oembed_bd99b9cd0accf451a127a0205232937f":"<blockquote class=\"wp-embedded-content\" data-secret=\"X7BH0Conbh\"><a href=\"https:\/\/www.varesenews.it\/2022\/04\/cerbis-camp-multisport-porto-ceresio-2022\/1451153\/\">Cerbis Camp multisport a Porto Ceresio<\/a><\/blockquote><iframe class=\"wp-embedded-content\" sandbox=\"allow-scripts\" security=\"restricted\" style=\"position: absolute; clip: rect(1px, 1px, 1px, 1px);\" src=\"https:\/\/www.varesenews.it\/2022\/04\/cerbis-camp-multisport-porto-ceresio-2022\/1451153\/embed\/#?secret=X7BH0Conbh\" data-secret=\"X7BH0Conbh\" width=\"500\" height=\"282\" title=\"&#8220;Cerbis Camp multisport a Porto Ceresio&#8221; &#8212; VareseNews\" frameborder=\"0\" marginwidth=\"0\" marginheight=\"0\" scrolling=\"no\"><\/iframe>","_oembed_time_bd99b9cd0accf451a127a0205232937f":"1651659794","_oembed_0d7e3cbf837e5b45772193b1e8552d35":"<blockquote class=\"wp-embedded-content\" data-secret=\"dwx0e0KDRs\"><a href=\"https:\/\/www.varesenews.it\/2022\/04\/summer-camp-allo-sporting-club-saronno-2022\/1451203\/\">Summer Camp allo Sporting Club Saronno<\/a><\/blockquote><iframe class=\"wp-embedded-content\" sandbox=\"allow-scripts\" security=\"restricted\" style=\"position: absolute; clip: rect(1px, 1px, 1px, 1px);\" src=\"https:\/\/www.varesenews.it\/2022\/04\/summer-camp-allo-sporting-club-saronno-2022\/1451203\/embed\/#?secret=dwx0e0KDRs\" data-secret=\"dwx0e0KDRs\" width=\"500\" height=\"282\" title=\"&#8220;Summer Camp allo Sporting Club Saronno&#8221; &#8212; VareseNews\" frameborder=\"0\" marginwidth=\"0\" marginheight=\"0\" scrolling=\"no\"><\/iframe>","_oembed_time_0d7e3cbf837e5b45772193b1e8552d35":"1651659794","_oembed_302c939388121dde9e7624b1a880a09d":"<blockquote class=\"wp-embedded-content\" data-secret=\"GBrfeCxOSy\"><a href=\"https:\/\/www.varesenews.it\/2022\/04\/volandia-junior-camp-e-teen-camp\/1455147\/\">L&#8217;estate targata Volandia avvicina bambini e ragazzi al mondo dell\u2019aeronautica<\/a><\/blockquote><iframe class=\"wp-embedded-content\" sandbox=\"allow-scripts\" security=\"restricted\" style=\"position: absolute; clip: rect(1px, 1px, 1px, 1px);\" src=\"https:\/\/www.varesenews.it\/2022\/04\/volandia-junior-camp-e-teen-camp\/1455147\/embed\/#?secret=GBrfeCxOSy\" data-secret=\"GBrfeCxOSy\" width=\"500\" height=\"282\" title=\"&#8220;L&#8217;estate targata Volandia avvicina bambini e ragazzi al mondo dell\u2019aeronautica&#8221; &#8212; VareseNews\" frameborder=\"0\" marginwidth=\"0\" marginheight=\"0\" scrolling=\"no\"><\/iframe>","_oembed_time_302c939388121dde9e7624b1a880a09d":"1651659794","_oembed_3a44f66430f29e1315d3f8112ede5997":"<blockquote class=\"wp-embedded-content\" data-secret=\"KbpUjL9WM8\"><a href=\"https:\/\/www.varesenews.it\/2022\/04\/campus-estivo-alla-scuderia-garzonera-horses-yard-asd-vergiate\/1456015\/\">Campus estivo alla Scuderia Garzonera Horses Yard asd di Vergiate<\/a><\/blockquote><iframe class=\"wp-embedded-content\" sandbox=\"allow-scripts\" security=\"restricted\" style=\"position: absolute; clip: rect(1px, 1px, 1px, 1px);\" src=\"https:\/\/www.varesenews.it\/2022\/04\/campus-estivo-alla-scuderia-garzonera-horses-yard-asd-vergiate\/1456015\/embed\/#?secret=KbpUjL9WM8\" data-secret=\"KbpUjL9WM8\" width=\"500\" height=\"282\" title=\"&#8220;Campus estivo alla Scuderia Garzonera Horses Yard asd di Vergiate&#8221; &#8212; VareseNews\" frameborder=\"0\" marginwidth=\"0\" marginheight=\"0\" scrolling=\"no\"><\/iframe>","_oembed_time_3a44f66430f29e1315d3f8112ede5997":"1651659794","_oembed_443b3ee4f8ce3ea875925843f2c3c6c3":"<blockquote class=\"wp-embedded-content\" data-secret=\"Gvn8a5lFO6\"><a href=\"https:\/\/www.varesenews.it\/2022\/05\/piu-fughe-meno-volate-la-eolo-kometa-giro-ditalia\/1457179\/\">Pi\u00f9 fughe, meno volate: ecco la Eolo-Kometa per il Giro d&#8217;Italia<\/a><\/blockquote><iframe class=\"wp-embedded-content\" sandbox=\"allow-scripts\" security=\"restricted\" style=\"position: absolute; clip: rect(1px, 1px, 1px, 1px);\" src=\"https:\/\/www.varesenews.it\/2022\/05\/piu-fughe-meno-volate-la-eolo-kometa-giro-ditalia\/1457179\/embed\/#?secret=Gvn8a5lFO6\" data-secret=\"Gvn8a5lFO6\" width=\"500\" height=\"282\" title=\"&#8220;Pi\u00f9 fughe, meno volate: ecco la Eolo-Kometa per il Giro d&#8217;Italia&#8221; &#8212; VareseNews\" frameborder=\"0\" marginwidth=\"0\" marginheight=\"0\" scrolling=\"no\"><\/iframe>","_oembed_time_443b3ee4f8ce3ea875925843f2c3c6c3":"1651659896","_oembed_86c0506d85aa66185e606fd4d84e621d":"<iframe width=\"500\" height=\"281\" src=\"https:\/\/www.youtube.com\/embed\/zApoZo9jMMA?start=148&feature=oembed\" frameborder=\"0\" allow=\"accelerometer; autoplay; clipboard-write; encrypted-media; gyroscope; picture-in-picture\" allowfullscreen><\/iframe>","_oembed_time_86c0506d85aa66185e606fd4d84e621d":"1651659896","_oembed_a2c24e6d03c589ad48dd856e7f0c4f97":"<blockquote class=\"wp-embedded-content\" data-secret=\"Aj57I8qejn\"><a href=\"https:\/\/www.varesenews.it\/2022\/05\/ivan-basso-la-eolo-al-giro-ditalia-umilta-voglia-migliorarsi\/1457250\/\">Ivan Basso: &#8220;La Eolo al Giro d&#8217;Italia con umilt\u00e0 e voglia di migliorarsi&#8221;<\/a><\/blockquote><iframe class=\"wp-embedded-content\" sandbox=\"allow-scripts\" security=\"restricted\" style=\"position: absolute; clip: rect(1px, 1px, 1px, 1px);\" src=\"https:\/\/www.varesenews.it\/2022\/05\/ivan-basso-la-eolo-al-giro-ditalia-umilta-voglia-migliorarsi\/1457250\/embed\/#?secret=Aj57I8qejn\" data-secret=\"Aj57I8qejn\" width=\"500\" height=\"282\" title=\"&#8220;Ivan Basso: &#8220;La Eolo al Giro d&#8217;Italia con umilt\u00e0 e voglia di migliorarsi&#8221;&#8221; &#8212; VareseNews\" frameborder=\"0\" marginwidth=\"0\" marginheight=\"0\" scrolling=\"no\"><\/iframe>","_oembed_time_a2c24e6d03c589ad48dd856e7f0c4f97":"1651659896","_oembed_375d9d13effb35d6aa346cb765e95fb1":"<blockquote class=\"wp-embedded-content\" data-secret=\"dfHn1A4XUq\"><a href=\"https:\/\/www.varesenews.it\/2022\/04\/orto-cassetta-sapone-formaggio-laboratori-inclusivi-piccole-autoproduzioni\/1455803\/\">Orto in cassetta, sapone e formaggio: laboratori inclusivi per piccole autoproduzioni<\/a><\/blockquote><iframe class=\"wp-embedded-content\" sandbox=\"allow-scripts\" security=\"restricted\" style=\"position: absolute; clip: rect(1px, 1px, 1px, 1px);\" src=\"https:\/\/www.varesenews.it\/2022\/04\/orto-cassetta-sapone-formaggio-laboratori-inclusivi-piccole-autoproduzioni\/1455803\/embed\/#?secret=dfHn1A4XUq\" data-secret=\"dfHn1A4XUq\" width=\"500\" height=\"282\" title=\"&#8220;Orto in cassetta, sapone e formaggio: laboratori inclusivi per piccole autoproduzioni&#8221; &#8212; VareseNews\" frameborder=\"0\" marginwidth=\"0\" marginheight=\"0\" scrolling=\"no\"><\/iframe>","_oembed_time_375d9d13effb35d6aa346cb765e95fb1":"1651659896","_oembed_1abad1661e06dcbc67eac74f383ef1b9":"<blockquote class=\"wp-embedded-content\" data-secret=\"H8UQzeoboM\"><a href=\"https:\/\/www.varesenews.it\/2022\/04\/gli-industriali-presentano-people-non-si-puo-felici-non-lo-si-anche-al-lavoro\/1446959\/\">Gli industriali presentano &#8220;People&#8221;. Non si pu\u00f2 essere felici se non lo si \u00e8 anche al lavoro<\/a><\/blockquote><iframe class=\"wp-embedded-content\" sandbox=\"allow-scripts\" security=\"restricted\" style=\"position: absolute; clip: rect(1px, 1px, 1px, 1px);\" src=\"https:\/\/www.varesenews.it\/2022\/04\/gli-industriali-presentano-people-non-si-puo-felici-non-lo-si-anche-al-lavoro\/1446959\/embed\/#?secret=H8UQzeoboM\" data-secret=\"H8UQzeoboM\" width=\"500\" height=\"282\" title=\"&#8220;Gli industriali presentano &#8220;People&#8221;. Non si pu\u00f2 essere felici se non lo si \u00e8 anche al lavoro&#8221; &#8212; VareseNews\" frameborder=\"0\" marginwidth=\"0\" marginheight=\"0\" scrolling=\"no\"><\/iframe>","_oembed_time_1abad1661e06dcbc67eac74f383ef1b9":"1651660339","_oembed_abf56550789528cfe080cd667ef82823":"<blockquote class=\"wp-embedded-content\" data-secret=\"PkSWJ8h6d4\"><a href=\"https:\/\/www.varesenews.it\/2022\/03\/introvabili-cercasi-camerieri-cuochi-disperatamente\/1443755\/\">Introvabili: cercasi camerieri e cuochi disperatamente<\/a><\/blockquote><iframe class=\"wp-embedded-content\" sandbox=\"allow-scripts\" security=\"restricted\" style=\"position: absolute; clip: rect(1px, 1px, 1px, 1px);\" src=\"https:\/\/www.varesenews.it\/2022\/03\/introvabili-cercasi-camerieri-cuochi-disperatamente\/1443755\/embed\/#?secret=PkSWJ8h6d4\" data-secret=\"PkSWJ8h6d4\" width=\"500\" height=\"282\" title=\"&#8220;Introvabili: cercasi camerieri e cuochi disperatamente&#8221; &#8212; VareseNews\" frameborder=\"0\" marginwidth=\"0\" marginheight=\"0\" scrolling=\"no\"><\/iframe>","_oembed_time_abf56550789528cfe080cd667ef82823":"1651660339","_oembed_6b0bc7c02584a074ea42d9f11c57e434":"<iframe width=\"500\" height=\"281\" src=\"https:\/\/www.youtube.com\/embed\/Ik_dSr5HiFw?feature=oembed\" frameborder=\"0\" allow=\"accelerometer; autoplay; clipboard-write; encrypted-media; gyroscope; picture-in-picture\" allowfullscreen><\/iframe>","_oembed_time_6b0bc7c02584a074ea42d9f11c57e434":"1651660340"},"photos":[{"original":"https:\/\/staging.varesenews.it\/photogallery_new\/images\/2021\/07\/biciclettata-1234521.jpg","full":"https:\/\/staging.varesenews.it\/photogallery_new\/images\/2021\/07\/biciclettata-1234521.1024x768.jpg","large":"https:\/\/staging.varesenews.it\/photogallery_new\/images\/2021\/07\/biciclettata-1234521.610x431.jpg"}],"_links":{"self":[{"href":"https:\/\/staging.varesenews.it\/swgapi\/v1\/wp\/v2\/posts\/1458052"}],"collection":[{"href":"https:\/\/staging.varesenews.it\/swgapi\/v1\/wp\/v2\/posts"}],"about":[{"href":"https:\/\/staging.varesenews.it\/swgapi\/v1\/wp\/v2\/types\/post"}],"author":[{"embeddable":true,"href":"https:\/\/staging.varesenews.it\/swgapi\/v1\/wp\/v2\/users\/5862"}],"replies":[{"embeddable":true,"href":"https:\/\/staging.varesenews.it\/swgapi\/v1\/wp\/v2\/comments?post=1458052"}],"version-history":[{"count":0,"href":"https:\/\/staging.varesenews.it\/swgapi\/v1\/wp\/v2\/posts\/1458052\/revisions"}],"wp:attachment":[{"href":"https:\/\/staging.varesenews.it\/swgapi\/v1\/wp\/v2\/media?parent=1458052"}],"wp:term":[{"taxonomy":"category","embeddable":true,"href":"https:\/\/staging.varesenews.it\/swgapi\/v1\/wp\/v2\/categories?post=1458052"},{"taxonomy":"post_tag","embeddable":true,"href":"https:\/\/staging.varesenews.it\/swgapi\/v1\/wp\/v2\/tags?post=1458052"}],"curies":[{"name":"wp","href":"https:\/\/api.w.org\/{rel}","templated":true}]}}