{"id":1459106,"date":"2022-05-06T13:02:14","date_gmt":"2022-05-06T11:02:14","guid":{"rendered":"https:\/\/www.varesenews.it\/?p=1459106"},"modified":"2022-05-06T16:14:12","modified_gmt":"2022-05-06T14:14:12","slug":"sopralluogo-dellesercito-alla-funivia-monteviasco","status":"publish","type":"post","link":"https:\/\/staging.varesenews.it\/2022\/05\/sopralluogo-dellesercito-alla-funivia-monteviasco\/1459106\/","title":{"rendered":"Sopralluogo dell\u2019esercito alla funivia di Monteviasco: valutazioni in corso per la riattivazione dell&#8217;impianto"},"content":{"rendered":"<p><strong>Ci vorranno ancora una decina di giorni per avere la risposta in merito all\u2019ipotesi di far gestire all\u2019Esercito almeno la fase iniziale della riattivazione della funivia Ponte di Piero &#8211; Monteviasco<\/strong>, ferma da quasi quattro anni per via dell\u2019infortunio sul lavoro mortale. Ma nel frattempo, \u00e8 necessario non fermarsi nella parallela attivit\u00e0 amministrativa di ricerca di una soluzione.<\/p>\n<hr \/>\n<p><strong>Approfondimenti<br \/>\n<\/strong><strong>L&#8217;EVENTO<\/strong> &#8211; Le tappe di Va in Giro che riguardano Monteviasco:\u00a0<a href=\"https:\/\/www.varesenews.it\/2022\/04\/la-diretta-va-giro-dal-lago-delio-monteviasco-piedi\/1454303\/\"><strong>dal Lago Delio a Monteviasco a piedi<\/strong><\/a> &#8211;\u00a0\u00a0<a href=\"https:\/\/www.varesenews.it\/2022\/04\/monteviasco-al-rifugio-pradecolo-piedi-sentieri-costa-mulattiere-nella-terza-tappa-va-giro\/1454411\/\"><strong>Da Monteviasco al Rifugio Pradecolo<\/strong><\/a><\/p>\n<hr \/>\n<p><span style=\"color: #0000ff;\"><strong>IL SINDACO:<\/strong> <\/span>Queste, a caldo, le prime riflessioni della sindaca di Curiglia con Monteviasco <strong>Nora Sahnane<\/strong> dopo il sopralluogo avvenuto questa mattina sull\u2019impianto: presenti il consigliere regionale <strong>Giacomo Cosentin<\/strong>o, <strong>Simone Castoldi<\/strong> alla guida di Comunit\u00e0 montana Valli del Verbano, e i rappresentanti dell\u2019Esercito e dell\u2019Arma che hanno scortato la delegazione sul posto per il sopralluogo tecnico. 1i rappresentanti dell\u2019Esercito\u00bb, spiega la sindaca Sahnane, \u00abhanno acquisito elementi tecnici per valutare la fattibilit\u00e0 di una eventuale gestione in via provvisoria della nostra funivia. Aspettiamo entro una decina di giorni gli esiti delle loro valutazioni\u00bb. Nel frattempo \u00abcredo, come detto in precedenza, che si debba parallelamente insistere nel cercare un gestore attraverso i normali percorsi amministrativi\u00bb.<\/p>\n<p style=\"font-weight: 400;\"><span style=\"color: #0000ff;\"><strong>LE REAZIONI:<\/strong> <\/span>\u00ab<strong>E\u2019 una vicenda \u2013 dichiara il Consigliere Cosentino \u2013 che ho seguito personalmente dal primo momento<\/strong>, in sintonia con il Presidente Attilio Fontana. Abbiamo chiesto come Regione Lombardia un sopralluogo dell\u2019Esercito, che ringrazio sinceramente, per cercare di trovare una soluzione rispetto a un problema che ci sta molto a cuore\u00bb.<\/p>\n<p style=\"font-weight: 400;\">\u00abAbbiamo accompagnato i militari nelle verifiche tecniche necessarie \u2013 aggiunge l\u2019esponente di Lombardia Ideale \u2013 e ci auguriamo che questo sondaggio rappresenti il primo passo per un definitivo processo di riattivazione dell\u2019impianto. A prescindere dall\u2019esito di questo rilevante tentativo stiamo sondando ulteriori ipotesi di intervento. Per noi la funivia di Monteviasco \u2013 conclude il Consigliere \u2013 \u00e8 una questione di primaria importanza, una struttura essenziale per un territorio che ci sta molto cuore, un servizio imprescindibile per la mobilit\u00e0 di abitanti e turisti\u00bb.<\/p>\n<p>\u00abRegione Lombardia non ha mai abbandonato l\u2019Alto Varesotto, anzi, gli investimenti sono stati considerevoli: \u00e8 infatti stato finanziato con oltre 287mila euro il rifacimento della funivia ora finalmente pronta. Di recente, con un ordine del giorno a mia firma, \u00e8 stata finanziata con 430mila euro anche la riqualificazione della teleferica per il trasporto di beni e merci. Oggi abbiamo effettuato un sopralluogo insieme agli Ufficiali del Genio dell\u2019Esercito, che ringrazio, per valutare la possibilit\u00e0 di riattivare con urgenza il servizio. Monteviasco \u00e8 un vero gioiello, l\u2019impegno \u00e8 massimo perch\u00e9 si possa risolvere presto la situazione nell\u2019interesse di chi vi abita ma anche dei tanti affezionati turisti di questa localit\u00e0 cos\u00ec peculiare\u00bb. Sono le parole\u00a0della Vice Presidente del Consiglio Regionale della Lombardia <strong>Francesca Brianza<\/strong> al termine del sopralluogo tecnico di questa mattina a Monteviasco. La funivia Ponte di Piero-Monteviasco \u00e8 una teleferica per trasporto passeggeri che collega le localit\u00e0 di Ponte di Piero e Monteviasco, ferma ormai da quattro anni.<\/p>\n<p><span style=\"color: #0000ff;\"><strong>LA VICENDA:<\/strong> <\/span>Tutto ha inizio nel novembre del 2018 quando lo storico manutentore <a href=\"https:\/\/www.varesenews.it\/2018\/11\/silvano-dellea-vita-al-lavoro-sulla-funivia\/767791\/\">Silvano Dellea<\/a> mor\u00ec stritolato fra la cabina della funivia e una ringhiera, nella stazione di valle, appunto a \u201cPonte di Piero\u201c, frazione del paese di Curiglia con Monteviasco. La Procura mise sotto sequestro per breve tempo l&#8217;impianto, poi dissequestrato con l&#8217;indicazione di metterlo in sicurezza. E qui le strade di questa vicenda si dividono. <a href=\"https:\/\/www.varesenews.it\/2022\/04\/le-prime-indagini-sulla-tragedia-monteviasco-ricostruite-aula-nel-processo-varese\/1453071\/\">Da una parte il processo<\/a>, appena cominciato a Varese per accertare le responsabilit\u00e0 con 10 imputati finiti dinanzi al giudice monocratico dopo essere stati rinviati a giudizio (ci sono il sindaco di quando avvennero i fatti, tecnici, e soci della cooperativa che si occupava di gestire l&#8217;impianto). Dall&#8217;altra il lungo e complesso iter per verificare con precisione le esigenze di sicurezza della struttura e l&#8217;esecuzione dei lavori, avvenuta grazie a fondi regionali per oltre 400 mila auro, lavori terminati lo scorso dicembre. L&#8217;impianto, dunque, \u00e8 pronto per venir messo in funzione. Il punto delicato riguarda la gestione, che per il momento <a href=\"https:\/\/www.varesenews.it\/2022\/04\/ancora-nessuna-offerta-la-gestione-della-funivia-monteviasco\/1449903\/\">non ha suscitato interesse<\/a> da parte di operatoti privati (sei le manifestazioni di interesse all&#8217;azienda del Trasporto pubblico locale andate deserte) e quindi si \u00e8 arrivati al sopralluogo di oggi, venerd\u00ec 6 maggio con l&#8217;ipotesi esercito per la gestione sia pur temporanea della funivia che peraltro potr\u00e0 venir collaudata solo a posteriori, cio\u00e8 una volta individuato il gestore in grado di metterlo in funzione.<\/p>\n<p><span style=\"color: #0000ff;\"><strong>LA COMUNITA&#8217;:<\/strong><\/span> Nel mezzo, fra processi, iter e sopralluoghi c&#8217;\u00e8 una piccolissima comunit\u00e0 che si \u00e8 data da fare: vivere quass\u00f9, agli oltre mille metri delle montagne del Luinese dove si parla un dialetto strano e si vive a contatto stretto con la natura e i suoi elementi, non \u00e8 semplice, ma i residenti, oggi in tutto 7, finora ce l&#8217;hanno fatta. Hanno affrontato i mesi e gli anni del Covid, dell&#8217;isolamento estremo, le nevicate forti e la voglia di riscossa, con poche risorse, <a href=\"https:\/\/www.varesenews.it\/2020\/12\/lucia-la-donna-cambia-lacqua-ai-fiori-monteviasco\/1282005\/\">per rendere sempre il paese presentabile e accogliente<\/a>, un paradiso fatto di tetti di ardesia, legna e camini che fumano. A Monteviasco arriv\u00f2 l&#8217;anno scorso <a href=\"https:\/\/www.varesenews.it\/2021\/03\/monteviasco-residenti-tutti-vaccinati\/1316368\/\">in elicottero anche Guido Bertolaso<\/a> che proprio da qu\u00ec fece partire la campagna vaccinale: anche i questo caso gli abitanti di Monteviasco gli dimostrarono affetto e accoglienza, come viene fatto con ogni forestiero che chieda un&#8217;informazione o di scambiare solo poche parole. Habitu\u00e9, onnipresenti, camminatori e consumatori di caff\u00e8, ci sono <a href=\"https:\/\/www.varesenews.it\/2020\/04\/carabinieri-monteviasco-finiscono-sul-telegraph\/923422\/\">i carabinieri della stazioncina di Dumenza<\/a>\u00a0(compagnia Luino) che in un&#8217;ora di salita tirano fuori dallo zaino medicinali, spesa e qualche libro portati fin quass\u00f9 per i pochi residenti: il presidente della Repubblica <a href=\"https:\/\/www.varesenews.it\/video\/mattarella-elogia-carabinieri-monteviasco\/\">Sergio Mattarella<\/a> li cit\u00f2 in un discorso al Paese come esempio di dedizione al prossimo.<\/p>\n<hr \/>\n<p><a href=\"https:\/\/www.varesenews.it\/2021\/01\/la-vita-monteviasco-lontani-dal-mondo-nel-villaggio-innevato\/1297396\/\"><strong>LA VITA A MONTEVIASCO IL BORGO ISOLATO VIDEO REPORTAGE<\/strong><\/a><\/p>\n<p><iframe loading=\"lazy\" title=\"YouTube video player\" src=\"https:\/\/www.youtube.com\/embed\/007fpDrK3fM\" width=\"610\" height=\"343\" frameborder=\"0\" allowfullscreen=\"allowfullscreen\"><span data-mce-type=\"bookmark\" style=\"display: inline-block; width: 0px; overflow: hidden; line-height: 0;\" class=\"mce_SELRES_start\">\ufeff<\/span><\/iframe><\/p>\n","protected":false},"excerpt":{"rendered":"<p>La sindaca Nora Sahnane: \u201cAspettiamo entro una decina di giorni gli esiti delle valutazioni\u201c<\/p>\n","protected":false},"author":34,"featured_media":0,"comment_status":"open","ping_status":"open","sticky":false,"template":"","format":"standard","meta":{"footnotes":""},"categories":[2],"tags":[59764],"acf":[],"yoast_head":"<!-- This site is optimized with the Yoast SEO plugin v20.1 - https:\/\/yoast.com\/wordpress\/plugins\/seo\/ -->\n<title>Sopralluogo dell\u2019esercito alla funivia di Monteviasco: valutazioni in corso per la riattivazione dell&#039;impianto<\/title>\n<meta name=\"description\" content=\"La sindaca Nora Sahnane: \u201cAspettiamo entro una decina di giorni gli esiti delle valutazioni\u201c\" \/>\n<meta name=\"robots\" content=\"noindex, follow, max-snippet:-1, max-image-preview:large, max-video-preview:-1\" \/>\n<meta property=\"og:locale\" content=\"it_IT\" \/>\n<meta property=\"og:type\" content=\"article\" \/>\n<meta property=\"og:title\" content=\"Sopralluogo dell\u2019esercito alla funivia di Monteviasco: valutazioni in corso per la riattivazione dell&#039;impianto\" \/>\n<meta property=\"og:description\" content=\"La sindaca Nora Sahnane: \u201cAspettiamo entro una decina di giorni gli esiti delle valutazioni\u201c\" \/>\n<meta property=\"og:url\" content=\"https:\/\/staging.varesenews.it\/2022\/05\/sopralluogo-dellesercito-alla-funivia-monteviasco\/1459106\/\" \/>\n<meta property=\"og:site_name\" content=\"VareseNews\" \/>\n<meta property=\"article:publisher\" content=\"https:\/\/www.facebook.com\/varesenews\" \/>\n<meta property=\"article:author\" content=\"https:\/\/www.facebook.com\/andrea.camurani?fref=photo\" \/>\n<meta property=\"article:published_time\" content=\"2022-05-06T11:02:14+00:00\" \/>\n<meta property=\"article:modified_time\" content=\"2022-05-06T14:14:12+00:00\" \/>\n<meta name=\"author\" content=\"Andrea Camurani\" \/>\n<meta name=\"twitter:card\" content=\"summary_large_image\" \/>\n<meta name=\"twitter:creator\" content=\"@AndreaCamurani\" \/>\n<meta name=\"twitter:site\" content=\"@varesenews\" \/>\n<meta name=\"twitter:label1\" content=\"Scritto da\" \/>\n\t<meta name=\"twitter:data1\" content=\"Andrea Camurani\" \/>\n\t<meta name=\"twitter:label2\" content=\"Tempo di lettura stimato\" \/>\n\t<meta name=\"twitter:data2\" content=\"5 minuti\" \/>\n<script type=\"application\/ld+json\" class=\"yoast-schema-graph\">{\"@context\":\"https:\/\/schema.org\",\"@graph\":[{\"@type\":\"WebPage\",\"@id\":\"https:\/\/staging.varesenews.it\/2022\/05\/sopralluogo-dellesercito-alla-funivia-monteviasco\/1459106\/\",\"url\":\"https:\/\/staging.varesenews.it\/2022\/05\/sopralluogo-dellesercito-alla-funivia-monteviasco\/1459106\/\",\"name\":\"Sopralluogo dell\u2019esercito alla funivia di Monteviasco: valutazioni in corso per la riattivazione dell'impianto\",\"isPartOf\":{\"@id\":\"https:\/\/staging.varesenews.it\/#website\"},\"datePublished\":\"2022-05-06T11:02:14+00:00\",\"dateModified\":\"2022-05-06T14:14:12+00:00\",\"author\":{\"@id\":\"https:\/\/staging.varesenews.it\/#\/schema\/person\/3eb5832c6beae763de8d9596fdbe8c49\"},\"description\":\"La sindaca Nora Sahnane: \u201cAspettiamo entro una decina di giorni gli esiti delle valutazioni\u201c\",\"breadcrumb\":{\"@id\":\"https:\/\/staging.varesenews.it\/2022\/05\/sopralluogo-dellesercito-alla-funivia-monteviasco\/1459106\/#breadcrumb\"},\"inLanguage\":\"it-IT\",\"potentialAction\":[{\"@type\":\"ReadAction\",\"target\":[\"https:\/\/staging.varesenews.it\/2022\/05\/sopralluogo-dellesercito-alla-funivia-monteviasco\/1459106\/\"]}]},{\"@type\":\"BreadcrumbList\",\"@id\":\"https:\/\/staging.varesenews.it\/2022\/05\/sopralluogo-dellesercito-alla-funivia-monteviasco\/1459106\/#breadcrumb\",\"itemListElement\":[{\"@type\":\"ListItem\",\"position\":1,\"name\":\"Home\",\"item\":\"https:\/\/www.varesenews.it\/\"},{\"@type\":\"ListItem\",\"position\":2,\"name\":\"Sopralluogo dell\u2019esercito alla funivia di Monteviasco: valutazioni in corso per la riattivazione dell&#8217;impianto\"}]},{\"@type\":\"WebSite\",\"@id\":\"https:\/\/staging.varesenews.it\/#website\",\"url\":\"https:\/\/staging.varesenews.it\/\",\"name\":\"VareseNews\",\"description\":\"\",\"potentialAction\":[{\"@type\":\"SearchAction\",\"target\":{\"@type\":\"EntryPoint\",\"urlTemplate\":\"https:\/\/staging.varesenews.it\/?s={search_term_string}\"},\"query-input\":\"required name=search_term_string\"}],\"inLanguage\":\"it-IT\"},{\"@type\":\"Person\",\"@id\":\"https:\/\/staging.varesenews.it\/#\/schema\/person\/3eb5832c6beae763de8d9596fdbe8c49\",\"name\":\"Andrea Camurani\",\"image\":{\"@type\":\"ImageObject\",\"inLanguage\":\"it-IT\",\"@id\":\"https:\/\/staging.varesenews.it\/#\/schema\/person\/image\/\",\"url\":\"https:\/\/staging.varesenews.it\/wp-content\/uploads\/2020\/12\/andrea_camurani_colori_500.jpg\",\"contentUrl\":\"https:\/\/staging.varesenews.it\/wp-content\/uploads\/2020\/12\/andrea_camurani_colori_500.jpg\",\"caption\":\"Andrea Camurani\"},\"description\":\"Sono figlio degli anni Settanta e di Milano, dove ho imparato a riconoscere buoni e cattivi. Laurea in scienze politiche, lavoro a VareseNews dal 2000. Racconto quel che trovo quando incontro chi vuole lasciare al mondo un pezzetto di vita, che si chiama cronaca. &ldquo;...perch&eacute; &egrave; la gente il pi&ugrave; grande spettacolo del mondo. E non si paga il biglietto...&rdquo; (Charles Bukowsky)\",\"sameAs\":[\"https:\/\/www.facebook.com\/andrea.camurani?fref=photo\",\"andreacamurani\",\"https:\/\/www.linkedin.com\/hp\/?dnr=A9a84RfzsLdo9xg4NcGV4dLiMknoc9ms4WM\",\"https:\/\/twitter.com\/AndreaCamurani\"],\"url\":\"https:\/\/staging.varesenews.it\/persona\/andrea_camurani\/\"}]}<\/script>\n<!-- \/ Yoast SEO plugin. -->","yoast_head_json":{"title":"Sopralluogo dell\u2019esercito alla funivia di Monteviasco: valutazioni in corso per la riattivazione dell'impianto","description":"La sindaca Nora Sahnane: \u201cAspettiamo entro una decina di giorni gli esiti delle valutazioni\u201c","robots":{"index":"noindex","follow":"follow","max-snippet":"max-snippet:-1","max-image-preview":"max-image-preview:large","max-video-preview":"max-video-preview:-1"},"og_locale":"it_IT","og_type":"article","og_title":"Sopralluogo dell\u2019esercito alla funivia di Monteviasco: valutazioni in corso per la riattivazione dell'impianto","og_description":"La sindaca Nora Sahnane: \u201cAspettiamo entro una decina di giorni gli esiti delle valutazioni\u201c","og_url":"https:\/\/staging.varesenews.it\/2022\/05\/sopralluogo-dellesercito-alla-funivia-monteviasco\/1459106\/","og_site_name":"VareseNews","article_publisher":"https:\/\/www.facebook.com\/varesenews","article_author":"https:\/\/www.facebook.com\/andrea.camurani?fref=photo","article_published_time":"2022-05-06T11:02:14+00:00","article_modified_time":"2022-05-06T14:14:12+00:00","author":"Andrea Camurani","twitter_card":"summary_large_image","twitter_creator":"@AndreaCamurani","twitter_site":"@varesenews","twitter_misc":{"Scritto da":"Andrea Camurani","Tempo di lettura stimato":"5 minuti"},"schema":{"@context":"https:\/\/schema.org","@graph":[{"@type":"WebPage","@id":"https:\/\/staging.varesenews.it\/2022\/05\/sopralluogo-dellesercito-alla-funivia-monteviasco\/1459106\/","url":"https:\/\/staging.varesenews.it\/2022\/05\/sopralluogo-dellesercito-alla-funivia-monteviasco\/1459106\/","name":"Sopralluogo dell\u2019esercito alla funivia di Monteviasco: valutazioni in corso per la riattivazione dell'impianto","isPartOf":{"@id":"https:\/\/staging.varesenews.it\/#website"},"datePublished":"2022-05-06T11:02:14+00:00","dateModified":"2022-05-06T14:14:12+00:00","author":{"@id":"https:\/\/staging.varesenews.it\/#\/schema\/person\/3eb5832c6beae763de8d9596fdbe8c49"},"description":"La sindaca Nora Sahnane: \u201cAspettiamo entro una decina di giorni gli esiti delle valutazioni\u201c","breadcrumb":{"@id":"https:\/\/staging.varesenews.it\/2022\/05\/sopralluogo-dellesercito-alla-funivia-monteviasco\/1459106\/#breadcrumb"},"inLanguage":"it-IT","potentialAction":[{"@type":"ReadAction","target":["https:\/\/staging.varesenews.it\/2022\/05\/sopralluogo-dellesercito-alla-funivia-monteviasco\/1459106\/"]}]},{"@type":"BreadcrumbList","@id":"https:\/\/staging.varesenews.it\/2022\/05\/sopralluogo-dellesercito-alla-funivia-monteviasco\/1459106\/#breadcrumb","itemListElement":[{"@type":"ListItem","position":1,"name":"Home","item":"https:\/\/www.varesenews.it\/"},{"@type":"ListItem","position":2,"name":"Sopralluogo dell\u2019esercito alla funivia di Monteviasco: valutazioni in corso per la riattivazione dell&#8217;impianto"}]},{"@type":"WebSite","@id":"https:\/\/staging.varesenews.it\/#website","url":"https:\/\/staging.varesenews.it\/","name":"VareseNews","description":"","potentialAction":[{"@type":"SearchAction","target":{"@type":"EntryPoint","urlTemplate":"https:\/\/staging.varesenews.it\/?s={search_term_string}"},"query-input":"required name=search_term_string"}],"inLanguage":"it-IT"},{"@type":"Person","@id":"https:\/\/staging.varesenews.it\/#\/schema\/person\/3eb5832c6beae763de8d9596fdbe8c49","name":"Andrea Camurani","image":{"@type":"ImageObject","inLanguage":"it-IT","@id":"https:\/\/staging.varesenews.it\/#\/schema\/person\/image\/","url":"https:\/\/staging.varesenews.it\/wp-content\/uploads\/2020\/12\/andrea_camurani_colori_500.jpg","contentUrl":"https:\/\/staging.varesenews.it\/wp-content\/uploads\/2020\/12\/andrea_camurani_colori_500.jpg","caption":"Andrea Camurani"},"description":"Sono figlio degli anni Settanta e di Milano, dove ho imparato a riconoscere buoni e cattivi. Laurea in scienze politiche, lavoro a VareseNews dal 2000. Racconto quel che trovo quando incontro chi vuole lasciare al mondo un pezzetto di vita, che si chiama cronaca. &ldquo;...perch&eacute; &egrave; la gente il pi&ugrave; grande spettacolo del mondo. E non si paga il biglietto...&rdquo; (Charles Bukowsky)","sameAs":["https:\/\/www.facebook.com\/andrea.camurani?fref=photo","andreacamurani","https:\/\/www.linkedin.com\/hp\/?dnr=A9a84RfzsLdo9xg4NcGV4dLiMknoc9ms4WM","https:\/\/twitter.com\/AndreaCamurani"],"url":"https:\/\/staging.varesenews.it\/persona\/andrea_camurani\/"}]}},"post_meta":{"content-image-gallery":"","_edit_lock":"1651846345:52","_edit_last":"52","_category_permalink":"a:1:{s:8:\"category\";s:0:\"\";}","_encloseme":"1","ratings_users":"0","ratings_score":"0","ratings_average":"0","foto":"709403","id_leggi_anche":"1454798,1453071,1449903,1486445,1487805","firma-personalizzata":"a.c andrea.camurani@varesenews.it","evento-data-inizio":"1651788000","evento-data-fine":"1651788000","argomento":"Curiglia con Monteviasco","_yoast_wpseo_focuskw_text_input":"funivia monteviasco","_yoast_wpseo_focuskw":"funivia monteviasco","_yoast_wpseo_linkdex":"61","_yoast_wpseo_content_score":"30","_jd_tweet_this":"yes","_wpt_short_url":"https:\/\/www.varesenews.it\/2022\/05\/sopralluogo-dellesercito-alla-funivia-monteviasco\/1459106\/","_wp_jd_target":"https:\/\/www.varesenews.it\/2022\/05\/sopralluogo-dellesercito-alla-funivia-monteviasco\/1459106\/","_jd_wp_twitter":"a:1:{i:0;s:149:\"Sopralluogo dell\u2019esercito alla funivia di Monteviasco https:\/\/www.varesenews.it\/2022\/05\/sopralluogo-dellesercito-alla-funivia-monteviasco\/1459106\/ \";}","_wpt_status_message":"Tweet inviato con successo.","_oembed_014425a2d733566e8a0bc5390544c745":"<blockquote class=\"wp-embedded-content\" data-secret=\"LIxY8iLjNF\"><a href=\"https:\/\/www.legnanonews.com\/aree-geografiche\/legnano\/2022\/05\/05\/per-il-legnano-basket-ultimo-appuntamento-ad-alba-per-consolidare-il-4-posto\/1026017\/\">Per il Legnano Basket ultimo appuntamento ad Alba per consolidare il 4\u00b0 posto<\/a><\/blockquote><iframe class=\"wp-embedded-content\" sandbox=\"allow-scripts\" security=\"restricted\" style=\"position: absolute; clip: rect(1px, 1px, 1px, 1px);\" src=\"https:\/\/www.legnanonews.com\/aree-geografiche\/legnano\/2022\/05\/05\/per-il-legnano-basket-ultimo-appuntamento-ad-alba-per-consolidare-il-4-posto\/1026017\/embed\/#?secret=LIxY8iLjNF\" data-secret=\"LIxY8iLjNF\" width=\"500\" height=\"282\" title=\"&#8220;Per il Legnano Basket ultimo appuntamento ad Alba per consolidare il 4\u00b0 posto&#8221; &#8212; LegnanoNews\" frameborder=\"0\" marginwidth=\"0\" marginheight=\"0\" scrolling=\"no\"><\/iframe>","_oembed_time_014425a2d733566e8a0bc5390544c745":"1651835565","_oembed_a802fa675eac152ab1635147249bfbb0":"<blockquote class=\"wp-embedded-content\" data-secret=\"7rSTGgk89g\"><a href=\"https:\/\/www.varesenews.it\/2021\/09\/quattro-anni-quasi-raddoppiati-gli-incidenti-stradali-coi-cinghiali\/1383634\/\">In quattro anni quasi raddoppiati gli incidenti stradali coi cinghiali<\/a><\/blockquote><iframe class=\"wp-embedded-content\" sandbox=\"allow-scripts\" security=\"restricted\" style=\"position: absolute; clip: rect(1px, 1px, 1px, 1px);\" src=\"https:\/\/www.varesenews.it\/2021\/09\/quattro-anni-quasi-raddoppiati-gli-incidenti-stradali-coi-cinghiali\/1383634\/embed\/#?secret=7rSTGgk89g\" data-secret=\"7rSTGgk89g\" width=\"500\" height=\"282\" title=\"&#8220;In quattro anni quasi raddoppiati gli incidenti stradali coi cinghiali&#8221; &#8212; VareseNews\" frameborder=\"0\" marginwidth=\"0\" marginheight=\"0\" scrolling=\"no\"><\/iframe>","_oembed_time_a802fa675eac152ab1635147249bfbb0":"1651835566"},"photos":[{"original":"https:\/\/staging.varesenews.it\/photogallery_new\/images\/2018\/11\/funivia-monteviasco-709403.jpg","full":"https:\/\/staging.varesenews.it\/photogallery_new\/images\/2018\/11\/funivia-monteviasco-709403.1024x768.jpg","large":"https:\/\/staging.varesenews.it\/photogallery_new\/images\/2018\/11\/funivia-monteviasco-709403.610x431.jpg"}],"_links":{"self":[{"href":"https:\/\/staging.varesenews.it\/swgapi\/v1\/wp\/v2\/posts\/1459106"}],"collection":[{"href":"https:\/\/staging.varesenews.it\/swgapi\/v1\/wp\/v2\/posts"}],"about":[{"href":"https:\/\/staging.varesenews.it\/swgapi\/v1\/wp\/v2\/types\/post"}],"author":[{"embeddable":true,"href":"https:\/\/staging.varesenews.it\/swgapi\/v1\/wp\/v2\/users\/34"}],"replies":[{"embeddable":true,"href":"https:\/\/staging.varesenews.it\/swgapi\/v1\/wp\/v2\/comments?post=1459106"}],"version-history":[{"count":0,"href":"https:\/\/staging.varesenews.it\/swgapi\/v1\/wp\/v2\/posts\/1459106\/revisions"}],"wp:attachment":[{"href":"https:\/\/staging.varesenews.it\/swgapi\/v1\/wp\/v2\/media?parent=1459106"}],"wp:term":[{"taxonomy":"category","embeddable":true,"href":"https:\/\/staging.varesenews.it\/swgapi\/v1\/wp\/v2\/categories?post=1459106"},{"taxonomy":"post_tag","embeddable":true,"href":"https:\/\/staging.varesenews.it\/swgapi\/v1\/wp\/v2\/tags?post=1459106"}],"curies":[{"name":"wp","href":"https:\/\/api.w.org\/{rel}","templated":true}]}}