{"id":1462276,"date":"2022-05-14T16:10:06","date_gmt":"2022-05-14T14:10:06","guid":{"rendered":"https:\/\/www.varesenews.it\/?p=1462276"},"modified":"2022-05-14T17:27:44","modified_gmt":"2022-05-14T15:27:44","slug":"festa-biancorossa-varese-lacademy-trionfa-nella-legabasket-next-gen-cup","status":"publish","type":"post","link":"https:\/\/staging.varesenews.it\/2022\/05\/festa-biancorossa-varese-lacademy-trionfa-nella-legabasket-next-gen-cup\/1462276\/","title":{"rendered":"Festa biancorossa a Varese: l&#8217;Academy trionfa nella Legabasket Next Gen Cup"},"content":{"rendered":"<p>Una marcia trionfale senza apparenti ostacoli, una festa sul campo di casa, un pieno di fiducia verso il rush finale della stagione giovanile. <strong>L&#8217;Academy Varese solleva al cielo la Next Gen Cup<\/strong>, il trofeo dedicato alle squadre under 19 di Serie A, e lo fa al termine di un intero <strong>torneo giocato da dominatrice.<\/strong> Cinque vittorie tra il girone di Pesaro e le Final Four di Masnago, un <strong>oceanico 112-84<\/strong> inflitto in finale a Treviso dopo l&#8217;altrettanto netta vittoria su Cremona. E un nugolo di giocatori di cui prendere nota per il futuro in attesa di rivederli in campo nelle varie fasi finali dei campionati italiani.<\/p>\n<p>Sei, alla fine, i biancorossi in doppia cifra in una partita <strong>giocata per 35&#8242; a un ritmo da 120 punti<\/strong>, a dimostrazione di come i ragazzi di coach <strong>Stefano Bizzozi<\/strong> \u2013 un tecnico con esperienza da capo allenatore in Serie A abbiano <strong>letteralmente tritato gli avversari<\/strong>. E come gi\u00e0 detto per Cremona, i rivali non erano certamente dei carneadi: la Nutribullet ha in organico diversi ragazzi interessanti (a partire dal top scorer odierno, Leonardo <strong>Faggian, 29 punti<\/strong>) ma contro l&#8217;intensit\u00e0 difensiva di Varese e la facilit\u00e0 biancorossa nel fare canestro, anche la compagine veneta poco ha potuto.<\/p>\n<p>L&#8217;Academy, tra l&#8217;altro, non \u00e8 <strong>neppure al massimo del proprio potenziale<\/strong>, tra gli assenti per nazionale (gli argentini Villa e Marchiaro), gli infortunati (Bogunovic) e la necessit\u00e0 di gestire una serie di impegni importanti nei vari campionati affrontati da questo gruppo. Che ha avuto <strong>ottime cose dai \u201cprestiti\u201d<\/strong> (Cavallero, Marangoni, Mazzotti) ed \u00e8 stato capace di mettere <strong>in vetrina i propri ragazzi<\/strong> di punta. Se Librizzi e Virginio avevano dominato la semifinale, oggi <strong>i riflettori hanno illuminato la prova di Weilun Zhao<\/strong>, classe 2005 (compir\u00e0 gli anni a settembre), capace di infilare <strong>21 punti<\/strong> con un solo errore dal campo ma anche di danzare palla in mano e gestire alla perfezione i ritmi dell&#8217;attacco. Per lui il premio di MVP della finale che completa il \u201ccappotto biancorosso\u201d nella manifestazione voluta da Legabasket.<\/p>\n<p>Varese ha preso in mano il match fin dal principio trovando <strong>di volta in volta gli uomini pi\u00f9 caldi<\/strong>, pi\u00f9 liberi, pi\u00f9 precisi per fare canestro. E nel contempo ha <strong>stretto le maglie in difesa<\/strong> a sufficienza per far capire a Treviso che non ci sarebbe stata gara. Anche nel momento migliore degli ospiti \u2013 nel terzo quarto \u2013 Varese ha riacceso i reattori in tempo (con Librizzi determinante) e rimesso in linea la partita. Una <strong>prova di forza senza appello<\/strong> che ha consegnato ai giovani biancorossi un trofeo meritatissimo. <div class=\"photo-inside-post\"><img decoding=\"async\" loading=\"lazy\" fetchpriority=\"low\" width=\"610\" height=\"431\" src=\"https:\/\/staging.varesenews.it\/photogallery_new\/images\/2022\/05\/weilun-zhao-1302586.610x431.jpg\" alt=\"Weilun Zhao\"><\/div> Zhao premiato MVP<\/p>\n<p><strong>LA PARTITA<\/strong><\/p>\n<p><strong>Q1<\/strong> &#8211; Dopo un miglior avvio di Treviso, l&#8217;Academy piazza uno 0-11 di parziale con Filipovic subito bollente al tiro. Un primo strappo che non basta a spaventare la Nutribullet che risale sino al -1 in diverse occasioni anche se Varese (schiacciatona Virginio) tiene la tesa. Nel finale i biancorossi allungano con Librizzi, Cavallero e la tripla di Mazzotti che vale il <strong>17-25.<\/strong><br \/>\n<strong>Q2<\/strong> &#8211; E&#8217; per\u00f2 il secondo periodo quello della vera fuga che non nasce subito perch\u00e9 per qualche minuto c&#8217;\u00e8 un botta e risposta piuttosto fitto. Notevole l&#8217;impatto di Cavallero, 10 punti nel periodo, affiancato da Mazzotti e quindi da Zhao che taglia in due la difesa e trova punti anche da lontano. Nel giro di pochi minuti i veneti si ritrovano a -23 e vengono colpiti anche da Guimdo (da post e da 3). Tre liberi di Vettori e la schiacciata di Faggian a fil di sirena riportano il divario sotto i 20, <strong>40-61.<\/strong><br \/>\n<strong>Q3<\/strong> \u2013 Dopo la pausa la Nutribullet prova il tutto per tutto, si aggrappa a Faggian e nel giro di pochi minuti riesce, in modo inatteso, a riportare il divario sotto i dieci punti. Al -8 per\u00f2 riappare Matteo Librizzi: il play mette quattro punti consecutivi, Virginio aggiunge una tripla e Cane schiaccia in tap-in. In un amen il tabellone dice +15 Varese e da l\u00ec in poi non c\u00ec\u00e8 pi\u00f9 storia. Librizzi si congeda sul 66-88 dopo un&#8217;azione clamorosa (rubata, contropiede, canestro e fallo) e allora riparte Zhao che prima della sirena insacca con un numero il <strong>66-90.<\/strong><\/p>\n<p><strong>FINALE<\/strong><\/p>\n<p>L&#8217;intensit\u00e0 non cala nonostante il divario, e non cala nemmeno la produzione offensiva di Varese, dove Zhao macina difese e strappa applausi a scena aperta. Dopo meno di 3&#8242; il divario arriva a sfiorare i 30 punti. Quota 100 \u00e8 affare di Zhao che centra il titolo di miglior marcatore biancorosso e pure quello di MVP. Solo nei 5&#8242; finali l&#8217;uragano si placa tra gli applausi del pubblico di Masnago, felice di vedere i ragazzi di casa in trionfo. Termina <strong>112-84<\/strong> e mai pi\u00f9 risultato fu pi\u00f9 giusto.<\/p>\n<blockquote><p><strong>NUTRIBULLET TREVISO \u2013 ACADEMY VARESE PALLACANESTRO 84-112<br \/>\n<\/strong>(17-25, 40-61; 66-90)<\/p>\n<p><strong>TREVISO:<\/strong> Faggian 29 (9-11, 2-5), Vettori 14 (4-10, 1-6), Poser 8 (4-6, 0-4), Ronca 12 (2-3, 2-4), Martin (0-3, 0-1); Marin 2 (0-1 da 3), Tadiotto 2 (1-4), Torresani 12 (6-9, 0-2), De Marchi, Guidolon, Falqueto 5 (2-2, 0-1). All. Sfriso.<br \/>\n<strong>VARESE:<\/strong> Librizzi 15 (6-8), Filipovic 13 (3-4, 2-3), Marangoni (0-1), Virginio 13 (3-5, 2-10), Cane 7 (3-5); Cuttini, Cavallero 18 (8-11, 0-2), Tornatore, Guimdo 9 (3-5, 1-1), Mazzotti 14 (5-7, 1-2), Bongiovanni 2 (1-1), Zhao 21 (6-7, 2-2). All. Bizzozi.<\/p><\/blockquote>\n","protected":false},"excerpt":{"rendered":"<p>Davanti al pubblico amico la squadra di Stefano Bizzozi domina anche la finalissima: Treviso travolta 112-84. Il 16enne Zhao votato MVP della partita<\/p>\n","protected":false},"author":38,"featured_media":0,"comment_status":"open","ping_status":"open","sticky":false,"template":"","format":"standard","meta":{"footnotes":""},"categories":[14,2],"tags":[153,90869,96475],"acf":[],"yoast_head":"<!-- This site is optimized with the Yoast SEO plugin v20.1 - https:\/\/yoast.com\/wordpress\/plugins\/seo\/ -->\n<title>Festa biancorossa a Varese: l&#039;Academy trionfa nella Legabasket Next Gen Cup<\/title>\n<meta name=\"description\" content=\"Davanti al pubblico amico la squadra di Stefano Bizzozi domina anche la finalissima: Treviso travolta 112-84. Il 16enne Zhao votato MVP della partita\" \/>\n<meta name=\"robots\" content=\"noindex, follow, max-snippet:-1, max-image-preview:large, max-video-preview:-1\" \/>\n<meta property=\"og:locale\" content=\"it_IT\" \/>\n<meta property=\"og:type\" content=\"article\" \/>\n<meta property=\"og:title\" content=\"Festa biancorossa a Varese: l&#039;Academy trionfa nella Legabasket Next Gen Cup\" \/>\n<meta property=\"og:description\" content=\"Davanti al pubblico amico la squadra di Stefano Bizzozi domina anche la finalissima: Treviso travolta 112-84. Il 16enne Zhao votato MVP della partita\" \/>\n<meta property=\"og:url\" content=\"https:\/\/staging.varesenews.it\/2022\/05\/festa-biancorossa-varese-lacademy-trionfa-nella-legabasket-next-gen-cup\/1462276\/\" \/>\n<meta property=\"og:site_name\" content=\"VareseNews\" \/>\n<meta property=\"article:publisher\" content=\"https:\/\/www.facebook.com\/varesenews\" \/>\n<meta property=\"article:published_time\" content=\"2022-05-14T14:10:06+00:00\" \/>\n<meta property=\"article:modified_time\" content=\"2022-05-14T15:27:44+00:00\" \/>\n<meta name=\"author\" content=\"Damiano Franzetti\" \/>\n<meta name=\"twitter:card\" content=\"summary_large_image\" \/>\n<meta name=\"twitter:creator\" content=\"@damianofranz\" \/>\n<meta name=\"twitter:site\" content=\"@varesenews\" \/>\n<meta name=\"twitter:label1\" content=\"Scritto da\" \/>\n\t<meta name=\"twitter:data1\" content=\"Damiano Franzetti\" \/>\n\t<meta name=\"twitter:label2\" content=\"Tempo di lettura stimato\" \/>\n\t<meta name=\"twitter:data2\" content=\"4 minuti\" \/>\n<script type=\"application\/ld+json\" class=\"yoast-schema-graph\">{\"@context\":\"https:\/\/schema.org\",\"@graph\":[{\"@type\":\"WebPage\",\"@id\":\"https:\/\/staging.varesenews.it\/2022\/05\/festa-biancorossa-varese-lacademy-trionfa-nella-legabasket-next-gen-cup\/1462276\/\",\"url\":\"https:\/\/staging.varesenews.it\/2022\/05\/festa-biancorossa-varese-lacademy-trionfa-nella-legabasket-next-gen-cup\/1462276\/\",\"name\":\"Festa biancorossa a Varese: l'Academy trionfa nella Legabasket Next Gen Cup\",\"isPartOf\":{\"@id\":\"https:\/\/staging.varesenews.it\/#website\"},\"datePublished\":\"2022-05-14T14:10:06+00:00\",\"dateModified\":\"2022-05-14T15:27:44+00:00\",\"author\":{\"@id\":\"https:\/\/staging.varesenews.it\/#\/schema\/person\/709ae3769f6b4dbde8ec332baede8a5b\"},\"description\":\"Davanti al pubblico amico la squadra di Stefano Bizzozi domina anche la finalissima: Treviso travolta 112-84. Il 16enne Zhao votato MVP della partita\",\"breadcrumb\":{\"@id\":\"https:\/\/staging.varesenews.it\/2022\/05\/festa-biancorossa-varese-lacademy-trionfa-nella-legabasket-next-gen-cup\/1462276\/#breadcrumb\"},\"inLanguage\":\"it-IT\",\"potentialAction\":[{\"@type\":\"ReadAction\",\"target\":[\"https:\/\/staging.varesenews.it\/2022\/05\/festa-biancorossa-varese-lacademy-trionfa-nella-legabasket-next-gen-cup\/1462276\/\"]}]},{\"@type\":\"BreadcrumbList\",\"@id\":\"https:\/\/staging.varesenews.it\/2022\/05\/festa-biancorossa-varese-lacademy-trionfa-nella-legabasket-next-gen-cup\/1462276\/#breadcrumb\",\"itemListElement\":[{\"@type\":\"ListItem\",\"position\":1,\"name\":\"Home\",\"item\":\"https:\/\/www.varesenews.it\/\"},{\"@type\":\"ListItem\",\"position\":2,\"name\":\"Festa biancorossa a Varese: l&#8217;Academy trionfa nella Legabasket Next Gen Cup\"}]},{\"@type\":\"WebSite\",\"@id\":\"https:\/\/staging.varesenews.it\/#website\",\"url\":\"https:\/\/staging.varesenews.it\/\",\"name\":\"VareseNews\",\"description\":\"\",\"potentialAction\":[{\"@type\":\"SearchAction\",\"target\":{\"@type\":\"EntryPoint\",\"urlTemplate\":\"https:\/\/staging.varesenews.it\/?s={search_term_string}\"},\"query-input\":\"required name=search_term_string\"}],\"inLanguage\":\"it-IT\"},{\"@type\":\"Person\",\"@id\":\"https:\/\/staging.varesenews.it\/#\/schema\/person\/709ae3769f6b4dbde8ec332baede8a5b\",\"name\":\"Damiano Franzetti\",\"image\":{\"@type\":\"ImageObject\",\"inLanguage\":\"it-IT\",\"@id\":\"https:\/\/staging.varesenews.it\/#\/schema\/person\/image\/\",\"url\":\"https:\/\/staging.varesenews.it\/wp-content\/uploads\/2020\/12\/damiano_franzetti_colori_500.jpg\",\"contentUrl\":\"https:\/\/staging.varesenews.it\/wp-content\/uploads\/2020\/12\/damiano_franzetti_colori_500.jpg\",\"caption\":\"Damiano Franzetti\"},\"description\":\"Classe 1976, una laurea (nel cassetto) in scienze e tecnologie alimentari; sono giornalista professionista dal 2009 nato e cresciuto con VareseNews dove mi occupo soprattutto di sport ormai da vent&rsquo;anni. Inviato sui campi (sulle piste, sulle strade...), intervistatore, coordinatore e responsabile delle pagine sportive, mi ritaglio volentieri lo spazio per scrivere di birra sul blog Malto Gradimento. Ho seguito innumerevoli campionati di Serie A di basket, di serie B di calcio, due Mondiali di ciclismo, qualche Giro d&rsquo;;Italia e tanto altro ancora. Collaboro con Tuttosport e altre testate, mi diletto di social. Ho una moglie, un figlio, vivo nella mia Gemonio e ho purtroppo smesso con il basket giocato. &nbsp;\",\"sameAs\":[\"damianofranz\",\"https:\/\/www.linkedin.com\/profile\/view?id=241597124&trk=nav_responsive_tab_profile\",\"https:\/\/twitter.com\/damianofranz\"],\"url\":\"https:\/\/staging.varesenews.it\/persona\/damiano_franzetti-2\/\"}]}<\/script>\n<!-- \/ Yoast SEO plugin. -->","yoast_head_json":{"title":"Festa biancorossa a Varese: l'Academy trionfa nella Legabasket Next Gen Cup","description":"Davanti al pubblico amico la squadra di Stefano Bizzozi domina anche la finalissima: Treviso travolta 112-84. Il 16enne Zhao votato MVP della partita","robots":{"index":"noindex","follow":"follow","max-snippet":"max-snippet:-1","max-image-preview":"max-image-preview:large","max-video-preview":"max-video-preview:-1"},"og_locale":"it_IT","og_type":"article","og_title":"Festa biancorossa a Varese: l'Academy trionfa nella Legabasket Next Gen Cup","og_description":"Davanti al pubblico amico la squadra di Stefano Bizzozi domina anche la finalissima: Treviso travolta 112-84. Il 16enne Zhao votato MVP della partita","og_url":"https:\/\/staging.varesenews.it\/2022\/05\/festa-biancorossa-varese-lacademy-trionfa-nella-legabasket-next-gen-cup\/1462276\/","og_site_name":"VareseNews","article_publisher":"https:\/\/www.facebook.com\/varesenews","article_published_time":"2022-05-14T14:10:06+00:00","article_modified_time":"2022-05-14T15:27:44+00:00","author":"Damiano Franzetti","twitter_card":"summary_large_image","twitter_creator":"@damianofranz","twitter_site":"@varesenews","twitter_misc":{"Scritto da":"Damiano Franzetti","Tempo di lettura stimato":"4 minuti"},"schema":{"@context":"https:\/\/schema.org","@graph":[{"@type":"WebPage","@id":"https:\/\/staging.varesenews.it\/2022\/05\/festa-biancorossa-varese-lacademy-trionfa-nella-legabasket-next-gen-cup\/1462276\/","url":"https:\/\/staging.varesenews.it\/2022\/05\/festa-biancorossa-varese-lacademy-trionfa-nella-legabasket-next-gen-cup\/1462276\/","name":"Festa biancorossa a Varese: l'Academy trionfa nella Legabasket Next Gen Cup","isPartOf":{"@id":"https:\/\/staging.varesenews.it\/#website"},"datePublished":"2022-05-14T14:10:06+00:00","dateModified":"2022-05-14T15:27:44+00:00","author":{"@id":"https:\/\/staging.varesenews.it\/#\/schema\/person\/709ae3769f6b4dbde8ec332baede8a5b"},"description":"Davanti al pubblico amico la squadra di Stefano Bizzozi domina anche la finalissima: Treviso travolta 112-84. Il 16enne Zhao votato MVP della partita","breadcrumb":{"@id":"https:\/\/staging.varesenews.it\/2022\/05\/festa-biancorossa-varese-lacademy-trionfa-nella-legabasket-next-gen-cup\/1462276\/#breadcrumb"},"inLanguage":"it-IT","potentialAction":[{"@type":"ReadAction","target":["https:\/\/staging.varesenews.it\/2022\/05\/festa-biancorossa-varese-lacademy-trionfa-nella-legabasket-next-gen-cup\/1462276\/"]}]},{"@type":"BreadcrumbList","@id":"https:\/\/staging.varesenews.it\/2022\/05\/festa-biancorossa-varese-lacademy-trionfa-nella-legabasket-next-gen-cup\/1462276\/#breadcrumb","itemListElement":[{"@type":"ListItem","position":1,"name":"Home","item":"https:\/\/www.varesenews.it\/"},{"@type":"ListItem","position":2,"name":"Festa biancorossa a Varese: l&#8217;Academy trionfa nella Legabasket Next Gen Cup"}]},{"@type":"WebSite","@id":"https:\/\/staging.varesenews.it\/#website","url":"https:\/\/staging.varesenews.it\/","name":"VareseNews","description":"","potentialAction":[{"@type":"SearchAction","target":{"@type":"EntryPoint","urlTemplate":"https:\/\/staging.varesenews.it\/?s={search_term_string}"},"query-input":"required name=search_term_string"}],"inLanguage":"it-IT"},{"@type":"Person","@id":"https:\/\/staging.varesenews.it\/#\/schema\/person\/709ae3769f6b4dbde8ec332baede8a5b","name":"Damiano Franzetti","image":{"@type":"ImageObject","inLanguage":"it-IT","@id":"https:\/\/staging.varesenews.it\/#\/schema\/person\/image\/","url":"https:\/\/staging.varesenews.it\/wp-content\/uploads\/2020\/12\/damiano_franzetti_colori_500.jpg","contentUrl":"https:\/\/staging.varesenews.it\/wp-content\/uploads\/2020\/12\/damiano_franzetti_colori_500.jpg","caption":"Damiano Franzetti"},"description":"Classe 1976, una laurea (nel cassetto) in scienze e tecnologie alimentari; sono giornalista professionista dal 2009 nato e cresciuto con VareseNews dove mi occupo soprattutto di sport ormai da vent&rsquo;anni. Inviato sui campi (sulle piste, sulle strade...), intervistatore, coordinatore e responsabile delle pagine sportive, mi ritaglio volentieri lo spazio per scrivere di birra sul blog Malto Gradimento. Ho seguito innumerevoli campionati di Serie A di basket, di serie B di calcio, due Mondiali di ciclismo, qualche Giro d&rsquo;;Italia e tanto altro ancora. Collaboro con Tuttosport e altre testate, mi diletto di social. Ho una moglie, un figlio, vivo nella mia Gemonio e ho purtroppo smesso con il basket giocato. &nbsp;","sameAs":["damianofranz","https:\/\/www.linkedin.com\/profile\/view?id=241597124&trk=nav_responsive_tab_profile","https:\/\/twitter.com\/damianofranz"],"url":"https:\/\/staging.varesenews.it\/persona\/damiano_franzetti-2\/"}]}},"post_meta":{"content-image-gallery":"","_edit_lock":"1652544056:38","_edit_last":"38","_category_permalink":"a:1:{s:8:\"category\";s:2:\"14\";}","_encloseme":"1","ratings_users":"0","ratings_score":"0","ratings_average":"0","foto":"1302555","argomento":"Basket","_yoast_wpseo_focuskw_text_input":"Next Gen","_yoast_wpseo_focuskw":"Next Gen","_yoast_wpseo_linkdex":"66","_yoast_wpseo_content_score":"30","_jd_tweet_this":"yes","_wpt_short_url":"https:\/\/www.varesenews.it\/2022\/05\/festa-biancorossa-varese-lacademy-trionfa-nella-legabasket-next-gen-cup\/1462276\/","_wp_jd_target":"https:\/\/www.varesenews.it\/2022\/05\/festa-biancorossa-varese-lacademy-trionfa-nella-legabasket-next-gen-cup\/1462276\/","_jd_wp_twitter":"a:1:{i:0;s:215:\"Festa biancorossa a Varese: l\u2019Academy trionfa nella Legabasket Next Gen Cup https:\/\/www.varesenews.it\/2022\/05\/festa-biancorossa-varese-lacademy-trionfa-nella-legabasket-next-gen-cup\/1462276\/ #basket #lbanextgencup\";}","_wpt_status_message":"Tweet inviato con successo.","_oembed_b35d5b50b5004afb957f4158ab6cb037":"<blockquote class=\"wp-embedded-content\" data-secret=\"bcmVJYtmuF\"><a href=\"https:\/\/www.varesenews.it\/2022\/05\/lequazione-del-management-business-analytics-alla-liuc\/1460616\/\">L\u2019equazione del management. Il business analytics alla Liuc<\/a><\/blockquote><iframe class=\"wp-embedded-content\" sandbox=\"allow-scripts\" security=\"restricted\" style=\"position: absolute; clip: rect(1px, 1px, 1px, 1px);\" src=\"https:\/\/www.varesenews.it\/2022\/05\/lequazione-del-management-business-analytics-alla-liuc\/1460616\/embed\/#?secret=bcmVJYtmuF\" data-secret=\"bcmVJYtmuF\" width=\"500\" height=\"282\" title=\"&#8220;L\u2019equazione del management. Il business analytics alla Liuc&#8221; &#8212; VareseNews\" frameborder=\"0\" marginwidth=\"0\" marginheight=\"0\" scrolling=\"no\"><\/iframe>","_oembed_time_b35d5b50b5004afb957f4158ab6cb037":"1652537788","_oembed_791dfdc6abbe1d9fd51571dac978c3f8":"<blockquote class=\"wp-embedded-content\" data-secret=\"j9I1zZTufJ\"><a href=\"https:\/\/www.varesenews.it\/2018\/09\/chiedi-chi-erano-i-lehman\/749153\/\">Chiedi chi erano i Lehman<\/a><\/blockquote><iframe class=\"wp-embedded-content\" sandbox=\"allow-scripts\" security=\"restricted\" style=\"position: absolute; clip: rect(1px, 1px, 1px, 1px);\" src=\"https:\/\/www.varesenews.it\/2018\/09\/chiedi-chi-erano-i-lehman\/749153\/embed\/#?secret=j9I1zZTufJ\" data-secret=\"j9I1zZTufJ\" width=\"500\" height=\"282\" title=\"&#8220;Chiedi chi erano i Lehman&#8221; &#8212; VareseNews\" frameborder=\"0\" marginwidth=\"0\" marginheight=\"0\" scrolling=\"no\"><\/iframe>","_oembed_time_791dfdc6abbe1d9fd51571dac978c3f8":"1652537788","_oembed_aafd36b8d3c40707b111985691fcc0f2":"<blockquote class=\"wp-embedded-content\" data-secret=\"JaZuler1os\"><a href=\"https:\/\/www.varesenews.it\/2022\/05\/riflesso-del-lago-campo-estivo-sport-gioco-avventura\/1461336\/\">&#8220;Il Riflesso del Lago&#8221;, campo estivo tra sport, gioco e avventura<\/a><\/blockquote><iframe class=\"wp-embedded-content\" sandbox=\"allow-scripts\" security=\"restricted\" style=\"position: absolute; clip: rect(1px, 1px, 1px, 1px);\" src=\"https:\/\/www.varesenews.it\/2022\/05\/riflesso-del-lago-campo-estivo-sport-gioco-avventura\/1461336\/embed\/#?secret=JaZuler1os\" data-secret=\"JaZuler1os\" width=\"500\" height=\"282\" title=\"&#8220;&#8220;Il Riflesso del Lago&#8221;, campo estivo tra sport, gioco e avventura&#8221; &#8212; VareseNews\" frameborder=\"0\" marginwidth=\"0\" marginheight=\"0\" scrolling=\"no\"><\/iframe>","_oembed_time_aafd36b8d3c40707b111985691fcc0f2":"1652537788","_oembed_f3f0966885109f2c1d226b0c9ecc7b44":"<blockquote class=\"wp-embedded-content\" data-secret=\"OUeBorIpP9\"><a href=\"https:\/\/www.varesenews.it\/2022\/05\/smile-camp-al-palaborsani-castellanza\/1460774\/\">Smile Camp al PalaBorsani di Castellanza<\/a><\/blockquote><iframe class=\"wp-embedded-content\" sandbox=\"allow-scripts\" security=\"restricted\" style=\"position: absolute; clip: rect(1px, 1px, 1px, 1px);\" src=\"https:\/\/www.varesenews.it\/2022\/05\/smile-camp-al-palaborsani-castellanza\/1460774\/embed\/#?secret=OUeBorIpP9\" data-secret=\"OUeBorIpP9\" width=\"500\" height=\"282\" title=\"&#8220;Smile Camp al PalaBorsani di Castellanza&#8221; &#8212; VareseNews\" frameborder=\"0\" marginwidth=\"0\" marginheight=\"0\" scrolling=\"no\"><\/iframe>","_oembed_time_f3f0966885109f2c1d226b0c9ecc7b44":"1652537788","_oembed_822712482056c9f1afe5cb3dafd705c5":"<blockquote class=\"wp-embedded-content\" data-secret=\"W6FtQn7omf\"><a href=\"https:\/\/www.varesenews.it\/2022\/04\/yes-we-sports-summer-camp-cislago\/1452579\/\">L&#8217;estate a Cislago \u00e8 targata Yes We Sports Summer Camp<\/a><\/blockquote><iframe class=\"wp-embedded-content\" sandbox=\"allow-scripts\" security=\"restricted\" style=\"position: absolute; clip: rect(1px, 1px, 1px, 1px);\" src=\"https:\/\/www.varesenews.it\/2022\/04\/yes-we-sports-summer-camp-cislago\/1452579\/embed\/#?secret=W6FtQn7omf\" data-secret=\"W6FtQn7omf\" width=\"500\" height=\"282\" title=\"&#8220;L&#8217;estate a Cislago \u00e8 targata Yes We Sports Summer Camp&#8221; &#8212; VareseNews\" frameborder=\"0\" marginwidth=\"0\" marginheight=\"0\" scrolling=\"no\"><\/iframe>","_oembed_time_822712482056c9f1afe5cb3dafd705c5":"1652537788","_oembed_c9b1b4ad2343946c32da12fd3c8cba2d":"<blockquote class=\"wp-embedded-content\" data-secret=\"XEYZ8dzv4m\"><a href=\"https:\/\/www.varesenews.it\/2022\/05\/giocando-si-impara-lestate-2022-della-fondazione-consorzio-scuole-materne-gallarate\/1456405\/\">Giocando si impara. L&#8217;estate 2022 della Fondazione Consorzio Scuole Materne di Gallarate<\/a><\/blockquote><iframe class=\"wp-embedded-content\" sandbox=\"allow-scripts\" security=\"restricted\" style=\"position: absolute; clip: rect(1px, 1px, 1px, 1px);\" src=\"https:\/\/www.varesenews.it\/2022\/05\/giocando-si-impara-lestate-2022-della-fondazione-consorzio-scuole-materne-gallarate\/1456405\/embed\/#?secret=XEYZ8dzv4m\" data-secret=\"XEYZ8dzv4m\" width=\"500\" height=\"282\" title=\"&#8220;Giocando si impara. L&#8217;estate 2022 della Fondazione Consorzio Scuole Materne di Gallarate&#8221; &#8212; VareseNews\" frameborder=\"0\" marginwidth=\"0\" marginheight=\"0\" scrolling=\"no\"><\/iframe>","_oembed_time_c9b1b4ad2343946c32da12fd3c8cba2d":"1652537788","_oembed_db4fdc6c7bbdfbcde4cfd551075e646e":"<blockquote class=\"wp-embedded-content\" data-secret=\"O2dhDQE85E\"><a href=\"https:\/\/www.varesenews.it\/2022\/04\/state-la-proposta-lestate-gallarate-de-carmaleonte\/1454473\/\">E&#8230;state con noi, la proposta per l&#8217;estate a Gallarate de Il Carmaleonte<\/a><\/blockquote><iframe class=\"wp-embedded-content\" sandbox=\"allow-scripts\" security=\"restricted\" style=\"position: absolute; clip: rect(1px, 1px, 1px, 1px);\" src=\"https:\/\/www.varesenews.it\/2022\/04\/state-la-proposta-lestate-gallarate-de-carmaleonte\/1454473\/embed\/#?secret=O2dhDQE85E\" data-secret=\"O2dhDQE85E\" width=\"500\" height=\"282\" title=\"&#8220;E&#8230;state con noi, la proposta per l&#8217;estate a Gallarate de Il Carmaleonte&#8221; &#8212; VareseNews\" frameborder=\"0\" marginwidth=\"0\" marginheight=\"0\" scrolling=\"no\"><\/iframe>","_oembed_time_db4fdc6c7bbdfbcde4cfd551075e646e":"1652537788","_oembed_0082eff7209274d6878b2470438deb67":"<blockquote class=\"wp-embedded-content\" data-secret=\"NBpMDGu9FY\"><a href=\"https:\/\/www.varesenews.it\/2022\/04\/campo-estivo-gioca-bimbo-gallarate-2022\/1451140\/\">Campo Estivo Gioca Bimbo Gallarate<\/a><\/blockquote><iframe class=\"wp-embedded-content\" sandbox=\"allow-scripts\" security=\"restricted\" style=\"position: absolute; clip: rect(1px, 1px, 1px, 1px);\" src=\"https:\/\/www.varesenews.it\/2022\/04\/campo-estivo-gioca-bimbo-gallarate-2022\/1451140\/embed\/#?secret=NBpMDGu9FY\" data-secret=\"NBpMDGu9FY\" width=\"500\" height=\"282\" title=\"&#8220;Campo Estivo Gioca Bimbo Gallarate&#8221; &#8212; VareseNews\" frameborder=\"0\" marginwidth=\"0\" marginheight=\"0\" scrolling=\"no\"><\/iframe>","_oembed_time_0082eff7209274d6878b2470438deb67":"1652537789","_oembed_8d310ab489690a4623da72ad80c618f4":"<blockquote class=\"wp-embedded-content\" data-secret=\"35Xjnm8h2J\"><a href=\"https:\/\/www.varesenews.it\/2022\/04\/enjoy-camp-2022-allo-smash-x3-club-bellavista-gazzada\/1454493\/\">Enjoy Camp 2022 allo Smash X3 &#8211; Club Bellavista di Gazzada<\/a><\/blockquote><iframe class=\"wp-embedded-content\" sandbox=\"allow-scripts\" security=\"restricted\" style=\"position: absolute; clip: rect(1px, 1px, 1px, 1px);\" src=\"https:\/\/www.varesenews.it\/2022\/04\/enjoy-camp-2022-allo-smash-x3-club-bellavista-gazzada\/1454493\/embed\/#?secret=35Xjnm8h2J\" data-secret=\"35Xjnm8h2J\" width=\"500\" height=\"282\" title=\"&#8220;Enjoy Camp 2022 allo Smash X3 &#8211; Club Bellavista di Gazzada&#8221; &#8212; VareseNews\" frameborder=\"0\" marginwidth=\"0\" marginheight=\"0\" scrolling=\"no\"><\/iframe>","_oembed_time_8d310ab489690a4623da72ad80c618f4":"1652537789","_oembed_5d4538202d4630739ad4d3048401ba28":"<blockquote class=\"wp-embedded-content\" data-secret=\"h1EMXswx5B\"><a href=\"https:\/\/www.varesenews.it\/2022\/04\/aquamore-summer-camp-lestate-piu-bella-sempre-jerago-orago-2022\/1451218\/\">Aquamore Summer Camp. L&#8217;estate pi\u00f9 bella di sempre a Jerago con Orago<\/a><\/blockquote><iframe class=\"wp-embedded-content\" sandbox=\"allow-scripts\" security=\"restricted\" style=\"position: absolute; clip: rect(1px, 1px, 1px, 1px);\" src=\"https:\/\/www.varesenews.it\/2022\/04\/aquamore-summer-camp-lestate-piu-bella-sempre-jerago-orago-2022\/1451218\/embed\/#?secret=h1EMXswx5B\" data-secret=\"h1EMXswx5B\" width=\"500\" height=\"282\" title=\"&#8220;Aquamore Summer Camp. L&#8217;estate pi\u00f9 bella di sempre a Jerago con Orago&#8221; &#8212; VareseNews\" frameborder=\"0\" marginwidth=\"0\" marginheight=\"0\" scrolling=\"no\"><\/iframe>","_oembed_time_5d4538202d4630739ad4d3048401ba28":"1652537789","_oembed_0b00bd6dda4b0ff71ebad3cdb1b9d80e":"<blockquote class=\"wp-embedded-content\" data-secret=\"Baaf19BoXj\"><a href=\"https:\/\/www.varesenews.it\/2022\/05\/smile-camp-allidea-village-olgiate-olona\/1461684\/\">Smile Camp all&#8217;Idea Village di Olgiate Olona<\/a><\/blockquote><iframe class=\"wp-embedded-content\" sandbox=\"allow-scripts\" security=\"restricted\" style=\"position: absolute; clip: rect(1px, 1px, 1px, 1px);\" src=\"https:\/\/www.varesenews.it\/2022\/05\/smile-camp-allidea-village-olgiate-olona\/1461684\/embed\/#?secret=Baaf19BoXj\" data-secret=\"Baaf19BoXj\" width=\"500\" height=\"282\" title=\"&#8220;Smile Camp all&#8217;Idea Village di Olgiate Olona&#8221; &#8212; VareseNews\" frameborder=\"0\" marginwidth=\"0\" marginheight=\"0\" scrolling=\"no\"><\/iframe>","_oembed_time_0b00bd6dda4b0ff71ebad3cdb1b9d80e":"1652537789","_oembed_8208fe7f7810c75f2853fb9473f6005b":"<blockquote class=\"wp-embedded-content\" data-secret=\"ATcotUJR63\"><a href=\"https:\/\/www.varesenews.it\/2022\/05\/smile-soccer-camp-rescaldina-olgiate-olona\/1461698\/\">Smile Soccer Camp a Rescaldina e Olgiate Olona<\/a><\/blockquote><iframe class=\"wp-embedded-content\" sandbox=\"allow-scripts\" security=\"restricted\" style=\"position: absolute; clip: rect(1px, 1px, 1px, 1px);\" src=\"https:\/\/www.varesenews.it\/2022\/05\/smile-soccer-camp-rescaldina-olgiate-olona\/1461698\/embed\/#?secret=ATcotUJR63\" data-secret=\"ATcotUJR63\" width=\"500\" height=\"282\" title=\"&#8220;Smile Soccer Camp a Rescaldina e Olgiate Olona&#8221; &#8212; VareseNews\" frameborder=\"0\" marginwidth=\"0\" marginheight=\"0\" scrolling=\"no\"><\/iframe>","_oembed_time_8208fe7f7810c75f2853fb9473f6005b":"1652537789","_oembed_bd99b9cd0accf451a127a0205232937f":"<blockquote class=\"wp-embedded-content\" data-secret=\"Xfg50uRhC4\"><a href=\"https:\/\/www.varesenews.it\/2022\/04\/cerbis-camp-multisport-porto-ceresio-2022\/1451153\/\">Cerbis Camp multisport a Porto Ceresio<\/a><\/blockquote><iframe class=\"wp-embedded-content\" sandbox=\"allow-scripts\" security=\"restricted\" style=\"position: absolute; clip: rect(1px, 1px, 1px, 1px);\" src=\"https:\/\/www.varesenews.it\/2022\/04\/cerbis-camp-multisport-porto-ceresio-2022\/1451153\/embed\/#?secret=Xfg50uRhC4\" data-secret=\"Xfg50uRhC4\" width=\"500\" height=\"282\" title=\"&#8220;Cerbis Camp multisport a Porto Ceresio&#8221; &#8212; VareseNews\" frameborder=\"0\" marginwidth=\"0\" marginheight=\"0\" scrolling=\"no\"><\/iframe>","_oembed_time_bd99b9cd0accf451a127a0205232937f":"1652537789","_oembed_3ee8c67e16ed85d164026849d8264752":"<blockquote class=\"wp-embedded-content\" data-secret=\"nvhYNrJGRp\"><a href=\"https:\/\/www.varesenews.it\/2022\/05\/smile-camp-allo-sport-center-melzi-rescaldina\/1461691\/\">Smile Camp allo Sport+ Center Melzi di Rescaldina<\/a><\/blockquote><iframe class=\"wp-embedded-content\" sandbox=\"allow-scripts\" security=\"restricted\" style=\"position: absolute; clip: rect(1px, 1px, 1px, 1px);\" src=\"https:\/\/www.varesenews.it\/2022\/05\/smile-camp-allo-sport-center-melzi-rescaldina\/1461691\/embed\/#?secret=nvhYNrJGRp\" data-secret=\"nvhYNrJGRp\" width=\"500\" height=\"282\" title=\"&#8220;Smile Camp allo Sport+ Center Melzi di Rescaldina&#8221; &#8212; VareseNews\" frameborder=\"0\" marginwidth=\"0\" marginheight=\"0\" scrolling=\"no\"><\/iframe>","_oembed_time_3ee8c67e16ed85d164026849d8264752":"1652537789","_oembed_80c9025f7acdf96aede885f818b81902":"<blockquote class=\"wp-embedded-content\" data-secret=\"TRLddNeBH4\"><a href=\"https:\/\/www.varesenews.it\/2022\/05\/smile-camp-allo-sport-center-malerba-san-vittore-olona\/1461689\/\">Smile Camp allo Sport+ Center Malerba di San Vittore Olona<\/a><\/blockquote><iframe class=\"wp-embedded-content\" sandbox=\"allow-scripts\" security=\"restricted\" style=\"position: absolute; clip: rect(1px, 1px, 1px, 1px);\" src=\"https:\/\/www.varesenews.it\/2022\/05\/smile-camp-allo-sport-center-malerba-san-vittore-olona\/1461689\/embed\/#?secret=TRLddNeBH4\" data-secret=\"TRLddNeBH4\" width=\"500\" height=\"282\" title=\"&#8220;Smile Camp allo Sport+ Center Malerba di San Vittore Olona&#8221; &#8212; VareseNews\" frameborder=\"0\" marginwidth=\"0\" marginheight=\"0\" scrolling=\"no\"><\/iframe>","_oembed_time_80c9025f7acdf96aede885f818b81902":"1652537789","_oembed_0d7e3cbf837e5b45772193b1e8552d35":"<blockquote class=\"wp-embedded-content\" data-secret=\"jQmdifV9GA\"><a href=\"https:\/\/www.varesenews.it\/2022\/04\/summer-camp-allo-sporting-club-saronno-2022\/1451203\/\">Summer Camp allo Sporting Club Saronno<\/a><\/blockquote><iframe class=\"wp-embedded-content\" sandbox=\"allow-scripts\" security=\"restricted\" style=\"position: absolute; clip: rect(1px, 1px, 1px, 1px);\" src=\"https:\/\/www.varesenews.it\/2022\/04\/summer-camp-allo-sporting-club-saronno-2022\/1451203\/embed\/#?secret=jQmdifV9GA\" data-secret=\"jQmdifV9GA\" width=\"500\" height=\"282\" title=\"&#8220;Summer Camp allo Sporting Club Saronno&#8221; &#8212; VareseNews\" frameborder=\"0\" marginwidth=\"0\" marginheight=\"0\" scrolling=\"no\"><\/iframe>","_oembed_time_0d7e3cbf837e5b45772193b1e8552d35":"1652537789","_oembed_302c939388121dde9e7624b1a880a09d":"<blockquote class=\"wp-embedded-content\" data-secret=\"yDDGkV2Vzw\"><a href=\"https:\/\/www.varesenews.it\/2022\/04\/volandia-junior-camp-e-teen-camp\/1455147\/\">L&#8217;estate targata Volandia avvicina bambini e ragazzi al mondo dell\u2019aeronautica<\/a><\/blockquote><iframe class=\"wp-embedded-content\" sandbox=\"allow-scripts\" security=\"restricted\" style=\"position: absolute; clip: rect(1px, 1px, 1px, 1px);\" src=\"https:\/\/www.varesenews.it\/2022\/04\/volandia-junior-camp-e-teen-camp\/1455147\/embed\/#?secret=yDDGkV2Vzw\" data-secret=\"yDDGkV2Vzw\" width=\"500\" height=\"282\" title=\"&#8220;L&#8217;estate targata Volandia avvicina bambini e ragazzi al mondo dell\u2019aeronautica&#8221; &#8212; VareseNews\" frameborder=\"0\" marginwidth=\"0\" marginheight=\"0\" scrolling=\"no\"><\/iframe>","_oembed_time_302c939388121dde9e7624b1a880a09d":"1652537789","_oembed_8771c4a5dd70c7869eb9c1c888c20278":"<blockquote class=\"wp-embedded-content\" data-secret=\"LDvUrxG8kg\"><a href=\"https:\/\/www.varesenews.it\/2022\/05\/due-campi-estivi-nellestate-erdis-coop-varese\/1461355\/\">Due campi estivi nell&#8217;estate Erdis Coop a Varese<\/a><\/blockquote><iframe class=\"wp-embedded-content\" sandbox=\"allow-scripts\" security=\"restricted\" style=\"position: absolute; clip: rect(1px, 1px, 1px, 1px);\" src=\"https:\/\/www.varesenews.it\/2022\/05\/due-campi-estivi-nellestate-erdis-coop-varese\/1461355\/embed\/#?secret=LDvUrxG8kg\" data-secret=\"LDvUrxG8kg\" width=\"500\" height=\"282\" title=\"&#8220;Due campi estivi nell&#8217;estate Erdis Coop a Varese&#8221; &#8212; VareseNews\" frameborder=\"0\" marginwidth=\"0\" marginheight=\"0\" scrolling=\"no\"><\/iframe>","_oembed_time_8771c4a5dd70c7869eb9c1c888c20278":"1652537789","_oembed_3a44f66430f29e1315d3f8112ede5997":"<blockquote class=\"wp-embedded-content\" data-secret=\"N9O5LpP1xO\"><a href=\"https:\/\/www.varesenews.it\/2022\/04\/campus-estivo-alla-scuderia-garzonera-horses-yard-asd-vergiate\/1456015\/\">Campus estivo alla Scuderia Garzonera Horses Yard asd di Vergiate<\/a><\/blockquote><iframe class=\"wp-embedded-content\" sandbox=\"allow-scripts\" security=\"restricted\" style=\"position: absolute; clip: rect(1px, 1px, 1px, 1px);\" src=\"https:\/\/www.varesenews.it\/2022\/04\/campus-estivo-alla-scuderia-garzonera-horses-yard-asd-vergiate\/1456015\/embed\/#?secret=N9O5LpP1xO\" data-secret=\"N9O5LpP1xO\" width=\"500\" height=\"282\" title=\"&#8220;Campus estivo alla Scuderia Garzonera Horses Yard asd di Vergiate&#8221; &#8212; VareseNews\" frameborder=\"0\" marginwidth=\"0\" marginheight=\"0\" scrolling=\"no\"><\/iframe>","_oembed_time_3a44f66430f29e1315d3f8112ede5997":"1652537789","_oembed_bc5ceb399528b7de9130271aa3c51010":"<blockquote class=\"wp-embedded-content\" data-secret=\"MYoZcHJ55I\"><a href=\"https:\/\/www.varesenews.it\/2022\/05\/sacchetti-summer-camp-campo-estivo-basket-divertimento\/1458488\/\">Sacchetti Summer Camp, il campo estivo di basket e divertimento<\/a><\/blockquote><iframe class=\"wp-embedded-content\" sandbox=\"allow-scripts\" security=\"restricted\" style=\"position: absolute; clip: rect(1px, 1px, 1px, 1px);\" src=\"https:\/\/www.varesenews.it\/2022\/05\/sacchetti-summer-camp-campo-estivo-basket-divertimento\/1458488\/embed\/#?secret=MYoZcHJ55I\" data-secret=\"MYoZcHJ55I\" width=\"500\" height=\"282\" title=\"&#8220;Sacchetti Summer Camp, il campo estivo di basket e divertimento&#8221; &#8212; VareseNews\" frameborder=\"0\" marginwidth=\"0\" marginheight=\"0\" scrolling=\"no\"><\/iframe>","_oembed_time_bc5ceb399528b7de9130271aa3c51010":"1652537789","_oembed_ebad2e4a80f9d4439c891f1d18b81426":"<blockquote class=\"wp-embedded-content\" data-secret=\"vMZX1trD7A\"><a href=\"https:\/\/www.varesenews.it\/2022\/05\/misano-camp-unestate-sole-mare-sport\/1461308\/\">Misano Camp: un&#8217;estate tra sole, mare e sport<\/a><\/blockquote><iframe class=\"wp-embedded-content\" sandbox=\"allow-scripts\" security=\"restricted\" style=\"position: absolute; clip: rect(1px, 1px, 1px, 1px);\" src=\"https:\/\/www.varesenews.it\/2022\/05\/misano-camp-unestate-sole-mare-sport\/1461308\/embed\/#?secret=vMZX1trD7A\" data-secret=\"vMZX1trD7A\" width=\"500\" height=\"282\" title=\"&#8220;Misano Camp: un&#8217;estate tra sole, mare e sport&#8221; &#8212; VareseNews\" frameborder=\"0\" marginwidth=\"0\" marginheight=\"0\" scrolling=\"no\"><\/iframe>","_oembed_time_ebad2e4a80f9d4439c891f1d18b81426":"1652537789","_oembed_eee8b26e01d41624a1201db880d31e41":"<blockquote class=\"wp-embedded-content\" data-secret=\"ZW5zyautnK\"><a href=\"https:\/\/www.legnanonews.com\/cronaca\/2022\/04\/09\/spaccio-nei-boschi-a-rescaldina-una-equipe-socio-sanitaria-a-supporto-della-marginalita\/1022223\/\">Spaccio nei boschi: a Rescaldina una equipe socio-sanitaria a supporto della marginalit\u00e0<\/a><\/blockquote><iframe class=\"wp-embedded-content\" sandbox=\"allow-scripts\" security=\"restricted\" style=\"position: absolute; clip: rect(1px, 1px, 1px, 1px);\" src=\"https:\/\/www.legnanonews.com\/cronaca\/2022\/04\/09\/spaccio-nei-boschi-a-rescaldina-una-equipe-socio-sanitaria-a-supporto-della-marginalita\/1022223\/embed\/#?secret=ZW5zyautnK\" data-secret=\"ZW5zyautnK\" width=\"500\" height=\"282\" title=\"&#8220;Spaccio nei boschi: a Rescaldina una equipe socio-sanitaria a supporto della marginalit\u00e0&#8221; &#8212; LegnanoNews\" frameborder=\"0\" marginwidth=\"0\" marginheight=\"0\" scrolling=\"no\"><\/iframe>","_oembed_time_eee8b26e01d41624a1201db880d31e41":"1652537789","_oembed_5637eb1c054a9410365c781aa7f02dda":"<blockquote class=\"wp-embedded-content\" data-secret=\"r8XDwoK73V\"><a href=\"https:\/\/www.varesenews.it\/2022\/05\/copia-di-eventi-per-bambini-nel-weekend-dal-6-all8-maggio-tra-varese-e-provincia\/1461765\/\">Eventi per bambini nel weekend del 13, 14 e 15 maggio tra Varese e provincia<\/a><\/blockquote><iframe class=\"wp-embedded-content\" sandbox=\"allow-scripts\" security=\"restricted\" style=\"position: absolute; clip: rect(1px, 1px, 1px, 1px);\" src=\"https:\/\/www.varesenews.it\/2022\/05\/copia-di-eventi-per-bambini-nel-weekend-dal-6-all8-maggio-tra-varese-e-provincia\/1461765\/embed\/#?secret=r8XDwoK73V\" data-secret=\"r8XDwoK73V\" width=\"500\" height=\"282\" title=\"&#8220;Eventi per bambini nel weekend del 13, 14 e 15 maggio tra Varese e provincia&#8221; &#8212; VareseNews\" frameborder=\"0\" marginwidth=\"0\" marginheight=\"0\" scrolling=\"no\"><\/iframe>","_oembed_time_5637eb1c054a9410365c781aa7f02dda":"1652537790","_oembed_949e01553c4bf8187c22c270dc3b95d5":"<blockquote class=\"wp-embedded-content\" data-secret=\"4RJZ2sFlFr\"><a href=\"https:\/\/www.verbanonews.it\/aree-geografiche\/lago-maggiore\/2022\/05\/13\/cosa-fare-nel-weekend-del-67-e-8-maggio-sul-lago-maggiore\/943494\/\">Cosa fare nel weekend del 13, 14 e 15 maggio sul Lago Maggiore<\/a><\/blockquote><iframe class=\"wp-embedded-content\" sandbox=\"allow-scripts\" security=\"restricted\" style=\"position: absolute; clip: rect(1px, 1px, 1px, 1px);\" src=\"https:\/\/www.verbanonews.it\/aree-geografiche\/lago-maggiore\/2022\/05\/13\/cosa-fare-nel-weekend-del-67-e-8-maggio-sul-lago-maggiore\/943494\/embed\/#?secret=4RJZ2sFlFr\" data-secret=\"4RJZ2sFlFr\" width=\"500\" height=\"282\" title=\"&#8220;Cosa fare nel weekend del 13, 14 e 15 maggio sul Lago Maggiore&#8221; &#8212; VerbanoNews\" frameborder=\"0\" marginwidth=\"0\" marginheight=\"0\" scrolling=\"no\"><\/iframe>","_oembed_time_949e01553c4bf8187c22c270dc3b95d5":"1652537793","_oembed_586cdbc53df79cc39f75c3385c0d79fd":"<blockquote class=\"wp-embedded-content\" data-secret=\"gH4aP1h2VX\"><a href=\"https:\/\/www.varesenews.it\/2021\/12\/castelseprio-batteva-moneta-ai-tempi-dei-longobardi\/1408862\/\">Quando Castelseprio batteva moneta, ai tempi dei longobardi<\/a><\/blockquote><iframe class=\"wp-embedded-content\" sandbox=\"allow-scripts\" security=\"restricted\" style=\"position: absolute; clip: rect(1px, 1px, 1px, 1px);\" src=\"https:\/\/www.varesenews.it\/2021\/12\/castelseprio-batteva-moneta-ai-tempi-dei-longobardi\/1408862\/embed\/#?secret=gH4aP1h2VX\" data-secret=\"gH4aP1h2VX\" width=\"500\" height=\"282\" title=\"&#8220;Quando Castelseprio batteva moneta, ai tempi dei longobardi&#8221; &#8212; VareseNews\" frameborder=\"0\" marginwidth=\"0\" marginheight=\"0\" scrolling=\"no\"><\/iframe>","_oembed_time_586cdbc53df79cc39f75c3385c0d79fd":"1652537979","_oembed_7936ea289fe802ccd9a5419ab181e6e9":"<blockquote class=\"wp-embedded-content\" data-secret=\"cquIUFtW8y\"><a href=\"https:\/\/www.varesenews.it\/2012\/06\/un-operaio-scatta-la-foto-a-manigunda-il-fantasma-del-monastero\/86053\/\">Un operaio scatta la foto a Manigunda, il fantasma del Monastero<\/a><\/blockquote><iframe class=\"wp-embedded-content\" sandbox=\"allow-scripts\" security=\"restricted\" style=\"position: absolute; clip: rect(1px, 1px, 1px, 1px);\" src=\"https:\/\/www.varesenews.it\/2012\/06\/un-operaio-scatta-la-foto-a-manigunda-il-fantasma-del-monastero\/86053\/embed\/#?secret=cquIUFtW8y\" data-secret=\"cquIUFtW8y\" width=\"500\" height=\"282\" title=\"&#8220;Un operaio scatta la foto a Manigunda, il fantasma del Monastero&#8221; &#8212; VareseNews\" frameborder=\"0\" marginwidth=\"0\" marginheight=\"0\" scrolling=\"no\"><\/iframe>","_oembed_time_7936ea289fe802ccd9a5419ab181e6e9":"1652537979","_oembed_6049b2966ff000df5180e8afd3e612f3":"<iframe width=\"500\" height=\"281\" src=\"https:\/\/www.youtube.com\/embed\/XenGQhmgPRE?start=75&feature=oembed\" frameborder=\"0\" allow=\"accelerometer; autoplay; clipboard-write; encrypted-media; gyroscope; picture-in-picture\" allowfullscreen><\/iframe>","_oembed_time_6049b2966ff000df5180e8afd3e612f3":"1652537979","_oembed_32457e8a2a78d0f8b87a0d8d6be12467":"<iframe width=\"500\" height=\"281\" src=\"https:\/\/www.youtube.com\/embed\/NIZ3KBeedlQ?feature=oembed\" frameborder=\"0\" allow=\"accelerometer; autoplay; clipboard-write; encrypted-media; gyroscope; picture-in-picture\" allowfullscreen><\/iframe>","_oembed_time_32457e8a2a78d0f8b87a0d8d6be12467":"1652537980","_oembed_1bd3956aac6b03962d725014883c8fe5":"<iframe width=\"500\" height=\"281\" src=\"https:\/\/www.youtube.com\/embed\/WVXw4rAas_0?feature=oembed\" frameborder=\"0\" allow=\"accelerometer; autoplay; clipboard-write; encrypted-media; gyroscope; picture-in-picture\" allowfullscreen><\/iframe>","_oembed_time_1bd3956aac6b03962d725014883c8fe5":"1652537980","_oembed_4c832a7ac9c61d97924838eaf0f2f306":"<blockquote class=\"wp-embedded-content\" data-secret=\"fdlUNW7jv5\"><a href=\"https:\/\/www.verbanonews.it\/canali-tematici\/lavoro-2\/2022\/05\/13\/i-frontalieri-chiedono-chiarezza-sullassegno-unico-cosi-ci-penalizza\/943701\/\">I frontalieri chiedono chiarezza sull&#8217;assegno unico: &#8220;Cos\u00ec ci penalizza&#8221;<\/a><\/blockquote><iframe class=\"wp-embedded-content\" sandbox=\"allow-scripts\" security=\"restricted\" style=\"position: absolute; clip: rect(1px, 1px, 1px, 1px);\" src=\"https:\/\/www.verbanonews.it\/canali-tematici\/lavoro-2\/2022\/05\/13\/i-frontalieri-chiedono-chiarezza-sullassegno-unico-cosi-ci-penalizza\/943701\/embed\/#?secret=fdlUNW7jv5\" data-secret=\"fdlUNW7jv5\" width=\"500\" height=\"282\" title=\"&#8220;I frontalieri chiedono chiarezza sull&#8217;assegno unico: &#8220;Cos\u00ec ci penalizza&#8221;&#8221; &#8212; VerbanoNews\" frameborder=\"0\" marginwidth=\"0\" marginheight=\"0\" scrolling=\"no\"><\/iframe>","_oembed_time_4c832a7ac9c61d97924838eaf0f2f306":"1652538123","_oembed_0ebdf143518837a42d8eb327a12162bd":"<blockquote class=\"wp-embedded-content\" data-secret=\"vrKV4A2tYw\"><a href=\"https:\/\/www.varesenews.it\/2022\/05\/whirlpool-rivede-la-sua-strategia-europa-sindacato-chiarisca-subito-vuole-lasciare\/1459152\/\">Whirlpool rivede la sua strategia in Europa. Il sindacato: &#8220;Chiarisca subito se vuole lasciare&#8221;<\/a><\/blockquote><iframe class=\"wp-embedded-content\" sandbox=\"allow-scripts\" security=\"restricted\" style=\"position: absolute; clip: rect(1px, 1px, 1px, 1px);\" src=\"https:\/\/www.varesenews.it\/2022\/05\/whirlpool-rivede-la-sua-strategia-europa-sindacato-chiarisca-subito-vuole-lasciare\/1459152\/embed\/#?secret=vrKV4A2tYw\" data-secret=\"vrKV4A2tYw\" width=\"500\" height=\"282\" title=\"&#8220;Whirlpool rivede la sua strategia in Europa. Il sindacato: &#8220;Chiarisca subito se vuole lasciare&#8221;&#8221; &#8212; VareseNews\" frameborder=\"0\" marginwidth=\"0\" marginheight=\"0\" scrolling=\"no\"><\/iframe>","_oembed_time_0ebdf143518837a42d8eb327a12162bd":"1652538123","_oembed_2449858dc5b64dd74d45f727de0cd7c8":"<blockquote class=\"wp-embedded-content\" data-secret=\"IDCyttunto\"><a href=\"https:\/\/www.varesenews.it\/2022\/05\/ferno-verso-le-elezioni-tour-elettorale-varesenews\/1458793\/\">Ferno verso le elezioni: il tour elettorale di Varesenews<\/a><\/blockquote><iframe class=\"wp-embedded-content\" sandbox=\"allow-scripts\" security=\"restricted\" style=\"position: absolute; clip: rect(1px, 1px, 1px, 1px);\" src=\"https:\/\/www.varesenews.it\/2022\/05\/ferno-verso-le-elezioni-tour-elettorale-varesenews\/1458793\/embed\/#?secret=IDCyttunto\" data-secret=\"IDCyttunto\" width=\"500\" height=\"282\" title=\"&#8220;Ferno verso le elezioni: il tour elettorale di Varesenews&#8221; &#8212; VareseNews\" frameborder=\"0\" marginwidth=\"0\" marginheight=\"0\" scrolling=\"no\"><\/iframe>","_oembed_time_2449858dc5b64dd74d45f727de0cd7c8":"1652538123","_oembed_89023a76cc2db479f01c178c29c5ac4e":"{{unknown}}","_oembed_375d0c83dd508523ce0f6c3b1ac2920f":"<iframe width=\"500\" height=\"281\" src=\"https:\/\/www.youtube.com\/embed\/RzyB6xDmiZ8?feature=oembed\" frameborder=\"0\" allow=\"accelerometer; autoplay; clipboard-write; encrypted-media; gyroscope; picture-in-picture\" allowfullscreen><\/iframe>","_oembed_time_375d0c83dd508523ce0f6c3b1ac2920f":"1652538649","_oembed_ccff1f6cedbfe3afe3c4eaa3fc16e9d0":"<blockquote class=\"wp-embedded-content\" data-secret=\"lWPh8oUkwL\"><a href=\"https:\/\/www.varesenews.it\/2022\/05\/quasi-75mila-frontalieri-canton-ticino\/1457613\/\">Quasi 75mila frontalieri in Canton Ticino<\/a><\/blockquote><iframe class=\"wp-embedded-content\" sandbox=\"allow-scripts\" security=\"restricted\" style=\"position: absolute; clip: rect(1px, 1px, 1px, 1px);\" src=\"https:\/\/www.varesenews.it\/2022\/05\/quasi-75mila-frontalieri-canton-ticino\/1457613\/embed\/#?secret=lWPh8oUkwL\" data-secret=\"lWPh8oUkwL\" width=\"500\" height=\"282\" title=\"&#8220;Quasi 75mila frontalieri in Canton Ticino&#8221; &#8212; VareseNews\" frameborder=\"0\" marginwidth=\"0\" marginheight=\"0\" scrolling=\"no\"><\/iframe>","_oembed_time_ccff1f6cedbfe3afe3c4eaa3fc16e9d0":"1652538649","youtube_id":"lBuxDVZwITA"},"photos":[{"original":"https:\/\/staging.varesenews.it\/photogallery_new\/images\/2022\/05\/next-gen-cup-2022-1302555.jpg","full":"https:\/\/staging.varesenews.it\/photogallery_new\/images\/2022\/05\/next-gen-cup-2022-1302555.1024x768.jpg","large":"https:\/\/staging.varesenews.it\/photogallery_new\/images\/2022\/05\/next-gen-cup-2022-1302555.610x431.jpg"}],"_links":{"self":[{"href":"https:\/\/staging.varesenews.it\/swgapi\/v1\/wp\/v2\/posts\/1462276"}],"collection":[{"href":"https:\/\/staging.varesenews.it\/swgapi\/v1\/wp\/v2\/posts"}],"about":[{"href":"https:\/\/staging.varesenews.it\/swgapi\/v1\/wp\/v2\/types\/post"}],"author":[{"embeddable":true,"href":"https:\/\/staging.varesenews.it\/swgapi\/v1\/wp\/v2\/users\/38"}],"replies":[{"embeddable":true,"href":"https:\/\/staging.varesenews.it\/swgapi\/v1\/wp\/v2\/comments?post=1462276"}],"version-history":[{"count":0,"href":"https:\/\/staging.varesenews.it\/swgapi\/v1\/wp\/v2\/posts\/1462276\/revisions"}],"wp:attachment":[{"href":"https:\/\/staging.varesenews.it\/swgapi\/v1\/wp\/v2\/media?parent=1462276"}],"wp:term":[{"taxonomy":"category","embeddable":true,"href":"https:\/\/staging.varesenews.it\/swgapi\/v1\/wp\/v2\/categories?post=1462276"},{"taxonomy":"post_tag","embeddable":true,"href":"https:\/\/staging.varesenews.it\/swgapi\/v1\/wp\/v2\/tags?post=1462276"}],"curies":[{"name":"wp","href":"https:\/\/api.w.org\/{rel}","templated":true}]}}