{"id":1462464,"date":"2022-05-15T18:11:51","date_gmt":"2022-05-15T16:11:51","guid":{"rendered":"https:\/\/www.varesenews.it\/?p=1462464"},"modified":"2022-05-15T18:11:51","modified_gmt":"2022-05-15T16:11:51","slug":"pronto-bellinzona-beatles-days","status":"publish","type":"post","link":"https:\/\/staging.varesenews.it\/2022\/05\/pronto-bellinzona-beatles-days\/1462464\/","title":{"rendered":"Tutto pronto per i Bellinzona Beatles Days"},"content":{"rendered":"<p>Tutto \u00e8 pronto per i <strong>Bellinzona Beatles Days<\/strong> che, dopo due anni di assenza, tornano con una scintillante edizione giubilare in programma <strong>da gioved\u00ec 19 a sabato 21 maggio<\/strong>. Quella che infatti andr\u00e0 in scena nella tradizionale cornice di Piazza del Sole sar\u00e0 infatti l\u2019edizione numero venti di una kermesse che, nata quasi per gioco nel 2001 si \u00e8 progressivamente ampliata e sviluppata diventando uno dei principali eventi musicali del Cantone nonch\u00e9 una rassegna di portata internazionale per le sua doppia e pressoch\u00e9 unica formula. Da un lato la celebrazione dei mito dei Beatles, autentica icona musicale del XX secolo, dall\u2019altra la valorizzazione e il recupero dei gruppi e\/o artisti che hanno fatto grande la musica pop-rock durante l\u2019ultimo mezzo secolo.<\/p>\n<p>Una doppia anima che verr\u00e0 riproposta anche questa settimana con l\u2019obiettivo puntato, oltre che sui \u201cFab Four\u201d sulla musica italiana. \u201cStar\u201d della rassegna saranno infatti due autentici pilastri della penisola.<\/p>\n<p><strong>Gioved\u00ec 19 maggio<\/strong> sul palco di Piazza del Sole salir\u00e0 infatti \u2013 grazie ad una collaborazione tra gli organizzatori della Fondazione del Patriziato e la sezione bellinzonese della Croce Verde che nell\u2019occasione festeggia il suo centenario di attivit\u00e0 \u2013 Donato \u201cDodi\u201d Battaglia, chitarrista, cantante e compositore di quella che \u00e8 stata per mezzo secolo la principale formazione italiana pop-rock, i Pooh, la cui storia, fatta di successi indimenticabili e di traguardi discografici difficilmente eguagliabili (oltre 100 milioni di dischi venduti) verr\u00e0 ripercorsa in uno show in cui Battaglia avr\u00e0 modo di mostrare quel suo talento virtuosistico valsogli in un paio di occasioni il titolo di \u201cmiglior chitarrista europeo\u201d.<\/p>\n<p><strong>Venerd\u00ec 20 maggio<\/strong>, dopo un\u2019apertura di serata affidata a Dj Kiko e ai Gambl3rs, sar\u00e0 la volta degli Extra, supergruppo formato da alcuni ex componenti di prestigiose band quali i New Trolls, l\u2019Equipe 84, i Gens ecc.. guidati dalla storica e graffiante voce della PFM Bernardo Lanzetti, la scena sar\u00e0 tutta per la band pi\u00f9 rappresentativa del rock progressivo italiano, il Banco del Mutuo Soccorso che arriva a Bellinzona per l\u2019unica tappa non italiana del mini-tour per il cinquantennale dei suoi primi due dischi, Banco Del Mutuo Soccorso (noto anche come \u201cIl salvadanaio\u201d per l\u2019originale forma della sua copertina) e Darwin che, uscito a pochi mesi di distanza, si impose a livello europeo come uno dei pi\u00f9 originali e innovativi concept-album della scena \u201cprog\u201d.<\/p>\n<p><strong>Sabato 21 maggio<\/strong> i Beatles Days chiuderanno la loro festa con un gigantesco e originalissimo tributo al quartetto di Liverpool dapprima con l\u2019esibizione di due band, The White Wings e Instant Karma che rileggeranno i repertori solistici dei due leader de gruppo, Paul McCartney e John Lennon, e successivamente con la tappa conclusiva di Magical Mystery Story, lo spettacolo musicale pi\u00f9 applaudito della primavera italiana, che ha collezionato una lunghissima serie di \u201csold out\u201d nei principali teatri della Penisola e che ripercorre, tra canzoni e narrazione, accompagnato da spettacolari effetti scenografici e visivi, l\u2019intera parabola dell\u2019avventura beatlesiana dai primi passi al Cavern di Liverpool, ai successi americani e planetari, alla complessa ma artisticamente ricchissima ultima fase, tra psichedelia e innovazione. Ad accompagnare il pubblico in questo viaggio quella che viene considerata la miglior tribute-band beatlesiana in Europa, The Beatbox e un narratore d\u2019eccezione, lo storico giornalista e conduttore tv italiano Carlo Massarini.<\/p>\n<p>L\u2019ingresso alle tra serate dei Bellinzona Beatles Day 2022 \u00e8 gratuito. Prima e durante tutti i concerti sar\u00e0 in funzione un ricco servizio gastronomico. Informazione su www.beatlesdays.ch<\/p>\n","protected":false},"excerpt":{"rendered":"<p>La kermesse torna in una scintillante edizione da da gioved\u00ec 19 a domenica 21 maggio con tanti appuntamenti <\/p>\n","protected":false},"author":32,"featured_media":0,"comment_status":"open","ping_status":"open","sticky":false,"template":"","format":"aside","meta":{"footnotes":""},"categories":[8,20,21],"tags":[123536],"acf":[],"yoast_head":"<!-- This site is optimized with the Yoast SEO plugin v20.1 - https:\/\/yoast.com\/wordpress\/plugins\/seo\/ -->\n<title>Tutto pronto per i Bellinzona Beatles Days<\/title>\n<meta name=\"description\" content=\"La kermesse torna in una scintillante edizione da da gioved\u00ec 19 a domenica 21 maggio con tanti appuntamenti\" \/>\n<meta name=\"robots\" content=\"noindex, follow, max-snippet:-1, max-image-preview:large, max-video-preview:-1\" \/>\n<meta property=\"og:locale\" content=\"it_IT\" \/>\n<meta property=\"og:type\" content=\"article\" \/>\n<meta property=\"og:title\" content=\"Tutto pronto per i Bellinzona Beatles Days\" \/>\n<meta property=\"og:description\" content=\"La kermesse torna in una scintillante edizione da da gioved\u00ec 19 a domenica 21 maggio con tanti appuntamenti\" \/>\n<meta property=\"og:url\" content=\"https:\/\/staging.varesenews.it\/2022\/05\/pronto-bellinzona-beatles-days\/1462464\/\" \/>\n<meta property=\"og:site_name\" content=\"VareseNews\" \/>\n<meta property=\"article:publisher\" content=\"https:\/\/www.facebook.com\/varesenews\" \/>\n<meta property=\"article:published_time\" content=\"2022-05-15T16:11:51+00:00\" \/>\n<meta name=\"author\" content=\"Adelia Brigo\" \/>\n<meta name=\"twitter:card\" content=\"summary_large_image\" \/>\n<meta name=\"twitter:creator\" content=\"@AdeliaBrigo\" \/>\n<meta name=\"twitter:site\" content=\"@varesenews\" \/>\n<meta name=\"twitter:label1\" content=\"Scritto da\" \/>\n\t<meta name=\"twitter:data1\" content=\"Adelia Brigo\" \/>\n\t<meta name=\"twitter:label2\" content=\"Tempo di lettura stimato\" \/>\n\t<meta name=\"twitter:data2\" content=\"3 minuti\" \/>\n<script type=\"application\/ld+json\" class=\"yoast-schema-graph\">{\"@context\":\"https:\/\/schema.org\",\"@graph\":[{\"@type\":\"WebPage\",\"@id\":\"https:\/\/staging.varesenews.it\/2022\/05\/pronto-bellinzona-beatles-days\/1462464\/\",\"url\":\"https:\/\/staging.varesenews.it\/2022\/05\/pronto-bellinzona-beatles-days\/1462464\/\",\"name\":\"Tutto pronto per i Bellinzona Beatles Days\",\"isPartOf\":{\"@id\":\"https:\/\/staging.varesenews.it\/#website\"},\"datePublished\":\"2022-05-15T16:11:51+00:00\",\"dateModified\":\"2022-05-15T16:11:51+00:00\",\"author\":{\"@id\":\"https:\/\/staging.varesenews.it\/#\/schema\/person\/272ac0f5b2dbfd572218c2d86e013f1a\"},\"description\":\"La kermesse torna in una scintillante edizione da da gioved\u00ec 19 a domenica 21 maggio con tanti appuntamenti\",\"breadcrumb\":{\"@id\":\"https:\/\/staging.varesenews.it\/2022\/05\/pronto-bellinzona-beatles-days\/1462464\/#breadcrumb\"},\"inLanguage\":\"it-IT\",\"potentialAction\":[{\"@type\":\"ReadAction\",\"target\":[\"https:\/\/staging.varesenews.it\/2022\/05\/pronto-bellinzona-beatles-days\/1462464\/\"]}]},{\"@type\":\"BreadcrumbList\",\"@id\":\"https:\/\/staging.varesenews.it\/2022\/05\/pronto-bellinzona-beatles-days\/1462464\/#breadcrumb\",\"itemListElement\":[{\"@type\":\"ListItem\",\"position\":1,\"name\":\"Home\",\"item\":\"https:\/\/www.varesenews.it\/\"},{\"@type\":\"ListItem\",\"position\":2,\"name\":\"Tutto pronto per i Bellinzona Beatles Days\"}]},{\"@type\":\"WebSite\",\"@id\":\"https:\/\/staging.varesenews.it\/#website\",\"url\":\"https:\/\/staging.varesenews.it\/\",\"name\":\"VareseNews\",\"description\":\"\",\"potentialAction\":[{\"@type\":\"SearchAction\",\"target\":{\"@type\":\"EntryPoint\",\"urlTemplate\":\"https:\/\/staging.varesenews.it\/?s={search_term_string}\"},\"query-input\":\"required name=search_term_string\"}],\"inLanguage\":\"it-IT\"},{\"@type\":\"Person\",\"@id\":\"https:\/\/staging.varesenews.it\/#\/schema\/person\/272ac0f5b2dbfd572218c2d86e013f1a\",\"name\":\"Adelia Brigo\",\"image\":{\"@type\":\"ImageObject\",\"inLanguage\":\"it-IT\",\"@id\":\"https:\/\/staging.varesenews.it\/#\/schema\/person\/image\/\",\"url\":\"https:\/\/staging.varesenews.it\/wp-content\/uploads\/2020\/12\/adelia_brigo_colori_500.jpg\",\"contentUrl\":\"https:\/\/staging.varesenews.it\/wp-content\/uploads\/2020\/12\/adelia_brigo_colori_500.jpg\",\"caption\":\"Adelia Brigo\"},\"description\":\"Giornalista pubblicista, lavoro a VareseNews dal 2007 e mi occupo di cronaca locale e del settore dedicato alla cultura. In questi anni ho seguito diversi progetti di comunicazione, amo sperimentare strategie per i Social Network e raccontare storie. Varesina, classe 1984, sono laureata in Scienze della Comunicazione.&nbsp;\",\"sameAs\":[\"AdeliaBrigo\",\"https:\/\/twitter.com\/AdeliaBrigo\"],\"url\":\"https:\/\/staging.varesenews.it\/persona\/adelia_brigo\/\"}]}<\/script>\n<!-- \/ Yoast SEO plugin. -->","yoast_head_json":{"title":"Tutto pronto per i Bellinzona Beatles Days","description":"La kermesse torna in una scintillante edizione da da gioved\u00ec 19 a domenica 21 maggio con tanti appuntamenti","robots":{"index":"noindex","follow":"follow","max-snippet":"max-snippet:-1","max-image-preview":"max-image-preview:large","max-video-preview":"max-video-preview:-1"},"og_locale":"it_IT","og_type":"article","og_title":"Tutto pronto per i Bellinzona Beatles Days","og_description":"La kermesse torna in una scintillante edizione da da gioved\u00ec 19 a domenica 21 maggio con tanti appuntamenti","og_url":"https:\/\/staging.varesenews.it\/2022\/05\/pronto-bellinzona-beatles-days\/1462464\/","og_site_name":"VareseNews","article_publisher":"https:\/\/www.facebook.com\/varesenews","article_published_time":"2022-05-15T16:11:51+00:00","author":"Adelia Brigo","twitter_card":"summary_large_image","twitter_creator":"@AdeliaBrigo","twitter_site":"@varesenews","twitter_misc":{"Scritto da":"Adelia Brigo","Tempo di lettura stimato":"3 minuti"},"schema":{"@context":"https:\/\/schema.org","@graph":[{"@type":"WebPage","@id":"https:\/\/staging.varesenews.it\/2022\/05\/pronto-bellinzona-beatles-days\/1462464\/","url":"https:\/\/staging.varesenews.it\/2022\/05\/pronto-bellinzona-beatles-days\/1462464\/","name":"Tutto pronto per i Bellinzona Beatles Days","isPartOf":{"@id":"https:\/\/staging.varesenews.it\/#website"},"datePublished":"2022-05-15T16:11:51+00:00","dateModified":"2022-05-15T16:11:51+00:00","author":{"@id":"https:\/\/staging.varesenews.it\/#\/schema\/person\/272ac0f5b2dbfd572218c2d86e013f1a"},"description":"La kermesse torna in una scintillante edizione da da gioved\u00ec 19 a domenica 21 maggio con tanti appuntamenti","breadcrumb":{"@id":"https:\/\/staging.varesenews.it\/2022\/05\/pronto-bellinzona-beatles-days\/1462464\/#breadcrumb"},"inLanguage":"it-IT","potentialAction":[{"@type":"ReadAction","target":["https:\/\/staging.varesenews.it\/2022\/05\/pronto-bellinzona-beatles-days\/1462464\/"]}]},{"@type":"BreadcrumbList","@id":"https:\/\/staging.varesenews.it\/2022\/05\/pronto-bellinzona-beatles-days\/1462464\/#breadcrumb","itemListElement":[{"@type":"ListItem","position":1,"name":"Home","item":"https:\/\/www.varesenews.it\/"},{"@type":"ListItem","position":2,"name":"Tutto pronto per i Bellinzona Beatles Days"}]},{"@type":"WebSite","@id":"https:\/\/staging.varesenews.it\/#website","url":"https:\/\/staging.varesenews.it\/","name":"VareseNews","description":"","potentialAction":[{"@type":"SearchAction","target":{"@type":"EntryPoint","urlTemplate":"https:\/\/staging.varesenews.it\/?s={search_term_string}"},"query-input":"required name=search_term_string"}],"inLanguage":"it-IT"},{"@type":"Person","@id":"https:\/\/staging.varesenews.it\/#\/schema\/person\/272ac0f5b2dbfd572218c2d86e013f1a","name":"Adelia Brigo","image":{"@type":"ImageObject","inLanguage":"it-IT","@id":"https:\/\/staging.varesenews.it\/#\/schema\/person\/image\/","url":"https:\/\/staging.varesenews.it\/wp-content\/uploads\/2020\/12\/adelia_brigo_colori_500.jpg","contentUrl":"https:\/\/staging.varesenews.it\/wp-content\/uploads\/2020\/12\/adelia_brigo_colori_500.jpg","caption":"Adelia Brigo"},"description":"Giornalista pubblicista, lavoro a VareseNews dal 2007 e mi occupo di cronaca locale e del settore dedicato alla cultura. In questi anni ho seguito diversi progetti di comunicazione, amo sperimentare strategie per i Social Network e raccontare storie. Varesina, classe 1984, sono laureata in Scienze della Comunicazione.&nbsp;","sameAs":["AdeliaBrigo","https:\/\/twitter.com\/AdeliaBrigo"],"url":"https:\/\/staging.varesenews.it\/persona\/adelia_brigo\/"}]}},"post_meta":{"content-image-gallery":"","_edit_lock":"1652630983:32","_edit_last":"32","_category_permalink":"a:1:{s:8:\"category\";s:0:\"\";}","_encloseme":"1","ratings_users":"0","ratings_score":"0","ratings_average":"0","foto":"1292245","firma_come_redazione":"1","evento-location":"1462467","evento-data-inizio":"1652911200","evento-data-fine":"1653084000","evento-price":"Gratuito","argomento":"Bellinzona","_yoast_wpseo_focuskw_text_input":"beatles","_yoast_wpseo_focuskw":"beatles","_yoast_wpseo_linkdex":"62","_yoast_wpseo_content_score":"30","_jd_tweet_this":"yes","_wpt_short_url":"https:\/\/www.varesenews.it\/2022\/05\/pronto-bellinzona-beatles-days\/1462464\/","_wp_jd_target":"https:\/\/www.varesenews.it\/2022\/05\/pronto-bellinzona-beatles-days\/1462464\/","_jd_wp_twitter":"a:1:{i:0;s:131:\"Tutto pronto per i Bellinzona Beatles Days https:\/\/www.varesenews.it\/2022\/05\/pronto-bellinzona-beatles-days\/1462464\/ #piazzadelsole\";}","_wpt_status_message":"Tweet inviato con successo."},"photos":[{"original":"https:\/\/staging.varesenews.it\/photogallery_new\/images\/2022\/04\/teatro-di-varese-stagione-2021-2022-1292245.jpg","full":"https:\/\/staging.varesenews.it\/photogallery_new\/images\/2022\/04\/teatro-di-varese-stagione-2021-2022-1292245.1024x768.jpg","large":"https:\/\/staging.varesenews.it\/photogallery_new\/images\/2022\/04\/teatro-di-varese-stagione-2021-2022-1292245.610x431.jpg"}],"_links":{"self":[{"href":"https:\/\/staging.varesenews.it\/swgapi\/v1\/wp\/v2\/posts\/1462464"}],"collection":[{"href":"https:\/\/staging.varesenews.it\/swgapi\/v1\/wp\/v2\/posts"}],"about":[{"href":"https:\/\/staging.varesenews.it\/swgapi\/v1\/wp\/v2\/types\/post"}],"author":[{"embeddable":true,"href":"https:\/\/staging.varesenews.it\/swgapi\/v1\/wp\/v2\/users\/32"}],"replies":[{"embeddable":true,"href":"https:\/\/staging.varesenews.it\/swgapi\/v1\/wp\/v2\/comments?post=1462464"}],"version-history":[{"count":0,"href":"https:\/\/staging.varesenews.it\/swgapi\/v1\/wp\/v2\/posts\/1462464\/revisions"}],"wp:attachment":[{"href":"https:\/\/staging.varesenews.it\/swgapi\/v1\/wp\/v2\/media?parent=1462464"}],"wp:term":[{"taxonomy":"category","embeddable":true,"href":"https:\/\/staging.varesenews.it\/swgapi\/v1\/wp\/v2\/categories?post=1462464"},{"taxonomy":"post_tag","embeddable":true,"href":"https:\/\/staging.varesenews.it\/swgapi\/v1\/wp\/v2\/tags?post=1462464"}],"curies":[{"name":"wp","href":"https:\/\/api.w.org\/{rel}","templated":true}]}}