{"id":1463243,"date":"2022-05-17T12:41:15","date_gmt":"2022-05-17T10:41:15","guid":{"rendered":"https:\/\/www.varesenews.it\/?p=1463243"},"modified":"2022-05-17T12:42:04","modified_gmt":"2022-05-17T10:42:04","slug":"tenta-far-cadere-un-amico-dalla-finestra-varese","status":"publish","type":"post","link":"https:\/\/staging.varesenews.it\/2022\/05\/tenta-far-cadere-un-amico-dalla-finestra-varese\/1463243\/","title":{"rendered":"Tenta di far cadere un amico dalla finestra a Varese"},"content":{"rendered":"<p><strong>Trentacinque anni e completamente ubriaco<\/strong>: esce da casa nonostante il regime di detenzione domiciliare. Qualcuno chiama la polizia, ma nel frattempo risale in casa, <strong>litiga con un convivente e tenta di buttarlo dalla finestra.<\/strong><\/p>\n<p>\u00c8 successo a Varese nel fine settimana quando <strong>nei guai \u00e8 finito uno straniero gi\u00e0 finito di recente dinanzi al giudice che aveva disposto la misura detentiva nella sua abitazione<\/strong>. All\u2019arrivo della polizia l\u2019uomo ha dato in escandescenze ed ha <strong>aggredito gli operanti delle volanti che hanno fatto scattare l\u2019arresto anche per resistenza a pubblico ufficiale<\/strong>, misura convalidata nella giornata di luned\u00ec.<\/p>\n<p>Per le altre accuse finir\u00e0 di fronte al giudice per le indagini preliminari, difeso dall\u2019avvocato Simona Bettiati.<\/p>\n","protected":false},"excerpt":{"rendered":"<p>Il fatto nel fine settimana: all\u2019arrivo delle Volanti l\u2019uomo ha opposto resistenza. L\u2019accusa \u00e8 di tentato omicidio<\/p>\n","protected":false},"author":39,"featured_media":0,"comment_status":"open","ping_status":"open","sticky":false,"template":"","format":"standard","meta":{"footnotes":""},"categories":[2],"tags":[1421,3080],"acf":[],"yoast_head":"<!-- This site is optimized with the Yoast SEO plugin v20.1 - https:\/\/yoast.com\/wordpress\/plugins\/seo\/ -->\n<title>Tenta di far cadere un amico dalla finestra a Varese<\/title>\n<meta name=\"description\" content=\"Il fatto nel fine settimana: all\u2019arrivo delle Volanti l\u2019uomo ha opposto resistenza. L\u2019accusa \u00e8 di tentato omicidio\" \/>\n<meta name=\"robots\" content=\"noindex, follow, max-snippet:-1, max-image-preview:large, max-video-preview:-1\" \/>\n<meta property=\"og:locale\" content=\"it_IT\" \/>\n<meta property=\"og:type\" content=\"article\" \/>\n<meta property=\"og:title\" content=\"Tenta di far cadere un amico dalla finestra a Varese\" \/>\n<meta property=\"og:description\" content=\"Il fatto nel fine settimana: all\u2019arrivo delle Volanti l\u2019uomo ha opposto resistenza. L\u2019accusa \u00e8 di tentato omicidio\" \/>\n<meta property=\"og:url\" content=\"https:\/\/staging.varesenews.it\/2022\/05\/tenta-far-cadere-un-amico-dalla-finestra-varese\/1463243\/\" \/>\n<meta property=\"og:site_name\" content=\"VareseNews\" \/>\n<meta property=\"article:publisher\" content=\"https:\/\/www.facebook.com\/varesenews\" \/>\n<meta property=\"article:author\" content=\"https:\/\/www.facebook.com\/tommaso.guidotti.7\" \/>\n<meta property=\"article:published_time\" content=\"2022-05-17T10:41:15+00:00\" \/>\n<meta property=\"article:modified_time\" content=\"2022-05-17T10:42:04+00:00\" \/>\n<meta name=\"author\" content=\"Tommaso Guidotti\" \/>\n<meta name=\"twitter:card\" content=\"summary_large_image\" \/>\n<meta name=\"twitter:creator\" content=\"@tomguidoz\" \/>\n<meta name=\"twitter:site\" content=\"@varesenews\" \/>\n<meta name=\"twitter:label1\" content=\"Scritto da\" \/>\n\t<meta name=\"twitter:data1\" content=\"Tommaso Guidotti\" \/>\n\t<meta name=\"twitter:label2\" content=\"Tempo di lettura stimato\" \/>\n\t<meta name=\"twitter:data2\" content=\"1 minuto\" \/>\n<script type=\"application\/ld+json\" class=\"yoast-schema-graph\">{\"@context\":\"https:\/\/schema.org\",\"@graph\":[{\"@type\":\"WebPage\",\"@id\":\"https:\/\/staging.varesenews.it\/2022\/05\/tenta-far-cadere-un-amico-dalla-finestra-varese\/1463243\/\",\"url\":\"https:\/\/staging.varesenews.it\/2022\/05\/tenta-far-cadere-un-amico-dalla-finestra-varese\/1463243\/\",\"name\":\"Tenta di far cadere un amico dalla finestra a Varese\",\"isPartOf\":{\"@id\":\"https:\/\/staging.varesenews.it\/#website\"},\"datePublished\":\"2022-05-17T10:41:15+00:00\",\"dateModified\":\"2022-05-17T10:42:04+00:00\",\"author\":{\"@id\":\"https:\/\/staging.varesenews.it\/#\/schema\/person\/5ae9c65889c40fea73a6c40733b93f8a\"},\"description\":\"Il fatto nel fine settimana: all\u2019arrivo delle Volanti l\u2019uomo ha opposto resistenza. L\u2019accusa \u00e8 di tentato omicidio\",\"breadcrumb\":{\"@id\":\"https:\/\/staging.varesenews.it\/2022\/05\/tenta-far-cadere-un-amico-dalla-finestra-varese\/1463243\/#breadcrumb\"},\"inLanguage\":\"it-IT\",\"potentialAction\":[{\"@type\":\"ReadAction\",\"target\":[\"https:\/\/staging.varesenews.it\/2022\/05\/tenta-far-cadere-un-amico-dalla-finestra-varese\/1463243\/\"]}]},{\"@type\":\"BreadcrumbList\",\"@id\":\"https:\/\/staging.varesenews.it\/2022\/05\/tenta-far-cadere-un-amico-dalla-finestra-varese\/1463243\/#breadcrumb\",\"itemListElement\":[{\"@type\":\"ListItem\",\"position\":1,\"name\":\"Home\",\"item\":\"https:\/\/www.varesenews.it\/\"},{\"@type\":\"ListItem\",\"position\":2,\"name\":\"Tenta di far cadere un amico dalla finestra a Varese\"}]},{\"@type\":\"WebSite\",\"@id\":\"https:\/\/staging.varesenews.it\/#website\",\"url\":\"https:\/\/staging.varesenews.it\/\",\"name\":\"VareseNews\",\"description\":\"\",\"potentialAction\":[{\"@type\":\"SearchAction\",\"target\":{\"@type\":\"EntryPoint\",\"urlTemplate\":\"https:\/\/staging.varesenews.it\/?s={search_term_string}\"},\"query-input\":\"required name=search_term_string\"}],\"inLanguage\":\"it-IT\"},{\"@type\":\"Person\",\"@id\":\"https:\/\/staging.varesenews.it\/#\/schema\/person\/5ae9c65889c40fea73a6c40733b93f8a\",\"name\":\"Tommaso Guidotti\",\"image\":{\"@type\":\"ImageObject\",\"inLanguage\":\"it-IT\",\"@id\":\"https:\/\/staging.varesenews.it\/#\/schema\/person\/image\/\",\"url\":\"https:\/\/staging.varesenews.it\/wp-content\/uploads\/2020\/12\/tommaso_guidotti_colori_500.jpg\",\"contentUrl\":\"https:\/\/staging.varesenews.it\/wp-content\/uploads\/2020\/12\/tommaso_guidotti_colori_500.jpg\",\"caption\":\"Tommaso Guidotti\"},\"description\":\"Nato a Milano e trasferito nel Varesotto in tenera et&agrave;, sposato con Chiara dal 2012 e padre di due figli, Lorenzo e Alice. Sono laureato in Scienze Politiche e ho nel mio bagaglio lontani studi classici al Liceo Cairoli di Varese. Amo leggere, le serie tv, i viaggi e mi piace sperimentare e conoscere. La passione pi&ugrave; grande? Il calcio, giocato, simulato e guardato: occupo parte del mio tempo libero con quella che &egrave; pi&ugrave; di una squadra di calcio, i Bidone, una vera e propria seconda famiglia con cui ho portato avanti tanti progetti sportivi e benefici. Faccio parte dal 2004 della squadra di VareseNews e sono giornalista professionista dal 2009: per dieci anni ho ricoperto il ruolo di caporedattore. Dal 2019 coordino insieme ad una redazione di giovani collaboratori il nuovo progetto del gruppo nella zona del Saronnese, il giornale SaronnoNews, spin-off di VareseNews, restando comunque radicato al territorio di Casciago, paese che mi ha adottato e che amo moltissimo come il lago di Varese e Cazzago Brabbia, il paese dove ho vissuto da giovane.\",\"sameAs\":[\"https:\/\/www.facebook.com\/tommaso.guidotti.7\",\"tomguidoz80\",\"https:\/\/www.linkedin.com\/profile\/view?id=36891883&authType=name&authToken=9pNm&locale=en_US&goback=npv_36891883_*1_*1_name_9pNm_*1_*1_*1_*1_*1_*1_*1_*1_*1_*1_*1_*1_*1_*1_*1_*1_*1_*1_*1_*1_*1_*1_*1_*1_*1_*1_*1_*1_*1_*1_*1_*1_*1\",\"https:\/\/twitter.com\/tomguidoz\"],\"url\":\"https:\/\/staging.varesenews.it\/persona\/tommaso_guidotti\/\"}]}<\/script>\n<!-- \/ Yoast SEO plugin. -->","yoast_head_json":{"title":"Tenta di far cadere un amico dalla finestra a Varese","description":"Il fatto nel fine settimana: all\u2019arrivo delle Volanti l\u2019uomo ha opposto resistenza. L\u2019accusa \u00e8 di tentato omicidio","robots":{"index":"noindex","follow":"follow","max-snippet":"max-snippet:-1","max-image-preview":"max-image-preview:large","max-video-preview":"max-video-preview:-1"},"og_locale":"it_IT","og_type":"article","og_title":"Tenta di far cadere un amico dalla finestra a Varese","og_description":"Il fatto nel fine settimana: all\u2019arrivo delle Volanti l\u2019uomo ha opposto resistenza. L\u2019accusa \u00e8 di tentato omicidio","og_url":"https:\/\/staging.varesenews.it\/2022\/05\/tenta-far-cadere-un-amico-dalla-finestra-varese\/1463243\/","og_site_name":"VareseNews","article_publisher":"https:\/\/www.facebook.com\/varesenews","article_author":"https:\/\/www.facebook.com\/tommaso.guidotti.7","article_published_time":"2022-05-17T10:41:15+00:00","article_modified_time":"2022-05-17T10:42:04+00:00","author":"Tommaso Guidotti","twitter_card":"summary_large_image","twitter_creator":"@tomguidoz","twitter_site":"@varesenews","twitter_misc":{"Scritto da":"Tommaso Guidotti","Tempo di lettura stimato":"1 minuto"},"schema":{"@context":"https:\/\/schema.org","@graph":[{"@type":"WebPage","@id":"https:\/\/staging.varesenews.it\/2022\/05\/tenta-far-cadere-un-amico-dalla-finestra-varese\/1463243\/","url":"https:\/\/staging.varesenews.it\/2022\/05\/tenta-far-cadere-un-amico-dalla-finestra-varese\/1463243\/","name":"Tenta di far cadere un amico dalla finestra a Varese","isPartOf":{"@id":"https:\/\/staging.varesenews.it\/#website"},"datePublished":"2022-05-17T10:41:15+00:00","dateModified":"2022-05-17T10:42:04+00:00","author":{"@id":"https:\/\/staging.varesenews.it\/#\/schema\/person\/5ae9c65889c40fea73a6c40733b93f8a"},"description":"Il fatto nel fine settimana: all\u2019arrivo delle Volanti l\u2019uomo ha opposto resistenza. L\u2019accusa \u00e8 di tentato omicidio","breadcrumb":{"@id":"https:\/\/staging.varesenews.it\/2022\/05\/tenta-far-cadere-un-amico-dalla-finestra-varese\/1463243\/#breadcrumb"},"inLanguage":"it-IT","potentialAction":[{"@type":"ReadAction","target":["https:\/\/staging.varesenews.it\/2022\/05\/tenta-far-cadere-un-amico-dalla-finestra-varese\/1463243\/"]}]},{"@type":"BreadcrumbList","@id":"https:\/\/staging.varesenews.it\/2022\/05\/tenta-far-cadere-un-amico-dalla-finestra-varese\/1463243\/#breadcrumb","itemListElement":[{"@type":"ListItem","position":1,"name":"Home","item":"https:\/\/www.varesenews.it\/"},{"@type":"ListItem","position":2,"name":"Tenta di far cadere un amico dalla finestra a Varese"}]},{"@type":"WebSite","@id":"https:\/\/staging.varesenews.it\/#website","url":"https:\/\/staging.varesenews.it\/","name":"VareseNews","description":"","potentialAction":[{"@type":"SearchAction","target":{"@type":"EntryPoint","urlTemplate":"https:\/\/staging.varesenews.it\/?s={search_term_string}"},"query-input":"required name=search_term_string"}],"inLanguage":"it-IT"},{"@type":"Person","@id":"https:\/\/staging.varesenews.it\/#\/schema\/person\/5ae9c65889c40fea73a6c40733b93f8a","name":"Tommaso Guidotti","image":{"@type":"ImageObject","inLanguage":"it-IT","@id":"https:\/\/staging.varesenews.it\/#\/schema\/person\/image\/","url":"https:\/\/staging.varesenews.it\/wp-content\/uploads\/2020\/12\/tommaso_guidotti_colori_500.jpg","contentUrl":"https:\/\/staging.varesenews.it\/wp-content\/uploads\/2020\/12\/tommaso_guidotti_colori_500.jpg","caption":"Tommaso Guidotti"},"description":"Nato a Milano e trasferito nel Varesotto in tenera et&agrave;, sposato con Chiara dal 2012 e padre di due figli, Lorenzo e Alice. Sono laureato in Scienze Politiche e ho nel mio bagaglio lontani studi classici al Liceo Cairoli di Varese. Amo leggere, le serie tv, i viaggi e mi piace sperimentare e conoscere. La passione pi&ugrave; grande? Il calcio, giocato, simulato e guardato: occupo parte del mio tempo libero con quella che &egrave; pi&ugrave; di una squadra di calcio, i Bidone, una vera e propria seconda famiglia con cui ho portato avanti tanti progetti sportivi e benefici. Faccio parte dal 2004 della squadra di VareseNews e sono giornalista professionista dal 2009: per dieci anni ho ricoperto il ruolo di caporedattore. Dal 2019 coordino insieme ad una redazione di giovani collaboratori il nuovo progetto del gruppo nella zona del Saronnese, il giornale SaronnoNews, spin-off di VareseNews, restando comunque radicato al territorio di Casciago, paese che mi ha adottato e che amo moltissimo come il lago di Varese e Cazzago Brabbia, il paese dove ho vissuto da giovane.","sameAs":["https:\/\/www.facebook.com\/tommaso.guidotti.7","tomguidoz80","https:\/\/www.linkedin.com\/profile\/view?id=36891883&authType=name&authToken=9pNm&locale=en_US&goback=npv_36891883_*1_*1_name_9pNm_*1_*1_*1_*1_*1_*1_*1_*1_*1_*1_*1_*1_*1_*1_*1_*1_*1_*1_*1_*1_*1_*1_*1_*1_*1_*1_*1_*1_*1_*1_*1_*1_*1","https:\/\/twitter.com\/tomguidoz"],"url":"https:\/\/staging.varesenews.it\/persona\/tommaso_guidotti\/"}]}},"post_meta":{"content-image-gallery":"","_edit_lock":"1652792824:39","_edit_last":"39","_category_permalink":"a:1:{s:8:\"category\";s:0:\"\";}","_encloseme":"1","ratings_users":"0","ratings_score":"0","ratings_average":"0","foto":"1287944","firma_come_redazione":"1","argomento":"Cronaca","_yoast_wpseo_focuskw_text_input":"polizia","_yoast_wpseo_focuskw":"polizia","_yoast_wpseo_linkdex":"45","_yoast_wpseo_content_score":"30","_jd_tweet_this":"yes","_wpt_short_url":"https:\/\/www.varesenews.it\/2022\/05\/tenta-far-cadere-un-amico-dalla-finestra-varese\/1463243\/","_wp_jd_target":"https:\/\/www.varesenews.it\/2022\/05\/tenta-far-cadere-un-amico-dalla-finestra-varese\/1463243\/","_jd_wp_twitter":"a:1:{i:0;s:176:\"Tenta di far cadere un amico dalla finestra a Varese https:\/\/www.varesenews.it\/2022\/05\/tenta-far-cadere-un-amico-dalla-finestra-varese\/1463243\/ #poliziadistato #tentatoomicidio\";}","_wpt_status_message":"Tweet inviato con successo.","_oembed_6096937670edbdd3b690b56d8319c7c9":"<blockquote class=\"wp-embedded-content\" data-secret=\"Lw5922aBLK\"><a href=\"https:\/\/www.varesenews.it\/2021\/10\/besnate-avra-la-nuova-area-feste-pronto-progetto-250-mila-euro\/1388021\/\">Besnate avr\u00e0 la nuova area feste: pronto il progetto da 250 mila euro<\/a><\/blockquote><iframe class=\"wp-embedded-content\" sandbox=\"allow-scripts\" security=\"restricted\" style=\"position: absolute; clip: rect(1px, 1px, 1px, 1px);\" src=\"https:\/\/www.varesenews.it\/2021\/10\/besnate-avra-la-nuova-area-feste-pronto-progetto-250-mila-euro\/1388021\/embed\/#?secret=Lw5922aBLK\" data-secret=\"Lw5922aBLK\" width=\"500\" height=\"282\" title=\"&#8220;Besnate avr\u00e0 la nuova area feste: pronto il progetto da 250 mila euro&#8221; &#8212; VareseNews\" frameborder=\"0\" marginwidth=\"0\" marginheight=\"0\" scrolling=\"no\"><\/iframe>","_oembed_time_6096937670edbdd3b690b56d8319c7c9":"1652784337"},"photos":[{"original":"https:\/\/staging.varesenews.it\/photogallery_new\/images\/2022\/03\/polizia-1287944.jpg","full":"https:\/\/staging.varesenews.it\/photogallery_new\/images\/2022\/03\/polizia-1287944.1024x768.jpg","large":"https:\/\/staging.varesenews.it\/photogallery_new\/images\/2022\/03\/polizia-1287944.610x431.jpg"}],"_links":{"self":[{"href":"https:\/\/staging.varesenews.it\/swgapi\/v1\/wp\/v2\/posts\/1463243"}],"collection":[{"href":"https:\/\/staging.varesenews.it\/swgapi\/v1\/wp\/v2\/posts"}],"about":[{"href":"https:\/\/staging.varesenews.it\/swgapi\/v1\/wp\/v2\/types\/post"}],"author":[{"embeddable":true,"href":"https:\/\/staging.varesenews.it\/swgapi\/v1\/wp\/v2\/users\/39"}],"replies":[{"embeddable":true,"href":"https:\/\/staging.varesenews.it\/swgapi\/v1\/wp\/v2\/comments?post=1463243"}],"version-history":[{"count":0,"href":"https:\/\/staging.varesenews.it\/swgapi\/v1\/wp\/v2\/posts\/1463243\/revisions"}],"wp:attachment":[{"href":"https:\/\/staging.varesenews.it\/swgapi\/v1\/wp\/v2\/media?parent=1463243"}],"wp:term":[{"taxonomy":"category","embeddable":true,"href":"https:\/\/staging.varesenews.it\/swgapi\/v1\/wp\/v2\/categories?post=1463243"},{"taxonomy":"post_tag","embeddable":true,"href":"https:\/\/staging.varesenews.it\/swgapi\/v1\/wp\/v2\/tags?post=1463243"}],"curies":[{"name":"wp","href":"https:\/\/api.w.org\/{rel}","templated":true}]}}