{"id":1463875,"date":"2022-05-18T16:00:08","date_gmt":"2022-05-18T14:00:08","guid":{"rendered":"https:\/\/www.varesenews.it\/?p=1463875"},"modified":"2022-05-18T16:00:08","modified_gmt":"2022-05-18T14:00:08","slug":"cairate-uno-sguardo-sul-territorio-tempo","status":"publish","type":"post","link":"https:\/\/staging.varesenews.it\/2022\/05\/cairate-uno-sguardo-sul-territorio-tempo\/1463875\/","title":{"rendered":"A Cairate \u201cUno sguardo sul territorio attraverso il Tempo\u201d"},"content":{"rendered":"<p><strong>Inaugurazione MOSTRA PITTORICA \u201cUno sguardo sul territorio attraverso il Tempo\u201d<\/strong><br \/>\nGli Amici della Tavolozza<br \/>\nSabato 21 Maggio ore 17.00<br \/>\nPresso il Circolo Cavallotti in via Anforelli 7, Cairate<br \/>\nIngresso Gratuito<\/p>\n<p>Gli Amici della Tavolozza sono lieti di invitare tutti alla presentazione della Mostra Pittorica intitolata \u201cUno sguardo sul territorio attraverso il Tempo\u201d che si terr\u00e0 <strong>Sabato 21 Maggio alle ore 17.00 presso il Circolo Cavallotti a Cairate<\/strong>. Gli artisti ci accoglieranno per presentare non solo i quadri esposti, solo alcuni tra le loro produzioni, ma anche l\u2019attento lavoro di ricerca storica compiuto in questi anni. Una vocazione la loro che mira a non perdere i ricordi di un tempo passato, di antichi mestieri, di vecchi cortili che hanno fatto la storia del Comune di Cairate, e di figure importanti per la cittadinanza.<\/p>\n<p><strong>Grazie al loro intervento artistico, Peveranza \u00e8 annoverata tra i Paesi dipinti della provincia di Varese<\/strong>. Riuniti per la prima volta nel 2003, hanno creato un vero e proprio percorso artistico all\u2019aperto in cui ogni opera d\u2019arte \u00e8 posizionata sui muri degli edifici presso i quali i lavori rappresentati venivano realmente svolti.<\/p>\n<p>Sempre in linea con il progetto di ricerca storica, un altro incontro \u00e8 previsto per Sabato 28 maggio alle ore 17.00, in cui interverranno altri esponenti artistici del comune, che leggeranno brani, poesie e racconti scritti in onore del Comune di Cairate e dei suoi abitanti.<\/p>\n<p>Per concludere la mostra e salutare gli artisti, \u00e8 prevista una Biciclettata Domenica 12 Giugno da Cairate attraverso il \u201cPaese Dipinto\u201d per poter osservare e apprezzare tutte le loro 35 opere esposte a Peveranza, con il supporto degli artisti che faranno da sapienti guide durante il giro, e faranno anche da accompagnatori nella visita della \u201cCasa della Nonna\u201d, una struttura conservata con estrema fedelt\u00e0 anche nei suoi interni, risalenti al 1800.<\/p>\n<p>La mostra, a cura dell\u2019Arch. Alice Olivetto e di Elisa Chiodelli, si inserisce all\u2019interno di un progetto promosso dal Circolo Cavallotti di riscoperta del territorio, delle personalit\u00e0 artistiche e influenti della comunit\u00e0, e una volont\u00e0 di ricerca di spazi di associazione dei cittadini all\u2019interno del proprio comune. I quadri resteranno esposti fino a Domenica 12 Giugno e saranno visionabili durante l\u2019orario di apertura del Circolo Cavallotti.<\/p>\n","protected":false},"excerpt":{"rendered":"<p>Mostra pittorica  dal 21 maggio al 12 giugno. Inaugurazione Sabato 21 Maggio alle ore 17.00 presso il Circolo Cavallotti <\/p>\n","protected":false},"author":39,"featured_media":0,"comment_status":"open","ping_status":"open","sticky":false,"template":"","format":"aside","meta":{"footnotes":""},"categories":[1],"tags":[123673,185],"acf":[],"yoast_head":"<!-- This site is optimized with the Yoast SEO plugin v20.1 - https:\/\/yoast.com\/wordpress\/plugins\/seo\/ -->\n<title>A Cairate \u201cUno sguardo sul territorio attraverso il Tempo\u201d<\/title>\n<meta name=\"description\" content=\"Mostra pittorica dal 21 maggio al 12 giugno. Inaugurazione Sabato 21 Maggio alle ore 17.00 presso il Circolo Cavallotti\" \/>\n<meta name=\"robots\" content=\"noindex, follow, max-snippet:-1, max-image-preview:large, max-video-preview:-1\" \/>\n<meta property=\"og:locale\" content=\"it_IT\" \/>\n<meta property=\"og:type\" content=\"article\" \/>\n<meta property=\"og:title\" content=\"A Cairate \u201cUno sguardo sul territorio attraverso il Tempo\u201d\" \/>\n<meta property=\"og:description\" content=\"Mostra pittorica dal 21 maggio al 12 giugno. Inaugurazione Sabato 21 Maggio alle ore 17.00 presso il Circolo Cavallotti\" \/>\n<meta property=\"og:url\" content=\"https:\/\/staging.varesenews.it\/2022\/05\/cairate-uno-sguardo-sul-territorio-tempo\/1463875\/\" \/>\n<meta property=\"og:site_name\" content=\"VareseNews\" \/>\n<meta property=\"article:publisher\" content=\"https:\/\/www.facebook.com\/varesenews\" \/>\n<meta property=\"article:author\" content=\"https:\/\/www.facebook.com\/tommaso.guidotti.7\" \/>\n<meta property=\"article:published_time\" content=\"2022-05-18T14:00:08+00:00\" \/>\n<meta name=\"author\" content=\"Tommaso Guidotti\" \/>\n<meta name=\"twitter:card\" content=\"summary_large_image\" \/>\n<meta name=\"twitter:creator\" content=\"@tomguidoz\" \/>\n<meta name=\"twitter:site\" content=\"@varesenews\" \/>\n<meta name=\"twitter:label1\" content=\"Scritto da\" \/>\n\t<meta name=\"twitter:data1\" content=\"Tommaso Guidotti\" \/>\n\t<meta name=\"twitter:label2\" content=\"Tempo di lettura stimato\" \/>\n\t<meta name=\"twitter:data2\" content=\"2 minuti\" \/>\n<script type=\"application\/ld+json\" class=\"yoast-schema-graph\">{\"@context\":\"https:\/\/schema.org\",\"@graph\":[{\"@type\":\"WebPage\",\"@id\":\"https:\/\/staging.varesenews.it\/2022\/05\/cairate-uno-sguardo-sul-territorio-tempo\/1463875\/\",\"url\":\"https:\/\/staging.varesenews.it\/2022\/05\/cairate-uno-sguardo-sul-territorio-tempo\/1463875\/\",\"name\":\"A Cairate \u201cUno sguardo sul territorio attraverso il Tempo\u201d\",\"isPartOf\":{\"@id\":\"https:\/\/staging.varesenews.it\/#website\"},\"datePublished\":\"2022-05-18T14:00:08+00:00\",\"dateModified\":\"2022-05-18T14:00:08+00:00\",\"author\":{\"@id\":\"https:\/\/staging.varesenews.it\/#\/schema\/person\/5ae9c65889c40fea73a6c40733b93f8a\"},\"description\":\"Mostra pittorica dal 21 maggio al 12 giugno. Inaugurazione Sabato 21 Maggio alle ore 17.00 presso il Circolo Cavallotti\",\"breadcrumb\":{\"@id\":\"https:\/\/staging.varesenews.it\/2022\/05\/cairate-uno-sguardo-sul-territorio-tempo\/1463875\/#breadcrumb\"},\"inLanguage\":\"it-IT\",\"potentialAction\":[{\"@type\":\"ReadAction\",\"target\":[\"https:\/\/staging.varesenews.it\/2022\/05\/cairate-uno-sguardo-sul-territorio-tempo\/1463875\/\"]}]},{\"@type\":\"BreadcrumbList\",\"@id\":\"https:\/\/staging.varesenews.it\/2022\/05\/cairate-uno-sguardo-sul-territorio-tempo\/1463875\/#breadcrumb\",\"itemListElement\":[{\"@type\":\"ListItem\",\"position\":1,\"name\":\"Home\",\"item\":\"https:\/\/www.varesenews.it\/\"},{\"@type\":\"ListItem\",\"position\":2,\"name\":\"A Cairate \u201cUno sguardo sul territorio attraverso il Tempo\u201d\"}]},{\"@type\":\"WebSite\",\"@id\":\"https:\/\/staging.varesenews.it\/#website\",\"url\":\"https:\/\/staging.varesenews.it\/\",\"name\":\"VareseNews\",\"description\":\"\",\"potentialAction\":[{\"@type\":\"SearchAction\",\"target\":{\"@type\":\"EntryPoint\",\"urlTemplate\":\"https:\/\/staging.varesenews.it\/?s={search_term_string}\"},\"query-input\":\"required name=search_term_string\"}],\"inLanguage\":\"it-IT\"},{\"@type\":\"Person\",\"@id\":\"https:\/\/staging.varesenews.it\/#\/schema\/person\/5ae9c65889c40fea73a6c40733b93f8a\",\"name\":\"Tommaso Guidotti\",\"image\":{\"@type\":\"ImageObject\",\"inLanguage\":\"it-IT\",\"@id\":\"https:\/\/staging.varesenews.it\/#\/schema\/person\/image\/\",\"url\":\"https:\/\/staging.varesenews.it\/wp-content\/uploads\/2020\/12\/tommaso_guidotti_colori_500.jpg\",\"contentUrl\":\"https:\/\/staging.varesenews.it\/wp-content\/uploads\/2020\/12\/tommaso_guidotti_colori_500.jpg\",\"caption\":\"Tommaso Guidotti\"},\"description\":\"Nato a Milano e trasferito nel Varesotto in tenera et&agrave;, sposato con Chiara dal 2012 e padre di due figli, Lorenzo e Alice. Sono laureato in Scienze Politiche e ho nel mio bagaglio lontani studi classici al Liceo Cairoli di Varese. Amo leggere, le serie tv, i viaggi e mi piace sperimentare e conoscere. La passione pi&ugrave; grande? Il calcio, giocato, simulato e guardato: occupo parte del mio tempo libero con quella che &egrave; pi&ugrave; di una squadra di calcio, i Bidone, una vera e propria seconda famiglia con cui ho portato avanti tanti progetti sportivi e benefici. Faccio parte dal 2004 della squadra di VareseNews e sono giornalista professionista dal 2009: per dieci anni ho ricoperto il ruolo di caporedattore. Dal 2019 coordino insieme ad una redazione di giovani collaboratori il nuovo progetto del gruppo nella zona del Saronnese, il giornale SaronnoNews, spin-off di VareseNews, restando comunque radicato al territorio di Casciago, paese che mi ha adottato e che amo moltissimo come il lago di Varese e Cazzago Brabbia, il paese dove ho vissuto da giovane.\",\"sameAs\":[\"https:\/\/www.facebook.com\/tommaso.guidotti.7\",\"tomguidoz80\",\"https:\/\/www.linkedin.com\/profile\/view?id=36891883&authType=name&authToken=9pNm&locale=en_US&goback=npv_36891883_*1_*1_name_9pNm_*1_*1_*1_*1_*1_*1_*1_*1_*1_*1_*1_*1_*1_*1_*1_*1_*1_*1_*1_*1_*1_*1_*1_*1_*1_*1_*1_*1_*1_*1_*1_*1_*1\",\"https:\/\/twitter.com\/tomguidoz\"],\"url\":\"https:\/\/staging.varesenews.it\/persona\/tommaso_guidotti\/\"}]}<\/script>\n<!-- \/ Yoast SEO plugin. -->","yoast_head_json":{"title":"A Cairate \u201cUno sguardo sul territorio attraverso il Tempo\u201d","description":"Mostra pittorica dal 21 maggio al 12 giugno. Inaugurazione Sabato 21 Maggio alle ore 17.00 presso il Circolo Cavallotti","robots":{"index":"noindex","follow":"follow","max-snippet":"max-snippet:-1","max-image-preview":"max-image-preview:large","max-video-preview":"max-video-preview:-1"},"og_locale":"it_IT","og_type":"article","og_title":"A Cairate \u201cUno sguardo sul territorio attraverso il Tempo\u201d","og_description":"Mostra pittorica dal 21 maggio al 12 giugno. Inaugurazione Sabato 21 Maggio alle ore 17.00 presso il Circolo Cavallotti","og_url":"https:\/\/staging.varesenews.it\/2022\/05\/cairate-uno-sguardo-sul-territorio-tempo\/1463875\/","og_site_name":"VareseNews","article_publisher":"https:\/\/www.facebook.com\/varesenews","article_author":"https:\/\/www.facebook.com\/tommaso.guidotti.7","article_published_time":"2022-05-18T14:00:08+00:00","author":"Tommaso Guidotti","twitter_card":"summary_large_image","twitter_creator":"@tomguidoz","twitter_site":"@varesenews","twitter_misc":{"Scritto da":"Tommaso Guidotti","Tempo di lettura stimato":"2 minuti"},"schema":{"@context":"https:\/\/schema.org","@graph":[{"@type":"WebPage","@id":"https:\/\/staging.varesenews.it\/2022\/05\/cairate-uno-sguardo-sul-territorio-tempo\/1463875\/","url":"https:\/\/staging.varesenews.it\/2022\/05\/cairate-uno-sguardo-sul-territorio-tempo\/1463875\/","name":"A Cairate \u201cUno sguardo sul territorio attraverso il Tempo\u201d","isPartOf":{"@id":"https:\/\/staging.varesenews.it\/#website"},"datePublished":"2022-05-18T14:00:08+00:00","dateModified":"2022-05-18T14:00:08+00:00","author":{"@id":"https:\/\/staging.varesenews.it\/#\/schema\/person\/5ae9c65889c40fea73a6c40733b93f8a"},"description":"Mostra pittorica dal 21 maggio al 12 giugno. Inaugurazione Sabato 21 Maggio alle ore 17.00 presso il Circolo Cavallotti","breadcrumb":{"@id":"https:\/\/staging.varesenews.it\/2022\/05\/cairate-uno-sguardo-sul-territorio-tempo\/1463875\/#breadcrumb"},"inLanguage":"it-IT","potentialAction":[{"@type":"ReadAction","target":["https:\/\/staging.varesenews.it\/2022\/05\/cairate-uno-sguardo-sul-territorio-tempo\/1463875\/"]}]},{"@type":"BreadcrumbList","@id":"https:\/\/staging.varesenews.it\/2022\/05\/cairate-uno-sguardo-sul-territorio-tempo\/1463875\/#breadcrumb","itemListElement":[{"@type":"ListItem","position":1,"name":"Home","item":"https:\/\/www.varesenews.it\/"},{"@type":"ListItem","position":2,"name":"A Cairate \u201cUno sguardo sul territorio attraverso il Tempo\u201d"}]},{"@type":"WebSite","@id":"https:\/\/staging.varesenews.it\/#website","url":"https:\/\/staging.varesenews.it\/","name":"VareseNews","description":"","potentialAction":[{"@type":"SearchAction","target":{"@type":"EntryPoint","urlTemplate":"https:\/\/staging.varesenews.it\/?s={search_term_string}"},"query-input":"required name=search_term_string"}],"inLanguage":"it-IT"},{"@type":"Person","@id":"https:\/\/staging.varesenews.it\/#\/schema\/person\/5ae9c65889c40fea73a6c40733b93f8a","name":"Tommaso Guidotti","image":{"@type":"ImageObject","inLanguage":"it-IT","@id":"https:\/\/staging.varesenews.it\/#\/schema\/person\/image\/","url":"https:\/\/staging.varesenews.it\/wp-content\/uploads\/2020\/12\/tommaso_guidotti_colori_500.jpg","contentUrl":"https:\/\/staging.varesenews.it\/wp-content\/uploads\/2020\/12\/tommaso_guidotti_colori_500.jpg","caption":"Tommaso Guidotti"},"description":"Nato a Milano e trasferito nel Varesotto in tenera et&agrave;, sposato con Chiara dal 2012 e padre di due figli, Lorenzo e Alice. Sono laureato in Scienze Politiche e ho nel mio bagaglio lontani studi classici al Liceo Cairoli di Varese. Amo leggere, le serie tv, i viaggi e mi piace sperimentare e conoscere. La passione pi&ugrave; grande? Il calcio, giocato, simulato e guardato: occupo parte del mio tempo libero con quella che &egrave; pi&ugrave; di una squadra di calcio, i Bidone, una vera e propria seconda famiglia con cui ho portato avanti tanti progetti sportivi e benefici. Faccio parte dal 2004 della squadra di VareseNews e sono giornalista professionista dal 2009: per dieci anni ho ricoperto il ruolo di caporedattore. Dal 2019 coordino insieme ad una redazione di giovani collaboratori il nuovo progetto del gruppo nella zona del Saronnese, il giornale SaronnoNews, spin-off di VareseNews, restando comunque radicato al territorio di Casciago, paese che mi ha adottato e che amo moltissimo come il lago di Varese e Cazzago Brabbia, il paese dove ho vissuto da giovane.","sameAs":["https:\/\/www.facebook.com\/tommaso.guidotti.7","tomguidoz80","https:\/\/www.linkedin.com\/profile\/view?id=36891883&authType=name&authToken=9pNm&locale=en_US&goback=npv_36891883_*1_*1_name_9pNm_*1_*1_*1_*1_*1_*1_*1_*1_*1_*1_*1_*1_*1_*1_*1_*1_*1_*1_*1_*1_*1_*1_*1_*1_*1_*1_*1_*1_*1_*1_*1_*1_*1","https:\/\/twitter.com\/tomguidoz"],"url":"https:\/\/staging.varesenews.it\/persona\/tommaso_guidotti\/"}]}},"post_meta":{"content-image-gallery":"","_edit_lock":"1652882357:39","_edit_last":"39","_category_permalink":"a:1:{s:8:\"category\";s:0:\"\";}","_encloseme":"1","ratings_users":"0","ratings_score":"0","ratings_average":"0","foto":"1304107","firma_come_redazione":"1","evento-location":"1459958","evento-data-inizio":"1653084000","evento-data-fine":"1653084000","evento-orario-inizio":"17:00","evento-price":"Gratuito","argomento":"Cairate","_yoast_wpseo_focuskw_text_input":"cairate","_yoast_wpseo_focuskw":"cairate","_yoast_wpseo_linkdex":"62","_yoast_wpseo_content_score":"30","_jd_tweet_this":"yes","_wpt_short_url":"https:\/\/www.varesenews.it\/2022\/05\/cairate-uno-sguardo-sul-territorio-tempo\/1463875\/","_wp_jd_target":"https:\/\/www.varesenews.it\/2022\/05\/cairate-uno-sguardo-sul-territorio-tempo\/1463875\/","_jd_wp_twitter":"a:1:{i:0;s:154:\"A Cairate \u201cUno sguardo sul territorio attraverso il Tempo\u201d https:\/\/www.varesenews.it\/2022\/05\/cairate-uno-sguardo-sul-territorio-tempo\/1463875\/ #mostra\";}","_wpt_status_message":"Tweet inviato con successo.","_oembed_54c3e1989ffbb59fef55aa9b700d07cd":"<blockquote class=\"wp-embedded-content\" data-secret=\"wuNo28J58I\"><a href=\"https:\/\/www.varesenews.it\/2021\/02\/noesonero-linclusione-bambini-ragazzi-non-si-scuola\/1306622\/\">#NoEsonero: l&#8217;inclusione di bambini e ragazzi non si fa fuori da scuola<\/a><\/blockquote><iframe class=\"wp-embedded-content\" sandbox=\"allow-scripts\" security=\"restricted\" style=\"position: absolute; clip: rect(1px, 1px, 1px, 1px);\" src=\"https:\/\/www.varesenews.it\/2021\/02\/noesonero-linclusione-bambini-ragazzi-non-si-scuola\/1306622\/embed\/#?secret=wuNo28J58I\" data-secret=\"wuNo28J58I\" width=\"500\" height=\"282\" title=\"&#8220;#NoEsonero: l&#8217;inclusione di bambini e ragazzi non si fa fuori da scuola&#8221; &#8212; VareseNews\" frameborder=\"0\" marginwidth=\"0\" marginheight=\"0\" scrolling=\"no\"><\/iframe>","_oembed_time_54c3e1989ffbb59fef55aa9b700d07cd":"1652882459","_oembed_64318868653b572d6fd216d3f0603fbc":"<blockquote class=\"wp-embedded-content\" data-secret=\"r1mMw5aXyz\"><a href=\"https:\/\/www.varesenews.it\/2022\/04\/parte-busto-arsizio-la-protesta-della-magistratura-la-riforma-dellordinamento-giudiziario\/1448737\/\">Parte da Busto Arsizio la protesta della magistratura contro la riforma dell&#8217;ordinamento giudiziario<\/a><\/blockquote><iframe class=\"wp-embedded-content\" sandbox=\"allow-scripts\" security=\"restricted\" style=\"position: absolute; clip: rect(1px, 1px, 1px, 1px);\" src=\"https:\/\/www.varesenews.it\/2022\/04\/parte-busto-arsizio-la-protesta-della-magistratura-la-riforma-dellordinamento-giudiziario\/1448737\/embed\/#?secret=r1mMw5aXyz\" data-secret=\"r1mMw5aXyz\" width=\"500\" height=\"282\" title=\"&#8220;Parte da Busto Arsizio la protesta della magistratura contro la riforma dell&#8217;ordinamento giudiziario&#8221; &#8212; VareseNews\" frameborder=\"0\" marginwidth=\"0\" marginheight=\"0\" scrolling=\"no\"><\/iframe>","_oembed_time_64318868653b572d6fd216d3f0603fbc":"1652882460","_oembed_077e21c3d6a82134697bd7afd7ce0824":"{{unknown}}","_oembed_d330a9aa9c052309af19ed54784a3d15":"<blockquote class=\"wp-embedded-content\" data-secret=\"JnWmGrIoiV\"><a href=\"https:\/\/www.varesenews.it\/2022\/05\/laveno-mombello-cinquecento-mila-euro-la-rimozione-dellamianto\/1463734\/\">A Laveno Mombello cinquecento mila euro per la rimozione dell&#8217;amianto<\/a><\/blockquote><iframe class=\"wp-embedded-content\" sandbox=\"allow-scripts\" security=\"restricted\" style=\"position: absolute; clip: rect(1px, 1px, 1px, 1px);\" src=\"https:\/\/www.varesenews.it\/2022\/05\/laveno-mombello-cinquecento-mila-euro-la-rimozione-dellamianto\/1463734\/embed\/#?secret=JnWmGrIoiV\" data-secret=\"JnWmGrIoiV\" width=\"500\" height=\"282\" title=\"&#8220;A Laveno Mombello cinquecento mila euro per la rimozione dell&#8217;amianto&#8221; &#8212; VareseNews\" frameborder=\"0\" marginwidth=\"0\" marginheight=\"0\" scrolling=\"no\"><\/iframe>","_oembed_time_d330a9aa9c052309af19ed54784a3d15":"1652882488","_oembed_f05a6775693e23446b9ac9a6413c42a2":"<blockquote class=\"wp-embedded-content\" data-secret=\"qm5YpnZhYp\"><a href=\"https:\/\/www.varesenews.it\/2022\/05\/besozzo-un-pomeriggio-eventi-liberamente-fest\/1462662\/\">A Besozzo un pomeriggio di eventi con il &#8220;Liberamente Fest&#8221;<\/a><\/blockquote><iframe class=\"wp-embedded-content\" sandbox=\"allow-scripts\" security=\"restricted\" style=\"position: absolute; clip: rect(1px, 1px, 1px, 1px);\" src=\"https:\/\/www.varesenews.it\/2022\/05\/besozzo-un-pomeriggio-eventi-liberamente-fest\/1462662\/embed\/#?secret=qm5YpnZhYp\" data-secret=\"qm5YpnZhYp\" width=\"500\" height=\"282\" title=\"&#8220;A Besozzo un pomeriggio di eventi con il &#8220;Liberamente Fest&#8221;&#8221; &#8212; VareseNews\" frameborder=\"0\" marginwidth=\"0\" marginheight=\"0\" scrolling=\"no\"><\/iframe>","_oembed_time_f05a6775693e23446b9ac9a6413c42a2":"1652882488","_oembed_ec393a5e7d0373dc6199218d9a307e27":"<blockquote class=\"wp-embedded-content\" data-secret=\"NaYfPTrvOU\"><a href=\"https:\/\/www.varesenews.it\/2022\/05\/frontalieri-chiedono-chiarezza-sullassegno-unico-cosi-ci-penalizza\/1461794\/\">I frontalieri chiedono chiarezza sull&#8217;assegno unico: &#8220;Cos\u00ec ci penalizza&#8221;<\/a><\/blockquote><iframe class=\"wp-embedded-content\" sandbox=\"allow-scripts\" security=\"restricted\" style=\"position: absolute; clip: rect(1px, 1px, 1px, 1px);\" src=\"https:\/\/www.varesenews.it\/2022\/05\/frontalieri-chiedono-chiarezza-sullassegno-unico-cosi-ci-penalizza\/1461794\/embed\/#?secret=NaYfPTrvOU\" data-secret=\"NaYfPTrvOU\" width=\"500\" height=\"282\" title=\"&#8220;I frontalieri chiedono chiarezza sull&#8217;assegno unico: &#8220;Cos\u00ec ci penalizza&#8221;&#8221; &#8212; VareseNews\" frameborder=\"0\" marginwidth=\"0\" marginheight=\"0\" scrolling=\"no\"><\/iframe>","_oembed_time_ec393a5e7d0373dc6199218d9a307e27":"1652882718","_oembed_3030ae0182850d2d858b9f81a986b235":"<blockquote class=\"wp-embedded-content\" data-secret=\"3rVnZ5zpCX\"><a href=\"https:\/\/www.varesenews.it\/2022\/05\/quattro-falchetti-del-pirellone-crescono-presto-avranno-un-nome\/1461433\/\">I quattro falchetti del Pirellone crescono e presto avranno un nome<\/a><\/blockquote><iframe class=\"wp-embedded-content\" sandbox=\"allow-scripts\" security=\"restricted\" style=\"position: absolute; clip: rect(1px, 1px, 1px, 1px);\" src=\"https:\/\/www.varesenews.it\/2022\/05\/quattro-falchetti-del-pirellone-crescono-presto-avranno-un-nome\/1461433\/embed\/#?secret=3rVnZ5zpCX\" data-secret=\"3rVnZ5zpCX\" width=\"500\" height=\"282\" title=\"&#8220;I quattro falchetti del Pirellone crescono e presto avranno un nome&#8221; &#8212; VareseNews\" frameborder=\"0\" marginwidth=\"0\" marginheight=\"0\" scrolling=\"no\"><\/iframe>","_oembed_time_3030ae0182850d2d858b9f81a986b235":"1652882719","_oembed_b811d9692974a525dcffcf7393a8310f":"<blockquote class=\"wp-embedded-content\" data-secret=\"DE7eJxwVY8\"><a href=\"https:\/\/www.varesenews.it\/2022\/05\/la-diretta-della-17esima-tappa-va-giro-lavena-ponte-tresa-ganna\/1461626\/\">La diretta della 17esima tappa di &#8220;VA in giro&#8221;: Da Lavena Ponte Tresa a Ganna<\/a><\/blockquote><iframe class=\"wp-embedded-content\" sandbox=\"allow-scripts\" security=\"restricted\" style=\"position: absolute; clip: rect(1px, 1px, 1px, 1px);\" src=\"https:\/\/www.varesenews.it\/2022\/05\/la-diretta-della-17esima-tappa-va-giro-lavena-ponte-tresa-ganna\/1461626\/embed\/#?secret=DE7eJxwVY8\" data-secret=\"DE7eJxwVY8\" width=\"500\" height=\"282\" title=\"&#8220;La diretta della 17esima tappa di &#8220;VA in giro&#8221;: Da Lavena Ponte Tresa a Ganna&#8221; &#8212; VareseNews\" frameborder=\"0\" marginwidth=\"0\" marginheight=\"0\" scrolling=\"no\"><\/iframe>","_oembed_time_b811d9692974a525dcffcf7393a8310f":"1652882719"},"photos":[{"original":"https:\/\/staging.varesenews.it\/photogallery_new\/images\/2022\/05\/varie-1304107.jpg","full":"https:\/\/staging.varesenews.it\/photogallery_new\/images\/2022\/05\/varie-1304107.1024x768.jpg","large":"https:\/\/staging.varesenews.it\/photogallery_new\/images\/2022\/05\/varie-1304107.610x431.jpg"}],"_links":{"self":[{"href":"https:\/\/staging.varesenews.it\/swgapi\/v1\/wp\/v2\/posts\/1463875"}],"collection":[{"href":"https:\/\/staging.varesenews.it\/swgapi\/v1\/wp\/v2\/posts"}],"about":[{"href":"https:\/\/staging.varesenews.it\/swgapi\/v1\/wp\/v2\/types\/post"}],"author":[{"embeddable":true,"href":"https:\/\/staging.varesenews.it\/swgapi\/v1\/wp\/v2\/users\/39"}],"replies":[{"embeddable":true,"href":"https:\/\/staging.varesenews.it\/swgapi\/v1\/wp\/v2\/comments?post=1463875"}],"version-history":[{"count":0,"href":"https:\/\/staging.varesenews.it\/swgapi\/v1\/wp\/v2\/posts\/1463875\/revisions"}],"wp:attachment":[{"href":"https:\/\/staging.varesenews.it\/swgapi\/v1\/wp\/v2\/media?parent=1463875"}],"wp:term":[{"taxonomy":"category","embeddable":true,"href":"https:\/\/staging.varesenews.it\/swgapi\/v1\/wp\/v2\/categories?post=1463875"},{"taxonomy":"post_tag","embeddable":true,"href":"https:\/\/staging.varesenews.it\/swgapi\/v1\/wp\/v2\/tags?post=1463875"}],"curies":[{"name":"wp","href":"https:\/\/api.w.org\/{rel}","templated":true}]}}