{"id":1464396,"date":"2022-05-19T18:39:27","date_gmt":"2022-05-19T16:39:27","guid":{"rendered":"https:\/\/www.varesenews.it\/?p=1464396"},"modified":"2022-05-20T08:14:40","modified_gmt":"2022-05-20T06:14:40","slug":"tre-incontri-ripensare-verde-gallarate","status":"publish","type":"post","link":"https:\/\/staging.varesenews.it\/2022\/05\/tre-incontri-ripensare-verde-gallarate\/1464396\/","title":{"rendered":"Tre incontri per ripensare il verde di Gallarate"},"content":{"rendered":"<p>Tre incontri per valorizzare il verde urbano di <strong>Gallarate<\/strong> organizzati dalla sinergia tra il comitato Salviamo gli alberi di Gallarate e la sezione cittadina di Legambiente.<\/p>\n<p>L&#8217;idea \u00e8 nata da\u00a0un lungo percorso di approfondimenti nei mesi scorsi,\u00a0\u00abin cui apparentemente eravamo poco presenti sulla scena\u00bb, ha spiegato\u00a0<strong>Olivia Pastorelli<\/strong><span class=\"Apple-converted-space\"><strong>\u00a0<\/strong>del comitato: \u00abA<\/span>ttraverso gli accessi agli atti abbiamo cercato di capire come funziona la manutenzione del verde pubblico a Gallarate<span class=\"Apple-converted-space\">\u00bb.\u00a0<\/span><\/p>\n<p>Sar\u00e0 l&#8217;occasione per mettere l&#8217;ambiente al centro del dibattito pubblico-politico, per questo sono invitati tutti i gallaratesi e le forze di maggioranza e opposizione che siedono in consiglio comunale.<\/p>\n<h3>Gli incontri<\/h3>\n<p>Il primo sar\u00e0 sabato <strong>21 maggio<\/strong>, alle ore 11<a href=\"https:\/\/www.varesenews.it\/2021\/07\/cantiere-concluso-prende-forma-la-piazza-giovanni-xxiii-gallarate\/1360701\/\"> in piazza Giovanni XXIII<\/a>: \u00abRipercorreranno lo stato dell\u2019arte del verde urbano dopo i lavori di riqualificazione\u00bb. La piazza antistante la stazione l&#8217;anno scorso era stata il terreno di scontro tra i comitati e l&#8217;amministrazione Cassani l&#8217;anno scorso per il progetto di riqualificazione della piazza antistante la stazione, gli ambientalisti avevano anche fatto ricorso al Tar per l&#8217;abbattimento di otto alberi.<\/p>\n<p>Si prosegue gioved\u00ec <strong>26 maggio<\/strong>, alle ore 21 con l&#8217;incontro &#8220;<strong>Il verde a Gallarate e nella citt\u00e0 urbana &#8211; un patrimonio a rischio<\/strong>&#8220;. \u00abFaremo un punto sulla situazione del verde a Gallarate insieme ad\u00a0<strong>Alessandro Borgini<\/strong>\u00a0di Iste (Associazione medici per l\u2019ambiente, <em>ndr<\/em>) che si focalizzer\u00e0 sull\u2019effetto benefico del patrimonio arboreo sui cittadini e Daniele Zanzi che parler\u00e0 delle politiche verdi in citt\u00e0\u00bb.<\/p>\n<p>Ci sar\u00e0 anche <strong>Valentina Minazzi<\/strong>, vicepresidente di Legambiente Lombardia che parler\u00e0 della perdita del patrimonio boschivo intorno a Malpensa, \u00abche penalizza in maniera negativa l\u2019urbanizzazione e la cementificazione molto forte\u00bb se si pensa a <a href=\"https:\/\/www.malpensanews.it\/2022\/05\/fumata-nera-sul-masterplan-malpensa-muro-contro-muro-tra-enac-e-parco-del-ticino\/873789\/\">Cargo city<\/a>, alla costruzione del Terminal 2 nel Parco del Ticino, all\u2019<a href=\"https:\/\/www.varesenews.it\/2022\/04\/parcheggi-verde-cosi-si-immagina-ospedale-busto-arsizio-gallarate\/1453101\/\">ospedale nuovo tra Busto Arsizio e Gallarate<\/a> (\u00abmetter\u00e0 in pericolo i boschi tra Samarate e Busto\u00bb).<\/p>\n<p>Per gli ambientalisti si tratta di una zona gi\u00e0 \u00abcon record negativo di consumo di suolo e che <strong>rischia di peggiorare a causa di questi interventi<\/strong>\u00bb.<\/p>\n<p>Infine, sabato <strong>11 giugno<\/strong> appuntamento al parco Bassetti (in foto) per una passeggiata alla scoperta del polmone verde con la guida di<strong> Lorenzo Gnocchi<\/strong>\u00a0di Legambiente Cassano Magnago. Appuntamento alle 17: \u00abPensiamo che questa citt\u00e0 abbia delle risorse e che queste debbano essere tutelate e le politiche cittadine devono puntare alla valorizzazione di queste realt\u00e0\u00bb, ha commentato\u00a0<strong>Raffaella Filippini<\/strong> di Legambiente.<\/p>\n<p>\u00abStiamo andando verso una cementificazione unica &#8211; ha continuato Filippini &#8211; la devastazione \u00e8 grande e continua, mentre abbiamo bisogno di capire che il verde ci pu\u00f2 dare qualcosa. Bisogna dare una spinta per il futuro: speriamo di <strong>riportare all\u2019attenzione i gallaratesi che sembrano un po\u2019 addormentati sul tema ambientale<\/strong> e pi\u00f9 attenti alla questione economica che, per\u00f2, se si guarda avanti nel tempo, rimane marginale\u00bb.<\/p>\n<p>Pastorelli ha poi evidenziato l&#8217;importanza della ricaduta economica che avrebbe un investimento sul verde:\u00a0\u00abInvestire sul verde, sull\u2019ambiente e sulla natura \u00e8 segno di lungimiranza: alla lunga sar\u00e0 produttivo perch\u00e9 eviter\u00e0 delle spese enormi e i costi della devastazione.<strong> Il cambiamento climatico, gli incendi e la desertificazione progressiva hanno dei costi economici e alla lunga i costi sono maggiori dei presunti profitti dell\u2019oggi<\/strong>\u00bb.<\/p>\n<h3>L&#8217;approccio &#8220;superficiale&#8221; dell&#8217;amministrazione<\/h3>\n<p>Le due associazioni hanno poi ricordato l&#8217;incontro con l&#8217;ufficio tecnico a inizio anno, \u00abe in quell&#8217;occasione abbiamo capito che\u00a0l\u2019approccio dell&#8217;amministrazione alla questione del verde urbano non \u00e8 improntato a un&#8217;idea di programmazione e di progettualit\u00e0, ma pi\u00f9 legata all<strong>\u2019improvvisazione e a un approccio superficiale<\/strong>\u00bb.<\/p>\n<p>\u00abIn questi mesi<strong> abbiamo cercato di contattare Rech per un incontro<\/strong> &#8211; ha aggiunto <strong>Filiberto Zago<\/strong> &#8211;\u00a0ha voluto sapere da noi l\u2019argomento <strong>ma aspettiamo ancora una sua risposta<\/strong>. A gennaio abbiamo fatto un incontro con i tecnici, noi avremmo voluto anche la parte politica per un confronto.<span class=\"Apple-converted-space\">\u00a0\u00a0<\/span>Lo abbiamo invitato alle nostre iniziative, cos\u00ec come a tutti i gruppi di maggioranza e opposizione\u00bb.<\/p>\n","protected":false},"excerpt":{"rendered":"<p>Rimettere al centro il tema ambientale e il verde urbano, questo l&#8217;obiettivo di Legambiente e del comitato Salviamo gli alberi, che sperano di risvegliare i gallaratesi &#8220;addormentarti riguardo il tema ambientale&#8221;<\/p>\n","protected":false},"author":15866,"featured_media":0,"comment_status":"open","ping_status":"open","sticky":false,"template":"","format":"standard","meta":{"footnotes":""},"categories":[3],"tags":[123726,30919],"acf":[],"yoast_head":"<!-- This site is optimized with the Yoast SEO plugin v20.1 - https:\/\/yoast.com\/wordpress\/plugins\/seo\/ -->\n<title>Tre incontri per ripensare il verde di Gallarate<\/title>\n<meta name=\"description\" content=\"Rimettere al centro il tema ambientale e il verde urbano, questo l&#039;obiettivo di Legambiente e del comitato Salviamo gli alberi, che sperano di risvegliare i gallaratesi &quot;addormentarti riguardo il tema ambientale&quot;\" \/>\n<meta name=\"robots\" content=\"noindex, follow, max-snippet:-1, max-image-preview:large, max-video-preview:-1\" \/>\n<meta property=\"og:locale\" content=\"it_IT\" \/>\n<meta property=\"og:type\" content=\"article\" \/>\n<meta property=\"og:title\" content=\"Tre incontri per ripensare il verde di Gallarate\" \/>\n<meta property=\"og:description\" content=\"Rimettere al centro il tema ambientale e il verde urbano, questo l&#039;obiettivo di Legambiente e del comitato Salviamo gli alberi, che sperano di risvegliare i gallaratesi &quot;addormentarti riguardo il tema ambientale&quot;\" \/>\n<meta property=\"og:url\" content=\"https:\/\/staging.varesenews.it\/2022\/05\/tre-incontri-ripensare-verde-gallarate\/1464396\/\" \/>\n<meta property=\"og:site_name\" content=\"VareseNews\" \/>\n<meta property=\"article:publisher\" content=\"https:\/\/www.facebook.com\/varesenews\" \/>\n<meta property=\"article:published_time\" content=\"2022-05-19T16:39:27+00:00\" \/>\n<meta property=\"article:modified_time\" content=\"2022-05-20T06:14:40+00:00\" \/>\n<meta name=\"author\" content=\"Nicole Erbetti\" \/>\n<meta name=\"twitter:card\" content=\"summary_large_image\" \/>\n<meta name=\"twitter:creator\" content=\"@varesenews\" \/>\n<meta name=\"twitter:site\" content=\"@varesenews\" \/>\n<meta name=\"twitter:label1\" content=\"Scritto da\" \/>\n\t<meta name=\"twitter:data1\" content=\"Nicole Erbetti\" \/>\n\t<meta name=\"twitter:label2\" content=\"Tempo di lettura stimato\" \/>\n\t<meta name=\"twitter:data2\" content=\"3 minuti\" \/>\n<script type=\"application\/ld+json\" class=\"yoast-schema-graph\">{\"@context\":\"https:\/\/schema.org\",\"@graph\":[{\"@type\":\"WebPage\",\"@id\":\"https:\/\/staging.varesenews.it\/2022\/05\/tre-incontri-ripensare-verde-gallarate\/1464396\/\",\"url\":\"https:\/\/staging.varesenews.it\/2022\/05\/tre-incontri-ripensare-verde-gallarate\/1464396\/\",\"name\":\"Tre incontri per ripensare il verde di Gallarate\",\"isPartOf\":{\"@id\":\"https:\/\/staging.varesenews.it\/#website\"},\"datePublished\":\"2022-05-19T16:39:27+00:00\",\"dateModified\":\"2022-05-20T06:14:40+00:00\",\"author\":{\"@id\":\"https:\/\/staging.varesenews.it\/#\/schema\/person\/8b180378471627e56865b54b75644650\"},\"description\":\"Rimettere al centro il tema ambientale e il verde urbano, questo l'obiettivo di Legambiente e del comitato Salviamo gli alberi, che sperano di risvegliare i gallaratesi \\\"addormentarti riguardo il tema ambientale\\\"\",\"breadcrumb\":{\"@id\":\"https:\/\/staging.varesenews.it\/2022\/05\/tre-incontri-ripensare-verde-gallarate\/1464396\/#breadcrumb\"},\"inLanguage\":\"it-IT\",\"potentialAction\":[{\"@type\":\"ReadAction\",\"target\":[\"https:\/\/staging.varesenews.it\/2022\/05\/tre-incontri-ripensare-verde-gallarate\/1464396\/\"]}]},{\"@type\":\"BreadcrumbList\",\"@id\":\"https:\/\/staging.varesenews.it\/2022\/05\/tre-incontri-ripensare-verde-gallarate\/1464396\/#breadcrumb\",\"itemListElement\":[{\"@type\":\"ListItem\",\"position\":1,\"name\":\"Home\",\"item\":\"https:\/\/www.varesenews.it\/\"},{\"@type\":\"ListItem\",\"position\":2,\"name\":\"Tre incontri per ripensare il verde di Gallarate\"}]},{\"@type\":\"WebSite\",\"@id\":\"https:\/\/staging.varesenews.it\/#website\",\"url\":\"https:\/\/staging.varesenews.it\/\",\"name\":\"VareseNews\",\"description\":\"\",\"potentialAction\":[{\"@type\":\"SearchAction\",\"target\":{\"@type\":\"EntryPoint\",\"urlTemplate\":\"https:\/\/staging.varesenews.it\/?s={search_term_string}\"},\"query-input\":\"required name=search_term_string\"}],\"inLanguage\":\"it-IT\"},{\"@type\":\"Person\",\"@id\":\"https:\/\/staging.varesenews.it\/#\/schema\/person\/8b180378471627e56865b54b75644650\",\"name\":\"Nicole Erbetti\",\"image\":{\"@type\":\"ImageObject\",\"inLanguage\":\"it-IT\",\"@id\":\"https:\/\/staging.varesenews.it\/#\/schema\/person\/image\/\",\"url\":\"https:\/\/staging.varesenews.it\/wp-content\/uploads\/2020\/12\/nicole_erbetti_colori_500.jpg\",\"contentUrl\":\"https:\/\/staging.varesenews.it\/wp-content\/uploads\/2020\/12\/nicole_erbetti_colori_500.jpg\",\"caption\":\"Nicole Erbetti\"},\"description\":\"Classe 1995 e una laurea in Lettere. \u201cNata\u201d a VareseNews nel 2019 e co-responsabile di MalpensaNews. Mi occupo di cronaca politica e di storie in quella biosfera a met\u00e0 tra la vecchia anima provinciale e la Milano metropolitana che \u00e8 il gallaratese: insomma, \u00e8 un po\u2019 in bilico come me. Quando non scrivo leggo, recito, contemplo il Lago Maggiore o scappo in un paesaggio alpino.\u00a0\",\"url\":\"https:\/\/staging.varesenews.it\/persona\/nicole-erbetti\/\"}]}<\/script>\n<!-- \/ Yoast SEO plugin. -->","yoast_head_json":{"title":"Tre incontri per ripensare il verde di Gallarate","description":"Rimettere al centro il tema ambientale e il verde urbano, questo l'obiettivo di Legambiente e del comitato Salviamo gli alberi, che sperano di risvegliare i gallaratesi \"addormentarti riguardo il tema ambientale\"","robots":{"index":"noindex","follow":"follow","max-snippet":"max-snippet:-1","max-image-preview":"max-image-preview:large","max-video-preview":"max-video-preview:-1"},"og_locale":"it_IT","og_type":"article","og_title":"Tre incontri per ripensare il verde di Gallarate","og_description":"Rimettere al centro il tema ambientale e il verde urbano, questo l'obiettivo di Legambiente e del comitato Salviamo gli alberi, che sperano di risvegliare i gallaratesi \"addormentarti riguardo il tema ambientale\"","og_url":"https:\/\/staging.varesenews.it\/2022\/05\/tre-incontri-ripensare-verde-gallarate\/1464396\/","og_site_name":"VareseNews","article_publisher":"https:\/\/www.facebook.com\/varesenews","article_published_time":"2022-05-19T16:39:27+00:00","article_modified_time":"2022-05-20T06:14:40+00:00","author":"Nicole Erbetti","twitter_card":"summary_large_image","twitter_creator":"@varesenews","twitter_site":"@varesenews","twitter_misc":{"Scritto da":"Nicole Erbetti","Tempo di lettura stimato":"3 minuti"},"schema":{"@context":"https:\/\/schema.org","@graph":[{"@type":"WebPage","@id":"https:\/\/staging.varesenews.it\/2022\/05\/tre-incontri-ripensare-verde-gallarate\/1464396\/","url":"https:\/\/staging.varesenews.it\/2022\/05\/tre-incontri-ripensare-verde-gallarate\/1464396\/","name":"Tre incontri per ripensare il verde di Gallarate","isPartOf":{"@id":"https:\/\/staging.varesenews.it\/#website"},"datePublished":"2022-05-19T16:39:27+00:00","dateModified":"2022-05-20T06:14:40+00:00","author":{"@id":"https:\/\/staging.varesenews.it\/#\/schema\/person\/8b180378471627e56865b54b75644650"},"description":"Rimettere al centro il tema ambientale e il verde urbano, questo l'obiettivo di Legambiente e del comitato Salviamo gli alberi, che sperano di risvegliare i gallaratesi \"addormentarti riguardo il tema ambientale\"","breadcrumb":{"@id":"https:\/\/staging.varesenews.it\/2022\/05\/tre-incontri-ripensare-verde-gallarate\/1464396\/#breadcrumb"},"inLanguage":"it-IT","potentialAction":[{"@type":"ReadAction","target":["https:\/\/staging.varesenews.it\/2022\/05\/tre-incontri-ripensare-verde-gallarate\/1464396\/"]}]},{"@type":"BreadcrumbList","@id":"https:\/\/staging.varesenews.it\/2022\/05\/tre-incontri-ripensare-verde-gallarate\/1464396\/#breadcrumb","itemListElement":[{"@type":"ListItem","position":1,"name":"Home","item":"https:\/\/www.varesenews.it\/"},{"@type":"ListItem","position":2,"name":"Tre incontri per ripensare il verde di Gallarate"}]},{"@type":"WebSite","@id":"https:\/\/staging.varesenews.it\/#website","url":"https:\/\/staging.varesenews.it\/","name":"VareseNews","description":"","potentialAction":[{"@type":"SearchAction","target":{"@type":"EntryPoint","urlTemplate":"https:\/\/staging.varesenews.it\/?s={search_term_string}"},"query-input":"required name=search_term_string"}],"inLanguage":"it-IT"},{"@type":"Person","@id":"https:\/\/staging.varesenews.it\/#\/schema\/person\/8b180378471627e56865b54b75644650","name":"Nicole Erbetti","image":{"@type":"ImageObject","inLanguage":"it-IT","@id":"https:\/\/staging.varesenews.it\/#\/schema\/person\/image\/","url":"https:\/\/staging.varesenews.it\/wp-content\/uploads\/2020\/12\/nicole_erbetti_colori_500.jpg","contentUrl":"https:\/\/staging.varesenews.it\/wp-content\/uploads\/2020\/12\/nicole_erbetti_colori_500.jpg","caption":"Nicole Erbetti"},"description":"Classe 1995 e una laurea in Lettere. \u201cNata\u201d a VareseNews nel 2019 e co-responsabile di MalpensaNews. Mi occupo di cronaca politica e di storie in quella biosfera a met\u00e0 tra la vecchia anima provinciale e la Milano metropolitana che \u00e8 il gallaratese: insomma, \u00e8 un po\u2019 in bilico come me. Quando non scrivo leggo, recito, contemplo il Lago Maggiore o scappo in un paesaggio alpino.\u00a0","url":"https:\/\/staging.varesenews.it\/persona\/nicole-erbetti\/"}]}},"post_meta":{"content-image-gallery":"","_edit_lock":"1653027337:15866","_edit_last":"15866","_category_permalink":"a:1:{s:8:\"category\";s:0:\"\";}","foto":"1213891","argomento":"Gallarate","_yoast_wpseo_focuskw_text_input":"Gallarate","_yoast_wpseo_focuskw":"Gallarate","_yoast_wpseo_linkdex":"70","_yoast_wpseo_content_score":"30","_jd_tweet_this":"yes","_encloseme":"1","ratings_users":"0","ratings_score":"0","ratings_average":"0","_wpt_short_url":"https:\/\/www.varesenews.it\/2022\/05\/tre-incontri-ripensare-verde-gallarate\/1464396\/","_wp_jd_target":"https:\/\/www.varesenews.it\/2022\/05\/tre-incontri-ripensare-verde-gallarate\/1464396\/","_jd_wp_twitter":"a:1:{i:0;s:131:\"Tre incontri per ripensare il verde di Gallarate https:\/\/www.varesenews.it\/2022\/05\/tre-incontri-ripensare-verde-gallarate\/1464396\/ \";}","_wpt_status_message":"Tweet inviato con successo."},"photos":[{"original":"https:\/\/staging.varesenews.it\/photogallery_new\/images\/2021\/04\/parco-bassetti-gallarate-1213891.jpg","full":"https:\/\/staging.varesenews.it\/photogallery_new\/images\/2021\/04\/parco-bassetti-gallarate-1213891.1024x768.jpg","large":"https:\/\/staging.varesenews.it\/photogallery_new\/images\/2021\/04\/parco-bassetti-gallarate-1213891.610x431.jpg"}],"_links":{"self":[{"href":"https:\/\/staging.varesenews.it\/swgapi\/v1\/wp\/v2\/posts\/1464396"}],"collection":[{"href":"https:\/\/staging.varesenews.it\/swgapi\/v1\/wp\/v2\/posts"}],"about":[{"href":"https:\/\/staging.varesenews.it\/swgapi\/v1\/wp\/v2\/types\/post"}],"author":[{"embeddable":true,"href":"https:\/\/staging.varesenews.it\/swgapi\/v1\/wp\/v2\/users\/15866"}],"replies":[{"embeddable":true,"href":"https:\/\/staging.varesenews.it\/swgapi\/v1\/wp\/v2\/comments?post=1464396"}],"version-history":[{"count":0,"href":"https:\/\/staging.varesenews.it\/swgapi\/v1\/wp\/v2\/posts\/1464396\/revisions"}],"wp:attachment":[{"href":"https:\/\/staging.varesenews.it\/swgapi\/v1\/wp\/v2\/media?parent=1464396"}],"wp:term":[{"taxonomy":"category","embeddable":true,"href":"https:\/\/staging.varesenews.it\/swgapi\/v1\/wp\/v2\/categories?post=1464396"},{"taxonomy":"post_tag","embeddable":true,"href":"https:\/\/staging.varesenews.it\/swgapi\/v1\/wp\/v2\/tags?post=1464396"}],"curies":[{"name":"wp","href":"https:\/\/api.w.org\/{rel}","templated":true}]}}