{"id":1466187,"date":"2022-05-24T23:38:25","date_gmt":"2022-05-24T21:38:25","guid":{"rendered":"https:\/\/www.varesenews.it\/?p=1466187"},"modified":"2022-05-24T23:38:25","modified_gmt":"2022-05-24T21:38:25","slug":"incidente-stradale-solbiate-olona-si-ribalta-unauto-soccorso-un-25enne","status":"publish","type":"post","link":"https:\/\/staging.varesenews.it\/2022\/05\/incidente-stradale-solbiate-olona-si-ribalta-unauto-soccorso-un-25enne\/1466187\/","title":{"rendered":"Incidente stradale a Solbiate Olona, si ribalta un&#8217;auto. Soccorso un 25enne"},"content":{"rendered":"<p>Nella sera di <strong>marted\u00ec 24 maggio<\/strong> si \u00e8 verificato un incidente stradale a <strong>Solbiate Olona<\/strong>. Un&#8217;auto con a bordo un <strong>25enne<\/strong> si \u00e8 ribaltata lungo la strada provinciale tra Busto Arsizio e Solbiate Olona. L&#8217;incidente \u00e8 avvenuto poco prima delle 23 e sul posto \u00e8 intervenuta <strong>un&#8217;ambulanza della croce rossa di Busto<\/strong>. Allertati anche i carabinieri (<em><strong>Foto di repertorio<\/strong><\/em>).<\/p>\n","protected":false},"excerpt":{"rendered":"<p>L&#8217;incidente \u00e8 avvenuto poco prima delle 23 e sul posto \u00e8 intervenuta un&#8217;ambulanza della croce rossa di Busto<\/p>\n","protected":false},"author":52,"featured_media":0,"comment_status":"open","ping_status":"open","sticky":false,"template":"","format":"standard","meta":{"footnotes":""},"categories":[4],"tags":[1039],"acf":[],"yoast_head":"<!-- This site is optimized with the Yoast SEO plugin v20.1 - https:\/\/yoast.com\/wordpress\/plugins\/seo\/ -->\n<title>Incidente stradale a Solbiate Olona, si ribalta un&#039;auto. Soccorso un 25enne<\/title>\n<meta name=\"description\" content=\"L&#039;incidente \u00e8 avvenuto poco prima delle 23 e sul posto \u00e8 intervenuta un&#039;ambulanza della croce rossa di Busto\" \/>\n<meta name=\"robots\" content=\"noindex, follow, max-snippet:-1, max-image-preview:large, max-video-preview:-1\" \/>\n<meta property=\"og:locale\" content=\"it_IT\" \/>\n<meta property=\"og:type\" content=\"article\" \/>\n<meta property=\"og:title\" content=\"Incidente stradale a Solbiate Olona, si ribalta un&#039;auto. Soccorso un 25enne\" \/>\n<meta property=\"og:description\" content=\"L&#039;incidente \u00e8 avvenuto poco prima delle 23 e sul posto \u00e8 intervenuta un&#039;ambulanza della croce rossa di Busto\" \/>\n<meta property=\"og:url\" content=\"https:\/\/staging.varesenews.it\/2022\/05\/incidente-stradale-solbiate-olona-si-ribalta-unauto-soccorso-un-25enne\/1466187\/\" \/>\n<meta property=\"og:site_name\" content=\"VareseNews\" \/>\n<meta property=\"article:publisher\" content=\"https:\/\/www.facebook.com\/varesenews\" \/>\n<meta property=\"article:published_time\" content=\"2022-05-24T21:38:25+00:00\" \/>\n<meta name=\"author\" content=\"Tomaso Bassani\" \/>\n<meta name=\"twitter:card\" content=\"summary_large_image\" \/>\n<meta name=\"twitter:creator\" content=\"@varesenews\" \/>\n<meta name=\"twitter:site\" content=\"@varesenews\" \/>\n<meta name=\"twitter:label1\" content=\"Scritto da\" \/>\n\t<meta name=\"twitter:data1\" content=\"Tomaso Bassani\" \/>\n<script type=\"application\/ld+json\" class=\"yoast-schema-graph\">{\"@context\":\"https:\/\/schema.org\",\"@graph\":[{\"@type\":\"WebPage\",\"@id\":\"https:\/\/staging.varesenews.it\/2022\/05\/incidente-stradale-solbiate-olona-si-ribalta-unauto-soccorso-un-25enne\/1466187\/\",\"url\":\"https:\/\/staging.varesenews.it\/2022\/05\/incidente-stradale-solbiate-olona-si-ribalta-unauto-soccorso-un-25enne\/1466187\/\",\"name\":\"Incidente stradale a Solbiate Olona, si ribalta un'auto. Soccorso un 25enne\",\"isPartOf\":{\"@id\":\"https:\/\/staging.varesenews.it\/#website\"},\"datePublished\":\"2022-05-24T21:38:25+00:00\",\"dateModified\":\"2022-05-24T21:38:25+00:00\",\"author\":{\"@id\":\"https:\/\/staging.varesenews.it\/#\/schema\/person\/f8cc543029c96c954a35c042e01892bb\"},\"description\":\"L'incidente \u00e8 avvenuto poco prima delle 23 e sul posto \u00e8 intervenuta un'ambulanza della croce rossa di Busto\",\"breadcrumb\":{\"@id\":\"https:\/\/staging.varesenews.it\/2022\/05\/incidente-stradale-solbiate-olona-si-ribalta-unauto-soccorso-un-25enne\/1466187\/#breadcrumb\"},\"inLanguage\":\"it-IT\",\"potentialAction\":[{\"@type\":\"ReadAction\",\"target\":[\"https:\/\/staging.varesenews.it\/2022\/05\/incidente-stradale-solbiate-olona-si-ribalta-unauto-soccorso-un-25enne\/1466187\/\"]}]},{\"@type\":\"BreadcrumbList\",\"@id\":\"https:\/\/staging.varesenews.it\/2022\/05\/incidente-stradale-solbiate-olona-si-ribalta-unauto-soccorso-un-25enne\/1466187\/#breadcrumb\",\"itemListElement\":[{\"@type\":\"ListItem\",\"position\":1,\"name\":\"Home\",\"item\":\"https:\/\/www.varesenews.it\/\"},{\"@type\":\"ListItem\",\"position\":2,\"name\":\"Incidente stradale a Solbiate Olona, si ribalta un&#8217;auto. Soccorso un 25enne\"}]},{\"@type\":\"WebSite\",\"@id\":\"https:\/\/staging.varesenews.it\/#website\",\"url\":\"https:\/\/staging.varesenews.it\/\",\"name\":\"VareseNews\",\"description\":\"\",\"potentialAction\":[{\"@type\":\"SearchAction\",\"target\":{\"@type\":\"EntryPoint\",\"urlTemplate\":\"https:\/\/staging.varesenews.it\/?s={search_term_string}\"},\"query-input\":\"required name=search_term_string\"}],\"inLanguage\":\"it-IT\"},{\"@type\":\"Person\",\"@id\":\"https:\/\/staging.varesenews.it\/#\/schema\/person\/f8cc543029c96c954a35c042e01892bb\",\"name\":\"Tomaso Bassani\",\"image\":{\"@type\":\"ImageObject\",\"inLanguage\":\"it-IT\",\"@id\":\"https:\/\/staging.varesenews.it\/#\/schema\/person\/image\/\",\"url\":\"https:\/\/staging.varesenews.it\/wp-content\/uploads\/2020\/12\/tomaso_bassani_colori_500.jpg\",\"contentUrl\":\"https:\/\/staging.varesenews.it\/wp-content\/uploads\/2020\/12\/tomaso_bassani_colori_500.jpg\",\"caption\":\"Tomaso Bassani\"},\"description\":\"Sono nato nel 1988 e questo ha fatto s&igrave; che la mia vita sia coincisa con l'epoca di pi&ugrave; grande e veloce cambiamento della storia. Sono giornalista e caporedattore di Varesenews. Ho un master in data analysis, una laurea in storia e una formazione superiore commerciale. Sono cresciuto tra scout, tavola a rotelle, impegno associativo (in quella grande esperienza giovanile che &egrave; stato l&rsquo;Albizzate Valley Festival) e cooperativo (Circolo The Family di Albizzate). Per passione mi occupo di dati, videomaking, fotografia, scrittura e web. Per lavoro anche.&nbsp;\",\"sameAs\":[\"tomasobassani\",\"https:\/\/www.linkedin.com\/profile\/view?id=102759293&trk=nav_responsive_tab_profile\"],\"url\":\"https:\/\/staging.varesenews.it\/persona\/tomaso-bassani\/\"}]}<\/script>\n<!-- \/ Yoast SEO plugin. -->","yoast_head_json":{"title":"Incidente stradale a Solbiate Olona, si ribalta un'auto. Soccorso un 25enne","description":"L'incidente \u00e8 avvenuto poco prima delle 23 e sul posto \u00e8 intervenuta un'ambulanza della croce rossa di Busto","robots":{"index":"noindex","follow":"follow","max-snippet":"max-snippet:-1","max-image-preview":"max-image-preview:large","max-video-preview":"max-video-preview:-1"},"og_locale":"it_IT","og_type":"article","og_title":"Incidente stradale a Solbiate Olona, si ribalta un'auto. Soccorso un 25enne","og_description":"L'incidente \u00e8 avvenuto poco prima delle 23 e sul posto \u00e8 intervenuta un'ambulanza della croce rossa di Busto","og_url":"https:\/\/staging.varesenews.it\/2022\/05\/incidente-stradale-solbiate-olona-si-ribalta-unauto-soccorso-un-25enne\/1466187\/","og_site_name":"VareseNews","article_publisher":"https:\/\/www.facebook.com\/varesenews","article_published_time":"2022-05-24T21:38:25+00:00","author":"Tomaso Bassani","twitter_card":"summary_large_image","twitter_creator":"@varesenews","twitter_site":"@varesenews","twitter_misc":{"Scritto da":"Tomaso Bassani"},"schema":{"@context":"https:\/\/schema.org","@graph":[{"@type":"WebPage","@id":"https:\/\/staging.varesenews.it\/2022\/05\/incidente-stradale-solbiate-olona-si-ribalta-unauto-soccorso-un-25enne\/1466187\/","url":"https:\/\/staging.varesenews.it\/2022\/05\/incidente-stradale-solbiate-olona-si-ribalta-unauto-soccorso-un-25enne\/1466187\/","name":"Incidente stradale a Solbiate Olona, si ribalta un'auto. Soccorso un 25enne","isPartOf":{"@id":"https:\/\/staging.varesenews.it\/#website"},"datePublished":"2022-05-24T21:38:25+00:00","dateModified":"2022-05-24T21:38:25+00:00","author":{"@id":"https:\/\/staging.varesenews.it\/#\/schema\/person\/f8cc543029c96c954a35c042e01892bb"},"description":"L'incidente \u00e8 avvenuto poco prima delle 23 e sul posto \u00e8 intervenuta un'ambulanza della croce rossa di Busto","breadcrumb":{"@id":"https:\/\/staging.varesenews.it\/2022\/05\/incidente-stradale-solbiate-olona-si-ribalta-unauto-soccorso-un-25enne\/1466187\/#breadcrumb"},"inLanguage":"it-IT","potentialAction":[{"@type":"ReadAction","target":["https:\/\/staging.varesenews.it\/2022\/05\/incidente-stradale-solbiate-olona-si-ribalta-unauto-soccorso-un-25enne\/1466187\/"]}]},{"@type":"BreadcrumbList","@id":"https:\/\/staging.varesenews.it\/2022\/05\/incidente-stradale-solbiate-olona-si-ribalta-unauto-soccorso-un-25enne\/1466187\/#breadcrumb","itemListElement":[{"@type":"ListItem","position":1,"name":"Home","item":"https:\/\/www.varesenews.it\/"},{"@type":"ListItem","position":2,"name":"Incidente stradale a Solbiate Olona, si ribalta un&#8217;auto. Soccorso un 25enne"}]},{"@type":"WebSite","@id":"https:\/\/staging.varesenews.it\/#website","url":"https:\/\/staging.varesenews.it\/","name":"VareseNews","description":"","potentialAction":[{"@type":"SearchAction","target":{"@type":"EntryPoint","urlTemplate":"https:\/\/staging.varesenews.it\/?s={search_term_string}"},"query-input":"required name=search_term_string"}],"inLanguage":"it-IT"},{"@type":"Person","@id":"https:\/\/staging.varesenews.it\/#\/schema\/person\/f8cc543029c96c954a35c042e01892bb","name":"Tomaso Bassani","image":{"@type":"ImageObject","inLanguage":"it-IT","@id":"https:\/\/staging.varesenews.it\/#\/schema\/person\/image\/","url":"https:\/\/staging.varesenews.it\/wp-content\/uploads\/2020\/12\/tomaso_bassani_colori_500.jpg","contentUrl":"https:\/\/staging.varesenews.it\/wp-content\/uploads\/2020\/12\/tomaso_bassani_colori_500.jpg","caption":"Tomaso Bassani"},"description":"Sono nato nel 1988 e questo ha fatto s&igrave; che la mia vita sia coincisa con l'epoca di pi&ugrave; grande e veloce cambiamento della storia. Sono giornalista e caporedattore di Varesenews. Ho un master in data analysis, una laurea in storia e una formazione superiore commerciale. Sono cresciuto tra scout, tavola a rotelle, impegno associativo (in quella grande esperienza giovanile che &egrave; stato l&rsquo;Albizzate Valley Festival) e cooperativo (Circolo The Family di Albizzate). Per passione mi occupo di dati, videomaking, fotografia, scrittura e web. Per lavoro anche.&nbsp;","sameAs":["tomasobassani","https:\/\/www.linkedin.com\/profile\/view?id=102759293&trk=nav_responsive_tab_profile"],"url":"https:\/\/staging.varesenews.it\/persona\/tomaso-bassani\/"}]}},"post_meta":{"content-image-gallery":"","_edit_lock":"1653596397:52","_edit_last":"52","_category_permalink":"a:1:{s:8:\"category\";s:0:\"\";}","_encloseme":"1","ratings_users":"0","ratings_score":"0","ratings_average":"0","foto":"1304030","firma_come_redazione":"1","argomento":"Solbiate Olona","_yoast_wpseo_focuskw_text_input":"incidente","_yoast_wpseo_focuskw":"incidente","_yoast_wpseo_linkdex":"46","_yoast_wpseo_content_score":"60","_jd_tweet_this":"yes","_wpt_short_url":"https:\/\/www.varesenews.it\/2022\/05\/incidente-stradale-solbiate-olona-si-ribalta-unauto-soccorso-un-25enne\/1466187\/","_wp_jd_target":"https:\/\/www.varesenews.it\/2022\/05\/incidente-stradale-solbiate-olona-si-ribalta-unauto-soccorso-un-25enne\/1466187\/","_jd_wp_twitter":"a:1:{i:0;s:192:\"Incidente stradale a Solbiate Olona, si ribalta un\u2019auto. Soccorso un 25enne https:\/\/www.varesenews.it\/2022\/05\/incidente-stradale-solbiate-olona-si-ribalta-unauto-soccorso-un-25enne\/1466187\/ \";}","_wpt_status_message":"Tweet inviato con successo.","_oembed_ec393a5e7d0373dc6199218d9a307e27":"<blockquote class=\"wp-embedded-content\" data-secret=\"I1AwBD0ixH\"><a href=\"https:\/\/www.varesenews.it\/2022\/05\/frontalieri-chiedono-chiarezza-sullassegno-unico-cosi-ci-penalizza\/1461794\/\">I frontalieri chiedono chiarezza sull&#8217;assegno unico: &#8220;Cos\u00ec ci penalizza&#8221;<\/a><\/blockquote><iframe class=\"wp-embedded-content\" sandbox=\"allow-scripts\" security=\"restricted\" style=\"position: absolute; clip: rect(1px, 1px, 1px, 1px);\" src=\"https:\/\/www.varesenews.it\/2022\/05\/frontalieri-chiedono-chiarezza-sullassegno-unico-cosi-ci-penalizza\/1461794\/embed\/#?secret=I1AwBD0ixH\" data-secret=\"I1AwBD0ixH\" width=\"500\" height=\"282\" title=\"&#8220;I frontalieri chiedono chiarezza sull&#8217;assegno unico: &#8220;Cos\u00ec ci penalizza&#8221;&#8221; &#8212; VareseNews\" frameborder=\"0\" marginwidth=\"0\" marginheight=\"0\" scrolling=\"no\"><\/iframe>","_oembed_time_ec393a5e7d0373dc6199218d9a307e27":"1653428851","_oembed_5637eb1c054a9410365c781aa7f02dda":"<blockquote class=\"wp-embedded-content\" data-secret=\"9Cr0U89M5y\"><a href=\"https:\/\/www.varesenews.it\/2022\/05\/copia-di-eventi-per-bambini-nel-weekend-dal-6-all8-maggio-tra-varese-e-provincia\/1461765\/\">Eventi per bambini nel weekend del 13, 14 e 15 maggio tra Varese e provincia<\/a><\/blockquote><iframe class=\"wp-embedded-content\" sandbox=\"allow-scripts\" security=\"restricted\" style=\"position: absolute; clip: rect(1px, 1px, 1px, 1px);\" src=\"https:\/\/www.varesenews.it\/2022\/05\/copia-di-eventi-per-bambini-nel-weekend-dal-6-all8-maggio-tra-varese-e-provincia\/1461765\/embed\/#?secret=9Cr0U89M5y\" data-secret=\"9Cr0U89M5y\" width=\"500\" height=\"282\" title=\"&#8220;Eventi per bambini nel weekend del 13, 14 e 15 maggio tra Varese e provincia&#8221; &#8212; VareseNews\" frameborder=\"0\" marginwidth=\"0\" marginheight=\"0\" scrolling=\"no\"><\/iframe>","_oembed_time_5637eb1c054a9410365c781aa7f02dda":"1653428851","_oembed_949e01553c4bf8187c22c270dc3b95d5":"<blockquote class=\"wp-embedded-content\" data-secret=\"MzyHPzc0mR\"><a href=\"https:\/\/www.verbanonews.it\/aree-geografiche\/lago-maggiore\/2022\/05\/13\/cosa-fare-nel-weekend-del-67-e-8-maggio-sul-lago-maggiore\/943494\/\">Cosa fare nel weekend del 13, 14 e 15 maggio sul Lago Maggiore<\/a><\/blockquote><iframe class=\"wp-embedded-content\" sandbox=\"allow-scripts\" security=\"restricted\" style=\"position: absolute; clip: rect(1px, 1px, 1px, 1px);\" src=\"https:\/\/www.verbanonews.it\/aree-geografiche\/lago-maggiore\/2022\/05\/13\/cosa-fare-nel-weekend-del-67-e-8-maggio-sul-lago-maggiore\/943494\/embed\/#?secret=MzyHPzc0mR\" data-secret=\"MzyHPzc0mR\" width=\"500\" height=\"282\" title=\"&#8220;Cosa fare nel weekend del 13, 14 e 15 maggio sul Lago Maggiore&#8221; &#8212; VerbanoNews\" frameborder=\"0\" marginwidth=\"0\" marginheight=\"0\" scrolling=\"no\"><\/iframe>","_oembed_time_949e01553c4bf8187c22c270dc3b95d5":"1653428853","_oembed_c7ca70493677d6821f6b282eb9eb7ceb":"<iframe width=\"500\" height=\"281\" src=\"https:\/\/www.youtube.com\/embed\/AE4ogEVW1nQ?feature=oembed\" frameborder=\"0\" allow=\"accelerometer; autoplay; clipboard-write; encrypted-media; gyroscope; picture-in-picture\" allowfullscreen><\/iframe>","_oembed_time_c7ca70493677d6821f6b282eb9eb7ceb":"1653428905","_oembed_be7d2bb0f762231a2b7679a059dd1923":"<iframe width=\"500\" height=\"281\" src=\"https:\/\/www.youtube.com\/embed\/ebC41zc-QF8?feature=oembed\" frameborder=\"0\" allow=\"accelerometer; autoplay; clipboard-write; encrypted-media; gyroscope; picture-in-picture\" allowfullscreen><\/iframe>","_oembed_time_be7d2bb0f762231a2b7679a059dd1923":"1653428905","_oembed_006ccc2c30d1aba26f73c11d61a6edb7":"<blockquote class=\"wp-embedded-content\" data-secret=\"JrVVMW5wLc\"><a href=\"https:\/\/www.legnanonews.com\/aree-geografiche\/legnano\/2022\/05\/20\/il-palio-in-diretta-streaming-con-legnanonews-e-i-partners-commerciali\/1028043\/\">Il Palio in diretta streaming con Legnanonews e i suoi sponsor<\/a><\/blockquote><iframe class=\"wp-embedded-content\" sandbox=\"allow-scripts\" security=\"restricted\" style=\"position: absolute; clip: rect(1px, 1px, 1px, 1px);\" src=\"https:\/\/www.legnanonews.com\/aree-geografiche\/legnano\/2022\/05\/20\/il-palio-in-diretta-streaming-con-legnanonews-e-i-partners-commerciali\/1028043\/embed\/#?secret=JrVVMW5wLc\" data-secret=\"JrVVMW5wLc\" width=\"500\" height=\"282\" title=\"&#8220;Il Palio in diretta streaming con Legnanonews e i suoi sponsor&#8221; &#8212; LegnanoNews\" frameborder=\"0\" marginwidth=\"0\" marginheight=\"0\" scrolling=\"no\"><\/iframe>","_oembed_time_006ccc2c30d1aba26f73c11d61a6edb7":"1653428906","_oembed_175b3023aedbb2eb8293df6366ac13aa":"<blockquote class=\"wp-embedded-content\" data-secret=\"T3Kqa6CoM8\"><a href=\"https:\/\/www.varesenews.it\/2022\/05\/matteo-gabbia-bambino-fagnano-olona-sognava-vincere-lo-scudetto-col-milan\/1465519\/\">Matteo Gabbia, il bambino di Fagnano Olona che sognava di vincere lo scudetto col Milan<\/a><\/blockquote><iframe class=\"wp-embedded-content\" sandbox=\"allow-scripts\" security=\"restricted\" style=\"position: absolute; clip: rect(1px, 1px, 1px, 1px);\" src=\"https:\/\/www.varesenews.it\/2022\/05\/matteo-gabbia-bambino-fagnano-olona-sognava-vincere-lo-scudetto-col-milan\/1465519\/embed\/#?secret=T3Kqa6CoM8\" data-secret=\"T3Kqa6CoM8\" width=\"500\" height=\"282\" title=\"&#8220;Matteo Gabbia, il bambino di Fagnano Olona che sognava di vincere lo scudetto col Milan&#8221; &#8212; VareseNews\" frameborder=\"0\" marginwidth=\"0\" marginheight=\"0\" scrolling=\"no\"><\/iframe>","_oembed_time_175b3023aedbb2eb8293df6366ac13aa":"1653428906","_oembed_496d983e48d8221509b4ff7186f96a91":"<iframe width=\"500\" height=\"281\" src=\"https:\/\/www.youtube.com\/embed\/k0Kru4QmO1o?feature=oembed\" frameborder=\"0\" allow=\"accelerometer; autoplay; clipboard-write; encrypted-media; gyroscope; picture-in-picture\" allowfullscreen><\/iframe>","_oembed_time_496d983e48d8221509b4ff7186f96a91":"1653428907","_oembed_2e9e5414a462179211ec1e50b048e9e8":"<blockquote class=\"wp-embedded-content\" data-secret=\"9UbLafFomO\"><a href=\"https:\/\/www.varesenews.it\/2021\/02\/lesempio-matteo-gabbia-gli-studenti-del-liceo-pantani-umilta-abnegazione\/1307562\/\">L&#8217;esempio di Matteo Gabbia per gli studenti del liceo Pantani: &#8220;Umilt\u00e0 e abnegazione&#8221;<\/a><\/blockquote><iframe class=\"wp-embedded-content\" sandbox=\"allow-scripts\" security=\"restricted\" style=\"position: absolute; clip: rect(1px, 1px, 1px, 1px);\" src=\"https:\/\/www.varesenews.it\/2021\/02\/lesempio-matteo-gabbia-gli-studenti-del-liceo-pantani-umilta-abnegazione\/1307562\/embed\/#?secret=9UbLafFomO\" data-secret=\"9UbLafFomO\" width=\"500\" height=\"282\" title=\"&#8220;L&#8217;esempio di Matteo Gabbia per gli studenti del liceo Pantani: &#8220;Umilt\u00e0 e abnegazione&#8221;&#8221; &#8212; VareseNews\" frameborder=\"0\" marginwidth=\"0\" marginheight=\"0\" scrolling=\"no\"><\/iframe>","_oembed_time_2e9e5414a462179211ec1e50b048e9e8":"1653428907","_oembed_17f3959dd34814158c271beba5400c1c":"<iframe style=\"border-radius: 12px\" width=\"100%\" height=\"380\" title=\"Spotify Embed: Space Shuttle\" frameborder=\"0\" allowfullscreen allow=\"autoplay; clipboard-write; encrypted-media; fullscreen; picture-in-picture\" src=\"https:\/\/open.spotify.com\/embed\/album\/5uD3ClVpHd6ve79hMSdDIU?si=cQHWubPqS_i3jVy_6OHk5g&utm_source=oembed\"><\/iframe>","_oembed_time_17f3959dd34814158c271beba5400c1c":"1653428939","_oembed_e9dba2d71ff29e545361f3c74778491b":"<blockquote class=\"wp-embedded-content\" data-secret=\"fh7365mrCa\"><a href=\"https:\/\/www.legnanonews.com\/aree-geografiche\/legnano\/2022\/03\/28\/primi-camion-allimpianto-per-il-biometano-a-legnano-gia-conferite-piu-di-40-tonnellate-di-verde\/1020652\/\">Primi camion all&#8217;impianto per il biometano a Legnano, gi\u00e0 conferite pi\u00f9 di 40 tonnellate di verde<\/a><\/blockquote><iframe class=\"wp-embedded-content\" sandbox=\"allow-scripts\" security=\"restricted\" style=\"position: absolute; clip: rect(1px, 1px, 1px, 1px);\" src=\"https:\/\/www.legnanonews.com\/aree-geografiche\/legnano\/2022\/03\/28\/primi-camion-allimpianto-per-il-biometano-a-legnano-gia-conferite-piu-di-40-tonnellate-di-verde\/1020652\/embed\/#?secret=fh7365mrCa\" data-secret=\"fh7365mrCa\" width=\"500\" height=\"282\" title=\"&#8220;Primi camion all&#8217;impianto per il biometano a Legnano, gi\u00e0 conferite pi\u00f9 di 40 tonnellate di verde&#8221; &#8212; LegnanoNews\" frameborder=\"0\" marginwidth=\"0\" marginheight=\"0\" scrolling=\"no\"><\/iframe>","_oembed_time_e9dba2d71ff29e545361f3c74778491b":"1653428941","_oembed_6886791f51f4f2b932896e68179c2d36":"<blockquote class=\"wp-embedded-content\" data-secret=\"FF6v08rQCg\"><a href=\"https:\/\/www.varesenews.it\/necrologie\/\">Necrologie<\/a><\/blockquote><iframe class=\"wp-embedded-content\" sandbox=\"allow-scripts\" security=\"restricted\" style=\"position: absolute; clip: rect(1px, 1px, 1px, 1px);\" src=\"https:\/\/www.varesenews.it\/necrologie\/embed\/#?secret=FF6v08rQCg\" data-secret=\"FF6v08rQCg\" width=\"500\" height=\"282\" title=\"&#8220;Necrologie&#8221; &#8212; VareseNews\" frameborder=\"0\" marginwidth=\"0\" marginheight=\"0\" scrolling=\"no\"><\/iframe>","_oembed_time_6886791f51f4f2b932896e68179c2d36":"1653428989","_oembed_48382a1089c7a0e15f9f6ce729a43318":"<blockquote class=\"wp-embedded-content\" data-secret=\"3Kt0ShhtlJ\"><a href=\"https:\/\/www.varesenews.it\/2022\/05\/malore-assiste-al-rally-valle-intelvi-salvato-uno-spettatore\/1465385\/\">Malore mentre assiste al rally in Valle Intelvi: salvato uno spettatore<\/a><\/blockquote><iframe class=\"wp-embedded-content\" sandbox=\"allow-scripts\" security=\"restricted\" style=\"position: absolute; clip: rect(1px, 1px, 1px, 1px);\" src=\"https:\/\/www.varesenews.it\/2022\/05\/malore-assiste-al-rally-valle-intelvi-salvato-uno-spettatore\/1465385\/embed\/#?secret=3Kt0ShhtlJ\" data-secret=\"3Kt0ShhtlJ\" width=\"500\" height=\"282\" title=\"&#8220;Malore mentre assiste al rally in Valle Intelvi: salvato uno spettatore&#8221; &#8212; VareseNews\" frameborder=\"0\" marginwidth=\"0\" marginheight=\"0\" scrolling=\"no\"><\/iframe>","_oembed_time_48382a1089c7a0e15f9f6ce729a43318":"1653429748","_oembed_0d2a520cad645d7ddbb82d7b740eab34":"<blockquote class=\"wp-embedded-content\" data-secret=\"ROYSHmg6w6\"><a href=\"https:\/\/www.varesenews.it\/2022\/05\/la-siccita-ticino-al-panperduto-resta-senza-senzacqua\/1457912\/\">La spettacolare diga sul Ticino al Panperduto ora \u00e8 completamente secca<\/a><\/blockquote><iframe class=\"wp-embedded-content\" sandbox=\"allow-scripts\" security=\"restricted\" style=\"position: absolute; clip: rect(1px, 1px, 1px, 1px);\" src=\"https:\/\/www.varesenews.it\/2022\/05\/la-siccita-ticino-al-panperduto-resta-senza-senzacqua\/1457912\/embed\/#?secret=ROYSHmg6w6\" data-secret=\"ROYSHmg6w6\" width=\"500\" height=\"282\" title=\"&#8220;La spettacolare diga sul Ticino al Panperduto ora \u00e8 completamente secca&#8221; &#8212; VareseNews\" frameborder=\"0\" marginwidth=\"0\" marginheight=\"0\" scrolling=\"no\"><\/iframe>","_oembed_time_0d2a520cad645d7ddbb82d7b740eab34":"1653429748","_oembed_df0c9ce570a156642249ca09157957fb":"<blockquote class=\"wp-embedded-content\" data-secret=\"coZTz4UpyE\"><a href=\"https:\/\/www.varesenews.it\/2022\/05\/vasto-incendio-allesterno-unazienda-venegono-superiore\/1465361\/\">Vasto incendio all&#8217;esterno di un&#8217;azienda di Venegono Inferiore<\/a><\/blockquote><iframe class=\"wp-embedded-content\" sandbox=\"allow-scripts\" security=\"restricted\" style=\"position: absolute; clip: rect(1px, 1px, 1px, 1px);\" src=\"https:\/\/www.varesenews.it\/2022\/05\/vasto-incendio-allesterno-unazienda-venegono-superiore\/1465361\/embed\/#?secret=coZTz4UpyE\" data-secret=\"coZTz4UpyE\" width=\"500\" height=\"282\" title=\"&#8220;Vasto incendio all&#8217;esterno di un&#8217;azienda di Venegono Inferiore&#8221; &#8212; VareseNews\" frameborder=\"0\" marginwidth=\"0\" marginheight=\"0\" scrolling=\"no\"><\/iframe>","_oembed_time_df0c9ce570a156642249ca09157957fb":"1653429973","_oembed_f92df8b11058e5b49a3bf716cb019ea3":"<blockquote class=\"wp-embedded-content\" data-secret=\"qbgKfYnftG\"><a href=\"https:\/\/www.varesenews.it\/2022\/05\/corridore-disc-jockey-della-eolo-kometa-ballare-la-squadra-al-giro-ditalia\/1464595\/\">Il corridore-disc jockey della Eolo-Kometa che fa ballare la squadra al Giro d&#8217;Italia<\/a><\/blockquote><iframe class=\"wp-embedded-content\" sandbox=\"allow-scripts\" security=\"restricted\" style=\"position: absolute; clip: rect(1px, 1px, 1px, 1px);\" src=\"https:\/\/www.varesenews.it\/2022\/05\/corridore-disc-jockey-della-eolo-kometa-ballare-la-squadra-al-giro-ditalia\/1464595\/embed\/#?secret=qbgKfYnftG\" data-secret=\"qbgKfYnftG\" width=\"500\" height=\"282\" title=\"&#8220;Il corridore-disc jockey della Eolo-Kometa che fa ballare la squadra al Giro d&#8217;Italia&#8221; &#8212; VareseNews\" frameborder=\"0\" marginwidth=\"0\" marginheight=\"0\" scrolling=\"no\"><\/iframe>","_oembed_time_f92df8b11058e5b49a3bf716cb019ea3":"1653430761","_oembed_48434b6ac959b9956c55551a33e9bdaf":"<iframe width=\"500\" height=\"281\" src=\"https:\/\/www.youtube.com\/embed\/rRYthmkTdNE?feature=oembed\" frameborder=\"0\" allow=\"accelerometer; autoplay; clipboard-write; encrypted-media; gyroscope; picture-in-picture\" allowfullscreen><\/iframe>","_oembed_time_48434b6ac959b9956c55551a33e9bdaf":"1653430762","_oembed_2b997905751301bba819198d98d9e13e":"<blockquote class=\"wp-embedded-content\" data-secret=\"arEbr8oyN3\"><a href=\"https:\/\/www.varesenews.it\/2021\/05\/storie-api-fiori-bellezza-varese-la-provincia-amica-degli-insetti-salveranno-mondo\/1341177\/\">Storie di api, fiori e bellezza: Varese, la provincia amica degli insetti che salveranno il mondo<\/a><\/blockquote><iframe class=\"wp-embedded-content\" sandbox=\"allow-scripts\" security=\"restricted\" style=\"position: absolute; clip: rect(1px, 1px, 1px, 1px);\" src=\"https:\/\/www.varesenews.it\/2021\/05\/storie-api-fiori-bellezza-varese-la-provincia-amica-degli-insetti-salveranno-mondo\/1341177\/embed\/#?secret=arEbr8oyN3\" data-secret=\"arEbr8oyN3\" width=\"500\" height=\"282\" title=\"&#8220;Storie di api, fiori e bellezza: Varese, la provincia amica degli insetti che salveranno il mondo&#8221; &#8212; VareseNews\" frameborder=\"0\" marginwidth=\"0\" marginheight=\"0\" scrolling=\"no\"><\/iframe>","_oembed_time_2b997905751301bba819198d98d9e13e":"1653430761","_oembed_9e2cf9226d490532b96bc7b3a8b4aa58":"<blockquote class=\"wp-embedded-content\" data-secret=\"i226OFVAnD\"><a href=\"https:\/\/www.varesenews.it\/2022\/05\/dabraio-cassano-2032-la-novita-avanti-la-nostra-strada\/1463616\/\">Dabraio e Cassano 2032: &#8220;Siamo la novit\u00e0, avanti per la nostra strada&#8221;<\/a><\/blockquote><iframe class=\"wp-embedded-content\" sandbox=\"allow-scripts\" security=\"restricted\" style=\"position: absolute; clip: rect(1px, 1px, 1px, 1px);\" src=\"https:\/\/www.varesenews.it\/2022\/05\/dabraio-cassano-2032-la-novita-avanti-la-nostra-strada\/1463616\/embed\/#?secret=i226OFVAnD\" data-secret=\"i226OFVAnD\" width=\"500\" height=\"282\" title=\"&#8220;Dabraio e Cassano 2032: &#8220;Siamo la novit\u00e0, avanti per la nostra strada&#8221;&#8221; &#8212; VareseNews\" frameborder=\"0\" marginwidth=\"0\" marginheight=\"0\" scrolling=\"no\"><\/iframe>","_oembed_time_9e2cf9226d490532b96bc7b3a8b4aa58":"1653434614","_oembed_645b7d4bb3eb568db37774e9dfafd0ee":"<blockquote class=\"wp-embedded-content\" data-secret=\"pTI3rhHGvu\"><a href=\"https:\/\/www.varesenews.it\/2021\/10\/gallarate-ad-amsterdam-michela-grasso-suo-primo-libro-la-mia-generazione-costretta-partire\/1392370\/\">Da Gallarate ad Amsterdam, Michela Grasso e il suo primo libro: &#8220;La mia generazione \u00e8 costretta a partire&#8221;<\/a><\/blockquote><iframe class=\"wp-embedded-content\" sandbox=\"allow-scripts\" security=\"restricted\" style=\"position: absolute; clip: rect(1px, 1px, 1px, 1px);\" src=\"https:\/\/www.varesenews.it\/2021\/10\/gallarate-ad-amsterdam-michela-grasso-suo-primo-libro-la-mia-generazione-costretta-partire\/1392370\/embed\/#?secret=pTI3rhHGvu\" data-secret=\"pTI3rhHGvu\" width=\"500\" height=\"282\" title=\"&#8220;Da Gallarate ad Amsterdam, Michela Grasso e il suo primo libro: &#8220;La mia generazione \u00e8 costretta a partire&#8221;&#8221; &#8212; VareseNews\" frameborder=\"0\" marginwidth=\"0\" marginheight=\"0\" scrolling=\"no\"><\/iframe>","_oembed_time_645b7d4bb3eb568db37774e9dfafd0ee":"1653434614"},"photos":[{"original":"https:\/\/staging.varesenews.it\/photogallery_new\/images\/2022\/05\/ambulanza-notte-1304030.jpg","full":"https:\/\/staging.varesenews.it\/photogallery_new\/images\/2022\/05\/ambulanza-notte-1304030.1024x768.jpg","large":"https:\/\/staging.varesenews.it\/photogallery_new\/images\/2022\/05\/ambulanza-notte-1304030.610x431.jpg"}],"_links":{"self":[{"href":"https:\/\/staging.varesenews.it\/swgapi\/v1\/wp\/v2\/posts\/1466187"}],"collection":[{"href":"https:\/\/staging.varesenews.it\/swgapi\/v1\/wp\/v2\/posts"}],"about":[{"href":"https:\/\/staging.varesenews.it\/swgapi\/v1\/wp\/v2\/types\/post"}],"author":[{"embeddable":true,"href":"https:\/\/staging.varesenews.it\/swgapi\/v1\/wp\/v2\/users\/52"}],"replies":[{"embeddable":true,"href":"https:\/\/staging.varesenews.it\/swgapi\/v1\/wp\/v2\/comments?post=1466187"}],"version-history":[{"count":0,"href":"https:\/\/staging.varesenews.it\/swgapi\/v1\/wp\/v2\/posts\/1466187\/revisions"}],"wp:attachment":[{"href":"https:\/\/staging.varesenews.it\/swgapi\/v1\/wp\/v2\/media?parent=1466187"}],"wp:term":[{"taxonomy":"category","embeddable":true,"href":"https:\/\/staging.varesenews.it\/swgapi\/v1\/wp\/v2\/categories?post=1466187"},{"taxonomy":"post_tag","embeddable":true,"href":"https:\/\/staging.varesenews.it\/swgapi\/v1\/wp\/v2\/tags?post=1466187"}],"curies":[{"name":"wp","href":"https:\/\/api.w.org\/{rel}","templated":true}]}}