{"id":1468662,"date":"2022-06-01T15:30:02","date_gmt":"2022-06-01T13:30:02","guid":{"rendered":"https:\/\/www.varesenews.it\/?p=1468662"},"modified":"2022-06-01T15:30:02","modified_gmt":"2022-06-01T13:30:02","slug":"festivalbeer-riparte-albiolo","status":"publish","type":"post","link":"https:\/\/staging.varesenews.it\/2022\/06\/festivalbeer-riparte-albiolo\/1468662\/","title":{"rendered":"Festivalbeer riparte a Albiolo"},"content":{"rendered":"<p><strong>Albiolo<\/strong> si prepara all&#8217;ottava edizione del <strong>Festivalbeer<\/strong>: la <a href=\"https:\/\/www.facebook.com\/FestivalbeerAlbiolo\/\">manifestazione<\/a> dedicata alla birra artigianale, al buon cibo e alla musica in programma per <strong>venerd\u00ec 10 e sabato 11 giugno<\/strong>.<\/p>\n<p><strong>Quest&#8217;anno al Festivalbeer si potranno gustare le produzioni di cinque birrifici artigianali<\/strong>.\u00a0 Per quanto riguarda la musica, invece, l&#8217;ottava edizione ha puntato tutto sui tributi. Appuntamento venerd\u00ec con l&#8217;esibizione dei <strong>Megamax<\/strong> (Max Pezzali e 883) e <strong>Vaskom<\/strong> (Vasco Rossi), mentre sabato sul palco ci saranno i <strong>Da zero a Liga<\/strong> (Ligabue) e gli <strong>Antani project<\/strong>.<\/p>\n<p><strong>Un festival pensato per i giovani e organizzato da giovani<\/strong>. \u00abIl Festivalbeer \u00e8 nato 10 anni fa da un&#8217;idea del &#8220;Gs oral&#8221;, il gruppo sportivo dell&#8217;oratorio di Albiolo &#8211; racconta <strong>Federico Bianchi<\/strong>, uno degli organizzatori -. L&#8217;evento coinvolge tutte le associazioni del paese, ma sono soprattutto i ragazzi a metterlo in piedi. L&#8217;anno scorso sono stati una settantina i giovani arrivati a darci una mano\u00bb.<\/p>\n<p>All&#8217;evento parteciper\u00e0 anche lo studio di personal trainer<strong> Kinesio hack<\/strong>, che sfider\u00e0 chi si sentir\u00e0 all&#8217;altezza a una serie di piccole prove atletiche. Chi riuscir\u00e0 a compiere 30 <em>squat<\/em> o 20 piegamenti sulle braccia ricever\u00e0 una birra gratis in premio.<\/p>\n","protected":false},"excerpt":{"rendered":"<p>Dopo lo stop a causa della pandemia, nel paese del Comasco ritorna un nuovo appuntamento con la rassegna dedicata alla birra, al cibo e alla musica<\/p>\n","protected":false},"author":12163,"featured_media":0,"comment_status":"open","ping_status":"open","sticky":false,"template":"","format":"aside","meta":{"footnotes":""},"categories":[21,2],"tags":[124102,158],"acf":[],"yoast_head":"<!-- This site is optimized with the Yoast SEO plugin v20.1 - https:\/\/yoast.com\/wordpress\/plugins\/seo\/ -->\n<title>Festivalbeer riparte a Albiolo<\/title>\n<meta name=\"description\" content=\"Dopo lo stop a causa della pandemia, nel paese del Comasco ritorna un nuovo appuntamento con la rassegna dedicata alla birra, al cibo e alla musica\" \/>\n<meta name=\"robots\" content=\"noindex, follow, max-snippet:-1, max-image-preview:large, max-video-preview:-1\" \/>\n<meta property=\"og:locale\" content=\"it_IT\" \/>\n<meta property=\"og:type\" content=\"article\" \/>\n<meta property=\"og:title\" content=\"Festivalbeer riparte a Albiolo\" \/>\n<meta property=\"og:description\" content=\"Dopo lo stop a causa della pandemia, nel paese del Comasco ritorna un nuovo appuntamento con la rassegna dedicata alla birra, al cibo e alla musica\" \/>\n<meta property=\"og:url\" content=\"https:\/\/staging.varesenews.it\/2022\/06\/festivalbeer-riparte-albiolo\/1468662\/\" \/>\n<meta property=\"og:site_name\" content=\"VareseNews\" \/>\n<meta property=\"article:publisher\" content=\"https:\/\/www.facebook.com\/varesenews\" \/>\n<meta property=\"article:published_time\" content=\"2022-06-01T13:30:02+00:00\" \/>\n<meta name=\"author\" content=\"Alessandro Guglielmi\" \/>\n<meta name=\"twitter:card\" content=\"summary_large_image\" \/>\n<meta name=\"twitter:creator\" content=\"@varesenews\" \/>\n<meta name=\"twitter:site\" content=\"@varesenews\" \/>\n<meta name=\"twitter:label1\" content=\"Scritto da\" \/>\n\t<meta name=\"twitter:data1\" content=\"Alessandro Guglielmi\" \/>\n\t<meta name=\"twitter:label2\" content=\"Tempo di lettura stimato\" \/>\n\t<meta name=\"twitter:data2\" content=\"1 minuto\" \/>\n<script type=\"application\/ld+json\" class=\"yoast-schema-graph\">{\"@context\":\"https:\/\/schema.org\",\"@graph\":[{\"@type\":\"WebPage\",\"@id\":\"https:\/\/staging.varesenews.it\/2022\/06\/festivalbeer-riparte-albiolo\/1468662\/\",\"url\":\"https:\/\/staging.varesenews.it\/2022\/06\/festivalbeer-riparte-albiolo\/1468662\/\",\"name\":\"Festivalbeer riparte a Albiolo\",\"isPartOf\":{\"@id\":\"https:\/\/staging.varesenews.it\/#website\"},\"datePublished\":\"2022-06-01T13:30:02+00:00\",\"dateModified\":\"2022-06-01T13:30:02+00:00\",\"author\":{\"@id\":\"https:\/\/staging.varesenews.it\/#\/schema\/person\/862743a45f2663f7148a8b4bcbd05230\"},\"description\":\"Dopo lo stop a causa della pandemia, nel paese del Comasco ritorna un nuovo appuntamento con la rassegna dedicata alla birra, al cibo e alla musica\",\"breadcrumb\":{\"@id\":\"https:\/\/staging.varesenews.it\/2022\/06\/festivalbeer-riparte-albiolo\/1468662\/#breadcrumb\"},\"inLanguage\":\"it-IT\",\"potentialAction\":[{\"@type\":\"ReadAction\",\"target\":[\"https:\/\/staging.varesenews.it\/2022\/06\/festivalbeer-riparte-albiolo\/1468662\/\"]}]},{\"@type\":\"BreadcrumbList\",\"@id\":\"https:\/\/staging.varesenews.it\/2022\/06\/festivalbeer-riparte-albiolo\/1468662\/#breadcrumb\",\"itemListElement\":[{\"@type\":\"ListItem\",\"position\":1,\"name\":\"Home\",\"item\":\"https:\/\/www.varesenews.it\/\"},{\"@type\":\"ListItem\",\"position\":2,\"name\":\"Festivalbeer riparte a Albiolo\"}]},{\"@type\":\"WebSite\",\"@id\":\"https:\/\/staging.varesenews.it\/#website\",\"url\":\"https:\/\/staging.varesenews.it\/\",\"name\":\"VareseNews\",\"description\":\"\",\"potentialAction\":[{\"@type\":\"SearchAction\",\"target\":{\"@type\":\"EntryPoint\",\"urlTemplate\":\"https:\/\/staging.varesenews.it\/?s={search_term_string}\"},\"query-input\":\"required name=search_term_string\"}],\"inLanguage\":\"it-IT\"},{\"@type\":\"Person\",\"@id\":\"https:\/\/staging.varesenews.it\/#\/schema\/person\/862743a45f2663f7148a8b4bcbd05230\",\"name\":\"Alessandro Guglielmi\",\"image\":{\"@type\":\"ImageObject\",\"inLanguage\":\"it-IT\",\"@id\":\"https:\/\/staging.varesenews.it\/#\/schema\/person\/image\/\",\"url\":\"https:\/\/staging.varesenews.it\/wp-content\/uploads\/2020\/12\/alessandro_guglielmi_colori_500.jpg\",\"contentUrl\":\"https:\/\/staging.varesenews.it\/wp-content\/uploads\/2020\/12\/alessandro_guglielmi_colori_500.jpg\",\"caption\":\"Alessandro Guglielmi\"},\"description\":\"Studente classe 1997 collaboro con VareseNews dal 2018. Mi occupo di cronaca, di universit&agrave;, ma soprattutto racconto quel territorio fatto di boschi, piccoli borghi e costellato dai laghi che chiamo casa. Fin da piccolo ho sempre avuto un gran voglia di imparare, nello studio, nel mio lavoro, ma anche nelle arti marziali e in ognuna delle mie passioni. Convinto che ogni persona abbia qualcosa da insegnare, resto sempre aperto all'ascolto, pronto a cogliere lo straordinario anche nei piccoli gesti di tutti i giorni.\",\"url\":\"https:\/\/staging.varesenews.it\/persona\/ale-guglielmi1\/\"}]}<\/script>\n<!-- \/ Yoast SEO plugin. -->","yoast_head_json":{"title":"Festivalbeer riparte a Albiolo","description":"Dopo lo stop a causa della pandemia, nel paese del Comasco ritorna un nuovo appuntamento con la rassegna dedicata alla birra, al cibo e alla musica","robots":{"index":"noindex","follow":"follow","max-snippet":"max-snippet:-1","max-image-preview":"max-image-preview:large","max-video-preview":"max-video-preview:-1"},"og_locale":"it_IT","og_type":"article","og_title":"Festivalbeer riparte a Albiolo","og_description":"Dopo lo stop a causa della pandemia, nel paese del Comasco ritorna un nuovo appuntamento con la rassegna dedicata alla birra, al cibo e alla musica","og_url":"https:\/\/staging.varesenews.it\/2022\/06\/festivalbeer-riparte-albiolo\/1468662\/","og_site_name":"VareseNews","article_publisher":"https:\/\/www.facebook.com\/varesenews","article_published_time":"2022-06-01T13:30:02+00:00","author":"Alessandro Guglielmi","twitter_card":"summary_large_image","twitter_creator":"@varesenews","twitter_site":"@varesenews","twitter_misc":{"Scritto da":"Alessandro Guglielmi","Tempo di lettura stimato":"1 minuto"},"schema":{"@context":"https:\/\/schema.org","@graph":[{"@type":"WebPage","@id":"https:\/\/staging.varesenews.it\/2022\/06\/festivalbeer-riparte-albiolo\/1468662\/","url":"https:\/\/staging.varesenews.it\/2022\/06\/festivalbeer-riparte-albiolo\/1468662\/","name":"Festivalbeer riparte a Albiolo","isPartOf":{"@id":"https:\/\/staging.varesenews.it\/#website"},"datePublished":"2022-06-01T13:30:02+00:00","dateModified":"2022-06-01T13:30:02+00:00","author":{"@id":"https:\/\/staging.varesenews.it\/#\/schema\/person\/862743a45f2663f7148a8b4bcbd05230"},"description":"Dopo lo stop a causa della pandemia, nel paese del Comasco ritorna un nuovo appuntamento con la rassegna dedicata alla birra, al cibo e alla musica","breadcrumb":{"@id":"https:\/\/staging.varesenews.it\/2022\/06\/festivalbeer-riparte-albiolo\/1468662\/#breadcrumb"},"inLanguage":"it-IT","potentialAction":[{"@type":"ReadAction","target":["https:\/\/staging.varesenews.it\/2022\/06\/festivalbeer-riparte-albiolo\/1468662\/"]}]},{"@type":"BreadcrumbList","@id":"https:\/\/staging.varesenews.it\/2022\/06\/festivalbeer-riparte-albiolo\/1468662\/#breadcrumb","itemListElement":[{"@type":"ListItem","position":1,"name":"Home","item":"https:\/\/www.varesenews.it\/"},{"@type":"ListItem","position":2,"name":"Festivalbeer riparte a Albiolo"}]},{"@type":"WebSite","@id":"https:\/\/staging.varesenews.it\/#website","url":"https:\/\/staging.varesenews.it\/","name":"VareseNews","description":"","potentialAction":[{"@type":"SearchAction","target":{"@type":"EntryPoint","urlTemplate":"https:\/\/staging.varesenews.it\/?s={search_term_string}"},"query-input":"required name=search_term_string"}],"inLanguage":"it-IT"},{"@type":"Person","@id":"https:\/\/staging.varesenews.it\/#\/schema\/person\/862743a45f2663f7148a8b4bcbd05230","name":"Alessandro Guglielmi","image":{"@type":"ImageObject","inLanguage":"it-IT","@id":"https:\/\/staging.varesenews.it\/#\/schema\/person\/image\/","url":"https:\/\/staging.varesenews.it\/wp-content\/uploads\/2020\/12\/alessandro_guglielmi_colori_500.jpg","contentUrl":"https:\/\/staging.varesenews.it\/wp-content\/uploads\/2020\/12\/alessandro_guglielmi_colori_500.jpg","caption":"Alessandro Guglielmi"},"description":"Studente classe 1997 collaboro con VareseNews dal 2018. Mi occupo di cronaca, di universit&agrave;, ma soprattutto racconto quel territorio fatto di boschi, piccoli borghi e costellato dai laghi che chiamo casa. Fin da piccolo ho sempre avuto un gran voglia di imparare, nello studio, nel mio lavoro, ma anche nelle arti marziali e in ognuna delle mie passioni. Convinto che ogni persona abbia qualcosa da insegnare, resto sempre aperto all'ascolto, pronto a cogliere lo straordinario anche nei piccoli gesti di tutti i giorni.","url":"https:\/\/staging.varesenews.it\/persona\/ale-guglielmi1\/"}]}},"post_meta":{"content-image-gallery":"","_edit_lock":"1654091489:12163","_edit_last":"12163","_category_permalink":"a:1:{s:8:\"category\";s:0:\"\";}","argomento":"Albiolo","_yoast_wpseo_focuskw_text_input":"festivalbeer","_yoast_wpseo_focuskw":"festivalbeer","_yoast_wpseo_linkdex":"62","_yoast_wpseo_content_score":"30","_jd_tweet_this":"yes","foto":"1308760","id_link_fotogallery":"1468686","evento-location":"1468702","evento-data-inizio":"1654812000","evento-data-fine":"1654898400","evento-orario-inizio":"19:30","evento-orario-fine":"00:00","evento-organization":"1468699","_encloseme":"1","ratings_users":"0","ratings_score":"0","ratings_average":"0","_wpt_short_url":"https:\/\/www.varesenews.it\/2022\/06\/festivalbeer-riparte-albiolo\/1468662\/","_wp_jd_target":"https:\/\/www.varesenews.it\/2022\/06\/festivalbeer-riparte-albiolo\/1468662\/","_jd_wp_twitter":"a:1:{i:0;s:125:\"Festivalbeer riparte a Albiolo https:\/\/www.varesenews.it\/2022\/06\/festivalbeer-riparte-albiolo\/1468662\/ #festivalbeer #weekend\";}","_wpt_status_message":"Tweet inviato con successo.","_oembed_50723b5b9ce385987f091d18052a1d73":"<iframe width=\"500\" height=\"281\" src=\"https:\/\/www.youtube.com\/embed\/hqK27pxc5Ns?feature=oembed\" frameborder=\"0\" allow=\"accelerometer; autoplay; clipboard-write; encrypted-media; gyroscope; picture-in-picture\" allowfullscreen><\/iframe>","_oembed_time_50723b5b9ce385987f091d18052a1d73":"1654090286","_oembed_fb4cba2c96d4d02bb952843dfa63b0e9":"<blockquote class=\"wp-embedded-content\" data-secret=\"uED6WnXZYm\"><a href=\"https:\/\/www.varesenews.it\/2021\/11\/borgo-castiglione-olona-rinasce-fondi-della-regione-visione-concreta\/1398372\/\">Il borgo di Castiglione Olona rinasce con i fondi della Regione e una visione molto concreta<\/a><\/blockquote><iframe class=\"wp-embedded-content\" sandbox=\"allow-scripts\" security=\"restricted\" style=\"position: absolute; clip: rect(1px, 1px, 1px, 1px);\" src=\"https:\/\/www.varesenews.it\/2021\/11\/borgo-castiglione-olona-rinasce-fondi-della-regione-visione-concreta\/1398372\/embed\/#?secret=uED6WnXZYm\" data-secret=\"uED6WnXZYm\" width=\"500\" height=\"282\" title=\"&#8220;Il borgo di Castiglione Olona rinasce con i fondi della Regione e una visione molto concreta&#8221; &#8212; VareseNews\" frameborder=\"0\" marginwidth=\"0\" marginheight=\"0\" scrolling=\"no\"><\/iframe>","_oembed_time_fb4cba2c96d4d02bb952843dfa63b0e9":"1654090286","_oembed_11b2e6327c1e22c4fb13dcd40056c8bc":"<blockquote class=\"wp-embedded-content\" data-secret=\"DW90EhU1t7\"><a href=\"https:\/\/www.verbanonews.it\/canali-tematici\/tempo-libero\/2022\/02\/09\/la-passeggiata-sul-ticino-di-sesto-calende-e-il-percorso-perfetto-per-la-domenica\/940234\/\">La passeggiata sul Ticino di Sesto Calende \u00e8 il percorso perfetto per la domenica<\/a><\/blockquote><iframe class=\"wp-embedded-content\" sandbox=\"allow-scripts\" security=\"restricted\" style=\"position: absolute; clip: rect(1px, 1px, 1px, 1px);\" src=\"https:\/\/www.verbanonews.it\/canali-tematici\/tempo-libero\/2022\/02\/09\/la-passeggiata-sul-ticino-di-sesto-calende-e-il-percorso-perfetto-per-la-domenica\/940234\/embed\/#?secret=DW90EhU1t7\" data-secret=\"DW90EhU1t7\" width=\"500\" height=\"282\" title=\"&#8220;La passeggiata sul Ticino di Sesto Calende \u00e8 il percorso perfetto per la domenica&#8221; &#8212; VerbanoNews\" frameborder=\"0\" marginwidth=\"0\" marginheight=\"0\" scrolling=\"no\"><\/iframe>","_oembed_time_11b2e6327c1e22c4fb13dcd40056c8bc":"1654090288","_oembed_f1252530cd153c9555d1cb610f934c54":"<blockquote class=\"wp-embedded-content\" data-secret=\"I8Z7m6phda\"><a href=\"https:\/\/www.varesenews.it\/2022\/05\/agesp-spa-rinuncia-parte-dei-dividendi-salvare-agesp-energia-colpita-dalla-crisi-del-gas\/1466997\/\">Agesp Spa rinuncia a parte dei dividendi per &#8220;salvare&#8221; Agesp Energia colpita dalla crisi del gas<\/a><\/blockquote><iframe class=\"wp-embedded-content\" sandbox=\"allow-scripts\" security=\"restricted\" style=\"position: absolute; clip: rect(1px, 1px, 1px, 1px);\" src=\"https:\/\/www.varesenews.it\/2022\/05\/agesp-spa-rinuncia-parte-dei-dividendi-salvare-agesp-energia-colpita-dalla-crisi-del-gas\/1466997\/embed\/#?secret=I8Z7m6phda\" data-secret=\"I8Z7m6phda\" width=\"500\" height=\"282\" title=\"&#8220;Agesp Spa rinuncia a parte dei dividendi per &#8220;salvare&#8221; Agesp Energia colpita dalla crisi del gas&#8221; &#8212; VareseNews\" frameborder=\"0\" marginwidth=\"0\" marginheight=\"0\" scrolling=\"no\"><\/iframe>","_oembed_time_f1252530cd153c9555d1cb610f934c54":"1654090288"},"photos":[{"original":"https:\/\/staging.varesenews.it\/photogallery_new\/images\/2022\/06\/il-festivalbeer-di-albiolo-1308760.jpg","full":"https:\/\/staging.varesenews.it\/photogallery_new\/images\/2022\/06\/il-festivalbeer-di-albiolo-1308760.1024x768.jpg","large":"https:\/\/staging.varesenews.it\/photogallery_new\/images\/2022\/06\/il-festivalbeer-di-albiolo-1308760.610x431.jpg"}],"_links":{"self":[{"href":"https:\/\/staging.varesenews.it\/swgapi\/v1\/wp\/v2\/posts\/1468662"}],"collection":[{"href":"https:\/\/staging.varesenews.it\/swgapi\/v1\/wp\/v2\/posts"}],"about":[{"href":"https:\/\/staging.varesenews.it\/swgapi\/v1\/wp\/v2\/types\/post"}],"author":[{"embeddable":true,"href":"https:\/\/staging.varesenews.it\/swgapi\/v1\/wp\/v2\/users\/12163"}],"replies":[{"embeddable":true,"href":"https:\/\/staging.varesenews.it\/swgapi\/v1\/wp\/v2\/comments?post=1468662"}],"version-history":[{"count":0,"href":"https:\/\/staging.varesenews.it\/swgapi\/v1\/wp\/v2\/posts\/1468662\/revisions"}],"wp:attachment":[{"href":"https:\/\/staging.varesenews.it\/swgapi\/v1\/wp\/v2\/media?parent=1468662"}],"wp:term":[{"taxonomy":"category","embeddable":true,"href":"https:\/\/staging.varesenews.it\/swgapi\/v1\/wp\/v2\/categories?post=1468662"},{"taxonomy":"post_tag","embeddable":true,"href":"https:\/\/staging.varesenews.it\/swgapi\/v1\/wp\/v2\/tags?post=1468662"}],"curies":[{"name":"wp","href":"https:\/\/api.w.org\/{rel}","templated":true}]}}