{"id":1469397,"date":"2022-06-05T00:01:45","date_gmt":"2022-06-04T22:01:45","guid":{"rendered":"https:\/\/www.varesenews.it\/?p=1469397"},"modified":"2022-06-05T00:18:36","modified_gmt":"2022-06-04T22:18:36","slug":"tristezza-vs-tristezza-omaggio-piero-ciampi","status":"publish","type":"post","link":"https:\/\/staging.varesenews.it\/2022\/06\/tristezza-vs-tristezza-omaggio-piero-ciampi\/1469397\/","title":{"rendered":"Tristezza vs tristezza (Omaggio a Piero Ciampi)"},"content":{"rendered":"<p>\u00c8 tutto il giorno che vago per campagne assolate, e soltanto loro sanno quanta tristezza celano quei campi di grano e quei prati incolti, uccelli che stridono e non cantano, e strade sterrate che bruciano copertoni. Christine, la mia vecchia sei cilindri, mi conforta, aria condizionata, servo sterzo e cambio automatico. Cruscotto in radica, sedili in pelle&#8230; quello accanto a me, dove c&#8217;eri sempre tu, \u00e8 vuoto. Sono solo, e triste. Occhi fissi, e tristi. La mia mano sul volante, sudata, e triste. Me ne vado senza meta. <em>Hai lasciato a casa il tuo sorriso. Forse sopra un libro<\/em>. Alzo gli occhi e mi guardo nello specchietto retrovisore. E penso a ieri, e ai giorni prima, e di nuovo a ieri, a quello che \u00e8 successo. <em>Hai lasciato il tuo sorriso forse in fondo a un quadro o tra i fiori del giardino<\/em>. Penso tristezza contro tristezza, un principio omeopatico, e dalla radio seguo le parole di un uomo triste, un cantante disperato, e mi girano nella testa, mi parlano, tristezza contro tristezza. <em>Fino all&#8217;ultimo minuto ti ho tenuto accanto a me. Fino all&#8217;ultimo minuto non volevo dirti addio<\/em>. E ora sono solo, e anch&#8217;io disperato, come questo cantante, Piero Ciampi, che a Parigi chiamavano litaliano, e scrivevano litaliano tutto attaccato. E ieri sembrava un giorno come tanti altri, fatto di minuti e di ore, e invece adesso vedo quello che davvero \u00e8 stato, tutta una vita riassunta in attimi, come quella che appare nei ricordi di chi precipita o di chi affoga. Cerco parole, da dire a me, per consolarmi e per mostrare a te il mio amore. <em>Ma non ci sei mai quando piangono i miei occhi, e se solo tu ora mi vedessi piangere..<\/em>. Amore, ti dico, non sono l&#8217;insensibile che mi ritieni. <em>Tu no, tu non puoi andare via, tu non devi andare via<\/em>. Il paesaggio non mi aiuta. I cavalli nei recinti una volta si agitavano al passaggio di Christine, adesso sono indifferenti, non alzano la testa, non scalpitano a Christine, n\u00e9 a me. E noi discutevamo, da innamorati, tu qui accanto a me, in questa campagna che era dolce attraversare, serena nel ricordo della passione di un&#8217;ora prima, una fiaba per bambini che vanno incontro alla vita. Non chiedermi pi\u00f9 chi di noi due ha ragione, e ancora discuto, tu non ci sei, parlo da solo, tu mi parli senza parole e io rispondo senza parole, fra me, e la canzone suggerisce Ma pensa a quel tempo. Abbiamo vissuto insieme. La nostalgia mi prende, e spengo la radio. Tristezza contro tristezza, non so quanto vale. <em>Forse \u00e8 il destino. Ed \u00e8 finita cos\u00ec. 2310<\/em><\/p>\n<p><em>Fino all&#8217;ultimo minuto * Hai lasciato a casa il tuo sorriso * Tu no.<\/em> &#8211; Piero Ciampi, 1962<\/p>\n<p><strong>Racconto di <a href=\"https:\/\/www.varesenews.it\/tag-personaggio\/fmk\/\">FMK<\/a><\/strong> (<strong><a href=\"http:\/\/www.ilcavedio.org\">www.ilcavedio.org<\/a><\/strong>)<\/p>\n<p><strong><a href=\"https:\/\/www.varesenews.it\/tag\/il-racconto-della-domenica\/\">TUTTI I RACCONTI DELLA DOMENICA<\/a><\/strong><\/p>\n","protected":false},"excerpt":{"rendered":"<p>di FMK<\/p>\n","protected":false},"author":45,"featured_media":0,"comment_status":"open","ping_status":"open","sticky":false,"template":"","format":"standard","meta":{"footnotes":""},"categories":[18],"tags":[794,2678,102400,767],"acf":[],"yoast_head":"<!-- This site is optimized with the Yoast SEO plugin v20.1 - https:\/\/yoast.com\/wordpress\/plugins\/seo\/ -->\n<title>Tristezza vs tristezza (Omaggio a Piero Ciampi)<\/title>\n<meta name=\"description\" content=\"di FMK\" \/>\n<meta name=\"robots\" content=\"noindex, follow, max-snippet:-1, max-image-preview:large, max-video-preview:-1\" \/>\n<meta property=\"og:locale\" content=\"it_IT\" \/>\n<meta property=\"og:type\" content=\"article\" \/>\n<meta property=\"og:title\" content=\"Tristezza vs tristezza (Omaggio a Piero Ciampi)\" \/>\n<meta property=\"og:description\" content=\"di FMK\" \/>\n<meta property=\"og:url\" content=\"https:\/\/staging.varesenews.it\/2022\/06\/tristezza-vs-tristezza-omaggio-piero-ciampi\/1469397\/\" \/>\n<meta property=\"og:site_name\" content=\"VareseNews\" \/>\n<meta property=\"article:publisher\" content=\"https:\/\/www.facebook.com\/varesenews\" \/>\n<meta property=\"article:author\" content=\"https:\/\/www.facebook.com\/michele.mancino.5\" \/>\n<meta property=\"article:published_time\" content=\"2022-06-04T22:01:45+00:00\" \/>\n<meta property=\"article:modified_time\" content=\"2022-06-04T22:18:36+00:00\" \/>\n<meta name=\"author\" content=\"Michele Mancino\" \/>\n<meta name=\"twitter:card\" content=\"summary_large_image\" \/>\n<meta name=\"twitter:creator\" content=\"@micmancio\" \/>\n<meta name=\"twitter:site\" content=\"@varesenews\" \/>\n<meta name=\"twitter:label1\" content=\"Scritto da\" \/>\n\t<meta name=\"twitter:data1\" content=\"Michele Mancino\" \/>\n\t<meta name=\"twitter:label2\" content=\"Tempo di lettura stimato\" \/>\n\t<meta name=\"twitter:data2\" content=\"2 minuti\" \/>\n<script type=\"application\/ld+json\" class=\"yoast-schema-graph\">{\"@context\":\"https:\/\/schema.org\",\"@graph\":[{\"@type\":\"WebPage\",\"@id\":\"https:\/\/staging.varesenews.it\/2022\/06\/tristezza-vs-tristezza-omaggio-piero-ciampi\/1469397\/\",\"url\":\"https:\/\/staging.varesenews.it\/2022\/06\/tristezza-vs-tristezza-omaggio-piero-ciampi\/1469397\/\",\"name\":\"Tristezza vs tristezza (Omaggio a Piero Ciampi)\",\"isPartOf\":{\"@id\":\"https:\/\/staging.varesenews.it\/#website\"},\"datePublished\":\"2022-06-04T22:01:45+00:00\",\"dateModified\":\"2022-06-04T22:18:36+00:00\",\"author\":{\"@id\":\"https:\/\/staging.varesenews.it\/#\/schema\/person\/308b491d3cb680ead199e5ff6c6ce540\"},\"description\":\"di FMK\",\"breadcrumb\":{\"@id\":\"https:\/\/staging.varesenews.it\/2022\/06\/tristezza-vs-tristezza-omaggio-piero-ciampi\/1469397\/#breadcrumb\"},\"inLanguage\":\"it-IT\",\"potentialAction\":[{\"@type\":\"ReadAction\",\"target\":[\"https:\/\/staging.varesenews.it\/2022\/06\/tristezza-vs-tristezza-omaggio-piero-ciampi\/1469397\/\"]}]},{\"@type\":\"BreadcrumbList\",\"@id\":\"https:\/\/staging.varesenews.it\/2022\/06\/tristezza-vs-tristezza-omaggio-piero-ciampi\/1469397\/#breadcrumb\",\"itemListElement\":[{\"@type\":\"ListItem\",\"position\":1,\"name\":\"Home\",\"item\":\"https:\/\/www.varesenews.it\/\"},{\"@type\":\"ListItem\",\"position\":2,\"name\":\"Tristezza vs tristezza (Omaggio a Piero Ciampi)\"}]},{\"@type\":\"WebSite\",\"@id\":\"https:\/\/staging.varesenews.it\/#website\",\"url\":\"https:\/\/staging.varesenews.it\/\",\"name\":\"VareseNews\",\"description\":\"\",\"potentialAction\":[{\"@type\":\"SearchAction\",\"target\":{\"@type\":\"EntryPoint\",\"urlTemplate\":\"https:\/\/staging.varesenews.it\/?s={search_term_string}\"},\"query-input\":\"required name=search_term_string\"}],\"inLanguage\":\"it-IT\"},{\"@type\":\"Person\",\"@id\":\"https:\/\/staging.varesenews.it\/#\/schema\/person\/308b491d3cb680ead199e5ff6c6ce540\",\"name\":\"Michele Mancino\",\"image\":{\"@type\":\"ImageObject\",\"inLanguage\":\"it-IT\",\"@id\":\"https:\/\/staging.varesenews.it\/#\/schema\/person\/image\/\",\"url\":\"https:\/\/staging.varesenews.it\/wp-content\/uploads\/2020\/12\/michele_mancino_colori_500.jpg\",\"contentUrl\":\"https:\/\/staging.varesenews.it\/wp-content\/uploads\/2020\/12\/michele_mancino_colori_500.jpg\",\"caption\":\"Michele Mancino\"},\"description\":\"Sono a VareseNews da prima che nascesse. Ho inserito le prime notizie in una stringa di codice html, la lingua di internet. Aprivo i computer, cambiavo schede di rete e portavo i server dal provider. A met&agrave; degli anni &rsquo;90 il giornalista online doveva saper fare anche questo. Ho vissuto gli anni drammatici della bolla speculativa di Internet e quelli entusiastici della crescita, anni in cui VareseNews era un Davide in mezzo a tanti Golia. Poi sono arrivati i social, le nuove piattaforme e soprattutto gli smartphone, una postazione di lavoro racchiusa in una mano. Una nuova rivoluzione. Insomma, &egrave; stata, ed &egrave; ancora, un&rsquo;avventura entusiasmante perch&eacute; mi insegna giorno dopo giorno che il cambiamento &egrave; l&rsquo;unica certezza di questa fragile esistenza.\",\"sameAs\":[\"https:\/\/www.facebook.com\/michele.mancino.5\",\"micmancio\",\"Aggiorna le impostazioni del tuo profilo pubblicoit.linkedin.com\/pub\/michele-mancino\/28\/b71\/890\/it\",\"https:\/\/twitter.com\/micmancio\"],\"url\":\"https:\/\/staging.varesenews.it\/persona\/michele_mancino\/\"}]}<\/script>\n<!-- \/ Yoast SEO plugin. -->","yoast_head_json":{"title":"Tristezza vs tristezza (Omaggio a Piero Ciampi)","description":"di FMK","robots":{"index":"noindex","follow":"follow","max-snippet":"max-snippet:-1","max-image-preview":"max-image-preview:large","max-video-preview":"max-video-preview:-1"},"og_locale":"it_IT","og_type":"article","og_title":"Tristezza vs tristezza (Omaggio a Piero Ciampi)","og_description":"di FMK","og_url":"https:\/\/staging.varesenews.it\/2022\/06\/tristezza-vs-tristezza-omaggio-piero-ciampi\/1469397\/","og_site_name":"VareseNews","article_publisher":"https:\/\/www.facebook.com\/varesenews","article_author":"https:\/\/www.facebook.com\/michele.mancino.5","article_published_time":"2022-06-04T22:01:45+00:00","article_modified_time":"2022-06-04T22:18:36+00:00","author":"Michele Mancino","twitter_card":"summary_large_image","twitter_creator":"@micmancio","twitter_site":"@varesenews","twitter_misc":{"Scritto da":"Michele Mancino","Tempo di lettura stimato":"2 minuti"},"schema":{"@context":"https:\/\/schema.org","@graph":[{"@type":"WebPage","@id":"https:\/\/staging.varesenews.it\/2022\/06\/tristezza-vs-tristezza-omaggio-piero-ciampi\/1469397\/","url":"https:\/\/staging.varesenews.it\/2022\/06\/tristezza-vs-tristezza-omaggio-piero-ciampi\/1469397\/","name":"Tristezza vs tristezza (Omaggio a Piero Ciampi)","isPartOf":{"@id":"https:\/\/staging.varesenews.it\/#website"},"datePublished":"2022-06-04T22:01:45+00:00","dateModified":"2022-06-04T22:18:36+00:00","author":{"@id":"https:\/\/staging.varesenews.it\/#\/schema\/person\/308b491d3cb680ead199e5ff6c6ce540"},"description":"di FMK","breadcrumb":{"@id":"https:\/\/staging.varesenews.it\/2022\/06\/tristezza-vs-tristezza-omaggio-piero-ciampi\/1469397\/#breadcrumb"},"inLanguage":"it-IT","potentialAction":[{"@type":"ReadAction","target":["https:\/\/staging.varesenews.it\/2022\/06\/tristezza-vs-tristezza-omaggio-piero-ciampi\/1469397\/"]}]},{"@type":"BreadcrumbList","@id":"https:\/\/staging.varesenews.it\/2022\/06\/tristezza-vs-tristezza-omaggio-piero-ciampi\/1469397\/#breadcrumb","itemListElement":[{"@type":"ListItem","position":1,"name":"Home","item":"https:\/\/www.varesenews.it\/"},{"@type":"ListItem","position":2,"name":"Tristezza vs tristezza (Omaggio a Piero Ciampi)"}]},{"@type":"WebSite","@id":"https:\/\/staging.varesenews.it\/#website","url":"https:\/\/staging.varesenews.it\/","name":"VareseNews","description":"","potentialAction":[{"@type":"SearchAction","target":{"@type":"EntryPoint","urlTemplate":"https:\/\/staging.varesenews.it\/?s={search_term_string}"},"query-input":"required name=search_term_string"}],"inLanguage":"it-IT"},{"@type":"Person","@id":"https:\/\/staging.varesenews.it\/#\/schema\/person\/308b491d3cb680ead199e5ff6c6ce540","name":"Michele Mancino","image":{"@type":"ImageObject","inLanguage":"it-IT","@id":"https:\/\/staging.varesenews.it\/#\/schema\/person\/image\/","url":"https:\/\/staging.varesenews.it\/wp-content\/uploads\/2020\/12\/michele_mancino_colori_500.jpg","contentUrl":"https:\/\/staging.varesenews.it\/wp-content\/uploads\/2020\/12\/michele_mancino_colori_500.jpg","caption":"Michele Mancino"},"description":"Sono a VareseNews da prima che nascesse. Ho inserito le prime notizie in una stringa di codice html, la lingua di internet. Aprivo i computer, cambiavo schede di rete e portavo i server dal provider. A met&agrave; degli anni &rsquo;90 il giornalista online doveva saper fare anche questo. Ho vissuto gli anni drammatici della bolla speculativa di Internet e quelli entusiastici della crescita, anni in cui VareseNews era un Davide in mezzo a tanti Golia. Poi sono arrivati i social, le nuove piattaforme e soprattutto gli smartphone, una postazione di lavoro racchiusa in una mano. Una nuova rivoluzione. Insomma, &egrave; stata, ed &egrave; ancora, un&rsquo;avventura entusiasmante perch&eacute; mi insegna giorno dopo giorno che il cambiamento &egrave; l&rsquo;unica certezza di questa fragile esistenza.","sameAs":["https:\/\/www.facebook.com\/michele.mancino.5","micmancio","Aggiorna le impostazioni del tuo profilo pubblicoit.linkedin.com\/pub\/michele-mancino\/28\/b71\/890\/it","https:\/\/twitter.com\/micmancio"],"url":"https:\/\/staging.varesenews.it\/persona\/michele_mancino\/"}]}},"post_meta":{"content-image-gallery":"","_edit_lock":"1654383190:45","_edit_last":"45","_category_permalink":"a:1:{s:7:\"testate\";s:2:\"18\";}","foto":"1309559","firma-personalizzata":"FMK","_yoast_wpseo_focuskw_text_input":"il racconto della domenica","_yoast_wpseo_focuskw":"il racconto della domenica","_yoast_wpseo_linkdex":"55","_yoast_wpseo_content_score":"30","_jd_tweet_this":"yes","_wpt_short_url":"http:\/\/www.varesenews.it\/2022\/06\/tristezza-vs-tristezza-omaggio-piero-ciampi\/1469397\/","_wp_jd_target":"http:\/\/www.varesenews.it\/2022\/06\/tristezza-vs-tristezza-omaggio-piero-ciampi\/1469397\/","_jd_wp_twitter":"a:1:{i:0;s:160:\"Tristezza vs tristezza (Omaggio a Piero Ciampi) http:\/\/www.varesenews.it\/2022\/06\/tristezza-vs-tristezza-omaggio-piero-ciampi\/1469397\/ #cultura #ilcavedio #libri\";}","_wpt_status_message":"Tweet inviato con successo.","_encloseme":"1","ratings_users":"0","ratings_score":"0","ratings_average":"0","argomento":"IL RACCONTO DELLA DOMENICA"},"photos":[{"original":"https:\/\/staging.varesenews.it\/photogallery_new\/images\/2022\/06\/il-racconto-della-domenica-1309559.jpg","full":"https:\/\/staging.varesenews.it\/photogallery_new\/images\/2022\/06\/il-racconto-della-domenica-1309559.1024x768.jpg","large":"https:\/\/staging.varesenews.it\/photogallery_new\/images\/2022\/06\/il-racconto-della-domenica-1309559.610x431.jpg"}],"_links":{"self":[{"href":"https:\/\/staging.varesenews.it\/swgapi\/v1\/wp\/v2\/posts\/1469397"}],"collection":[{"href":"https:\/\/staging.varesenews.it\/swgapi\/v1\/wp\/v2\/posts"}],"about":[{"href":"https:\/\/staging.varesenews.it\/swgapi\/v1\/wp\/v2\/types\/post"}],"author":[{"embeddable":true,"href":"https:\/\/staging.varesenews.it\/swgapi\/v1\/wp\/v2\/users\/45"}],"replies":[{"embeddable":true,"href":"https:\/\/staging.varesenews.it\/swgapi\/v1\/wp\/v2\/comments?post=1469397"}],"version-history":[{"count":0,"href":"https:\/\/staging.varesenews.it\/swgapi\/v1\/wp\/v2\/posts\/1469397\/revisions"}],"wp:attachment":[{"href":"https:\/\/staging.varesenews.it\/swgapi\/v1\/wp\/v2\/media?parent=1469397"}],"wp:term":[{"taxonomy":"category","embeddable":true,"href":"https:\/\/staging.varesenews.it\/swgapi\/v1\/wp\/v2\/categories?post=1469397"},{"taxonomy":"post_tag","embeddable":true,"href":"https:\/\/staging.varesenews.it\/swgapi\/v1\/wp\/v2\/tags?post=1469397"}],"curies":[{"name":"wp","href":"https:\/\/api.w.org\/{rel}","templated":true}]}}