{"id":1470607,"date":"2022-06-08T14:56:46","date_gmt":"2022-06-08T12:56:46","guid":{"rendered":"https:\/\/www.varesenews.it\/?p=1470607"},"modified":"2022-06-08T18:15:01","modified_gmt":"2022-06-08T16:15:01","slug":"torna-dalla-ex-non-puo-arrestato-induno-olona","status":"publish","type":"post","link":"https:\/\/staging.varesenews.it\/2022\/06\/torna-dalla-ex-non-puo-arrestato-induno-olona\/1470607\/","title":{"rendered":"Torna dalla ex, ma non pu\u00f2: arrestato a Induno Olona"},"content":{"rendered":"<p><strong>La telefonata al 112 ha avuto conseguenze molto serie per un trentenne di origini brasiliane<\/strong> finito in manette nella serata di <strong>marted\u00ec a Induno Olona<\/strong>.<\/p>\n<p>La chiamata di soccorso rivolta alle forze dell\u2019ordine segnalava la <strong>presenza fuori dall\u2019abitazione dell\u2019ex compagna dell\u2019uomo<\/strong> proprio del trentenne gravato dalla misura del divieto di avvicinamento alla donna e dal divieto di recarsi nella citt\u00e0 di Induno Olona.<\/p>\n<p>Obblighi imposti dalla legge che l&#8217;arrestato \u00e8 accusato di aver contravvenuto.<\/p>\n<p><strong>All\u2019arrivo dei carabinieri il giovane non ha opposto resistenza ed \u00e8 stato arrestato<\/strong>. Mercoled\u00ec mattina \u00e8 finito dinanzi al giudice monocratico per la convalida del provvedimento; non \u00e8 stata applicata misura cautelare poich\u00e9 la pena del reato \u00e8 troppo bassa per qualificare un provvedimento in questa fase procedurale, tuttavia gli atti sono stati inviati al gip che potr\u00e0 disporre dell&#8217;aggravamento della misura.<\/p>\n","protected":false},"excerpt":{"rendered":"<p>L\u2019uomo, 30 anni, colpito da divieto di avvicinamento \u00e8 finito in manette dopo essere stato fermato dai carabinieri della compagnia di Varese<\/p>\n","protected":false},"author":34,"featured_media":0,"comment_status":"open","ping_status":"open","sticky":false,"template":"","format":"standard","meta":{"footnotes":""},"categories":[2],"tags":[119962,3817,3632],"acf":[],"yoast_head":"<!-- This site is optimized with the Yoast SEO plugin v20.1 - https:\/\/yoast.com\/wordpress\/plugins\/seo\/ -->\n<title>Torna dalla ex, ma non pu\u00f2: arrestato a Induno Olona<\/title>\n<meta name=\"description\" content=\"L\u2019uomo, 30 anni, colpito da divieto di avvicinamento \u00e8 finito in manette dopo essere stato fermato dai carabinieri della compagnia di Varese\" \/>\n<meta name=\"robots\" content=\"noindex, follow, max-snippet:-1, max-image-preview:large, max-video-preview:-1\" \/>\n<meta property=\"og:locale\" content=\"it_IT\" \/>\n<meta property=\"og:type\" content=\"article\" \/>\n<meta property=\"og:title\" content=\"Torna dalla ex, ma non pu\u00f2: arrestato a Induno Olona\" \/>\n<meta property=\"og:description\" content=\"L\u2019uomo, 30 anni, colpito da divieto di avvicinamento \u00e8 finito in manette dopo essere stato fermato dai carabinieri della compagnia di Varese\" \/>\n<meta property=\"og:url\" content=\"https:\/\/staging.varesenews.it\/2022\/06\/torna-dalla-ex-non-puo-arrestato-induno-olona\/1470607\/\" \/>\n<meta property=\"og:site_name\" content=\"VareseNews\" \/>\n<meta property=\"article:publisher\" content=\"https:\/\/www.facebook.com\/varesenews\" \/>\n<meta property=\"article:author\" content=\"https:\/\/www.facebook.com\/andrea.camurani?fref=photo\" \/>\n<meta property=\"article:published_time\" content=\"2022-06-08T12:56:46+00:00\" \/>\n<meta property=\"article:modified_time\" content=\"2022-06-08T16:15:01+00:00\" \/>\n<meta name=\"author\" content=\"Andrea Camurani\" \/>\n<meta name=\"twitter:card\" content=\"summary_large_image\" \/>\n<meta name=\"twitter:creator\" content=\"@AndreaCamurani\" \/>\n<meta name=\"twitter:site\" content=\"@varesenews\" \/>\n<meta name=\"twitter:label1\" content=\"Scritto da\" \/>\n\t<meta name=\"twitter:data1\" content=\"Andrea Camurani\" \/>\n\t<meta name=\"twitter:label2\" content=\"Tempo di lettura stimato\" \/>\n\t<meta name=\"twitter:data2\" content=\"1 minuto\" \/>\n<script type=\"application\/ld+json\" class=\"yoast-schema-graph\">{\"@context\":\"https:\/\/schema.org\",\"@graph\":[{\"@type\":\"WebPage\",\"@id\":\"https:\/\/staging.varesenews.it\/2022\/06\/torna-dalla-ex-non-puo-arrestato-induno-olona\/1470607\/\",\"url\":\"https:\/\/staging.varesenews.it\/2022\/06\/torna-dalla-ex-non-puo-arrestato-induno-olona\/1470607\/\",\"name\":\"Torna dalla ex, ma non pu\u00f2: arrestato a Induno Olona\",\"isPartOf\":{\"@id\":\"https:\/\/staging.varesenews.it\/#website\"},\"datePublished\":\"2022-06-08T12:56:46+00:00\",\"dateModified\":\"2022-06-08T16:15:01+00:00\",\"author\":{\"@id\":\"https:\/\/staging.varesenews.it\/#\/schema\/person\/3eb5832c6beae763de8d9596fdbe8c49\"},\"description\":\"L\u2019uomo, 30 anni, colpito da divieto di avvicinamento \u00e8 finito in manette dopo essere stato fermato dai carabinieri della compagnia di Varese\",\"breadcrumb\":{\"@id\":\"https:\/\/staging.varesenews.it\/2022\/06\/torna-dalla-ex-non-puo-arrestato-induno-olona\/1470607\/#breadcrumb\"},\"inLanguage\":\"it-IT\",\"potentialAction\":[{\"@type\":\"ReadAction\",\"target\":[\"https:\/\/staging.varesenews.it\/2022\/06\/torna-dalla-ex-non-puo-arrestato-induno-olona\/1470607\/\"]}]},{\"@type\":\"BreadcrumbList\",\"@id\":\"https:\/\/staging.varesenews.it\/2022\/06\/torna-dalla-ex-non-puo-arrestato-induno-olona\/1470607\/#breadcrumb\",\"itemListElement\":[{\"@type\":\"ListItem\",\"position\":1,\"name\":\"Home\",\"item\":\"https:\/\/www.varesenews.it\/\"},{\"@type\":\"ListItem\",\"position\":2,\"name\":\"Torna dalla ex, ma non pu\u00f2: arrestato a Induno Olona\"}]},{\"@type\":\"WebSite\",\"@id\":\"https:\/\/staging.varesenews.it\/#website\",\"url\":\"https:\/\/staging.varesenews.it\/\",\"name\":\"VareseNews\",\"description\":\"\",\"potentialAction\":[{\"@type\":\"SearchAction\",\"target\":{\"@type\":\"EntryPoint\",\"urlTemplate\":\"https:\/\/staging.varesenews.it\/?s={search_term_string}\"},\"query-input\":\"required name=search_term_string\"}],\"inLanguage\":\"it-IT\"},{\"@type\":\"Person\",\"@id\":\"https:\/\/staging.varesenews.it\/#\/schema\/person\/3eb5832c6beae763de8d9596fdbe8c49\",\"name\":\"Andrea Camurani\",\"image\":{\"@type\":\"ImageObject\",\"inLanguage\":\"it-IT\",\"@id\":\"https:\/\/staging.varesenews.it\/#\/schema\/person\/image\/\",\"url\":\"https:\/\/staging.varesenews.it\/wp-content\/uploads\/2020\/12\/andrea_camurani_colori_500.jpg\",\"contentUrl\":\"https:\/\/staging.varesenews.it\/wp-content\/uploads\/2020\/12\/andrea_camurani_colori_500.jpg\",\"caption\":\"Andrea Camurani\"},\"description\":\"Sono figlio degli anni Settanta e di Milano, dove ho imparato a riconoscere buoni e cattivi. Laurea in scienze politiche, lavoro a VareseNews dal 2000. Racconto quel che trovo quando incontro chi vuole lasciare al mondo un pezzetto di vita, che si chiama cronaca. &ldquo;...perch&eacute; &egrave; la gente il pi&ugrave; grande spettacolo del mondo. E non si paga il biglietto...&rdquo; (Charles Bukowsky)\",\"sameAs\":[\"https:\/\/www.facebook.com\/andrea.camurani?fref=photo\",\"andreacamurani\",\"https:\/\/www.linkedin.com\/hp\/?dnr=A9a84RfzsLdo9xg4NcGV4dLiMknoc9ms4WM\",\"https:\/\/twitter.com\/AndreaCamurani\"],\"url\":\"https:\/\/staging.varesenews.it\/persona\/andrea_camurani\/\"}]}<\/script>\n<!-- \/ Yoast SEO plugin. -->","yoast_head_json":{"title":"Torna dalla ex, ma non pu\u00f2: arrestato a Induno Olona","description":"L\u2019uomo, 30 anni, colpito da divieto di avvicinamento \u00e8 finito in manette dopo essere stato fermato dai carabinieri della compagnia di Varese","robots":{"index":"noindex","follow":"follow","max-snippet":"max-snippet:-1","max-image-preview":"max-image-preview:large","max-video-preview":"max-video-preview:-1"},"og_locale":"it_IT","og_type":"article","og_title":"Torna dalla ex, ma non pu\u00f2: arrestato a Induno Olona","og_description":"L\u2019uomo, 30 anni, colpito da divieto di avvicinamento \u00e8 finito in manette dopo essere stato fermato dai carabinieri della compagnia di Varese","og_url":"https:\/\/staging.varesenews.it\/2022\/06\/torna-dalla-ex-non-puo-arrestato-induno-olona\/1470607\/","og_site_name":"VareseNews","article_publisher":"https:\/\/www.facebook.com\/varesenews","article_author":"https:\/\/www.facebook.com\/andrea.camurani?fref=photo","article_published_time":"2022-06-08T12:56:46+00:00","article_modified_time":"2022-06-08T16:15:01+00:00","author":"Andrea Camurani","twitter_card":"summary_large_image","twitter_creator":"@AndreaCamurani","twitter_site":"@varesenews","twitter_misc":{"Scritto da":"Andrea Camurani","Tempo di lettura stimato":"1 minuto"},"schema":{"@context":"https:\/\/schema.org","@graph":[{"@type":"WebPage","@id":"https:\/\/staging.varesenews.it\/2022\/06\/torna-dalla-ex-non-puo-arrestato-induno-olona\/1470607\/","url":"https:\/\/staging.varesenews.it\/2022\/06\/torna-dalla-ex-non-puo-arrestato-induno-olona\/1470607\/","name":"Torna dalla ex, ma non pu\u00f2: arrestato a Induno Olona","isPartOf":{"@id":"https:\/\/staging.varesenews.it\/#website"},"datePublished":"2022-06-08T12:56:46+00:00","dateModified":"2022-06-08T16:15:01+00:00","author":{"@id":"https:\/\/staging.varesenews.it\/#\/schema\/person\/3eb5832c6beae763de8d9596fdbe8c49"},"description":"L\u2019uomo, 30 anni, colpito da divieto di avvicinamento \u00e8 finito in manette dopo essere stato fermato dai carabinieri della compagnia di Varese","breadcrumb":{"@id":"https:\/\/staging.varesenews.it\/2022\/06\/torna-dalla-ex-non-puo-arrestato-induno-olona\/1470607\/#breadcrumb"},"inLanguage":"it-IT","potentialAction":[{"@type":"ReadAction","target":["https:\/\/staging.varesenews.it\/2022\/06\/torna-dalla-ex-non-puo-arrestato-induno-olona\/1470607\/"]}]},{"@type":"BreadcrumbList","@id":"https:\/\/staging.varesenews.it\/2022\/06\/torna-dalla-ex-non-puo-arrestato-induno-olona\/1470607\/#breadcrumb","itemListElement":[{"@type":"ListItem","position":1,"name":"Home","item":"https:\/\/www.varesenews.it\/"},{"@type":"ListItem","position":2,"name":"Torna dalla ex, ma non pu\u00f2: arrestato a Induno Olona"}]},{"@type":"WebSite","@id":"https:\/\/staging.varesenews.it\/#website","url":"https:\/\/staging.varesenews.it\/","name":"VareseNews","description":"","potentialAction":[{"@type":"SearchAction","target":{"@type":"EntryPoint","urlTemplate":"https:\/\/staging.varesenews.it\/?s={search_term_string}"},"query-input":"required name=search_term_string"}],"inLanguage":"it-IT"},{"@type":"Person","@id":"https:\/\/staging.varesenews.it\/#\/schema\/person\/3eb5832c6beae763de8d9596fdbe8c49","name":"Andrea Camurani","image":{"@type":"ImageObject","inLanguage":"it-IT","@id":"https:\/\/staging.varesenews.it\/#\/schema\/person\/image\/","url":"https:\/\/staging.varesenews.it\/wp-content\/uploads\/2020\/12\/andrea_camurani_colori_500.jpg","contentUrl":"https:\/\/staging.varesenews.it\/wp-content\/uploads\/2020\/12\/andrea_camurani_colori_500.jpg","caption":"Andrea Camurani"},"description":"Sono figlio degli anni Settanta e di Milano, dove ho imparato a riconoscere buoni e cattivi. Laurea in scienze politiche, lavoro a VareseNews dal 2000. Racconto quel che trovo quando incontro chi vuole lasciare al mondo un pezzetto di vita, che si chiama cronaca. &ldquo;...perch&eacute; &egrave; la gente il pi&ugrave; grande spettacolo del mondo. E non si paga il biglietto...&rdquo; (Charles Bukowsky)","sameAs":["https:\/\/www.facebook.com\/andrea.camurani?fref=photo","andreacamurani","https:\/\/www.linkedin.com\/hp\/?dnr=A9a84RfzsLdo9xg4NcGV4dLiMknoc9ms4WM","https:\/\/twitter.com\/AndreaCamurani"],"url":"https:\/\/staging.varesenews.it\/persona\/andrea_camurani\/"}]}},"post_meta":{"content-image-gallery":"","_edit_lock":"1654705956:34","_edit_last":"34","_category_permalink":"a:1:{s:8:\"category\";s:0:\"\";}","_encloseme":"1","ratings_users":"0","ratings_score":"0","ratings_average":"0","foto":"1276732","firma_come_redazione":"1","argomento":"Varese","_yoast_wpseo_focuskw_text_input":"tribunale varese","_yoast_wpseo_focuskw":"tribunale varese","_yoast_wpseo_linkdex":"36","_yoast_wpseo_content_score":"30","_jd_tweet_this":"yes","_wpt_short_url":"https:\/\/www.varesenews.it\/2022\/06\/torna-dalla-ex-non-puo-arrestato-induno-olona\/1470607\/","_wp_jd_target":"https:\/\/www.varesenews.it\/2022\/06\/torna-dalla-ex-non-puo-arrestato-induno-olona\/1470607\/","_jd_wp_twitter":"a:1:{i:0;s:159:\"Torna dalla ex, ma non pu\u00f2: arrestato a Induno Olona https:\/\/www.varesenews.it\/2022\/06\/torna-dalla-ex-non-puo-arrestato-induno-olona\/1470607\/ #tribunalevarese\";}","_wpt_status_message":"Tweet inviato con successo.","_oembed_4d5e7eb1bb8d12a93ae95090ee88bc14":"<blockquote class=\"wp-embedded-content\" data-secret=\"YXV2Reu22v\"><a href=\"https:\/\/www.varesenews.it\/2022\/06\/castiglione-olona-torna-palio-dei-castelli-due-anni-stop\/1468814\/\">A Castiglione Olona torna il Palio dei Castelli dopo due anni di stop<\/a><\/blockquote><iframe class=\"wp-embedded-content\" sandbox=\"allow-scripts\" security=\"restricted\" style=\"position: absolute; clip: rect(1px, 1px, 1px, 1px);\" src=\"https:\/\/www.varesenews.it\/2022\/06\/castiglione-olona-torna-palio-dei-castelli-due-anni-stop\/1468814\/embed\/#?secret=YXV2Reu22v\" data-secret=\"YXV2Reu22v\" width=\"500\" height=\"282\" title=\"&#8220;A Castiglione Olona torna il Palio dei Castelli dopo due anni di stop&#8221; &#8212; VareseNews\" frameborder=\"0\" marginwidth=\"0\" marginheight=\"0\" scrolling=\"no\"><\/iframe>","_oembed_time_4d5e7eb1bb8d12a93ae95090ee88bc14":"1654693207","_oembed_f06ba787cdf2a84abf2c3e08dd8b1c47":"<blockquote class=\"wp-embedded-content\" data-secret=\"iWnkSHVPdC\"><a href=\"https:\/\/www.varesenews.it\/2022\/04\/la-grande-siccita-sul-verbano-allappello-manca-quantita-dacqua-pari-5-volte-lago-varese\/1453664\/\">La grande siccit\u00e0 sul Verbano: all&#8217;appello manca una quantit\u00e0 d&#8217;acqua pari a 5 volte il Lago di Varese<\/a><\/blockquote><iframe class=\"wp-embedded-content\" sandbox=\"allow-scripts\" security=\"restricted\" style=\"position: absolute; clip: rect(1px, 1px, 1px, 1px);\" src=\"https:\/\/www.varesenews.it\/2022\/04\/la-grande-siccita-sul-verbano-allappello-manca-quantita-dacqua-pari-5-volte-lago-varese\/1453664\/embed\/#?secret=iWnkSHVPdC\" data-secret=\"iWnkSHVPdC\" width=\"500\" height=\"282\" title=\"&#8220;La grande siccit\u00e0 sul Verbano: all&#8217;appello manca una quantit\u00e0 d&#8217;acqua pari a 5 volte il Lago di Varese&#8221; &#8212; VareseNews\" frameborder=\"0\" marginwidth=\"0\" marginheight=\"0\" scrolling=\"no\"><\/iframe>","_oembed_time_f06ba787cdf2a84abf2c3e08dd8b1c47":"1654693207","_oembed_cd2f02b137f23bf3ffc547a9a475080b":"<blockquote class=\"wp-embedded-content\" data-secret=\"IUU9Kmtm7g\"><a href=\"https:\/\/www.varesenews.it\/2022\/04\/le-fontane-varese-restano-spente-la-siccita\/1450502\/\">Le fontane di Varese restano spente per la siccit\u00e0<\/a><\/blockquote><iframe class=\"wp-embedded-content\" sandbox=\"allow-scripts\" security=\"restricted\" style=\"position: absolute; clip: rect(1px, 1px, 1px, 1px);\" src=\"https:\/\/www.varesenews.it\/2022\/04\/le-fontane-varese-restano-spente-la-siccita\/1450502\/embed\/#?secret=IUU9Kmtm7g\" data-secret=\"IUU9Kmtm7g\" width=\"500\" height=\"282\" title=\"&#8220;Le fontane di Varese restano spente per la siccit\u00e0&#8221; &#8212; VareseNews\" frameborder=\"0\" marginwidth=\"0\" marginheight=\"0\" scrolling=\"no\"><\/iframe>","_oembed_time_cd2f02b137f23bf3ffc547a9a475080b":"1654693207","_oembed_4f32b2fcf097c90ceb3285af433fc532":"<blockquote class=\"wp-embedded-content\" data-secret=\"U4ofOqpjNb\"><a href=\"https:\/\/www.varesenews.it\/2022\/06\/via-matteotti-malnate-chiude-lavori-dal-13-giugno\/1468522\/\">Via Matteotti a Malnate chiude per lavori dal 13 giugno<\/a><\/blockquote><iframe class=\"wp-embedded-content\" sandbox=\"allow-scripts\" security=\"restricted\" style=\"position: absolute; clip: rect(1px, 1px, 1px, 1px);\" src=\"https:\/\/www.varesenews.it\/2022\/06\/via-matteotti-malnate-chiude-lavori-dal-13-giugno\/1468522\/embed\/#?secret=U4ofOqpjNb\" data-secret=\"U4ofOqpjNb\" width=\"500\" height=\"282\" title=\"&#8220;Via Matteotti a Malnate chiude per lavori dal 13 giugno&#8221; &#8212; VareseNews\" frameborder=\"0\" marginwidth=\"0\" marginheight=\"0\" scrolling=\"no\"><\/iframe>","_oembed_time_4f32b2fcf097c90ceb3285af433fc532":"1654693405","_oembed_1e78bb181e219885ef4a304e0df0f85b":"<iframe width=\"500\" height=\"281\" src=\"https:\/\/www.youtube.com\/embed\/OUDuucm-FeM?feature=oembed\" frameborder=\"0\" allow=\"accelerometer; autoplay; clipboard-write; encrypted-media; gyroscope; picture-in-picture\" allowfullscreen><\/iframe>","_oembed_time_1e78bb181e219885ef4a304e0df0f85b":"1654693405","_oembed_1ef811bc1f5e5d649a7db211a9d479ce":"<blockquote class=\"wp-embedded-content\" data-secret=\"tL7ov8P5LY\"><a href=\"https:\/\/www.varesenews.it\/2022\/04\/smart-border-progetto-entra-nelle-scuole-luino\/1455925\/\">Smart Border, il progetto entra nelle scuole di Luino<\/a><\/blockquote><iframe class=\"wp-embedded-content\" sandbox=\"allow-scripts\" security=\"restricted\" style=\"position: absolute; clip: rect(1px, 1px, 1px, 1px);\" src=\"https:\/\/www.varesenews.it\/2022\/04\/smart-border-progetto-entra-nelle-scuole-luino\/1455925\/embed\/#?secret=tL7ov8P5LY\" data-secret=\"tL7ov8P5LY\" width=\"500\" height=\"282\" title=\"&#8220;Smart Border, il progetto entra nelle scuole di Luino&#8221; &#8212; VareseNews\" frameborder=\"0\" marginwidth=\"0\" marginheight=\"0\" scrolling=\"no\"><\/iframe>","_oembed_time_1ef811bc1f5e5d649a7db211a9d479ce":"1654693405"},"photos":[{"original":"https:\/\/staging.varesenews.it\/photogallery_new\/images\/2022\/02\/tribunale-varese-1276732.jpg","full":"https:\/\/staging.varesenews.it\/photogallery_new\/images\/2022\/02\/tribunale-varese-1276732.1024x768.jpg","large":"https:\/\/staging.varesenews.it\/photogallery_new\/images\/2022\/02\/tribunale-varese-1276732.610x431.jpg"}],"_links":{"self":[{"href":"https:\/\/staging.varesenews.it\/swgapi\/v1\/wp\/v2\/posts\/1470607"}],"collection":[{"href":"https:\/\/staging.varesenews.it\/swgapi\/v1\/wp\/v2\/posts"}],"about":[{"href":"https:\/\/staging.varesenews.it\/swgapi\/v1\/wp\/v2\/types\/post"}],"author":[{"embeddable":true,"href":"https:\/\/staging.varesenews.it\/swgapi\/v1\/wp\/v2\/users\/34"}],"replies":[{"embeddable":true,"href":"https:\/\/staging.varesenews.it\/swgapi\/v1\/wp\/v2\/comments?post=1470607"}],"version-history":[{"count":0,"href":"https:\/\/staging.varesenews.it\/swgapi\/v1\/wp\/v2\/posts\/1470607\/revisions"}],"wp:attachment":[{"href":"https:\/\/staging.varesenews.it\/swgapi\/v1\/wp\/v2\/media?parent=1470607"}],"wp:term":[{"taxonomy":"category","embeddable":true,"href":"https:\/\/staging.varesenews.it\/swgapi\/v1\/wp\/v2\/categories?post=1470607"},{"taxonomy":"post_tag","embeddable":true,"href":"https:\/\/staging.varesenews.it\/swgapi\/v1\/wp\/v2\/tags?post=1470607"}],"curies":[{"name":"wp","href":"https:\/\/api.w.org\/{rel}","templated":true}]}}