{"id":1470908,"date":"2022-06-09T11:29:35","date_gmt":"2022-06-09T09:29:35","guid":{"rendered":"https:\/\/www.varesenews.it\/?p=1470908"},"modified":"2022-06-09T11:32:11","modified_gmt":"2022-06-09T09:32:11","slug":"un-pomeriggio-black-out-gallarate","status":"publish","type":"post","link":"https:\/\/staging.varesenews.it\/2022\/06\/un-pomeriggio-black-out-gallarate\/1470908\/","title":{"rendered":"Un pomeriggio di black out a Gallarate"},"content":{"rendered":"<p>Un pomeriggio di continue <strong>interruzioni dell&#8217;energia elettrica a Gallarate<\/strong>: \u00e8 accaduto da met\u00e0 pomeriggio di <strong>mercoled\u00ec 8 giugno<\/strong>, con black out di decine di minuti, ricorrenti soprattutto nel centro storico.<\/p>\n<p>Le interruzioni sono state segnalate ad <strong>Arnate<\/strong>, nel <strong>centro storico<\/strong>, in diverse zone e diversi momenti, a <strong>Cedrate<\/strong>. Si \u00e8 continuato cos\u00ec fino all&#8217;ora di cena, mentre in alcune zone si percepivano brevissime interruzioni con immediato ritorno (foto: <a href=\"https:\/\/it.wikipedia.org\/wiki\/Sottostazione_elettrica\" target=\"_blank\" rel=\"noopener\">sottostazione<\/a> di via Dembowski, Cedrate).<\/p>\n<p>Nel centro storico l&#8217;assenza di corrente ha causato <strong>qualche problema ai negozi<\/strong> con i Pos del bancomat fermi, ma anche<strong> un contrattempo in scena al Teatro delle Arti<\/strong> (ben risolto dai giovani attori, raccontavamo <a href=\"https:\/\/www.varesenews.it\/2022\/06\/alla-scoperta-del-teatro-ragazzi-scena-alle-arti-gallarate\/1470810\/\">qui<\/a>)<\/p>\n<p>Spiegano i tecnici che normalmente <strong>le interruzioni vengono risolte nel giro non di secondi ma di millisecondi<\/strong>, risultando di solito quasi impercettibili. In caso di interruzioni &#8220;maggiori&#8221;, con la necessit\u00e0 di interventi &#8220;manuali&#8221;, il <strong>rientro progressivo alla alimentazione delle diverse utenze deve avvenire per gradi<\/strong> e possono comportare anche altre interruzioni, prima che si riesca a &#8220;stabilizzare&#8221; il sistema.<\/p>\n","protected":false},"excerpt":{"rendered":"<p>Diverse le interruzioni tra Arnate, Cedrate e soprattutto il centro storico: i problemi segnalati fino a sera, fino a che non \u00e8 stato &#8220;stabilizzato&#8221; il sistema<\/p>\n","protected":false},"author":46,"featured_media":0,"comment_status":"open","ping_status":"open","sticky":false,"template":"","format":"standard","meta":{"footnotes":""},"categories":[3],"tags":[9860],"acf":[],"yoast_head":"<!-- This site is optimized with the Yoast SEO plugin v20.1 - https:\/\/yoast.com\/wordpress\/plugins\/seo\/ -->\n<title>Un pomeriggio di black out a Gallarate<\/title>\n<meta name=\"description\" content=\"Diverse le interruzioni tra Arnate, Cedrate e soprattutto il centro storico: i problemi segnalati fino a sera, fino a che non \u00e8 stato &quot;stabilizzato&quot; il sistema\" \/>\n<meta name=\"robots\" content=\"noindex, follow, max-snippet:-1, max-image-preview:large, max-video-preview:-1\" \/>\n<meta property=\"og:locale\" content=\"it_IT\" \/>\n<meta property=\"og:type\" content=\"article\" \/>\n<meta property=\"og:title\" content=\"Un pomeriggio di black out a Gallarate\" \/>\n<meta property=\"og:description\" content=\"Diverse le interruzioni tra Arnate, Cedrate e soprattutto il centro storico: i problemi segnalati fino a sera, fino a che non \u00e8 stato &quot;stabilizzato&quot; il sistema\" \/>\n<meta property=\"og:url\" content=\"https:\/\/www.varesenews.it\/2022\/06\/un-pomeriggio-black-out-gallarate\/1470908\/\" \/>\n<meta property=\"og:site_name\" content=\"VareseNews\" \/>\n<meta property=\"article:publisher\" content=\"https:\/\/www.facebook.com\/varesenews\" \/>\n<meta property=\"article:published_time\" content=\"2022-06-09T09:29:35+00:00\" \/>\n<meta property=\"article:modified_time\" content=\"2022-06-09T09:32:11+00:00\" \/>\n<meta name=\"author\" content=\"Roberto Morandi\" \/>\n<meta name=\"twitter:card\" content=\"summary_large_image\" \/>\n<meta name=\"twitter:creator\" content=\"@ilmorands\" \/>\n<meta name=\"twitter:site\" content=\"@varesenews\" \/>\n<meta name=\"twitter:label1\" content=\"Scritto da\" \/>\n\t<meta name=\"twitter:data1\" content=\"Roberto Morandi\" \/>\n\t<meta name=\"twitter:label2\" content=\"Tempo di lettura stimato\" \/>\n\t<meta name=\"twitter:data2\" content=\"1 minuto\" \/>\n<script type=\"application\/ld+json\" class=\"yoast-schema-graph\">{\"@context\":\"https:\/\/schema.org\",\"@graph\":[{\"@type\":\"WebPage\",\"@id\":\"https:\/\/www.varesenews.it\/2022\/06\/un-pomeriggio-black-out-gallarate\/1470908\/\",\"url\":\"https:\/\/www.varesenews.it\/2022\/06\/un-pomeriggio-black-out-gallarate\/1470908\/\",\"name\":\"Un pomeriggio di black out a Gallarate\",\"isPartOf\":{\"@id\":\"https:\/\/staging.varesenews.it\/#website\"},\"datePublished\":\"2022-06-09T09:29:35+00:00\",\"dateModified\":\"2022-06-09T09:32:11+00:00\",\"author\":{\"@id\":\"https:\/\/staging.varesenews.it\/#\/schema\/person\/efe592ae4c76536b551f89d8b6674bc3\"},\"description\":\"Diverse le interruzioni tra Arnate, Cedrate e soprattutto il centro storico: i problemi segnalati fino a sera, fino a che non \u00e8 stato \\\"stabilizzato\\\" il sistema\",\"breadcrumb\":{\"@id\":\"https:\/\/www.varesenews.it\/2022\/06\/un-pomeriggio-black-out-gallarate\/1470908\/#breadcrumb\"},\"inLanguage\":\"it-IT\",\"potentialAction\":[{\"@type\":\"ReadAction\",\"target\":[\"https:\/\/www.varesenews.it\/2022\/06\/un-pomeriggio-black-out-gallarate\/1470908\/\"]}]},{\"@type\":\"BreadcrumbList\",\"@id\":\"https:\/\/www.varesenews.it\/2022\/06\/un-pomeriggio-black-out-gallarate\/1470908\/#breadcrumb\",\"itemListElement\":[{\"@type\":\"ListItem\",\"position\":1,\"name\":\"Home\",\"item\":\"https:\/\/www.varesenews.it\/\"},{\"@type\":\"ListItem\",\"position\":2,\"name\":\"Un pomeriggio di black out a Gallarate\"}]},{\"@type\":\"WebSite\",\"@id\":\"https:\/\/staging.varesenews.it\/#website\",\"url\":\"https:\/\/staging.varesenews.it\/\",\"name\":\"VareseNews\",\"description\":\"\",\"potentialAction\":[{\"@type\":\"SearchAction\",\"target\":{\"@type\":\"EntryPoint\",\"urlTemplate\":\"https:\/\/staging.varesenews.it\/?s={search_term_string}\"},\"query-input\":\"required name=search_term_string\"}],\"inLanguage\":\"it-IT\"},{\"@type\":\"Person\",\"@id\":\"https:\/\/staging.varesenews.it\/#\/schema\/person\/efe592ae4c76536b551f89d8b6674bc3\",\"name\":\"Roberto Morandi\",\"image\":{\"@type\":\"ImageObject\",\"inLanguage\":\"it-IT\",\"@id\":\"https:\/\/staging.varesenews.it\/#\/schema\/person\/image\/\",\"url\":\"https:\/\/staging.varesenews.it\/wp-content\/uploads\/2020\/12\/roberto_morandi_colori_500.jpg\",\"contentUrl\":\"https:\/\/staging.varesenews.it\/wp-content\/uploads\/2020\/12\/roberto_morandi_colori_500.jpg\",\"caption\":\"Roberto Morandi\"},\"description\":\"Classe 1980, laureato in storia, mi occupo dell&rsquo;area di Gallarate e di Malpensa, di trasporti e mobilit&agrave;. Amo molto la dimensione della citt&agrave;, come luogo d&rsquo;incontro di persone diverse e come organismo che si trasforma costantemente. Mi piace anche raccontare le piccole e grandi vicende, anche locali, che compongono la Storia con la S maiuscola. Appassionato di bicicletta: la macchina perfetta per muoversi in citt&agrave; e per viaggiare.\",\"sameAs\":[\"https:\/\/twitter.com\/ilmorands\"],\"url\":\"https:\/\/staging.varesenews.it\/persona\/roberto-morandi1\/\"}]}<\/script>\n<!-- \/ Yoast SEO plugin. -->","yoast_head_json":{"title":"Un pomeriggio di black out a Gallarate","description":"Diverse le interruzioni tra Arnate, Cedrate e soprattutto il centro storico: i problemi segnalati fino a sera, fino a che non \u00e8 stato \"stabilizzato\" il sistema","robots":{"index":"noindex","follow":"follow","max-snippet":"max-snippet:-1","max-image-preview":"max-image-preview:large","max-video-preview":"max-video-preview:-1"},"og_locale":"it_IT","og_type":"article","og_title":"Un pomeriggio di black out a Gallarate","og_description":"Diverse le interruzioni tra Arnate, Cedrate e soprattutto il centro storico: i problemi segnalati fino a sera, fino a che non \u00e8 stato \"stabilizzato\" il sistema","og_url":"https:\/\/www.varesenews.it\/2022\/06\/un-pomeriggio-black-out-gallarate\/1470908\/","og_site_name":"VareseNews","article_publisher":"https:\/\/www.facebook.com\/varesenews","article_published_time":"2022-06-09T09:29:35+00:00","article_modified_time":"2022-06-09T09:32:11+00:00","author":"Roberto Morandi","twitter_card":"summary_large_image","twitter_creator":"@ilmorands","twitter_site":"@varesenews","twitter_misc":{"Scritto da":"Roberto Morandi","Tempo di lettura stimato":"1 minuto"},"schema":{"@context":"https:\/\/schema.org","@graph":[{"@type":"WebPage","@id":"https:\/\/www.varesenews.it\/2022\/06\/un-pomeriggio-black-out-gallarate\/1470908\/","url":"https:\/\/www.varesenews.it\/2022\/06\/un-pomeriggio-black-out-gallarate\/1470908\/","name":"Un pomeriggio di black out a Gallarate","isPartOf":{"@id":"https:\/\/staging.varesenews.it\/#website"},"datePublished":"2022-06-09T09:29:35+00:00","dateModified":"2022-06-09T09:32:11+00:00","author":{"@id":"https:\/\/staging.varesenews.it\/#\/schema\/person\/efe592ae4c76536b551f89d8b6674bc3"},"description":"Diverse le interruzioni tra Arnate, Cedrate e soprattutto il centro storico: i problemi segnalati fino a sera, fino a che non \u00e8 stato \"stabilizzato\" il sistema","breadcrumb":{"@id":"https:\/\/www.varesenews.it\/2022\/06\/un-pomeriggio-black-out-gallarate\/1470908\/#breadcrumb"},"inLanguage":"it-IT","potentialAction":[{"@type":"ReadAction","target":["https:\/\/www.varesenews.it\/2022\/06\/un-pomeriggio-black-out-gallarate\/1470908\/"]}]},{"@type":"BreadcrumbList","@id":"https:\/\/www.varesenews.it\/2022\/06\/un-pomeriggio-black-out-gallarate\/1470908\/#breadcrumb","itemListElement":[{"@type":"ListItem","position":1,"name":"Home","item":"https:\/\/www.varesenews.it\/"},{"@type":"ListItem","position":2,"name":"Un pomeriggio di black out a Gallarate"}]},{"@type":"WebSite","@id":"https:\/\/staging.varesenews.it\/#website","url":"https:\/\/staging.varesenews.it\/","name":"VareseNews","description":"","potentialAction":[{"@type":"SearchAction","target":{"@type":"EntryPoint","urlTemplate":"https:\/\/staging.varesenews.it\/?s={search_term_string}"},"query-input":"required name=search_term_string"}],"inLanguage":"it-IT"},{"@type":"Person","@id":"https:\/\/staging.varesenews.it\/#\/schema\/person\/efe592ae4c76536b551f89d8b6674bc3","name":"Roberto Morandi","image":{"@type":"ImageObject","inLanguage":"it-IT","@id":"https:\/\/staging.varesenews.it\/#\/schema\/person\/image\/","url":"https:\/\/staging.varesenews.it\/wp-content\/uploads\/2020\/12\/roberto_morandi_colori_500.jpg","contentUrl":"https:\/\/staging.varesenews.it\/wp-content\/uploads\/2020\/12\/roberto_morandi_colori_500.jpg","caption":"Roberto Morandi"},"description":"Classe 1980, laureato in storia, mi occupo dell&rsquo;area di Gallarate e di Malpensa, di trasporti e mobilit&agrave;. Amo molto la dimensione della citt&agrave;, come luogo d&rsquo;incontro di persone diverse e come organismo che si trasforma costantemente. Mi piace anche raccontare le piccole e grandi vicende, anche locali, che compongono la Storia con la S maiuscola. Appassionato di bicicletta: la macchina perfetta per muoversi in citt&agrave; e per viaggiare.","sameAs":["https:\/\/twitter.com\/ilmorands"],"url":"https:\/\/staging.varesenews.it\/persona\/roberto-morandi1\/"}]}},"post_meta":{"content-image-gallery":"","_edit_lock":"1654770877:46","_edit_last":"46","_category_permalink":"a:1:{s:8:\"category\";s:1:\"3\";}","_encloseme":"1","ratings_users":"0","ratings_score":"0","ratings_average":"0","foto":"1311344","firma_come_redazione":"1","argomento":"Gallarate","_yoast_wpseo_focuskw_text_input":"gallarate","_yoast_wpseo_focuskw":"gallarate","_yoast_wpseo_linkdex":"54","_yoast_wpseo_content_score":"30","_jd_tweet_this":"yes","_wpt_short_url":"https:\/\/www.varesenews.it\/2022\/06\/un-pomeriggio-black-out-gallarate\/1470908\/","_wp_jd_target":"https:\/\/www.varesenews.it\/2022\/06\/un-pomeriggio-black-out-gallarate\/1470908\/","_jd_wp_twitter":"a:1:{i:0;s:125:\"Un pomeriggio di black out a Gallarate https:\/\/www.varesenews.it\/2022\/06\/un-pomeriggio-black-out-gallarate\/1470908\/ #blackout\";}","_wpt_status_message":"Tweet inviato con successo.","_oembed_e736fcfd7bf62606cebb9f1d7230d38a":"<blockquote class=\"wp-embedded-content\" data-secret=\"NGbpTcCvqN\"><a href=\"https:\/\/www.varesenews.it\/2022\/06\/sacrifici-la-fuga-complimenti-le-scarpe-diverse-alessandro-covi-rivive-la-sua-impresa-al-giro-ditalia\/1469332\/\">I sacrifici, la fuga, i complimenti, le scarpe diverse. Alessandro Covi rivive la sua impresa al Giro d&#8217;Italia<\/a><\/blockquote><iframe class=\"wp-embedded-content\" sandbox=\"allow-scripts\" security=\"restricted\" style=\"position: absolute; clip: rect(1px, 1px, 1px, 1px);\" src=\"https:\/\/www.varesenews.it\/2022\/06\/sacrifici-la-fuga-complimenti-le-scarpe-diverse-alessandro-covi-rivive-la-sua-impresa-al-giro-ditalia\/1469332\/embed\/#?secret=NGbpTcCvqN\" data-secret=\"NGbpTcCvqN\" width=\"500\" height=\"282\" title=\"&#8220;I sacrifici, la fuga, i complimenti, le scarpe diverse. Alessandro Covi rivive la sua impresa al Giro d&#8217;Italia&#8221; &#8212; VareseNews\" frameborder=\"0\" marginwidth=\"0\" marginheight=\"0\" scrolling=\"no\"><\/iframe>","_oembed_time_e736fcfd7bf62606cebb9f1d7230d38a":"1654766982","_oembed_6e0177f05baaec8e65f6f63d01adc70f":"<blockquote class=\"wp-embedded-content\" data-secret=\"53sVPHBm7k\"><a href=\"https:\/\/www.varesenews.it\/2022\/05\/perche-anche-provincia-varese-cosi-difficile-trovare-cuochi-camerieri\/1466920\/\">Perch\u00e9 anche in provincia di Varese \u00e8 cos\u00ec difficile trovare cuochi e camerieri<\/a><\/blockquote><iframe class=\"wp-embedded-content\" sandbox=\"allow-scripts\" security=\"restricted\" style=\"position: absolute; clip: rect(1px, 1px, 1px, 1px);\" src=\"https:\/\/www.varesenews.it\/2022\/05\/perche-anche-provincia-varese-cosi-difficile-trovare-cuochi-camerieri\/1466920\/embed\/#?secret=53sVPHBm7k\" data-secret=\"53sVPHBm7k\" width=\"500\" height=\"282\" title=\"&#8220;Perch\u00e9 anche in provincia di Varese \u00e8 cos\u00ec difficile trovare cuochi e camerieri&#8221; &#8212; VareseNews\" frameborder=\"0\" marginwidth=\"0\" marginheight=\"0\" scrolling=\"no\"><\/iframe>","_oembed_time_6e0177f05baaec8e65f6f63d01adc70f":"1654766982","_oembed_4b17724309663df1d842349f5956d98d":"<blockquote class=\"wp-embedded-content\" data-secret=\"n3Ed3EhAdS\"><a href=\"https:\/\/www.varesenews.it\/2022\/06\/sindaco-castronno-bambini-stiamo-valutando-chiudere-la-scuola-santalessandro\/1470148\/\">Il sindaco di Castronno: &#8220;Pochi bambini, stiamo valutando di chiudere la scuola di Sant&#8217;Alessandro&#8221;<\/a><\/blockquote><iframe class=\"wp-embedded-content\" sandbox=\"allow-scripts\" security=\"restricted\" style=\"position: absolute; clip: rect(1px, 1px, 1px, 1px);\" src=\"https:\/\/www.varesenews.it\/2022\/06\/sindaco-castronno-bambini-stiamo-valutando-chiudere-la-scuola-santalessandro\/1470148\/embed\/#?secret=n3Ed3EhAdS\" data-secret=\"n3Ed3EhAdS\" width=\"500\" height=\"282\" title=\"&#8220;Il sindaco di Castronno: &#8220;Pochi bambini, stiamo valutando di chiudere la scuola di Sant&#8217;Alessandro&#8221;&#8221; &#8212; VareseNews\" frameborder=\"0\" marginwidth=\"0\" marginheight=\"0\" scrolling=\"no\"><\/iframe>","_oembed_time_4b17724309663df1d842349f5956d98d":"1654766982"},"photos":[{"original":"https:\/\/staging.varesenews.it\/photogallery_new\/images\/2022\/06\/enel-1311344.jpg","full":"https:\/\/staging.varesenews.it\/photogallery_new\/images\/2022\/06\/enel-1311344.1024x768.jpg","large":"https:\/\/staging.varesenews.it\/photogallery_new\/images\/2022\/06\/enel-1311344.610x431.jpg"}],"_links":{"self":[{"href":"https:\/\/staging.varesenews.it\/swgapi\/v1\/wp\/v2\/posts\/1470908"}],"collection":[{"href":"https:\/\/staging.varesenews.it\/swgapi\/v1\/wp\/v2\/posts"}],"about":[{"href":"https:\/\/staging.varesenews.it\/swgapi\/v1\/wp\/v2\/types\/post"}],"author":[{"embeddable":true,"href":"https:\/\/staging.varesenews.it\/swgapi\/v1\/wp\/v2\/users\/46"}],"replies":[{"embeddable":true,"href":"https:\/\/staging.varesenews.it\/swgapi\/v1\/wp\/v2\/comments?post=1470908"}],"version-history":[{"count":0,"href":"https:\/\/staging.varesenews.it\/swgapi\/v1\/wp\/v2\/posts\/1470908\/revisions"}],"wp:attachment":[{"href":"https:\/\/staging.varesenews.it\/swgapi\/v1\/wp\/v2\/media?parent=1470908"}],"wp:term":[{"taxonomy":"category","embeddable":true,"href":"https:\/\/staging.varesenews.it\/swgapi\/v1\/wp\/v2\/categories?post=1470908"},{"taxonomy":"post_tag","embeddable":true,"href":"https:\/\/staging.varesenews.it\/swgapi\/v1\/wp\/v2\/tags?post=1470908"}],"curies":[{"name":"wp","href":"https:\/\/api.w.org\/{rel}","templated":true}]}}