{"id":1472429,"date":"2022-06-14T19:04:17","date_gmt":"2022-06-14T17:04:17","guid":{"rendered":"https:\/\/www.varesenews.it\/?p=1472429"},"modified":"2022-06-14T20:30:28","modified_gmt":"2022-06-14T18:30:28","slug":"como-ballottaggio-non-centrodestra-confronto-minghetti-pd-civico-rapinese","status":"publish","type":"post","link":"https:\/\/staging.varesenews.it\/2022\/06\/como-ballottaggio-non-centrodestra-confronto-minghetti-pd-civico-rapinese\/1472429\/","title":{"rendered":"A Como il ballottaggio non \u00e8 per il centrodestra: il confronto \u00e8 tra Minghetti (PD) e il civico Rapinese"},"content":{"rendered":"<p>A fronteggiare la candidata del PD <strong>Barbara Minghetti<\/strong> nel ballottaggio delle elezioni amministrative a Como non ci sar\u00e0 il candidato del centrodestra <strong>Lorenzo Molteni<\/strong>, che ha dovuto raccogliere la disastrosa eredit\u00e0 della maggioranza del sindaco <strong>Mario Landriscina<\/strong>: pur essendosi presentata compattamente, la compagine formata da Como per Molteni sindaco (listone che raduna Forza Italia e liste civiche), Lega, Fratelli d&#8217;italia non \u00e8 riuscita nemmeno ad arrivare al secondo turno, con la <strong>Lega che non arriva al 7 per cento<\/strong> e la lista di Forza Italia che supera di poco l&#8217;otto per cento.\u00a0 Solo fratelli d&#8217;Italia hanno ottenuto dei risultati a due cifre, circa il 12 per cento.<\/p>\n<h3>RAPINESE, L&#8217;OUTSIDER CIVICO FINALMENTE ARRIVATO AL BALLOTTAGGIO<\/h3>\n<p>Contro la candidata PD per\u00f2 ci sar\u00e0 un candidato civico che il capoluogo lariano conosce bene, perch\u00e8 \u00e8 da ormai diciotto anni in consiglio comunale, ed \u00e8 alla sua terza candidatura a sindaco: <strong>Alessandro Rapinese<\/strong>. Rapinese \u00e8 alla sua terza candidatura, e da sempre \u00e8 stato il pericoloso outsider sia per la destra che per la sinistra, perseguendo un progetto che era gi\u00e0 chiarissimo molti anni fa, <strong>come testimonia l&#8217;intervista che ci rilasci\u00f2 nel 2012<\/strong>.<\/p>\n<blockquote class=\"wp-embedded-content\" data-secret=\"e9LW1GgmSd\"><p><a href=\"https:\/\/www.varesenews.it\/2012\/05\/l-outsider-i-grillini-un-marchio-come-pd-e-pdl\/88727\/\">L\u2019outsider Rapinese: \u201cI grillini? Un marchio, come Pd e Pdl\u201d\u201d<\/a><\/p><\/blockquote>\n<p><iframe class=\"wp-embedded-content\" sandbox=\"allow-scripts\" security=\"restricted\" style=\"position: absolute; clip: rect(1px, 1px, 1px, 1px);\" src=\"https:\/\/www.varesenews.it\/2012\/05\/l-outsider-i-grillini-un-marchio-come-pd-e-pdl\/88727\/embed\/#?secret=e9LW1GgmSd\" data-secret=\"e9LW1GgmSd\" width=\"500\" height=\"282\" title=\"&#8220;L\u2019outsider Rapinese: \u201cI grillini? Un marchio, come Pd e Pdl\u201d\u201d&#8221; &#8212; VareseNews\" frameborder=\"0\" marginwidth=\"0\" marginheight=\"0\" scrolling=\"no\"><\/iframe><\/p>\n<p>Negli anni, il suo consenso \u00e8 cresciuto di molto: nel 2012 era intorno al 10 per cento, mentre la percentuale di consenso che l&#8217;ha portato al ballottaggio \u00e8 pi\u00f9 che doppia.<\/p>\n<h3>AFFLUENZA BASSISSIMA: POCO PI\u00d9 DEL 44 PER CENTO<\/h3>\n<p>Questo primo turno \u00e8 stato contrassegnato anche dall&#8217;affluenza scarsissima: il risultati definitivi dicono che solo il 44,33% dei comaschi \u00e8 andato a votare per scegliere il suo prossimo sindaco.<\/p>\n<p><a href=\"http:\/\/www.halleyweb.com\/c013075\/el\/risultati_elettorali.php\">I RISULTATI a COMO<\/a><\/p>\n<h3>IL CENTRODESTRA ANNUNCIA UN RICORSO<\/h3>\n<p>I Voti che dividono il candidato civico da quello del centro destra sono assai pochi: a due sezioni dall&#8217;ufficialit\u00e0\u00a0 &#8211; dove lo spoglio \u00e8 stato bloccato per eccesso di contestazioni &#8211; la distanza \u00e8 di circa 200 voti a favore di Rapinese, che ottiene 8207 voti (il 27,46%) contro i 8072 di Giordano Molteni, che si ferma al 27%. Ma il centrodestra non ci sta, e annuncia ricordo al tar.<\/p>\n<p>&nbsp;<\/p>\n","protected":false},"excerpt":{"rendered":"<p>Contro la candidata PD per\u00f2 ci sar\u00e0 un candidato civico che il capoluogo lariano conosce bene, perch\u00e8 \u00e8 da ormai diciotto anni in consiglio comunale, ed \u00e8 alla sua terza candidatura a sindaco<\/p>\n","protected":false},"author":48,"featured_media":0,"comment_status":"open","ping_status":"open","sticky":false,"template":"","format":"standard","meta":{"footnotes":""},"categories":[7,16],"tags":[121559],"acf":[],"yoast_head":"<!-- This site is optimized with the Yoast SEO plugin v20.1 - https:\/\/yoast.com\/wordpress\/plugins\/seo\/ -->\n<title>A Como il ballottaggio non \u00e8 per il centrodestra: il confronto \u00e8 tra Minghetti (PD) e il civico Rapinese<\/title>\n<meta name=\"description\" content=\"Contro la candidata PD per\u00f2 ci sar\u00e0 un candidato civico che il capoluogo lariano conosce bene, perch\u00e8 \u00e8 da ormai diciotto anni in consiglio comunale, ed \u00e8 alla sua terza candidatura a sindaco\" \/>\n<meta name=\"robots\" content=\"noindex, follow, max-snippet:-1, max-image-preview:large, max-video-preview:-1\" \/>\n<meta property=\"og:locale\" content=\"it_IT\" \/>\n<meta property=\"og:type\" content=\"article\" \/>\n<meta property=\"og:title\" content=\"A Como il ballottaggio non \u00e8 per il centrodestra: il confronto \u00e8 tra Minghetti (PD) e il civico Rapinese\" \/>\n<meta property=\"og:description\" content=\"Contro la candidata PD per\u00f2 ci sar\u00e0 un candidato civico che il capoluogo lariano conosce bene, perch\u00e8 \u00e8 da ormai diciotto anni in consiglio comunale, ed \u00e8 alla sua terza candidatura a sindaco\" \/>\n<meta property=\"og:url\" content=\"https:\/\/staging.varesenews.it\/2022\/06\/como-ballottaggio-non-centrodestra-confronto-minghetti-pd-civico-rapinese\/1472429\/\" \/>\n<meta property=\"og:site_name\" content=\"VareseNews\" \/>\n<meta property=\"article:publisher\" content=\"https:\/\/www.facebook.com\/varesenews\" \/>\n<meta property=\"article:author\" content=\"https:\/\/www.facebook.com\/stefaniaradman\" \/>\n<meta property=\"article:published_time\" content=\"2022-06-14T17:04:17+00:00\" \/>\n<meta property=\"article:modified_time\" content=\"2022-06-14T18:30:28+00:00\" \/>\n<meta name=\"author\" content=\"Stefania Radman\" \/>\n<meta name=\"twitter:card\" content=\"summary_large_image\" \/>\n<meta name=\"twitter:creator\" content=\"@LaRadman\" \/>\n<meta name=\"twitter:site\" content=\"@varesenews\" \/>\n<meta name=\"twitter:label1\" content=\"Scritto da\" \/>\n\t<meta name=\"twitter:data1\" content=\"Stefania Radman\" \/>\n\t<meta name=\"twitter:label2\" content=\"Tempo di lettura stimato\" \/>\n\t<meta name=\"twitter:data2\" content=\"2 minuti\" \/>\n<script type=\"application\/ld+json\" class=\"yoast-schema-graph\">{\"@context\":\"https:\/\/schema.org\",\"@graph\":[{\"@type\":\"WebPage\",\"@id\":\"https:\/\/staging.varesenews.it\/2022\/06\/como-ballottaggio-non-centrodestra-confronto-minghetti-pd-civico-rapinese\/1472429\/\",\"url\":\"https:\/\/staging.varesenews.it\/2022\/06\/como-ballottaggio-non-centrodestra-confronto-minghetti-pd-civico-rapinese\/1472429\/\",\"name\":\"A Como il ballottaggio non \u00e8 per il centrodestra: il confronto \u00e8 tra Minghetti (PD) e il civico Rapinese\",\"isPartOf\":{\"@id\":\"https:\/\/staging.varesenews.it\/#website\"},\"datePublished\":\"2022-06-14T17:04:17+00:00\",\"dateModified\":\"2022-06-14T18:30:28+00:00\",\"author\":{\"@id\":\"https:\/\/staging.varesenews.it\/#\/schema\/person\/995d2e6a31c67237a9a1bc1f0079f3aa\"},\"description\":\"Contro la candidata PD per\u00f2 ci sar\u00e0 un candidato civico che il capoluogo lariano conosce bene, perch\u00e8 \u00e8 da ormai diciotto anni in consiglio comunale, ed \u00e8 alla sua terza candidatura a sindaco\",\"breadcrumb\":{\"@id\":\"https:\/\/staging.varesenews.it\/2022\/06\/como-ballottaggio-non-centrodestra-confronto-minghetti-pd-civico-rapinese\/1472429\/#breadcrumb\"},\"inLanguage\":\"it-IT\",\"potentialAction\":[{\"@type\":\"ReadAction\",\"target\":[\"https:\/\/staging.varesenews.it\/2022\/06\/como-ballottaggio-non-centrodestra-confronto-minghetti-pd-civico-rapinese\/1472429\/\"]}]},{\"@type\":\"BreadcrumbList\",\"@id\":\"https:\/\/staging.varesenews.it\/2022\/06\/como-ballottaggio-non-centrodestra-confronto-minghetti-pd-civico-rapinese\/1472429\/#breadcrumb\",\"itemListElement\":[{\"@type\":\"ListItem\",\"position\":1,\"name\":\"Home\",\"item\":\"https:\/\/www.varesenews.it\/\"},{\"@type\":\"ListItem\",\"position\":2,\"name\":\"A Como il ballottaggio non \u00e8 per il centrodestra: il confronto \u00e8 tra Minghetti (PD) e il civico Rapinese\"}]},{\"@type\":\"WebSite\",\"@id\":\"https:\/\/staging.varesenews.it\/#website\",\"url\":\"https:\/\/staging.varesenews.it\/\",\"name\":\"VareseNews\",\"description\":\"\",\"potentialAction\":[{\"@type\":\"SearchAction\",\"target\":{\"@type\":\"EntryPoint\",\"urlTemplate\":\"https:\/\/staging.varesenews.it\/?s={search_term_string}\"},\"query-input\":\"required name=search_term_string\"}],\"inLanguage\":\"it-IT\"},{\"@type\":\"Person\",\"@id\":\"https:\/\/staging.varesenews.it\/#\/schema\/person\/995d2e6a31c67237a9a1bc1f0079f3aa\",\"name\":\"Stefania Radman\",\"image\":{\"@type\":\"ImageObject\",\"inLanguage\":\"it-IT\",\"@id\":\"https:\/\/staging.varesenews.it\/#\/schema\/person\/image\/\",\"url\":\"https:\/\/staging.varesenews.it\/wp-content\/uploads\/2020\/12\/stefania_radman_colori_500.jpg\",\"contentUrl\":\"https:\/\/staging.varesenews.it\/wp-content\/uploads\/2020\/12\/stefania_radman_colori_500.jpg\",\"caption\":\"Stefania Radman\"},\"description\":\"Varesina dal 1991, lavoro dal 2000 per Varesenews.it, prima come responsabile della pagina dell&rsquo;economia, poi della pagina life, ora della citt&agrave; di Varese.Ma sono (e sono stata) anche altro: per esempio, agli albori delle radio private ero dj in una radio milanese, Onda Radio. Da 20 anni sono corrispondente da Varese di Radio Popolare e ho collaborato con Espresso, Repubblica, Diario della Settimana, Italia Oggi. &ldquo;Smanettona&rdquo; da sempre, ho aperto il mio primo sito personale con Geocities nei primi anni novanta (chi se lo ricorda?) e i miei primi blog in Splinder all&rsquo;inizio del 2000. Ora sono sui social: qui quasi sempre sono semplicemente \\\"LaRadman&rdquo;.\",\"sameAs\":[\"http:\/\/laradman.blogspot.it\",\"https:\/\/www.facebook.com\/stefaniaradman\",\"@LaRadman\",\"https:\/\/www.linkedin.com\/in\/stefaniaradman\",\"https:\/\/twitter.com\/LaRadman\"],\"url\":\"https:\/\/staging.varesenews.it\/persona\/stefania-radman1\/\"}]}<\/script>\n<!-- \/ Yoast SEO plugin. -->","yoast_head_json":{"title":"A Como il ballottaggio non \u00e8 per il centrodestra: il confronto \u00e8 tra Minghetti (PD) e il civico Rapinese","description":"Contro la candidata PD per\u00f2 ci sar\u00e0 un candidato civico che il capoluogo lariano conosce bene, perch\u00e8 \u00e8 da ormai diciotto anni in consiglio comunale, ed \u00e8 alla sua terza candidatura a sindaco","robots":{"index":"noindex","follow":"follow","max-snippet":"max-snippet:-1","max-image-preview":"max-image-preview:large","max-video-preview":"max-video-preview:-1"},"og_locale":"it_IT","og_type":"article","og_title":"A Como il ballottaggio non \u00e8 per il centrodestra: il confronto \u00e8 tra Minghetti (PD) e il civico Rapinese","og_description":"Contro la candidata PD per\u00f2 ci sar\u00e0 un candidato civico che il capoluogo lariano conosce bene, perch\u00e8 \u00e8 da ormai diciotto anni in consiglio comunale, ed \u00e8 alla sua terza candidatura a sindaco","og_url":"https:\/\/staging.varesenews.it\/2022\/06\/como-ballottaggio-non-centrodestra-confronto-minghetti-pd-civico-rapinese\/1472429\/","og_site_name":"VareseNews","article_publisher":"https:\/\/www.facebook.com\/varesenews","article_author":"https:\/\/www.facebook.com\/stefaniaradman","article_published_time":"2022-06-14T17:04:17+00:00","article_modified_time":"2022-06-14T18:30:28+00:00","author":"Stefania Radman","twitter_card":"summary_large_image","twitter_creator":"@LaRadman","twitter_site":"@varesenews","twitter_misc":{"Scritto da":"Stefania Radman","Tempo di lettura stimato":"2 minuti"},"schema":{"@context":"https:\/\/schema.org","@graph":[{"@type":"WebPage","@id":"https:\/\/staging.varesenews.it\/2022\/06\/como-ballottaggio-non-centrodestra-confronto-minghetti-pd-civico-rapinese\/1472429\/","url":"https:\/\/staging.varesenews.it\/2022\/06\/como-ballottaggio-non-centrodestra-confronto-minghetti-pd-civico-rapinese\/1472429\/","name":"A Como il ballottaggio non \u00e8 per il centrodestra: il confronto \u00e8 tra Minghetti (PD) e il civico Rapinese","isPartOf":{"@id":"https:\/\/staging.varesenews.it\/#website"},"datePublished":"2022-06-14T17:04:17+00:00","dateModified":"2022-06-14T18:30:28+00:00","author":{"@id":"https:\/\/staging.varesenews.it\/#\/schema\/person\/995d2e6a31c67237a9a1bc1f0079f3aa"},"description":"Contro la candidata PD per\u00f2 ci sar\u00e0 un candidato civico che il capoluogo lariano conosce bene, perch\u00e8 \u00e8 da ormai diciotto anni in consiglio comunale, ed \u00e8 alla sua terza candidatura a sindaco","breadcrumb":{"@id":"https:\/\/staging.varesenews.it\/2022\/06\/como-ballottaggio-non-centrodestra-confronto-minghetti-pd-civico-rapinese\/1472429\/#breadcrumb"},"inLanguage":"it-IT","potentialAction":[{"@type":"ReadAction","target":["https:\/\/staging.varesenews.it\/2022\/06\/como-ballottaggio-non-centrodestra-confronto-minghetti-pd-civico-rapinese\/1472429\/"]}]},{"@type":"BreadcrumbList","@id":"https:\/\/staging.varesenews.it\/2022\/06\/como-ballottaggio-non-centrodestra-confronto-minghetti-pd-civico-rapinese\/1472429\/#breadcrumb","itemListElement":[{"@type":"ListItem","position":1,"name":"Home","item":"https:\/\/www.varesenews.it\/"},{"@type":"ListItem","position":2,"name":"A Como il ballottaggio non \u00e8 per il centrodestra: il confronto \u00e8 tra Minghetti (PD) e il civico Rapinese"}]},{"@type":"WebSite","@id":"https:\/\/staging.varesenews.it\/#website","url":"https:\/\/staging.varesenews.it\/","name":"VareseNews","description":"","potentialAction":[{"@type":"SearchAction","target":{"@type":"EntryPoint","urlTemplate":"https:\/\/staging.varesenews.it\/?s={search_term_string}"},"query-input":"required name=search_term_string"}],"inLanguage":"it-IT"},{"@type":"Person","@id":"https:\/\/staging.varesenews.it\/#\/schema\/person\/995d2e6a31c67237a9a1bc1f0079f3aa","name":"Stefania Radman","image":{"@type":"ImageObject","inLanguage":"it-IT","@id":"https:\/\/staging.varesenews.it\/#\/schema\/person\/image\/","url":"https:\/\/staging.varesenews.it\/wp-content\/uploads\/2020\/12\/stefania_radman_colori_500.jpg","contentUrl":"https:\/\/staging.varesenews.it\/wp-content\/uploads\/2020\/12\/stefania_radman_colori_500.jpg","caption":"Stefania Radman"},"description":"Varesina dal 1991, lavoro dal 2000 per Varesenews.it, prima come responsabile della pagina dell&rsquo;economia, poi della pagina life, ora della citt&agrave; di Varese.Ma sono (e sono stata) anche altro: per esempio, agli albori delle radio private ero dj in una radio milanese, Onda Radio. Da 20 anni sono corrispondente da Varese di Radio Popolare e ho collaborato con Espresso, Repubblica, Diario della Settimana, Italia Oggi. &ldquo;Smanettona&rdquo; da sempre, ho aperto il mio primo sito personale con Geocities nei primi anni novanta (chi se lo ricorda?) e i miei primi blog in Splinder all&rsquo;inizio del 2000. Ora sono sui social: qui quasi sempre sono semplicemente \"LaRadman&rdquo;.","sameAs":["http:\/\/laradman.blogspot.it","https:\/\/www.facebook.com\/stefaniaradman","@LaRadman","https:\/\/www.linkedin.com\/in\/stefaniaradman","https:\/\/twitter.com\/LaRadman"],"url":"https:\/\/staging.varesenews.it\/persona\/stefania-radman1\/"}]}},"post_meta":{"content-image-gallery":"","_edit_lock":"1655231454:48","_edit_last":"48","_oembed_7edd4b01119826f65d24a8999eee0345":"<blockquote class=\"wp-embedded-content\" data-secret=\"8FzM49QR3Y\"><a href=\"https:\/\/www.varesenews.it\/2012\/05\/l-outsider-i-grillini-un-marchio-come-pd-e-pdl\/88727\/\">L\u2019outsider Rapinese: \u201cI grillini? Un marchio, come Pd e Pdl\u201d\u201d<\/a><\/blockquote><iframe class=\"wp-embedded-content\" sandbox=\"allow-scripts\" security=\"restricted\" style=\"position: absolute; clip: rect(1px, 1px, 1px, 1px);\" src=\"https:\/\/www.varesenews.it\/2012\/05\/l-outsider-i-grillini-un-marchio-come-pd-e-pdl\/88727\/embed\/#?secret=8FzM49QR3Y\" data-secret=\"8FzM49QR3Y\" width=\"600\" height=\"338\" title=\"&#8220;L\u2019outsider Rapinese: \u201cI grillini? Un marchio, come Pd e Pdl\u201d\u201d&#8221; &#8212; VareseNews\" frameborder=\"0\" marginwidth=\"0\" marginheight=\"0\" scrolling=\"no\"><\/iframe>","_oembed_time_7edd4b01119826f65d24a8999eee0345":"1655159497","_category_permalink":"a:1:{s:8:\"category\";s:1:\"7\";}","foto":"1312629","argomento":"Como","_yoast_wpseo_focuskw_text_input":"como","_yoast_wpseo_focuskw":"como","_yoast_wpseo_linkdex":"64","_yoast_wpseo_content_score":"30","_jd_tweet_this":"yes","_oembed_9f1ecc20a0838660df95386488a4d2e9":"<blockquote class=\"wp-embedded-content\" data-secret=\"e9LW1GgmSd\"><a href=\"https:\/\/www.varesenews.it\/2012\/05\/l-outsider-i-grillini-un-marchio-come-pd-e-pdl\/88727\/\">L\u2019outsider Rapinese: \u201cI grillini? Un marchio, come Pd e Pdl\u201d\u201d<\/a><\/blockquote><iframe class=\"wp-embedded-content\" sandbox=\"allow-scripts\" security=\"restricted\" style=\"position: absolute; clip: rect(1px, 1px, 1px, 1px);\" src=\"https:\/\/www.varesenews.it\/2012\/05\/l-outsider-i-grillini-un-marchio-come-pd-e-pdl\/88727\/embed\/#?secret=e9LW1GgmSd\" data-secret=\"e9LW1GgmSd\" width=\"500\" height=\"282\" title=\"&#8220;L\u2019outsider Rapinese: \u201cI grillini? Un marchio, come Pd e Pdl\u201d\u201d&#8221; &#8212; VareseNews\" frameborder=\"0\" marginwidth=\"0\" marginheight=\"0\" scrolling=\"no\"><\/iframe>","_oembed_time_9f1ecc20a0838660df95386488a4d2e9":"1655162331","_oembed_a1d173fc30ea97b7a346f390485b6048":"<blockquote class=\"wp-embedded-content\" data-secret=\"eMQ1Y6OMKW\"><a href=\"https:\/\/www.varesenews.it\/2012\/05\/l-outsider-i-grillini-un-marchio-come-pd-e-pdl\/88727\/\">L\u2019outsider Rapinese: \u201cI grillini? Un marchio, come Pd e Pdl\u201d\u201d<\/a><\/blockquote><iframe class=\"wp-embedded-content\" sandbox=\"allow-scripts\" security=\"restricted\" style=\"position: absolute; clip: rect(1px, 1px, 1px, 1px);\" src=\"https:\/\/www.varesenews.it\/2012\/05\/l-outsider-i-grillini-un-marchio-come-pd-e-pdl\/88727\/embed\/#?secret=eMQ1Y6OMKW\" data-secret=\"eMQ1Y6OMKW\" width=\"600\" height=\"338\" title=\"&#8220;L\u2019outsider Rapinese: \u201cI grillini? Un marchio, come Pd e Pdl\u201d\u201d&#8221; &#8212; VareseNews\" frameborder=\"0\" marginwidth=\"0\" marginheight=\"0\" scrolling=\"no\"><\/iframe>","_oembed_time_a1d173fc30ea97b7a346f390485b6048":"1655162344","_oembed_cf10cc347b580032ce56e95cb7272b6b":"<blockquote class=\"wp-embedded-content\" data-secret=\"OXt1AQXreI\"><a href=\"https:\/\/www.varesenews.it\/2012\/05\/l-outsider-i-grillini-un-marchio-come-pd-e-pdl\/88727\/\">L\u2019outsider Rapinese: \u201cI grillini? Un marchio, come Pd e Pdl\u201d\u201d<\/a><\/blockquote><iframe class=\"wp-embedded-content\" sandbox=\"allow-scripts\" security=\"restricted\" style=\"position: absolute; clip: rect(1px, 1px, 1px, 1px);\" src=\"https:\/\/www.varesenews.it\/2012\/05\/l-outsider-i-grillini-un-marchio-come-pd-e-pdl\/88727\/embed\/#?secret=OXt1AQXreI\" data-secret=\"OXt1AQXreI\" width=\"600\" height=\"338\" title=\"&#8220;L\u2019outsider Rapinese: \u201cI grillini? Un marchio, come Pd e Pdl\u201d\u201d&#8221; &#8212; VareseNews\" frameborder=\"0\" marginwidth=\"0\" marginheight=\"0\" scrolling=\"no\"><\/iframe>","_oembed_time_cf10cc347b580032ce56e95cb7272b6b":"1655183685","_oembed_e44b5393cd5399c63e2a061d0e64a3eb":"<blockquote class=\"wp-embedded-content\" data-secret=\"XLi6wmxzYL\"><a href=\"https:\/\/www.varesenews.it\/2012\/05\/l-outsider-i-grillini-un-marchio-come-pd-e-pdl\/88727\/\">L\u2019outsider Rapinese: \u201cI grillini? Un marchio, come Pd e Pdl\u201d\u201d<\/a><\/blockquote><iframe class=\"wp-embedded-content\" sandbox=\"allow-scripts\" security=\"restricted\" style=\"position: absolute; clip: rect(1px, 1px, 1px, 1px);\" src=\"https:\/\/www.varesenews.it\/2012\/05\/l-outsider-i-grillini-un-marchio-come-pd-e-pdl\/88727\/embed\/#?secret=XLi6wmxzYL\" data-secret=\"XLi6wmxzYL\" width=\"600\" height=\"338\" title=\"&#8220;L\u2019outsider Rapinese: \u201cI grillini? Un marchio, come Pd e Pdl\u201d\u201d&#8221; &#8212; VareseNews\" frameborder=\"0\" marginwidth=\"0\" marginheight=\"0\" scrolling=\"no\"><\/iframe>","_oembed_time_e44b5393cd5399c63e2a061d0e64a3eb":"1655226060","_encloseme":"1","ratings_users":"0","ratings_score":"0","ratings_average":"0","_wpt_short_url":"https:\/\/www.varesenews.it\/2022\/06\/como-ballottaggio-non-centrodestra-confronto-minghetti-pd-civico-rapinese\/1472429\/","_wp_jd_target":"https:\/\/www.varesenews.it\/2022\/06\/como-ballottaggio-non-centrodestra-confronto-minghetti-pd-civico-rapinese\/1472429\/","_jd_wp_twitter":"a:1:{i:0;s:224:\"A Como il ballottaggio non \u00e8 per il centrodestra: il confronto \u00e8 tra Minghetti (PD) e il civico Rapinese https:\/\/www.varesenews.it\/2022\/06\/como-ballottaggio-non-centrodestra-confronto-minghetti-pd-civico-rapinese\/1472429\/ \";}","_wpt_status_message":"Tweet inviato con successo.","_oembed_5da940268c6e211465750d6db375fe3a":"<blockquote class=\"wp-embedded-content\" data-secret=\"7q47R2gaNT\"><a href=\"https:\/\/www.varesenews.it\/2022\/06\/prestiti-tassi-usura-cinque-arresti-provincia-varese\/1470034\/\">Prestiti con tassi da usura, cinque arresti in provincia di Varese<\/a><\/blockquote><iframe class=\"wp-embedded-content\" sandbox=\"allow-scripts\" security=\"restricted\" style=\"position: absolute; clip: rect(1px, 1px, 1px, 1px);\" src=\"https:\/\/www.varesenews.it\/2022\/06\/prestiti-tassi-usura-cinque-arresti-provincia-varese\/1470034\/embed\/#?secret=7q47R2gaNT\" data-secret=\"7q47R2gaNT\" width=\"500\" height=\"282\" title=\"&#8220;Prestiti con tassi da usura, cinque arresti in provincia di Varese&#8221; &#8212; VareseNews\" frameborder=\"0\" marginwidth=\"0\" marginheight=\"0\" scrolling=\"no\"><\/iframe>","_oembed_time_5da940268c6e211465750d6db375fe3a":"1655226582","_oembed_b45640f35df3ede7886941aa271e9753":"<blockquote class=\"wp-embedded-content\" data-secret=\"wYyCo4CtRN\"><a href=\"https:\/\/www.varesenews.it\/2022\/06\/enzo-tortora-don-alberto-gallarate-si-discute-nuove-intitolazioni\/1469941\/\">Da Enzo Tortora a don Alberto, a Gallarate si discute di nuove intitolazioni<\/a><\/blockquote><iframe class=\"wp-embedded-content\" sandbox=\"allow-scripts\" security=\"restricted\" style=\"position: absolute; clip: rect(1px, 1px, 1px, 1px);\" src=\"https:\/\/www.varesenews.it\/2022\/06\/enzo-tortora-don-alberto-gallarate-si-discute-nuove-intitolazioni\/1469941\/embed\/#?secret=wYyCo4CtRN\" data-secret=\"wYyCo4CtRN\" width=\"500\" height=\"282\" title=\"&#8220;Da Enzo Tortora a don Alberto, a Gallarate si discute di nuove intitolazioni&#8221; &#8212; VareseNews\" frameborder=\"0\" marginwidth=\"0\" marginheight=\"0\" scrolling=\"no\"><\/iframe>","_oembed_time_b45640f35df3ede7886941aa271e9753":"1655226619","_oembed_4b17724309663df1d842349f5956d98d":"<blockquote class=\"wp-embedded-content\" data-secret=\"ok0epur8vh\"><a href=\"https:\/\/www.varesenews.it\/2022\/06\/sindaco-castronno-bambini-stiamo-valutando-chiudere-la-scuola-santalessandro\/1470148\/\">Il sindaco di Castronno: &#8220;Pochi bambini, stiamo valutando di chiudere la scuola di Sant&#8217;Alessandro&#8221;<\/a><\/blockquote><iframe class=\"wp-embedded-content\" sandbox=\"allow-scripts\" security=\"restricted\" style=\"position: absolute; clip: rect(1px, 1px, 1px, 1px);\" src=\"https:\/\/www.varesenews.it\/2022\/06\/sindaco-castronno-bambini-stiamo-valutando-chiudere-la-scuola-santalessandro\/1470148\/embed\/#?secret=ok0epur8vh\" data-secret=\"ok0epur8vh\" width=\"500\" height=\"282\" title=\"&#8220;Il sindaco di Castronno: &#8220;Pochi bambini, stiamo valutando di chiudere la scuola di Sant&#8217;Alessandro&#8221;&#8221; &#8212; VareseNews\" frameborder=\"0\" marginwidth=\"0\" marginheight=\"0\" scrolling=\"no\"><\/iframe>","_oembed_time_4b17724309663df1d842349f5956d98d":"1655226620","_oembed_a390578d60d2b949b3304e6e482aaac8":"<blockquote class=\"wp-embedded-content\" data-secret=\"AOtw7suKQO\"><a href=\"https:\/\/www.varesenews.it\/2022\/05\/malessere-dei-ragazzi-la-necessita-ridurre-le-distanze-ti-ascolto-nei-quartieri\/1465553\/\">Il malessere dei ragazzi e la necessit\u00e0 di ridurre le distanze: &#8220;Ti ascolto&#8221; nei quartieri<\/a><\/blockquote><iframe class=\"wp-embedded-content\" sandbox=\"allow-scripts\" security=\"restricted\" style=\"position: absolute; clip: rect(1px, 1px, 1px, 1px);\" src=\"https:\/\/www.varesenews.it\/2022\/05\/malessere-dei-ragazzi-la-necessita-ridurre-le-distanze-ti-ascolto-nei-quartieri\/1465553\/embed\/#?secret=AOtw7suKQO\" data-secret=\"AOtw7suKQO\" width=\"500\" height=\"282\" title=\"&#8220;Il malessere dei ragazzi e la necessit\u00e0 di ridurre le distanze: &#8220;Ti ascolto&#8221; nei quartieri&#8221; &#8212; VareseNews\" frameborder=\"0\" marginwidth=\"0\" marginheight=\"0\" scrolling=\"no\"><\/iframe>","_oembed_time_a390578d60d2b949b3304e6e482aaac8":"1655226620","_oembed_046b56a11b6946871ece56c17a0db55e":"<blockquote class=\"wp-embedded-content\" data-secret=\"BZWPMlRAGr\"><a href=\"https:\/\/www.varesenews.it\/2022\/06\/addio-alle-auto-benzina-diesel-europa-dal-2035\/1470801\/\">Addio alle auto a benzina e diesel in Europa dal 2035<\/a><\/blockquote><iframe class=\"wp-embedded-content\" sandbox=\"allow-scripts\" security=\"restricted\" style=\"position: absolute; clip: rect(1px, 1px, 1px, 1px);\" src=\"https:\/\/www.varesenews.it\/2022\/06\/addio-alle-auto-benzina-diesel-europa-dal-2035\/1470801\/embed\/#?secret=BZWPMlRAGr\" data-secret=\"BZWPMlRAGr\" width=\"500\" height=\"282\" title=\"&#8220;Addio alle auto a benzina e diesel in Europa dal 2035&#8221; &#8212; VareseNews\" frameborder=\"0\" marginwidth=\"0\" marginheight=\"0\" scrolling=\"no\"><\/iframe>","_oembed_time_046b56a11b6946871ece56c17a0db55e":"1655226977","_oembed_e736fcfd7bf62606cebb9f1d7230d38a":"<blockquote class=\"wp-embedded-content\" data-secret=\"MlSARYGOn3\"><a href=\"https:\/\/www.varesenews.it\/2022\/06\/sacrifici-la-fuga-complimenti-le-scarpe-diverse-alessandro-covi-rivive-la-sua-impresa-al-giro-ditalia\/1469332\/\">I sacrifici, la fuga, i complimenti, le scarpe diverse. Alessandro Covi rivive la sua impresa al Giro d&#8217;Italia<\/a><\/blockquote><iframe class=\"wp-embedded-content\" sandbox=\"allow-scripts\" security=\"restricted\" style=\"position: absolute; clip: rect(1px, 1px, 1px, 1px);\" src=\"https:\/\/www.varesenews.it\/2022\/06\/sacrifici-la-fuga-complimenti-le-scarpe-diverse-alessandro-covi-rivive-la-sua-impresa-al-giro-ditalia\/1469332\/embed\/#?secret=MlSARYGOn3\" data-secret=\"MlSARYGOn3\" width=\"500\" height=\"282\" title=\"&#8220;I sacrifici, la fuga, i complimenti, le scarpe diverse. Alessandro Covi rivive la sua impresa al Giro d&#8217;Italia&#8221; &#8212; VareseNews\" frameborder=\"0\" marginwidth=\"0\" marginheight=\"0\" scrolling=\"no\"><\/iframe>","_oembed_time_e736fcfd7bf62606cebb9f1d7230d38a":"1655226977","_oembed_3361c188dffef0e12fdce771591dc539":"<iframe width=\"500\" height=\"281\" src=\"https:\/\/www.youtube.com\/embed\/videoseries?list=OLAK5uy_m5vZOIyTyPnIf8SHpXGDTKkN32m6i46JQ\" frameborder=\"0\" allow=\"accelerometer; autoplay; clipboard-write; encrypted-media; gyroscope; picture-in-picture\" allowfullscreen><\/iframe>","_oembed_time_3361c188dffef0e12fdce771591dc539":"1655226979","_oembed_ceed86771895b5e14208739f9b5f846b":"<blockquote class=\"wp-embedded-content\" data-secret=\"wooN5T5rYC\"><a href=\"https:\/\/www.varesenews.it\/2022\/05\/lugano-vertice-sulla-ricostruzione-dellucraina-definire-la-presenza-zelensky\/1467020\/\">A Lugano il vertice sulla ricostruzione dell&#8217;Ucraina. Da definire la presenza di Zelensky<\/a><\/blockquote><iframe class=\"wp-embedded-content\" sandbox=\"allow-scripts\" security=\"restricted\" style=\"position: absolute; clip: rect(1px, 1px, 1px, 1px);\" src=\"https:\/\/www.varesenews.it\/2022\/05\/lugano-vertice-sulla-ricostruzione-dellucraina-definire-la-presenza-zelensky\/1467020\/embed\/#?secret=wooN5T5rYC\" data-secret=\"wooN5T5rYC\" width=\"500\" height=\"282\" title=\"&#8220;A Lugano il vertice sulla ricostruzione dell&#8217;Ucraina. Da definire la presenza di Zelensky&#8221; &#8212; VareseNews\" frameborder=\"0\" marginwidth=\"0\" marginheight=\"0\" scrolling=\"no\"><\/iframe>","_oembed_time_ceed86771895b5e14208739f9b5f846b":"1655226977","_oembed_aaaf3cb1e341187aa892d8bb2460e68d":"<iframe width=\"500\" height=\"281\" src=\"https:\/\/www.youtube.com\/embed\/f6g7phO0Ie4?feature=oembed\" frameborder=\"0\" allow=\"accelerometer; autoplay; clipboard-write; encrypted-media; gyroscope; picture-in-picture\" allowfullscreen><\/iframe>","_oembed_time_aaaf3cb1e341187aa892d8bb2460e68d":"1655226978","_oembed_943b73e2b77bbb7c140c359c918ebb1a":"<blockquote class=\"wp-embedded-content\" data-secret=\"LPonKWxSUA\"><a href=\"https:\/\/www.saronnonews.it\/2022\/03\/23\/la-scuola-che-vorrei-i-bimbi-della-rodari-disegnano-lideale-scuola-del-futuro\/\">La scuola che vorrei. I bimbi della Rodari disegnano l&#8217;ideale scuola del futuro<\/a><\/blockquote><iframe class=\"wp-embedded-content\" sandbox=\"allow-scripts\" security=\"restricted\" style=\"position: absolute; clip: rect(1px, 1px, 1px, 1px);\" src=\"https:\/\/www.saronnonews.it\/2022\/03\/23\/la-scuola-che-vorrei-i-bimbi-della-rodari-disegnano-lideale-scuola-del-futuro\/embed\/#?secret=LPonKWxSUA\" data-secret=\"LPonKWxSUA\" width=\"500\" height=\"282\" title=\"&#8220;La scuola che vorrei. I bimbi della Rodari disegnano l&#8217;ideale scuola del futuro&#8221; &#8212; SaronnoNews\" frameborder=\"0\" marginwidth=\"0\" marginheight=\"0\" scrolling=\"no\"><\/iframe>","_oembed_time_943b73e2b77bbb7c140c359c918ebb1a":"1655227428","_oembed_af5303c63c2f9475d86cfae0e8e68f62":"<blockquote class=\"wp-embedded-content\" data-secret=\"2usIzzOPvi\"><a href=\"https:\/\/www.saronnonews.it\/2022\/06\/13\/via-allo-spoglio-elettorale-a-gerenzano\/\">Via allo spoglio elettorale a Gerenzano<\/a><\/blockquote><iframe class=\"wp-embedded-content\" sandbox=\"allow-scripts\" security=\"restricted\" style=\"position: absolute; clip: rect(1px, 1px, 1px, 1px);\" src=\"https:\/\/www.saronnonews.it\/2022\/06\/13\/via-allo-spoglio-elettorale-a-gerenzano\/embed\/#?secret=2usIzzOPvi\" data-secret=\"2usIzzOPvi\" width=\"500\" height=\"282\" title=\"&#8220;Via allo spoglio elettorale a Gerenzano&#8221; &#8212; SaronnoNews\" frameborder=\"0\" marginwidth=\"0\" marginheight=\"0\" scrolling=\"no\"><\/iframe>","_oembed_time_af5303c63c2f9475d86cfae0e8e68f62":"1655227430","_oembed_8dce7b876acc9d4cfc3f47bb66ee9e9d":"<blockquote class=\"wp-embedded-content\" data-secret=\"nS6USMJS26\"><a href=\"https:\/\/www.varesenews.it\/2022\/06\/dieci-comuni-al-voto-alle-urne-domenica-dalle-7-alle-23-anche-referendum\/1471769\/\">Dieci Comuni al voto, alle urne domenica dalle 7 alle 23 anche per i referendum<\/a><\/blockquote><iframe class=\"wp-embedded-content\" sandbox=\"allow-scripts\" security=\"restricted\" style=\"position: absolute; clip: rect(1px, 1px, 1px, 1px);\" src=\"https:\/\/www.varesenews.it\/2022\/06\/dieci-comuni-al-voto-alle-urne-domenica-dalle-7-alle-23-anche-referendum\/1471769\/embed\/#?secret=nS6USMJS26\" data-secret=\"nS6USMJS26\" width=\"500\" height=\"282\" title=\"&#8220;Dieci Comuni al voto, alle urne domenica dalle 7 alle 23 anche per i referendum&#8221; &#8212; VareseNews\" frameborder=\"0\" marginwidth=\"0\" marginheight=\"0\" scrolling=\"no\"><\/iframe>","_oembed_time_8dce7b876acc9d4cfc3f47bb66ee9e9d":"1655227432","_oembed_b41b92bd8f3a4f332093a3e3c0910318":"<blockquote class=\"wp-embedded-content\" data-secret=\"5C0EG27SNX\"><a href=\"https:\/\/www.varesenews.it\/2022\/06\/passano-le-botti-castiglione-ci-si-allena-palio\/1467491\/\">Passano le botti, a Castiglione ci si allena per il Palio<\/a><\/blockquote><iframe class=\"wp-embedded-content\" sandbox=\"allow-scripts\" security=\"restricted\" style=\"position: absolute; clip: rect(1px, 1px, 1px, 1px);\" src=\"https:\/\/www.varesenews.it\/2022\/06\/passano-le-botti-castiglione-ci-si-allena-palio\/1467491\/embed\/#?secret=5C0EG27SNX\" data-secret=\"5C0EG27SNX\" width=\"500\" height=\"282\" title=\"&#8220;Passano le botti, a Castiglione ci si allena per il Palio&#8221; &#8212; VareseNews\" frameborder=\"0\" marginwidth=\"0\" marginheight=\"0\" scrolling=\"no\"><\/iframe>","_oembed_time_b41b92bd8f3a4f332093a3e3c0910318":"1655227432","_oembed_f0907f38affd8b80291fbe62b7b656bb":"<blockquote class=\"wp-embedded-content\" data-secret=\"jAs4Dw1HKI\"><a href=\"https:\/\/www.saronnonews.it\/2022\/06\/10\/elezioni-a-gerenzano-lintervista-a-stefania-castagnoli\/\">Elezioni a Gerenzano, l\u2019intervista a Stefania Castagnoli<\/a><\/blockquote><iframe class=\"wp-embedded-content\" sandbox=\"allow-scripts\" security=\"restricted\" style=\"position: absolute; clip: rect(1px, 1px, 1px, 1px);\" src=\"https:\/\/www.saronnonews.it\/2022\/06\/10\/elezioni-a-gerenzano-lintervista-a-stefania-castagnoli\/embed\/#?secret=jAs4Dw1HKI\" data-secret=\"jAs4Dw1HKI\" width=\"500\" height=\"282\" title=\"&#8220;Elezioni a Gerenzano, l\u2019intervista a Stefania Castagnoli&#8221; &#8212; SaronnoNews\" frameborder=\"0\" marginwidth=\"0\" marginheight=\"0\" scrolling=\"no\"><\/iframe>","_oembed_time_f0907f38affd8b80291fbe62b7b656bb":"1655227433","_oembed_5d5ad4eef83f76716abef65d149ffe7f":"<blockquote class=\"wp-embedded-content\" data-secret=\"t29e9H3wa1\"><a href=\"https:\/\/www.saronnonews.it\/2022\/06\/10\/elezioni-a-gerenzano-lintervista-ad-ambrogio-clerici\/\">Elezioni a Gerenzano, l\u2019intervista ad Ambrogio Clerici<\/a><\/blockquote><iframe class=\"wp-embedded-content\" sandbox=\"allow-scripts\" security=\"restricted\" style=\"position: absolute; clip: rect(1px, 1px, 1px, 1px);\" src=\"https:\/\/www.saronnonews.it\/2022\/06\/10\/elezioni-a-gerenzano-lintervista-ad-ambrogio-clerici\/embed\/#?secret=t29e9H3wa1\" data-secret=\"t29e9H3wa1\" width=\"500\" height=\"282\" title=\"&#8220;Elezioni a Gerenzano, l\u2019intervista ad Ambrogio Clerici&#8221; &#8212; SaronnoNews\" frameborder=\"0\" marginwidth=\"0\" marginheight=\"0\" scrolling=\"no\"><\/iframe>","_oembed_time_5d5ad4eef83f76716abef65d149ffe7f":"1655227434","_oembed_9d65f9b22930d134b039ba97751d4826":"<blockquote class=\"wp-embedded-content\" data-secret=\"vzuPQpgHJh\"><a href=\"https:\/\/www.saronnonews.it\/2022\/06\/10\/elezioni-a-gerenzano-lintervista-a-lisa-molteni\/\">Elezioni a Gerenzano, l\u2019intervista a Lisa Molteni<\/a><\/blockquote><iframe class=\"wp-embedded-content\" sandbox=\"allow-scripts\" security=\"restricted\" style=\"position: absolute; clip: rect(1px, 1px, 1px, 1px);\" src=\"https:\/\/www.saronnonews.it\/2022\/06\/10\/elezioni-a-gerenzano-lintervista-a-lisa-molteni\/embed\/#?secret=vzuPQpgHJh\" data-secret=\"vzuPQpgHJh\" width=\"500\" height=\"282\" title=\"&#8220;Elezioni a Gerenzano, l\u2019intervista a Lisa Molteni&#8221; &#8212; SaronnoNews\" frameborder=\"0\" marginwidth=\"0\" marginheight=\"0\" scrolling=\"no\"><\/iframe>","_oembed_time_9d65f9b22930d134b039ba97751d4826":"1655227435","_oembed_0b126e8e079d6fa63f40efa7305e6124":"<blockquote class=\"wp-embedded-content\" data-secret=\"w6Q5Ij6km9\"><a href=\"https:\/\/www.saronnonews.it\/2022\/05\/19\/ecco-la-lista-del-gruppo-idee-in-comune-gerenzano\/\">Ecco la lista del gruppo Idee in Comune Gerenzano<\/a><\/blockquote><iframe class=\"wp-embedded-content\" sandbox=\"allow-scripts\" security=\"restricted\" style=\"position: absolute; clip: rect(1px, 1px, 1px, 1px);\" src=\"https:\/\/www.saronnonews.it\/2022\/05\/19\/ecco-la-lista-del-gruppo-idee-in-comune-gerenzano\/embed\/#?secret=w6Q5Ij6km9\" data-secret=\"w6Q5Ij6km9\" width=\"500\" height=\"282\" title=\"&#8220;Ecco la lista del gruppo Idee in Comune Gerenzano&#8221; &#8212; SaronnoNews\" frameborder=\"0\" marginwidth=\"0\" marginheight=\"0\" scrolling=\"no\"><\/iframe>","_oembed_time_0b126e8e079d6fa63f40efa7305e6124":"1655227437","_oembed_7d463eeb3255fc88bdcd25ba25603ac0":"<blockquote class=\"wp-embedded-content\" data-secret=\"NzxJthSmO6\"><a href=\"https:\/\/www.saronnonews.it\/2022\/05\/10\/elezioni-2022-ecco-la-lista-di-insieme-e-liberta-per-gerenzano\/\">Elezioni 2022, ecco la lista di Insieme e Libert\u00e0 per Gerenzano<\/a><\/blockquote><iframe class=\"wp-embedded-content\" sandbox=\"allow-scripts\" security=\"restricted\" style=\"position: absolute; clip: rect(1px, 1px, 1px, 1px);\" src=\"https:\/\/www.saronnonews.it\/2022\/05\/10\/elezioni-2022-ecco-la-lista-di-insieme-e-liberta-per-gerenzano\/embed\/#?secret=NzxJthSmO6\" data-secret=\"NzxJthSmO6\" width=\"500\" height=\"282\" title=\"&#8220;Elezioni 2022, ecco la lista di Insieme e Libert\u00e0 per Gerenzano&#8221; &#8212; SaronnoNews\" frameborder=\"0\" marginwidth=\"0\" marginheight=\"0\" scrolling=\"no\"><\/iframe>","_oembed_time_7d463eeb3255fc88bdcd25ba25603ac0":"1655227437","_oembed_28223e4bc1b32da98c368ac8a9031fa7":"<blockquote class=\"wp-embedded-content\" data-secret=\"uOhEPLTllZ\"><a href=\"https:\/\/www.saronnonews.it\/2022\/05\/16\/ecco-la-lista-elettorale-del-gruppo-centrodestra-gerenzano\/\">Ecco la lista elettorale del gruppo Centrodestra Gerenzano<\/a><\/blockquote><iframe class=\"wp-embedded-content\" sandbox=\"allow-scripts\" security=\"restricted\" style=\"position: absolute; clip: rect(1px, 1px, 1px, 1px);\" src=\"https:\/\/www.saronnonews.it\/2022\/05\/16\/ecco-la-lista-elettorale-del-gruppo-centrodestra-gerenzano\/embed\/#?secret=uOhEPLTllZ\" data-secret=\"uOhEPLTllZ\" width=\"500\" height=\"282\" title=\"&#8220;Ecco la lista elettorale del gruppo Centrodestra Gerenzano&#8221; &#8212; SaronnoNews\" frameborder=\"0\" marginwidth=\"0\" marginheight=\"0\" scrolling=\"no\"><\/iframe>","_oembed_time_28223e4bc1b32da98c368ac8a9031fa7":"1655227439","_oembed_9936e13fbe298302324d32826cd8b703":"<blockquote class=\"wp-embedded-content\" data-secret=\"tvZ6h6Tpzn\"><a href=\"https:\/\/www.verbanonews.it\/canali-tematici\/turismo\/2022\/06\/10\/cosa-fare-nel-weekend-del-10-11-e-12-giugno-sul-lago-maggiore\/944635\/\">Cosa fare nel weekend del 10, 11 e 12 giugno sul Lago Maggiore<\/a><\/blockquote><iframe class=\"wp-embedded-content\" sandbox=\"allow-scripts\" security=\"restricted\" style=\"position: absolute; clip: rect(1px, 1px, 1px, 1px);\" src=\"https:\/\/www.verbanonews.it\/canali-tematici\/turismo\/2022\/06\/10\/cosa-fare-nel-weekend-del-10-11-e-12-giugno-sul-lago-maggiore\/944635\/embed\/#?secret=tvZ6h6Tpzn\" data-secret=\"tvZ6h6Tpzn\" width=\"500\" height=\"282\" title=\"&#8220;Cosa fare nel weekend del 10, 11 e 12 giugno sul Lago Maggiore&#8221; &#8212; VerbanoNews\" frameborder=\"0\" marginwidth=\"0\" marginheight=\"0\" scrolling=\"no\"><\/iframe>","_oembed_time_9936e13fbe298302324d32826cd8b703":"1655227440","_oembed_52b6bf7ea8992fe1b15fff4b4972c957":"<blockquote class=\"wp-embedded-content\" data-secret=\"OKybvTsCK1\"><a href=\"https:\/\/www.varesenews.it\/2021\/02\/sul-bilancio-busto-arsizio-pende-causa-18-milioni-euro-pd-chiede-chiarimenti\/1306028\/\">Sul bilancio di Busto Arsizio pende una causa da 18 milioni di euro, il Pd chiede chiarimenti<\/a><\/blockquote><iframe class=\"wp-embedded-content\" sandbox=\"allow-scripts\" security=\"restricted\" style=\"position: absolute; clip: rect(1px, 1px, 1px, 1px);\" src=\"https:\/\/www.varesenews.it\/2021\/02\/sul-bilancio-busto-arsizio-pende-causa-18-milioni-euro-pd-chiede-chiarimenti\/1306028\/embed\/#?secret=OKybvTsCK1\" data-secret=\"OKybvTsCK1\" width=\"500\" height=\"282\" title=\"&#8220;Sul bilancio di Busto Arsizio pende una causa da 18 milioni di euro, il Pd chiede chiarimenti&#8221; &#8212; VareseNews\" frameborder=\"0\" marginwidth=\"0\" marginheight=\"0\" scrolling=\"no\"><\/iframe>","_oembed_time_52b6bf7ea8992fe1b15fff4b4972c957":"1655227927","_oembed_f5061872715d76c1b6c1736dbaef72a3":"<blockquote class=\"wp-embedded-content\" data-secret=\"FXjXzAm6P7\"><a href=\"https:\/\/www.varesenews.it\/2021\/10\/derivati-busto-arsizio-perde-deutsche-bank-maggioni-pd-danno-erariale\/1389617\/\">Derivati, Busto Arsizio perde contro Deutsche Bank. Maggioni (Pd): &#8220;Danno erariale&#8221;<\/a><\/blockquote><iframe class=\"wp-embedded-content\" sandbox=\"allow-scripts\" security=\"restricted\" style=\"position: absolute; clip: rect(1px, 1px, 1px, 1px);\" src=\"https:\/\/www.varesenews.it\/2021\/10\/derivati-busto-arsizio-perde-deutsche-bank-maggioni-pd-danno-erariale\/1389617\/embed\/#?secret=FXjXzAm6P7\" data-secret=\"FXjXzAm6P7\" width=\"500\" height=\"282\" title=\"&#8220;Derivati, Busto Arsizio perde contro Deutsche Bank. Maggioni (Pd): &#8220;Danno erariale&#8221;&#8221; &#8212; VareseNews\" frameborder=\"0\" marginwidth=\"0\" marginheight=\"0\" scrolling=\"no\"><\/iframe>","_oembed_time_f5061872715d76c1b6c1736dbaef72a3":"1655227927","_oembed_3828d9baa38c8532044c4f73cac3f144":"<blockquote class=\"wp-embedded-content\" data-secret=\"aJT9Ff5ziR\"><a href=\"https:\/\/www.varesenews.it\/2022\/06\/patrizia-testa-si-riprende-la-pro-patria\/1469567\/\">Patrizia Testa si riprende la Pro Patria<\/a><\/blockquote><iframe class=\"wp-embedded-content\" sandbox=\"allow-scripts\" security=\"restricted\" style=\"position: absolute; clip: rect(1px, 1px, 1px, 1px);\" src=\"https:\/\/www.varesenews.it\/2022\/06\/patrizia-testa-si-riprende-la-pro-patria\/1469567\/embed\/#?secret=aJT9Ff5ziR\" data-secret=\"aJT9Ff5ziR\" width=\"500\" height=\"282\" title=\"&#8220;Patrizia Testa si riprende la Pro Patria&#8221; &#8212; VareseNews\" frameborder=\"0\" marginwidth=\"0\" marginheight=\"0\" scrolling=\"no\"><\/iframe>","_oembed_time_3828d9baa38c8532044c4f73cac3f144":"1655227927","_oembed_e2bec59da4d76acff6e4e9a05043b0b9":"<blockquote class=\"wp-embedded-content\" data-secret=\"NZuWOgtAW9\"><a href=\"https:\/\/www.varesenews.it\/2012\/05\/l-outsider-i-grillini-un-marchio-come-pd-e-pdl\/88727\/\">L\u2019outsider Rapinese: \u201cI grillini? Un marchio, come Pd e Pdl\u201d\u201d<\/a><\/blockquote><iframe class=\"wp-embedded-content\" sandbox=\"allow-scripts\" security=\"restricted\" style=\"position: absolute; clip: rect(1px, 1px, 1px, 1px);\" src=\"https:\/\/www.varesenews.it\/2012\/05\/l-outsider-i-grillini-un-marchio-come-pd-e-pdl\/88727\/embed\/#?secret=NZuWOgtAW9\" data-secret=\"NZuWOgtAW9\" width=\"600\" height=\"338\" title=\"&#8220;L\u2019outsider Rapinese: \u201cI grillini? Un marchio, come Pd e Pdl\u201d\u201d&#8221; &#8212; VareseNews\" frameborder=\"0\" marginwidth=\"0\" marginheight=\"0\" scrolling=\"no\"><\/iframe>","_oembed_time_e2bec59da4d76acff6e4e9a05043b0b9":"1655231336","id_leggi_anche":"1476833"},"photos":[{"original":"https:\/\/staging.varesenews.it\/photogallery_new\/images\/2022\/06\/como-generiche-1312629.jpg","full":"https:\/\/staging.varesenews.it\/photogallery_new\/images\/2022\/06\/como-generiche-1312629.1024x768.jpg","large":"https:\/\/staging.varesenews.it\/photogallery_new\/images\/2022\/06\/como-generiche-1312629.610x431.jpg"}],"_links":{"self":[{"href":"https:\/\/staging.varesenews.it\/swgapi\/v1\/wp\/v2\/posts\/1472429"}],"collection":[{"href":"https:\/\/staging.varesenews.it\/swgapi\/v1\/wp\/v2\/posts"}],"about":[{"href":"https:\/\/staging.varesenews.it\/swgapi\/v1\/wp\/v2\/types\/post"}],"author":[{"embeddable":true,"href":"https:\/\/staging.varesenews.it\/swgapi\/v1\/wp\/v2\/users\/48"}],"replies":[{"embeddable":true,"href":"https:\/\/staging.varesenews.it\/swgapi\/v1\/wp\/v2\/comments?post=1472429"}],"version-history":[{"count":0,"href":"https:\/\/staging.varesenews.it\/swgapi\/v1\/wp\/v2\/posts\/1472429\/revisions"}],"wp:attachment":[{"href":"https:\/\/staging.varesenews.it\/swgapi\/v1\/wp\/v2\/media?parent=1472429"}],"wp:term":[{"taxonomy":"category","embeddable":true,"href":"https:\/\/staging.varesenews.it\/swgapi\/v1\/wp\/v2\/categories?post=1472429"},{"taxonomy":"post_tag","embeddable":true,"href":"https:\/\/staging.varesenews.it\/swgapi\/v1\/wp\/v2\/tags?post=1472429"}],"curies":[{"name":"wp","href":"https:\/\/api.w.org\/{rel}","templated":true}]}}