{"id":1475615,"date":"2022-06-23T08:59:29","date_gmt":"2022-06-23T06:59:29","guid":{"rendered":"https:\/\/www.varesenews.it\/?p=1475615"},"modified":"2022-06-23T08:59:29","modified_gmt":"2022-06-23T06:59:29","slug":"musica-nelle-residenze-storiche-tocca-inarzo","status":"publish","type":"post","link":"https:\/\/staging.varesenews.it\/2022\/06\/musica-nelle-residenze-storiche-tocca-inarzo\/1475615\/","title":{"rendered":"Musica nelle Residenze Storiche, tocca a Inarzo"},"content":{"rendered":"<p class=\"divider-gray\">Secondo appuntamento con <a href=\"https:\/\/www.varesenews.it\/2022\/06\/torna-musica-nelle-residenze-storiche-unedizione-dedicata-mario-roncuzzi-suo-ideatore\/1471724\/\">Musica nelle Residenze Storiche<\/a>, rassegna musicale quest&#8217;anno dedicata al suo ideatore, Mario Roncuzzi. (nella foto l&#8217;immagine di una passata edizione)<\/p>\n<p><strong>Sabato 25 giugno tocca a Inarzo. <\/strong>Sul sagrato della chiesa dei Santissimi Pietro e Paolo concerto del quartetto d&#8217;Archi Hugs. Al pianoforte Maurizio Mastrini, musiche di Mastrini. <strong>L&#8217;ingresso \u00e8 libero.<\/strong><\/p>\n<p>&nbsp;<\/p>\n","protected":false},"excerpt":{"rendered":"<p>Sul sagrato della chiesa dei Santissimi Pietro e Paolo concerto del quartetto d&#8217;Archi Hugs. Al pianoforte Maurizio Mastrini, musiche di Mastrini. L&#8217;ingresso \u00e8 libero.<\/p>\n","protected":false},"author":49,"featured_media":0,"comment_status":"open","ping_status":"open","sticky":false,"template":"","format":"aside","meta":{"footnotes":""},"categories":[2],"tags":[41355,124308],"acf":[],"yoast_head":"<!-- This site is optimized with the Yoast SEO plugin v20.1 - https:\/\/yoast.com\/wordpress\/plugins\/seo\/ -->\n<title>Musica nelle Residenze Storiche, tocca a Inarzo<\/title>\n<meta name=\"description\" content=\"Sul sagrato della chiesa dei Santissimi Pietro e Paolo concerto del quartetto d&#039;Archi Hugs. Al pianoforte Maurizio Mastrini, musiche di Mastrini. L&#039;ingresso \u00e8 libero.\" \/>\n<meta name=\"robots\" content=\"noindex, follow, max-snippet:-1, max-image-preview:large, max-video-preview:-1\" \/>\n<meta property=\"og:locale\" content=\"it_IT\" \/>\n<meta property=\"og:type\" content=\"article\" \/>\n<meta property=\"og:title\" content=\"Musica nelle Residenze Storiche, tocca a Inarzo\" \/>\n<meta property=\"og:description\" content=\"Sul sagrato della chiesa dei Santissimi Pietro e Paolo concerto del quartetto d&#039;Archi Hugs. Al pianoforte Maurizio Mastrini, musiche di Mastrini. L&#039;ingresso \u00e8 libero.\" \/>\n<meta property=\"og:url\" content=\"https:\/\/staging.varesenews.it\/2022\/06\/musica-nelle-residenze-storiche-tocca-inarzo\/1475615\/\" \/>\n<meta property=\"og:site_name\" content=\"VareseNews\" \/>\n<meta property=\"article:publisher\" content=\"https:\/\/www.facebook.com\/varesenews\" \/>\n<meta property=\"article:author\" content=\"https:\/\/www.facebook.com\/roberta.bertolini.9\" \/>\n<meta property=\"article:published_time\" content=\"2022-06-23T06:59:29+00:00\" \/>\n<meta name=\"author\" content=\"Roberta Bertolini\" \/>\n<meta name=\"twitter:card\" content=\"summary_large_image\" \/>\n<meta name=\"twitter:creator\" content=\"@robybertolini\" \/>\n<meta name=\"twitter:site\" content=\"@varesenews\" \/>\n<meta name=\"twitter:label1\" content=\"Scritto da\" \/>\n\t<meta name=\"twitter:data1\" content=\"Roberta Bertolini\" \/>\n<script type=\"application\/ld+json\" class=\"yoast-schema-graph\">{\"@context\":\"https:\/\/schema.org\",\"@graph\":[{\"@type\":\"WebPage\",\"@id\":\"https:\/\/staging.varesenews.it\/2022\/06\/musica-nelle-residenze-storiche-tocca-inarzo\/1475615\/\",\"url\":\"https:\/\/staging.varesenews.it\/2022\/06\/musica-nelle-residenze-storiche-tocca-inarzo\/1475615\/\",\"name\":\"Musica nelle Residenze Storiche, tocca a Inarzo\",\"isPartOf\":{\"@id\":\"https:\/\/staging.varesenews.it\/#website\"},\"datePublished\":\"2022-06-23T06:59:29+00:00\",\"dateModified\":\"2022-06-23T06:59:29+00:00\",\"author\":{\"@id\":\"https:\/\/staging.varesenews.it\/#\/schema\/person\/58fbd3e567d5c00f0a64d5137fef3e68\"},\"description\":\"Sul sagrato della chiesa dei Santissimi Pietro e Paolo concerto del quartetto d'Archi Hugs. Al pianoforte Maurizio Mastrini, musiche di Mastrini. L'ingresso \u00e8 libero.\",\"breadcrumb\":{\"@id\":\"https:\/\/staging.varesenews.it\/2022\/06\/musica-nelle-residenze-storiche-tocca-inarzo\/1475615\/#breadcrumb\"},\"inLanguage\":\"it-IT\",\"potentialAction\":[{\"@type\":\"ReadAction\",\"target\":[\"https:\/\/staging.varesenews.it\/2022\/06\/musica-nelle-residenze-storiche-tocca-inarzo\/1475615\/\"]}]},{\"@type\":\"BreadcrumbList\",\"@id\":\"https:\/\/staging.varesenews.it\/2022\/06\/musica-nelle-residenze-storiche-tocca-inarzo\/1475615\/#breadcrumb\",\"itemListElement\":[{\"@type\":\"ListItem\",\"position\":1,\"name\":\"Home\",\"item\":\"https:\/\/www.varesenews.it\/\"},{\"@type\":\"ListItem\",\"position\":2,\"name\":\"Musica nelle Residenze Storiche, tocca a Inarzo\"}]},{\"@type\":\"WebSite\",\"@id\":\"https:\/\/staging.varesenews.it\/#website\",\"url\":\"https:\/\/staging.varesenews.it\/\",\"name\":\"VareseNews\",\"description\":\"\",\"potentialAction\":[{\"@type\":\"SearchAction\",\"target\":{\"@type\":\"EntryPoint\",\"urlTemplate\":\"https:\/\/staging.varesenews.it\/?s={search_term_string}\"},\"query-input\":\"required name=search_term_string\"}],\"inLanguage\":\"it-IT\"},{\"@type\":\"Person\",\"@id\":\"https:\/\/staging.varesenews.it\/#\/schema\/person\/58fbd3e567d5c00f0a64d5137fef3e68\",\"name\":\"Roberta Bertolini\",\"image\":{\"@type\":\"ImageObject\",\"inLanguage\":\"it-IT\",\"@id\":\"https:\/\/staging.varesenews.it\/#\/schema\/person\/image\/\",\"url\":\"https:\/\/staging.varesenews.it\/wp-content\/uploads\/2020\/12\/roberta_bertolini_colori_500.jpg\",\"contentUrl\":\"https:\/\/staging.varesenews.it\/wp-content\/uploads\/2020\/12\/roberta_bertolini_colori_500.jpg\",\"caption\":\"Roberta Bertolini\"},\"description\":\"Giornalista professionista dal 1991, sono passata, ormai molti anni fa, dalla carta al web. Oggi mi occupo di cronaca locale e guardo con curiosit&agrave; ed attenzione il mondo dei social. Parlo poco, ascolto molto.\",\"sameAs\":[\"https:\/\/www.facebook.com\/roberta.bertolini.9\",\"bettabertolini\",\"https:\/\/www.linkedin.com\/hp\/?dnr=v9e-Gp7a6_oxqTuQyZA0Lf4aEi4t91g6wMH\",\"https:\/\/twitter.com\/robybertolini\"],\"url\":\"https:\/\/staging.varesenews.it\/persona\/roberta-bertolini1\/\"}]}<\/script>\n<!-- \/ Yoast SEO plugin. -->","yoast_head_json":{"title":"Musica nelle Residenze Storiche, tocca a Inarzo","description":"Sul sagrato della chiesa dei Santissimi Pietro e Paolo concerto del quartetto d'Archi Hugs. Al pianoforte Maurizio Mastrini, musiche di Mastrini. L'ingresso \u00e8 libero.","robots":{"index":"noindex","follow":"follow","max-snippet":"max-snippet:-1","max-image-preview":"max-image-preview:large","max-video-preview":"max-video-preview:-1"},"og_locale":"it_IT","og_type":"article","og_title":"Musica nelle Residenze Storiche, tocca a Inarzo","og_description":"Sul sagrato della chiesa dei Santissimi Pietro e Paolo concerto del quartetto d'Archi Hugs. Al pianoforte Maurizio Mastrini, musiche di Mastrini. L'ingresso \u00e8 libero.","og_url":"https:\/\/staging.varesenews.it\/2022\/06\/musica-nelle-residenze-storiche-tocca-inarzo\/1475615\/","og_site_name":"VareseNews","article_publisher":"https:\/\/www.facebook.com\/varesenews","article_author":"https:\/\/www.facebook.com\/roberta.bertolini.9","article_published_time":"2022-06-23T06:59:29+00:00","author":"Roberta Bertolini","twitter_card":"summary_large_image","twitter_creator":"@robybertolini","twitter_site":"@varesenews","twitter_misc":{"Scritto da":"Roberta Bertolini"},"schema":{"@context":"https:\/\/schema.org","@graph":[{"@type":"WebPage","@id":"https:\/\/staging.varesenews.it\/2022\/06\/musica-nelle-residenze-storiche-tocca-inarzo\/1475615\/","url":"https:\/\/staging.varesenews.it\/2022\/06\/musica-nelle-residenze-storiche-tocca-inarzo\/1475615\/","name":"Musica nelle Residenze Storiche, tocca a Inarzo","isPartOf":{"@id":"https:\/\/staging.varesenews.it\/#website"},"datePublished":"2022-06-23T06:59:29+00:00","dateModified":"2022-06-23T06:59:29+00:00","author":{"@id":"https:\/\/staging.varesenews.it\/#\/schema\/person\/58fbd3e567d5c00f0a64d5137fef3e68"},"description":"Sul sagrato della chiesa dei Santissimi Pietro e Paolo concerto del quartetto d'Archi Hugs. Al pianoforte Maurizio Mastrini, musiche di Mastrini. L'ingresso \u00e8 libero.","breadcrumb":{"@id":"https:\/\/staging.varesenews.it\/2022\/06\/musica-nelle-residenze-storiche-tocca-inarzo\/1475615\/#breadcrumb"},"inLanguage":"it-IT","potentialAction":[{"@type":"ReadAction","target":["https:\/\/staging.varesenews.it\/2022\/06\/musica-nelle-residenze-storiche-tocca-inarzo\/1475615\/"]}]},{"@type":"BreadcrumbList","@id":"https:\/\/staging.varesenews.it\/2022\/06\/musica-nelle-residenze-storiche-tocca-inarzo\/1475615\/#breadcrumb","itemListElement":[{"@type":"ListItem","position":1,"name":"Home","item":"https:\/\/www.varesenews.it\/"},{"@type":"ListItem","position":2,"name":"Musica nelle Residenze Storiche, tocca a Inarzo"}]},{"@type":"WebSite","@id":"https:\/\/staging.varesenews.it\/#website","url":"https:\/\/staging.varesenews.it\/","name":"VareseNews","description":"","potentialAction":[{"@type":"SearchAction","target":{"@type":"EntryPoint","urlTemplate":"https:\/\/staging.varesenews.it\/?s={search_term_string}"},"query-input":"required name=search_term_string"}],"inLanguage":"it-IT"},{"@type":"Person","@id":"https:\/\/staging.varesenews.it\/#\/schema\/person\/58fbd3e567d5c00f0a64d5137fef3e68","name":"Roberta Bertolini","image":{"@type":"ImageObject","inLanguage":"it-IT","@id":"https:\/\/staging.varesenews.it\/#\/schema\/person\/image\/","url":"https:\/\/staging.varesenews.it\/wp-content\/uploads\/2020\/12\/roberta_bertolini_colori_500.jpg","contentUrl":"https:\/\/staging.varesenews.it\/wp-content\/uploads\/2020\/12\/roberta_bertolini_colori_500.jpg","caption":"Roberta Bertolini"},"description":"Giornalista professionista dal 1991, sono passata, ormai molti anni fa, dalla carta al web. Oggi mi occupo di cronaca locale e guardo con curiosit&agrave; ed attenzione il mondo dei social. Parlo poco, ascolto molto.","sameAs":["https:\/\/www.facebook.com\/roberta.bertolini.9","bettabertolini","https:\/\/www.linkedin.com\/hp\/?dnr=v9e-Gp7a6_oxqTuQyZA0Lf4aEi4t91g6wMH","https:\/\/twitter.com\/robybertolini"],"url":"https:\/\/staging.varesenews.it\/persona\/roberta-bertolini1\/"}]}},"post_meta":{"content-image-gallery":"","_edit_lock":"1655968842:49","_edit_last":"49","_category_permalink":"a:1:{s:7:\"testate\";s:0:\"\";}","_yoast_wpseo_focuskw_text_input":"musica nelle residenze storiche","_yoast_wpseo_focuskw":"musica nelle residenze storiche","_yoast_wpseo_linkdex":"44","_yoast_wpseo_content_score":"30","_jd_tweet_this":"yes","foto":"1240050","firma_come_redazione":"1","evento-location":"1475619","evento-price":"Gratuito","argomento":"Inarzo","_encloseme":"1","ratings_users":"0","ratings_score":"0","ratings_average":"0","_wpt_short_url":"https:\/\/www.varesenews.it\/2022\/06\/musica-nelle-residenze-storiche-tocca-inarzo\/1475615\/","_wp_jd_target":"https:\/\/www.varesenews.it\/2022\/06\/musica-nelle-residenze-storiche-tocca-inarzo\/1475615\/","_jd_wp_twitter":"a:1:{i:0;s:143:\"Musica nelle Residenze Storiche, tocca a Inarzo https:\/\/www.varesenews.it\/2022\/06\/musica-nelle-residenze-storiche-tocca-inarzo\/1475615\/ #inarzo\";}","_wpt_status_message":"Tweet inviato con successo.","_oembed_b12c96d3578ad3c9bf0292b9f0c44de5":"<blockquote class=\"wp-embedded-content\" data-secret=\"fLZXw4ISub\"><a href=\"https:\/\/www.varesenews.it\/2022\/05\/clara-pirani-pietra-inciampo-gallarate\/1467449\/\">Clara Pirani, la maestra ebrea di Gallarate assassinata dai burocrati del fascismo<\/a><\/blockquote><iframe class=\"wp-embedded-content\" sandbox=\"allow-scripts\" security=\"restricted\" style=\"position: absolute; clip: rect(1px, 1px, 1px, 1px);\" src=\"https:\/\/www.varesenews.it\/2022\/05\/clara-pirani-pietra-inciampo-gallarate\/1467449\/embed\/#?secret=fLZXw4ISub\" data-secret=\"fLZXw4ISub\" width=\"500\" height=\"282\" title=\"&#8220;Clara Pirani, la maestra ebrea di Gallarate assassinata dai burocrati del fascismo&#8221; &#8212; VareseNews\" frameborder=\"0\" marginwidth=\"0\" marginheight=\"0\" scrolling=\"no\"><\/iframe>","_oembed_time_b12c96d3578ad3c9bf0292b9f0c44de5":"1655967773","_oembed_91b51e63f3b28f307a21f66ec0c493c1":"{{unknown}}","_oembed_f73c87ce5da9cdd8eb28834191ef8ec5":"<blockquote class=\"wp-embedded-content\" data-secret=\"M6BA8DrqCq\"><a href=\"https:\/\/www.varesenews.it\/2022\/06\/sottopasso-santanna-serve-un-altro-milione-euro-rincari-materiali-energia-rifiuti-trovati\/1475519\/\">Per il sottopasso di Sant\u2019Anna a Busto serve un altro milione: \u201cRincari per materiali, energia e rifiuti trovati\u201d<\/a><\/blockquote><iframe class=\"wp-embedded-content\" sandbox=\"allow-scripts\" security=\"restricted\" style=\"position: absolute; clip: rect(1px, 1px, 1px, 1px);\" src=\"https:\/\/www.varesenews.it\/2022\/06\/sottopasso-santanna-serve-un-altro-milione-euro-rincari-materiali-energia-rifiuti-trovati\/1475519\/embed\/#?secret=M6BA8DrqCq\" data-secret=\"M6BA8DrqCq\" width=\"500\" height=\"282\" title=\"&#8220;Per il sottopasso di Sant\u2019Anna a Busto serve un altro milione: \u201cRincari per materiali, energia e rifiuti trovati\u201d&#8221; &#8212; VareseNews\" frameborder=\"0\" marginwidth=\"0\" marginheight=\"0\" scrolling=\"no\"><\/iframe>","_oembed_time_f73c87ce5da9cdd8eb28834191ef8ec5":"1655967773","_oembed_eb1fd8d398ea4f66505009039510aeb4":"<blockquote class=\"wp-embedded-content\" data-secret=\"HTZTA3aq3G\"><a href=\"https:\/\/www.varesenews.it\/2022\/06\/rotonde-scuole-piste-ciclabili-programma-busto-arsizio-non-perdere-finanziamenti-della-regione\/1475549\/\">Rotonde, scuole e piste ciclabili: il programma di Busto Arsizio per non perdere i finanziamenti della Regione<\/a><\/blockquote><iframe class=\"wp-embedded-content\" sandbox=\"allow-scripts\" security=\"restricted\" style=\"position: absolute; clip: rect(1px, 1px, 1px, 1px);\" src=\"https:\/\/www.varesenews.it\/2022\/06\/rotonde-scuole-piste-ciclabili-programma-busto-arsizio-non-perdere-finanziamenti-della-regione\/1475549\/embed\/#?secret=HTZTA3aq3G\" data-secret=\"HTZTA3aq3G\" width=\"500\" height=\"282\" title=\"&#8220;Rotonde, scuole e piste ciclabili: il programma di Busto Arsizio per non perdere i finanziamenti della Regione&#8221; &#8212; VareseNews\" frameborder=\"0\" marginwidth=\"0\" marginheight=\"0\" scrolling=\"no\"><\/iframe>","_oembed_time_eb1fd8d398ea4f66505009039510aeb4":"1655967773","_oembed_64982ec19aa1df25316247127b8e5e03":"<blockquote class=\"wp-embedded-content\" data-secret=\"iyFGj3509l\"><a href=\"https:\/\/www.legnanonews.com\/aree-geografiche\/legnano\/2022\/06\/22\/giovedi-23-al-santo-redentore-di-legnano-i-funerali-d-sergio-allegrini\/1032348\/\">Gioved\u00ec 23, al Santo Redentore di Legnano i funerali d Sergio Allegrini<\/a><\/blockquote><iframe class=\"wp-embedded-content\" sandbox=\"allow-scripts\" security=\"restricted\" style=\"position: absolute; clip: rect(1px, 1px, 1px, 1px);\" src=\"https:\/\/www.legnanonews.com\/aree-geografiche\/legnano\/2022\/06\/22\/giovedi-23-al-santo-redentore-di-legnano-i-funerali-d-sergio-allegrini\/1032348\/embed\/#?secret=iyFGj3509l\" data-secret=\"iyFGj3509l\" width=\"500\" height=\"282\" title=\"&#8220;Gioved\u00ec 23, al Santo Redentore di Legnano i funerali d Sergio Allegrini&#8221; &#8212; LegnanoNews\" frameborder=\"0\" marginwidth=\"0\" marginheight=\"0\" scrolling=\"no\"><\/iframe>","_oembed_time_64982ec19aa1df25316247127b8e5e03":"1655967774","_oembed_6e10b8fe2fd51dbb38d913886ac272a4":"<blockquote class=\"wp-embedded-content\" data-secret=\"9qmwgI87tL\"><a href=\"https:\/\/www.saronnonews.it\/2022\/01\/10\/bonifica-dellex-isotta-fraschini-di-saronno-online-i-risultati-della-caratterizzazione-geologica\/\">Bonifica dell\u2019ex Isotta-Fraschini di Saronno, online i risultati della caratterizzazione geologica<\/a><\/blockquote><iframe class=\"wp-embedded-content\" sandbox=\"allow-scripts\" security=\"restricted\" style=\"position: absolute; clip: rect(1px, 1px, 1px, 1px);\" src=\"https:\/\/www.saronnonews.it\/2022\/01\/10\/bonifica-dellex-isotta-fraschini-di-saronno-online-i-risultati-della-caratterizzazione-geologica\/embed\/#?secret=9qmwgI87tL\" data-secret=\"9qmwgI87tL\" width=\"500\" height=\"282\" title=\"&#8220;Bonifica dell\u2019ex Isotta-Fraschini di Saronno, online i risultati della caratterizzazione geologica&#8221; &#8212; SaronnoNews\" frameborder=\"0\" marginwidth=\"0\" marginheight=\"0\" scrolling=\"no\"><\/iframe>","_oembed_time_6e10b8fe2fd51dbb38d913886ac272a4":"1655968286","_oembed_8b47d176428085a0c6f0b676257db3a0":"<blockquote class=\"wp-embedded-content\" data-secret=\"3J7xsSWuCE\"><a href=\"https:\/\/www.saronnonews.it\/2021\/12\/02\/viaggio-nellisotta-fraschini-di-saronno-da-fabbrica-abbandonata-al-sogno-della-citta-dei-beni-comuni\/\">Viaggio nell&#8217;Isotta Fraschini di Saronno, da fabbrica abbandonata al sogno della &#8220;citt\u00e0 dei beni comuni&#8221;<\/a><\/blockquote><iframe class=\"wp-embedded-content\" sandbox=\"allow-scripts\" security=\"restricted\" style=\"position: absolute; clip: rect(1px, 1px, 1px, 1px);\" src=\"https:\/\/www.saronnonews.it\/2021\/12\/02\/viaggio-nellisotta-fraschini-di-saronno-da-fabbrica-abbandonata-al-sogno-della-citta-dei-beni-comuni\/embed\/#?secret=3J7xsSWuCE\" data-secret=\"3J7xsSWuCE\" width=\"500\" height=\"282\" title=\"&#8220;Viaggio nell&#8217;Isotta Fraschini di Saronno, da fabbrica abbandonata al sogno della &#8220;citt\u00e0 dei beni comuni&#8221;&#8221; &#8212; SaronnoNews\" frameborder=\"0\" marginwidth=\"0\" marginheight=\"0\" scrolling=\"no\"><\/iframe>","_oembed_time_8b47d176428085a0c6f0b676257db3a0":"1655968287","_oembed_1f428e1eadc05d4523f031ab1db99a5d":"<blockquote class=\"wp-embedded-content\" data-secret=\"wAxsCS7ME1\"><a href=\"https:\/\/www.saronnonews.it\/2022\/06\/18\/il-neo-sindaco-stefania-castagnoli-ha-nominato-la-nuova-giunta-di-gerenzano\/\">Il neo sindaco Stefania Castagnoli ha nominato la nuova Giunta di Gerenzano<\/a><\/blockquote><iframe class=\"wp-embedded-content\" sandbox=\"allow-scripts\" security=\"restricted\" style=\"position: absolute; clip: rect(1px, 1px, 1px, 1px);\" src=\"https:\/\/www.saronnonews.it\/2022\/06\/18\/il-neo-sindaco-stefania-castagnoli-ha-nominato-la-nuova-giunta-di-gerenzano\/embed\/#?secret=wAxsCS7ME1\" data-secret=\"wAxsCS7ME1\" width=\"500\" height=\"282\" title=\"&#8220;Il neo sindaco Stefania Castagnoli ha nominato la nuova Giunta di Gerenzano&#8221; &#8212; SaronnoNews\" frameborder=\"0\" marginwidth=\"0\" marginheight=\"0\" scrolling=\"no\"><\/iframe>","_oembed_time_1f428e1eadc05d4523f031ab1db99a5d":"1655968288","_oembed_75981d8d3e3d4d9f11f94b6187c28e30":"<blockquote class=\"wp-embedded-content\" data-secret=\"SHJXZ3qt8Y\"><a href=\"https:\/\/www.varesenews.it\/2022\/06\/dalle-ordinanze-al-razionamento-piano-fronteggiare-la-siccita\/1474985\/\">Dalle ordinanze al razionamento, il piano per fronteggiare la siccit\u00e0<\/a><\/blockquote><iframe class=\"wp-embedded-content\" sandbox=\"allow-scripts\" security=\"restricted\" style=\"position: absolute; clip: rect(1px, 1px, 1px, 1px);\" src=\"https:\/\/www.varesenews.it\/2022\/06\/dalle-ordinanze-al-razionamento-piano-fronteggiare-la-siccita\/1474985\/embed\/#?secret=SHJXZ3qt8Y\" data-secret=\"SHJXZ3qt8Y\" width=\"500\" height=\"282\" title=\"&#8220;Dalle ordinanze al razionamento, il piano per fronteggiare la siccit\u00e0&#8221; &#8212; VareseNews\" frameborder=\"0\" marginwidth=\"0\" marginheight=\"0\" scrolling=\"no\"><\/iframe>","_oembed_time_75981d8d3e3d4d9f11f94b6187c28e30":"1655968289","_oembed_caa42cd3241fd5722d35fc917a7dd005":"<blockquote class=\"wp-embedded-content\" data-secret=\"Y4jO8RH4sk\"><a href=\"https:\/\/www.varesenews.it\/2022\/06\/le-ordinanze-risparmiare-acqua-funzionano-arriveranno-tutti-comuni\/1474916\/\">Le ordinanze per risparmiare acqua funzionano: &#8220;Arriveranno in tutti i comuni&#8221;<\/a><\/blockquote><iframe class=\"wp-embedded-content\" sandbox=\"allow-scripts\" security=\"restricted\" style=\"position: absolute; clip: rect(1px, 1px, 1px, 1px);\" src=\"https:\/\/www.varesenews.it\/2022\/06\/le-ordinanze-risparmiare-acqua-funzionano-arriveranno-tutti-comuni\/1474916\/embed\/#?secret=Y4jO8RH4sk\" data-secret=\"Y4jO8RH4sk\" width=\"500\" height=\"282\" title=\"&#8220;Le ordinanze per risparmiare acqua funzionano: &#8220;Arriveranno in tutti i comuni&#8221;&#8221; &#8212; VareseNews\" frameborder=\"0\" marginwidth=\"0\" marginheight=\"0\" scrolling=\"no\"><\/iframe>","_oembed_time_caa42cd3241fd5722d35fc917a7dd005":"1655968289","_oembed_2eade47dc4d3519560b314a156fd56eb":"<blockquote class=\"wp-embedded-content\" data-secret=\"58AdbBUF8E\"><a href=\"https:\/\/www.varesenews.it\/2022\/06\/dalle-montagne-al-rubinetto-casa-lacqua-manca-inizia-farsi-sentire\/1474290\/\">Dalle montagne al rubinetto di casa, l&#8217;acqua che manca inizia a farsi sentire<\/a><\/blockquote><iframe class=\"wp-embedded-content\" sandbox=\"allow-scripts\" security=\"restricted\" style=\"position: absolute; clip: rect(1px, 1px, 1px, 1px);\" src=\"https:\/\/www.varesenews.it\/2022\/06\/dalle-montagne-al-rubinetto-casa-lacqua-manca-inizia-farsi-sentire\/1474290\/embed\/#?secret=58AdbBUF8E\" data-secret=\"58AdbBUF8E\" width=\"500\" height=\"282\" title=\"&#8220;Dalle montagne al rubinetto di casa, l&#8217;acqua che manca inizia a farsi sentire&#8221; &#8212; VareseNews\" frameborder=\"0\" marginwidth=\"0\" marginheight=\"0\" scrolling=\"no\"><\/iframe>","_oembed_time_2eade47dc4d3519560b314a156fd56eb":"1655968289","_oembed_7131f8898554eae6d6e7d4160576df53":"<blockquote class=\"wp-embedded-content\" data-secret=\"RPDtYCFpP8\"><a href=\"https:\/\/www.varesenews.it\/2022\/06\/varese-mai-cosi-poca-pioggia-dal-1967-ad-oggi\/1474653\/\">A Varese mai cos\u00ec poca pioggia dal 1967 ad oggi<\/a><\/blockquote><iframe class=\"wp-embedded-content\" sandbox=\"allow-scripts\" security=\"restricted\" style=\"position: absolute; clip: rect(1px, 1px, 1px, 1px);\" src=\"https:\/\/www.varesenews.it\/2022\/06\/varese-mai-cosi-poca-pioggia-dal-1967-ad-oggi\/1474653\/embed\/#?secret=RPDtYCFpP8\" data-secret=\"RPDtYCFpP8\" width=\"500\" height=\"282\" title=\"&#8220;A Varese mai cos\u00ec poca pioggia dal 1967 ad oggi&#8221; &#8212; VareseNews\" frameborder=\"0\" marginwidth=\"0\" marginheight=\"0\" scrolling=\"no\"><\/iframe>","_oembed_time_7131f8898554eae6d6e7d4160576df53":"1655968289","_oembed_ad4cc991ff840ef9a7fba2007d27f59d":"<blockquote class=\"wp-embedded-content\" data-secret=\"ktLKrnlDTY\"><a href=\"https:\/\/www.varesenews.it\/2022\/06\/la-neve-finita-lago-maggiore-non-mai-cosi-basso-la-siccita-record-sempre-piu-paura\/1472788\/\">La neve \u00e8 finita e il Lago Maggiore non \u00e8 mai stato cos\u00ec basso, la siccit\u00e0 da record fa sempre pi\u00f9 paura<\/a><\/blockquote><iframe class=\"wp-embedded-content\" sandbox=\"allow-scripts\" security=\"restricted\" style=\"position: absolute; clip: rect(1px, 1px, 1px, 1px);\" src=\"https:\/\/www.varesenews.it\/2022\/06\/la-neve-finita-lago-maggiore-non-mai-cosi-basso-la-siccita-record-sempre-piu-paura\/1472788\/embed\/#?secret=ktLKrnlDTY\" data-secret=\"ktLKrnlDTY\" width=\"500\" height=\"282\" title=\"&#8220;La neve \u00e8 finita e il Lago Maggiore non \u00e8 mai stato cos\u00ec basso, la siccit\u00e0 da record fa sempre pi\u00f9 paura&#8221; &#8212; VareseNews\" frameborder=\"0\" marginwidth=\"0\" marginheight=\"0\" scrolling=\"no\"><\/iframe>","_oembed_time_ad4cc991ff840ef9a7fba2007d27f59d":"1655968289","_oembed_8a5cd78487527a849151fdf3c4dbd762":"<blockquote class=\"wp-embedded-content\" data-secret=\"lMiPnH92tm\"><a href=\"https:\/\/www.varesenews.it\/2022\/06\/la-siccita-colpisce-varesotto-piu-esposte-le-valli\/1474118\/\">La siccit\u00e0 colpisce il Varesotto. E pi\u00f9 esposte sono le valli<\/a><\/blockquote><iframe class=\"wp-embedded-content\" sandbox=\"allow-scripts\" security=\"restricted\" style=\"position: absolute; clip: rect(1px, 1px, 1px, 1px);\" src=\"https:\/\/www.varesenews.it\/2022\/06\/la-siccita-colpisce-varesotto-piu-esposte-le-valli\/1474118\/embed\/#?secret=lMiPnH92tm\" data-secret=\"lMiPnH92tm\" width=\"500\" height=\"282\" title=\"&#8220;La siccit\u00e0 colpisce il Varesotto. E pi\u00f9 esposte sono le valli&#8221; &#8212; VareseNews\" frameborder=\"0\" marginwidth=\"0\" marginheight=\"0\" scrolling=\"no\"><\/iframe>","_oembed_time_8a5cd78487527a849151fdf3c4dbd762":"1655968289","_oembed_de22c9e1570788d42495ca115367ecc7":"<blockquote class=\"wp-embedded-content\" data-secret=\"x5p0Crg3LU\"><a href=\"https:\/\/www.varesenews.it\/2022\/05\/meta-dellacqua-temperature-piena-estate-raccolti-mais-lombardia-rischio\/1463814\/\">Con met\u00e0 dell&#8217;acqua e temperature da piena estate i raccolti di mais in Lombardia sono a rischio<\/a><\/blockquote><iframe class=\"wp-embedded-content\" sandbox=\"allow-scripts\" security=\"restricted\" style=\"position: absolute; clip: rect(1px, 1px, 1px, 1px);\" src=\"https:\/\/www.varesenews.it\/2022\/05\/meta-dellacqua-temperature-piena-estate-raccolti-mais-lombardia-rischio\/1463814\/embed\/#?secret=x5p0Crg3LU\" data-secret=\"x5p0Crg3LU\" width=\"500\" height=\"282\" title=\"&#8220;Con met\u00e0 dell&#8217;acqua e temperature da piena estate i raccolti di mais in Lombardia sono a rischio&#8221; &#8212; VareseNews\" frameborder=\"0\" marginwidth=\"0\" marginheight=\"0\" scrolling=\"no\"><\/iframe>","_oembed_time_de22c9e1570788d42495ca115367ecc7":"1655968289","_oembed_41e6778bb4c1a4c38a69dd0a0f6496bc":"<blockquote class=\"wp-embedded-content\" data-secret=\"esnWMwbeFc\"><a href=\"https:\/\/www.saronnonews.it\/2022\/06\/14\/ecco-come-sara-il-nuovo-consiglio-comunale-di-gerenzano\/\">Ecco come sar\u00e0 il nuovo Consiglio comunale di Gerenzano<\/a><\/blockquote><iframe class=\"wp-embedded-content\" sandbox=\"allow-scripts\" security=\"restricted\" style=\"position: absolute; clip: rect(1px, 1px, 1px, 1px);\" src=\"https:\/\/www.saronnonews.it\/2022\/06\/14\/ecco-come-sara-il-nuovo-consiglio-comunale-di-gerenzano\/embed\/#?secret=esnWMwbeFc\" data-secret=\"esnWMwbeFc\" width=\"500\" height=\"282\" title=\"&#8220;Ecco come sar\u00e0 il nuovo Consiglio comunale di Gerenzano&#8221; &#8212; SaronnoNews\" frameborder=\"0\" marginwidth=\"0\" marginheight=\"0\" scrolling=\"no\"><\/iframe>","_oembed_time_41e6778bb4c1a4c38a69dd0a0f6496bc":"1655968290","_oembed_c284bfe9c5c39276ca60b4e4afc7de4e":"<blockquote class=\"wp-embedded-content\" data-secret=\"QNX5jPhsHH\"><a href=\"https:\/\/www.varesenews.it\/2022\/06\/lugano-verso-vertice-sullucraina-attesa-von-der-leyen-forse-zelensky\/1473775\/\">Lugano verso il vertice sull&#8217;Ucraina. Attesa Von Der Leyen, &#8220;in forse&#8221; Zelensky<\/a><\/blockquote><iframe class=\"wp-embedded-content\" sandbox=\"allow-scripts\" security=\"restricted\" style=\"position: absolute; clip: rect(1px, 1px, 1px, 1px);\" src=\"https:\/\/www.varesenews.it\/2022\/06\/lugano-verso-vertice-sullucraina-attesa-von-der-leyen-forse-zelensky\/1473775\/embed\/#?secret=QNX5jPhsHH\" data-secret=\"QNX5jPhsHH\" width=\"500\" height=\"282\" title=\"&#8220;Lugano verso il vertice sull&#8217;Ucraina. Attesa Von Der Leyen, &#8220;in forse&#8221; Zelensky&#8221; &#8212; VareseNews\" frameborder=\"0\" marginwidth=\"0\" marginheight=\"0\" scrolling=\"no\"><\/iframe>","_oembed_time_c284bfe9c5c39276ca60b4e4afc7de4e":"1655968495","_oembed_0d2a520cad645d7ddbb82d7b740eab34":"<blockquote class=\"wp-embedded-content\" data-secret=\"Ms8tFpX5Tb\"><a href=\"https:\/\/www.varesenews.it\/2022\/05\/la-siccita-ticino-al-panperduto-resta-senza-senzacqua\/1457912\/\">La spettacolare diga sul Ticino al Panperduto ora \u00e8 completamente secca<\/a><\/blockquote><iframe class=\"wp-embedded-content\" sandbox=\"allow-scripts\" security=\"restricted\" style=\"position: absolute; clip: rect(1px, 1px, 1px, 1px);\" src=\"https:\/\/www.varesenews.it\/2022\/05\/la-siccita-ticino-al-panperduto-resta-senza-senzacqua\/1457912\/embed\/#?secret=Ms8tFpX5Tb\" data-secret=\"Ms8tFpX5Tb\" width=\"500\" height=\"282\" title=\"&#8220;La spettacolare diga sul Ticino al Panperduto ora \u00e8 completamente secca&#8221; &#8212; VareseNews\" frameborder=\"0\" marginwidth=\"0\" marginheight=\"0\" scrolling=\"no\"><\/iframe>","_oembed_time_0d2a520cad645d7ddbb82d7b740eab34":"1655968495","_oembed_551d723940a5b2577ce3d7a5554739ed":"<blockquote class=\"wp-embedded-content\" data-secret=\"ygyvaNOMt5\"><a href=\"https:\/\/www.varesenews.it\/2022\/06\/piscina-riempire-comuni-non-si-puo-tutti-gli-altri-serve-nulla-osta-non-piscinetta\/1469076\/\">Piscina da riempire? In alcuni comuni non si pu\u00f2, in tutti gli altri serve il nulla osta (se non \u00e8 una piscinetta)<\/a><\/blockquote><iframe class=\"wp-embedded-content\" sandbox=\"allow-scripts\" security=\"restricted\" style=\"position: absolute; clip: rect(1px, 1px, 1px, 1px);\" src=\"https:\/\/www.varesenews.it\/2022\/06\/piscina-riempire-comuni-non-si-puo-tutti-gli-altri-serve-nulla-osta-non-piscinetta\/1469076\/embed\/#?secret=ygyvaNOMt5\" data-secret=\"ygyvaNOMt5\" width=\"500\" height=\"282\" title=\"&#8220;Piscina da riempire? In alcuni comuni non si pu\u00f2, in tutti gli altri serve il nulla osta (se non \u00e8 una piscinetta)&#8221; &#8212; VareseNews\" frameborder=\"0\" marginwidth=\"0\" marginheight=\"0\" scrolling=\"no\"><\/iframe>","_oembed_time_551d723940a5b2577ce3d7a5554739ed":"1655968495","_oembed_fa3e011dcc02ff8f8eb2bef2719efc07":"<blockquote class=\"wp-embedded-content\" data-secret=\"PL88yHz09O\"><a href=\"https:\/\/www.varesenews.it\/2021\/07\/ricerca-rivela-microplastiche-ovunque-sulle-rive-del-ceresio\/1361905\/\">Ricerca rivela microplastiche ovunque sulle rive del Ceresio<\/a><\/blockquote><iframe class=\"wp-embedded-content\" sandbox=\"allow-scripts\" security=\"restricted\" style=\"position: absolute; clip: rect(1px, 1px, 1px, 1px);\" src=\"https:\/\/www.varesenews.it\/2021\/07\/ricerca-rivela-microplastiche-ovunque-sulle-rive-del-ceresio\/1361905\/embed\/#?secret=PL88yHz09O\" data-secret=\"PL88yHz09O\" width=\"500\" height=\"282\" title=\"&#8220;Ricerca rivela microplastiche ovunque sulle rive del Ceresio&#8221; &#8212; VareseNews\" frameborder=\"0\" marginwidth=\"0\" marginheight=\"0\" scrolling=\"no\"><\/iframe>","_oembed_time_fa3e011dcc02ff8f8eb2bef2719efc07":"1655968495","_oembed_9936e13fbe298302324d32826cd8b703":"<blockquote class=\"wp-embedded-content\" data-secret=\"7ZFUJqeHyV\"><a href=\"https:\/\/www.verbanonews.it\/canali-tematici\/turismo\/2022\/06\/10\/cosa-fare-nel-weekend-del-10-11-e-12-giugno-sul-lago-maggiore\/944635\/\">Cosa fare nel weekend del 10, 11 e 12 giugno sul Lago Maggiore<\/a><\/blockquote><iframe class=\"wp-embedded-content\" sandbox=\"allow-scripts\" security=\"restricted\" style=\"position: absolute; clip: rect(1px, 1px, 1px, 1px);\" src=\"https:\/\/www.verbanonews.it\/canali-tematici\/turismo\/2022\/06\/10\/cosa-fare-nel-weekend-del-10-11-e-12-giugno-sul-lago-maggiore\/944635\/embed\/#?secret=7ZFUJqeHyV\" data-secret=\"7ZFUJqeHyV\" width=\"500\" height=\"282\" title=\"&#8220;Cosa fare nel weekend del 10, 11 e 12 giugno sul Lago Maggiore&#8221; &#8212; VerbanoNews\" frameborder=\"0\" marginwidth=\"0\" marginheight=\"0\" scrolling=\"no\"><\/iframe>","_oembed_time_9936e13fbe298302324d32826cd8b703":"1655968498","_oembed_6e0177f05baaec8e65f6f63d01adc70f":"<blockquote class=\"wp-embedded-content\" data-secret=\"aYmzsOS9HE\"><a href=\"https:\/\/www.varesenews.it\/2022\/05\/perche-anche-provincia-varese-cosi-difficile-trovare-cuochi-camerieri\/1466920\/\">Perch\u00e9 anche in provincia di Varese \u00e8 cos\u00ec difficile trovare cuochi e camerieri<\/a><\/blockquote><iframe class=\"wp-embedded-content\" sandbox=\"allow-scripts\" security=\"restricted\" style=\"position: absolute; clip: rect(1px, 1px, 1px, 1px);\" src=\"https:\/\/www.varesenews.it\/2022\/05\/perche-anche-provincia-varese-cosi-difficile-trovare-cuochi-camerieri\/1466920\/embed\/#?secret=aYmzsOS9HE\" data-secret=\"aYmzsOS9HE\" width=\"500\" height=\"282\" title=\"&#8220;Perch\u00e9 anche in provincia di Varese \u00e8 cos\u00ec difficile trovare cuochi e camerieri&#8221; &#8212; VareseNews\" frameborder=\"0\" marginwidth=\"0\" marginheight=\"0\" scrolling=\"no\"><\/iframe>","_oembed_time_6e0177f05baaec8e65f6f63d01adc70f":"1655968498"},"photos":[{"original":"https:\/\/staging.varesenews.it\/photogallery_new\/images\/2021\/08\/generica-2020-1240050.jpg","full":"https:\/\/staging.varesenews.it\/photogallery_new\/images\/2021\/08\/generica-2020-1240050.1024x768.jpg","large":"https:\/\/staging.varesenews.it\/photogallery_new\/images\/2021\/08\/generica-2020-1240050.610x431.jpg"}],"_links":{"self":[{"href":"https:\/\/staging.varesenews.it\/swgapi\/v1\/wp\/v2\/posts\/1475615"}],"collection":[{"href":"https:\/\/staging.varesenews.it\/swgapi\/v1\/wp\/v2\/posts"}],"about":[{"href":"https:\/\/staging.varesenews.it\/swgapi\/v1\/wp\/v2\/types\/post"}],"author":[{"embeddable":true,"href":"https:\/\/staging.varesenews.it\/swgapi\/v1\/wp\/v2\/users\/49"}],"replies":[{"embeddable":true,"href":"https:\/\/staging.varesenews.it\/swgapi\/v1\/wp\/v2\/comments?post=1475615"}],"version-history":[{"count":0,"href":"https:\/\/staging.varesenews.it\/swgapi\/v1\/wp\/v2\/posts\/1475615\/revisions"}],"wp:attachment":[{"href":"https:\/\/staging.varesenews.it\/swgapi\/v1\/wp\/v2\/media?parent=1475615"}],"wp:term":[{"taxonomy":"category","embeddable":true,"href":"https:\/\/staging.varesenews.it\/swgapi\/v1\/wp\/v2\/categories?post=1475615"},{"taxonomy":"post_tag","embeddable":true,"href":"https:\/\/staging.varesenews.it\/swgapi\/v1\/wp\/v2\/tags?post=1475615"}],"curies":[{"name":"wp","href":"https:\/\/api.w.org\/{rel}","templated":true}]}}