{"id":1477265,"date":"2022-06-28T10:55:26","date_gmt":"2022-06-28T08:55:26","guid":{"rendered":"https:\/\/www.varesenews.it\/?p=1477265"},"modified":"2022-06-28T10:56:17","modified_gmt":"2022-06-28T08:56:17","slug":"parole-parole-parole-uno-spettacolo-nella-corte-buguggiate","status":"publish","type":"post","link":"https:\/\/staging.varesenews.it\/2022\/06\/parole-parole-parole-uno-spettacolo-nella-corte-buguggiate\/1477265\/","title":{"rendered":"Parole, parole, parole, uno spettacolo nella corte di Buguggiate"},"content":{"rendered":"<p><strong>&#8220;Parole, parole, parole&#8221;<\/strong> \u00e8 il titolo dello spettacolo teatrale che si terr\u00e0 a Buguggiate il <strong>30 giugno <\/strong>in corte Caffi, una corte storica del paese. Il testo \u00e8 liberamente tratto da un&#8217;opera di Agnes de Lestrade, con Massimo Zatta e Antonio Brugnano, regia di Valentina Maselli (in caso di maltempo lo spettacolo si terr\u00e0 al Castellani di Azzate).<\/p>\n<p>\u201cIn un paese lontano e dai pi\u00f9 sconosciuto, le parole hanno un enorme valore. I cittadini di questo paese pesano con molta attenzione ogni sillaba pronunciata, e pensano 10, 100, 1000 volte prima di dire anche solo una parola. Sembrerebbe un mondo ideale in cui vivere, un mondo in cui si riconosce il reale e grande potere delle parole. Purtroppo, per\u00f2 i cittadini di questo paese non sono pi\u00f9 saggi di quelli del resto del mondo, <strong>semplicemente qui le parole si comprano, si pagano e costano anche care<\/strong>. Insomma, in questo paese, se si vuol dire qualcosa bisogna andare al \u201cnegozio delle parole\u201d e comprare ci\u00f2 di cui si ha bisogno. Ed \u00e8 proprio qui che \u00e8 ambientata la nostra storia e a raccontarcela \u00e8 il misterioso venditore di parole &#8220;.<\/p>\n<p><strong>Inizio ore 21. Ingresso libero senza prenotazione.<\/strong><\/p>\n","protected":false},"excerpt":{"rendered":"<p>Appuntamento alle ore 21, il 30 giugno in corte Caffi. Il testo \u00e8 liberamente tratto da un&#8217;opera di Agnes de Lestrade, con Massimo Zatta e Antonio Brugnano, regia di Valentina Maselli <\/p>\n","protected":false},"author":49,"featured_media":0,"comment_status":"open","ping_status":"open","sticky":false,"template":"","format":"aside","meta":{"footnotes":""},"categories":[2],"tags":[41381,8663,94388],"acf":[],"yoast_head":"<!-- This site is optimized with the Yoast SEO plugin v20.1 - https:\/\/yoast.com\/wordpress\/plugins\/seo\/ -->\n<title>Parole, parole, parole, uno spettacolo nella corte di Buguggiate<\/title>\n<meta name=\"description\" content=\"Appuntamento alle ore 21, il 30 giugno in corte Caffi. Il testo \u00e8 liberamente tratto da un&#039;opera di Agnes de Lestrade, con Massimo Zatta e Antonio Brugnano, regia di Valentina Maselli\" \/>\n<meta name=\"robots\" content=\"noindex, follow, max-snippet:-1, max-image-preview:large, max-video-preview:-1\" \/>\n<meta property=\"og:locale\" content=\"it_IT\" \/>\n<meta property=\"og:type\" content=\"article\" \/>\n<meta property=\"og:title\" content=\"Parole, parole, parole, uno spettacolo nella corte di Buguggiate\" \/>\n<meta property=\"og:description\" content=\"Appuntamento alle ore 21, il 30 giugno in corte Caffi. Il testo \u00e8 liberamente tratto da un&#039;opera di Agnes de Lestrade, con Massimo Zatta e Antonio Brugnano, regia di Valentina Maselli\" \/>\n<meta property=\"og:url\" content=\"https:\/\/www.varesenews.it\/2022\/06\/parole-parole-parole-uno-spettacolo-nella-corte-buguggiate\/1477265\/\" \/>\n<meta property=\"og:site_name\" content=\"VareseNews\" \/>\n<meta property=\"article:publisher\" content=\"https:\/\/www.facebook.com\/varesenews\" \/>\n<meta property=\"article:author\" content=\"https:\/\/www.facebook.com\/roberta.bertolini.9\" \/>\n<meta property=\"article:published_time\" content=\"2022-06-28T08:55:26+00:00\" \/>\n<meta property=\"article:modified_time\" content=\"2022-06-28T08:56:17+00:00\" \/>\n<meta name=\"author\" content=\"Roberta Bertolini\" \/>\n<meta name=\"twitter:card\" content=\"summary_large_image\" \/>\n<meta name=\"twitter:creator\" content=\"@robybertolini\" \/>\n<meta name=\"twitter:site\" content=\"@varesenews\" \/>\n<meta name=\"twitter:label1\" content=\"Scritto da\" \/>\n\t<meta name=\"twitter:data1\" content=\"Roberta Bertolini\" \/>\n\t<meta name=\"twitter:label2\" content=\"Tempo di lettura stimato\" \/>\n\t<meta name=\"twitter:data2\" content=\"1 minuto\" \/>\n<script type=\"application\/ld+json\" class=\"yoast-schema-graph\">{\"@context\":\"https:\/\/schema.org\",\"@graph\":[{\"@type\":\"WebPage\",\"@id\":\"https:\/\/www.varesenews.it\/2022\/06\/parole-parole-parole-uno-spettacolo-nella-corte-buguggiate\/1477265\/\",\"url\":\"https:\/\/www.varesenews.it\/2022\/06\/parole-parole-parole-uno-spettacolo-nella-corte-buguggiate\/1477265\/\",\"name\":\"Parole, parole, parole, uno spettacolo nella corte di Buguggiate\",\"isPartOf\":{\"@id\":\"https:\/\/staging.varesenews.it\/#website\"},\"datePublished\":\"2022-06-28T08:55:26+00:00\",\"dateModified\":\"2022-06-28T08:56:17+00:00\",\"author\":{\"@id\":\"https:\/\/staging.varesenews.it\/#\/schema\/person\/58fbd3e567d5c00f0a64d5137fef3e68\"},\"description\":\"Appuntamento alle ore 21, il 30 giugno in corte Caffi. Il testo \u00e8 liberamente tratto da un'opera di Agnes de Lestrade, con Massimo Zatta e Antonio Brugnano, regia di Valentina Maselli\",\"breadcrumb\":{\"@id\":\"https:\/\/www.varesenews.it\/2022\/06\/parole-parole-parole-uno-spettacolo-nella-corte-buguggiate\/1477265\/#breadcrumb\"},\"inLanguage\":\"it-IT\",\"potentialAction\":[{\"@type\":\"ReadAction\",\"target\":[\"https:\/\/www.varesenews.it\/2022\/06\/parole-parole-parole-uno-spettacolo-nella-corte-buguggiate\/1477265\/\"]}]},{\"@type\":\"BreadcrumbList\",\"@id\":\"https:\/\/www.varesenews.it\/2022\/06\/parole-parole-parole-uno-spettacolo-nella-corte-buguggiate\/1477265\/#breadcrumb\",\"itemListElement\":[{\"@type\":\"ListItem\",\"position\":1,\"name\":\"Home\",\"item\":\"https:\/\/www.varesenews.it\/\"},{\"@type\":\"ListItem\",\"position\":2,\"name\":\"Parole, parole, parole, uno spettacolo nella corte di Buguggiate\"}]},{\"@type\":\"WebSite\",\"@id\":\"https:\/\/staging.varesenews.it\/#website\",\"url\":\"https:\/\/staging.varesenews.it\/\",\"name\":\"VareseNews\",\"description\":\"\",\"potentialAction\":[{\"@type\":\"SearchAction\",\"target\":{\"@type\":\"EntryPoint\",\"urlTemplate\":\"https:\/\/staging.varesenews.it\/?s={search_term_string}\"},\"query-input\":\"required name=search_term_string\"}],\"inLanguage\":\"it-IT\"},{\"@type\":\"Person\",\"@id\":\"https:\/\/staging.varesenews.it\/#\/schema\/person\/58fbd3e567d5c00f0a64d5137fef3e68\",\"name\":\"Roberta Bertolini\",\"image\":{\"@type\":\"ImageObject\",\"inLanguage\":\"it-IT\",\"@id\":\"https:\/\/staging.varesenews.it\/#\/schema\/person\/image\/\",\"url\":\"https:\/\/staging.varesenews.it\/wp-content\/uploads\/2020\/12\/roberta_bertolini_colori_500.jpg\",\"contentUrl\":\"https:\/\/staging.varesenews.it\/wp-content\/uploads\/2020\/12\/roberta_bertolini_colori_500.jpg\",\"caption\":\"Roberta Bertolini\"},\"description\":\"Giornalista professionista dal 1991, sono passata, ormai molti anni fa, dalla carta al web. Oggi mi occupo di cronaca locale e guardo con curiosit&agrave; ed attenzione il mondo dei social. Parlo poco, ascolto molto.\",\"sameAs\":[\"https:\/\/www.facebook.com\/roberta.bertolini.9\",\"bettabertolini\",\"https:\/\/www.linkedin.com\/hp\/?dnr=v9e-Gp7a6_oxqTuQyZA0Lf4aEi4t91g6wMH\",\"https:\/\/twitter.com\/robybertolini\"],\"url\":\"https:\/\/staging.varesenews.it\/persona\/roberta-bertolini1\/\"}]}<\/script>\n<!-- \/ Yoast SEO plugin. -->","yoast_head_json":{"title":"Parole, parole, parole, uno spettacolo nella corte di Buguggiate","description":"Appuntamento alle ore 21, il 30 giugno in corte Caffi. Il testo \u00e8 liberamente tratto da un'opera di Agnes de Lestrade, con Massimo Zatta e Antonio Brugnano, regia di Valentina Maselli","robots":{"index":"noindex","follow":"follow","max-snippet":"max-snippet:-1","max-image-preview":"max-image-preview:large","max-video-preview":"max-video-preview:-1"},"og_locale":"it_IT","og_type":"article","og_title":"Parole, parole, parole, uno spettacolo nella corte di Buguggiate","og_description":"Appuntamento alle ore 21, il 30 giugno in corte Caffi. Il testo \u00e8 liberamente tratto da un'opera di Agnes de Lestrade, con Massimo Zatta e Antonio Brugnano, regia di Valentina Maselli","og_url":"https:\/\/www.varesenews.it\/2022\/06\/parole-parole-parole-uno-spettacolo-nella-corte-buguggiate\/1477265\/","og_site_name":"VareseNews","article_publisher":"https:\/\/www.facebook.com\/varesenews","article_author":"https:\/\/www.facebook.com\/roberta.bertolini.9","article_published_time":"2022-06-28T08:55:26+00:00","article_modified_time":"2022-06-28T08:56:17+00:00","author":"Roberta Bertolini","twitter_card":"summary_large_image","twitter_creator":"@robybertolini","twitter_site":"@varesenews","twitter_misc":{"Scritto da":"Roberta Bertolini","Tempo di lettura stimato":"1 minuto"},"schema":{"@context":"https:\/\/schema.org","@graph":[{"@type":"WebPage","@id":"https:\/\/www.varesenews.it\/2022\/06\/parole-parole-parole-uno-spettacolo-nella-corte-buguggiate\/1477265\/","url":"https:\/\/www.varesenews.it\/2022\/06\/parole-parole-parole-uno-spettacolo-nella-corte-buguggiate\/1477265\/","name":"Parole, parole, parole, uno spettacolo nella corte di Buguggiate","isPartOf":{"@id":"https:\/\/staging.varesenews.it\/#website"},"datePublished":"2022-06-28T08:55:26+00:00","dateModified":"2022-06-28T08:56:17+00:00","author":{"@id":"https:\/\/staging.varesenews.it\/#\/schema\/person\/58fbd3e567d5c00f0a64d5137fef3e68"},"description":"Appuntamento alle ore 21, il 30 giugno in corte Caffi. Il testo \u00e8 liberamente tratto da un'opera di Agnes de Lestrade, con Massimo Zatta e Antonio Brugnano, regia di Valentina Maselli","breadcrumb":{"@id":"https:\/\/www.varesenews.it\/2022\/06\/parole-parole-parole-uno-spettacolo-nella-corte-buguggiate\/1477265\/#breadcrumb"},"inLanguage":"it-IT","potentialAction":[{"@type":"ReadAction","target":["https:\/\/www.varesenews.it\/2022\/06\/parole-parole-parole-uno-spettacolo-nella-corte-buguggiate\/1477265\/"]}]},{"@type":"BreadcrumbList","@id":"https:\/\/www.varesenews.it\/2022\/06\/parole-parole-parole-uno-spettacolo-nella-corte-buguggiate\/1477265\/#breadcrumb","itemListElement":[{"@type":"ListItem","position":1,"name":"Home","item":"https:\/\/www.varesenews.it\/"},{"@type":"ListItem","position":2,"name":"Parole, parole, parole, uno spettacolo nella corte di Buguggiate"}]},{"@type":"WebSite","@id":"https:\/\/staging.varesenews.it\/#website","url":"https:\/\/staging.varesenews.it\/","name":"VareseNews","description":"","potentialAction":[{"@type":"SearchAction","target":{"@type":"EntryPoint","urlTemplate":"https:\/\/staging.varesenews.it\/?s={search_term_string}"},"query-input":"required name=search_term_string"}],"inLanguage":"it-IT"},{"@type":"Person","@id":"https:\/\/staging.varesenews.it\/#\/schema\/person\/58fbd3e567d5c00f0a64d5137fef3e68","name":"Roberta Bertolini","image":{"@type":"ImageObject","inLanguage":"it-IT","@id":"https:\/\/staging.varesenews.it\/#\/schema\/person\/image\/","url":"https:\/\/staging.varesenews.it\/wp-content\/uploads\/2020\/12\/roberta_bertolini_colori_500.jpg","contentUrl":"https:\/\/staging.varesenews.it\/wp-content\/uploads\/2020\/12\/roberta_bertolini_colori_500.jpg","caption":"Roberta Bertolini"},"description":"Giornalista professionista dal 1991, sono passata, ormai molti anni fa, dalla carta al web. Oggi mi occupo di cronaca locale e guardo con curiosit&agrave; ed attenzione il mondo dei social. Parlo poco, ascolto molto.","sameAs":["https:\/\/www.facebook.com\/roberta.bertolini.9","bettabertolini","https:\/\/www.linkedin.com\/hp\/?dnr=v9e-Gp7a6_oxqTuQyZA0Lf4aEi4t91g6wMH","https:\/\/twitter.com\/robybertolini"],"url":"https:\/\/staging.varesenews.it\/persona\/roberta-bertolini1\/"}]}},"post_meta":{"content-image-gallery":"","_edit_lock":"1656407414:49","_edit_last":"49","_category_permalink":"a:1:{s:7:\"testate\";s:0:\"\";}","firma_come_redazione":"1","evento-data-inizio":"1656540000","evento-data-fine":"1656540000","evento-orario-inizio":"21:00","evento-orario-fine":"23:00","evento-price":"Gratuito","argomento":"Buguggiate","_yoast_wpseo_focuskw_text_input":"spettacolo teatrale","_yoast_wpseo_focuskw":"spettacolo teatrale","_yoast_wpseo_linkdex":"50","_yoast_wpseo_content_score":"60","_jd_tweet_this":"yes","evento-organization":"1477288","_encloseme":"1","ratings_users":"0","ratings_score":"0","ratings_average":"0","evento-location":"1477300","_wpt_short_url":"https:\/\/www.varesenews.it\/2022\/06\/parole-parole-parole-uno-spettacolo-nella-corte-buguggiate\/1477265\/","_wp_jd_target":"https:\/\/www.varesenews.it\/2022\/06\/parole-parole-parole-uno-spettacolo-nella-corte-buguggiate\/1477265\/","_jd_wp_twitter":"a:1:{i:0;s:178:\"Parole, parole, parole, uno spettacolo nella corte di Buguggiate https:\/\/www.varesenews.it\/2022\/06\/parole-parole-parole-uno-spettacolo-nella-corte-buguggiate\/1477265\/ #buguggiate\";}","_wpt_status_message":"Tweet inviato con successo.","foto":"1317354","_oembed_33e78110697edf4277ebb6a3d7b67924":"<blockquote class=\"wp-embedded-content\" data-secret=\"3zYuWOOLvN\"><a href=\"https:\/\/www.varesenews.it\/2022\/06\/eventi-bambini-nel-weekend-del-24-25-26-giugno-varese-provincia\/1476145\/\">Eventi per bambini nel weekend del 24, 25 e 26 giugno tra Varese e provincia<\/a><\/blockquote><iframe class=\"wp-embedded-content\" sandbox=\"allow-scripts\" security=\"restricted\" style=\"position: absolute; clip: rect(1px, 1px, 1px, 1px);\" src=\"https:\/\/www.varesenews.it\/2022\/06\/eventi-bambini-nel-weekend-del-24-25-26-giugno-varese-provincia\/1476145\/embed\/#?secret=3zYuWOOLvN\" data-secret=\"3zYuWOOLvN\" width=\"500\" height=\"282\" title=\"&#8220;Eventi per bambini nel weekend del 24, 25 e 26 giugno tra Varese e provincia&#8221; &#8212; VareseNews\" frameborder=\"0\" marginwidth=\"0\" marginheight=\"0\" scrolling=\"no\"><\/iframe>","_oembed_time_33e78110697edf4277ebb6a3d7b67924":"1656406624","_oembed_2e4081fce9bc0f4a3017dab37358314d":"<blockquote class=\"wp-embedded-content\" data-secret=\"eSyth178G5\"><a href=\"https:\/\/www.verbanonews.it\/canali-tematici\/turismo\/2022\/06\/24\/cosa-fare-nel-weekend-del-24-25-e-26-giugno-sul-lago-maggiore\/945160\/\">Cosa fare nel weekend del 24, 25 e 26 giugno sul Lago Maggiore<\/a><\/blockquote><iframe class=\"wp-embedded-content\" sandbox=\"allow-scripts\" security=\"restricted\" style=\"position: absolute; clip: rect(1px, 1px, 1px, 1px);\" src=\"https:\/\/www.verbanonews.it\/canali-tematici\/turismo\/2022\/06\/24\/cosa-fare-nel-weekend-del-24-25-e-26-giugno-sul-lago-maggiore\/945160\/embed\/#?secret=eSyth178G5\" data-secret=\"eSyth178G5\" width=\"500\" height=\"282\" title=\"&#8220;Cosa fare nel weekend del 24, 25 e 26 giugno sul Lago Maggiore&#8221; &#8212; VerbanoNews\" frameborder=\"0\" marginwidth=\"0\" marginheight=\"0\" scrolling=\"no\"><\/iframe>","_oembed_time_2e4081fce9bc0f4a3017dab37358314d":"1656406626","_oembed_6e10b8fe2fd51dbb38d913886ac272a4":"<blockquote class=\"wp-embedded-content\" data-secret=\"eLTeifjGm2\"><a href=\"https:\/\/www.saronnonews.it\/2022\/01\/10\/bonifica-dellex-isotta-fraschini-di-saronno-online-i-risultati-della-caratterizzazione-geologica\/\">Bonifica dell\u2019ex Isotta-Fraschini di Saronno, online i risultati della caratterizzazione geologica<\/a><\/blockquote><iframe class=\"wp-embedded-content\" sandbox=\"allow-scripts\" security=\"restricted\" style=\"position: absolute; clip: rect(1px, 1px, 1px, 1px);\" src=\"https:\/\/www.saronnonews.it\/2022\/01\/10\/bonifica-dellex-isotta-fraschini-di-saronno-online-i-risultati-della-caratterizzazione-geologica\/embed\/#?secret=eLTeifjGm2\" data-secret=\"eLTeifjGm2\" width=\"500\" height=\"282\" title=\"&#8220;Bonifica dell\u2019ex Isotta-Fraschini di Saronno, online i risultati della caratterizzazione geologica&#8221; &#8212; SaronnoNews\" frameborder=\"0\" marginwidth=\"0\" marginheight=\"0\" scrolling=\"no\"><\/iframe>","_oembed_time_6e10b8fe2fd51dbb38d913886ac272a4":"1656406628","_oembed_8b47d176428085a0c6f0b676257db3a0":"<blockquote class=\"wp-embedded-content\" data-secret=\"SqB5KqOUVW\"><a href=\"https:\/\/www.saronnonews.it\/2021\/12\/02\/viaggio-nellisotta-fraschini-di-saronno-da-fabbrica-abbandonata-al-sogno-della-citta-dei-beni-comuni\/\">Viaggio nell&#8217;Isotta Fraschini di Saronno, da fabbrica abbandonata al sogno della &#8220;citt\u00e0 dei beni comuni&#8221;<\/a><\/blockquote><iframe class=\"wp-embedded-content\" sandbox=\"allow-scripts\" security=\"restricted\" style=\"position: absolute; clip: rect(1px, 1px, 1px, 1px);\" src=\"https:\/\/www.saronnonews.it\/2021\/12\/02\/viaggio-nellisotta-fraschini-di-saronno-da-fabbrica-abbandonata-al-sogno-della-citta-dei-beni-comuni\/embed\/#?secret=SqB5KqOUVW\" data-secret=\"SqB5KqOUVW\" width=\"500\" height=\"282\" title=\"&#8220;Viaggio nell&#8217;Isotta Fraschini di Saronno, da fabbrica abbandonata al sogno della &#8220;citt\u00e0 dei beni comuni&#8221;&#8221; &#8212; SaronnoNews\" frameborder=\"0\" marginwidth=\"0\" marginheight=\"0\" scrolling=\"no\"><\/iframe>","_oembed_time_8b47d176428085a0c6f0b676257db3a0":"1656406630","_oembed_1f428e1eadc05d4523f031ab1db99a5d":"<blockquote class=\"wp-embedded-content\" data-secret=\"mPCBzGjpIY\"><a href=\"https:\/\/www.saronnonews.it\/2022\/06\/18\/il-neo-sindaco-stefania-castagnoli-ha-nominato-la-nuova-giunta-di-gerenzano\/\">Il neo sindaco Stefania Castagnoli ha nominato la nuova Giunta di Gerenzano<\/a><\/blockquote><iframe class=\"wp-embedded-content\" sandbox=\"allow-scripts\" security=\"restricted\" style=\"position: absolute; clip: rect(1px, 1px, 1px, 1px);\" src=\"https:\/\/www.saronnonews.it\/2022\/06\/18\/il-neo-sindaco-stefania-castagnoli-ha-nominato-la-nuova-giunta-di-gerenzano\/embed\/#?secret=mPCBzGjpIY\" data-secret=\"mPCBzGjpIY\" width=\"500\" height=\"282\" title=\"&#8220;Il neo sindaco Stefania Castagnoli ha nominato la nuova Giunta di Gerenzano&#8221; &#8212; SaronnoNews\" frameborder=\"0\" marginwidth=\"0\" marginheight=\"0\" scrolling=\"no\"><\/iframe>","_oembed_time_1f428e1eadc05d4523f031ab1db99a5d":"1656406631"},"photos":[{"original":"https:\/\/staging.varesenews.it\/photogallery_new\/images\/2022\/06\/generico-27-jun-2022-1317354.jpg","full":"https:\/\/staging.varesenews.it\/photogallery_new\/images\/2022\/06\/generico-27-jun-2022-1317354.1024x768.jpg","large":"https:\/\/staging.varesenews.it\/photogallery_new\/images\/2022\/06\/generico-27-jun-2022-1317354.610x431.jpg"}],"_links":{"self":[{"href":"https:\/\/staging.varesenews.it\/swgapi\/v1\/wp\/v2\/posts\/1477265"}],"collection":[{"href":"https:\/\/staging.varesenews.it\/swgapi\/v1\/wp\/v2\/posts"}],"about":[{"href":"https:\/\/staging.varesenews.it\/swgapi\/v1\/wp\/v2\/types\/post"}],"author":[{"embeddable":true,"href":"https:\/\/staging.varesenews.it\/swgapi\/v1\/wp\/v2\/users\/49"}],"replies":[{"embeddable":true,"href":"https:\/\/staging.varesenews.it\/swgapi\/v1\/wp\/v2\/comments?post=1477265"}],"version-history":[{"count":0,"href":"https:\/\/staging.varesenews.it\/swgapi\/v1\/wp\/v2\/posts\/1477265\/revisions"}],"wp:attachment":[{"href":"https:\/\/staging.varesenews.it\/swgapi\/v1\/wp\/v2\/media?parent=1477265"}],"wp:term":[{"taxonomy":"category","embeddable":true,"href":"https:\/\/staging.varesenews.it\/swgapi\/v1\/wp\/v2\/categories?post=1477265"},{"taxonomy":"post_tag","embeddable":true,"href":"https:\/\/staging.varesenews.it\/swgapi\/v1\/wp\/v2\/tags?post=1477265"}],"curies":[{"name":"wp","href":"https:\/\/api.w.org\/{rel}","templated":true}]}}