{"id":1477892,"date":"2022-06-29T15:13:20","date_gmt":"2022-06-29T13:13:20","guid":{"rendered":"https:\/\/www.varesenews.it\/?p=1477892"},"modified":"2022-06-29T15:13:20","modified_gmt":"2022-06-29T13:13:20","slug":"sicurezza-controllo-del-vicinato-arriva-cairate","status":"publish","type":"post","link":"https:\/\/staging.varesenews.it\/2022\/06\/sicurezza-controllo-del-vicinato-arriva-cairate\/1477892\/","title":{"rendered":"Sicurezza, il Controllo del Vicinato arriva a Cairate"},"content":{"rendered":"<p>Tutti noi <strong>chiediamo sicurezza<\/strong>. Un diritto sacrosanto, minato da una criminalit\u00e0 che ostacola il vivere sereno di tante famiglie. Furti, truffe, delinquenza: ne sentiamo parlare quotidianamente, commentando spesso quanto le Forze dell&#8217;Ordine facciano o non facciano per contrastare questi fenomeni.<\/p>\n<p>Eppure c&#8217;\u00e8 un mezzo attraverso cui <strong>ogni cittadino pu\u00f2 diventare responsabile di ci\u00f2 che avviene attorno a lui<\/strong>, aiutando gli Agenti nella lotta al crimine.<\/p>\n<p>\u00c8 <strong>gratuito<\/strong>, <strong>semplice da attuare<\/strong> e attinge a pie&#8217;mani a quei valori del passato che sono purtroppo andati a perdersi con il passare del tempo: <strong>interessarsi di ci\u00f2 che succede attorno a casa nostra<\/strong>, <strong>non voltare le spalle ad un vicino di casa<\/strong> che potrebbe essere in difficolt\u00e0, <strong>aiutare chi indossa una divisa<\/strong>. Si chiama <strong>Controllo del Vicinato<\/strong> ed \u00e8 un&#8217;iniziativa che gi\u00e0 da diversi anni ha iniziato a diffondersi sul territorio, incontrando sempre entusiasmo da chi ha iniziato a prendervi parte.<\/p>\n<p><strong>Mercoled\u00ec 29 giugno all&#8217;Auditorium in piazza Libert\u00e0 di Cairate<\/strong> (ex chiesa parrocchiale), ci sar\u00e0 modo di approfondire questo progetto, grazie ad <strong>Alfonso Castellone<\/strong>, Comandante di Polizia locale di Olgiate Olona e referente del Controllo del Vicinato, che insieme al Comandante di Polizia locale di Cairate, <strong>Andrea Trentin<\/strong>, alzer\u00e0 il sipario su questo argomento.<\/p>\n<p>Il sindaco <strong>Anna Pugliese<\/strong> ha invitato i cittadini a partecipare ad un incontro dai temi rilevanti per il bene comune: \u00ab Il Controllo del Vicinato \u00e8 una proposta concreta per rafforzare la collaborazione tra cittadini e Forze dell&#8217;Ordine e per garantire maggiore sicurezza urbana\u00bb.<\/p>\n<p>&nbsp;<\/p>\n<p>Ingresso libero.<\/p>\n","protected":false},"excerpt":{"rendered":"<p>Mercoled\u00ec 29 giugno all&#8217;Auditorium di Cairate si parler\u00e0 di Controllo del Vicinato insieme al Comandante di Polizia locale Trentin e al Comandante Castellone, che si occupa da anni di questo tema<\/p>\n","protected":false},"author":5862,"featured_media":0,"comment_status":"open","ping_status":"open","sticky":false,"template":"","format":"aside","meta":{"footnotes":""},"categories":[4,16,5],"tags":[3767,10800,1700],"acf":[],"yoast_head":"<!-- This site is optimized with the Yoast SEO plugin v20.1 - https:\/\/yoast.com\/wordpress\/plugins\/seo\/ -->\n<title>Sicurezza, il Controllo del Vicinato arriva a Cairate<\/title>\n<meta name=\"description\" content=\"Mercoled\u00ec 29 giugno all&#039;Auditorium di Cairate si parler\u00e0 di Controllo del Vicinato insieme al Comandante di Polizia locale Trentin e al Comandante Castellone, che si occupa da anni di questo tema\" \/>\n<meta name=\"robots\" content=\"noindex, follow, max-snippet:-1, max-image-preview:large, max-video-preview:-1\" \/>\n<meta property=\"og:locale\" content=\"it_IT\" \/>\n<meta property=\"og:type\" content=\"article\" \/>\n<meta property=\"og:title\" content=\"Sicurezza, il Controllo del Vicinato arriva a Cairate\" \/>\n<meta property=\"og:description\" content=\"Mercoled\u00ec 29 giugno all&#039;Auditorium di Cairate si parler\u00e0 di Controllo del Vicinato insieme al Comandante di Polizia locale Trentin e al Comandante Castellone, che si occupa da anni di questo tema\" \/>\n<meta property=\"og:url\" content=\"https:\/\/staging.varesenews.it\/2022\/06\/sicurezza-controllo-del-vicinato-arriva-cairate\/1477892\/\" \/>\n<meta property=\"og:site_name\" content=\"VareseNews\" \/>\n<meta property=\"article:publisher\" content=\"https:\/\/www.facebook.com\/varesenews\" \/>\n<meta property=\"article:author\" content=\"https:\/\/www.facebook.com\/Xantippe81\" \/>\n<meta property=\"article:published_time\" content=\"2022-06-29T13:13:20+00:00\" \/>\n<meta name=\"author\" content=\"Santina Buscemi\" \/>\n<meta name=\"twitter:card\" content=\"summary_large_image\" \/>\n<meta name=\"twitter:creator\" content=\"@varesenews\" \/>\n<meta name=\"twitter:site\" content=\"@varesenews\" \/>\n<meta name=\"twitter:label1\" content=\"Scritto da\" \/>\n\t<meta name=\"twitter:data1\" content=\"Santina Buscemi\" \/>\n\t<meta name=\"twitter:label2\" content=\"Tempo di lettura stimato\" \/>\n\t<meta name=\"twitter:data2\" content=\"1 minuto\" \/>\n<script type=\"application\/ld+json\" class=\"yoast-schema-graph\">{\"@context\":\"https:\/\/schema.org\",\"@graph\":[{\"@type\":\"WebPage\",\"@id\":\"https:\/\/staging.varesenews.it\/2022\/06\/sicurezza-controllo-del-vicinato-arriva-cairate\/1477892\/\",\"url\":\"https:\/\/staging.varesenews.it\/2022\/06\/sicurezza-controllo-del-vicinato-arriva-cairate\/1477892\/\",\"name\":\"Sicurezza, il Controllo del Vicinato arriva a Cairate\",\"isPartOf\":{\"@id\":\"https:\/\/staging.varesenews.it\/#website\"},\"datePublished\":\"2022-06-29T13:13:20+00:00\",\"dateModified\":\"2022-06-29T13:13:20+00:00\",\"author\":{\"@id\":\"https:\/\/staging.varesenews.it\/#\/schema\/person\/0598706b6114a3b5f57e159f94f442ca\"},\"description\":\"Mercoled\u00ec 29 giugno all'Auditorium di Cairate si parler\u00e0 di Controllo del Vicinato insieme al Comandante di Polizia locale Trentin e al Comandante Castellone, che si occupa da anni di questo tema\",\"breadcrumb\":{\"@id\":\"https:\/\/staging.varesenews.it\/2022\/06\/sicurezza-controllo-del-vicinato-arriva-cairate\/1477892\/#breadcrumb\"},\"inLanguage\":\"it-IT\",\"potentialAction\":[{\"@type\":\"ReadAction\",\"target\":[\"https:\/\/staging.varesenews.it\/2022\/06\/sicurezza-controllo-del-vicinato-arriva-cairate\/1477892\/\"]}]},{\"@type\":\"BreadcrumbList\",\"@id\":\"https:\/\/staging.varesenews.it\/2022\/06\/sicurezza-controllo-del-vicinato-arriva-cairate\/1477892\/#breadcrumb\",\"itemListElement\":[{\"@type\":\"ListItem\",\"position\":1,\"name\":\"Home\",\"item\":\"https:\/\/www.varesenews.it\/\"},{\"@type\":\"ListItem\",\"position\":2,\"name\":\"Sicurezza, il Controllo del Vicinato arriva a Cairate\"}]},{\"@type\":\"WebSite\",\"@id\":\"https:\/\/staging.varesenews.it\/#website\",\"url\":\"https:\/\/staging.varesenews.it\/\",\"name\":\"VareseNews\",\"description\":\"\",\"potentialAction\":[{\"@type\":\"SearchAction\",\"target\":{\"@type\":\"EntryPoint\",\"urlTemplate\":\"https:\/\/staging.varesenews.it\/?s={search_term_string}\"},\"query-input\":\"required name=search_term_string\"}],\"inLanguage\":\"it-IT\"},{\"@type\":\"Person\",\"@id\":\"https:\/\/staging.varesenews.it\/#\/schema\/person\/0598706b6114a3b5f57e159f94f442ca\",\"name\":\"Santina Buscemi\",\"image\":{\"@type\":\"ImageObject\",\"inLanguage\":\"it-IT\",\"@id\":\"https:\/\/staging.varesenews.it\/#\/schema\/person\/image\/\",\"url\":\"https:\/\/staging.varesenews.it\/wp-content\/uploads\/2020\/12\/santina_buscemi_colori_500.jpg\",\"contentUrl\":\"https:\/\/staging.varesenews.it\/wp-content\/uploads\/2020\/12\/santina_buscemi_colori_500.jpg\",\"caption\":\"Santina Buscemi\"},\"description\":\"Classe 81, studi sociologici e poi la scelta di seguire \\\"Editoria e scrittura\\\" alla Sapienza di Roma. Dopo la laurea sono tornata in provincia di Varese, dove ho avuto modo di cimentarmi in diverse attivit&agrave; lavorative, custodendo sempre la passione per il giornalismo. Collaboro con VareseNews da diversi anni e dal 2019 seguo i comuni della valle Olona, raccontando soprattutto dell'impegno delle associazioni che la vivono. Curo con entusiasmo il canale Facebook &ldquo;Oggi in Valle Olona&rdquo; e mi piace narrare del mondo che mi circonda e di come le persone comuni possano fare la differenza. Appena posso attraverso la provincia e vado a rilassarmi in Veddasca con un buon libro. Da qualche mese sto imparando a fare la mamma e le storie pi&ugrave; belle spero di scriverle per la mia bimba. &nbsp;\",\"sameAs\":[\"https:\/\/www.facebook.com\/Xantippe81\"],\"url\":\"https:\/\/staging.varesenews.it\/persona\/xantippe811\/\"}]}<\/script>\n<!-- \/ Yoast SEO plugin. -->","yoast_head_json":{"title":"Sicurezza, il Controllo del Vicinato arriva a Cairate","description":"Mercoled\u00ec 29 giugno all'Auditorium di Cairate si parler\u00e0 di Controllo del Vicinato insieme al Comandante di Polizia locale Trentin e al Comandante Castellone, che si occupa da anni di questo tema","robots":{"index":"noindex","follow":"follow","max-snippet":"max-snippet:-1","max-image-preview":"max-image-preview:large","max-video-preview":"max-video-preview:-1"},"og_locale":"it_IT","og_type":"article","og_title":"Sicurezza, il Controllo del Vicinato arriva a Cairate","og_description":"Mercoled\u00ec 29 giugno all'Auditorium di Cairate si parler\u00e0 di Controllo del Vicinato insieme al Comandante di Polizia locale Trentin e al Comandante Castellone, che si occupa da anni di questo tema","og_url":"https:\/\/staging.varesenews.it\/2022\/06\/sicurezza-controllo-del-vicinato-arriva-cairate\/1477892\/","og_site_name":"VareseNews","article_publisher":"https:\/\/www.facebook.com\/varesenews","article_author":"https:\/\/www.facebook.com\/Xantippe81","article_published_time":"2022-06-29T13:13:20+00:00","author":"Santina Buscemi","twitter_card":"summary_large_image","twitter_creator":"@varesenews","twitter_site":"@varesenews","twitter_misc":{"Scritto da":"Santina Buscemi","Tempo di lettura stimato":"1 minuto"},"schema":{"@context":"https:\/\/schema.org","@graph":[{"@type":"WebPage","@id":"https:\/\/staging.varesenews.it\/2022\/06\/sicurezza-controllo-del-vicinato-arriva-cairate\/1477892\/","url":"https:\/\/staging.varesenews.it\/2022\/06\/sicurezza-controllo-del-vicinato-arriva-cairate\/1477892\/","name":"Sicurezza, il Controllo del Vicinato arriva a Cairate","isPartOf":{"@id":"https:\/\/staging.varesenews.it\/#website"},"datePublished":"2022-06-29T13:13:20+00:00","dateModified":"2022-06-29T13:13:20+00:00","author":{"@id":"https:\/\/staging.varesenews.it\/#\/schema\/person\/0598706b6114a3b5f57e159f94f442ca"},"description":"Mercoled\u00ec 29 giugno all'Auditorium di Cairate si parler\u00e0 di Controllo del Vicinato insieme al Comandante di Polizia locale Trentin e al Comandante Castellone, che si occupa da anni di questo tema","breadcrumb":{"@id":"https:\/\/staging.varesenews.it\/2022\/06\/sicurezza-controllo-del-vicinato-arriva-cairate\/1477892\/#breadcrumb"},"inLanguage":"it-IT","potentialAction":[{"@type":"ReadAction","target":["https:\/\/staging.varesenews.it\/2022\/06\/sicurezza-controllo-del-vicinato-arriva-cairate\/1477892\/"]}]},{"@type":"BreadcrumbList","@id":"https:\/\/staging.varesenews.it\/2022\/06\/sicurezza-controllo-del-vicinato-arriva-cairate\/1477892\/#breadcrumb","itemListElement":[{"@type":"ListItem","position":1,"name":"Home","item":"https:\/\/www.varesenews.it\/"},{"@type":"ListItem","position":2,"name":"Sicurezza, il Controllo del Vicinato arriva a Cairate"}]},{"@type":"WebSite","@id":"https:\/\/staging.varesenews.it\/#website","url":"https:\/\/staging.varesenews.it\/","name":"VareseNews","description":"","potentialAction":[{"@type":"SearchAction","target":{"@type":"EntryPoint","urlTemplate":"https:\/\/staging.varesenews.it\/?s={search_term_string}"},"query-input":"required name=search_term_string"}],"inLanguage":"it-IT"},{"@type":"Person","@id":"https:\/\/staging.varesenews.it\/#\/schema\/person\/0598706b6114a3b5f57e159f94f442ca","name":"Santina Buscemi","image":{"@type":"ImageObject","inLanguage":"it-IT","@id":"https:\/\/staging.varesenews.it\/#\/schema\/person\/image\/","url":"https:\/\/staging.varesenews.it\/wp-content\/uploads\/2020\/12\/santina_buscemi_colori_500.jpg","contentUrl":"https:\/\/staging.varesenews.it\/wp-content\/uploads\/2020\/12\/santina_buscemi_colori_500.jpg","caption":"Santina Buscemi"},"description":"Classe 81, studi sociologici e poi la scelta di seguire \"Editoria e scrittura\" alla Sapienza di Roma. Dopo la laurea sono tornata in provincia di Varese, dove ho avuto modo di cimentarmi in diverse attivit&agrave; lavorative, custodendo sempre la passione per il giornalismo. Collaboro con VareseNews da diversi anni e dal 2019 seguo i comuni della valle Olona, raccontando soprattutto dell'impegno delle associazioni che la vivono. Curo con entusiasmo il canale Facebook &ldquo;Oggi in Valle Olona&rdquo; e mi piace narrare del mondo che mi circonda e di come le persone comuni possano fare la differenza. Appena posso attraverso la provincia e vado a rilassarmi in Veddasca con un buon libro. Da qualche mese sto imparando a fare la mamma e le storie pi&ugrave; belle spero di scriverle per la mia bimba. &nbsp;","sameAs":["https:\/\/www.facebook.com\/Xantippe81"],"url":"https:\/\/staging.varesenews.it\/persona\/xantippe811\/"}]}},"post_meta":{"content-image-gallery":"","_edit_lock":"1656508269:5862","_edit_last":"5862","_category_permalink":"a:1:{s:8:\"category\";s:0:\"\";}","evento-location":"1477895","evento-data-inizio":"1656453600","evento-data-fine":"1656453600","evento-orario-inizio":"21:00","evento-orario-fine":"23:30","evento-price":"Gratuito","argomento":"Cairate","_yoast_wpseo_focuskw_text_input":"Controllo del Vicinato","_yoast_wpseo_focuskw":"Controllo del Vicinato","_yoast_wpseo_linkdex":"59","_yoast_wpseo_content_score":"30","_jd_tweet_this":"yes","foto":"276221","_encloseme":"1","ratings_users":"0","ratings_score":"0","ratings_average":"0","_wpt_short_url":"https:\/\/www.varesenews.it\/2022\/06\/sicurezza-controllo-del-vicinato-arriva-cairate\/1477892\/","_wp_jd_target":"https:\/\/www.varesenews.it\/2022\/06\/sicurezza-controllo-del-vicinato-arriva-cairate\/1477892\/","_jd_wp_twitter":"a:1:{i:0;s:172:\"Sicurezza, il Controllo del Vicinato arriva a Cairate https:\/\/www.varesenews.it\/2022\/06\/sicurezza-controllo-del-vicinato-arriva-cairate\/1477892\/ #forzedellordine #sicurezza\";}","_wpt_status_message":"Tweet inviato con successo.","_oembed_73b3af9f4d1f6c89bfaab822ca162301":"<blockquote class=\"wp-embedded-content\" data-secret=\"u92uKPTnT5\"><a href=\"https:\/\/www.verbanonews.it\/canali-tematici\/tempo-libero\/2022\/06\/22\/nel-weekend-delle-frecce-tricolori-sul-lago-maggiore-un-grande-evento-ad-angera\/945101\/\">Nel weekend delle Frecce Tricolori sul Lago Maggiore un grande evento ad Angera<\/a><\/blockquote><iframe class=\"wp-embedded-content\" sandbox=\"allow-scripts\" security=\"restricted\" style=\"position: absolute; clip: rect(1px, 1px, 1px, 1px);\" src=\"https:\/\/www.verbanonews.it\/canali-tematici\/tempo-libero\/2022\/06\/22\/nel-weekend-delle-frecce-tricolori-sul-lago-maggiore-un-grande-evento-ad-angera\/945101\/embed\/#?secret=u92uKPTnT5\" data-secret=\"u92uKPTnT5\" width=\"500\" height=\"282\" title=\"&#8220;Nel weekend delle Frecce Tricolori sul Lago Maggiore un grande evento ad Angera&#8221; &#8212; VerbanoNews\" frameborder=\"0\" marginwidth=\"0\" marginheight=\"0\" scrolling=\"no\"><\/iframe>","_oembed_time_73b3af9f4d1f6c89bfaab822ca162301":"1656508757","_oembed_88eea23a09bb5d732dbd14563b96cfff":"<blockquote class=\"wp-embedded-content\" data-secret=\"1KVjqmdean\"><a href=\"https:\/\/www.verbanonews.it\/canali-tematici\/turismo\/2022\/06\/23\/il-lago-maggiore-suona-di-nuovo-il-grande-ritorno-di-festival-e-concerti\/945105\/\">Il Lago Maggiore &#8220;suona&#8221; di nuovo: il grande ritorno di festival e concerti<\/a><\/blockquote><iframe class=\"wp-embedded-content\" sandbox=\"allow-scripts\" security=\"restricted\" style=\"position: absolute; clip: rect(1px, 1px, 1px, 1px);\" src=\"https:\/\/www.verbanonews.it\/canali-tematici\/turismo\/2022\/06\/23\/il-lago-maggiore-suona-di-nuovo-il-grande-ritorno-di-festival-e-concerti\/945105\/embed\/#?secret=1KVjqmdean\" data-secret=\"1KVjqmdean\" width=\"500\" height=\"282\" title=\"&#8220;Il Lago Maggiore &#8220;suona&#8221; di nuovo: il grande ritorno di festival e concerti&#8221; &#8212; VerbanoNews\" frameborder=\"0\" marginwidth=\"0\" marginheight=\"0\" scrolling=\"no\"><\/iframe>","_oembed_time_88eea23a09bb5d732dbd14563b96cfff":"1656508758","_oembed_02d885e9dbb76d4f20b21125f0981ffc":"<blockquote class=\"wp-embedded-content\" data-secret=\"bgH4skgeyw\"><a href=\"https:\/\/www.varesenews.it\/2022\/01\/ingegnere-ambientale-taxista-semi-riproduttore-seriale-scopriamo-mille-volti-del-cinghiale\/1419254\/\">Ingegnere ambientale, \u201ctaxista\u201d di semi e riproduttore seriale: scopriamo i mille volti del cinghiale<\/a><\/blockquote><iframe class=\"wp-embedded-content\" sandbox=\"allow-scripts\" security=\"restricted\" style=\"position: absolute; clip: rect(1px, 1px, 1px, 1px);\" src=\"https:\/\/www.varesenews.it\/2022\/01\/ingegnere-ambientale-taxista-semi-riproduttore-seriale-scopriamo-mille-volti-del-cinghiale\/1419254\/embed\/#?secret=bgH4skgeyw\" data-secret=\"bgH4skgeyw\" width=\"500\" height=\"282\" title=\"&#8220;Ingegnere ambientale, \u201ctaxista\u201d di semi e riproduttore seriale: scopriamo i mille volti del cinghiale&#8221; &#8212; VareseNews\" frameborder=\"0\" marginwidth=\"0\" marginheight=\"0\" scrolling=\"no\"><\/iframe>","_oembed_time_02d885e9dbb76d4f20b21125f0981ffc":"1656508758","_oembed_1a90272da93ac72db80af35a3037368a":"<blockquote class=\"wp-embedded-content\" data-secret=\"SiicZw2VSt\"><a href=\"https:\/\/www.varesenews.it\/2022\/06\/grandinata-alla-forcora-chicchi-ghiaccio-palline-ping-pong\/1477360\/\">Grandinata alla Forcora, chicchi di ghiaccio come palline da ping pong<\/a><\/blockquote><iframe class=\"wp-embedded-content\" sandbox=\"allow-scripts\" security=\"restricted\" style=\"position: absolute; clip: rect(1px, 1px, 1px, 1px);\" src=\"https:\/\/www.varesenews.it\/2022\/06\/grandinata-alla-forcora-chicchi-ghiaccio-palline-ping-pong\/1477360\/embed\/#?secret=SiicZw2VSt\" data-secret=\"SiicZw2VSt\" width=\"500\" height=\"282\" title=\"&#8220;Grandinata alla Forcora, chicchi di ghiaccio come palline da ping pong&#8221; &#8212; VareseNews\" frameborder=\"0\" marginwidth=\"0\" marginheight=\"0\" scrolling=\"no\"><\/iframe>","_oembed_time_1a90272da93ac72db80af35a3037368a":"1656508933","_oembed_28e361765921ed572698a255983c31f2":"<blockquote class=\"wp-embedded-content\" data-secret=\"zKFaCjwPGA\"><a href=\"https:\/\/www.varesenews.it\/2022\/06\/samarate-arrivata-la-pietra-dinciampo-dedicata-ad-amedeo-magnaghi\/1477193\/\">A Samarate \u00e8 arrivata la pietra d&#8217;inciampo dedicata ad Amedeo Magnaghi<\/a><\/blockquote><iframe class=\"wp-embedded-content\" sandbox=\"allow-scripts\" security=\"restricted\" style=\"position: absolute; clip: rect(1px, 1px, 1px, 1px);\" src=\"https:\/\/www.varesenews.it\/2022\/06\/samarate-arrivata-la-pietra-dinciampo-dedicata-ad-amedeo-magnaghi\/1477193\/embed\/#?secret=zKFaCjwPGA\" data-secret=\"zKFaCjwPGA\" width=\"500\" height=\"282\" title=\"&#8220;A Samarate \u00e8 arrivata la pietra d&#8217;inciampo dedicata ad Amedeo Magnaghi&#8221; &#8212; VareseNews\" frameborder=\"0\" marginwidth=\"0\" marginheight=\"0\" scrolling=\"no\"><\/iframe>","_oembed_time_28e361765921ed572698a255983c31f2":"1656508933","_oembed_779ddfe91027f473fc0c5b37cb67414e":"<blockquote class=\"wp-embedded-content\" data-secret=\"g3BG9ITLFe\"><a href=\"https:\/\/www.varesenews.it\/2020\/08\/shoah-samarate-fara-richiesta-le-pietre-dinciampo\/951661\/\">Shoah: Samarate far\u00e0 richiesta per le pietre d&#8217;inciampo<\/a><\/blockquote><iframe class=\"wp-embedded-content\" sandbox=\"allow-scripts\" security=\"restricted\" style=\"position: absolute; clip: rect(1px, 1px, 1px, 1px);\" src=\"https:\/\/www.varesenews.it\/2020\/08\/shoah-samarate-fara-richiesta-le-pietre-dinciampo\/951661\/embed\/#?secret=g3BG9ITLFe\" data-secret=\"g3BG9ITLFe\" width=\"500\" height=\"282\" title=\"&#8220;Shoah: Samarate far\u00e0 richiesta per le pietre d&#8217;inciampo&#8221; &#8212; VareseNews\" frameborder=\"0\" marginwidth=\"0\" marginheight=\"0\" scrolling=\"no\"><\/iframe>","_oembed_time_779ddfe91027f473fc0c5b37cb67414e":"1656508933","_oembed_771c35e07e3a7e031f4ebfdf8476ab42":"<blockquote class=\"wp-embedded-content\" data-secret=\"yfDqvikwY3\"><a href=\"https:\/\/www.varesenews.it\/2022\/06\/malpensa-masterplan-valore-della-produzione-cargo-city-salira-10-miliardi-euro\/1477098\/\">Malpensa: con il masterplan il valore della produzione di Cargo City  salir\u00e0 a 10 miliardi di euro<\/a><\/blockquote><iframe class=\"wp-embedded-content\" sandbox=\"allow-scripts\" security=\"restricted\" style=\"position: absolute; clip: rect(1px, 1px, 1px, 1px);\" src=\"https:\/\/www.varesenews.it\/2022\/06\/malpensa-masterplan-valore-della-produzione-cargo-city-salira-10-miliardi-euro\/1477098\/embed\/#?secret=yfDqvikwY3\" data-secret=\"yfDqvikwY3\" width=\"500\" height=\"282\" title=\"&#8220;Malpensa: con il masterplan il valore della produzione di Cargo City  salir\u00e0 a 10 miliardi di euro&#8221; &#8212; VareseNews\" frameborder=\"0\" marginwidth=\"0\" marginheight=\"0\" scrolling=\"no\"><\/iframe>","_oembed_time_771c35e07e3a7e031f4ebfdf8476ab42":"1656508933","_oembed_1570c0f9005f663d8bbb1980ec358678":"{{unknown}}"},"photos":[{"original":"https:\/\/staging.varesenews.it\/photogallery_new\/images\/2005\/01\/poliziotto-agente-polizia-divisa-276221.jpg","full":"https:\/\/staging.varesenews.it\/photogallery_new\/images\/2005\/01\/poliziotto-agente-polizia-divisa-276221.1024x768.jpg","large":"https:\/\/staging.varesenews.it\/photogallery_new\/images\/2005\/01\/poliziotto-agente-polizia-divisa-276221.610x431.jpg"}],"_links":{"self":[{"href":"https:\/\/staging.varesenews.it\/swgapi\/v1\/wp\/v2\/posts\/1477892"}],"collection":[{"href":"https:\/\/staging.varesenews.it\/swgapi\/v1\/wp\/v2\/posts"}],"about":[{"href":"https:\/\/staging.varesenews.it\/swgapi\/v1\/wp\/v2\/types\/post"}],"author":[{"embeddable":true,"href":"https:\/\/staging.varesenews.it\/swgapi\/v1\/wp\/v2\/users\/5862"}],"replies":[{"embeddable":true,"href":"https:\/\/staging.varesenews.it\/swgapi\/v1\/wp\/v2\/comments?post=1477892"}],"version-history":[{"count":0,"href":"https:\/\/staging.varesenews.it\/swgapi\/v1\/wp\/v2\/posts\/1477892\/revisions"}],"wp:attachment":[{"href":"https:\/\/staging.varesenews.it\/swgapi\/v1\/wp\/v2\/media?parent=1477892"}],"wp:term":[{"taxonomy":"category","embeddable":true,"href":"https:\/\/staging.varesenews.it\/swgapi\/v1\/wp\/v2\/categories?post=1477892"},{"taxonomy":"post_tag","embeddable":true,"href":"https:\/\/staging.varesenews.it\/swgapi\/v1\/wp\/v2\/tags?post=1477892"}],"curies":[{"name":"wp","href":"https:\/\/api.w.org\/{rel}","templated":true}]}}