{"id":1478121,"date":"2022-06-29T21:19:24","date_gmt":"2022-06-29T19:19:24","guid":{"rendered":"https:\/\/www.varesenews.it\/?p=1478121"},"modified":"2022-06-29T22:21:41","modified_gmt":"2022-06-29T20:21:41","slug":"porto-valtravaglia-bruciata-barca","status":"publish","type":"post","link":"https:\/\/staging.varesenews.it\/2022\/06\/porto-valtravaglia-bruciata-barca\/1478121\/","title":{"rendered":"A Porto Valtravaglia \u00e8 bruciata una barca"},"content":{"rendered":"<p>A <strong>Porto Valtravaglia <\/strong>in localit\u00e0 Punta Molino intorno alle 19 di mercoled\u00ec 29 giugno per cause da accertarsi un imbarcazione ha preso fuoco, l\u2019uomo che era a bordo \u00e8 riuscito a mettersi in salvo autonomamente. Sul posto sono intervenuti i<strong> vigili del fuoco<\/strong> del distaccamento di Luino che, grazie a un mezzo nautico e a un\u2019autopompa,\u00a0 hanno spento le fiamme e messo in sicurezza il natante.<\/p>\n","protected":false},"excerpt":{"rendered":"<p>L&#8217;uomo a bordo si \u00e8 messo in salvo. L&#8217;incendio \u00e8 stato spento dai Vigili del fuoco di Luino<\/p>\n","protected":false},"author":45,"featured_media":0,"comment_status":"open","ping_status":"open","sticky":false,"template":"","format":"standard","meta":{"footnotes":""},"categories":[2],"tags":[1183,567],"acf":[],"yoast_head":"<!-- This site is optimized with the Yoast SEO plugin v20.1 - https:\/\/yoast.com\/wordpress\/plugins\/seo\/ -->\n<title>A Porto Valtravaglia \u00e8 bruciata una barca<\/title>\n<meta name=\"description\" content=\"L&#039;uomo a bordo si \u00e8 messo in salvo. L&#039;incendio \u00e8 stato spento dai Vigili del fuoco di Luino\" \/>\n<meta name=\"robots\" content=\"noindex, follow, max-snippet:-1, max-image-preview:large, max-video-preview:-1\" \/>\n<meta property=\"og:locale\" content=\"it_IT\" \/>\n<meta property=\"og:type\" content=\"article\" \/>\n<meta property=\"og:title\" content=\"A Porto Valtravaglia \u00e8 bruciata una barca\" \/>\n<meta property=\"og:description\" content=\"L&#039;uomo a bordo si \u00e8 messo in salvo. L&#039;incendio \u00e8 stato spento dai Vigili del fuoco di Luino\" \/>\n<meta property=\"og:url\" content=\"https:\/\/staging.varesenews.it\/2022\/06\/porto-valtravaglia-bruciata-barca\/1478121\/\" \/>\n<meta property=\"og:site_name\" content=\"VareseNews\" \/>\n<meta property=\"article:publisher\" content=\"https:\/\/www.facebook.com\/varesenews\" \/>\n<meta property=\"article:author\" content=\"https:\/\/www.facebook.com\/michele.mancino.5\" \/>\n<meta property=\"article:published_time\" content=\"2022-06-29T19:19:24+00:00\" \/>\n<meta property=\"article:modified_time\" content=\"2022-06-29T20:21:41+00:00\" \/>\n<meta name=\"author\" content=\"Michele Mancino\" \/>\n<meta name=\"twitter:card\" content=\"summary_large_image\" \/>\n<meta name=\"twitter:creator\" content=\"@micmancio\" \/>\n<meta name=\"twitter:site\" content=\"@varesenews\" \/>\n<meta name=\"twitter:label1\" content=\"Scritto da\" \/>\n\t<meta name=\"twitter:data1\" content=\"Michele Mancino\" \/>\n<script type=\"application\/ld+json\" class=\"yoast-schema-graph\">{\"@context\":\"https:\/\/schema.org\",\"@graph\":[{\"@type\":\"WebPage\",\"@id\":\"https:\/\/staging.varesenews.it\/2022\/06\/porto-valtravaglia-bruciata-barca\/1478121\/\",\"url\":\"https:\/\/staging.varesenews.it\/2022\/06\/porto-valtravaglia-bruciata-barca\/1478121\/\",\"name\":\"A Porto Valtravaglia \u00e8 bruciata una barca\",\"isPartOf\":{\"@id\":\"https:\/\/staging.varesenews.it\/#website\"},\"datePublished\":\"2022-06-29T19:19:24+00:00\",\"dateModified\":\"2022-06-29T20:21:41+00:00\",\"author\":{\"@id\":\"https:\/\/staging.varesenews.it\/#\/schema\/person\/308b491d3cb680ead199e5ff6c6ce540\"},\"description\":\"L'uomo a bordo si \u00e8 messo in salvo. L'incendio \u00e8 stato spento dai Vigili del fuoco di Luino\",\"breadcrumb\":{\"@id\":\"https:\/\/staging.varesenews.it\/2022\/06\/porto-valtravaglia-bruciata-barca\/1478121\/#breadcrumb\"},\"inLanguage\":\"it-IT\",\"potentialAction\":[{\"@type\":\"ReadAction\",\"target\":[\"https:\/\/staging.varesenews.it\/2022\/06\/porto-valtravaglia-bruciata-barca\/1478121\/\"]}]},{\"@type\":\"BreadcrumbList\",\"@id\":\"https:\/\/staging.varesenews.it\/2022\/06\/porto-valtravaglia-bruciata-barca\/1478121\/#breadcrumb\",\"itemListElement\":[{\"@type\":\"ListItem\",\"position\":1,\"name\":\"Home\",\"item\":\"https:\/\/www.varesenews.it\/\"},{\"@type\":\"ListItem\",\"position\":2,\"name\":\"A Porto Valtravaglia \u00e8 bruciata una barca\"}]},{\"@type\":\"WebSite\",\"@id\":\"https:\/\/staging.varesenews.it\/#website\",\"url\":\"https:\/\/staging.varesenews.it\/\",\"name\":\"VareseNews\",\"description\":\"\",\"potentialAction\":[{\"@type\":\"SearchAction\",\"target\":{\"@type\":\"EntryPoint\",\"urlTemplate\":\"https:\/\/staging.varesenews.it\/?s={search_term_string}\"},\"query-input\":\"required name=search_term_string\"}],\"inLanguage\":\"it-IT\"},{\"@type\":\"Person\",\"@id\":\"https:\/\/staging.varesenews.it\/#\/schema\/person\/308b491d3cb680ead199e5ff6c6ce540\",\"name\":\"Michele Mancino\",\"image\":{\"@type\":\"ImageObject\",\"inLanguage\":\"it-IT\",\"@id\":\"https:\/\/staging.varesenews.it\/#\/schema\/person\/image\/\",\"url\":\"https:\/\/staging.varesenews.it\/wp-content\/uploads\/2020\/12\/michele_mancino_colori_500.jpg\",\"contentUrl\":\"https:\/\/staging.varesenews.it\/wp-content\/uploads\/2020\/12\/michele_mancino_colori_500.jpg\",\"caption\":\"Michele Mancino\"},\"description\":\"Sono a VareseNews da prima che nascesse. Ho inserito le prime notizie in una stringa di codice html, la lingua di internet. Aprivo i computer, cambiavo schede di rete e portavo i server dal provider. A met&agrave; degli anni &rsquo;90 il giornalista online doveva saper fare anche questo. Ho vissuto gli anni drammatici della bolla speculativa di Internet e quelli entusiastici della crescita, anni in cui VareseNews era un Davide in mezzo a tanti Golia. Poi sono arrivati i social, le nuove piattaforme e soprattutto gli smartphone, una postazione di lavoro racchiusa in una mano. Una nuova rivoluzione. Insomma, &egrave; stata, ed &egrave; ancora, un&rsquo;avventura entusiasmante perch&eacute; mi insegna giorno dopo giorno che il cambiamento &egrave; l&rsquo;unica certezza di questa fragile esistenza.\",\"sameAs\":[\"https:\/\/www.facebook.com\/michele.mancino.5\",\"micmancio\",\"Aggiorna le impostazioni del tuo profilo pubblicoit.linkedin.com\/pub\/michele-mancino\/28\/b71\/890\/it\",\"https:\/\/twitter.com\/micmancio\"],\"url\":\"https:\/\/staging.varesenews.it\/persona\/michele_mancino\/\"}]}<\/script>\n<!-- \/ Yoast SEO plugin. -->","yoast_head_json":{"title":"A Porto Valtravaglia \u00e8 bruciata una barca","description":"L'uomo a bordo si \u00e8 messo in salvo. L'incendio \u00e8 stato spento dai Vigili del fuoco di Luino","robots":{"index":"noindex","follow":"follow","max-snippet":"max-snippet:-1","max-image-preview":"max-image-preview:large","max-video-preview":"max-video-preview:-1"},"og_locale":"it_IT","og_type":"article","og_title":"A Porto Valtravaglia \u00e8 bruciata una barca","og_description":"L'uomo a bordo si \u00e8 messo in salvo. L'incendio \u00e8 stato spento dai Vigili del fuoco di Luino","og_url":"https:\/\/staging.varesenews.it\/2022\/06\/porto-valtravaglia-bruciata-barca\/1478121\/","og_site_name":"VareseNews","article_publisher":"https:\/\/www.facebook.com\/varesenews","article_author":"https:\/\/www.facebook.com\/michele.mancino.5","article_published_time":"2022-06-29T19:19:24+00:00","article_modified_time":"2022-06-29T20:21:41+00:00","author":"Michele Mancino","twitter_card":"summary_large_image","twitter_creator":"@micmancio","twitter_site":"@varesenews","twitter_misc":{"Scritto da":"Michele Mancino"},"schema":{"@context":"https:\/\/schema.org","@graph":[{"@type":"WebPage","@id":"https:\/\/staging.varesenews.it\/2022\/06\/porto-valtravaglia-bruciata-barca\/1478121\/","url":"https:\/\/staging.varesenews.it\/2022\/06\/porto-valtravaglia-bruciata-barca\/1478121\/","name":"A Porto Valtravaglia \u00e8 bruciata una barca","isPartOf":{"@id":"https:\/\/staging.varesenews.it\/#website"},"datePublished":"2022-06-29T19:19:24+00:00","dateModified":"2022-06-29T20:21:41+00:00","author":{"@id":"https:\/\/staging.varesenews.it\/#\/schema\/person\/308b491d3cb680ead199e5ff6c6ce540"},"description":"L'uomo a bordo si \u00e8 messo in salvo. L'incendio \u00e8 stato spento dai Vigili del fuoco di Luino","breadcrumb":{"@id":"https:\/\/staging.varesenews.it\/2022\/06\/porto-valtravaglia-bruciata-barca\/1478121\/#breadcrumb"},"inLanguage":"it-IT","potentialAction":[{"@type":"ReadAction","target":["https:\/\/staging.varesenews.it\/2022\/06\/porto-valtravaglia-bruciata-barca\/1478121\/"]}]},{"@type":"BreadcrumbList","@id":"https:\/\/staging.varesenews.it\/2022\/06\/porto-valtravaglia-bruciata-barca\/1478121\/#breadcrumb","itemListElement":[{"@type":"ListItem","position":1,"name":"Home","item":"https:\/\/www.varesenews.it\/"},{"@type":"ListItem","position":2,"name":"A Porto Valtravaglia \u00e8 bruciata una barca"}]},{"@type":"WebSite","@id":"https:\/\/staging.varesenews.it\/#website","url":"https:\/\/staging.varesenews.it\/","name":"VareseNews","description":"","potentialAction":[{"@type":"SearchAction","target":{"@type":"EntryPoint","urlTemplate":"https:\/\/staging.varesenews.it\/?s={search_term_string}"},"query-input":"required name=search_term_string"}],"inLanguage":"it-IT"},{"@type":"Person","@id":"https:\/\/staging.varesenews.it\/#\/schema\/person\/308b491d3cb680ead199e5ff6c6ce540","name":"Michele Mancino","image":{"@type":"ImageObject","inLanguage":"it-IT","@id":"https:\/\/staging.varesenews.it\/#\/schema\/person\/image\/","url":"https:\/\/staging.varesenews.it\/wp-content\/uploads\/2020\/12\/michele_mancino_colori_500.jpg","contentUrl":"https:\/\/staging.varesenews.it\/wp-content\/uploads\/2020\/12\/michele_mancino_colori_500.jpg","caption":"Michele Mancino"},"description":"Sono a VareseNews da prima che nascesse. Ho inserito le prime notizie in una stringa di codice html, la lingua di internet. Aprivo i computer, cambiavo schede di rete e portavo i server dal provider. A met&agrave; degli anni &rsquo;90 il giornalista online doveva saper fare anche questo. Ho vissuto gli anni drammatici della bolla speculativa di Internet e quelli entusiastici della crescita, anni in cui VareseNews era un Davide in mezzo a tanti Golia. Poi sono arrivati i social, le nuove piattaforme e soprattutto gli smartphone, una postazione di lavoro racchiusa in una mano. Una nuova rivoluzione. Insomma, &egrave; stata, ed &egrave; ancora, un&rsquo;avventura entusiasmante perch&eacute; mi insegna giorno dopo giorno che il cambiamento &egrave; l&rsquo;unica certezza di questa fragile esistenza.","sameAs":["https:\/\/www.facebook.com\/michele.mancino.5","micmancio","Aggiorna le impostazioni del tuo profilo pubblicoit.linkedin.com\/pub\/michele-mancino\/28\/b71\/890\/it","https:\/\/twitter.com\/micmancio"],"url":"https:\/\/staging.varesenews.it\/persona\/michele_mancino\/"}]}},"post_meta":{"content-image-gallery":"","_edit_lock":"1656534681:45","_edit_last":"45","_category_permalink":"a:1:{s:7:\"testate\";s:0:\"\";}","_encloseme":"1","ratings_users":"0","ratings_score":"0","ratings_average":"0","foto":"1317928","firma_come_redazione":"1","argomento":"Porto Valtravaglia","_yoast_wpseo_focuskw_text_input":"porto Valtravaglia","_yoast_wpseo_focuskw":"porto Valtravaglia","_yoast_wpseo_linkdex":"34","_yoast_wpseo_content_score":"30","_jd_tweet_this":"yes","_wpt_short_url":"https:\/\/www.varesenews.it\/2022\/06\/porto-valtravaglia-bruciata-barca\/1478121\/","_wp_jd_target":"https:\/\/www.varesenews.it\/2022\/06\/porto-valtravaglia-bruciata-barca\/1478121\/","_jd_wp_twitter":"a:1:{i:0;s:145:\"A Porto Valtravaglia \u00e8 bruciata una barca https:\/\/www.varesenews.it\/2022\/06\/porto-valtravaglia-bruciata-barca\/1478121\/ #incendio #vigilidelfuoco\";}","_wpt_status_message":"Tweet inviato con successo.","_oembed_6d0d3b259ce46edca0f3a65cb354ab3c":"<blockquote class=\"wp-embedded-content\" data-secret=\"6B9mmwghmq\"><a href=\"https:\/\/www.varesenews.it\/2022\/06\/matteo-malfatti-confermato-nel-direttivo-dellassociazione-italiana-hockey-ghiaccio\/1477084\/\">Matteo Malfatti confermato nel direttivo dell&#8217;Associazione italiana hockey su ghiaccio<\/a><\/blockquote><iframe class=\"wp-embedded-content\" sandbox=\"allow-scripts\" security=\"restricted\" style=\"position: absolute; clip: rect(1px, 1px, 1px, 1px);\" src=\"https:\/\/www.varesenews.it\/2022\/06\/matteo-malfatti-confermato-nel-direttivo-dellassociazione-italiana-hockey-ghiaccio\/1477084\/embed\/#?secret=6B9mmwghmq\" data-secret=\"6B9mmwghmq\" width=\"500\" height=\"282\" title=\"&#8220;Matteo Malfatti confermato nel direttivo dell&#8217;Associazione italiana hockey su ghiaccio&#8221; &#8212; VareseNews\" frameborder=\"0\" marginwidth=\"0\" marginheight=\"0\" scrolling=\"no\"><\/iframe>","_oembed_time_6d0d3b259ce46edca0f3a65cb354ab3c":"1656530555","_oembed_1a90272da93ac72db80af35a3037368a":"<blockquote class=\"wp-embedded-content\" data-secret=\"nNE3sDITyL\"><a href=\"https:\/\/www.varesenews.it\/2022\/06\/grandinata-alla-forcora-chicchi-ghiaccio-palline-ping-pong\/1477360\/\">Grandinata alla Forcora, chicchi di ghiaccio come palline da ping pong<\/a><\/blockquote><iframe class=\"wp-embedded-content\" sandbox=\"allow-scripts\" security=\"restricted\" style=\"position: absolute; clip: rect(1px, 1px, 1px, 1px);\" src=\"https:\/\/www.varesenews.it\/2022\/06\/grandinata-alla-forcora-chicchi-ghiaccio-palline-ping-pong\/1477360\/embed\/#?secret=nNE3sDITyL\" data-secret=\"nNE3sDITyL\" width=\"500\" height=\"282\" title=\"&#8220;Grandinata alla Forcora, chicchi di ghiaccio come palline da ping pong&#8221; &#8212; VareseNews\" frameborder=\"0\" marginwidth=\"0\" marginheight=\"0\" scrolling=\"no\"><\/iframe>","_oembed_time_1a90272da93ac72db80af35a3037368a":"1656530600","_oembed_28e361765921ed572698a255983c31f2":"<blockquote class=\"wp-embedded-content\" data-secret=\"jyYjCLmIMF\"><a href=\"https:\/\/www.varesenews.it\/2022\/06\/samarate-arrivata-la-pietra-dinciampo-dedicata-ad-amedeo-magnaghi\/1477193\/\">A Samarate \u00e8 arrivata la pietra d&#8217;inciampo dedicata ad Amedeo Magnaghi<\/a><\/blockquote><iframe class=\"wp-embedded-content\" sandbox=\"allow-scripts\" security=\"restricted\" style=\"position: absolute; clip: rect(1px, 1px, 1px, 1px);\" src=\"https:\/\/www.varesenews.it\/2022\/06\/samarate-arrivata-la-pietra-dinciampo-dedicata-ad-amedeo-magnaghi\/1477193\/embed\/#?secret=jyYjCLmIMF\" data-secret=\"jyYjCLmIMF\" width=\"500\" height=\"282\" title=\"&#8220;A Samarate \u00e8 arrivata la pietra d&#8217;inciampo dedicata ad Amedeo Magnaghi&#8221; &#8212; VareseNews\" frameborder=\"0\" marginwidth=\"0\" marginheight=\"0\" scrolling=\"no\"><\/iframe>","_oembed_time_28e361765921ed572698a255983c31f2":"1656530600","_oembed_779ddfe91027f473fc0c5b37cb67414e":"<blockquote class=\"wp-embedded-content\" data-secret=\"iEoB10iS6S\"><a href=\"https:\/\/www.varesenews.it\/2020\/08\/shoah-samarate-fara-richiesta-le-pietre-dinciampo\/951661\/\">Shoah: Samarate far\u00e0 richiesta per le pietre d&#8217;inciampo<\/a><\/blockquote><iframe class=\"wp-embedded-content\" sandbox=\"allow-scripts\" security=\"restricted\" style=\"position: absolute; clip: rect(1px, 1px, 1px, 1px);\" src=\"https:\/\/www.varesenews.it\/2020\/08\/shoah-samarate-fara-richiesta-le-pietre-dinciampo\/951661\/embed\/#?secret=iEoB10iS6S\" data-secret=\"iEoB10iS6S\" width=\"500\" height=\"282\" title=\"&#8220;Shoah: Samarate far\u00e0 richiesta per le pietre d&#8217;inciampo&#8221; &#8212; VareseNews\" frameborder=\"0\" marginwidth=\"0\" marginheight=\"0\" scrolling=\"no\"><\/iframe>","_oembed_time_779ddfe91027f473fc0c5b37cb67414e":"1656530600","_oembed_771c35e07e3a7e031f4ebfdf8476ab42":"<blockquote class=\"wp-embedded-content\" data-secret=\"APwvbxCNwn\"><a href=\"https:\/\/www.varesenews.it\/2022\/06\/malpensa-masterplan-valore-della-produzione-cargo-city-salira-10-miliardi-euro\/1477098\/\">Malpensa: con il masterplan il valore della produzione di Cargo City  salir\u00e0 a 10 miliardi di euro<\/a><\/blockquote><iframe class=\"wp-embedded-content\" sandbox=\"allow-scripts\" security=\"restricted\" style=\"position: absolute; clip: rect(1px, 1px, 1px, 1px);\" src=\"https:\/\/www.varesenews.it\/2022\/06\/malpensa-masterplan-valore-della-produzione-cargo-city-salira-10-miliardi-euro\/1477098\/embed\/#?secret=APwvbxCNwn\" data-secret=\"APwvbxCNwn\" width=\"500\" height=\"282\" title=\"&#8220;Malpensa: con il masterplan il valore della produzione di Cargo City  salir\u00e0 a 10 miliardi di euro&#8221; &#8212; VareseNews\" frameborder=\"0\" marginwidth=\"0\" marginheight=\"0\" scrolling=\"no\"><\/iframe>","_oembed_time_771c35e07e3a7e031f4ebfdf8476ab42":"1656530601","_oembed_78c0b8c8a8e74cc807af58bc1e8ed532":"<iframe width=\"500\" height=\"281\" src=\"https:\/\/www.youtube.com\/embed\/GZ2KQn-RFNg?feature=oembed\" frameborder=\"0\" allow=\"accelerometer; autoplay; clipboard-write; encrypted-media; gyroscope; picture-in-picture\" allowfullscreen title=\"[EVENTO STAMPA 3D] Expo dell'Impossibile | 13 luglio 2022\"><\/iframe>","_oembed_time_78c0b8c8a8e74cc807af58bc1e8ed532":"1656530959","_oembed_73b3af9f4d1f6c89bfaab822ca162301":"<blockquote class=\"wp-embedded-content\" data-secret=\"ms0FshQhuM\"><a href=\"https:\/\/www.verbanonews.it\/canali-tematici\/tempo-libero\/2022\/06\/22\/nel-weekend-delle-frecce-tricolori-sul-lago-maggiore-un-grande-evento-ad-angera\/945101\/\">Nel weekend delle Frecce Tricolori sul Lago Maggiore un grande evento ad Angera<\/a><\/blockquote><iframe class=\"wp-embedded-content\" sandbox=\"allow-scripts\" security=\"restricted\" style=\"position: absolute; clip: rect(1px, 1px, 1px, 1px);\" src=\"https:\/\/www.verbanonews.it\/canali-tematici\/tempo-libero\/2022\/06\/22\/nel-weekend-delle-frecce-tricolori-sul-lago-maggiore-un-grande-evento-ad-angera\/945101\/embed\/#?secret=ms0FshQhuM\" data-secret=\"ms0FshQhuM\" width=\"500\" height=\"282\" title=\"&#8220;Nel weekend delle Frecce Tricolori sul Lago Maggiore un grande evento ad Angera&#8221; &#8212; VerbanoNews\" frameborder=\"0\" marginwidth=\"0\" marginheight=\"0\" scrolling=\"no\"><\/iframe>","_oembed_time_73b3af9f4d1f6c89bfaab822ca162301":"1656530961","_oembed_c1b96c20daa67193c9c05baad1902124":"<blockquote class=\"wp-embedded-content\" data-secret=\"kXCfnSor8I\"><a href=\"https:\/\/www.varesenews.it\/2022\/06\/sanzioni-sulle-esenzioni-ticket-astuti-pd-basta-le-promesse-stop-ai-verbali-cittadini-onesti\/1469916\/\">Sanzioni sulle esenzioni ticket, Astuti (Pd): &#8220;Basta con le promesse e stop ai verbali per i cittadini onesti&#8221;<\/a><\/blockquote><iframe class=\"wp-embedded-content\" sandbox=\"allow-scripts\" security=\"restricted\" style=\"position: absolute; clip: rect(1px, 1px, 1px, 1px);\" src=\"https:\/\/www.varesenews.it\/2022\/06\/sanzioni-sulle-esenzioni-ticket-astuti-pd-basta-le-promesse-stop-ai-verbali-cittadini-onesti\/1469916\/embed\/#?secret=kXCfnSor8I\" data-secret=\"kXCfnSor8I\" width=\"500\" height=\"282\" title=\"&#8220;Sanzioni sulle esenzioni ticket, Astuti (Pd): &#8220;Basta con le promesse e stop ai verbali per i cittadini onesti&#8221;&#8221; &#8212; VareseNews\" frameborder=\"0\" marginwidth=\"0\" marginheight=\"0\" scrolling=\"no\"><\/iframe>","_oembed_time_c1b96c20daa67193c9c05baad1902124":"1656533428","_oembed_88eea23a09bb5d732dbd14563b96cfff":"<blockquote class=\"wp-embedded-content\" data-secret=\"kspddVs0yc\"><a href=\"https:\/\/www.verbanonews.it\/canali-tematici\/turismo\/2022\/06\/23\/il-lago-maggiore-suona-di-nuovo-il-grande-ritorno-di-festival-e-concerti\/945105\/\">Il Lago Maggiore &#8220;suona&#8221; di nuovo: il grande ritorno di festival e concerti<\/a><\/blockquote><iframe class=\"wp-embedded-content\" sandbox=\"allow-scripts\" security=\"restricted\" style=\"position: absolute; clip: rect(1px, 1px, 1px, 1px);\" src=\"https:\/\/www.verbanonews.it\/canali-tematici\/turismo\/2022\/06\/23\/il-lago-maggiore-suona-di-nuovo-il-grande-ritorno-di-festival-e-concerti\/945105\/embed\/#?secret=kspddVs0yc\" data-secret=\"kspddVs0yc\" width=\"500\" height=\"282\" title=\"&#8220;Il Lago Maggiore &#8220;suona&#8221; di nuovo: il grande ritorno di festival e concerti&#8221; &#8212; VerbanoNews\" frameborder=\"0\" marginwidth=\"0\" marginheight=\"0\" scrolling=\"no\"><\/iframe>","_oembed_time_88eea23a09bb5d732dbd14563b96cfff":"1656533430","youtube_id":"b81ix17sV60"},"photos":[{"original":"https:\/\/staging.varesenews.it\/photogallery_new\/images\/2022\/06\/varie-1317928.jpg","full":"https:\/\/staging.varesenews.it\/photogallery_new\/images\/2022\/06\/varie-1317928.1024x768.jpg","large":"https:\/\/staging.varesenews.it\/photogallery_new\/images\/2022\/06\/varie-1317928.610x431.jpg"}],"_links":{"self":[{"href":"https:\/\/staging.varesenews.it\/swgapi\/v1\/wp\/v2\/posts\/1478121"}],"collection":[{"href":"https:\/\/staging.varesenews.it\/swgapi\/v1\/wp\/v2\/posts"}],"about":[{"href":"https:\/\/staging.varesenews.it\/swgapi\/v1\/wp\/v2\/types\/post"}],"author":[{"embeddable":true,"href":"https:\/\/staging.varesenews.it\/swgapi\/v1\/wp\/v2\/users\/45"}],"replies":[{"embeddable":true,"href":"https:\/\/staging.varesenews.it\/swgapi\/v1\/wp\/v2\/comments?post=1478121"}],"version-history":[{"count":0,"href":"https:\/\/staging.varesenews.it\/swgapi\/v1\/wp\/v2\/posts\/1478121\/revisions"}],"wp:attachment":[{"href":"https:\/\/staging.varesenews.it\/swgapi\/v1\/wp\/v2\/media?parent=1478121"}],"wp:term":[{"taxonomy":"category","embeddable":true,"href":"https:\/\/staging.varesenews.it\/swgapi\/v1\/wp\/v2\/categories?post=1478121"},{"taxonomy":"post_tag","embeddable":true,"href":"https:\/\/staging.varesenews.it\/swgapi\/v1\/wp\/v2\/tags?post=1478121"}],"curies":[{"name":"wp","href":"https:\/\/api.w.org\/{rel}","templated":true}]}}