{"id":1479004,"date":"2022-07-02T08:30:58","date_gmt":"2022-07-02T06:30:58","guid":{"rendered":"https:\/\/www.varesenews.it\/?p=1479004"},"modified":"2022-07-02T16:58:24","modified_gmt":"2022-07-02T14:58:24","slug":"arcigay-varese-dice-addio-stefano-spadafora-lottato-diritti-allultimo","status":"publish","type":"post","link":"https:\/\/staging.varesenews.it\/2022\/07\/arcigay-varese-dice-addio-stefano-spadafora-lottato-diritti-allultimo\/1479004\/","title":{"rendered":"Arcigay Varese dice addio a Stefano Spadafora: &#8220;Ha lottato per i diritti fino all&#8217;ultimo&#8221;"},"content":{"rendered":"<p>\u00c8 morto\u00a0<strong>Stefano Spadafora, Presidente di Arcigay Varese dal 1987 al 1998.\u00a0<\/strong>Arcigay Varese esprime tutto il proprio cordoglio.<\/p>\n<p>Stefano \u00e8 stata una pietra miliare nella storia dell&#8217;attivismo LGBTQIA+ varesino e nella lotta allo stigma delle persone con HIV e ha continuato a lottare fino all&#8217;ultimo per i diritti e per l&#8217;autodeterminazione delle persone.<\/p>\n<p>&#8220;Stefano ha affrontato fino all&#8217;ultimo giorno con lucidit\u00e0, senza perdere il suo sarcasmo e la sua voglia di battersi per l&#8217;autodeterminazione di tutte le persone. \u00c8 stato un incredibile esempio di resilienza e di lotta. Per noi \u00e8 stato un privilegio marciare con lui un&#8217;ultima volta al Varese Pride e siamo convinti che continuer\u00e0 a illuminare e ispirare le future generazioni di attivisti, e che il suo pensiero ci accompagner\u00e0 per gli anni a venire. Un forte abbraccio da tutta Arcigay a tutte le persone che gli hanno voluto bene e gli sono state vicine fino all&#8217;ultimo&#8221; &#8211; <strong>dichiara Giovanni Boschini, Presidente Arcigay Varese.<\/strong><\/p>\n<p>Sulla <a href=\"https:\/\/www.facebook.com\/arcigayvarese\" target=\"_blank\" rel=\"noopener\">pagina Facebook dell&#8217;associazione<\/a> un lungo e commosso messaggio d&#8217;addio. Spadafora \u00e8 mancato a sole due settimane dall&#8217;ultimo Varese Pride, dove ha voluto essere presente nonostante le difficolt\u00e0 legate alla Sla. In quella occasione non ha voluto parlare dal palcoscenico ma ha scritto una lunga lettera. &#8220;Spero che il forte impegno di militanti della vecchia guardia trovi seguito da parte de* giovani motivat* alla salvaguardia di quanto conquistato in decenni e\u00a0al perseguimento dei tanti diritti ancor oggi negatici.\u00a0Alla faccia del vento conservatore e reazionario che tira&#8221;, scriveva in quel messaggio.<\/p>\n<p><em>Qui la lettera integrale di Stefano Spadafora al Varese Pride\u00a0<\/em><\/p>\n<blockquote class=\"wp-embedded-content\" data-secret=\"iJrvyLztsc\"><p><a href=\"https:\/\/www.varesenews.it\/2022\/06\/la-lettera-al-varese-pride-del-primo-presidente-arcigay-puo-darsi-sia-mio-ultimo-pride-son-contento-esserci\/1474276\/\">La lettera al Varese Pride del primo presidente di Arcigay: &#8220;Pu\u00f2 darsi sia il mio ultimo Pride e son contento di esserci&#8221;<\/a><\/p><\/blockquote>\n<p><iframe class=\"wp-embedded-content\" sandbox=\"allow-scripts\" security=\"restricted\" style=\"position: absolute; clip: rect(1px, 1px, 1px, 1px);\" src=\"https:\/\/www.varesenews.it\/2022\/06\/la-lettera-al-varese-pride-del-primo-presidente-arcigay-puo-darsi-sia-mio-ultimo-pride-son-contento-esserci\/1474276\/embed\/#?secret=iJrvyLztsc\" data-secret=\"iJrvyLztsc\" width=\"500\" height=\"282\" title=\"&#8220;La lettera al Varese Pride del primo presidente di Arcigay: &#8220;Pu\u00f2 darsi sia il mio ultimo Pride e son contento di esserci&#8221;&#8221; &#8212; VareseNews\" frameborder=\"0\" marginwidth=\"0\" marginheight=\"0\" scrolling=\"no\"><\/iframe><\/p>\n<h3>IL RACCONTO DELLA NASCITA DI ARCIGAY VARESE NEL PODCAST DI VARESENEWS \u201cIL DIRITTO DI ESSERE SE STESSI\u201d<\/h3>\n<p>Stefano Spadafora ha raccontato a Varesenews i primi anni delle battaglie per i diritti degli omosessuali nel podcast\u00a0 intitolato \u201cil diritto di essere se stessi\u201d da noi pubblicato in occasione del quinto anniversario del Varese Pride. Nella prima parte della registrazione la sua storia.<\/p>\n<p><a href=\"https:\/\/www.spreaker.com\/user\/v2media\/varesepride-ildirittodiesserese-stessi\" target=\"_blank\" rel=\"noopener\">https:\/\/www.spreaker.com\/user\/v2media\/varesepride-ildirittodiesserese-stessi<\/a><\/p>\n<p>&nbsp;<\/p>\n","protected":false},"excerpt":{"rendered":"<p>\u00c8 stato il primo presidente dell&#8217;associazione varesina, pietra miliare nella storia dell&#8217;attivismo LGBTQIA+ e nella lotta allo stigma delle persone con HIV<\/p>\n","protected":false},"author":32,"featured_media":0,"comment_status":"open","ping_status":"open","sticky":false,"template":"","format":"standard","meta":{"footnotes":""},"categories":[111736,2],"tags":[64117],"acf":[],"yoast_head":"<!-- This site is optimized with the Yoast SEO plugin v20.1 - https:\/\/yoast.com\/wordpress\/plugins\/seo\/ -->\n<title>Arcigay Varese dice addio a Stefano Spadafora: &quot;Ha lottato per i diritti fino all&#039;ultimo&quot;<\/title>\n<meta name=\"description\" content=\"\u00c8 stato il primo presidente dell&#039;associazione varesina, pietra miliare nella storia dell&#039;attivismo LGBTQIA+ e nella lotta allo stigma delle persone con HIV\" \/>\n<meta name=\"robots\" content=\"noindex, follow, max-snippet:-1, max-image-preview:large, max-video-preview:-1\" \/>\n<meta property=\"og:locale\" content=\"it_IT\" \/>\n<meta property=\"og:type\" content=\"article\" \/>\n<meta property=\"og:title\" content=\"Arcigay Varese dice addio a Stefano Spadafora: &quot;Ha lottato per i diritti fino all&#039;ultimo&quot;\" \/>\n<meta property=\"og:description\" content=\"\u00c8 stato il primo presidente dell&#039;associazione varesina, pietra miliare nella storia dell&#039;attivismo LGBTQIA+ e nella lotta allo stigma delle persone con HIV\" \/>\n<meta property=\"og:url\" content=\"https:\/\/staging.varesenews.it\/2022\/07\/arcigay-varese-dice-addio-stefano-spadafora-lottato-diritti-allultimo\/1479004\/\" \/>\n<meta property=\"og:site_name\" content=\"VareseNews\" \/>\n<meta property=\"article:publisher\" content=\"https:\/\/www.facebook.com\/varesenews\" \/>\n<meta property=\"article:published_time\" content=\"2022-07-02T06:30:58+00:00\" \/>\n<meta property=\"article:modified_time\" content=\"2022-07-02T14:58:24+00:00\" \/>\n<meta name=\"author\" content=\"Adelia Brigo\" \/>\n<meta name=\"twitter:card\" content=\"summary_large_image\" \/>\n<meta name=\"twitter:creator\" content=\"@AdeliaBrigo\" \/>\n<meta name=\"twitter:site\" content=\"@varesenews\" \/>\n<meta name=\"twitter:label1\" content=\"Scritto da\" \/>\n\t<meta name=\"twitter:data1\" content=\"Adelia Brigo\" \/>\n\t<meta name=\"twitter:label2\" content=\"Tempo di lettura stimato\" \/>\n\t<meta name=\"twitter:data2\" content=\"2 minuti\" \/>\n<script type=\"application\/ld+json\" class=\"yoast-schema-graph\">{\"@context\":\"https:\/\/schema.org\",\"@graph\":[{\"@type\":\"WebPage\",\"@id\":\"https:\/\/staging.varesenews.it\/2022\/07\/arcigay-varese-dice-addio-stefano-spadafora-lottato-diritti-allultimo\/1479004\/\",\"url\":\"https:\/\/staging.varesenews.it\/2022\/07\/arcigay-varese-dice-addio-stefano-spadafora-lottato-diritti-allultimo\/1479004\/\",\"name\":\"Arcigay Varese dice addio a Stefano Spadafora: \\\"Ha lottato per i diritti fino all'ultimo\\\"\",\"isPartOf\":{\"@id\":\"https:\/\/staging.varesenews.it\/#website\"},\"datePublished\":\"2022-07-02T06:30:58+00:00\",\"dateModified\":\"2022-07-02T14:58:24+00:00\",\"author\":{\"@id\":\"https:\/\/staging.varesenews.it\/#\/schema\/person\/272ac0f5b2dbfd572218c2d86e013f1a\"},\"description\":\"\u00c8 stato il primo presidente dell'associazione varesina, pietra miliare nella storia dell'attivismo LGBTQIA+ e nella lotta allo stigma delle persone con HIV\",\"breadcrumb\":{\"@id\":\"https:\/\/staging.varesenews.it\/2022\/07\/arcigay-varese-dice-addio-stefano-spadafora-lottato-diritti-allultimo\/1479004\/#breadcrumb\"},\"inLanguage\":\"it-IT\",\"potentialAction\":[{\"@type\":\"ReadAction\",\"target\":[\"https:\/\/staging.varesenews.it\/2022\/07\/arcigay-varese-dice-addio-stefano-spadafora-lottato-diritti-allultimo\/1479004\/\"]}]},{\"@type\":\"BreadcrumbList\",\"@id\":\"https:\/\/staging.varesenews.it\/2022\/07\/arcigay-varese-dice-addio-stefano-spadafora-lottato-diritti-allultimo\/1479004\/#breadcrumb\",\"itemListElement\":[{\"@type\":\"ListItem\",\"position\":1,\"name\":\"Home\",\"item\":\"https:\/\/www.varesenews.it\/\"},{\"@type\":\"ListItem\",\"position\":2,\"name\":\"Arcigay Varese dice addio a Stefano Spadafora: &#8220;Ha lottato per i diritti fino all&#8217;ultimo&#8221;\"}]},{\"@type\":\"WebSite\",\"@id\":\"https:\/\/staging.varesenews.it\/#website\",\"url\":\"https:\/\/staging.varesenews.it\/\",\"name\":\"VareseNews\",\"description\":\"\",\"potentialAction\":[{\"@type\":\"SearchAction\",\"target\":{\"@type\":\"EntryPoint\",\"urlTemplate\":\"https:\/\/staging.varesenews.it\/?s={search_term_string}\"},\"query-input\":\"required name=search_term_string\"}],\"inLanguage\":\"it-IT\"},{\"@type\":\"Person\",\"@id\":\"https:\/\/staging.varesenews.it\/#\/schema\/person\/272ac0f5b2dbfd572218c2d86e013f1a\",\"name\":\"Adelia Brigo\",\"image\":{\"@type\":\"ImageObject\",\"inLanguage\":\"it-IT\",\"@id\":\"https:\/\/staging.varesenews.it\/#\/schema\/person\/image\/\",\"url\":\"https:\/\/staging.varesenews.it\/wp-content\/uploads\/2020\/12\/adelia_brigo_colori_500.jpg\",\"contentUrl\":\"https:\/\/staging.varesenews.it\/wp-content\/uploads\/2020\/12\/adelia_brigo_colori_500.jpg\",\"caption\":\"Adelia Brigo\"},\"description\":\"Giornalista pubblicista, lavoro a VareseNews dal 2007 e mi occupo di cronaca locale e del settore dedicato alla cultura. In questi anni ho seguito diversi progetti di comunicazione, amo sperimentare strategie per i Social Network e raccontare storie. Varesina, classe 1984, sono laureata in Scienze della Comunicazione.&nbsp;\",\"sameAs\":[\"AdeliaBrigo\",\"https:\/\/twitter.com\/AdeliaBrigo\"],\"url\":\"https:\/\/staging.varesenews.it\/persona\/adelia_brigo\/\"}]}<\/script>\n<!-- \/ Yoast SEO plugin. -->","yoast_head_json":{"title":"Arcigay Varese dice addio a Stefano Spadafora: \"Ha lottato per i diritti fino all'ultimo\"","description":"\u00c8 stato il primo presidente dell'associazione varesina, pietra miliare nella storia dell'attivismo LGBTQIA+ e nella lotta allo stigma delle persone con HIV","robots":{"index":"noindex","follow":"follow","max-snippet":"max-snippet:-1","max-image-preview":"max-image-preview:large","max-video-preview":"max-video-preview:-1"},"og_locale":"it_IT","og_type":"article","og_title":"Arcigay Varese dice addio a Stefano Spadafora: \"Ha lottato per i diritti fino all'ultimo\"","og_description":"\u00c8 stato il primo presidente dell'associazione varesina, pietra miliare nella storia dell'attivismo LGBTQIA+ e nella lotta allo stigma delle persone con HIV","og_url":"https:\/\/staging.varesenews.it\/2022\/07\/arcigay-varese-dice-addio-stefano-spadafora-lottato-diritti-allultimo\/1479004\/","og_site_name":"VareseNews","article_publisher":"https:\/\/www.facebook.com\/varesenews","article_published_time":"2022-07-02T06:30:58+00:00","article_modified_time":"2022-07-02T14:58:24+00:00","author":"Adelia Brigo","twitter_card":"summary_large_image","twitter_creator":"@AdeliaBrigo","twitter_site":"@varesenews","twitter_misc":{"Scritto da":"Adelia Brigo","Tempo di lettura stimato":"2 minuti"},"schema":{"@context":"https:\/\/schema.org","@graph":[{"@type":"WebPage","@id":"https:\/\/staging.varesenews.it\/2022\/07\/arcigay-varese-dice-addio-stefano-spadafora-lottato-diritti-allultimo\/1479004\/","url":"https:\/\/staging.varesenews.it\/2022\/07\/arcigay-varese-dice-addio-stefano-spadafora-lottato-diritti-allultimo\/1479004\/","name":"Arcigay Varese dice addio a Stefano Spadafora: \"Ha lottato per i diritti fino all'ultimo\"","isPartOf":{"@id":"https:\/\/staging.varesenews.it\/#website"},"datePublished":"2022-07-02T06:30:58+00:00","dateModified":"2022-07-02T14:58:24+00:00","author":{"@id":"https:\/\/staging.varesenews.it\/#\/schema\/person\/272ac0f5b2dbfd572218c2d86e013f1a"},"description":"\u00c8 stato il primo presidente dell'associazione varesina, pietra miliare nella storia dell'attivismo LGBTQIA+ e nella lotta allo stigma delle persone con HIV","breadcrumb":{"@id":"https:\/\/staging.varesenews.it\/2022\/07\/arcigay-varese-dice-addio-stefano-spadafora-lottato-diritti-allultimo\/1479004\/#breadcrumb"},"inLanguage":"it-IT","potentialAction":[{"@type":"ReadAction","target":["https:\/\/staging.varesenews.it\/2022\/07\/arcigay-varese-dice-addio-stefano-spadafora-lottato-diritti-allultimo\/1479004\/"]}]},{"@type":"BreadcrumbList","@id":"https:\/\/staging.varesenews.it\/2022\/07\/arcigay-varese-dice-addio-stefano-spadafora-lottato-diritti-allultimo\/1479004\/#breadcrumb","itemListElement":[{"@type":"ListItem","position":1,"name":"Home","item":"https:\/\/www.varesenews.it\/"},{"@type":"ListItem","position":2,"name":"Arcigay Varese dice addio a Stefano Spadafora: &#8220;Ha lottato per i diritti fino all&#8217;ultimo&#8221;"}]},{"@type":"WebSite","@id":"https:\/\/staging.varesenews.it\/#website","url":"https:\/\/staging.varesenews.it\/","name":"VareseNews","description":"","potentialAction":[{"@type":"SearchAction","target":{"@type":"EntryPoint","urlTemplate":"https:\/\/staging.varesenews.it\/?s={search_term_string}"},"query-input":"required name=search_term_string"}],"inLanguage":"it-IT"},{"@type":"Person","@id":"https:\/\/staging.varesenews.it\/#\/schema\/person\/272ac0f5b2dbfd572218c2d86e013f1a","name":"Adelia Brigo","image":{"@type":"ImageObject","inLanguage":"it-IT","@id":"https:\/\/staging.varesenews.it\/#\/schema\/person\/image\/","url":"https:\/\/staging.varesenews.it\/wp-content\/uploads\/2020\/12\/adelia_brigo_colori_500.jpg","contentUrl":"https:\/\/staging.varesenews.it\/wp-content\/uploads\/2020\/12\/adelia_brigo_colori_500.jpg","caption":"Adelia Brigo"},"description":"Giornalista pubblicista, lavoro a VareseNews dal 2007 e mi occupo di cronaca locale e del settore dedicato alla cultura. In questi anni ho seguito diversi progetti di comunicazione, amo sperimentare strategie per i Social Network e raccontare storie. Varesina, classe 1984, sono laureata in Scienze della Comunicazione.&nbsp;","sameAs":["AdeliaBrigo","https:\/\/twitter.com\/AdeliaBrigo"],"url":"https:\/\/staging.varesenews.it\/persona\/adelia_brigo\/"}]}},"post_meta":{"content-image-gallery":"","_edit_lock":"1656774153:32","_edit_last":"32","_oembed_4b273e0fe871a5b6a40fe54a0381c038":"{{unknown}}","_category_permalink":"a:1:{s:8:\"category\";s:0:\"\";}","_encloseme":"1","ratings_users":"0","ratings_score":"0","ratings_average":"0","foto":"1318605","firma_come_redazione":"1","argomento":"Varese","_yoast_wpseo_focuskw_text_input":"addio stefano spadafora","_yoast_wpseo_focuskw":"addio stefano spadafora","_yoast_wpseo_linkdex":"63","_yoast_wpseo_content_score":"30","_jd_tweet_this":"yes","_oembed_8b8d37219e4103cbee945fcc8bfa5a0d":"{{unknown}}","_wpt_short_url":"https:\/\/www.varesenews.it\/2022\/07\/arcigay-varese-dice-addio-stefano-spadafora-lottato-diritti-allultimo\/1479004\/","_wp_jd_target":"https:\/\/www.varesenews.it\/2022\/07\/arcigay-varese-dice-addio-stefano-spadafora-lottato-diritti-allultimo\/1479004\/","_jd_wp_twitter":"a:1:{i:0;s:223:\"Arcigay Varese dice addio a Stefano Spadafora: \u201cHa lottato per i diritti fino all\u2019ultimo\u201d https:\/\/www.varesenews.it\/2022\/07\/arcigay-varese-dice-addio-stefano-spadafora-lottato-diritti-allultimo\/1479004\/ #arcigayvarese\";}","_wpt_status_message":"Tweet inviato con successo.","_oembed_892e3f455483759da20b91a73028f927":"{{unknown}}","_oembed_b66d7fbefb816f71426614e4582b7fc4":"<iframe width=\"500\" height=\"281\" src=\"https:\/\/www.youtube.com\/embed\/videoseries?list=OLAK5uy_knkZ2OPrYCBGzT8xRRaW4RaNNTIn7TZUE\" frameborder=\"0\" allow=\"accelerometer; autoplay; clipboard-write; encrypted-media; gyroscope; picture-in-picture\" allowfullscreen><\/iframe>","_oembed_time_b66d7fbefb816f71426614e4582b7fc4":"1656743528","_oembed_07b88ffe1458ce7d0588fe47d46fdbc6":"<blockquote class=\"wp-embedded-content\" data-secret=\"IjAyTjmr1e\"><a href=\"https:\/\/www.varesenews.it\/2022\/06\/la-lettera-al-varese-pride-del-primo-presidente-arcigay-puo-darsi-sia-mio-ultimo-pride-son-contento-esserci\/1474276\/\">La lettera al Varese Pride del primo presidente di Arcigay: &#8220;Pu\u00f2 darsi sia il mio ultimo Pride e son contento di esserci&#8221;<\/a><\/blockquote><iframe class=\"wp-embedded-content\" sandbox=\"allow-scripts\" security=\"restricted\" style=\"position: absolute; clip: rect(1px, 1px, 1px, 1px);\" src=\"https:\/\/www.varesenews.it\/2022\/06\/la-lettera-al-varese-pride-del-primo-presidente-arcigay-puo-darsi-sia-mio-ultimo-pride-son-contento-esserci\/1474276\/embed\/#?secret=IjAyTjmr1e\" data-secret=\"IjAyTjmr1e\" width=\"600\" height=\"338\" title=\"&#8220;La lettera al Varese Pride del primo presidente di Arcigay: &#8220;Pu\u00f2 darsi sia il mio ultimo Pride e son contento di esserci&#8221;&#8221; &#8212; VareseNews\" frameborder=\"0\" marginwidth=\"0\" marginheight=\"0\" scrolling=\"no\"><\/iframe>","_oembed_time_07b88ffe1458ce7d0588fe47d46fdbc6":"1656743650","_oembed_d98e51a73cf5ddcd4e31d982470f035c":"<blockquote class=\"wp-embedded-content\" data-secret=\"AJeKwJVsTv\"><a href=\"https:\/\/www.varesenews.it\/2022\/06\/la-preside-castronno-chiede-tempo-confronto-la-scuola-santalessandro\/1472603\/\">La preside di Castronno chiede tempo e confronto per la scuola di Sant&#8217;Alessandro<\/a><\/blockquote><iframe class=\"wp-embedded-content\" sandbox=\"allow-scripts\" security=\"restricted\" style=\"position: absolute; clip: rect(1px, 1px, 1px, 1px);\" src=\"https:\/\/www.varesenews.it\/2022\/06\/la-preside-castronno-chiede-tempo-confronto-la-scuola-santalessandro\/1472603\/embed\/#?secret=AJeKwJVsTv\" data-secret=\"AJeKwJVsTv\" width=\"500\" height=\"282\" title=\"&#8220;La preside di Castronno chiede tempo e confronto per la scuola di Sant&#8217;Alessandro&#8221; &#8212; VareseNews\" frameborder=\"0\" marginwidth=\"0\" marginheight=\"0\" scrolling=\"no\"><\/iframe>","_oembed_time_d98e51a73cf5ddcd4e31d982470f035c":"1656743665","_oembed_d0d873bec929a736877b6b11816bd056":"<blockquote class=\"wp-embedded-content\" data-secret=\"cslzmvPS4v\"><a href=\"https:\/\/www.varesenews.it\/2022\/06\/un-solo-negozio-vendera-libri-della-scuola-primaria-malnate-alle-classi-terze\/1471306\/\">Nessuno vende i libri della scuola primaria a Malnate, resta un solo negozio ma non per tutte le classi<\/a><\/blockquote><iframe class=\"wp-embedded-content\" sandbox=\"allow-scripts\" security=\"restricted\" style=\"position: absolute; clip: rect(1px, 1px, 1px, 1px);\" src=\"https:\/\/www.varesenews.it\/2022\/06\/un-solo-negozio-vendera-libri-della-scuola-primaria-malnate-alle-classi-terze\/1471306\/embed\/#?secret=cslzmvPS4v\" data-secret=\"cslzmvPS4v\" width=\"500\" height=\"282\" title=\"&#8220;Nessuno vende i libri della scuola primaria a Malnate, resta un solo negozio ma non per tutte le classi&#8221; &#8212; VareseNews\" frameborder=\"0\" marginwidth=\"0\" marginheight=\"0\" scrolling=\"no\"><\/iframe>","_oembed_time_d0d873bec929a736877b6b11816bd056":"1656743665","_oembed_737ff6ba310ef39ceb65c6d2c881219c":"<blockquote class=\"wp-embedded-content\" data-secret=\"OZG81p9Dvc\"><a href=\"https:\/\/www.varesenews.it\/2021\/11\/boom-iscrizioni-mondo-corso-archeologia-castelseprio\/1402067\/\">Boom di iscrizioni in tutto il mondo per il corso di archeologia su Castelseprio<\/a><\/blockquote><iframe class=\"wp-embedded-content\" sandbox=\"allow-scripts\" security=\"restricted\" style=\"position: absolute; clip: rect(1px, 1px, 1px, 1px);\" src=\"https:\/\/www.varesenews.it\/2021\/11\/boom-iscrizioni-mondo-corso-archeologia-castelseprio\/1402067\/embed\/#?secret=OZG81p9Dvc\" data-secret=\"OZG81p9Dvc\" width=\"500\" height=\"282\" title=\"&#8220;Boom di iscrizioni in tutto il mondo per il corso di archeologia su Castelseprio&#8221; &#8212; VareseNews\" frameborder=\"0\" marginwidth=\"0\" marginheight=\"0\" scrolling=\"no\"><\/iframe>","_oembed_time_737ff6ba310ef39ceb65c6d2c881219c":"1656743665","_oembed_c8f074d5fe494ccd6b07b8c353608751":"<blockquote class=\"wp-embedded-content\" data-secret=\"ladloeIUWf\"><a href=\"https:\/\/www.varesenews.it\/2022\/06\/tutta-castiglione-attende-luglio-tempo-palio-dei-castelli\/1471685\/\">Tutta Castiglione attende luglio, \u00e8 tempo di Palio dei Castelli<\/a><\/blockquote><iframe class=\"wp-embedded-content\" sandbox=\"allow-scripts\" security=\"restricted\" style=\"position: absolute; clip: rect(1px, 1px, 1px, 1px);\" src=\"https:\/\/www.varesenews.it\/2022\/06\/tutta-castiglione-attende-luglio-tempo-palio-dei-castelli\/1471685\/embed\/#?secret=ladloeIUWf\" data-secret=\"ladloeIUWf\" width=\"500\" height=\"282\" title=\"&#8220;Tutta Castiglione attende luglio, \u00e8 tempo di Palio dei Castelli&#8221; &#8212; VareseNews\" frameborder=\"0\" marginwidth=\"0\" marginheight=\"0\" scrolling=\"no\"><\/iframe>","_oembed_time_c8f074d5fe494ccd6b07b8c353608751":"1656743665","_oembed_a355d357fd33f044a6f6768213f85caa":"<blockquote class=\"wp-embedded-content\" data-secret=\"S8rbMGidYw\"><a href=\"https:\/\/www.varesenews.it\/2022\/06\/luciana-zaro-morta-incendio-gallarate\/1476416\/\">L&#8217;improvviso addio a Luciana Zaro, la &#8220;treccia&#8221; che animava la cultura a Gallarate<\/a><\/blockquote><iframe class=\"wp-embedded-content\" sandbox=\"allow-scripts\" security=\"restricted\" style=\"position: absolute; clip: rect(1px, 1px, 1px, 1px);\" src=\"https:\/\/www.varesenews.it\/2022\/06\/luciana-zaro-morta-incendio-gallarate\/1476416\/embed\/#?secret=S8rbMGidYw\" data-secret=\"S8rbMGidYw\" width=\"500\" height=\"282\" title=\"&#8220;L&#8217;improvviso addio a Luciana Zaro, la &#8220;treccia&#8221; che animava la cultura a Gallarate&#8221; &#8212; VareseNews\" frameborder=\"0\" marginwidth=\"0\" marginheight=\"0\" scrolling=\"no\"><\/iframe>","_oembed_time_a355d357fd33f044a6f6768213f85caa":"1656743677","_oembed_884b435f791fb83c2551b0aa8a7cd7e5":"<blockquote class=\"wp-embedded-content\" data-secret=\"tLG71yPJat\"><a href=\"https:\/\/www.varesenews.it\/necrologie\/annuncio-famiglia\/luciana-zaro\/\">Luciana &#8220;Treccia&#8221; Zaro<\/a><\/blockquote><iframe class=\"wp-embedded-content\" sandbox=\"allow-scripts\" security=\"restricted\" style=\"position: absolute; clip: rect(1px, 1px, 1px, 1px);\" src=\"https:\/\/www.varesenews.it\/necrologie\/annuncio-famiglia\/luciana-zaro\/embed\/#?secret=tLG71yPJat\" data-secret=\"tLG71yPJat\" width=\"500\" height=\"282\" title=\"&#8220;Luciana &#8220;Treccia&#8221; Zaro&#8221; &#8212; VareseNews\" frameborder=\"0\" marginwidth=\"0\" marginheight=\"0\" scrolling=\"no\"><\/iframe>","_oembed_time_884b435f791fb83c2551b0aa8a7cd7e5":"1656743678","_oembed_9c81eefc9b67034f8a99d31736ae25ab":"<blockquote class=\"wp-embedded-content\" data-secret=\"iE2ME1lxHL\"><a href=\"https:\/\/www.varesenews.it\/2021\/10\/casa-teatro-del-popolo-gallarate\/1394952\/\">Cento anni di Teatro del Popolo: il 30 ottobre 1921 apriva il palazzo dei lavoratori<\/a><\/blockquote><iframe class=\"wp-embedded-content\" sandbox=\"allow-scripts\" security=\"restricted\" style=\"position: absolute; clip: rect(1px, 1px, 1px, 1px);\" src=\"https:\/\/www.varesenews.it\/2021\/10\/casa-teatro-del-popolo-gallarate\/1394952\/embed\/#?secret=iE2ME1lxHL\" data-secret=\"iE2ME1lxHL\" width=\"500\" height=\"282\" title=\"&#8220;Cento anni di Teatro del Popolo: il 30 ottobre 1921 apriva il palazzo dei lavoratori&#8221; &#8212; VareseNews\" frameborder=\"0\" marginwidth=\"0\" marginheight=\"0\" scrolling=\"no\"><\/iframe>","_oembed_time_9c81eefc9b67034f8a99d31736ae25ab":"1656743678","_oembed_5b28196c60bc25544cf3a82f97e0656d":"<blockquote class=\"wp-embedded-content\" data-secret=\"Zbk9hQm82K\"><a href=\"https:\/\/www.varesenews.it\/2022\/05\/conservatorio-puccini-gallarate-diventato-ufficialmente-statale\/1466172\/\">Il conservatorio Puccini di Gallarate \u00e8 diventato ufficialmente statale<\/a><\/blockquote><iframe class=\"wp-embedded-content\" sandbox=\"allow-scripts\" security=\"restricted\" style=\"position: absolute; clip: rect(1px, 1px, 1px, 1px);\" src=\"https:\/\/www.varesenews.it\/2022\/05\/conservatorio-puccini-gallarate-diventato-ufficialmente-statale\/1466172\/embed\/#?secret=Zbk9hQm82K\" data-secret=\"Zbk9hQm82K\" width=\"500\" height=\"282\" title=\"&#8220;Il conservatorio Puccini di Gallarate \u00e8 diventato ufficialmente statale&#8221; &#8212; VareseNews\" frameborder=\"0\" marginwidth=\"0\" marginheight=\"0\" scrolling=\"no\"><\/iframe>","_oembed_time_5b28196c60bc25544cf3a82f97e0656d":"1656743678","_oembed_01ae050b086e590e707a01ae6c9bf3ac":"<blockquote class=\"wp-embedded-content\" data-secret=\"9oZx4nY01a\"><a href=\"https:\/\/www.varesenews.it\/2022\/06\/conservatorio-gallarate-diventa-statale-cresce-offre-cultura-alla-citta\/1478489\/\">Il conservatorio di Gallarate diventa statale, cresce e offre cultura alla citt\u00e0<\/a><\/blockquote><iframe class=\"wp-embedded-content\" sandbox=\"allow-scripts\" security=\"restricted\" style=\"position: absolute; clip: rect(1px, 1px, 1px, 1px);\" src=\"https:\/\/www.varesenews.it\/2022\/06\/conservatorio-gallarate-diventa-statale-cresce-offre-cultura-alla-citta\/1478489\/embed\/#?secret=9oZx4nY01a\" data-secret=\"9oZx4nY01a\" width=\"500\" height=\"282\" title=\"&#8220;Il conservatorio di Gallarate diventa statale, cresce e offre cultura alla citt\u00e0&#8221; &#8212; VareseNews\" frameborder=\"0\" marginwidth=\"0\" marginheight=\"0\" scrolling=\"no\"><\/iframe>","_oembed_time_01ae050b086e590e707a01ae6c9bf3ac":"1656743678","_oembed_c657842589bee1723c7abe2a5b1a5812":"<blockquote class=\"wp-embedded-content\" data-secret=\"USqAg5dD7R\"><a href=\"https:\/\/www.varesenews.it\/2019\/10\/ti-ciclo-via-scommessa-battere-traffico-transfrontaliero\/866305\/\">Ti-Ciclo-Via, una scommessa per battere il traffico transfrontaliero<\/a><\/blockquote><iframe class=\"wp-embedded-content\" sandbox=\"allow-scripts\" security=\"restricted\" style=\"position: absolute; clip: rect(1px, 1px, 1px, 1px);\" src=\"https:\/\/www.varesenews.it\/2019\/10\/ti-ciclo-via-scommessa-battere-traffico-transfrontaliero\/866305\/embed\/#?secret=USqAg5dD7R\" data-secret=\"USqAg5dD7R\" width=\"500\" height=\"282\" title=\"&#8220;Ti-Ciclo-Via, una scommessa per battere il traffico transfrontaliero&#8221; &#8212; VareseNews\" frameborder=\"0\" marginwidth=\"0\" marginheight=\"0\" scrolling=\"no\"><\/iframe>","_oembed_time_c657842589bee1723c7abe2a5b1a5812":"1656743881","_oembed_560b1f2451ddcb671639b994236ae0ec":"{{unknown}}","id_leggi_anche":"1351887,1474276,1474269,1474203,1474186,1473524,1489398","_oembed_a65b55522825f5e8e1fb6f83742710b9":"<blockquote class=\"wp-embedded-content\" data-secret=\"iJrvyLztsc\"><a href=\"https:\/\/www.varesenews.it\/2022\/06\/la-lettera-al-varese-pride-del-primo-presidente-arcigay-puo-darsi-sia-mio-ultimo-pride-son-contento-esserci\/1474276\/\">La lettera al Varese Pride del primo presidente di Arcigay: &#8220;Pu\u00f2 darsi sia il mio ultimo Pride e son contento di esserci&#8221;<\/a><\/blockquote><iframe class=\"wp-embedded-content\" sandbox=\"allow-scripts\" security=\"restricted\" style=\"position: absolute; clip: rect(1px, 1px, 1px, 1px);\" src=\"https:\/\/www.varesenews.it\/2022\/06\/la-lettera-al-varese-pride-del-primo-presidente-arcigay-puo-darsi-sia-mio-ultimo-pride-son-contento-esserci\/1474276\/embed\/#?secret=iJrvyLztsc\" data-secret=\"iJrvyLztsc\" width=\"500\" height=\"282\" title=\"&#8220;La lettera al Varese Pride del primo presidente di Arcigay: &#8220;Pu\u00f2 darsi sia il mio ultimo Pride e son contento di esserci&#8221;&#8221; &#8212; VareseNews\" frameborder=\"0\" marginwidth=\"0\" marginheight=\"0\" scrolling=\"no\"><\/iframe>","_oembed_time_a65b55522825f5e8e1fb6f83742710b9":"1656744129","_oembed_6887232021da85e429b2bbdc128c5ccd":"{{unknown}}","_oembed_798e84c31a9a5f030d6cb58140a9c18d":"<blockquote class=\"wp-embedded-content\" data-secret=\"5ZSqLRCN5P\"><a href=\"https:\/\/www.varesenews.it\/2022\/06\/la-lettera-al-varese-pride-del-primo-presidente-arcigay-puo-darsi-sia-mio-ultimo-pride-son-contento-esserci\/1474276\/\">La lettera al Varese Pride del primo presidente di Arcigay: &#8220;Pu\u00f2 darsi sia il mio ultimo Pride e son contento di esserci&#8221;<\/a><\/blockquote><iframe class=\"wp-embedded-content\" sandbox=\"allow-scripts\" security=\"restricted\" style=\"position: absolute; clip: rect(1px, 1px, 1px, 1px);\" src=\"https:\/\/www.varesenews.it\/2022\/06\/la-lettera-al-varese-pride-del-primo-presidente-arcigay-puo-darsi-sia-mio-ultimo-pride-son-contento-esserci\/1474276\/embed\/#?secret=5ZSqLRCN5P\" data-secret=\"5ZSqLRCN5P\" width=\"600\" height=\"338\" title=\"&#8220;La lettera al Varese Pride del primo presidente di Arcigay: &#8220;Pu\u00f2 darsi sia il mio ultimo Pride e son contento di esserci&#8221;&#8221; &#8212; VareseNews\" frameborder=\"0\" marginwidth=\"0\" marginheight=\"0\" scrolling=\"no\"><\/iframe>","_oembed_time_798e84c31a9a5f030d6cb58140a9c18d":"1656744144","_oembed_cb4f50c59316e44d2a87ca2ff3eb859d":"{{unknown}}","_oembed_c284bfe9c5c39276ca60b4e4afc7de4e":"<blockquote class=\"wp-embedded-content\" data-secret=\"AxcBtmEI6X\"><a href=\"https:\/\/www.varesenews.it\/2022\/06\/lugano-verso-vertice-sullucraina-attesa-von-der-leyen-forse-zelensky\/1473775\/\">Lugano verso il vertice sull&#8217;Ucraina. Attesa Von Der Leyen, &#8220;in forse&#8221; Zelensky<\/a><\/blockquote><iframe class=\"wp-embedded-content\" sandbox=\"allow-scripts\" security=\"restricted\" style=\"position: absolute; clip: rect(1px, 1px, 1px, 1px);\" src=\"https:\/\/www.varesenews.it\/2022\/06\/lugano-verso-vertice-sullucraina-attesa-von-der-leyen-forse-zelensky\/1473775\/embed\/#?secret=AxcBtmEI6X\" data-secret=\"AxcBtmEI6X\" width=\"500\" height=\"282\" title=\"&#8220;Lugano verso il vertice sull&#8217;Ucraina. Attesa Von Der Leyen, &#8220;in forse&#8221; Zelensky&#8221; &#8212; VareseNews\" frameborder=\"0\" marginwidth=\"0\" marginheight=\"0\" scrolling=\"no\"><\/iframe>","_oembed_time_c284bfe9c5c39276ca60b4e4afc7de4e":"1656744866","_oembed_a9e1270d4e6f4d2f310e3e891f5103b1":"<blockquote class=\"wp-embedded-content\" data-secret=\"n3mO2uLciC\"><a href=\"https:\/\/www.varesenews.it\/2022\/06\/incidente-valle-maggia-due-motociclisti-feriti-gravemente\/1476604\/\">Incidente in Valle Maggia: due motociclisti feriti gravemente<\/a><\/blockquote><iframe class=\"wp-embedded-content\" sandbox=\"allow-scripts\" security=\"restricted\" style=\"position: absolute; clip: rect(1px, 1px, 1px, 1px);\" src=\"https:\/\/www.varesenews.it\/2022\/06\/incidente-valle-maggia-due-motociclisti-feriti-gravemente\/1476604\/embed\/#?secret=n3mO2uLciC\" data-secret=\"n3mO2uLciC\" width=\"500\" height=\"282\" title=\"&#8220;Incidente in Valle Maggia: due motociclisti feriti gravemente&#8221; &#8212; VareseNews\" frameborder=\"0\" marginwidth=\"0\" marginheight=\"0\" scrolling=\"no\"><\/iframe>","_oembed_time_a9e1270d4e6f4d2f310e3e891f5103b1":"1656744867","_oembed_f8aa02fd9c33abf648e23049cc574593":"<blockquote class=\"wp-embedded-content\" data-secret=\"MWoaygJjYj\"><a href=\"https:\/\/www.varesenews.it\/2022\/06\/sicurezza-zone-rosse-capi-lugano-pronta-vertice-sullucraina\/1474564\/\">Sicurezza, &#8220;zone rosse&#8221; e capi di Stato: Lugano \u00e8 pronta per il vertice sull&#8217;Ucraina<\/a><\/blockquote><iframe class=\"wp-embedded-content\" sandbox=\"allow-scripts\" security=\"restricted\" style=\"position: absolute; clip: rect(1px, 1px, 1px, 1px);\" src=\"https:\/\/www.varesenews.it\/2022\/06\/sicurezza-zone-rosse-capi-lugano-pronta-vertice-sullucraina\/1474564\/embed\/#?secret=MWoaygJjYj\" data-secret=\"MWoaygJjYj\" width=\"500\" height=\"282\" title=\"&#8220;Sicurezza, &#8220;zone rosse&#8221; e capi di Stato: Lugano \u00e8 pronta per il vertice sull&#8217;Ucraina&#8221; &#8212; VareseNews\" frameborder=\"0\" marginwidth=\"0\" marginheight=\"0\" scrolling=\"no\"><\/iframe>","_oembed_time_f8aa02fd9c33abf648e23049cc574593":"1656744867","_oembed_33e78110697edf4277ebb6a3d7b67924":"<blockquote class=\"wp-embedded-content\" data-secret=\"ffuGJsofvw\"><a href=\"https:\/\/www.varesenews.it\/2022\/06\/eventi-bambini-nel-weekend-del-24-25-26-giugno-varese-provincia\/1476145\/\">Eventi per bambini nel weekend del 24, 25 e 26 giugno tra Varese e provincia<\/a><\/blockquote><iframe class=\"wp-embedded-content\" sandbox=\"allow-scripts\" security=\"restricted\" style=\"position: absolute; clip: rect(1px, 1px, 1px, 1px);\" src=\"https:\/\/www.varesenews.it\/2022\/06\/eventi-bambini-nel-weekend-del-24-25-26-giugno-varese-provincia\/1476145\/embed\/#?secret=ffuGJsofvw\" data-secret=\"ffuGJsofvw\" width=\"500\" height=\"282\" title=\"&#8220;Eventi per bambini nel weekend del 24, 25 e 26 giugno tra Varese e provincia&#8221; &#8212; VareseNews\" frameborder=\"0\" marginwidth=\"0\" marginheight=\"0\" scrolling=\"no\"><\/iframe>","_oembed_time_33e78110697edf4277ebb6a3d7b67924":"1656744867","_oembed_2e4081fce9bc0f4a3017dab37358314d":"<blockquote class=\"wp-embedded-content\" data-secret=\"52buQu2PYd\"><a href=\"https:\/\/www.verbanonews.it\/canali-tematici\/turismo\/2022\/06\/24\/cosa-fare-nel-weekend-del-24-25-e-26-giugno-sul-lago-maggiore\/945160\/\">Cosa fare nel weekend del 24, 25 e 26 giugno sul Lago Maggiore<\/a><\/blockquote><iframe class=\"wp-embedded-content\" sandbox=\"allow-scripts\" security=\"restricted\" style=\"position: absolute; clip: rect(1px, 1px, 1px, 1px);\" src=\"https:\/\/www.verbanonews.it\/canali-tematici\/turismo\/2022\/06\/24\/cosa-fare-nel-weekend-del-24-25-e-26-giugno-sul-lago-maggiore\/945160\/embed\/#?secret=52buQu2PYd\" data-secret=\"52buQu2PYd\" width=\"500\" height=\"282\" title=\"&#8220;Cosa fare nel weekend del 24, 25 e 26 giugno sul Lago Maggiore&#8221; &#8212; VerbanoNews\" frameborder=\"0\" marginwidth=\"0\" marginheight=\"0\" scrolling=\"no\"><\/iframe>","_oembed_time_2e4081fce9bc0f4a3017dab37358314d":"1656744869","_oembed_0fc3a4e009be5eea14a4c2d85f51e168":"<blockquote class=\"wp-embedded-content\" data-secret=\"ZRdzx7Ks95\"><a href=\"https:\/\/www.varesenews.it\/2010\/11\/seicento-famiglie-e-una-caldaia-qui-il-comunismo-non-e-ancora-crollato\/132380\/\">Seicento famiglie e una caldaia, qui il comunismo non \u00e8 ancora crollato<\/a><\/blockquote><iframe class=\"wp-embedded-content\" sandbox=\"allow-scripts\" security=\"restricted\" style=\"position: absolute; clip: rect(1px, 1px, 1px, 1px);\" src=\"https:\/\/www.varesenews.it\/2010\/11\/seicento-famiglie-e-una-caldaia-qui-il-comunismo-non-e-ancora-crollato\/132380\/embed\/#?secret=ZRdzx7Ks95\" data-secret=\"ZRdzx7Ks95\" width=\"500\" height=\"282\" title=\"&#8220;Seicento famiglie e una caldaia, qui il comunismo non \u00e8 ancora crollato&#8221; &#8212; VareseNews\" frameborder=\"0\" marginwidth=\"0\" marginheight=\"0\" scrolling=\"no\"><\/iframe>","_oembed_time_0fc3a4e009be5eea14a4c2d85f51e168":"1656745047","_oembed_3742409b8c46ca870eda60c3c8b81150":"<blockquote class=\"wp-embedded-content\" data-secret=\"GEpZMc7ad0\"><a href=\"https:\/\/www.varesenews.it\/2022\/01\/maltrattamenti-aggravati-un-asilo-legnano-chiuse-le-indagini-maestra\/1421879\/\">Maltrattamenti aggravati in un asilo di Legnano, chiuse le indagini su una maestra<\/a><\/blockquote><iframe class=\"wp-embedded-content\" sandbox=\"allow-scripts\" security=\"restricted\" style=\"position: absolute; clip: rect(1px, 1px, 1px, 1px);\" src=\"https:\/\/www.varesenews.it\/2022\/01\/maltrattamenti-aggravati-un-asilo-legnano-chiuse-le-indagini-maestra\/1421879\/embed\/#?secret=GEpZMc7ad0\" data-secret=\"GEpZMc7ad0\" width=\"500\" height=\"282\" title=\"&#8220;Maltrattamenti aggravati in un asilo di Legnano, chiuse le indagini su una maestra&#8221; &#8212; VareseNews\" frameborder=\"0\" marginwidth=\"0\" marginheight=\"0\" scrolling=\"no\"><\/iframe>","_oembed_time_3742409b8c46ca870eda60c3c8b81150":"1656745047","_oembed_0e7b9d8b0f877bf6ae7e61dd57bd7c37":"<blockquote class=\"wp-embedded-content\" data-secret=\"Jzhn1rQCia\"><a href=\"https:\/\/www.varesenews.it\/notizie-sponsorizzate\/costruire-un-bug-hotel-insetti-casa\/\">Come costruire un bug hotel per insetti a casa<\/a><\/blockquote><iframe class=\"wp-embedded-content\" sandbox=\"allow-scripts\" security=\"restricted\" style=\"position: absolute; clip: rect(1px, 1px, 1px, 1px);\" src=\"https:\/\/www.varesenews.it\/notizie-sponsorizzate\/costruire-un-bug-hotel-insetti-casa\/embed\/#?secret=Jzhn1rQCia\" data-secret=\"Jzhn1rQCia\" width=\"500\" height=\"282\" title=\"&#8220;Come costruire un bug hotel per insetti a casa&#8221; &#8212; VareseNews\" frameborder=\"0\" marginwidth=\"0\" marginheight=\"0\" scrolling=\"no\"><\/iframe>","_oembed_time_0e7b9d8b0f877bf6ae7e61dd57bd7c37":"1656745047","_oembed_415ef8b7d4da596ca2a8c2746b2f02b5":"<blockquote class=\"wp-embedded-content\" data-secret=\"4JilCwL0fo\"><a href=\"https:\/\/www.legnanonews.com\/aree-geografiche\/legnano\/2022\/06\/24\/eventi-palestra-a-cielo-aperto-e-pam-race-esplode-lestate-al-parco-alto-milanese\/1032661\/\">Eventi, palestra a cielo aperto e Pam Race: esplode l&#8217;estate al Parco Alto Milanese<\/a><\/blockquote><iframe class=\"wp-embedded-content\" sandbox=\"allow-scripts\" security=\"restricted\" style=\"position: absolute; clip: rect(1px, 1px, 1px, 1px);\" src=\"https:\/\/www.legnanonews.com\/aree-geografiche\/legnano\/2022\/06\/24\/eventi-palestra-a-cielo-aperto-e-pam-race-esplode-lestate-al-parco-alto-milanese\/1032661\/embed\/#?secret=4JilCwL0fo\" data-secret=\"4JilCwL0fo\" width=\"500\" height=\"282\" title=\"&#8220;Eventi, palestra a cielo aperto e Pam Race: esplode l&#8217;estate al Parco Alto Milanese&#8221; &#8212; LegnanoNews\" frameborder=\"0\" marginwidth=\"0\" marginheight=\"0\" scrolling=\"no\"><\/iframe>","_oembed_time_415ef8b7d4da596ca2a8c2746b2f02b5":"1656745049","_oembed_cbd878acaf4980258576a55b45dfe3eb":"<blockquote class=\"wp-embedded-content\" data-secret=\"SbCxinUvAA\"><a href=\"https:\/\/www.legnanonews.com\/aree-geografiche\/legnano\/2022\/06\/29\/cambia-la-viabilita-per-il-rugby-sound-allisola-del-castello-di-legnano\/1033200\/\">Cambia la viabilit\u00e0 per il &#8220;Rugby Sound&#8221; all&#8217;Isola del Castello di Legnano<\/a><\/blockquote><iframe class=\"wp-embedded-content\" sandbox=\"allow-scripts\" security=\"restricted\" style=\"position: absolute; clip: rect(1px, 1px, 1px, 1px);\" src=\"https:\/\/www.legnanonews.com\/aree-geografiche\/legnano\/2022\/06\/29\/cambia-la-viabilita-per-il-rugby-sound-allisola-del-castello-di-legnano\/1033200\/embed\/#?secret=SbCxinUvAA\" data-secret=\"SbCxinUvAA\" width=\"500\" height=\"282\" title=\"&#8220;Cambia la viabilit\u00e0 per il &#8220;Rugby Sound&#8221; all&#8217;Isola del Castello di Legnano&#8221; &#8212; LegnanoNews\" frameborder=\"0\" marginwidth=\"0\" marginheight=\"0\" scrolling=\"no\"><\/iframe>","_oembed_time_cbd878acaf4980258576a55b45dfe3eb":"1656745050","_oembed_f4fd0e6ae2f0c97b3261c6d4e82006d8":"<blockquote class=\"wp-embedded-content\" data-secret=\"lM3mgImX2L\"><a href=\"https:\/\/www.varesenews.it\/2022\/06\/la-lettera-al-varese-pride-del-primo-presidente-arcigay-puo-darsi-sia-mio-ultimo-pride-son-contento-esserci\/1474276\/\">La lettera al Varese Pride del primo presidente di Arcigay: &#8220;Pu\u00f2 darsi sia il mio ultimo Pride e son contento di esserci&#8221;<\/a><\/blockquote><iframe class=\"wp-embedded-content\" sandbox=\"allow-scripts\" security=\"restricted\" style=\"position: absolute; clip: rect(1px, 1px, 1px, 1px);\" src=\"https:\/\/www.varesenews.it\/2022\/06\/la-lettera-al-varese-pride-del-primo-presidente-arcigay-puo-darsi-sia-mio-ultimo-pride-son-contento-esserci\/1474276\/embed\/#?secret=lM3mgImX2L\" data-secret=\"lM3mgImX2L\" width=\"600\" height=\"338\" title=\"&#8220;La lettera al Varese Pride del primo presidente di Arcigay: &#8220;Pu\u00f2 darsi sia il mio ultimo Pride e son contento di esserci&#8221;&#8221; &#8212; VareseNews\" frameborder=\"0\" marginwidth=\"0\" marginheight=\"0\" scrolling=\"no\"><\/iframe>","_oembed_time_f4fd0e6ae2f0c97b3261c6d4e82006d8":"1656773895"},"photos":[{"original":"https:\/\/staging.varesenews.it\/photogallery_new\/images\/2022\/07\/stefano-spadafora-1318605.jpg","full":"https:\/\/staging.varesenews.it\/photogallery_new\/images\/2022\/07\/stefano-spadafora-1318605.1024x768.jpg","large":"https:\/\/staging.varesenews.it\/photogallery_new\/images\/2022\/07\/stefano-spadafora-1318605.610x431.jpg"}],"_links":{"self":[{"href":"https:\/\/staging.varesenews.it\/swgapi\/v1\/wp\/v2\/posts\/1479004"}],"collection":[{"href":"https:\/\/staging.varesenews.it\/swgapi\/v1\/wp\/v2\/posts"}],"about":[{"href":"https:\/\/staging.varesenews.it\/swgapi\/v1\/wp\/v2\/types\/post"}],"author":[{"embeddable":true,"href":"https:\/\/staging.varesenews.it\/swgapi\/v1\/wp\/v2\/users\/32"}],"replies":[{"embeddable":true,"href":"https:\/\/staging.varesenews.it\/swgapi\/v1\/wp\/v2\/comments?post=1479004"}],"version-history":[{"count":0,"href":"https:\/\/staging.varesenews.it\/swgapi\/v1\/wp\/v2\/posts\/1479004\/revisions"}],"wp:attachment":[{"href":"https:\/\/staging.varesenews.it\/swgapi\/v1\/wp\/v2\/media?parent=1479004"}],"wp:term":[{"taxonomy":"category","embeddable":true,"href":"https:\/\/staging.varesenews.it\/swgapi\/v1\/wp\/v2\/categories?post=1479004"},{"taxonomy":"post_tag","embeddable":true,"href":"https:\/\/staging.varesenews.it\/swgapi\/v1\/wp\/v2\/tags?post=1479004"}],"curies":[{"name":"wp","href":"https:\/\/api.w.org\/{rel}","templated":true}]}}