{"id":1482636,"date":"2022-07-14T10:41:41","date_gmt":"2022-07-14T08:41:41","guid":{"rendered":"https:\/\/www.varesenews.it\/?p=1482636"},"modified":"2022-07-14T10:41:41","modified_gmt":"2022-07-14T08:41:41","slug":"lintelligenza-artificiale-superato-quella-umana","status":"publish","type":"post","link":"https:\/\/staging.varesenews.it\/2022\/07\/lintelligenza-artificiale-superato-quella-umana\/1482636\/","title":{"rendered":"L\u2019intelligenza artificiale ha superato quella umana?"},"content":{"rendered":"<p>Le parole di Blake Lemoine, ingegnere di Google sospeso ha causa delle sue vedute, hanno gettato ombre e riaperto le discussioni sul tema \u201cintelligenza artificiale e autonomia delle macchine. Secondo lo studioso, <strong>uno dei BOT di propriet\u00e0 dell\u2019azienda americana si \u00e8 dimostrato \u201csenziente\u201d<\/strong>, capace quindi di pensare in maniera autonoma senza necessit\u00e0 dell\u2019aiuto umano. <strong>Si tratta di un tema che da sempre ha <a href=\"https:\/\/www.mistergadget.tech\/70315\/lintelligenza-artificiale-da-un-colpo-di-tosse-individua-il-covid\/\">affascinato l\u2019uomo<\/a><\/strong> come dimostra Isaac Asimov che nel 1950 scrisse \u201cIo Robot\u201d, un racconto avveniristico che anticipava la nostra quotidianit\u00e0.<\/p>\n<p>Affermazioni che hanno provocato una spaccatura all\u2019interno dell\u2019opinione pubblica tra, chi da un lato sostiene la visione di Blake Lemoine , e chi invece ritiene le sue dichiarazioni insensate e prive di alcuna base scientifica. <strong>All\u2019interno di uno scenario di questo tipo, \u00e8 molto difficile per l\u2019opinione pubblica capire quale tra i due schieramenti di pensiero ha ragione<\/strong>, questo anche perch\u00e9 non esistono prove scientifiche che possano decretare come assolutamente vera una o l\u2019altra posizione.<\/p>\n<p>Per approfondire il tema abbiamo sfruttato gli interventi di alcuni esperti ad un recentissimo evento, dedicato all\u2019evoluzione dell\u2019intelligenza artificiale.<\/p>\n<p><strong>L\u2019intelligenza artificiale \u00e8 senziente? La parola degli esperti<\/strong><br \/>\nIn occasione del LOOP Q Prize Award, manifestazione che premia i talenti delle universit\u00e0 d\u2019Europa che si sono distinti nel campo dell\u2019intelligenza artificiale, sono intervenuti alcuni tra i principali esperti in materia con l\u2019obbiettivo di mettere ordine e rendere il tema pi\u00f9 comprensibile anche ai meno navigati.<\/p>\n<p><strong>Per dovere di cronaca, segnaliamo che che a vincere il primo premio \u00e8 stato l\u2019italiano Diego Biagini, dell\u2019Universit\u00e0 di Bologna<\/strong>, che ha presentato il progetto migliore, secondo la giuria del premio. Intervento di grande spessore \u00e8 stato quello di Patrick Ehlen , Chief AI Advisor di Loop AI Group e Vice Presidente AI di Uniphore, ovvero uno dei massimi esperti mondiali di intelligenza artificiale.<\/p>\n<p>Il tema principale di discussione era la possibilit\u00e0 di considerare o meno l\u2019intelligenza delle macchine autonoma dagli uomini, e quindi senziente. <strong>Lo studioso ha cercato di offrire agli spettatori una prospettiva diversa<\/strong>, sostenendo che la domanda da porsi non era tanto se l\u2019intelligenza artificiale fosse o meno gi\u00e0 indipendente dagli esseri umani, ma piuttosto se questa caratteristica potesse essere esclusa a priori con certezza. Per veicolare il suo messaggio Ehlen ha poi portato al pubblico un esempio curioso.<\/p>\n<p>Uno scienziato nel suo lavoro pu\u00f2 incorrere in due tipologie di errore: quello di considerare esistente un fenomeno non veritiero, oppure l\u2019esatto opposto, quindi non considerare un fenomeno reale. Questa possibilit\u00e0 di \u201cfallimento\u201d,<br \/>\ncostringe l\u2019essere umano a ragionare. Pu\u00f2 capitare ad esempio che un uomo, in mezzo alla giungla, nel corso della notte si imbatta in due elementi luminosi; facendo una breve riflessione quelle due luci potrebbero essere il riflesso del chiaro di luna, oppure gli occhi di una tigre in agguato. <strong>Tratte delle prime conclusioni, l\u2019uomo potrebbe optare per la strada del pericolo<\/strong>, e quindi abbandonare il luogo, oppure escludere la possibilit\u00e0 di una presenza della tigre e avvicinarsi. In entrambi i casi \u00e8 presente il rischio di aver fatto la considerazione sbagliata: da un lato si tratterebbe di eccesso di prudenza, dall\u2019altro di sottovalutazione del rischio con la conseguente possibilit\u00e0 di venire sbranato.<\/p>\n<p>Una lunga riflessione, quella dell\u2019esperto, per portare gli ascoltatori a considerare un determinato tipo di approccio alle incertezze e replicabile in tutti gli ambiti, costituito da tre fasi: individuazione del problema, valutazione del pericolo e individuazione delle possibili soluzioni.<\/p>\n<p><strong>Cosa \u00e8 la \u201csingularity\u201d tecnologica<\/strong><br \/>\nIl tema dell\u2019Ai \u00e8 strettamente relazionato con il concetto di \u201cSingularity\u201d, ovvero la propriet\u00e0 delle macchine di operare in maniera totalmente autonoma senza dipendere dai comandi dell\u2019uomo. Il dubbio che gli studiosi si pongono \u00e8 quello se si \u00e8 gia raggiunta o meno la cosiddetta \u201csingolarit\u00e0\u201d. Ad intervenire su questo tema, durante il Loop Q Prize Award \u00e8 stato invece Davide Casaleggio , CEO di Casaleggio Associati, grande conoscitore del mondo AI.<\/p>\n<p>Secondo Casaleggio, la cosiddetta \u201cComputer Singularity\u201d \u00e8 gi\u00e0 realt\u00e0 in diversi ambiti. Un esempio estremamente comune \u00e8 quello del navigatore supportato dai telefoni cellulari: quando ci si affida alla sua scelta, senza discuterla o metterla in dubbio, allora in quel momento la macchina diventa autonoma, poich\u00e9 ha deciso senza alcun aiuto umano.<\/p>\n<p><strong>Uomo e intelligenza artificiale possono convivere?<\/strong><br \/>\nAd oggi non sono disponibili strumenti in grado di valutare in modo inequivocabile le effettive capacit\u00e0 delle macchine. Nonostante questo non bisogna trascurare l\u2019argomento, ma \u00e8 necessario mantenere elevato il livello di attenzione in modo da non essere impreparati quando un tema per ora \u201cfuturo\u201d diventer\u00e0 il presente a tutti gli effetti. Bisogna per\u00f2 evitare un errore, quello cio\u00e8 di affrontare questo delicato argomento con posizioni pregiudiziali, perch\u00e9 il vero obiettivo non \u00e8 far prevalere una delle due forme di pensiero sull&#8217;altra, ma trovare un modo perch\u00e9 la loro coesistenza sia la pi\u00f9 funzionale possibile. Sembrerebbe la soluzione pi\u00f9 logica, forse per questo sar\u00e0 la meno probabile.<\/p>\n","protected":false},"excerpt":{"rendered":"<p>Per approfondire il tema abbiamo sfruttato gli interventi di alcuni esperti ad un recentissimo evento, dedicato all\u2019evoluzione dell\u2019intelligenza artificiale.<\/p>\n","protected":false},"author":39,"featured_media":0,"comment_status":"open","ping_status":"open","sticky":false,"template":"","format":"standard","meta":{"footnotes":""},"categories":[25],"tags":[65553,111960,3151],"acf":[],"yoast_head":"<!-- This site is optimized with the Yoast SEO plugin v20.1 - https:\/\/yoast.com\/wordpress\/plugins\/seo\/ -->\n<title>L\u2019intelligenza artificiale ha superato quella umana?<\/title>\n<meta name=\"description\" content=\"Per approfondire il tema abbiamo sfruttato gli interventi di alcuni esperti ad un recentissimo evento, dedicato all\u2019evoluzione dell\u2019intelligenza artificiale.\" \/>\n<meta name=\"robots\" content=\"noindex, follow, max-snippet:-1, max-image-preview:large, max-video-preview:-1\" \/>\n<meta property=\"og:locale\" content=\"it_IT\" \/>\n<meta property=\"og:type\" content=\"article\" \/>\n<meta property=\"og:title\" content=\"L\u2019intelligenza artificiale ha superato quella umana?\" \/>\n<meta property=\"og:description\" content=\"Per approfondire il tema abbiamo sfruttato gli interventi di alcuni esperti ad un recentissimo evento, dedicato all\u2019evoluzione dell\u2019intelligenza artificiale.\" \/>\n<meta property=\"og:url\" content=\"https:\/\/staging.varesenews.it\/2022\/07\/lintelligenza-artificiale-superato-quella-umana\/1482636\/\" \/>\n<meta property=\"og:site_name\" content=\"VareseNews\" \/>\n<meta property=\"article:publisher\" content=\"https:\/\/www.facebook.com\/varesenews\" \/>\n<meta property=\"article:author\" content=\"https:\/\/www.facebook.com\/tommaso.guidotti.7\" \/>\n<meta property=\"article:published_time\" content=\"2022-07-14T08:41:41+00:00\" \/>\n<meta name=\"author\" content=\"Tommaso Guidotti\" \/>\n<meta name=\"twitter:card\" content=\"summary_large_image\" \/>\n<meta name=\"twitter:creator\" content=\"@tomguidoz\" \/>\n<meta name=\"twitter:site\" content=\"@varesenews\" \/>\n<meta name=\"twitter:label1\" content=\"Scritto da\" \/>\n\t<meta name=\"twitter:data1\" content=\"Tommaso Guidotti\" \/>\n\t<meta name=\"twitter:label2\" content=\"Tempo di lettura stimato\" \/>\n\t<meta name=\"twitter:data2\" content=\"4 minuti\" \/>\n<script type=\"application\/ld+json\" class=\"yoast-schema-graph\">{\"@context\":\"https:\/\/schema.org\",\"@graph\":[{\"@type\":\"WebPage\",\"@id\":\"https:\/\/staging.varesenews.it\/2022\/07\/lintelligenza-artificiale-superato-quella-umana\/1482636\/\",\"url\":\"https:\/\/staging.varesenews.it\/2022\/07\/lintelligenza-artificiale-superato-quella-umana\/1482636\/\",\"name\":\"L\u2019intelligenza artificiale ha superato quella umana?\",\"isPartOf\":{\"@id\":\"https:\/\/staging.varesenews.it\/#website\"},\"datePublished\":\"2022-07-14T08:41:41+00:00\",\"dateModified\":\"2022-07-14T08:41:41+00:00\",\"author\":{\"@id\":\"https:\/\/staging.varesenews.it\/#\/schema\/person\/5ae9c65889c40fea73a6c40733b93f8a\"},\"description\":\"Per approfondire il tema abbiamo sfruttato gli interventi di alcuni esperti ad un recentissimo evento, dedicato all\u2019evoluzione dell\u2019intelligenza artificiale.\",\"breadcrumb\":{\"@id\":\"https:\/\/staging.varesenews.it\/2022\/07\/lintelligenza-artificiale-superato-quella-umana\/1482636\/#breadcrumb\"},\"inLanguage\":\"it-IT\",\"potentialAction\":[{\"@type\":\"ReadAction\",\"target\":[\"https:\/\/staging.varesenews.it\/2022\/07\/lintelligenza-artificiale-superato-quella-umana\/1482636\/\"]}]},{\"@type\":\"BreadcrumbList\",\"@id\":\"https:\/\/staging.varesenews.it\/2022\/07\/lintelligenza-artificiale-superato-quella-umana\/1482636\/#breadcrumb\",\"itemListElement\":[{\"@type\":\"ListItem\",\"position\":1,\"name\":\"Home\",\"item\":\"https:\/\/www.varesenews.it\/\"},{\"@type\":\"ListItem\",\"position\":2,\"name\":\"L\u2019intelligenza artificiale ha superato quella umana?\"}]},{\"@type\":\"WebSite\",\"@id\":\"https:\/\/staging.varesenews.it\/#website\",\"url\":\"https:\/\/staging.varesenews.it\/\",\"name\":\"VareseNews\",\"description\":\"\",\"potentialAction\":[{\"@type\":\"SearchAction\",\"target\":{\"@type\":\"EntryPoint\",\"urlTemplate\":\"https:\/\/staging.varesenews.it\/?s={search_term_string}\"},\"query-input\":\"required name=search_term_string\"}],\"inLanguage\":\"it-IT\"},{\"@type\":\"Person\",\"@id\":\"https:\/\/staging.varesenews.it\/#\/schema\/person\/5ae9c65889c40fea73a6c40733b93f8a\",\"name\":\"Tommaso Guidotti\",\"image\":{\"@type\":\"ImageObject\",\"inLanguage\":\"it-IT\",\"@id\":\"https:\/\/staging.varesenews.it\/#\/schema\/person\/image\/\",\"url\":\"https:\/\/staging.varesenews.it\/wp-content\/uploads\/2020\/12\/tommaso_guidotti_colori_500.jpg\",\"contentUrl\":\"https:\/\/staging.varesenews.it\/wp-content\/uploads\/2020\/12\/tommaso_guidotti_colori_500.jpg\",\"caption\":\"Tommaso Guidotti\"},\"description\":\"Nato a Milano e trasferito nel Varesotto in tenera et&agrave;, sposato con Chiara dal 2012 e padre di due figli, Lorenzo e Alice. Sono laureato in Scienze Politiche e ho nel mio bagaglio lontani studi classici al Liceo Cairoli di Varese. Amo leggere, le serie tv, i viaggi e mi piace sperimentare e conoscere. La passione pi&ugrave; grande? Il calcio, giocato, simulato e guardato: occupo parte del mio tempo libero con quella che &egrave; pi&ugrave; di una squadra di calcio, i Bidone, una vera e propria seconda famiglia con cui ho portato avanti tanti progetti sportivi e benefici. Faccio parte dal 2004 della squadra di VareseNews e sono giornalista professionista dal 2009: per dieci anni ho ricoperto il ruolo di caporedattore. Dal 2019 coordino insieme ad una redazione di giovani collaboratori il nuovo progetto del gruppo nella zona del Saronnese, il giornale SaronnoNews, spin-off di VareseNews, restando comunque radicato al territorio di Casciago, paese che mi ha adottato e che amo moltissimo come il lago di Varese e Cazzago Brabbia, il paese dove ho vissuto da giovane.\",\"sameAs\":[\"https:\/\/www.facebook.com\/tommaso.guidotti.7\",\"tomguidoz80\",\"https:\/\/www.linkedin.com\/profile\/view?id=36891883&authType=name&authToken=9pNm&locale=en_US&goback=npv_36891883_*1_*1_name_9pNm_*1_*1_*1_*1_*1_*1_*1_*1_*1_*1_*1_*1_*1_*1_*1_*1_*1_*1_*1_*1_*1_*1_*1_*1_*1_*1_*1_*1_*1_*1_*1_*1_*1\",\"https:\/\/twitter.com\/tomguidoz\"],\"url\":\"https:\/\/staging.varesenews.it\/persona\/tommaso_guidotti\/\"}]}<\/script>\n<!-- \/ Yoast SEO plugin. -->","yoast_head_json":{"title":"L\u2019intelligenza artificiale ha superato quella umana?","description":"Per approfondire il tema abbiamo sfruttato gli interventi di alcuni esperti ad un recentissimo evento, dedicato all\u2019evoluzione dell\u2019intelligenza artificiale.","robots":{"index":"noindex","follow":"follow","max-snippet":"max-snippet:-1","max-image-preview":"max-image-preview:large","max-video-preview":"max-video-preview:-1"},"og_locale":"it_IT","og_type":"article","og_title":"L\u2019intelligenza artificiale ha superato quella umana?","og_description":"Per approfondire il tema abbiamo sfruttato gli interventi di alcuni esperti ad un recentissimo evento, dedicato all\u2019evoluzione dell\u2019intelligenza artificiale.","og_url":"https:\/\/staging.varesenews.it\/2022\/07\/lintelligenza-artificiale-superato-quella-umana\/1482636\/","og_site_name":"VareseNews","article_publisher":"https:\/\/www.facebook.com\/varesenews","article_author":"https:\/\/www.facebook.com\/tommaso.guidotti.7","article_published_time":"2022-07-14T08:41:41+00:00","author":"Tommaso Guidotti","twitter_card":"summary_large_image","twitter_creator":"@tomguidoz","twitter_site":"@varesenews","twitter_misc":{"Scritto da":"Tommaso Guidotti","Tempo di lettura stimato":"4 minuti"},"schema":{"@context":"https:\/\/schema.org","@graph":[{"@type":"WebPage","@id":"https:\/\/staging.varesenews.it\/2022\/07\/lintelligenza-artificiale-superato-quella-umana\/1482636\/","url":"https:\/\/staging.varesenews.it\/2022\/07\/lintelligenza-artificiale-superato-quella-umana\/1482636\/","name":"L\u2019intelligenza artificiale ha superato quella umana?","isPartOf":{"@id":"https:\/\/staging.varesenews.it\/#website"},"datePublished":"2022-07-14T08:41:41+00:00","dateModified":"2022-07-14T08:41:41+00:00","author":{"@id":"https:\/\/staging.varesenews.it\/#\/schema\/person\/5ae9c65889c40fea73a6c40733b93f8a"},"description":"Per approfondire il tema abbiamo sfruttato gli interventi di alcuni esperti ad un recentissimo evento, dedicato all\u2019evoluzione dell\u2019intelligenza artificiale.","breadcrumb":{"@id":"https:\/\/staging.varesenews.it\/2022\/07\/lintelligenza-artificiale-superato-quella-umana\/1482636\/#breadcrumb"},"inLanguage":"it-IT","potentialAction":[{"@type":"ReadAction","target":["https:\/\/staging.varesenews.it\/2022\/07\/lintelligenza-artificiale-superato-quella-umana\/1482636\/"]}]},{"@type":"BreadcrumbList","@id":"https:\/\/staging.varesenews.it\/2022\/07\/lintelligenza-artificiale-superato-quella-umana\/1482636\/#breadcrumb","itemListElement":[{"@type":"ListItem","position":1,"name":"Home","item":"https:\/\/www.varesenews.it\/"},{"@type":"ListItem","position":2,"name":"L\u2019intelligenza artificiale ha superato quella umana?"}]},{"@type":"WebSite","@id":"https:\/\/staging.varesenews.it\/#website","url":"https:\/\/staging.varesenews.it\/","name":"VareseNews","description":"","potentialAction":[{"@type":"SearchAction","target":{"@type":"EntryPoint","urlTemplate":"https:\/\/staging.varesenews.it\/?s={search_term_string}"},"query-input":"required name=search_term_string"}],"inLanguage":"it-IT"},{"@type":"Person","@id":"https:\/\/staging.varesenews.it\/#\/schema\/person\/5ae9c65889c40fea73a6c40733b93f8a","name":"Tommaso Guidotti","image":{"@type":"ImageObject","inLanguage":"it-IT","@id":"https:\/\/staging.varesenews.it\/#\/schema\/person\/image\/","url":"https:\/\/staging.varesenews.it\/wp-content\/uploads\/2020\/12\/tommaso_guidotti_colori_500.jpg","contentUrl":"https:\/\/staging.varesenews.it\/wp-content\/uploads\/2020\/12\/tommaso_guidotti_colori_500.jpg","caption":"Tommaso Guidotti"},"description":"Nato a Milano e trasferito nel Varesotto in tenera et&agrave;, sposato con Chiara dal 2012 e padre di due figli, Lorenzo e Alice. Sono laureato in Scienze Politiche e ho nel mio bagaglio lontani studi classici al Liceo Cairoli di Varese. Amo leggere, le serie tv, i viaggi e mi piace sperimentare e conoscere. La passione pi&ugrave; grande? Il calcio, giocato, simulato e guardato: occupo parte del mio tempo libero con quella che &egrave; pi&ugrave; di una squadra di calcio, i Bidone, una vera e propria seconda famiglia con cui ho portato avanti tanti progetti sportivi e benefici. Faccio parte dal 2004 della squadra di VareseNews e sono giornalista professionista dal 2009: per dieci anni ho ricoperto il ruolo di caporedattore. Dal 2019 coordino insieme ad una redazione di giovani collaboratori il nuovo progetto del gruppo nella zona del Saronnese, il giornale SaronnoNews, spin-off di VareseNews, restando comunque radicato al territorio di Casciago, paese che mi ha adottato e che amo moltissimo come il lago di Varese e Cazzago Brabbia, il paese dove ho vissuto da giovane.","sameAs":["https:\/\/www.facebook.com\/tommaso.guidotti.7","tomguidoz80","https:\/\/www.linkedin.com\/profile\/view?id=36891883&authType=name&authToken=9pNm&locale=en_US&goback=npv_36891883_*1_*1_name_9pNm_*1_*1_*1_*1_*1_*1_*1_*1_*1_*1_*1_*1_*1_*1_*1_*1_*1_*1_*1_*1_*1_*1_*1_*1_*1_*1_*1_*1_*1_*1_*1_*1_*1","https:\/\/twitter.com\/tomguidoz"],"url":"https:\/\/staging.varesenews.it\/persona\/tommaso_guidotti\/"}]}},"post_meta":{"content-image-gallery":"","_edit_lock":"1657788182:39","_edit_last":"39","_category_permalink":"a:1:{s:8:\"category\";s:0:\"\";}","_encloseme":"1","ratings_users":"0","ratings_score":"0","ratings_average":"0","foto":"1206239","firma_come_lettorevn":"1","argomento":"Tecnologia","_yoast_wpseo_focuskw_text_input":"mister gadget","_yoast_wpseo_focuskw":"mister gadget","_yoast_wpseo_linkdex":"61","_yoast_wpseo_content_score":"30","_jd_tweet_this":"yes","_wpt_short_url":"https:\/\/www.varesenews.it\/2022\/07\/lintelligenza-artificiale-superato-quella-umana\/1482636\/","_wp_jd_target":"https:\/\/www.varesenews.it\/2022\/07\/lintelligenza-artificiale-superato-quella-umana\/1482636\/","_jd_wp_twitter":"a:1:{i:0;s:159:\"L\u2019intelligenza artificiale ha superato quella umana? https:\/\/www.varesenews.it\/2022\/07\/lintelligenza-artificiale-superato-quella-umana\/1482636\/ #mistergadget\";}","_wpt_status_message":"Tweet inviato con successo.","_oembed_26131db0b9872915d6a3750d727d847d":"<blockquote class=\"wp-embedded-content\" data-secret=\"Kn6WkKxQ1j\"><a href=\"https:\/\/www.varesenews.it\/2022\/07\/eventi-bambini-nel-weekend-del-8-9-10-luglio-varese-provincia\/1481142\/\">Eventi per bambini nel weekend del 8, 9 e 10 luglio tra Varese e provincia<\/a><\/blockquote><iframe class=\"wp-embedded-content\" sandbox=\"allow-scripts\" security=\"restricted\" style=\"position: absolute; clip: rect(1px, 1px, 1px, 1px);\" src=\"https:\/\/www.varesenews.it\/2022\/07\/eventi-bambini-nel-weekend-del-8-9-10-luglio-varese-provincia\/1481142\/embed\/#?secret=Kn6WkKxQ1j\" data-secret=\"Kn6WkKxQ1j\" width=\"500\" height=\"282\" title=\"&#8220;Eventi per bambini nel weekend del 8, 9 e 10 luglio tra Varese e provincia&#8221; &#8212; VareseNews\" frameborder=\"0\" marginwidth=\"0\" marginheight=\"0\" scrolling=\"no\"><\/iframe>","_oembed_time_26131db0b9872915d6a3750d727d847d":"1657788126","_oembed_a469ce396fe1dc42935f95d80b04777f":"<blockquote class=\"wp-embedded-content\" data-secret=\"rBntGhSQdU\"><a href=\"https:\/\/www.varesenews.it\/2022\/06\/cosa-fanno-le-api-giugno-momento-della-transumanza\/1474317\/\">Cosa fanno le api a giugno? \u00c8 il momento della transumanza<\/a><\/blockquote><iframe class=\"wp-embedded-content\" sandbox=\"allow-scripts\" security=\"restricted\" style=\"position: absolute; clip: rect(1px, 1px, 1px, 1px);\" src=\"https:\/\/www.varesenews.it\/2022\/06\/cosa-fanno-le-api-giugno-momento-della-transumanza\/1474317\/embed\/#?secret=rBntGhSQdU\" data-secret=\"rBntGhSQdU\" width=\"500\" height=\"282\" title=\"&#8220;Cosa fanno le api a giugno? \u00c8 il momento della transumanza&#8221; &#8212; VareseNews\" frameborder=\"0\" marginwidth=\"0\" marginheight=\"0\" scrolling=\"no\"><\/iframe>","_oembed_time_a469ce396fe1dc42935f95d80b04777f":"1657788127","_oembed_fee6fb72d72532b4477328de86c10277":"<blockquote class=\"wp-embedded-content\" data-secret=\"5XdXybQGLk\"><a href=\"https:\/\/www.varesenews.it\/2022\/06\/lugano-nei-giorni-del-vertice-sullucraina-strade-chiuse-sorvoli-restrizioni\/1478164\/\">A Lugano nei giorni del vertice sull&#8217;Ucraina? Attenzione a strade chiuse e restrizioni<\/a><\/blockquote><iframe class=\"wp-embedded-content\" sandbox=\"allow-scripts\" security=\"restricted\" style=\"position: absolute; clip: rect(1px, 1px, 1px, 1px);\" src=\"https:\/\/www.varesenews.it\/2022\/06\/lugano-nei-giorni-del-vertice-sullucraina-strade-chiuse-sorvoli-restrizioni\/1478164\/embed\/#?secret=5XdXybQGLk\" data-secret=\"5XdXybQGLk\" width=\"500\" height=\"282\" title=\"&#8220;A Lugano nei giorni del vertice sull&#8217;Ucraina? Attenzione a strade chiuse e restrizioni&#8221; &#8212; VareseNews\" frameborder=\"0\" marginwidth=\"0\" marginheight=\"0\" scrolling=\"no\"><\/iframe>","_oembed_time_fee6fb72d72532b4477328de86c10277":"1657788127","_oembed_c657842589bee1723c7abe2a5b1a5812":"<blockquote class=\"wp-embedded-content\" data-secret=\"MPnWRLI8ao\"><a href=\"https:\/\/www.varesenews.it\/2019\/10\/ti-ciclo-via-scommessa-battere-traffico-transfrontaliero\/866305\/\">Ti-Ciclo-Via, una scommessa per battere il traffico transfrontaliero<\/a><\/blockquote><iframe class=\"wp-embedded-content\" sandbox=\"allow-scripts\" security=\"restricted\" style=\"position: absolute; clip: rect(1px, 1px, 1px, 1px);\" src=\"https:\/\/www.varesenews.it\/2019\/10\/ti-ciclo-via-scommessa-battere-traffico-transfrontaliero\/866305\/embed\/#?secret=MPnWRLI8ao\" data-secret=\"MPnWRLI8ao\" width=\"500\" height=\"282\" title=\"&#8220;Ti-Ciclo-Via, una scommessa per battere il traffico transfrontaliero&#8221; &#8212; VareseNews\" frameborder=\"0\" marginwidth=\"0\" marginheight=\"0\" scrolling=\"no\"><\/iframe>","_oembed_time_c657842589bee1723c7abe2a5b1a5812":"1657788127","_oembed_98da50f9252db274443a0162eea8cada":"<blockquote class=\"wp-embedded-content\" data-secret=\"vL608ZrLkO\"><a href=\"https:\/\/www.varesenews.it\/2022\/07\/eventi-bambini-nel-weekend-del-12-3-luglio-varese-provincia\/1478802\/\">Eventi per bambini nel weekend del 1,2 e 3 luglio tra Varese e provincia<\/a><\/blockquote><iframe class=\"wp-embedded-content\" sandbox=\"allow-scripts\" security=\"restricted\" style=\"position: absolute; clip: rect(1px, 1px, 1px, 1px);\" src=\"https:\/\/www.varesenews.it\/2022\/07\/eventi-bambini-nel-weekend-del-12-3-luglio-varese-provincia\/1478802\/embed\/#?secret=vL608ZrLkO\" data-secret=\"vL608ZrLkO\" width=\"500\" height=\"282\" title=\"&#8220;Eventi per bambini nel weekend del 1,2 e 3 luglio tra Varese e provincia&#8221; &#8212; VareseNews\" frameborder=\"0\" marginwidth=\"0\" marginheight=\"0\" scrolling=\"no\"><\/iframe>","_oembed_time_98da50f9252db274443a0162eea8cada":"1657788127","_oembed_c284bfe9c5c39276ca60b4e4afc7de4e":"<blockquote class=\"wp-embedded-content\" data-secret=\"crFBQb6inu\"><a href=\"https:\/\/www.varesenews.it\/2022\/06\/lugano-verso-vertice-sullucraina-attesa-von-der-leyen-forse-zelensky\/1473775\/\">Lugano verso il vertice sull&#8217;Ucraina. Attesa Von Der Leyen, &#8220;in forse&#8221; Zelensky<\/a><\/blockquote><iframe class=\"wp-embedded-content\" sandbox=\"allow-scripts\" security=\"restricted\" style=\"position: absolute; clip: rect(1px, 1px, 1px, 1px);\" src=\"https:\/\/www.varesenews.it\/2022\/06\/lugano-verso-vertice-sullucraina-attesa-von-der-leyen-forse-zelensky\/1473775\/embed\/#?secret=crFBQb6inu\" data-secret=\"crFBQb6inu\" width=\"500\" height=\"282\" title=\"&#8220;Lugano verso il vertice sull&#8217;Ucraina. Attesa Von Der Leyen, &#8220;in forse&#8221; Zelensky&#8221; &#8212; VareseNews\" frameborder=\"0\" marginwidth=\"0\" marginheight=\"0\" scrolling=\"no\"><\/iframe>","_oembed_time_c284bfe9c5c39276ca60b4e4afc7de4e":"1657788127","_oembed_ab1fef1ef7e76188d3c81edfbb5475db":"<blockquote class=\"wp-embedded-content\" data-secret=\"Zh5fJzmqHK\"><a href=\"https:\/\/www.varesenews.it\/2021\/12\/maxi-frode-fiscale-oltre-30-milioni-la-finanza-varese-arresta-tre-persone-indagini-diverse-province\/1410455\/\">Maxi frode fiscale da oltre 30 milioni, la Finanza di Varese arresta tre persone, indagini in diverse province<\/a><\/blockquote><iframe class=\"wp-embedded-content\" sandbox=\"allow-scripts\" security=\"restricted\" style=\"position: absolute; clip: rect(1px, 1px, 1px, 1px);\" src=\"https:\/\/www.varesenews.it\/2021\/12\/maxi-frode-fiscale-oltre-30-milioni-la-finanza-varese-arresta-tre-persone-indagini-diverse-province\/1410455\/embed\/#?secret=Zh5fJzmqHK\" data-secret=\"Zh5fJzmqHK\" width=\"500\" height=\"282\" title=\"&#8220;Maxi frode fiscale da oltre 30 milioni, la Finanza di Varese arresta tre persone, indagini in diverse province&#8221; &#8212; VareseNews\" frameborder=\"0\" marginwidth=\"0\" marginheight=\"0\" scrolling=\"no\"><\/iframe>","_oembed_time_ab1fef1ef7e76188d3c81edfbb5475db":"1657788254","_oembed_092f39084ac51ebc1d07a90b84bca55d":"<iframe width=\"500\" height=\"281\" src=\"https:\/\/www.youtube.com\/embed\/videoseries?list=OLAK5uy_l1CVqi6r8jk_dT03PAuW2FCEU80Dwa_oE\" frameborder=\"0\" allow=\"accelerometer; autoplay; clipboard-write; encrypted-media; gyroscope; picture-in-picture\" allowfullscreen><\/iframe>","_oembed_time_092f39084ac51ebc1d07a90b84bca55d":"1657788254","_oembed_d4c749e84f1648d1101055c5daaa03ad":"<blockquote class=\"wp-embedded-content\" data-secret=\"p0LBa1IzYx\"><a href=\"https:\/\/www.varesenews.it\/2022\/06\/skorpions-varese-un-titolo-premi-anni-lavoro-la-divisione\/1477520\/\">Skorpions Varese: &#8220;Un titolo che premia anni di lavoro. Faremo la Prima Divisione&#8221;<\/a><\/blockquote><iframe class=\"wp-embedded-content\" sandbox=\"allow-scripts\" security=\"restricted\" style=\"position: absolute; clip: rect(1px, 1px, 1px, 1px);\" src=\"https:\/\/www.varesenews.it\/2022\/06\/skorpions-varese-un-titolo-premi-anni-lavoro-la-divisione\/1477520\/embed\/#?secret=p0LBa1IzYx\" data-secret=\"p0LBa1IzYx\" width=\"500\" height=\"282\" title=\"&#8220;Skorpions Varese: &#8220;Un titolo che premia anni di lavoro. Faremo la Prima Divisione&#8221;&#8221; &#8212; VareseNews\" frameborder=\"0\" marginwidth=\"0\" marginheight=\"0\" scrolling=\"no\"><\/iframe>","_oembed_time_d4c749e84f1648d1101055c5daaa03ad":"1657788255"},"photos":[{"original":"https:\/\/staging.varesenews.it\/photogallery_new\/images\/2021\/02\/intelligenza-artificiale-1206239.jpg","full":"https:\/\/staging.varesenews.it\/photogallery_new\/images\/2021\/02\/intelligenza-artificiale-1206239.1024x768.jpg","large":"https:\/\/staging.varesenews.it\/photogallery_new\/images\/2021\/02\/intelligenza-artificiale-1206239.610x431.jpg"}],"_links":{"self":[{"href":"https:\/\/staging.varesenews.it\/swgapi\/v1\/wp\/v2\/posts\/1482636"}],"collection":[{"href":"https:\/\/staging.varesenews.it\/swgapi\/v1\/wp\/v2\/posts"}],"about":[{"href":"https:\/\/staging.varesenews.it\/swgapi\/v1\/wp\/v2\/types\/post"}],"author":[{"embeddable":true,"href":"https:\/\/staging.varesenews.it\/swgapi\/v1\/wp\/v2\/users\/39"}],"replies":[{"embeddable":true,"href":"https:\/\/staging.varesenews.it\/swgapi\/v1\/wp\/v2\/comments?post=1482636"}],"version-history":[{"count":0,"href":"https:\/\/staging.varesenews.it\/swgapi\/v1\/wp\/v2\/posts\/1482636\/revisions"}],"wp:attachment":[{"href":"https:\/\/staging.varesenews.it\/swgapi\/v1\/wp\/v2\/media?parent=1482636"}],"wp:term":[{"taxonomy":"category","embeddable":true,"href":"https:\/\/staging.varesenews.it\/swgapi\/v1\/wp\/v2\/categories?post=1482636"},{"taxonomy":"post_tag","embeddable":true,"href":"https:\/\/staging.varesenews.it\/swgapi\/v1\/wp\/v2\/tags?post=1482636"}],"curies":[{"name":"wp","href":"https:\/\/api.w.org\/{rel}","templated":true}]}}