{"id":1483239,"date":"2022-07-15T16:33:38","date_gmt":"2022-07-15T14:33:38","guid":{"rendered":"https:\/\/www.varesenews.it\/?p=1483239"},"modified":"2022-07-15T16:33:38","modified_gmt":"2022-07-15T14:33:38","slug":"valori-ozono-aumento-lombardia","status":"publish","type":"post","link":"https:\/\/staging.varesenews.it\/2022\/07\/valori-ozono-aumento-lombardia\/1483239\/","title":{"rendered":"Valori di ozono in aumento in Lombardia"},"content":{"rendered":"<p>Il forte irraggiamento solare di questi giorni ha <strong>favorito l&#8217;incremento delle concentrazioni di\u00a0ozono<\/strong>\u00a0in gran parte del territorio della Lombardia, dove negli ultimi due giorni sono rimaste sotto la soglia di informazione dei 180 microgrammi\/metrocubo soltanto le province di\u00a0Cremona, Mantova e Sondrio.<\/p>\n<p>La\u00a0soglia\u00a0di 180\u00a0\u00b5g\/m3\u00a0p\u00a0\u00e8 stata invece superata per\u00a0due giorni consecutivi nelle province di Monza e Brianza\u00a0&#8211; con un massimo orario di 226\u00a0\u00b5g\/m3\u00a0nella stazione di Monza Parco\u00a0&#8211; e di Como,\u00a0con 219\u00a0\u00b5g\/m3\u00a0nella stazione di Cant\u00f9.<\/p>\n<p>Nelle restanti province, dove <strong>lo sforamento della soglia \u00e8 avvenuto soltanto nella giornata di gioved\u00ec 14 giugno<\/strong>, i valori pi\u00f9 alti sono stati registrati\u00a0nelle stazioni di Cormano (Milano)\u00a0con un massimo orario di 188 \u00b5g\/m3, <strong>di Saronno (211\u00a0\u00b5g\/m3) nella provincia di Varese,<\/strong> di Via Meucci a Bergamo (235\u00a0\u00b5g\/m3), di Darfo (203\u00a0\u00b5g\/m3) nella provincia di Brescia, di Moggio (214\u00a0\u00b5g\/m3) nella provincia di Lecco, di Lodi-S. Alberto (188\u00a0\u00b5g\/m3\u00a0) nella provincia di Lodi e, infine, di Cornale (Pavia) con un massimo orario di 183\u00a0\u00b5g\/m3.<\/p>\n<p>Secondo il Servizio meteorologico di Arpa Lombardia,\u200b <strong>nei prossimi dieci giorni la nostra regione sar\u00e0 interessata da una nuova ondata di caldo,<\/strong> con temperature massime superiori ai 35\u00b0C e con punte locali vicine ai 40\u00b0C. Anche le temperature minime in pianura si innalzeranno diversi gradi sopra le medie, mantenendosi quasi ovunque\u00a0oltre i 20\u00b0C e facendo aumentare, di conseguenza, la serie delle notti tropicali, che\u00a0in Lombardia nel suo totale ha gi\u00e0 battuto ogni record storico climatico delle misure effettuate dal1901 ad oggi.\u00a0Le condizioni meteo si manterranno quindi sostanzialmente favorevoli alla formazione e accumulo dell&#8217;ozono.<\/p>\n<p>Per minimizzare gli effetti di questo inquinante fotochimico sulla salute, specialmente nei soggetti pi\u00f9 a rischio come bambini, anziani o persone con problemi respiratori, \u00e8 consigliabile evitare il pi\u00f9 possibile le attivit\u00e0 all&#8217;aria aperta nelle ore di maggiore insolazione, generalmente dalle 12 alle 16. Utile anche una dieta ricca di sostanze antiossidanti a base di frutta o verdura di stagione. <strong>Sul sito Arpa Lombardia sono disponibili l&#8217;informativa ozono e i dati registrati quotidianamente<\/strong> dalla\u00a0rete di monitoraggio qualit\u00e0 dell&#8217;aria.<\/p>\n","protected":false},"excerpt":{"rendered":"<p>I rilevamenti di Arpa Lombardia hanno evidenziato l&#8217;incremento delle concentrazioni di ozono in gran parte del territorio<\/p>\n","protected":false},"author":37,"featured_media":0,"comment_status":"open","ping_status":"open","sticky":false,"template":"","format":"standard","meta":{"footnotes":""},"categories":[113031,7],"tags":[16302,5682],"acf":[],"yoast_head":"<!-- This site is optimized with the Yoast SEO plugin v20.1 - https:\/\/yoast.com\/wordpress\/plugins\/seo\/ -->\n<title>Valori di ozono in aumento in Lombardia<\/title>\n<meta name=\"description\" content=\"I rilevamenti di Arpa Lombardia hanno evidenziato l&#039;incremento delle concentrazioni di ozono in gran parte del territorio\" \/>\n<meta name=\"robots\" content=\"noindex, follow, max-snippet:-1, max-image-preview:large, max-video-preview:-1\" \/>\n<meta property=\"og:locale\" content=\"it_IT\" \/>\n<meta property=\"og:type\" content=\"article\" \/>\n<meta property=\"og:title\" content=\"Valori di ozono in aumento in Lombardia\" \/>\n<meta property=\"og:description\" content=\"I rilevamenti di Arpa Lombardia hanno evidenziato l&#039;incremento delle concentrazioni di ozono in gran parte del territorio\" \/>\n<meta property=\"og:url\" content=\"https:\/\/staging.varesenews.it\/2022\/07\/valori-ozono-aumento-lombardia\/1483239\/\" \/>\n<meta property=\"og:site_name\" content=\"VareseNews\" \/>\n<meta property=\"article:publisher\" content=\"https:\/\/www.facebook.com\/varesenews\" \/>\n<meta property=\"article:published_time\" content=\"2022-07-15T14:33:38+00:00\" \/>\n<meta name=\"author\" content=\"Francesco Mazzoleni\" \/>\n<meta name=\"twitter:card\" content=\"summary_large_image\" \/>\n<meta name=\"twitter:creator\" content=\"@fmazzof\" \/>\n<meta name=\"twitter:site\" content=\"@varesenews\" \/>\n<meta name=\"twitter:label1\" content=\"Scritto da\" \/>\n\t<meta name=\"twitter:data1\" content=\"Francesco Mazzoleni\" \/>\n\t<meta name=\"twitter:label2\" content=\"Tempo di lettura stimato\" \/>\n\t<meta name=\"twitter:data2\" content=\"2 minuti\" \/>\n<script type=\"application\/ld+json\" class=\"yoast-schema-graph\">{\"@context\":\"https:\/\/schema.org\",\"@graph\":[{\"@type\":\"WebPage\",\"@id\":\"https:\/\/staging.varesenews.it\/2022\/07\/valori-ozono-aumento-lombardia\/1483239\/\",\"url\":\"https:\/\/staging.varesenews.it\/2022\/07\/valori-ozono-aumento-lombardia\/1483239\/\",\"name\":\"Valori di ozono in aumento in Lombardia\",\"isPartOf\":{\"@id\":\"https:\/\/staging.varesenews.it\/#website\"},\"datePublished\":\"2022-07-15T14:33:38+00:00\",\"dateModified\":\"2022-07-15T14:33:38+00:00\",\"author\":{\"@id\":\"https:\/\/staging.varesenews.it\/#\/schema\/person\/e82236e79160d30d4e1f942004ac3038\"},\"description\":\"I rilevamenti di Arpa Lombardia hanno evidenziato l'incremento delle concentrazioni di ozono in gran parte del territorio\",\"breadcrumb\":{\"@id\":\"https:\/\/staging.varesenews.it\/2022\/07\/valori-ozono-aumento-lombardia\/1483239\/#breadcrumb\"},\"inLanguage\":\"it-IT\",\"potentialAction\":[{\"@type\":\"ReadAction\",\"target\":[\"https:\/\/staging.varesenews.it\/2022\/07\/valori-ozono-aumento-lombardia\/1483239\/\"]}]},{\"@type\":\"BreadcrumbList\",\"@id\":\"https:\/\/staging.varesenews.it\/2022\/07\/valori-ozono-aumento-lombardia\/1483239\/#breadcrumb\",\"itemListElement\":[{\"@type\":\"ListItem\",\"position\":1,\"name\":\"Home\",\"item\":\"https:\/\/www.varesenews.it\/\"},{\"@type\":\"ListItem\",\"position\":2,\"name\":\"Valori di ozono in aumento in Lombardia\"}]},{\"@type\":\"WebSite\",\"@id\":\"https:\/\/staging.varesenews.it\/#website\",\"url\":\"https:\/\/staging.varesenews.it\/\",\"name\":\"VareseNews\",\"description\":\"\",\"potentialAction\":[{\"@type\":\"SearchAction\",\"target\":{\"@type\":\"EntryPoint\",\"urlTemplate\":\"https:\/\/staging.varesenews.it\/?s={search_term_string}\"},\"query-input\":\"required name=search_term_string\"}],\"inLanguage\":\"it-IT\"},{\"@type\":\"Person\",\"@id\":\"https:\/\/staging.varesenews.it\/#\/schema\/person\/e82236e79160d30d4e1f942004ac3038\",\"name\":\"Francesco Mazzoleni\",\"image\":{\"@type\":\"ImageObject\",\"inLanguage\":\"it-IT\",\"@id\":\"https:\/\/staging.varesenews.it\/#\/schema\/person\/image\/\",\"url\":\"https:\/\/staging.varesenews.it\/wp-content\/uploads\/2020\/12\/francesco_mazzoleni_colori_500-1.jpg\",\"contentUrl\":\"https:\/\/staging.varesenews.it\/wp-content\/uploads\/2020\/12\/francesco_mazzoleni_colori_500-1.jpg\",\"caption\":\"Francesco Mazzoleni\"},\"description\":\"\\\"Uomo di campo\\\" della redazione sportiva. Nutro una vera passione per il calcio, che sia ad alti livelli, sui campi di provincia o in altri continenti. Sono nato a Varese nel 1984, vivo da sempre a Malnate e ho una laurea in Scienze Motorie. Ho mosso i primi passi a VareseNews da stagista nel 2002; nel 2008 ho iniziato a collaborare con maggiore continuit\u00e0 e dal 2018 sono giornalista professionista. Orgoglioso pap\u00e0 di Federico e Adelaide.\",\"sameAs\":[\"fmazzof\",\"it.linkedin.com\/in\/francescomazzolenif\",\"https:\/\/twitter.com\/fmazzof\"],\"url\":\"https:\/\/staging.varesenews.it\/persona\/francesco_mazzoleniferracini\/\"}]}<\/script>\n<!-- \/ Yoast SEO plugin. -->","yoast_head_json":{"title":"Valori di ozono in aumento in Lombardia","description":"I rilevamenti di Arpa Lombardia hanno evidenziato l'incremento delle concentrazioni di ozono in gran parte del territorio","robots":{"index":"noindex","follow":"follow","max-snippet":"max-snippet:-1","max-image-preview":"max-image-preview:large","max-video-preview":"max-video-preview:-1"},"og_locale":"it_IT","og_type":"article","og_title":"Valori di ozono in aumento in Lombardia","og_description":"I rilevamenti di Arpa Lombardia hanno evidenziato l'incremento delle concentrazioni di ozono in gran parte del territorio","og_url":"https:\/\/staging.varesenews.it\/2022\/07\/valori-ozono-aumento-lombardia\/1483239\/","og_site_name":"VareseNews","article_publisher":"https:\/\/www.facebook.com\/varesenews","article_published_time":"2022-07-15T14:33:38+00:00","author":"Francesco Mazzoleni","twitter_card":"summary_large_image","twitter_creator":"@fmazzof","twitter_site":"@varesenews","twitter_misc":{"Scritto da":"Francesco Mazzoleni","Tempo di lettura stimato":"2 minuti"},"schema":{"@context":"https:\/\/schema.org","@graph":[{"@type":"WebPage","@id":"https:\/\/staging.varesenews.it\/2022\/07\/valori-ozono-aumento-lombardia\/1483239\/","url":"https:\/\/staging.varesenews.it\/2022\/07\/valori-ozono-aumento-lombardia\/1483239\/","name":"Valori di ozono in aumento in Lombardia","isPartOf":{"@id":"https:\/\/staging.varesenews.it\/#website"},"datePublished":"2022-07-15T14:33:38+00:00","dateModified":"2022-07-15T14:33:38+00:00","author":{"@id":"https:\/\/staging.varesenews.it\/#\/schema\/person\/e82236e79160d30d4e1f942004ac3038"},"description":"I rilevamenti di Arpa Lombardia hanno evidenziato l'incremento delle concentrazioni di ozono in gran parte del territorio","breadcrumb":{"@id":"https:\/\/staging.varesenews.it\/2022\/07\/valori-ozono-aumento-lombardia\/1483239\/#breadcrumb"},"inLanguage":"it-IT","potentialAction":[{"@type":"ReadAction","target":["https:\/\/staging.varesenews.it\/2022\/07\/valori-ozono-aumento-lombardia\/1483239\/"]}]},{"@type":"BreadcrumbList","@id":"https:\/\/staging.varesenews.it\/2022\/07\/valori-ozono-aumento-lombardia\/1483239\/#breadcrumb","itemListElement":[{"@type":"ListItem","position":1,"name":"Home","item":"https:\/\/www.varesenews.it\/"},{"@type":"ListItem","position":2,"name":"Valori di ozono in aumento in Lombardia"}]},{"@type":"WebSite","@id":"https:\/\/staging.varesenews.it\/#website","url":"https:\/\/staging.varesenews.it\/","name":"VareseNews","description":"","potentialAction":[{"@type":"SearchAction","target":{"@type":"EntryPoint","urlTemplate":"https:\/\/staging.varesenews.it\/?s={search_term_string}"},"query-input":"required name=search_term_string"}],"inLanguage":"it-IT"},{"@type":"Person","@id":"https:\/\/staging.varesenews.it\/#\/schema\/person\/e82236e79160d30d4e1f942004ac3038","name":"Francesco Mazzoleni","image":{"@type":"ImageObject","inLanguage":"it-IT","@id":"https:\/\/staging.varesenews.it\/#\/schema\/person\/image\/","url":"https:\/\/staging.varesenews.it\/wp-content\/uploads\/2020\/12\/francesco_mazzoleni_colori_500-1.jpg","contentUrl":"https:\/\/staging.varesenews.it\/wp-content\/uploads\/2020\/12\/francesco_mazzoleni_colori_500-1.jpg","caption":"Francesco Mazzoleni"},"description":"\"Uomo di campo\" della redazione sportiva. Nutro una vera passione per il calcio, che sia ad alti livelli, sui campi di provincia o in altri continenti. Sono nato a Varese nel 1984, vivo da sempre a Malnate e ho una laurea in Scienze Motorie. Ho mosso i primi passi a VareseNews da stagista nel 2002; nel 2008 ho iniziato a collaborare con maggiore continuit\u00e0 e dal 2018 sono giornalista professionista. Orgoglioso pap\u00e0 di Federico e Adelaide.","sameAs":["fmazzof","it.linkedin.com\/in\/francescomazzolenif","https:\/\/twitter.com\/fmazzof"],"url":"https:\/\/staging.varesenews.it\/persona\/francesco_mazzoleniferracini\/"}]}},"post_meta":{"content-image-gallery":"","_edit_lock":"1657896768:37","_edit_last":"37","_category_permalink":"a:1:{s:8:\"category\";s:1:\"7\";}","_encloseme":"1","ratings_users":"0","ratings_score":"0","ratings_average":"0","foto":"1319797","firma_come_redazione":"1","argomento":"Ambiente","_yoast_wpseo_focuskw_text_input":"ozono","_yoast_wpseo_focuskw":"ozono","_yoast_wpseo_linkdex":"73","_yoast_wpseo_content_score":"30","_jd_tweet_this":"yes","_wpt_short_url":"https:\/\/www.varesenews.it\/2022\/07\/valori-ozono-aumento-lombardia\/1483239\/","_wp_jd_target":"https:\/\/www.varesenews.it\/2022\/07\/valori-ozono-aumento-lombardia\/1483239\/","_jd_wp_twitter":"a:1:{i:0;s:135:\"Valori di ozono in aumento in Lombardia https:\/\/www.varesenews.it\/2022\/07\/valori-ozono-aumento-lombardia\/1483239\/ #arpalombardia #ozono\";}","_wpt_status_message":"Tweet inviato con successo.","_oembed_26131db0b9872915d6a3750d727d847d":"<blockquote class=\"wp-embedded-content\" data-secret=\"M6YP1Q9Oyf\"><a href=\"https:\/\/www.varesenews.it\/2022\/07\/eventi-bambini-nel-weekend-del-8-9-10-luglio-varese-provincia\/1481142\/\">Eventi per bambini nel weekend del 8, 9 e 10 luglio tra Varese e provincia<\/a><\/blockquote><iframe class=\"wp-embedded-content\" sandbox=\"allow-scripts\" security=\"restricted\" style=\"position: absolute; clip: rect(1px, 1px, 1px, 1px);\" src=\"https:\/\/www.varesenews.it\/2022\/07\/eventi-bambini-nel-weekend-del-8-9-10-luglio-varese-provincia\/1481142\/embed\/#?secret=M6YP1Q9Oyf\" data-secret=\"M6YP1Q9Oyf\" width=\"500\" height=\"282\" title=\"&#8220;Eventi per bambini nel weekend del 8, 9 e 10 luglio tra Varese e provincia&#8221; &#8212; VareseNews\" frameborder=\"0\" marginwidth=\"0\" marginheight=\"0\" scrolling=\"no\"><\/iframe>","_oembed_time_26131db0b9872915d6a3750d727d847d":"1657896429","_oembed_a469ce396fe1dc42935f95d80b04777f":"<blockquote class=\"wp-embedded-content\" data-secret=\"GPNDM73Hzl\"><a href=\"https:\/\/www.varesenews.it\/2022\/06\/cosa-fanno-le-api-giugno-momento-della-transumanza\/1474317\/\">Cosa fanno le api a giugno? \u00c8 il momento della transumanza<\/a><\/blockquote><iframe class=\"wp-embedded-content\" sandbox=\"allow-scripts\" security=\"restricted\" style=\"position: absolute; clip: rect(1px, 1px, 1px, 1px);\" src=\"https:\/\/www.varesenews.it\/2022\/06\/cosa-fanno-le-api-giugno-momento-della-transumanza\/1474317\/embed\/#?secret=GPNDM73Hzl\" data-secret=\"GPNDM73Hzl\" width=\"500\" height=\"282\" title=\"&#8220;Cosa fanno le api a giugno? \u00c8 il momento della transumanza&#8221; &#8212; VareseNews\" frameborder=\"0\" marginwidth=\"0\" marginheight=\"0\" scrolling=\"no\"><\/iframe>","_oembed_time_a469ce396fe1dc42935f95d80b04777f":"1657896429","_oembed_fee6fb72d72532b4477328de86c10277":"<blockquote class=\"wp-embedded-content\" data-secret=\"NZhUuMvjb7\"><a href=\"https:\/\/www.varesenews.it\/2022\/06\/lugano-nei-giorni-del-vertice-sullucraina-strade-chiuse-sorvoli-restrizioni\/1478164\/\">A Lugano nei giorni del vertice sull&#8217;Ucraina? Attenzione a strade chiuse e restrizioni<\/a><\/blockquote><iframe class=\"wp-embedded-content\" sandbox=\"allow-scripts\" security=\"restricted\" style=\"position: absolute; clip: rect(1px, 1px, 1px, 1px);\" src=\"https:\/\/www.varesenews.it\/2022\/06\/lugano-nei-giorni-del-vertice-sullucraina-strade-chiuse-sorvoli-restrizioni\/1478164\/embed\/#?secret=NZhUuMvjb7\" data-secret=\"NZhUuMvjb7\" width=\"500\" height=\"282\" title=\"&#8220;A Lugano nei giorni del vertice sull&#8217;Ucraina? Attenzione a strade chiuse e restrizioni&#8221; &#8212; VareseNews\" frameborder=\"0\" marginwidth=\"0\" marginheight=\"0\" scrolling=\"no\"><\/iframe>","_oembed_time_fee6fb72d72532b4477328de86c10277":"1657896429","_oembed_c657842589bee1723c7abe2a5b1a5812":"<blockquote class=\"wp-embedded-content\" data-secret=\"SgRJ5pkJzH\"><a href=\"https:\/\/www.varesenews.it\/2019\/10\/ti-ciclo-via-scommessa-battere-traffico-transfrontaliero\/866305\/\">Ti-Ciclo-Via, una scommessa per battere il traffico transfrontaliero<\/a><\/blockquote><iframe class=\"wp-embedded-content\" sandbox=\"allow-scripts\" security=\"restricted\" style=\"position: absolute; clip: rect(1px, 1px, 1px, 1px);\" src=\"https:\/\/www.varesenews.it\/2019\/10\/ti-ciclo-via-scommessa-battere-traffico-transfrontaliero\/866305\/embed\/#?secret=SgRJ5pkJzH\" data-secret=\"SgRJ5pkJzH\" width=\"500\" height=\"282\" title=\"&#8220;Ti-Ciclo-Via, una scommessa per battere il traffico transfrontaliero&#8221; &#8212; VareseNews\" frameborder=\"0\" marginwidth=\"0\" marginheight=\"0\" scrolling=\"no\"><\/iframe>","_oembed_time_c657842589bee1723c7abe2a5b1a5812":"1657896429","_oembed_98da50f9252db274443a0162eea8cada":"<blockquote class=\"wp-embedded-content\" data-secret=\"gJs0d95Mgo\"><a href=\"https:\/\/www.varesenews.it\/2022\/07\/eventi-bambini-nel-weekend-del-12-3-luglio-varese-provincia\/1478802\/\">Eventi per bambini nel weekend del 1,2 e 3 luglio tra Varese e provincia<\/a><\/blockquote><iframe class=\"wp-embedded-content\" sandbox=\"allow-scripts\" security=\"restricted\" style=\"position: absolute; clip: rect(1px, 1px, 1px, 1px);\" src=\"https:\/\/www.varesenews.it\/2022\/07\/eventi-bambini-nel-weekend-del-12-3-luglio-varese-provincia\/1478802\/embed\/#?secret=gJs0d95Mgo\" data-secret=\"gJs0d95Mgo\" width=\"500\" height=\"282\" title=\"&#8220;Eventi per bambini nel weekend del 1,2 e 3 luglio tra Varese e provincia&#8221; &#8212; VareseNews\" frameborder=\"0\" marginwidth=\"0\" marginheight=\"0\" scrolling=\"no\"><\/iframe>","_oembed_time_98da50f9252db274443a0162eea8cada":"1657896429","_oembed_092f39084ac51ebc1d07a90b84bca55d":"<iframe width=\"500\" height=\"281\" src=\"https:\/\/www.youtube.com\/embed\/videoseries?list=OLAK5uy_l1CVqi6r8jk_dT03PAuW2FCEU80Dwa_oE\" frameborder=\"0\" allow=\"accelerometer; autoplay; clipboard-write; encrypted-media; gyroscope; picture-in-picture\" allowfullscreen><\/iframe>","_oembed_time_092f39084ac51ebc1d07a90b84bca55d":"1657896762","_oembed_4acc489b9bbceaaff4f84773289896cc":"<blockquote class=\"wp-embedded-content\" data-secret=\"ucHH7c1DDf\"><a href=\"https:\/\/www.varesenews.it\/2022\/07\/caos-nei-cieli-e-negli-aeroporti-deuropa-ecco-cosa-sta-succedendo\/1480342\/\">Caos nei cieli e negli aeroporti d&#8217;Europa, ecco cosa sta succedendo<\/a><\/blockquote><iframe class=\"wp-embedded-content\" sandbox=\"allow-scripts\" security=\"restricted\" style=\"position: absolute; clip: rect(1px, 1px, 1px, 1px);\" src=\"https:\/\/www.varesenews.it\/2022\/07\/caos-nei-cieli-e-negli-aeroporti-deuropa-ecco-cosa-sta-succedendo\/1480342\/embed\/#?secret=ucHH7c1DDf\" data-secret=\"ucHH7c1DDf\" width=\"500\" height=\"282\" title=\"&#8220;Caos nei cieli e negli aeroporti d&#8217;Europa, ecco cosa sta succedendo&#8221; &#8212; VareseNews\" frameborder=\"0\" marginwidth=\"0\" marginheight=\"0\" scrolling=\"no\"><\/iframe>","_oembed_time_4acc489b9bbceaaff4f84773289896cc":"1657896762"},"photos":[{"original":"https:\/\/staging.varesenews.it\/photogallery_new\/images\/2022\/07\/sole-caldo-1319797.jpg","full":"https:\/\/staging.varesenews.it\/photogallery_new\/images\/2022\/07\/sole-caldo-1319797.1024x768.jpg","large":"https:\/\/staging.varesenews.it\/photogallery_new\/images\/2022\/07\/sole-caldo-1319797.610x431.jpg"}],"_links":{"self":[{"href":"https:\/\/staging.varesenews.it\/swgapi\/v1\/wp\/v2\/posts\/1483239"}],"collection":[{"href":"https:\/\/staging.varesenews.it\/swgapi\/v1\/wp\/v2\/posts"}],"about":[{"href":"https:\/\/staging.varesenews.it\/swgapi\/v1\/wp\/v2\/types\/post"}],"author":[{"embeddable":true,"href":"https:\/\/staging.varesenews.it\/swgapi\/v1\/wp\/v2\/users\/37"}],"replies":[{"embeddable":true,"href":"https:\/\/staging.varesenews.it\/swgapi\/v1\/wp\/v2\/comments?post=1483239"}],"version-history":[{"count":0,"href":"https:\/\/staging.varesenews.it\/swgapi\/v1\/wp\/v2\/posts\/1483239\/revisions"}],"wp:attachment":[{"href":"https:\/\/staging.varesenews.it\/swgapi\/v1\/wp\/v2\/media?parent=1483239"}],"wp:term":[{"taxonomy":"category","embeddable":true,"href":"https:\/\/staging.varesenews.it\/swgapi\/v1\/wp\/v2\/categories?post=1483239"},{"taxonomy":"post_tag","embeddable":true,"href":"https:\/\/staging.varesenews.it\/swgapi\/v1\/wp\/v2\/tags?post=1483239"}],"curies":[{"name":"wp","href":"https:\/\/api.w.org\/{rel}","templated":true}]}}