{"id":1483327,"date":"2022-07-16T08:36:15","date_gmt":"2022-07-16T06:36:15","guid":{"rendered":"https:\/\/www.varesenews.it\/?p=1483327"},"modified":"2022-07-16T08:36:15","modified_gmt":"2022-07-16T06:36:15","slug":"a9-le-prossime-chiusure-notturne-sulla-lainate-como-chiasso","status":"publish","type":"post","link":"https:\/\/staging.varesenews.it\/2022\/07\/a9-le-prossime-chiusure-notturne-sulla-lainate-como-chiasso\/1483327\/","title":{"rendered":"A9, le prossime chiusure notturne sulla Lainate-Como-Chiasso"},"content":{"rendered":"<p>Sulla A9 Lainate-Como-Chiasso, per consentire attivit\u00e0 post assessment delle gallerie, <strong>dalle 22:00 di luned\u00ec 18 alle 5:00 di marted\u00ec 19 luglio,<\/strong> saranno adottati i seguenti provvedimenti di chiusura:<br \/>\n-sar\u00e0 chiuso il tratto compreso tra Como Centro e Chiasso verso Chiasso;<br \/>\n-sar\u00e0 chiuso il tratto compreso tra Lago di Como e Como Centro verso Lainate;<br \/>\n-sar\u00e0 chiusa la stazione di Como Centro, in entrata in entrambe le direzioni, verso Chiasso e in direzione di Lainate.<\/p>\n<p><strong>In alternativa si consiglia:<\/strong><br \/>\nper la chiusura del tratto Como Centro-Chiasso, per i veicoli leggeri, dopo l&#8217;uscita obbligatoria allo svincolo di Como Centro, seguire le indicazioni sulla SP17, percorrere Viale San Fermo della Battaglia e Via Bellinzona, fino a raggiungere la dogana cittadina, per un totale di circa 8 km; per i mezzi pesanti, con peso superiore a 3,5 tonnellate, dopo l&#8217;uscita obbligatoria allo svincolo di Como Centro, percorrere Via Cecilio, Via Pasquale Paoli, Via Napoleona e Via Innocenzo XI, fino a raggiungere la dogana cittadina.<br \/>\nPercorso inverso per chi proviene da Chiasso ed \u00e8 diretto a Lainate.<br \/>\nPer la chiusura dell&#8217;entrata di Como Centro, verso Lainate, si consiglia di entrare alla stazione di Fino Mornasco, al km 29+800.<\/p>\n","protected":false},"excerpt":{"rendered":"<p>La comunicazione di Autostradale per l&#8217;Italia in vista delle prossime chiusure dovute per consentire attivit\u00e0 post assessment delle gallerie<\/p>\n","protected":false},"author":51,"featured_media":0,"comment_status":"open","ping_status":"open","sticky":false,"template":"","format":"standard","meta":{"footnotes":""},"categories":[8,7],"tags":[1390,3639,387],"acf":[],"yoast_head":"<!-- This site is optimized with the Yoast SEO plugin v20.1 - https:\/\/yoast.com\/wordpress\/plugins\/seo\/ -->\n<title>A9, le prossime chiusure notturne sulla Lainate-Como-Chiasso<\/title>\n<meta name=\"description\" content=\"La comunicazione di Autostradale per l&#039;Italia in vista delle prossime chiusure dovute per consentire attivit\u00e0 post assessment delle gallerie\" \/>\n<meta name=\"robots\" content=\"noindex, follow, max-snippet:-1, max-image-preview:large, max-video-preview:-1\" \/>\n<meta property=\"og:locale\" content=\"it_IT\" \/>\n<meta property=\"og:type\" content=\"article\" \/>\n<meta property=\"og:title\" content=\"A9, le prossime chiusure notturne sulla Lainate-Como-Chiasso\" \/>\n<meta property=\"og:description\" content=\"La comunicazione di Autostradale per l&#039;Italia in vista delle prossime chiusure dovute per consentire attivit\u00e0 post assessment delle gallerie\" \/>\n<meta property=\"og:url\" content=\"https:\/\/staging.varesenews.it\/2022\/07\/a9-le-prossime-chiusure-notturne-sulla-lainate-como-chiasso\/1483327\/\" \/>\n<meta property=\"og:site_name\" content=\"VareseNews\" \/>\n<meta property=\"article:publisher\" content=\"https:\/\/www.facebook.com\/varesenews\" \/>\n<meta property=\"article:author\" content=\"https:\/\/www.facebook.com\/manuel.sgarella\" \/>\n<meta property=\"article:published_time\" content=\"2022-07-16T06:36:15+00:00\" \/>\n<meta name=\"author\" content=\"Manuel Sgarella\" \/>\n<meta name=\"twitter:card\" content=\"summary_large_image\" \/>\n<meta name=\"twitter:creator\" content=\"@Sgarel\" \/>\n<meta name=\"twitter:site\" content=\"@varesenews\" \/>\n<meta name=\"twitter:label1\" content=\"Scritto da\" \/>\n\t<meta name=\"twitter:data1\" content=\"Manuel Sgarella\" \/>\n\t<meta name=\"twitter:label2\" content=\"Tempo di lettura stimato\" \/>\n\t<meta name=\"twitter:data2\" content=\"1 minuto\" \/>\n<script type=\"application\/ld+json\" class=\"yoast-schema-graph\">{\"@context\":\"https:\/\/schema.org\",\"@graph\":[{\"@type\":\"WebPage\",\"@id\":\"https:\/\/staging.varesenews.it\/2022\/07\/a9-le-prossime-chiusure-notturne-sulla-lainate-como-chiasso\/1483327\/\",\"url\":\"https:\/\/staging.varesenews.it\/2022\/07\/a9-le-prossime-chiusure-notturne-sulla-lainate-como-chiasso\/1483327\/\",\"name\":\"A9, le prossime chiusure notturne sulla Lainate-Como-Chiasso\",\"isPartOf\":{\"@id\":\"https:\/\/staging.varesenews.it\/#website\"},\"datePublished\":\"2022-07-16T06:36:15+00:00\",\"dateModified\":\"2022-07-16T06:36:15+00:00\",\"author\":{\"@id\":\"https:\/\/staging.varesenews.it\/#\/schema\/person\/1ec987bf360cbcf5fab38b0367dbc9d4\"},\"description\":\"La comunicazione di Autostradale per l'Italia in vista delle prossime chiusure dovute per consentire attivit\u00e0 post assessment delle gallerie\",\"breadcrumb\":{\"@id\":\"https:\/\/staging.varesenews.it\/2022\/07\/a9-le-prossime-chiusure-notturne-sulla-lainate-como-chiasso\/1483327\/#breadcrumb\"},\"inLanguage\":\"it-IT\",\"potentialAction\":[{\"@type\":\"ReadAction\",\"target\":[\"https:\/\/staging.varesenews.it\/2022\/07\/a9-le-prossime-chiusure-notturne-sulla-lainate-como-chiasso\/1483327\/\"]}]},{\"@type\":\"BreadcrumbList\",\"@id\":\"https:\/\/staging.varesenews.it\/2022\/07\/a9-le-prossime-chiusure-notturne-sulla-lainate-como-chiasso\/1483327\/#breadcrumb\",\"itemListElement\":[{\"@type\":\"ListItem\",\"position\":1,\"name\":\"Home\",\"item\":\"https:\/\/www.varesenews.it\/\"},{\"@type\":\"ListItem\",\"position\":2,\"name\":\"A9, le prossime chiusure notturne sulla Lainate-Como-Chiasso\"}]},{\"@type\":\"WebSite\",\"@id\":\"https:\/\/staging.varesenews.it\/#website\",\"url\":\"https:\/\/staging.varesenews.it\/\",\"name\":\"VareseNews\",\"description\":\"\",\"potentialAction\":[{\"@type\":\"SearchAction\",\"target\":{\"@type\":\"EntryPoint\",\"urlTemplate\":\"https:\/\/staging.varesenews.it\/?s={search_term_string}\"},\"query-input\":\"required name=search_term_string\"}],\"inLanguage\":\"it-IT\"},{\"@type\":\"Person\",\"@id\":\"https:\/\/staging.varesenews.it\/#\/schema\/person\/1ec987bf360cbcf5fab38b0367dbc9d4\",\"name\":\"Manuel Sgarella\",\"image\":{\"@type\":\"ImageObject\",\"inLanguage\":\"it-IT\",\"@id\":\"https:\/\/staging.varesenews.it\/#\/schema\/person\/image\/\",\"url\":\"https:\/\/staging.varesenews.it\/wp-content\/uploads\/2020\/12\/manuel_sgarella_colori_500.jpg\",\"contentUrl\":\"https:\/\/staging.varesenews.it\/wp-content\/uploads\/2020\/12\/manuel_sgarella_colori_500.jpg\",\"caption\":\"Manuel Sgarella\"},\"description\":\"A VareseNews dal 1999, da quando ho iniziato a collaborare per la pagina del cinema. Col tempo mi sono occupato della cronaca del territorio di Saronno-Tradate e dell'organizzazione di alcuni progetti speciali di VareseNews, tra cui la produzione del film Digitalife. Dal 2009 sono giornalista professionista. Diplomato alla Civica scuola del cinema di Milano, coltivo da sempre una passione per tutto quello che &egrave; narrazione, soprattutto per film e serie tv. Dal 2014 Pubblico romanzi come autore indipendente.&nbsp;\",\"sameAs\":[\"https:\/\/www.facebook.com\/manuel.sgarella\",\"Sgarel\",\"https:\/\/twitter.com\/Sgarel\"],\"url\":\"https:\/\/staging.varesenews.it\/persona\/manuel-sgarella1\/\"}]}<\/script>\n<!-- \/ Yoast SEO plugin. -->","yoast_head_json":{"title":"A9, le prossime chiusure notturne sulla Lainate-Como-Chiasso","description":"La comunicazione di Autostradale per l'Italia in vista delle prossime chiusure dovute per consentire attivit\u00e0 post assessment delle gallerie","robots":{"index":"noindex","follow":"follow","max-snippet":"max-snippet:-1","max-image-preview":"max-image-preview:large","max-video-preview":"max-video-preview:-1"},"og_locale":"it_IT","og_type":"article","og_title":"A9, le prossime chiusure notturne sulla Lainate-Como-Chiasso","og_description":"La comunicazione di Autostradale per l'Italia in vista delle prossime chiusure dovute per consentire attivit\u00e0 post assessment delle gallerie","og_url":"https:\/\/staging.varesenews.it\/2022\/07\/a9-le-prossime-chiusure-notturne-sulla-lainate-como-chiasso\/1483327\/","og_site_name":"VareseNews","article_publisher":"https:\/\/www.facebook.com\/varesenews","article_author":"https:\/\/www.facebook.com\/manuel.sgarella","article_published_time":"2022-07-16T06:36:15+00:00","author":"Manuel Sgarella","twitter_card":"summary_large_image","twitter_creator":"@Sgarel","twitter_site":"@varesenews","twitter_misc":{"Scritto da":"Manuel Sgarella","Tempo di lettura stimato":"1 minuto"},"schema":{"@context":"https:\/\/schema.org","@graph":[{"@type":"WebPage","@id":"https:\/\/staging.varesenews.it\/2022\/07\/a9-le-prossime-chiusure-notturne-sulla-lainate-como-chiasso\/1483327\/","url":"https:\/\/staging.varesenews.it\/2022\/07\/a9-le-prossime-chiusure-notturne-sulla-lainate-como-chiasso\/1483327\/","name":"A9, le prossime chiusure notturne sulla Lainate-Como-Chiasso","isPartOf":{"@id":"https:\/\/staging.varesenews.it\/#website"},"datePublished":"2022-07-16T06:36:15+00:00","dateModified":"2022-07-16T06:36:15+00:00","author":{"@id":"https:\/\/staging.varesenews.it\/#\/schema\/person\/1ec987bf360cbcf5fab38b0367dbc9d4"},"description":"La comunicazione di Autostradale per l'Italia in vista delle prossime chiusure dovute per consentire attivit\u00e0 post assessment delle gallerie","breadcrumb":{"@id":"https:\/\/staging.varesenews.it\/2022\/07\/a9-le-prossime-chiusure-notturne-sulla-lainate-como-chiasso\/1483327\/#breadcrumb"},"inLanguage":"it-IT","potentialAction":[{"@type":"ReadAction","target":["https:\/\/staging.varesenews.it\/2022\/07\/a9-le-prossime-chiusure-notturne-sulla-lainate-como-chiasso\/1483327\/"]}]},{"@type":"BreadcrumbList","@id":"https:\/\/staging.varesenews.it\/2022\/07\/a9-le-prossime-chiusure-notturne-sulla-lainate-como-chiasso\/1483327\/#breadcrumb","itemListElement":[{"@type":"ListItem","position":1,"name":"Home","item":"https:\/\/www.varesenews.it\/"},{"@type":"ListItem","position":2,"name":"A9, le prossime chiusure notturne sulla Lainate-Como-Chiasso"}]},{"@type":"WebSite","@id":"https:\/\/staging.varesenews.it\/#website","url":"https:\/\/staging.varesenews.it\/","name":"VareseNews","description":"","potentialAction":[{"@type":"SearchAction","target":{"@type":"EntryPoint","urlTemplate":"https:\/\/staging.varesenews.it\/?s={search_term_string}"},"query-input":"required name=search_term_string"}],"inLanguage":"it-IT"},{"@type":"Person","@id":"https:\/\/staging.varesenews.it\/#\/schema\/person\/1ec987bf360cbcf5fab38b0367dbc9d4","name":"Manuel Sgarella","image":{"@type":"ImageObject","inLanguage":"it-IT","@id":"https:\/\/staging.varesenews.it\/#\/schema\/person\/image\/","url":"https:\/\/staging.varesenews.it\/wp-content\/uploads\/2020\/12\/manuel_sgarella_colori_500.jpg","contentUrl":"https:\/\/staging.varesenews.it\/wp-content\/uploads\/2020\/12\/manuel_sgarella_colori_500.jpg","caption":"Manuel Sgarella"},"description":"A VareseNews dal 1999, da quando ho iniziato a collaborare per la pagina del cinema. Col tempo mi sono occupato della cronaca del territorio di Saronno-Tradate e dell'organizzazione di alcuni progetti speciali di VareseNews, tra cui la produzione del film Digitalife. Dal 2009 sono giornalista professionista. Diplomato alla Civica scuola del cinema di Milano, coltivo da sempre una passione per tutto quello che &egrave; narrazione, soprattutto per film e serie tv. Dal 2014 Pubblico romanzi come autore indipendente.&nbsp;","sameAs":["https:\/\/www.facebook.com\/manuel.sgarella","Sgarel","https:\/\/twitter.com\/Sgarel"],"url":"https:\/\/staging.varesenews.it\/persona\/manuel-sgarella1\/"}]}},"post_meta":{"content-image-gallery":"","_edit_lock":"1657954903:51","_edit_last":"51","_category_permalink":"a:1:{s:7:\"testate\";s:0:\"\";}","_encloseme":"1","ratings_users":"0","ratings_score":"0","ratings_average":"0","foto":"549120","argomento":"Viabilit\u00e0","_yoast_wpseo_focuskw_text_input":"a9","_yoast_wpseo_focuskw":"a9","_yoast_wpseo_linkdex":"53","_yoast_wpseo_content_score":"30","_jd_tweet_this":"yes","_wpt_short_url":"https:\/\/www.varesenews.it\/2022\/07\/a9-le-prossime-chiusure-notturne-sulla-lainate-como-chiasso\/1483327\/","_wp_jd_target":"https:\/\/www.varesenews.it\/2022\/07\/a9-le-prossime-chiusure-notturne-sulla-lainate-como-chiasso\/1483327\/","_jd_wp_twitter":"a:1:{i:0;s:179:\"A9, le prossime chiusure notturne sulla Lainate-Como-Chiasso https:\/\/www.varesenews.it\/2022\/07\/a9-le-prossime-chiusure-notturne-sulla-lainate-como-chiasso\/1483327\/ #a9 #viabilit\u00e0\";}","_wpt_status_message":"Tweet inviato con successo.","_oembed_2e6e7eb36cdc7233c9df6f3155c2ea8e":"<blockquote class=\"wp-embedded-content\" data-secret=\"oqcy5qz7pN\"><a href=\"https:\/\/www.varesenews.it\/2022\/06\/alloratorio-schianno-un-laboratorio-dedicato-al-piccolo-daniele-chef-garzillo\/1473845\/\">All&#8217;oratorio di Schianno un laboratorio dedicato al piccolo Daniele, con chef Garzillo<\/a><\/blockquote><iframe class=\"wp-embedded-content\" sandbox=\"allow-scripts\" security=\"restricted\" style=\"position: absolute; clip: rect(1px, 1px, 1px, 1px);\" src=\"https:\/\/www.varesenews.it\/2022\/06\/alloratorio-schianno-un-laboratorio-dedicato-al-piccolo-daniele-chef-garzillo\/1473845\/embed\/#?secret=oqcy5qz7pN\" data-secret=\"oqcy5qz7pN\" width=\"500\" height=\"282\" title=\"&#8220;All&#8217;oratorio di Schianno un laboratorio dedicato al piccolo Daniele, con chef Garzillo&#8221; &#8212; VareseNews\" frameborder=\"0\" marginwidth=\"0\" marginheight=\"0\" scrolling=\"no\"><\/iframe>","_oembed_time_2e6e7eb36cdc7233c9df6f3155c2ea8e":"1657953960","_oembed_b8847edd3dc9c2fba31a73e3ec63c6a0":"<blockquote class=\"wp-embedded-content\" data-secret=\"Hv4jSX5MNa\"><a href=\"https:\/\/www.legnanonews.com\/altri\/2022\/07\/14\/a-piedi-da-busto-arsizio-fino-a-monza-lungo-il-canale-villoresi-con-lombardia-coop-to-coop\/1034946\/\">A piedi da Busto Arsizio fino a Monza lungo il Canale Villoresi\u00a0con \u201cLombardia Coop to Coop\u201d<\/a><\/blockquote><iframe class=\"wp-embedded-content\" sandbox=\"allow-scripts\" security=\"restricted\" style=\"position: absolute; clip: rect(1px, 1px, 1px, 1px);\" src=\"https:\/\/www.legnanonews.com\/altri\/2022\/07\/14\/a-piedi-da-busto-arsizio-fino-a-monza-lungo-il-canale-villoresi-con-lombardia-coop-to-coop\/1034946\/embed\/#?secret=Hv4jSX5MNa\" data-secret=\"Hv4jSX5MNa\" width=\"500\" height=\"282\" title=\"&#8220;A piedi da Busto Arsizio fino a Monza lungo il Canale Villoresi\u00a0con \u201cLombardia Coop to Coop\u201d&#8221; &#8212; LegnanoNews\" frameborder=\"0\" marginwidth=\"0\" marginheight=\"0\" scrolling=\"no\"><\/iframe>","_oembed_time_b8847edd3dc9c2fba31a73e3ec63c6a0":"1657953962","_oembed_5b13308887cbee54363d9f93dcfc6a54":"<blockquote class=\"wp-embedded-content\" data-secret=\"cnQ7BZOKSU\"><a href=\"https:\/\/www.legnanonews.com\/aree-geografiche\/legnano\/2022\/07\/09\/dae-jurinovich-e-sindaco-radice-il-salvataggio-nella-parrocchia-ss-martiri-un-esempio-da-seguire\/1034384\/\">Defibrillatore: \u00abIl salvataggio nella chiesa dei Santi Martiri a Legnano, un esempio da seguire\u00bb<\/a><\/blockquote><iframe class=\"wp-embedded-content\" sandbox=\"allow-scripts\" security=\"restricted\" style=\"position: absolute; clip: rect(1px, 1px, 1px, 1px);\" src=\"https:\/\/www.legnanonews.com\/aree-geografiche\/legnano\/2022\/07\/09\/dae-jurinovich-e-sindaco-radice-il-salvataggio-nella-parrocchia-ss-martiri-un-esempio-da-seguire\/1034384\/embed\/#?secret=cnQ7BZOKSU\" data-secret=\"cnQ7BZOKSU\" width=\"500\" height=\"282\" title=\"&#8220;Defibrillatore: \u00abIl salvataggio nella chiesa dei Santi Martiri a Legnano, un esempio da seguire\u00bb&#8221; &#8212; LegnanoNews\" frameborder=\"0\" marginwidth=\"0\" marginheight=\"0\" scrolling=\"no\"><\/iframe>","_oembed_time_5b13308887cbee54363d9f93dcfc6a54":"1657953964","_oembed_37846af0602afe0146d80138e626802c":"<blockquote class=\"wp-embedded-content\" data-secret=\"Jwr68BuR9V\"><a href=\"https:\/\/www.varesenews.it\/2022\/07\/pietro-ottaviani-presenta-la-giunta-cassano-magnago-savogin-vicesindaca\/1480772\/\">Pietro Ottaviani presenta la giunta di Cassano Magnago: Luisa Savogin vicesindaco<\/a><\/blockquote><iframe class=\"wp-embedded-content\" sandbox=\"allow-scripts\" security=\"restricted\" style=\"position: absolute; clip: rect(1px, 1px, 1px, 1px);\" src=\"https:\/\/www.varesenews.it\/2022\/07\/pietro-ottaviani-presenta-la-giunta-cassano-magnago-savogin-vicesindaca\/1480772\/embed\/#?secret=Jwr68BuR9V\" data-secret=\"Jwr68BuR9V\" width=\"500\" height=\"282\" title=\"&#8220;Pietro Ottaviani presenta la giunta di Cassano Magnago: Luisa Savogin vicesindaco&#8221; &#8212; VareseNews\" frameborder=\"0\" marginwidth=\"0\" marginheight=\"0\" scrolling=\"no\"><\/iframe>","_oembed_time_37846af0602afe0146d80138e626802c":"1657953965","_oembed_668089ccef8e51e7a902148a648865d9":"<blockquote class=\"wp-embedded-content\" data-secret=\"Fn2DWe6aSw\"><a href=\"https:\/\/www.varesenews.it\/2022\/06\/ottaviani-indossa-la-fascia-tricolore-sara-consiglio-comunale-cassano\/1476919\/\">Ottaviani indossa la fascia tricolore. Ecco come sar\u00e0 il consiglio comunale di Cassano<\/a><\/blockquote><iframe class=\"wp-embedded-content\" sandbox=\"allow-scripts\" security=\"restricted\" style=\"position: absolute; clip: rect(1px, 1px, 1px, 1px);\" src=\"https:\/\/www.varesenews.it\/2022\/06\/ottaviani-indossa-la-fascia-tricolore-sara-consiglio-comunale-cassano\/1476919\/embed\/#?secret=Fn2DWe6aSw\" data-secret=\"Fn2DWe6aSw\" width=\"500\" height=\"282\" title=\"&#8220;Ottaviani indossa la fascia tricolore. Ecco come sar\u00e0 il consiglio comunale di Cassano&#8221; &#8212; VareseNews\" frameborder=\"0\" marginwidth=\"0\" marginheight=\"0\" scrolling=\"no\"><\/iframe>","_oembed_time_668089ccef8e51e7a902148a648865d9":"1657953965"},"photos":[{"original":"https:\/\/staging.varesenews.it\/photogallery_new\/images\/2016\/06\/lavori-in-corso-autostrada-a8-solbiate-arno-cantiere-549120.jpg","full":"https:\/\/staging.varesenews.it\/photogallery_new\/images\/2016\/06\/lavori-in-corso-autostrada-a8-solbiate-arno-cantiere-549120.1024x768.jpg","large":"https:\/\/staging.varesenews.it\/photogallery_new\/images\/2016\/06\/lavori-in-corso-autostrada-a8-solbiate-arno-cantiere-549120.610x431.jpg"}],"_links":{"self":[{"href":"https:\/\/staging.varesenews.it\/swgapi\/v1\/wp\/v2\/posts\/1483327"}],"collection":[{"href":"https:\/\/staging.varesenews.it\/swgapi\/v1\/wp\/v2\/posts"}],"about":[{"href":"https:\/\/staging.varesenews.it\/swgapi\/v1\/wp\/v2\/types\/post"}],"author":[{"embeddable":true,"href":"https:\/\/staging.varesenews.it\/swgapi\/v1\/wp\/v2\/users\/51"}],"replies":[{"embeddable":true,"href":"https:\/\/staging.varesenews.it\/swgapi\/v1\/wp\/v2\/comments?post=1483327"}],"version-history":[{"count":0,"href":"https:\/\/staging.varesenews.it\/swgapi\/v1\/wp\/v2\/posts\/1483327\/revisions"}],"wp:attachment":[{"href":"https:\/\/staging.varesenews.it\/swgapi\/v1\/wp\/v2\/media?parent=1483327"}],"wp:term":[{"taxonomy":"category","embeddable":true,"href":"https:\/\/staging.varesenews.it\/swgapi\/v1\/wp\/v2\/categories?post=1483327"},{"taxonomy":"post_tag","embeddable":true,"href":"https:\/\/staging.varesenews.it\/swgapi\/v1\/wp\/v2\/tags?post=1483327"}],"curies":[{"name":"wp","href":"https:\/\/api.w.org\/{rel}","templated":true}]}}