{"id":1486977,"date":"2022-07-29T20:12:46","date_gmt":"2022-07-29T18:12:46","guid":{"rendered":"https:\/\/www.varesenews.it\/?p=1486977"},"modified":"2022-07-29T20:44:45","modified_gmt":"2022-07-29T18:44:45","slug":"niccolo-invidia-lascia-movimento-5-stelle-distrutto","status":"publish","type":"post","link":"https:\/\/staging.varesenews.it\/2022\/07\/niccolo-invidia-lascia-movimento-5-stelle-distrutto\/1486977\/","title":{"rendered":"Niccol\u00f2 Invidia lascia il Movimento 5 Stelle. &#8220;Hanno distrutto tutto&#8221;"},"content":{"rendered":"<p><strong>\u00abLa delusione \u00e8 tanta<\/strong> e oggi non voglio pi\u00f9 essere associato a quel partito, anche in questa ultima settimana in cui voteremo\u00bb.\u00a0<strong>Niccol\u00f2 Invidia<\/strong>, deputato varesino del Movimento 5 Stelle, ha deciso di lasciare. Il M5S di oggi gli va stretto e <strong>non nasconde delusione e amarezza<\/strong>.<\/p>\n<p>\u00abFinisce un&#8217;esperienza di dieci anni. Era tanto tempo che il partito assumeva decisioni discutibili e che mi mettevano in difficolt\u00e0: <strong>ogni volta sembrava di toccare il fondo e ogni volta si andava sempre <a href=\"https:\/\/www.varesenews.it\/2022\/06\/m5s-si-spacca-invidia-partito-titanic-rispetto-tutti-non-seguiro-maio\/1475166\/\">pi\u00f9 a fondo<\/a><\/strong>. Ma ora basta: non voglio pi\u00f9 essere associato a quella esperienza.\u00a0<strong>Decisione scellerata e gravissima quella di affossare il governo Draghi.<\/strong> <strong>Hanno distrutto un\u2019esperienza intera<\/strong>, hanno distrutto tutto dal punto di vista elettorale ma anche etico e morale. Dopo il 25 settembre mi aspetterei le dimissioni di presidente e dei vicepresidenti, ma sono certo che questo non avverr\u00e0\u00bb.<\/p>\n<p><em><strong>Niccol\u00f2 Invidia rinuncia dunque alla politica?<\/strong><\/em><\/p>\n<p>\u00abNon so se questa \u00e8 la conclusione di una esperienza, io ho sempre detto che volevo essere pi\u00f9 cose nella vita. Ho sempre vissuto la politica come un modo per fare qualcosa di buono e utile per la collettivit\u00e0, anche se questo di rado \u00e8 possibile in Italia. Ora voglio dedicarmi ad altro sul piano privato ma anche sul piano pubblico. Vedo anche esperienze in formazione,<strong> iniziative che possono dare una rappresentanza ad un\u2019idea liberale e innovativa della politica.<\/strong> Da questo punto di vista le elezioni arrivano davvero inattese, mentre tanti progetti stavano maturando e ci sono anche forze appena costituite che devono raccogliere le firme in piena estate\u00bb.<\/p>\n<p><em><strong>A quali partiti o movimenti pensa? Perch\u00e9 nel Movimento 5 Stelle ci sono tante culture politiche diverse\u2026<\/strong><\/em><\/p>\n<p>\u00abHo sempre detto che il Movimento 5 Stelle era un caleidoscopio, ognuno ci vedeva qualcosa di diverso, oggi c\u2019\u00e8 chi lo vede come un partito di sinistra: \u00e8 davvero <strong>triste vedere un partito che si definisce sulla base delle decisioni altrui<\/strong>, dopo che il Pd ha negato l\u2019alleanza. Per rispondere alla domanda, oggi <strong>mi pare interessante l\u2019esperienza di Lista Civica Nazionale<\/strong>\u00bb.<br \/>\nVale a dire <a href=\"https:\/\/www.adnkronos.com\/elezioni-2022-pizzarotti-lancia-la-lista-civica-nazionale_6JZ9wpLTBWOTTkHmg7Mz7C\" target=\"_blank\" rel=\"noopener\">il movimento lanciato da Federico Pizzarotti<\/a>. Il primo sindaco di capoluogo eletto dal Movimento e anche tra i primi ad essere critico e a finire espulso.<\/p>\n","protected":false},"excerpt":{"rendered":"<p>Il deputato varesino, critico con le decisioni assunte dal Movimento, ha deciso di lasciare: &#8220;Decisione scellerata e gravissima quella di affossare il governo Draghi&#8221;<\/p>\n","protected":false},"author":44,"featured_media":0,"comment_status":"open","ping_status":"open","sticky":false,"template":"","format":"standard","meta":{"footnotes":""},"categories":[16,2],"tags":[933],"acf":[],"yoast_head":"<!-- This site is optimized with the Yoast SEO plugin v20.1 - https:\/\/yoast.com\/wordpress\/plugins\/seo\/ -->\n<title>Niccol\u00f2 Invidia lascia il Movimento 5 Stelle. &quot;Hanno distrutto tutto&quot;<\/title>\n<meta name=\"description\" content=\"Il deputato varesino, critico con le decisioni assunte dal Movimento, ha deciso di lasciare: &quot;Decisione scellerata e gravissima quella di affossare il governo Draghi&quot;\" \/>\n<meta name=\"robots\" content=\"noindex, follow, max-snippet:-1, max-image-preview:large, max-video-preview:-1\" \/>\n<meta property=\"og:locale\" content=\"it_IT\" \/>\n<meta property=\"og:type\" content=\"article\" \/>\n<meta property=\"og:title\" content=\"Niccol\u00f2 Invidia lascia il Movimento 5 Stelle. &quot;Hanno distrutto tutto&quot;\" \/>\n<meta property=\"og:description\" content=\"Il deputato varesino, critico con le decisioni assunte dal Movimento, ha deciso di lasciare: &quot;Decisione scellerata e gravissima quella di affossare il governo Draghi&quot;\" \/>\n<meta property=\"og:url\" content=\"https:\/\/staging.varesenews.it\/2022\/07\/niccolo-invidia-lascia-movimento-5-stelle-distrutto\/1486977\/\" \/>\n<meta property=\"og:site_name\" content=\"VareseNews\" \/>\n<meta property=\"article:publisher\" content=\"https:\/\/www.facebook.com\/varesenews\" \/>\n<meta property=\"article:author\" content=\"https:\/\/www.facebook.com\/mariangela.gerletti\" \/>\n<meta property=\"article:published_time\" content=\"2022-07-29T18:12:46+00:00\" \/>\n<meta property=\"article:modified_time\" content=\"2022-07-29T18:44:45+00:00\" \/>\n<meta name=\"author\" content=\"Mariangela Gerletti\" \/>\n<meta name=\"twitter:card\" content=\"summary_large_image\" \/>\n<meta name=\"twitter:creator\" content=\"@MariGerletti\" \/>\n<meta name=\"twitter:site\" content=\"@varesenews\" \/>\n<meta name=\"twitter:label1\" content=\"Scritto da\" \/>\n\t<meta name=\"twitter:data1\" content=\"Mariangela Gerletti\" \/>\n\t<meta name=\"twitter:label2\" content=\"Tempo di lettura stimato\" \/>\n\t<meta name=\"twitter:data2\" content=\"2 minuti\" \/>\n<script type=\"application\/ld+json\" class=\"yoast-schema-graph\">{\"@context\":\"https:\/\/schema.org\",\"@graph\":[{\"@type\":\"WebPage\",\"@id\":\"https:\/\/staging.varesenews.it\/2022\/07\/niccolo-invidia-lascia-movimento-5-stelle-distrutto\/1486977\/\",\"url\":\"https:\/\/staging.varesenews.it\/2022\/07\/niccolo-invidia-lascia-movimento-5-stelle-distrutto\/1486977\/\",\"name\":\"Niccol\u00f2 Invidia lascia il Movimento 5 Stelle. \\\"Hanno distrutto tutto\\\"\",\"isPartOf\":{\"@id\":\"https:\/\/staging.varesenews.it\/#website\"},\"datePublished\":\"2022-07-29T18:12:46+00:00\",\"dateModified\":\"2022-07-29T18:44:45+00:00\",\"author\":{\"@id\":\"https:\/\/staging.varesenews.it\/#\/schema\/person\/14f52876ea19bc10d0d2717b6e8f9b89\"},\"description\":\"Il deputato varesino, critico con le decisioni assunte dal Movimento, ha deciso di lasciare: \\\"Decisione scellerata e gravissima quella di affossare il governo Draghi\\\"\",\"breadcrumb\":{\"@id\":\"https:\/\/staging.varesenews.it\/2022\/07\/niccolo-invidia-lascia-movimento-5-stelle-distrutto\/1486977\/#breadcrumb\"},\"inLanguage\":\"it-IT\",\"potentialAction\":[{\"@type\":\"ReadAction\",\"target\":[\"https:\/\/staging.varesenews.it\/2022\/07\/niccolo-invidia-lascia-movimento-5-stelle-distrutto\/1486977\/\"]}]},{\"@type\":\"BreadcrumbList\",\"@id\":\"https:\/\/staging.varesenews.it\/2022\/07\/niccolo-invidia-lascia-movimento-5-stelle-distrutto\/1486977\/#breadcrumb\",\"itemListElement\":[{\"@type\":\"ListItem\",\"position\":1,\"name\":\"Home\",\"item\":\"https:\/\/www.varesenews.it\/\"},{\"@type\":\"ListItem\",\"position\":2,\"name\":\"Niccol\u00f2 Invidia lascia il Movimento 5 Stelle. &#8220;Hanno distrutto tutto&#8221;\"}]},{\"@type\":\"WebSite\",\"@id\":\"https:\/\/staging.varesenews.it\/#website\",\"url\":\"https:\/\/staging.varesenews.it\/\",\"name\":\"VareseNews\",\"description\":\"\",\"potentialAction\":[{\"@type\":\"SearchAction\",\"target\":{\"@type\":\"EntryPoint\",\"urlTemplate\":\"https:\/\/staging.varesenews.it\/?s={search_term_string}\"},\"query-input\":\"required name=search_term_string\"}],\"inLanguage\":\"it-IT\"},{\"@type\":\"Person\",\"@id\":\"https:\/\/staging.varesenews.it\/#\/schema\/person\/14f52876ea19bc10d0d2717b6e8f9b89\",\"name\":\"Mariangela Gerletti\",\"image\":{\"@type\":\"ImageObject\",\"inLanguage\":\"it-IT\",\"@id\":\"https:\/\/staging.varesenews.it\/#\/schema\/person\/image\/\",\"url\":\"https:\/\/staging.varesenews.it\/wp-content\/uploads\/2020\/12\/mariangela.jpeg\",\"contentUrl\":\"https:\/\/staging.varesenews.it\/wp-content\/uploads\/2020\/12\/mariangela.jpeg\",\"caption\":\"Mariangela Gerletti\"},\"description\":\"Da pi&ugrave; di trent'anni mi occupo di giornalismo e comunicazione Varesenews &egrave; il luogo dove ho trovato la passione, l'attenzione e le persone che ogni giorno mi fanno amare un po' di pi&ugrave; questo lavoro di cui non mi stanco mai. Far parte della redazione di Varesenews &egrave; un onore, sostenere il progetto della membership &egrave; un piacere perch&eacute; mi fa sentire ancora pi&ugrave; vicina alla grande comunit&agrave; dei nostri lettori.\",\"sameAs\":[\"https:\/\/www.facebook.com\/mariangela.gerletti\",\"marigerletti\",\"https:\/\/twitter.com\/MariGerletti\"],\"url\":\"https:\/\/staging.varesenews.it\/persona\/mariangela-gerletti1\/\"}]}<\/script>\n<!-- \/ Yoast SEO plugin. -->","yoast_head_json":{"title":"Niccol\u00f2 Invidia lascia il Movimento 5 Stelle. \"Hanno distrutto tutto\"","description":"Il deputato varesino, critico con le decisioni assunte dal Movimento, ha deciso di lasciare: \"Decisione scellerata e gravissima quella di affossare il governo Draghi\"","robots":{"index":"noindex","follow":"follow","max-snippet":"max-snippet:-1","max-image-preview":"max-image-preview:large","max-video-preview":"max-video-preview:-1"},"og_locale":"it_IT","og_type":"article","og_title":"Niccol\u00f2 Invidia lascia il Movimento 5 Stelle. \"Hanno distrutto tutto\"","og_description":"Il deputato varesino, critico con le decisioni assunte dal Movimento, ha deciso di lasciare: \"Decisione scellerata e gravissima quella di affossare il governo Draghi\"","og_url":"https:\/\/staging.varesenews.it\/2022\/07\/niccolo-invidia-lascia-movimento-5-stelle-distrutto\/1486977\/","og_site_name":"VareseNews","article_publisher":"https:\/\/www.facebook.com\/varesenews","article_author":"https:\/\/www.facebook.com\/mariangela.gerletti","article_published_time":"2022-07-29T18:12:46+00:00","article_modified_time":"2022-07-29T18:44:45+00:00","author":"Mariangela Gerletti","twitter_card":"summary_large_image","twitter_creator":"@MariGerletti","twitter_site":"@varesenews","twitter_misc":{"Scritto da":"Mariangela Gerletti","Tempo di lettura stimato":"2 minuti"},"schema":{"@context":"https:\/\/schema.org","@graph":[{"@type":"WebPage","@id":"https:\/\/staging.varesenews.it\/2022\/07\/niccolo-invidia-lascia-movimento-5-stelle-distrutto\/1486977\/","url":"https:\/\/staging.varesenews.it\/2022\/07\/niccolo-invidia-lascia-movimento-5-stelle-distrutto\/1486977\/","name":"Niccol\u00f2 Invidia lascia il Movimento 5 Stelle. \"Hanno distrutto tutto\"","isPartOf":{"@id":"https:\/\/staging.varesenews.it\/#website"},"datePublished":"2022-07-29T18:12:46+00:00","dateModified":"2022-07-29T18:44:45+00:00","author":{"@id":"https:\/\/staging.varesenews.it\/#\/schema\/person\/14f52876ea19bc10d0d2717b6e8f9b89"},"description":"Il deputato varesino, critico con le decisioni assunte dal Movimento, ha deciso di lasciare: \"Decisione scellerata e gravissima quella di affossare il governo Draghi\"","breadcrumb":{"@id":"https:\/\/staging.varesenews.it\/2022\/07\/niccolo-invidia-lascia-movimento-5-stelle-distrutto\/1486977\/#breadcrumb"},"inLanguage":"it-IT","potentialAction":[{"@type":"ReadAction","target":["https:\/\/staging.varesenews.it\/2022\/07\/niccolo-invidia-lascia-movimento-5-stelle-distrutto\/1486977\/"]}]},{"@type":"BreadcrumbList","@id":"https:\/\/staging.varesenews.it\/2022\/07\/niccolo-invidia-lascia-movimento-5-stelle-distrutto\/1486977\/#breadcrumb","itemListElement":[{"@type":"ListItem","position":1,"name":"Home","item":"https:\/\/www.varesenews.it\/"},{"@type":"ListItem","position":2,"name":"Niccol\u00f2 Invidia lascia il Movimento 5 Stelle. &#8220;Hanno distrutto tutto&#8221;"}]},{"@type":"WebSite","@id":"https:\/\/staging.varesenews.it\/#website","url":"https:\/\/staging.varesenews.it\/","name":"VareseNews","description":"","potentialAction":[{"@type":"SearchAction","target":{"@type":"EntryPoint","urlTemplate":"https:\/\/staging.varesenews.it\/?s={search_term_string}"},"query-input":"required name=search_term_string"}],"inLanguage":"it-IT"},{"@type":"Person","@id":"https:\/\/staging.varesenews.it\/#\/schema\/person\/14f52876ea19bc10d0d2717b6e8f9b89","name":"Mariangela Gerletti","image":{"@type":"ImageObject","inLanguage":"it-IT","@id":"https:\/\/staging.varesenews.it\/#\/schema\/person\/image\/","url":"https:\/\/staging.varesenews.it\/wp-content\/uploads\/2020\/12\/mariangela.jpeg","contentUrl":"https:\/\/staging.varesenews.it\/wp-content\/uploads\/2020\/12\/mariangela.jpeg","caption":"Mariangela Gerletti"},"description":"Da pi&ugrave; di trent'anni mi occupo di giornalismo e comunicazione Varesenews &egrave; il luogo dove ho trovato la passione, l'attenzione e le persone che ogni giorno mi fanno amare un po' di pi&ugrave; questo lavoro di cui non mi stanco mai. Far parte della redazione di Varesenews &egrave; un onore, sostenere il progetto della membership &egrave; un piacere perch&eacute; mi fa sentire ancora pi&ugrave; vicina alla grande comunit&agrave; dei nostri lettori.","sameAs":["https:\/\/www.facebook.com\/mariangela.gerletti","marigerletti","https:\/\/twitter.com\/MariGerletti"],"url":"https:\/\/staging.varesenews.it\/persona\/mariangela-gerletti1\/"}]}},"post_meta":{"content-image-gallery":"","_edit_lock":"1659140165:46","_edit_last":"46","_category_permalink":"a:1:{s:8:\"category\";s:0:\"\";}","foto":"1274970","_yoast_wpseo_content_score":"30","_jd_tweet_this":"yes","firma-personalizzata":"Roberto Morandi","argomento":"Varese","_yoast_wpseo_focuskw_text_input":"invidia","_yoast_wpseo_focuskw":"invidia","_yoast_wpseo_linkdex":"74","_encloseme":"1","ratings_users":"0","ratings_score":"0","ratings_average":"0","_wpt_short_url":"https:\/\/www.varesenews.it\/2022\/07\/niccolo-invidia-lascia-movimento-5-stelle-distrutto\/1486977\/","_wp_jd_target":"https:\/\/www.varesenews.it\/2022\/07\/niccolo-invidia-lascia-movimento-5-stelle-distrutto\/1486977\/","_jd_wp_twitter":"a:1:{i:0;s:170:\"Niccol\u00f2 Invidia lascia il Movimento 5 Stelle. \u201cHanno distrutto tutto\u201d https:\/\/www.varesenews.it\/2022\/07\/niccolo-invidia-lascia-movimento-5-stelle-distrutto\/1486977\/ \";}","_wpt_status_message":"Tweet inviato con successo.","_oembed_0d4396faeca432fda4b993ee7961933d":"<iframe width=\"500\" height=\"375\" src=\"https:\/\/www.youtube.com\/embed\/NrVbcoktxWg?start=1&feature=oembed\" frameborder=\"0\" allow=\"accelerometer; autoplay; clipboard-write; encrypted-media; gyroscope; picture-in-picture\" allowfullscreen title=\"\"Qui ad Acciaroli siamo leghisti\"\"><\/iframe>","_oembed_time_0d4396faeca432fda4b993ee7961933d":"1659118610","_oembed_99e97f4d5d42d3b5dd00c3fc8794cb3d":"<iframe width=\"500\" height=\"281\" src=\"https:\/\/www.youtube.com\/embed\/videoseries?list=OLAK5uy_khfpVg170ElLnbKxm2ydvxu84BJOIKSRQ\" frameborder=\"0\" allow=\"accelerometer; autoplay; clipboard-write; encrypted-media; gyroscope; picture-in-picture\" allowfullscreen><\/iframe>","_oembed_time_99e97f4d5d42d3b5dd00c3fc8794cb3d":"1659118611","_oembed_c51b924afff02a3797b6327f70e56128":"<blockquote class=\"wp-embedded-content\" data-secret=\"pSmoPG3gky\"><a href=\"https:\/\/www.varesenews.it\/2022\/04\/scoiattoli-alieni-valcuvia-espansione-verso-varese-citta-valganna\/1444556\/\">Scoiattoli alieni in Valcuvia, in espansione verso Varese citt\u00e0 e Valganna<\/a><\/blockquote><iframe class=\"wp-embedded-content\" sandbox=\"allow-scripts\" security=\"restricted\" style=\"position: absolute; clip: rect(1px, 1px, 1px, 1px);\" src=\"https:\/\/www.varesenews.it\/2022\/04\/scoiattoli-alieni-valcuvia-espansione-verso-varese-citta-valganna\/1444556\/embed\/#?secret=pSmoPG3gky\" data-secret=\"pSmoPG3gky\" width=\"500\" height=\"282\" title=\"&#8220;Scoiattoli alieni in Valcuvia, in espansione verso Varese citt\u00e0 e Valganna&#8221; &#8212; VareseNews\" frameborder=\"0\" marginwidth=\"0\" marginheight=\"0\" scrolling=\"no\"><\/iframe>","_oembed_time_c51b924afff02a3797b6327f70e56128":"1659118611","_oembed_c8a6f0ba3096e4b489537052cb954979":"<blockquote class=\"wp-embedded-content\" data-secret=\"1LWzjjuGXV\"><a href=\"https:\/\/www.varesenews.it\/2018\/05\/lo-stress-dello-scoiattolo-rosso-colpa-dei-cugini-americani\/719659\/\">Lo stress dello scoiattolo rosso? \u00abColpa dei cugini americani\u00bb<\/a><\/blockquote><iframe class=\"wp-embedded-content\" sandbox=\"allow-scripts\" security=\"restricted\" style=\"position: absolute; clip: rect(1px, 1px, 1px, 1px);\" src=\"https:\/\/www.varesenews.it\/2018\/05\/lo-stress-dello-scoiattolo-rosso-colpa-dei-cugini-americani\/719659\/embed\/#?secret=1LWzjjuGXV\" data-secret=\"1LWzjjuGXV\" width=\"500\" height=\"282\" title=\"&#8220;Lo stress dello scoiattolo rosso? \u00abColpa dei cugini americani\u00bb&#8221; &#8212; VareseNews\" frameborder=\"0\" marginwidth=\"0\" marginheight=\"0\" scrolling=\"no\"><\/iframe>","_oembed_time_c8a6f0ba3096e4b489537052cb954979":"1659118611","_oembed_b1d7026cf34d43ea54d664670eaef677":"<blockquote class=\"wp-embedded-content\" data-secret=\"HEJWslbr2b\"><a href=\"https:\/\/www.varesenews.it\/2022\/07\/mercato-amichevoli-novita-conferme-della-openjobmetis-pallacanestro-varese-2022-23\/1482142\/\">Mercato, amichevoli, novit\u00e0 e conferme della Openjobmetis Pallacanestro Varese 2022-23<\/a><\/blockquote><iframe class=\"wp-embedded-content\" sandbox=\"allow-scripts\" security=\"restricted\" style=\"position: absolute; clip: rect(1px, 1px, 1px, 1px);\" src=\"https:\/\/www.varesenews.it\/2022\/07\/mercato-amichevoli-novita-conferme-della-openjobmetis-pallacanestro-varese-2022-23\/1482142\/embed\/#?secret=HEJWslbr2b\" data-secret=\"HEJWslbr2b\" width=\"500\" height=\"282\" title=\"&#8220;Mercato, amichevoli, novit\u00e0 e conferme della Openjobmetis Pallacanestro Varese 2022-23&#8221; &#8212; VareseNews\" frameborder=\"0\" marginwidth=\"0\" marginheight=\"0\" scrolling=\"no\"><\/iframe>","_oembed_time_b1d7026cf34d43ea54d664670eaef677":"1659118611","_oembed_40281d9b1069809545c4b63e4ccc68b5":"<blockquote class=\"wp-embedded-content\" data-secret=\"X8EoY4eGgz\"><a href=\"https:\/\/www.varesenews.it\/2022\/07\/tutta-la-minoranza-abbandona-consiglio-varese-buttato-allaria-patto-capigruppo-la-maggioranza-inaffidabile\/1485956\/\">La minoranza abbandona il consiglio comunale di Varese, salta la seduta fiume<\/a><\/blockquote><iframe class=\"wp-embedded-content\" sandbox=\"allow-scripts\" security=\"restricted\" style=\"position: absolute; clip: rect(1px, 1px, 1px, 1px);\" src=\"https:\/\/www.varesenews.it\/2022\/07\/tutta-la-minoranza-abbandona-consiglio-varese-buttato-allaria-patto-capigruppo-la-maggioranza-inaffidabile\/1485956\/embed\/#?secret=X8EoY4eGgz\" data-secret=\"X8EoY4eGgz\" width=\"500\" height=\"282\" title=\"&#8220;La minoranza abbandona il consiglio comunale di Varese, salta la seduta fiume&#8221; &#8212; VareseNews\" frameborder=\"0\" marginwidth=\"0\" marginheight=\"0\" scrolling=\"no\"><\/iframe>","_oembed_time_40281d9b1069809545c4b63e4ccc68b5":"1659118614","_oembed_6d12a44519da50d026e3e4715e67a691":"<iframe width=\"500\" height=\"281\" src=\"https:\/\/www.youtube.com\/embed\/568PpsH08Us?feature=oembed\" frameborder=\"0\" allow=\"accelerometer; autoplay; clipboard-write; encrypted-media; gyroscope; picture-in-picture\" allowfullscreen title=\"Chiara Robustellini | Generazione Azzurra\"><\/iframe>","_oembed_time_6d12a44519da50d026e3e4715e67a691":"1659118615","_oembed_a2623896677f29d04d5707733b1c3b3e":"{{unknown}}","_oembed_ddf0949054028556fd2377823d87a324":"<blockquote class=\"wp-embedded-content\" data-secret=\"4dCY80BlDi\"><a href=\"https:\/\/www.varesenews.it\/2022\/07\/alla-seconda-seduta-salta-consiglio-comunale-cassano-magnago-rinviato-bilancio\/1486660\/\">Alla seconda seduta salta il consiglio comunale di Cassano Magnago, rinviato il bilancio<\/a><\/blockquote><iframe class=\"wp-embedded-content\" sandbox=\"allow-scripts\" security=\"restricted\" style=\"position: absolute; clip: rect(1px, 1px, 1px, 1px);\" src=\"https:\/\/www.varesenews.it\/2022\/07\/alla-seconda-seduta-salta-consiglio-comunale-cassano-magnago-rinviato-bilancio\/1486660\/embed\/#?secret=4dCY80BlDi\" data-secret=\"4dCY80BlDi\" width=\"500\" height=\"282\" title=\"&#8220;Alla seconda seduta salta il consiglio comunale di Cassano Magnago, rinviato il bilancio&#8221; &#8212; VareseNews\" frameborder=\"0\" marginwidth=\"0\" marginheight=\"0\" scrolling=\"no\"><\/iframe>","_oembed_time_ddf0949054028556fd2377823d87a324":"1659118615","_oembed_e07b3b92d26f4bfdc1e56679c7d65051":"<blockquote class=\"wp-embedded-content\" data-secret=\"dPfr82R9vA\"><a href=\"https:\/\/www.varesenews.it\/2022\/07\/eventi-bambini-nel-weekend-del-22-23-24-luglio-varese-provincia\/1484875\/\">Eventi per bambini nel weekend del 22, 23 e 24 luglio tra Varese e provincia<\/a><\/blockquote><iframe class=\"wp-embedded-content\" sandbox=\"allow-scripts\" security=\"restricted\" style=\"position: absolute; clip: rect(1px, 1px, 1px, 1px);\" src=\"https:\/\/www.varesenews.it\/2022\/07\/eventi-bambini-nel-weekend-del-22-23-24-luglio-varese-provincia\/1484875\/embed\/#?secret=dPfr82R9vA\" data-secret=\"dPfr82R9vA\" width=\"500\" height=\"282\" title=\"&#8220;Eventi per bambini nel weekend del 22, 23 e 24 luglio tra Varese e provincia&#8221; &#8212; VareseNews\" frameborder=\"0\" marginwidth=\"0\" marginheight=\"0\" scrolling=\"no\"><\/iframe>","_oembed_time_e07b3b92d26f4bfdc1e56679c7d65051":"1659119072","_oembed_23c3f30c65bb7b1ae49472d3262b3327":"<blockquote class=\"wp-embedded-content\" data-secret=\"9t84K1EKgj\"><a href=\"https:\/\/www.varesenews.it\/notizie-sponsorizzate\/pinsa-hamburger-fritti-mare-musica-sbevizzola-inaugura-lestate\/\">Pinsa, hamburger, fritti di mare e musica: Sbevizzola inaugura l&#8217;estate<\/a><\/blockquote><iframe class=\"wp-embedded-content\" sandbox=\"allow-scripts\" security=\"restricted\" style=\"position: absolute; clip: rect(1px, 1px, 1px, 1px);\" src=\"https:\/\/www.varesenews.it\/notizie-sponsorizzate\/pinsa-hamburger-fritti-mare-musica-sbevizzola-inaugura-lestate\/embed\/#?secret=9t84K1EKgj\" data-secret=\"9t84K1EKgj\" width=\"500\" height=\"282\" title=\"&#8220;Pinsa, hamburger, fritti di mare e musica: Sbevizzola inaugura l&#8217;estate&#8221; &#8212; VareseNews\" frameborder=\"0\" marginwidth=\"0\" marginheight=\"0\" scrolling=\"no\"><\/iframe>","_oembed_time_23c3f30c65bb7b1ae49472d3262b3327":"1659120105","_oembed_5dd5e7e3771db84844c524d66a11e71a":"<blockquote class=\"wp-embedded-content\" data-secret=\"lURue8iIyb\"><a href=\"https:\/\/www.varesenews.it\/2022\/07\/comune-varese-potenzia-sostegno-ai-servizi-educativi-250-000-euro-piu-la-fascia-0-6\/1485913\/\">Il Comune di Varese potenzia il sostegno ai servizi educativi: 250.000 euro in pi\u00f9 per la fascia 0-6<\/a><\/blockquote><iframe class=\"wp-embedded-content\" sandbox=\"allow-scripts\" security=\"restricted\" style=\"position: absolute; clip: rect(1px, 1px, 1px, 1px);\" src=\"https:\/\/www.varesenews.it\/2022\/07\/comune-varese-potenzia-sostegno-ai-servizi-educativi-250-000-euro-piu-la-fascia-0-6\/1485913\/embed\/#?secret=lURue8iIyb\" data-secret=\"lURue8iIyb\" width=\"500\" height=\"282\" title=\"&#8220;Il Comune di Varese potenzia il sostegno ai servizi educativi: 250.000 euro in pi\u00f9 per la fascia 0-6&#8221; &#8212; VareseNews\" frameborder=\"0\" marginwidth=\"0\" marginheight=\"0\" scrolling=\"no\"><\/iframe>","_oembed_time_5dd5e7e3771db84844c524d66a11e71a":"1659120105","_oembed_7d1a27e5efa118a61a96e197776a86d0":"<iframe width=\"500\" height=\"375\" src=\"https:\/\/www.youtube.com\/embed\/vEvwdkYqoFQ?feature=oembed\" frameborder=\"0\" allow=\"accelerometer; autoplay; clipboard-write; encrypted-media; gyroscope; picture-in-picture\" allowfullscreen title=\"Alfa ottiene 75 milioni di euro dalla BEI per ridurre le perdite d'acqua\"><\/iframe>","_oembed_time_7d1a27e5efa118a61a96e197776a86d0":"1659120105","_oembed_dc560e658fcada6b00008fbf79d85664":"<blockquote class=\"wp-embedded-content\" data-secret=\"OWjpY2QGQy\"><a href=\"https:\/\/www.varesenews.it\/2022\/07\/linus-parla-del-village-diretta-radio-deejay-la-violenza-giovanile-un-tema-nazionale\/1485901\/\">Linus parla del Village in diretta su Radio Deejay: &#8220;La violenza giovanile \u00e8 un tema nazionale&#8221;<\/a><\/blockquote><iframe class=\"wp-embedded-content\" sandbox=\"allow-scripts\" security=\"restricted\" style=\"position: absolute; clip: rect(1px, 1px, 1px, 1px);\" src=\"https:\/\/www.varesenews.it\/2022\/07\/linus-parla-del-village-diretta-radio-deejay-la-violenza-giovanile-un-tema-nazionale\/1485901\/embed\/#?secret=OWjpY2QGQy\" data-secret=\"OWjpY2QGQy\" width=\"500\" height=\"282\" title=\"&#8220;Linus parla del Village in diretta su Radio Deejay: &#8220;La violenza giovanile \u00e8 un tema nazionale&#8221;&#8221; &#8212; VareseNews\" frameborder=\"0\" marginwidth=\"0\" marginheight=\"0\" scrolling=\"no\"><\/iframe>","_oembed_time_dc560e658fcada6b00008fbf79d85664":"1659120161"},"photos":[{"original":"https:\/\/staging.varesenews.it\/photogallery_new\/images\/2022\/01\/niccolo-invidia-1274970.jpg","full":"https:\/\/staging.varesenews.it\/photogallery_new\/images\/2022\/01\/niccolo-invidia-1274970.1024x768.jpg","large":"https:\/\/staging.varesenews.it\/photogallery_new\/images\/2022\/01\/niccolo-invidia-1274970.610x431.jpg"}],"_links":{"self":[{"href":"https:\/\/staging.varesenews.it\/swgapi\/v1\/wp\/v2\/posts\/1486977"}],"collection":[{"href":"https:\/\/staging.varesenews.it\/swgapi\/v1\/wp\/v2\/posts"}],"about":[{"href":"https:\/\/staging.varesenews.it\/swgapi\/v1\/wp\/v2\/types\/post"}],"author":[{"embeddable":true,"href":"https:\/\/staging.varesenews.it\/swgapi\/v1\/wp\/v2\/users\/44"}],"replies":[{"embeddable":true,"href":"https:\/\/staging.varesenews.it\/swgapi\/v1\/wp\/v2\/comments?post=1486977"}],"version-history":[{"count":0,"href":"https:\/\/staging.varesenews.it\/swgapi\/v1\/wp\/v2\/posts\/1486977\/revisions"}],"wp:attachment":[{"href":"https:\/\/staging.varesenews.it\/swgapi\/v1\/wp\/v2\/media?parent=1486977"}],"wp:term":[{"taxonomy":"category","embeddable":true,"href":"https:\/\/staging.varesenews.it\/swgapi\/v1\/wp\/v2\/categories?post=1486977"},{"taxonomy":"post_tag","embeddable":true,"href":"https:\/\/staging.varesenews.it\/swgapi\/v1\/wp\/v2\/tags?post=1486977"}],"curies":[{"name":"wp","href":"https:\/\/api.w.org\/{rel}","templated":true}]}}