{"id":1488812,"date":"2022-08-06T10:00:40","date_gmt":"2022-08-06T08:00:40","guid":{"rendered":"https:\/\/www.varesenews.it\/?p=1488812"},"modified":"2022-08-07T15:05:23","modified_gmt":"2022-08-07T13:05:23","slug":"padre-figlio-bicicletta-comerio-venezia","status":"publish","type":"post","link":"https:\/\/staging.varesenews.it\/2022\/08\/padre-figlio-bicicletta-comerio-venezia\/1488812\/","title":{"rendered":"Padre e figlio in bicicletta da Comerio a Venezia"},"content":{"rendered":"<p><strong>485 chilometri macinati in bicicletta<\/strong> in cinque giorni insieme al figlio Lorenzo di 12 anni. <strong>\u00c8 l&#8217;avventura vissuta da Alessandro<\/strong>, partito da Comerio e arrivato a Venezia, percorrendo\u00a0una parte della ciclovia Alta Italia da Attraversare (A.I.D.A), in un viaggio all&#8217;insegna della mobilit\u00e0 lenta tutto alla scoperta delle bellezze artistiche e naturali del territorio.<\/p>\n<p>\u00abAbbiamo suddiviso il percorso in modo da percorrere mediamente 100 km al giorno e cercando di far ricadere ogni meta del giorno in una citt\u00e0 importante \u2013 racconta\u00a0<strong>Alessandro Moia<\/strong>\u00a0\u2013. Da Varese abbiamo tracciato una riga verticale verso il basso per incrociare il percorso ufficiale dell&#8217;A.I.D.A., pressoch\u00e9 nella zona del parco del Ticino. Una volta congiunti al percorso, abbiamo seguito la segnaletica: ci sono adesivi A.I.D.A. disposti sui cartelli stradali, ben visibili e con tanto di indicazione della direzione da prendere, molto utile da usare per chi \u00e8 sprovvisto di tracciato GPX o anche solo per essere sicuri di percorrere il tratto di strada corretto\u00bb.<\/p>\n<p>Un&#8217;esperienza di cicloturismo che ha permesso a padre e figlio, che nel 2020 avevano percorso in bicicletta <a href=\"https:\/\/www.varesenews.it\/2020\/08\/padre-figlio-bici-lavena-ponte-tresa-pavia-sulla-via-francisca-del-lucomagno\/956071\/\">da LavenaPonte Tresa a Pavia<\/a>, di fare tappa in diverse citt\u00e0 turistiche dell&#8217;alta Italia: \u00abIl tracciato, se seguito al dettaglio, permette di vedere i punti di interesse principali di ogni citt\u00e0 <strong>&#8211; continua Alessandro -.<\/strong> Le strade sono generalmente piste ciclabili esistenti o strade secondarie a basso traffico, spesso strade bianche lungo fiumi o canali (Villoresi, Martesana, Adda, etc&#8230;) o fra campi di granturco, viti e girasoli. Nel complesso in totale sicurezza, prediligendo il tratto leggermente pi\u00f9 lungo ma allo stesso tempo pi\u00f9 sicuro. <strong>Il percorso \u00e8 stato pressoch\u00e9 pianeggiante<\/strong>, alcuni tratti in leggera pendenza ma complessivamente un percorso facile, lungo ma facile. Per gli amanti dei numeri riporto sotto il dislivello di ogni tappa\u00bb.<\/p>\n<div class=\"photo-inside-post\"><img decoding=\"async\" loading=\"lazy\" fetchpriority=\"low\" width=\"610\" height=\"431\" src=\"https:\/\/staging.varesenews.it\/photogallery_new\/images\/2022\/08\/generico-01-aug-2022-1327281.610x431.jpg\" alt=\"Generico 01 Aug 2022\"><\/div>\n<p><strong>Dopo cinque giorni l&#8217;arrivo a Venezia<\/strong>: \u00abIl quinto giorno in mattinata ci ha raggiunto in treno il resto della famiglia, per rimanere altri due giorni a visitare con calma Venezia (rigorosamente a piedi, non \u00e8 consentito l&#8217;uso della bicicletta, nemmeno condotta a mano). Poi rientro da Venezia a Varese in treno: comodo, ecologico, economico\u00bb.<\/p>\n<p><strong>I complimenti di Alessandro vanno al figlio Lorenzo<\/strong>, che ha condiviso con lui questa avventura: \u00abUn bravissimo a mio figlio che nonostante i soli 12 anni \u00e8 riuscito ad arrivare a Venezia senza troppa fatica &#8211; conclude l&#8217;uomo -. &#8220;Bravo Lore, sei pronto per la prossima sfida, Roma!&#8221;\u00bb<\/p>\n","protected":false},"excerpt":{"rendered":"<p>\u00c8 l&#8217;avventura vissuta da Alessandro, partito da Comerio e arrivato a Venezia, percorrendo\u00a0una parte della ciclovia Alta Italia da Attraversare (A.I.D.A), in un viaggio all&#8217;insegna della mobilit\u00e0 lenta tutto alla scoperta delle bellezze artistiche e naturali del territorio<\/p>\n","protected":false},"author":16410,"featured_media":0,"comment_status":"open","ping_status":"open","sticky":false,"template":"","format":"standard","meta":{"footnotes":""},"categories":[23,21,2],"tags":[615,125496,113160,1571],"acf":[],"yoast_head":"<!-- This site is optimized with the Yoast SEO plugin v20.1 - https:\/\/yoast.com\/wordpress\/plugins\/seo\/ -->\n<title>Padre e figlio in bicicletta da Comerio a Venezia<\/title>\n<meta name=\"description\" content=\"\u00c8 l&#039;avventura vissuta da Alessandro, partito da Comerio e arrivato a Venezia, percorrendo\u00a0una parte della ciclovia Alta Italia da Attraversare (A.I.D.A), in un viaggio all&#039;insegna della mobilit\u00e0 lenta tutto alla scoperta delle bellezze artistiche e naturali del territorio\" \/>\n<meta name=\"robots\" content=\"noindex, follow, max-snippet:-1, max-image-preview:large, max-video-preview:-1\" \/>\n<meta property=\"og:locale\" content=\"it_IT\" \/>\n<meta property=\"og:type\" content=\"article\" \/>\n<meta property=\"og:title\" content=\"Padre e figlio in bicicletta da Comerio a Venezia\" \/>\n<meta property=\"og:description\" content=\"\u00c8 l&#039;avventura vissuta da Alessandro, partito da Comerio e arrivato a Venezia, percorrendo\u00a0una parte della ciclovia Alta Italia da Attraversare (A.I.D.A), in un viaggio all&#039;insegna della mobilit\u00e0 lenta tutto alla scoperta delle bellezze artistiche e naturali del territorio\" \/>\n<meta property=\"og:url\" content=\"https:\/\/staging.varesenews.it\/2022\/08\/padre-figlio-bicicletta-comerio-venezia\/1488812\/\" \/>\n<meta property=\"og:site_name\" content=\"VareseNews\" \/>\n<meta property=\"article:publisher\" content=\"https:\/\/www.facebook.com\/varesenews\" \/>\n<meta property=\"article:published_time\" content=\"2022-08-06T08:00:40+00:00\" \/>\n<meta property=\"article:modified_time\" content=\"2022-08-07T13:05:23+00:00\" \/>\n<meta name=\"author\" content=\"Valentina Rizzo\" \/>\n<meta name=\"twitter:card\" content=\"summary_large_image\" \/>\n<meta name=\"twitter:creator\" content=\"@varesenews\" \/>\n<meta name=\"twitter:site\" content=\"@varesenews\" \/>\n<meta name=\"twitter:label1\" content=\"Scritto da\" \/>\n\t<meta name=\"twitter:data1\" content=\"Valentina Rizzo\" \/>\n\t<meta name=\"twitter:label2\" content=\"Tempo di lettura stimato\" \/>\n\t<meta name=\"twitter:data2\" content=\"2 minuti\" \/>\n<script type=\"application\/ld+json\" class=\"yoast-schema-graph\">{\"@context\":\"https:\/\/schema.org\",\"@graph\":[{\"@type\":\"WebPage\",\"@id\":\"https:\/\/staging.varesenews.it\/2022\/08\/padre-figlio-bicicletta-comerio-venezia\/1488812\/\",\"url\":\"https:\/\/staging.varesenews.it\/2022\/08\/padre-figlio-bicicletta-comerio-venezia\/1488812\/\",\"name\":\"Padre e figlio in bicicletta da Comerio a Venezia\",\"isPartOf\":{\"@id\":\"https:\/\/staging.varesenews.it\/#website\"},\"datePublished\":\"2022-08-06T08:00:40+00:00\",\"dateModified\":\"2022-08-07T13:05:23+00:00\",\"author\":{\"@id\":\"https:\/\/staging.varesenews.it\/#\/schema\/person\/43ab372800a0b285685003e3bebca12a\"},\"description\":\"\u00c8 l'avventura vissuta da Alessandro, partito da Comerio e arrivato a Venezia, percorrendo\u00a0una parte della ciclovia Alta Italia da Attraversare (A.I.D.A), in un viaggio all'insegna della mobilit\u00e0 lenta tutto alla scoperta delle bellezze artistiche e naturali del territorio\",\"breadcrumb\":{\"@id\":\"https:\/\/staging.varesenews.it\/2022\/08\/padre-figlio-bicicletta-comerio-venezia\/1488812\/#breadcrumb\"},\"inLanguage\":\"it-IT\",\"potentialAction\":[{\"@type\":\"ReadAction\",\"target\":[\"https:\/\/staging.varesenews.it\/2022\/08\/padre-figlio-bicicletta-comerio-venezia\/1488812\/\"]}]},{\"@type\":\"BreadcrumbList\",\"@id\":\"https:\/\/staging.varesenews.it\/2022\/08\/padre-figlio-bicicletta-comerio-venezia\/1488812\/#breadcrumb\",\"itemListElement\":[{\"@type\":\"ListItem\",\"position\":1,\"name\":\"Home\",\"item\":\"https:\/\/www.varesenews.it\/\"},{\"@type\":\"ListItem\",\"position\":2,\"name\":\"Padre e figlio in bicicletta da Comerio a Venezia\"}]},{\"@type\":\"WebSite\",\"@id\":\"https:\/\/staging.varesenews.it\/#website\",\"url\":\"https:\/\/staging.varesenews.it\/\",\"name\":\"VareseNews\",\"description\":\"\",\"potentialAction\":[{\"@type\":\"SearchAction\",\"target\":{\"@type\":\"EntryPoint\",\"urlTemplate\":\"https:\/\/staging.varesenews.it\/?s={search_term_string}\"},\"query-input\":\"required name=search_term_string\"}],\"inLanguage\":\"it-IT\"},{\"@type\":\"Person\",\"@id\":\"https:\/\/staging.varesenews.it\/#\/schema\/person\/43ab372800a0b285685003e3bebca12a\",\"name\":\"Valentina Rizzo\",\"image\":{\"@type\":\"ImageObject\",\"inLanguage\":\"it-IT\",\"@id\":\"https:\/\/staging.varesenews.it\/#\/schema\/person\/image\/\",\"url\":\"https:\/\/staging.varesenews.it\/wp-content\/uploads\/2020\/12\/valentina_rizzo_colori_500.jpg\",\"contentUrl\":\"https:\/\/staging.varesenews.it\/wp-content\/uploads\/2020\/12\/valentina_rizzo_colori_500.jpg\",\"caption\":\"Valentina Rizzo\"},\"description\":\"Collaboro con VareseNews dal 2019. Cresciuta nel Comasco, vivo oggi nel Varesotto e seguo per SaronnoNews quel di Saronno e dintorni. Mi occupo principalmente di cronaca e politica. Amo leggere e ascoltare storie nuove. Nel tempo libero pratico sport e passeggio con il mio cane immersa nella natura.\",\"url\":\"https:\/\/staging.varesenews.it\/persona\/valentina_rizzo\/\"}]}<\/script>\n<!-- \/ Yoast SEO plugin. -->","yoast_head_json":{"title":"Padre e figlio in bicicletta da Comerio a Venezia","description":"\u00c8 l'avventura vissuta da Alessandro, partito da Comerio e arrivato a Venezia, percorrendo\u00a0una parte della ciclovia Alta Italia da Attraversare (A.I.D.A), in un viaggio all'insegna della mobilit\u00e0 lenta tutto alla scoperta delle bellezze artistiche e naturali del territorio","robots":{"index":"noindex","follow":"follow","max-snippet":"max-snippet:-1","max-image-preview":"max-image-preview:large","max-video-preview":"max-video-preview:-1"},"og_locale":"it_IT","og_type":"article","og_title":"Padre e figlio in bicicletta da Comerio a Venezia","og_description":"\u00c8 l'avventura vissuta da Alessandro, partito da Comerio e arrivato a Venezia, percorrendo\u00a0una parte della ciclovia Alta Italia da Attraversare (A.I.D.A), in un viaggio all'insegna della mobilit\u00e0 lenta tutto alla scoperta delle bellezze artistiche e naturali del territorio","og_url":"https:\/\/staging.varesenews.it\/2022\/08\/padre-figlio-bicicletta-comerio-venezia\/1488812\/","og_site_name":"VareseNews","article_publisher":"https:\/\/www.facebook.com\/varesenews","article_published_time":"2022-08-06T08:00:40+00:00","article_modified_time":"2022-08-07T13:05:23+00:00","author":"Valentina Rizzo","twitter_card":"summary_large_image","twitter_creator":"@varesenews","twitter_site":"@varesenews","twitter_misc":{"Scritto da":"Valentina Rizzo","Tempo di lettura stimato":"2 minuti"},"schema":{"@context":"https:\/\/schema.org","@graph":[{"@type":"WebPage","@id":"https:\/\/staging.varesenews.it\/2022\/08\/padre-figlio-bicicletta-comerio-venezia\/1488812\/","url":"https:\/\/staging.varesenews.it\/2022\/08\/padre-figlio-bicicletta-comerio-venezia\/1488812\/","name":"Padre e figlio in bicicletta da Comerio a Venezia","isPartOf":{"@id":"https:\/\/staging.varesenews.it\/#website"},"datePublished":"2022-08-06T08:00:40+00:00","dateModified":"2022-08-07T13:05:23+00:00","author":{"@id":"https:\/\/staging.varesenews.it\/#\/schema\/person\/43ab372800a0b285685003e3bebca12a"},"description":"\u00c8 l'avventura vissuta da Alessandro, partito da Comerio e arrivato a Venezia, percorrendo\u00a0una parte della ciclovia Alta Italia da Attraversare (A.I.D.A), in un viaggio all'insegna della mobilit\u00e0 lenta tutto alla scoperta delle bellezze artistiche e naturali del territorio","breadcrumb":{"@id":"https:\/\/staging.varesenews.it\/2022\/08\/padre-figlio-bicicletta-comerio-venezia\/1488812\/#breadcrumb"},"inLanguage":"it-IT","potentialAction":[{"@type":"ReadAction","target":["https:\/\/staging.varesenews.it\/2022\/08\/padre-figlio-bicicletta-comerio-venezia\/1488812\/"]}]},{"@type":"BreadcrumbList","@id":"https:\/\/staging.varesenews.it\/2022\/08\/padre-figlio-bicicletta-comerio-venezia\/1488812\/#breadcrumb","itemListElement":[{"@type":"ListItem","position":1,"name":"Home","item":"https:\/\/www.varesenews.it\/"},{"@type":"ListItem","position":2,"name":"Padre e figlio in bicicletta da Comerio a Venezia"}]},{"@type":"WebSite","@id":"https:\/\/staging.varesenews.it\/#website","url":"https:\/\/staging.varesenews.it\/","name":"VareseNews","description":"","potentialAction":[{"@type":"SearchAction","target":{"@type":"EntryPoint","urlTemplate":"https:\/\/staging.varesenews.it\/?s={search_term_string}"},"query-input":"required name=search_term_string"}],"inLanguage":"it-IT"},{"@type":"Person","@id":"https:\/\/staging.varesenews.it\/#\/schema\/person\/43ab372800a0b285685003e3bebca12a","name":"Valentina Rizzo","image":{"@type":"ImageObject","inLanguage":"it-IT","@id":"https:\/\/staging.varesenews.it\/#\/schema\/person\/image\/","url":"https:\/\/staging.varesenews.it\/wp-content\/uploads\/2020\/12\/valentina_rizzo_colori_500.jpg","contentUrl":"https:\/\/staging.varesenews.it\/wp-content\/uploads\/2020\/12\/valentina_rizzo_colori_500.jpg","caption":"Valentina Rizzo"},"description":"Collaboro con VareseNews dal 2019. Cresciuta nel Comasco, vivo oggi nel Varesotto e seguo per SaronnoNews quel di Saronno e dintorni. Mi occupo principalmente di cronaca e politica. Amo leggere e ascoltare storie nuove. Nel tempo libero pratico sport e passeggio con il mio cane immersa nella natura.","url":"https:\/\/staging.varesenews.it\/persona\/valentina_rizzo\/"}]}},"post_meta":{"content-image-gallery":"","_edit_lock":"1659877495:14095","_edit_last":"14095","_category_permalink":"a:2:{s:8:\"category\";s:0:\"\";s:7:\"testate\";s:0:\"\";}","foto":"1327278","id_link_fotogallery":"1488813","firma_come_redazione":"1","argomento":"Comerio","_yoast_wpseo_focuskw_text_input":"Padre e figlio in bicicletta da Comerio a Venezia","_yoast_wpseo_focuskw":"Padre e figlio in bicicletta da Comerio a Venezia","_yoast_wpseo_linkdex":"67","_yoast_wpseo_content_score":"30","_jd_tweet_this":"yes","_encloseme":"1","ratings_users":"0","ratings_score":"0","ratings_average":"0","_wpt_short_url":"https:\/\/www.varesenews.it\/2022\/08\/padre-figlio-bicicletta-comerio-venezia\/1488812\/","_wp_jd_target":"https:\/\/www.varesenews.it\/2022\/08\/padre-figlio-bicicletta-comerio-venezia\/1488812\/","_jd_wp_twitter":"a:1:{i:0;s:153:\"Padre e figlio in bicicletta da Comerio a Venezia https:\/\/www.varesenews.it\/2022\/08\/padre-figlio-bicicletta-comerio-venezia\/1488812\/ #bicicletta #econews\";}","_wpt_status_message":"Tweet inviato con successo.","_oembed_a4aec1e809829fe85d563657a15fd60b":"<blockquote class=\"wp-embedded-content\" data-secret=\"L2kaBbLhfB\"><a href=\"https:\/\/www.varesenews.it\/2022\/08\/cade-dalla-scala-batte-la-testa-grave-un-uomo-78-anni-valle-levantina\/1488468\/\">Cade dalla scala e batte la testa, grave un uomo di 78 anni in Valle Levantina<\/a><\/blockquote><iframe class=\"wp-embedded-content\" sandbox=\"allow-scripts\" security=\"restricted\" style=\"position: absolute; clip: rect(1px, 1px, 1px, 1px);\" src=\"https:\/\/www.varesenews.it\/2022\/08\/cade-dalla-scala-batte-la-testa-grave-un-uomo-78-anni-valle-levantina\/1488468\/embed\/#?secret=L2kaBbLhfB\" data-secret=\"L2kaBbLhfB\" width=\"500\" height=\"282\" title=\"&#8220;Cade dalla scala e batte la testa, grave un uomo di 78 anni in Valle Levantina&#8221; &#8212; VareseNews\" frameborder=\"0\" marginwidth=\"0\" marginheight=\"0\" scrolling=\"no\"><\/iframe>","_oembed_time_a4aec1e809829fe85d563657a15fd60b":"1659773173","_oembed_935c1c52e38d6c6b9ed7c61ffe5a7fb2":"<blockquote class=\"wp-embedded-content\" data-secret=\"ZcFjXhHMTS\"><a href=\"https:\/\/www.varesenews.it\/2022\/08\/linclusione-dei-centri-estivi-non-funziona-va-costruita-lanno-integrando-attivita-servizi\/1487758\/\">L&#8217;inclusione dei centri estivi non funziona: va costruita durante l&#8217;anno, integrando attivit\u00e0 e servizi<\/a><\/blockquote><iframe class=\"wp-embedded-content\" sandbox=\"allow-scripts\" security=\"restricted\" style=\"position: absolute; clip: rect(1px, 1px, 1px, 1px);\" src=\"https:\/\/www.varesenews.it\/2022\/08\/linclusione-dei-centri-estivi-non-funziona-va-costruita-lanno-integrando-attivita-servizi\/1487758\/embed\/#?secret=ZcFjXhHMTS\" data-secret=\"ZcFjXhHMTS\" width=\"500\" height=\"282\" title=\"&#8220;L&#8217;inclusione dei centri estivi non funziona: va costruita durante l&#8217;anno, integrando attivit\u00e0 e servizi&#8221; &#8212; VareseNews\" frameborder=\"0\" marginwidth=\"0\" marginheight=\"0\" scrolling=\"no\"><\/iframe>","_oembed_time_935c1c52e38d6c6b9ed7c61ffe5a7fb2":"1659773174","_oembed_aafd36b8d3c40707b111985691fcc0f2":"<blockquote class=\"wp-embedded-content\" data-secret=\"tYO3Cd8cxg\"><a href=\"https:\/\/www.varesenews.it\/2022\/05\/riflesso-del-lago-campo-estivo-sport-gioco-avventura\/1461336\/\">&#8220;Il Riflesso del Lago&#8221;, campo estivo tra sport, gioco e avventura<\/a><\/blockquote><iframe class=\"wp-embedded-content\" sandbox=\"allow-scripts\" security=\"restricted\" style=\"position: absolute; clip: rect(1px, 1px, 1px, 1px);\" src=\"https:\/\/www.varesenews.it\/2022\/05\/riflesso-del-lago-campo-estivo-sport-gioco-avventura\/1461336\/embed\/#?secret=tYO3Cd8cxg\" data-secret=\"tYO3Cd8cxg\" width=\"500\" height=\"282\" title=\"&#8220;&#8220;Il Riflesso del Lago&#8221;, campo estivo tra sport, gioco e avventura&#8221; &#8212; VareseNews\" frameborder=\"0\" marginwidth=\"0\" marginheight=\"0\" scrolling=\"no\"><\/iframe>","_oembed_time_aafd36b8d3c40707b111985691fcc0f2":"1659773174","_oembed_0d807733010e1b4ca9020cae00335c0c":"<blockquote class=\"wp-embedded-content\" data-secret=\"u0PgUjsdVE\"><a href=\"https:\/\/www.varesenews.it\/2021\/06\/la-donna-le-stelle-teatro-la-storia-valentina-tereskova-la-nello-spazio\/1348937\/\">La donna tra le stelle: a teatro la storia di Valentina Tereskova, la prima nello spazio<\/a><\/blockquote><iframe class=\"wp-embedded-content\" sandbox=\"allow-scripts\" security=\"restricted\" style=\"position: absolute; clip: rect(1px, 1px, 1px, 1px);\" src=\"https:\/\/www.varesenews.it\/2021\/06\/la-donna-le-stelle-teatro-la-storia-valentina-tereskova-la-nello-spazio\/1348937\/embed\/#?secret=u0PgUjsdVE\" data-secret=\"u0PgUjsdVE\" width=\"500\" height=\"282\" title=\"&#8220;La donna tra le stelle: a teatro la storia di Valentina Tereskova, la prima nello spazio&#8221; &#8212; VareseNews\" frameborder=\"0\" marginwidth=\"0\" marginheight=\"0\" scrolling=\"no\"><\/iframe>","_oembed_time_0d807733010e1b4ca9020cae00335c0c":"1659773174"},"photos":[{"original":"https:\/\/staging.varesenews.it\/photogallery_new\/images\/2022\/08\/padre-e-figlio-in-bicicletta-da-comerio-a-venezia-1327278.jpg","full":"https:\/\/staging.varesenews.it\/photogallery_new\/images\/2022\/08\/padre-e-figlio-in-bicicletta-da-comerio-a-venezia-1327278.1024x768.jpg","large":"https:\/\/staging.varesenews.it\/photogallery_new\/images\/2022\/08\/padre-e-figlio-in-bicicletta-da-comerio-a-venezia-1327278.610x431.jpg"}],"_links":{"self":[{"href":"https:\/\/staging.varesenews.it\/swgapi\/v1\/wp\/v2\/posts\/1488812"}],"collection":[{"href":"https:\/\/staging.varesenews.it\/swgapi\/v1\/wp\/v2\/posts"}],"about":[{"href":"https:\/\/staging.varesenews.it\/swgapi\/v1\/wp\/v2\/types\/post"}],"author":[{"embeddable":true,"href":"https:\/\/staging.varesenews.it\/swgapi\/v1\/wp\/v2\/users\/16410"}],"replies":[{"embeddable":true,"href":"https:\/\/staging.varesenews.it\/swgapi\/v1\/wp\/v2\/comments?post=1488812"}],"version-history":[{"count":0,"href":"https:\/\/staging.varesenews.it\/swgapi\/v1\/wp\/v2\/posts\/1488812\/revisions"}],"wp:attachment":[{"href":"https:\/\/staging.varesenews.it\/swgapi\/v1\/wp\/v2\/media?parent=1488812"}],"wp:term":[{"taxonomy":"category","embeddable":true,"href":"https:\/\/staging.varesenews.it\/swgapi\/v1\/wp\/v2\/categories?post=1488812"},{"taxonomy":"post_tag","embeddable":true,"href":"https:\/\/staging.varesenews.it\/swgapi\/v1\/wp\/v2\/tags?post=1488812"}],"curies":[{"name":"wp","href":"https:\/\/api.w.org\/{rel}","templated":true}]}}