{"id":1489424,"date":"2022-08-09T11:02:48","date_gmt":"2022-08-09T09:02:48","guid":{"rendered":"https:\/\/www.varesenews.it\/?p=1489424"},"modified":"2022-08-09T11:02:48","modified_gmt":"2022-08-09T09:02:48","slug":"festa-della-montagna-programma-venerdi-12-agosto","status":"publish","type":"post","link":"https:\/\/staging.varesenews.it\/2022\/08\/festa-della-montagna-programma-venerdi-12-agosto\/1489424\/","title":{"rendered":"Festa della montagna, il programma di venerd\u00ec 12 agosto"},"content":{"rendered":"<p>La terza giornata della <strong>Festa della Montagna al Campo dei Fiori di Varese<\/strong> si apre con una camminata a piedi: <strong>dal Sacro Monte al Campo dei Fiori,<\/strong> seguendo il sentiero delle Pizzelle, accompagnati dai volontari del Cai di Varese. La partenza \u00e8 alle 10 e la camminata \u00e8 in programma anche alle 15 e il giorno dopo (sabato 13 agosto) alle ore 10 o alle 16.15.<\/p>\n<p class=\"p2\">Si parte da Piazzale Montanari (Sacro Monte). Per la discesa Campo dei Fiori (zona stazione funicolare) nei medesimi giorni alle ore 15. Tempo di percorrenza circa 1 ora: consigliati scarponcini. Per salita e discesa una valida alternativa al bus navetta per conoscere la nostra montagna (Evento gratuito &#8211; prenotazione obbligatoria Sergio 333\/3643219).<\/p>\n<p>Alle 11 continuano le escursioni, sempre a cura del\u00a0Cai di Varese con il <strong>&#8220;Giro dei quattro punti panoramici del Campo dei Fiori&#8221;.<\/strong> Si tratta di una passeggiata in vetta con partenza dal\u00a0Grand Hotel Campo dei Fiori. Il percorso prevede la salita\u00a0alle Tre Croci fino al belvedere del cannone percorrendo poi il sentiero 7 fino al belvedere sul Monte Rosa e al pratone della punta di mezzo. Si tratta di un percorso di\u00a05 km con 120 mt di dislivello, durata dell\u2019escursione 2 ore. \u00c8 necessario indossare scarponcini, consigliati bastoncini. Per partecipare \u00e8 necessario prenotarsi alla cassa della Festa della Montagna, il contributo \u00e8 di \u20ac 5,00 che verranno devoluti a favore di \u201cPatrini Malnate BXC\u201d squadra sportiva dilettantistica di baseball per persone cieche ed ipovedenti.<\/p>\n<p>Alle 15 \u00e8 in programma la visita all&#8217;<strong>Antica Cripta del Sacro Monte<\/strong> a cura di Archeologistics. Alle 15 e 30 visita alla<strong> Grotta Marelli<\/strong> (prenotazione in loco, contributo di 2 euro per il noleggio del caschetto, si chiede abbigliamento adeguato) e, in contemporanea, l&#8217;appuntamento &#8220;Visitando il Campo dei Fiori&#8221; a cura di Officinambiente.<\/p>\n<p>Alle 17 e 30 c&#8217;\u00e8 <strong>l&#8217;aperitivo alpino.<\/strong><\/p>\n<p>La giornata di eventi si conclude alle 18 e 30 con<strong> lo spettacolo teatrale\u00a0\u201cJohanna Padana a la descov\u00e8rta de le Americhe\u201d<\/strong>\u00a0di Dario Fo, con l&#8217;adattamento al femminile dell&#8217;attrice varesina Marina De Juli. L&#8217;ingresso \u00e8 libero e non \u00e8 necessaria la prenotazione.<\/p>\n<p>Seguir\u00e0 l&#8217;apertura dello stand gastronomico. Si ricorda che \u00e8 possibile raggiungere la festa solo con le navette, attive dalle 10 alle 24, con partenza dal Piazzale dello Stadio di Masnago dove c&#8217;\u00e8 un ampio parcheggio, fermate intermedie al bivio Sacro Monte\/Campo dei Fiori.<\/p>\n<p>Per tutte le informazioni <a href=\"https:\/\/www.festadellamontagna.it\/\" target=\"_blank\" rel=\"noopener\">www.festadellamontagna.it<\/a> e info@gruppoalpini.it.<\/p>\n","protected":false},"excerpt":{"rendered":"<p>La terza giornata si apre con una camminata sul sentiero delle Pizzelle, alla quale seguir\u00e0 un&#8217;escursione ai punti panoramici del Campo dei Fiori. In serata aperitivo e lo spettacolo teatrale di Marina De Juli <\/p>\n","protected":false},"author":49,"featured_media":0,"comment_status":"open","ping_status":"open","sticky":false,"template":"","format":"aside","meta":{"footnotes":""},"categories":[21,2],"tags":[124976],"acf":[],"yoast_head":"<!-- This site is optimized with the Yoast SEO plugin v20.1 - https:\/\/yoast.com\/wordpress\/plugins\/seo\/ -->\n<title>Festa della montagna, il programma di venerd\u00ec 12 agosto<\/title>\n<meta name=\"description\" content=\"La terza giornata si apre con una camminata sul sentiero delle Pizzelle, alla quale seguir\u00e0 un&#039;escursione ai punti panoramici del Campo dei Fiori. In serata aperitivo e lo spettacolo teatrale di Marina De Juli\" \/>\n<meta name=\"robots\" content=\"noindex, follow, max-snippet:-1, max-image-preview:large, max-video-preview:-1\" \/>\n<meta property=\"og:locale\" content=\"it_IT\" \/>\n<meta property=\"og:type\" content=\"article\" \/>\n<meta property=\"og:title\" content=\"Festa della montagna, il programma di venerd\u00ec 12 agosto\" \/>\n<meta property=\"og:description\" content=\"La terza giornata si apre con una camminata sul sentiero delle Pizzelle, alla quale seguir\u00e0 un&#039;escursione ai punti panoramici del Campo dei Fiori. In serata aperitivo e lo spettacolo teatrale di Marina De Juli\" \/>\n<meta property=\"og:url\" content=\"https:\/\/staging.varesenews.it\/2022\/08\/festa-della-montagna-programma-venerdi-12-agosto\/1489424\/\" \/>\n<meta property=\"og:site_name\" content=\"VareseNews\" \/>\n<meta property=\"article:publisher\" content=\"https:\/\/www.facebook.com\/varesenews\" \/>\n<meta property=\"article:author\" content=\"https:\/\/www.facebook.com\/roberta.bertolini.9\" \/>\n<meta property=\"article:published_time\" content=\"2022-08-09T09:02:48+00:00\" \/>\n<meta name=\"author\" content=\"Roberta Bertolini\" \/>\n<meta name=\"twitter:card\" content=\"summary_large_image\" \/>\n<meta name=\"twitter:creator\" content=\"@robybertolini\" \/>\n<meta name=\"twitter:site\" content=\"@varesenews\" \/>\n<meta name=\"twitter:label1\" content=\"Scritto da\" \/>\n\t<meta name=\"twitter:data1\" content=\"Roberta Bertolini\" \/>\n\t<meta name=\"twitter:label2\" content=\"Tempo di lettura stimato\" \/>\n\t<meta name=\"twitter:data2\" content=\"2 minuti\" \/>\n<script type=\"application\/ld+json\" class=\"yoast-schema-graph\">{\"@context\":\"https:\/\/schema.org\",\"@graph\":[{\"@type\":\"WebPage\",\"@id\":\"https:\/\/staging.varesenews.it\/2022\/08\/festa-della-montagna-programma-venerdi-12-agosto\/1489424\/\",\"url\":\"https:\/\/staging.varesenews.it\/2022\/08\/festa-della-montagna-programma-venerdi-12-agosto\/1489424\/\",\"name\":\"Festa della montagna, il programma di venerd\u00ec 12 agosto\",\"isPartOf\":{\"@id\":\"https:\/\/staging.varesenews.it\/#website\"},\"datePublished\":\"2022-08-09T09:02:48+00:00\",\"dateModified\":\"2022-08-09T09:02:48+00:00\",\"author\":{\"@id\":\"https:\/\/staging.varesenews.it\/#\/schema\/person\/58fbd3e567d5c00f0a64d5137fef3e68\"},\"description\":\"La terza giornata si apre con una camminata sul sentiero delle Pizzelle, alla quale seguir\u00e0 un'escursione ai punti panoramici del Campo dei Fiori. In serata aperitivo e lo spettacolo teatrale di Marina De Juli\",\"breadcrumb\":{\"@id\":\"https:\/\/staging.varesenews.it\/2022\/08\/festa-della-montagna-programma-venerdi-12-agosto\/1489424\/#breadcrumb\"},\"inLanguage\":\"it-IT\",\"potentialAction\":[{\"@type\":\"ReadAction\",\"target\":[\"https:\/\/staging.varesenews.it\/2022\/08\/festa-della-montagna-programma-venerdi-12-agosto\/1489424\/\"]}]},{\"@type\":\"BreadcrumbList\",\"@id\":\"https:\/\/staging.varesenews.it\/2022\/08\/festa-della-montagna-programma-venerdi-12-agosto\/1489424\/#breadcrumb\",\"itemListElement\":[{\"@type\":\"ListItem\",\"position\":1,\"name\":\"Home\",\"item\":\"https:\/\/www.varesenews.it\/\"},{\"@type\":\"ListItem\",\"position\":2,\"name\":\"Festa della montagna, il programma di venerd\u00ec 12 agosto\"}]},{\"@type\":\"WebSite\",\"@id\":\"https:\/\/staging.varesenews.it\/#website\",\"url\":\"https:\/\/staging.varesenews.it\/\",\"name\":\"VareseNews\",\"description\":\"\",\"potentialAction\":[{\"@type\":\"SearchAction\",\"target\":{\"@type\":\"EntryPoint\",\"urlTemplate\":\"https:\/\/staging.varesenews.it\/?s={search_term_string}\"},\"query-input\":\"required name=search_term_string\"}],\"inLanguage\":\"it-IT\"},{\"@type\":\"Person\",\"@id\":\"https:\/\/staging.varesenews.it\/#\/schema\/person\/58fbd3e567d5c00f0a64d5137fef3e68\",\"name\":\"Roberta Bertolini\",\"image\":{\"@type\":\"ImageObject\",\"inLanguage\":\"it-IT\",\"@id\":\"https:\/\/staging.varesenews.it\/#\/schema\/person\/image\/\",\"url\":\"https:\/\/staging.varesenews.it\/wp-content\/uploads\/2020\/12\/roberta_bertolini_colori_500.jpg\",\"contentUrl\":\"https:\/\/staging.varesenews.it\/wp-content\/uploads\/2020\/12\/roberta_bertolini_colori_500.jpg\",\"caption\":\"Roberta Bertolini\"},\"description\":\"Giornalista professionista dal 1991, sono passata, ormai molti anni fa, dalla carta al web. Oggi mi occupo di cronaca locale e guardo con curiosit&agrave; ed attenzione il mondo dei social. Parlo poco, ascolto molto.\",\"sameAs\":[\"https:\/\/www.facebook.com\/roberta.bertolini.9\",\"bettabertolini\",\"https:\/\/www.linkedin.com\/hp\/?dnr=v9e-Gp7a6_oxqTuQyZA0Lf4aEi4t91g6wMH\",\"https:\/\/twitter.com\/robybertolini\"],\"url\":\"https:\/\/staging.varesenews.it\/persona\/roberta-bertolini1\/\"}]}<\/script>\n<!-- \/ Yoast SEO plugin. -->","yoast_head_json":{"title":"Festa della montagna, il programma di venerd\u00ec 12 agosto","description":"La terza giornata si apre con una camminata sul sentiero delle Pizzelle, alla quale seguir\u00e0 un'escursione ai punti panoramici del Campo dei Fiori. In serata aperitivo e lo spettacolo teatrale di Marina De Juli","robots":{"index":"noindex","follow":"follow","max-snippet":"max-snippet:-1","max-image-preview":"max-image-preview:large","max-video-preview":"max-video-preview:-1"},"og_locale":"it_IT","og_type":"article","og_title":"Festa della montagna, il programma di venerd\u00ec 12 agosto","og_description":"La terza giornata si apre con una camminata sul sentiero delle Pizzelle, alla quale seguir\u00e0 un'escursione ai punti panoramici del Campo dei Fiori. In serata aperitivo e lo spettacolo teatrale di Marina De Juli","og_url":"https:\/\/staging.varesenews.it\/2022\/08\/festa-della-montagna-programma-venerdi-12-agosto\/1489424\/","og_site_name":"VareseNews","article_publisher":"https:\/\/www.facebook.com\/varesenews","article_author":"https:\/\/www.facebook.com\/roberta.bertolini.9","article_published_time":"2022-08-09T09:02:48+00:00","author":"Roberta Bertolini","twitter_card":"summary_large_image","twitter_creator":"@robybertolini","twitter_site":"@varesenews","twitter_misc":{"Scritto da":"Roberta Bertolini","Tempo di lettura stimato":"2 minuti"},"schema":{"@context":"https:\/\/schema.org","@graph":[{"@type":"WebPage","@id":"https:\/\/staging.varesenews.it\/2022\/08\/festa-della-montagna-programma-venerdi-12-agosto\/1489424\/","url":"https:\/\/staging.varesenews.it\/2022\/08\/festa-della-montagna-programma-venerdi-12-agosto\/1489424\/","name":"Festa della montagna, il programma di venerd\u00ec 12 agosto","isPartOf":{"@id":"https:\/\/staging.varesenews.it\/#website"},"datePublished":"2022-08-09T09:02:48+00:00","dateModified":"2022-08-09T09:02:48+00:00","author":{"@id":"https:\/\/staging.varesenews.it\/#\/schema\/person\/58fbd3e567d5c00f0a64d5137fef3e68"},"description":"La terza giornata si apre con una camminata sul sentiero delle Pizzelle, alla quale seguir\u00e0 un'escursione ai punti panoramici del Campo dei Fiori. In serata aperitivo e lo spettacolo teatrale di Marina De Juli","breadcrumb":{"@id":"https:\/\/staging.varesenews.it\/2022\/08\/festa-della-montagna-programma-venerdi-12-agosto\/1489424\/#breadcrumb"},"inLanguage":"it-IT","potentialAction":[{"@type":"ReadAction","target":["https:\/\/staging.varesenews.it\/2022\/08\/festa-della-montagna-programma-venerdi-12-agosto\/1489424\/"]}]},{"@type":"BreadcrumbList","@id":"https:\/\/staging.varesenews.it\/2022\/08\/festa-della-montagna-programma-venerdi-12-agosto\/1489424\/#breadcrumb","itemListElement":[{"@type":"ListItem","position":1,"name":"Home","item":"https:\/\/www.varesenews.it\/"},{"@type":"ListItem","position":2,"name":"Festa della montagna, il programma di venerd\u00ec 12 agosto"}]},{"@type":"WebSite","@id":"https:\/\/staging.varesenews.it\/#website","url":"https:\/\/staging.varesenews.it\/","name":"VareseNews","description":"","potentialAction":[{"@type":"SearchAction","target":{"@type":"EntryPoint","urlTemplate":"https:\/\/staging.varesenews.it\/?s={search_term_string}"},"query-input":"required name=search_term_string"}],"inLanguage":"it-IT"},{"@type":"Person","@id":"https:\/\/staging.varesenews.it\/#\/schema\/person\/58fbd3e567d5c00f0a64d5137fef3e68","name":"Roberta Bertolini","image":{"@type":"ImageObject","inLanguage":"it-IT","@id":"https:\/\/staging.varesenews.it\/#\/schema\/person\/image\/","url":"https:\/\/staging.varesenews.it\/wp-content\/uploads\/2020\/12\/roberta_bertolini_colori_500.jpg","contentUrl":"https:\/\/staging.varesenews.it\/wp-content\/uploads\/2020\/12\/roberta_bertolini_colori_500.jpg","caption":"Roberta Bertolini"},"description":"Giornalista professionista dal 1991, sono passata, ormai molti anni fa, dalla carta al web. Oggi mi occupo di cronaca locale e guardo con curiosit&agrave; ed attenzione il mondo dei social. Parlo poco, ascolto molto.","sameAs":["https:\/\/www.facebook.com\/roberta.bertolini.9","bettabertolini","https:\/\/www.linkedin.com\/hp\/?dnr=v9e-Gp7a6_oxqTuQyZA0Lf4aEi4t91g6wMH","https:\/\/twitter.com\/robybertolini"],"url":"https:\/\/staging.varesenews.it\/persona\/roberta-bertolini1\/"}]}},"post_meta":{"content-image-gallery":"","foto":"1322679","firma_come_redazione":"1","evento-location":"1473501","evento-data-inizio":"1660255200","evento-data-fine":"1660255200","evento-orario-inizio":"10:00","evento-orario-fine":"23:00","evento-price":"Gratuito","evento-organization":"1489031","argomento":"Varese","ratings_users":"0","ratings_score":"0","ratings_average":"0","_edit_lock":"1660035669:32","_edit_last":"32","_category_permalink":"a:1:{s:8:\"category\";s:2:\"21\";}","_encloseme":"1","_yoast_wpseo_focuskw_text_input":"alpini","_yoast_wpseo_focuskw":"alpini","_yoast_wpseo_linkdex":"54","_yoast_wpseo_content_score":"30","_jd_tweet_this":"yes","_wpt_short_url":"https:\/\/www.varesenews.it\/2022\/08\/festa-della-montagna-programma-venerdi-12-agosto\/1489424\/","_wp_jd_target":"https:\/\/www.varesenews.it\/2022\/08\/festa-della-montagna-programma-venerdi-12-agosto\/1489424\/","_jd_wp_twitter":"a:1:{i:0;s:149:\"Festa della montagna, il programma di venerd\u00ec 12 agosto https:\/\/www.varesenews.it\/2022\/08\/festa-della-montagna-programma-venerdi-12-agosto\/1489424\/ \";}","_wpt_status_message":"Tweet inviato con successo.","_oembed_09343d9b2376f3690ac949275f29f223":"<blockquote class=\"wp-embedded-content\" data-secret=\"5ctIoM5zI2\"><a href=\"https:\/\/www.varesenews.it\/2022\/06\/parte-la-rivoluzione-coinger-cosa-cambiera-dal-1-settembre\/1473416\/\">Parte la &#8220;rivoluzione&#8221; di Coinger, ecco cosa cambier\u00e0 dal 1\u00b0 settembre<\/a><\/blockquote><iframe class=\"wp-embedded-content\" sandbox=\"allow-scripts\" security=\"restricted\" style=\"position: absolute; clip: rect(1px, 1px, 1px, 1px);\" src=\"https:\/\/www.varesenews.it\/2022\/06\/parte-la-rivoluzione-coinger-cosa-cambiera-dal-1-settembre\/1473416\/embed\/#?secret=5ctIoM5zI2\" data-secret=\"5ctIoM5zI2\" width=\"500\" height=\"282\" title=\"&#8220;Parte la &#8220;rivoluzione&#8221; di Coinger, ecco cosa cambier\u00e0 dal 1\u00b0 settembre&#8221; &#8212; VareseNews\" frameborder=\"0\" marginwidth=\"0\" marginheight=\"0\" scrolling=\"no\"><\/iframe>","_oembed_time_09343d9b2376f3690ac949275f29f223":"1660035976","_oembed_a820c27a24618629eadd94380369f37d":"<blockquote class=\"wp-embedded-content\" data-secret=\"PygxbwAS1U\"><a href=\"https:\/\/www.varesenews.it\/2022\/06\/picnic-le-stelle-al-parco-pineta-storie-scienza-osservazioni-astronomiche\/1478310\/\">Picnic sotto le stelle al Parco Pineta, tra storie scienza e osservazioni astronomiche<\/a><\/blockquote><iframe class=\"wp-embedded-content\" sandbox=\"allow-scripts\" security=\"restricted\" style=\"position: absolute; clip: rect(1px, 1px, 1px, 1px);\" src=\"https:\/\/www.varesenews.it\/2022\/06\/picnic-le-stelle-al-parco-pineta-storie-scienza-osservazioni-astronomiche\/1478310\/embed\/#?secret=PygxbwAS1U\" data-secret=\"PygxbwAS1U\" width=\"500\" height=\"282\" title=\"&#8220;Picnic sotto le stelle al Parco Pineta, tra storie scienza e osservazioni astronomiche&#8221; &#8212; VareseNews\" frameborder=\"0\" marginwidth=\"0\" marginheight=\"0\" scrolling=\"no\"><\/iframe>","_oembed_time_a820c27a24618629eadd94380369f37d":"1660035977","_oembed_68dd86465f6a43db86861e98235391d8":"<blockquote class=\"wp-embedded-content\" data-secret=\"DcKvDg4AEq\"><a href=\"https:\/\/www.varesenews.it\/2022\/08\/osservazioni-sullospedale-unico-gallarate-busto-ce-tempo-al-25-agosto\/1487509\/\">Per presentare osservazioni sull&#8217;ospedale unico Gallarate-Busto c&#8217;\u00e8 tempo (solo) fino al 25 agosto<\/a><\/blockquote><iframe class=\"wp-embedded-content\" sandbox=\"allow-scripts\" security=\"restricted\" style=\"position: absolute; clip: rect(1px, 1px, 1px, 1px);\" src=\"https:\/\/www.varesenews.it\/2022\/08\/osservazioni-sullospedale-unico-gallarate-busto-ce-tempo-al-25-agosto\/1487509\/embed\/#?secret=DcKvDg4AEq\" data-secret=\"DcKvDg4AEq\" width=\"500\" height=\"282\" title=\"&#8220;Per presentare osservazioni sull&#8217;ospedale unico Gallarate-Busto c&#8217;\u00e8 tempo (solo) fino al 25 agosto&#8221; &#8212; VareseNews\" frameborder=\"0\" marginwidth=\"0\" marginheight=\"0\" scrolling=\"no\"><\/iframe>","_oembed_time_68dd86465f6a43db86861e98235391d8":"1660036013","_oembed_207b1f3677ff68f610f8cc72f37c5c37":"<blockquote class=\"wp-embedded-content\" data-secret=\"zVWLFgfesV\"><a href=\"https:\/\/www.verbanonews.it\/canali-tematici\/tempo-libero\/2022\/08\/05\/cosa-fare-nel-weekend-del-5-6-e-7-agosto-sul-lago-maggiore\/946338\/\">Cosa fare nel weekend del 5, 6 e 7 agosto sul Lago Maggiore<\/a><\/blockquote><iframe class=\"wp-embedded-content\" sandbox=\"allow-scripts\" security=\"restricted\" style=\"position: absolute; clip: rect(1px, 1px, 1px, 1px);\" src=\"https:\/\/www.verbanonews.it\/canali-tematici\/tempo-libero\/2022\/08\/05\/cosa-fare-nel-weekend-del-5-6-e-7-agosto-sul-lago-maggiore\/946338\/embed\/#?secret=zVWLFgfesV\" data-secret=\"zVWLFgfesV\" width=\"500\" height=\"282\" title=\"&#8220;Cosa fare nel weekend del 5, 6 e 7 agosto sul Lago Maggiore&#8221; &#8212; VerbanoNews\" frameborder=\"0\" marginwidth=\"0\" marginheight=\"0\" scrolling=\"no\"><\/iframe>","_oembed_time_207b1f3677ff68f610f8cc72f37c5c37":"1660036017","_oembed_d6fc10964f233099e412109ec7f24e9c":"<blockquote class=\"wp-embedded-content\" data-secret=\"wYSdlYgCLE\"><a href=\"https:\/\/www.varesenews.it\/2022\/08\/eventi-bambini-nel-weekend-del-5-6-7-agosto-varese-provincia\/1488610\/\">Eventi per bambini nel weekend del 5, 6 e 7 agosto tra Varese e provincia<\/a><\/blockquote><iframe class=\"wp-embedded-content\" sandbox=\"allow-scripts\" security=\"restricted\" style=\"position: absolute; clip: rect(1px, 1px, 1px, 1px);\" src=\"https:\/\/www.varesenews.it\/2022\/08\/eventi-bambini-nel-weekend-del-5-6-7-agosto-varese-provincia\/1488610\/embed\/#?secret=wYSdlYgCLE\" data-secret=\"wYSdlYgCLE\" width=\"500\" height=\"282\" title=\"&#8220;Eventi per bambini nel weekend del 5, 6 e 7 agosto tra Varese e provincia&#8221; &#8212; VareseNews\" frameborder=\"0\" marginwidth=\"0\" marginheight=\"0\" scrolling=\"no\"><\/iframe>","_oembed_time_d6fc10964f233099e412109ec7f24e9c":"1660036017","_oembed_0d807733010e1b4ca9020cae00335c0c":"<blockquote class=\"wp-embedded-content\" data-secret=\"p9pGBjZEq2\"><a href=\"https:\/\/www.varesenews.it\/2021\/06\/la-donna-le-stelle-teatro-la-storia-valentina-tereskova-la-nello-spazio\/1348937\/\">La donna tra le stelle: a teatro la storia di Valentina Tereskova, la prima nello spazio<\/a><\/blockquote><iframe class=\"wp-embedded-content\" sandbox=\"allow-scripts\" security=\"restricted\" style=\"position: absolute; clip: rect(1px, 1px, 1px, 1px);\" src=\"https:\/\/www.varesenews.it\/2021\/06\/la-donna-le-stelle-teatro-la-storia-valentina-tereskova-la-nello-spazio\/1348937\/embed\/#?secret=p9pGBjZEq2\" data-secret=\"p9pGBjZEq2\" width=\"500\" height=\"282\" title=\"&#8220;La donna tra le stelle: a teatro la storia di Valentina Tereskova, la prima nello spazio&#8221; &#8212; VareseNews\" frameborder=\"0\" marginwidth=\"0\" marginheight=\"0\" scrolling=\"no\"><\/iframe>","_oembed_time_0d807733010e1b4ca9020cae00335c0c":"1660036074"},"photos":[{"original":"https:\/\/staging.varesenews.it\/photogallery_new\/images\/2022\/07\/hotel-campo-dei-fiori-1322679.jpg","full":"https:\/\/staging.varesenews.it\/photogallery_new\/images\/2022\/07\/hotel-campo-dei-fiori-1322679.1024x768.jpg","large":"https:\/\/staging.varesenews.it\/photogallery_new\/images\/2022\/07\/hotel-campo-dei-fiori-1322679.610x431.jpg"}],"_links":{"self":[{"href":"https:\/\/staging.varesenews.it\/swgapi\/v1\/wp\/v2\/posts\/1489424"}],"collection":[{"href":"https:\/\/staging.varesenews.it\/swgapi\/v1\/wp\/v2\/posts"}],"about":[{"href":"https:\/\/staging.varesenews.it\/swgapi\/v1\/wp\/v2\/types\/post"}],"author":[{"embeddable":true,"href":"https:\/\/staging.varesenews.it\/swgapi\/v1\/wp\/v2\/users\/49"}],"replies":[{"embeddable":true,"href":"https:\/\/staging.varesenews.it\/swgapi\/v1\/wp\/v2\/comments?post=1489424"}],"version-history":[{"count":0,"href":"https:\/\/staging.varesenews.it\/swgapi\/v1\/wp\/v2\/posts\/1489424\/revisions"}],"wp:attachment":[{"href":"https:\/\/staging.varesenews.it\/swgapi\/v1\/wp\/v2\/media?parent=1489424"}],"wp:term":[{"taxonomy":"category","embeddable":true,"href":"https:\/\/staging.varesenews.it\/swgapi\/v1\/wp\/v2\/categories?post=1489424"},{"taxonomy":"post_tag","embeddable":true,"href":"https:\/\/staging.varesenews.it\/swgapi\/v1\/wp\/v2\/tags?post=1489424"}],"curies":[{"name":"wp","href":"https:\/\/api.w.org\/{rel}","templated":true}]}}