{"id":1489625,"date":"2022-08-10T12:14:41","date_gmt":"2022-08-10T10:14:41","guid":{"rendered":"https:\/\/www.varesenews.it\/?p=1489625"},"modified":"2022-08-10T12:14:41","modified_gmt":"2022-08-10T10:14:41","slug":"nuova-mensa-le-scuole-castronno","status":"publish","type":"post","link":"https:\/\/staging.varesenews.it\/2022\/08\/nuova-mensa-le-scuole-castronno\/1489625\/","title":{"rendered":"Una nuova mensa per le scuole di Castronno"},"content":{"rendered":"<p><strong>Una nuova mensa per le scuole di Castronno<\/strong>. Il <strong>Pnrr Mensa<\/strong> ha assegnato al Comune di Castronno<strong> 940 mila euro<\/strong>, una cifra davvero considerevole e il sindaco sta pensando di realizzare un progetto che soddisfer\u00e0 le esigenze dei due <strong>plessi scolastici<\/strong>.<\/p>\n<p>\u00abSono molto soddisfatto di aver ottenuto questo finanziamento perch\u00e9 ci consentir\u00e0 di concretizzare un progetto a cui teniamo molto &#8211; spiega il <strong>sindaco Giuseppe Gabri<\/strong> &#8211;\u00a0 L&#8217;idea \u00e8 quella di costruire\u00a0<strong>un edificio completamente nuovo<\/strong> nell&#8217;area che congiunge le due scuole, la scuola primaria &#8220;Pascoli&#8221;, e la De Amicis, la secondaria di primo grado.<br \/>\nAll&#8217;interno di quel sedime realizzeremo una struttura che potr\u00e0 ospitare gli alunni dei due istituti durante l&#8217;ora del pranzo. Sar\u00e0 realizzata in modo tale da tener gi\u00e0 conto di possibili difficolt\u00e0, o disagi, creati da una nuova emergenza sanitaria: quindi ci saranno pi\u00f9 aule o locali che prevedano la possibilit\u00e0 di suddivisioni ulteriori. L&#8217;intenzione \u00e8 anche quella di creare all&#8217;interno della nuova mensa alcune aule laboratorio e stanze accessorie che andranno a liberare altro spazio all&#8217;interno della &#8220;Pascoli&#8221;\u00bb. Il passo successivo sar\u00e0 quello di appaltare il progetto e poi si potr\u00e0 procedere.<\/p>\n<p>Il tema della scuola \u00e8 in cima &#8220;all&#8217;agenda&#8221; dell&#8217;amministrazione comunale di Castronno che in questi mesi ha discusso a lungo della necessit\u00e0 o meno di chiudere la primaria di Sant&#8217;Alessandro: il consiglio comunale, dopo settimane di braccio di ferro con i genitori, ha deciso che la scuola <a href=\"https:\/\/www.varesenews.it\/2022\/07\/consiglio-comunale-castronno-vota-la-chiusura-della-scuola-santalessandro\/1486279\/\">Marconi verr\u00e0 chiusa nell&#8217;anno scolastico 2023-2024.<\/a><\/p>\n<p>&nbsp;<\/p>\n<p>&nbsp;<\/p>\n","protected":false},"excerpt":{"rendered":"<p>L&#8217;amministrazione comunale ha ottenuto dal Pnrr Mense un finanziamento di 940 mila euro. La nuova struttura servir\u00e0 i due plessi scolastici<\/p>\n","protected":false},"author":49,"featured_media":0,"comment_status":"open","ping_status":"open","sticky":false,"template":"","format":"standard","meta":{"footnotes":""},"categories":[2],"tags":[41400,125529,223],"acf":[],"yoast_head":"<!-- This site is optimized with the Yoast SEO plugin v20.1 - https:\/\/yoast.com\/wordpress\/plugins\/seo\/ -->\n<title>Una nuova mensa per le scuole di Castronno<\/title>\n<meta name=\"description\" content=\"L&#039;amministrazione comunale ha ottenuto dal Pnrr Mense un finanziamento di 940 mila euro. La nuova struttura servir\u00e0 i due plessi scolastici\" \/>\n<meta name=\"robots\" content=\"noindex, follow, max-snippet:-1, max-image-preview:large, max-video-preview:-1\" \/>\n<meta property=\"og:locale\" content=\"it_IT\" \/>\n<meta property=\"og:type\" content=\"article\" \/>\n<meta property=\"og:title\" content=\"Una nuova mensa per le scuole di Castronno\" \/>\n<meta property=\"og:description\" content=\"L&#039;amministrazione comunale ha ottenuto dal Pnrr Mense un finanziamento di 940 mila euro. La nuova struttura servir\u00e0 i due plessi scolastici\" \/>\n<meta property=\"og:url\" content=\"https:\/\/staging.varesenews.it\/2022\/08\/nuova-mensa-le-scuole-castronno\/1489625\/\" \/>\n<meta property=\"og:site_name\" content=\"VareseNews\" \/>\n<meta property=\"article:publisher\" content=\"https:\/\/www.facebook.com\/varesenews\" \/>\n<meta property=\"article:author\" content=\"https:\/\/www.facebook.com\/roberta.bertolini.9\" \/>\n<meta property=\"article:published_time\" content=\"2022-08-10T10:14:41+00:00\" \/>\n<meta name=\"author\" content=\"Roberta Bertolini\" \/>\n<meta name=\"twitter:card\" content=\"summary_large_image\" \/>\n<meta name=\"twitter:creator\" content=\"@robybertolini\" \/>\n<meta name=\"twitter:site\" content=\"@varesenews\" \/>\n<meta name=\"twitter:label1\" content=\"Scritto da\" \/>\n\t<meta name=\"twitter:data1\" content=\"Roberta Bertolini\" \/>\n\t<meta name=\"twitter:label2\" content=\"Tempo di lettura stimato\" \/>\n\t<meta name=\"twitter:data2\" content=\"1 minuto\" \/>\n<script type=\"application\/ld+json\" class=\"yoast-schema-graph\">{\"@context\":\"https:\/\/schema.org\",\"@graph\":[{\"@type\":\"WebPage\",\"@id\":\"https:\/\/staging.varesenews.it\/2022\/08\/nuova-mensa-le-scuole-castronno\/1489625\/\",\"url\":\"https:\/\/staging.varesenews.it\/2022\/08\/nuova-mensa-le-scuole-castronno\/1489625\/\",\"name\":\"Una nuova mensa per le scuole di Castronno\",\"isPartOf\":{\"@id\":\"https:\/\/staging.varesenews.it\/#website\"},\"datePublished\":\"2022-08-10T10:14:41+00:00\",\"dateModified\":\"2022-08-10T10:14:41+00:00\",\"author\":{\"@id\":\"https:\/\/staging.varesenews.it\/#\/schema\/person\/58fbd3e567d5c00f0a64d5137fef3e68\"},\"description\":\"L'amministrazione comunale ha ottenuto dal Pnrr Mense un finanziamento di 940 mila euro. La nuova struttura servir\u00e0 i due plessi scolastici\",\"breadcrumb\":{\"@id\":\"https:\/\/staging.varesenews.it\/2022\/08\/nuova-mensa-le-scuole-castronno\/1489625\/#breadcrumb\"},\"inLanguage\":\"it-IT\",\"potentialAction\":[{\"@type\":\"ReadAction\",\"target\":[\"https:\/\/staging.varesenews.it\/2022\/08\/nuova-mensa-le-scuole-castronno\/1489625\/\"]}]},{\"@type\":\"BreadcrumbList\",\"@id\":\"https:\/\/staging.varesenews.it\/2022\/08\/nuova-mensa-le-scuole-castronno\/1489625\/#breadcrumb\",\"itemListElement\":[{\"@type\":\"ListItem\",\"position\":1,\"name\":\"Home\",\"item\":\"https:\/\/www.varesenews.it\/\"},{\"@type\":\"ListItem\",\"position\":2,\"name\":\"Una nuova mensa per le scuole di Castronno\"}]},{\"@type\":\"WebSite\",\"@id\":\"https:\/\/staging.varesenews.it\/#website\",\"url\":\"https:\/\/staging.varesenews.it\/\",\"name\":\"VareseNews\",\"description\":\"\",\"potentialAction\":[{\"@type\":\"SearchAction\",\"target\":{\"@type\":\"EntryPoint\",\"urlTemplate\":\"https:\/\/staging.varesenews.it\/?s={search_term_string}\"},\"query-input\":\"required name=search_term_string\"}],\"inLanguage\":\"it-IT\"},{\"@type\":\"Person\",\"@id\":\"https:\/\/staging.varesenews.it\/#\/schema\/person\/58fbd3e567d5c00f0a64d5137fef3e68\",\"name\":\"Roberta Bertolini\",\"image\":{\"@type\":\"ImageObject\",\"inLanguage\":\"it-IT\",\"@id\":\"https:\/\/staging.varesenews.it\/#\/schema\/person\/image\/\",\"url\":\"https:\/\/staging.varesenews.it\/wp-content\/uploads\/2020\/12\/roberta_bertolini_colori_500.jpg\",\"contentUrl\":\"https:\/\/staging.varesenews.it\/wp-content\/uploads\/2020\/12\/roberta_bertolini_colori_500.jpg\",\"caption\":\"Roberta Bertolini\"},\"description\":\"Giornalista professionista dal 1991, sono passata, ormai molti anni fa, dalla carta al web. Oggi mi occupo di cronaca locale e guardo con curiosit&agrave; ed attenzione il mondo dei social. Parlo poco, ascolto molto.\",\"sameAs\":[\"https:\/\/www.facebook.com\/roberta.bertolini.9\",\"bettabertolini\",\"https:\/\/www.linkedin.com\/hp\/?dnr=v9e-Gp7a6_oxqTuQyZA0Lf4aEi4t91g6wMH\",\"https:\/\/twitter.com\/robybertolini\"],\"url\":\"https:\/\/staging.varesenews.it\/persona\/roberta-bertolini1\/\"}]}<\/script>\n<!-- \/ Yoast SEO plugin. -->","yoast_head_json":{"title":"Una nuova mensa per le scuole di Castronno","description":"L'amministrazione comunale ha ottenuto dal Pnrr Mense un finanziamento di 940 mila euro. La nuova struttura servir\u00e0 i due plessi scolastici","robots":{"index":"noindex","follow":"follow","max-snippet":"max-snippet:-1","max-image-preview":"max-image-preview:large","max-video-preview":"max-video-preview:-1"},"og_locale":"it_IT","og_type":"article","og_title":"Una nuova mensa per le scuole di Castronno","og_description":"L'amministrazione comunale ha ottenuto dal Pnrr Mense un finanziamento di 940 mila euro. La nuova struttura servir\u00e0 i due plessi scolastici","og_url":"https:\/\/staging.varesenews.it\/2022\/08\/nuova-mensa-le-scuole-castronno\/1489625\/","og_site_name":"VareseNews","article_publisher":"https:\/\/www.facebook.com\/varesenews","article_author":"https:\/\/www.facebook.com\/roberta.bertolini.9","article_published_time":"2022-08-10T10:14:41+00:00","author":"Roberta Bertolini","twitter_card":"summary_large_image","twitter_creator":"@robybertolini","twitter_site":"@varesenews","twitter_misc":{"Scritto da":"Roberta Bertolini","Tempo di lettura stimato":"1 minuto"},"schema":{"@context":"https:\/\/schema.org","@graph":[{"@type":"WebPage","@id":"https:\/\/staging.varesenews.it\/2022\/08\/nuova-mensa-le-scuole-castronno\/1489625\/","url":"https:\/\/staging.varesenews.it\/2022\/08\/nuova-mensa-le-scuole-castronno\/1489625\/","name":"Una nuova mensa per le scuole di Castronno","isPartOf":{"@id":"https:\/\/staging.varesenews.it\/#website"},"datePublished":"2022-08-10T10:14:41+00:00","dateModified":"2022-08-10T10:14:41+00:00","author":{"@id":"https:\/\/staging.varesenews.it\/#\/schema\/person\/58fbd3e567d5c00f0a64d5137fef3e68"},"description":"L'amministrazione comunale ha ottenuto dal Pnrr Mense un finanziamento di 940 mila euro. La nuova struttura servir\u00e0 i due plessi scolastici","breadcrumb":{"@id":"https:\/\/staging.varesenews.it\/2022\/08\/nuova-mensa-le-scuole-castronno\/1489625\/#breadcrumb"},"inLanguage":"it-IT","potentialAction":[{"@type":"ReadAction","target":["https:\/\/staging.varesenews.it\/2022\/08\/nuova-mensa-le-scuole-castronno\/1489625\/"]}]},{"@type":"BreadcrumbList","@id":"https:\/\/staging.varesenews.it\/2022\/08\/nuova-mensa-le-scuole-castronno\/1489625\/#breadcrumb","itemListElement":[{"@type":"ListItem","position":1,"name":"Home","item":"https:\/\/www.varesenews.it\/"},{"@type":"ListItem","position":2,"name":"Una nuova mensa per le scuole di Castronno"}]},{"@type":"WebSite","@id":"https:\/\/staging.varesenews.it\/#website","url":"https:\/\/staging.varesenews.it\/","name":"VareseNews","description":"","potentialAction":[{"@type":"SearchAction","target":{"@type":"EntryPoint","urlTemplate":"https:\/\/staging.varesenews.it\/?s={search_term_string}"},"query-input":"required name=search_term_string"}],"inLanguage":"it-IT"},{"@type":"Person","@id":"https:\/\/staging.varesenews.it\/#\/schema\/person\/58fbd3e567d5c00f0a64d5137fef3e68","name":"Roberta Bertolini","image":{"@type":"ImageObject","inLanguage":"it-IT","@id":"https:\/\/staging.varesenews.it\/#\/schema\/person\/image\/","url":"https:\/\/staging.varesenews.it\/wp-content\/uploads\/2020\/12\/roberta_bertolini_colori_500.jpg","contentUrl":"https:\/\/staging.varesenews.it\/wp-content\/uploads\/2020\/12\/roberta_bertolini_colori_500.jpg","caption":"Roberta Bertolini"},"description":"Giornalista professionista dal 1991, sono passata, ormai molti anni fa, dalla carta al web. Oggi mi occupo di cronaca locale e guardo con curiosit&agrave; ed attenzione il mondo dei social. Parlo poco, ascolto molto.","sameAs":["https:\/\/www.facebook.com\/roberta.bertolini.9","bettabertolini","https:\/\/www.linkedin.com\/hp\/?dnr=v9e-Gp7a6_oxqTuQyZA0Lf4aEi4t91g6wMH","https:\/\/twitter.com\/robybertolini"],"url":"https:\/\/staging.varesenews.it\/persona\/roberta-bertolini1\/"}]}},"post_meta":{"content-image-gallery":"","_edit_lock":"1660126775:49","_edit_last":"49","_category_permalink":"a:1:{s:7:\"testate\";s:0:\"\";}","firma-personalizzata":"R.B.","argomento":"Castronno","_yoast_wpseo_focuskw_text_input":"castronno scuola","_yoast_wpseo_focuskw":"castronno scuola","_yoast_wpseo_linkdex":"58","_yoast_wpseo_content_score":"30","_jd_tweet_this":"yes","foto":"1321581","_encloseme":"1","ratings_users":"0","ratings_score":"0","ratings_average":"0","_wpt_short_url":"https:\/\/www.varesenews.it\/2022\/08\/nuova-mensa-le-scuole-castronno\/1489625\/","_wp_jd_target":"https:\/\/www.varesenews.it\/2022\/08\/nuova-mensa-le-scuole-castronno\/1489625\/","_jd_wp_twitter":"a:1:{i:0;s:152:\"Una nuova mensa per le scuole di Castronno https:\/\/www.varesenews.it\/2022\/08\/nuova-mensa-le-scuole-castronno\/1489625\/ #castronno #fondipnrrmensa #scuola\";}","_wpt_status_message":"Tweet inviato con successo.","_oembed_68dd86465f6a43db86861e98235391d8":"<blockquote class=\"wp-embedded-content\" data-secret=\"SrJai2zttY\"><a href=\"https:\/\/www.varesenews.it\/2022\/08\/osservazioni-sullospedale-unico-gallarate-busto-ce-tempo-al-25-agosto\/1487509\/\">Per presentare osservazioni sull&#8217;ospedale unico Gallarate-Busto c&#8217;\u00e8 tempo (solo) fino al 25 agosto<\/a><\/blockquote><iframe class=\"wp-embedded-content\" sandbox=\"allow-scripts\" security=\"restricted\" style=\"position: absolute; clip: rect(1px, 1px, 1px, 1px);\" src=\"https:\/\/www.varesenews.it\/2022\/08\/osservazioni-sullospedale-unico-gallarate-busto-ce-tempo-al-25-agosto\/1487509\/embed\/#?secret=SrJai2zttY\" data-secret=\"SrJai2zttY\" width=\"500\" height=\"282\" title=\"&#8220;Per presentare osservazioni sull&#8217;ospedale unico Gallarate-Busto c&#8217;\u00e8 tempo (solo) fino al 25 agosto&#8221; &#8212; VareseNews\" frameborder=\"0\" marginwidth=\"0\" marginheight=\"0\" scrolling=\"no\"><\/iframe>","_oembed_time_68dd86465f6a43db86861e98235391d8":"1660126559"},"photos":[{"original":"https:\/\/staging.varesenews.it\/photogallery_new\/images\/2022\/07\/castronno-in-tour-2022-i-luoghi-1321581.jpg","full":"https:\/\/staging.varesenews.it\/photogallery_new\/images\/2022\/07\/castronno-in-tour-2022-i-luoghi-1321581.1024x768.jpg","large":"https:\/\/staging.varesenews.it\/photogallery_new\/images\/2022\/07\/castronno-in-tour-2022-i-luoghi-1321581.610x431.jpg"}],"_links":{"self":[{"href":"https:\/\/staging.varesenews.it\/swgapi\/v1\/wp\/v2\/posts\/1489625"}],"collection":[{"href":"https:\/\/staging.varesenews.it\/swgapi\/v1\/wp\/v2\/posts"}],"about":[{"href":"https:\/\/staging.varesenews.it\/swgapi\/v1\/wp\/v2\/types\/post"}],"author":[{"embeddable":true,"href":"https:\/\/staging.varesenews.it\/swgapi\/v1\/wp\/v2\/users\/49"}],"replies":[{"embeddable":true,"href":"https:\/\/staging.varesenews.it\/swgapi\/v1\/wp\/v2\/comments?post=1489625"}],"version-history":[{"count":0,"href":"https:\/\/staging.varesenews.it\/swgapi\/v1\/wp\/v2\/posts\/1489625\/revisions"}],"wp:attachment":[{"href":"https:\/\/staging.varesenews.it\/swgapi\/v1\/wp\/v2\/media?parent=1489625"}],"wp:term":[{"taxonomy":"category","embeddable":true,"href":"https:\/\/staging.varesenews.it\/swgapi\/v1\/wp\/v2\/categories?post=1489625"},{"taxonomy":"post_tag","embeddable":true,"href":"https:\/\/staging.varesenews.it\/swgapi\/v1\/wp\/v2\/tags?post=1489625"}],"curies":[{"name":"wp","href":"https:\/\/api.w.org\/{rel}","templated":true}]}}