{"id":1492146,"date":"2022-08-24T14:35:18","date_gmt":"2022-08-24T12:35:18","guid":{"rendered":"https:\/\/www.varesenews.it\/?p=1492146"},"modified":"2022-08-24T17:22:39","modified_gmt":"2022-08-24T15:22:39","slug":"le-mollette-del-bucato-mostra-maccagno","status":"publish","type":"post","link":"https:\/\/staging.varesenews.it\/2022\/08\/le-mollette-del-bucato-mostra-maccagno\/1492146\/","title":{"rendered":"Le mollette del bucato in mostra a Maccagno"},"content":{"rendered":"<p>Anche un oggetto cos\u00ec semplice come una molletta pu\u00f2 diventare un&#8217;opera d&#8217;arte. L&#8217;inseparabile amica del bucato dopo ogni lavatrice sar\u00e0 infatti la protagonista della mostra dell&#8217;artista <strong>Andrea Polenghi<\/strong> a Cadero, a <strong>Maccagno con Pino e Veddasca<\/strong>. Intitolata <strong>l&#8217;AMOlletta<\/strong>, l&#8217;esposizione si potr\u00e0 visitare gratuitamente da sabato 27 agosto (l&#8217;inaugurazione sar\u00e0 alle 17, seguita alle 19 dal concerto <a href=\"https:\/\/www.varesenews.it\/2022\/08\/la-musica-irlandese-tradotta-dialetto-risuona-concerto-maccagno\/1491931\/\">Irlanda Lombardia di Renato Ornaghi<\/a>) a domenica 25 settembre.<\/p>\n<p><strong>La mostra di Andrea Polenghi nasce da un&#8217;idea giocosa nata per caso durante la pandemia<\/strong>. \u00abRitirando il bucato, non essendo molto pratico, alcune mollette mi sono cadute in cortile &#8211; racconta l&#8217;artista -. Sceso per recuperarle, le ho trovate rotte, o meglio, divise dalla molla che tiene insieme i due componenti. Dovevo ricomporle e, proprio facendo questa operazione, mi sono accorto di come erano fatte e di quanto geniale fosse l\u2019idea che ha generato questo piccolo capolavoro ingegneristico, pur nella sua apparente banalit\u00e0. Osservandole con attenzione, ho notato che la parte sagomata, quella che serve ad affrancare l\u2019indumento alla corda, avrebbe potuto avere una forma diversa, purch\u00e9 speculare. Subendo la negativit\u00e0 del periodo CoVid, con tutte le incertezze di salute ad esso legate, la molletta mi ricordava la sensazione di sentirmi appeso ad un filo. Altra caratteristica fondamentale che ho trovato nella molletta \u00e8 la possibilit\u00e0 di apertura e chiusura, fortemente assimilabili al desiderio di apertura delle attivit\u00e0 e porre fine alle chiusure pressoch\u00e9 totali. Mi \u00e8 cos\u00ec nata la voglia di giocare con nuove forme e mi sono lasciato ispirare da eventi della quotidianit\u00e0 che ho voluto raccontare accompagnandoli con un testo che doveva necessariamente essere conosciuto(frasi fatte, modi di dire, detti latini etc. etc.) nel quale intervenire cambiando una parola od una lettera, originando una sorta di calembour\u00bb.<\/p>\n<p>L&#8217;AMOlletta \u00e8 organizzata dalla Pro Loco di Maccagno in collaborazione con <strong>Taxus &#8211; Micro Museo Cadero<\/strong>, <strong>Bridge of the Artists<\/strong> e <strong>Fondazione Leonardo da Vinci<\/strong>.<\/p>\n","protected":false},"excerpt":{"rendered":"<p>L&#8217;esposizione si intitola l&#8217;AMOlletta e nasce dall&#8217;idea dell&#8217;artista Andrea Polenghi. L&#8217;inaugurazione sar\u00e0 sabato 27 agosto<\/p>\n","protected":false},"author":12163,"featured_media":0,"comment_status":"open","ping_status":"open","sticky":false,"template":"","format":"aside","meta":{"footnotes":""},"categories":[21,2],"tags":[118592,117121],"acf":[],"yoast_head":"<!-- This site is optimized with the Yoast SEO plugin v20.1 - https:\/\/yoast.com\/wordpress\/plugins\/seo\/ -->\n<title>Le mollette del bucato in mostra a Maccagno<\/title>\n<meta name=\"description\" content=\"L&#039;esposizione si intitola l&#039;AMOlletta e nasce dall&#039;idea dell&#039;artista Andrea Polenghi. L&#039;inaugurazione sar\u00e0 sabato 27 agosto\" \/>\n<meta name=\"robots\" content=\"noindex, follow, max-snippet:-1, max-image-preview:large, max-video-preview:-1\" \/>\n<meta property=\"og:locale\" content=\"it_IT\" \/>\n<meta property=\"og:type\" content=\"article\" \/>\n<meta property=\"og:title\" content=\"Le mollette del bucato in mostra a Maccagno\" \/>\n<meta property=\"og:description\" content=\"L&#039;esposizione si intitola l&#039;AMOlletta e nasce dall&#039;idea dell&#039;artista Andrea Polenghi. L&#039;inaugurazione sar\u00e0 sabato 27 agosto\" \/>\n<meta property=\"og:url\" content=\"https:\/\/www.varesenews.it\/2022\/08\/le-mollette-del-bucato-mostra-maccagno\/1492146\/\" \/>\n<meta property=\"og:site_name\" content=\"VareseNews\" \/>\n<meta property=\"article:publisher\" content=\"https:\/\/www.facebook.com\/varesenews\" \/>\n<meta property=\"article:published_time\" content=\"2022-08-24T12:35:18+00:00\" \/>\n<meta property=\"article:modified_time\" content=\"2022-08-24T15:22:39+00:00\" \/>\n<meta name=\"author\" content=\"Alessandro Guglielmi\" \/>\n<meta name=\"twitter:card\" content=\"summary_large_image\" \/>\n<meta name=\"twitter:creator\" content=\"@varesenews\" \/>\n<meta name=\"twitter:site\" content=\"@varesenews\" \/>\n<meta name=\"twitter:label1\" content=\"Scritto da\" \/>\n\t<meta name=\"twitter:data1\" content=\"Alessandro Guglielmi\" \/>\n\t<meta name=\"twitter:label2\" content=\"Tempo di lettura stimato\" \/>\n\t<meta name=\"twitter:data2\" content=\"2 minuti\" \/>\n<script type=\"application\/ld+json\" class=\"yoast-schema-graph\">{\"@context\":\"https:\/\/schema.org\",\"@graph\":[{\"@type\":\"WebPage\",\"@id\":\"https:\/\/www.varesenews.it\/2022\/08\/le-mollette-del-bucato-mostra-maccagno\/1492146\/\",\"url\":\"https:\/\/www.varesenews.it\/2022\/08\/le-mollette-del-bucato-mostra-maccagno\/1492146\/\",\"name\":\"Le mollette del bucato in mostra a Maccagno\",\"isPartOf\":{\"@id\":\"https:\/\/staging.varesenews.it\/#website\"},\"datePublished\":\"2022-08-24T12:35:18+00:00\",\"dateModified\":\"2022-08-24T15:22:39+00:00\",\"author\":{\"@id\":\"https:\/\/staging.varesenews.it\/#\/schema\/person\/862743a45f2663f7148a8b4bcbd05230\"},\"description\":\"L'esposizione si intitola l'AMOlletta e nasce dall'idea dell'artista Andrea Polenghi. L'inaugurazione sar\u00e0 sabato 27 agosto\",\"breadcrumb\":{\"@id\":\"https:\/\/www.varesenews.it\/2022\/08\/le-mollette-del-bucato-mostra-maccagno\/1492146\/#breadcrumb\"},\"inLanguage\":\"it-IT\",\"potentialAction\":[{\"@type\":\"ReadAction\",\"target\":[\"https:\/\/www.varesenews.it\/2022\/08\/le-mollette-del-bucato-mostra-maccagno\/1492146\/\"]}]},{\"@type\":\"BreadcrumbList\",\"@id\":\"https:\/\/www.varesenews.it\/2022\/08\/le-mollette-del-bucato-mostra-maccagno\/1492146\/#breadcrumb\",\"itemListElement\":[{\"@type\":\"ListItem\",\"position\":1,\"name\":\"Home\",\"item\":\"https:\/\/www.varesenews.it\/\"},{\"@type\":\"ListItem\",\"position\":2,\"name\":\"Le mollette del bucato in mostra a Maccagno\"}]},{\"@type\":\"WebSite\",\"@id\":\"https:\/\/staging.varesenews.it\/#website\",\"url\":\"https:\/\/staging.varesenews.it\/\",\"name\":\"VareseNews\",\"description\":\"\",\"potentialAction\":[{\"@type\":\"SearchAction\",\"target\":{\"@type\":\"EntryPoint\",\"urlTemplate\":\"https:\/\/staging.varesenews.it\/?s={search_term_string}\"},\"query-input\":\"required name=search_term_string\"}],\"inLanguage\":\"it-IT\"},{\"@type\":\"Person\",\"@id\":\"https:\/\/staging.varesenews.it\/#\/schema\/person\/862743a45f2663f7148a8b4bcbd05230\",\"name\":\"Alessandro Guglielmi\",\"image\":{\"@type\":\"ImageObject\",\"inLanguage\":\"it-IT\",\"@id\":\"https:\/\/staging.varesenews.it\/#\/schema\/person\/image\/\",\"url\":\"https:\/\/staging.varesenews.it\/wp-content\/uploads\/2020\/12\/alessandro_guglielmi_colori_500.jpg\",\"contentUrl\":\"https:\/\/staging.varesenews.it\/wp-content\/uploads\/2020\/12\/alessandro_guglielmi_colori_500.jpg\",\"caption\":\"Alessandro Guglielmi\"},\"description\":\"Studente classe 1997 collaboro con VareseNews dal 2018. Mi occupo di cronaca, di universit&agrave;, ma soprattutto racconto quel territorio fatto di boschi, piccoli borghi e costellato dai laghi che chiamo casa. Fin da piccolo ho sempre avuto un gran voglia di imparare, nello studio, nel mio lavoro, ma anche nelle arti marziali e in ognuna delle mie passioni. Convinto che ogni persona abbia qualcosa da insegnare, resto sempre aperto all'ascolto, pronto a cogliere lo straordinario anche nei piccoli gesti di tutti i giorni.\",\"url\":\"https:\/\/staging.varesenews.it\/persona\/ale-guglielmi1\/\"}]}<\/script>\n<!-- \/ Yoast SEO plugin. -->","yoast_head_json":{"title":"Le mollette del bucato in mostra a Maccagno","description":"L'esposizione si intitola l'AMOlletta e nasce dall'idea dell'artista Andrea Polenghi. L'inaugurazione sar\u00e0 sabato 27 agosto","robots":{"index":"noindex","follow":"follow","max-snippet":"max-snippet:-1","max-image-preview":"max-image-preview:large","max-video-preview":"max-video-preview:-1"},"og_locale":"it_IT","og_type":"article","og_title":"Le mollette del bucato in mostra a Maccagno","og_description":"L'esposizione si intitola l'AMOlletta e nasce dall'idea dell'artista Andrea Polenghi. L'inaugurazione sar\u00e0 sabato 27 agosto","og_url":"https:\/\/www.varesenews.it\/2022\/08\/le-mollette-del-bucato-mostra-maccagno\/1492146\/","og_site_name":"VareseNews","article_publisher":"https:\/\/www.facebook.com\/varesenews","article_published_time":"2022-08-24T12:35:18+00:00","article_modified_time":"2022-08-24T15:22:39+00:00","author":"Alessandro Guglielmi","twitter_card":"summary_large_image","twitter_creator":"@varesenews","twitter_site":"@varesenews","twitter_misc":{"Scritto da":"Alessandro Guglielmi","Tempo di lettura stimato":"2 minuti"},"schema":{"@context":"https:\/\/schema.org","@graph":[{"@type":"WebPage","@id":"https:\/\/www.varesenews.it\/2022\/08\/le-mollette-del-bucato-mostra-maccagno\/1492146\/","url":"https:\/\/www.varesenews.it\/2022\/08\/le-mollette-del-bucato-mostra-maccagno\/1492146\/","name":"Le mollette del bucato in mostra a Maccagno","isPartOf":{"@id":"https:\/\/staging.varesenews.it\/#website"},"datePublished":"2022-08-24T12:35:18+00:00","dateModified":"2022-08-24T15:22:39+00:00","author":{"@id":"https:\/\/staging.varesenews.it\/#\/schema\/person\/862743a45f2663f7148a8b4bcbd05230"},"description":"L'esposizione si intitola l'AMOlletta e nasce dall'idea dell'artista Andrea Polenghi. L'inaugurazione sar\u00e0 sabato 27 agosto","breadcrumb":{"@id":"https:\/\/www.varesenews.it\/2022\/08\/le-mollette-del-bucato-mostra-maccagno\/1492146\/#breadcrumb"},"inLanguage":"it-IT","potentialAction":[{"@type":"ReadAction","target":["https:\/\/www.varesenews.it\/2022\/08\/le-mollette-del-bucato-mostra-maccagno\/1492146\/"]}]},{"@type":"BreadcrumbList","@id":"https:\/\/www.varesenews.it\/2022\/08\/le-mollette-del-bucato-mostra-maccagno\/1492146\/#breadcrumb","itemListElement":[{"@type":"ListItem","position":1,"name":"Home","item":"https:\/\/www.varesenews.it\/"},{"@type":"ListItem","position":2,"name":"Le mollette del bucato in mostra a Maccagno"}]},{"@type":"WebSite","@id":"https:\/\/staging.varesenews.it\/#website","url":"https:\/\/staging.varesenews.it\/","name":"VareseNews","description":"","potentialAction":[{"@type":"SearchAction","target":{"@type":"EntryPoint","urlTemplate":"https:\/\/staging.varesenews.it\/?s={search_term_string}"},"query-input":"required name=search_term_string"}],"inLanguage":"it-IT"},{"@type":"Person","@id":"https:\/\/staging.varesenews.it\/#\/schema\/person\/862743a45f2663f7148a8b4bcbd05230","name":"Alessandro Guglielmi","image":{"@type":"ImageObject","inLanguage":"it-IT","@id":"https:\/\/staging.varesenews.it\/#\/schema\/person\/image\/","url":"https:\/\/staging.varesenews.it\/wp-content\/uploads\/2020\/12\/alessandro_guglielmi_colori_500.jpg","contentUrl":"https:\/\/staging.varesenews.it\/wp-content\/uploads\/2020\/12\/alessandro_guglielmi_colori_500.jpg","caption":"Alessandro Guglielmi"},"description":"Studente classe 1997 collaboro con VareseNews dal 2018. Mi occupo di cronaca, di universit&agrave;, ma soprattutto racconto quel territorio fatto di boschi, piccoli borghi e costellato dai laghi che chiamo casa. Fin da piccolo ho sempre avuto un gran voglia di imparare, nello studio, nel mio lavoro, ma anche nelle arti marziali e in ognuna delle mie passioni. Convinto che ogni persona abbia qualcosa da insegnare, resto sempre aperto all'ascolto, pronto a cogliere lo straordinario anche nei piccoli gesti di tutti i giorni.","url":"https:\/\/staging.varesenews.it\/persona\/ale-guglielmi1\/"}]}},"post_meta":{"content-image-gallery":"","_edit_lock":"1661354424:12163","_edit_last":"12163","_category_permalink":"a:1:{s:8:\"category\";s:0:\"\";}","foto":"106297","evento-location":"1471610","evento-price":"Gratuito","evento-organization":"1447192","argomento":"Maccagno con Pino e Veddasca","_yoast_wpseo_focuskw_text_input":"mollette","_yoast_wpseo_focuskw":"mollette","_yoast_wpseo_linkdex":"69","_yoast_wpseo_content_score":"30","_jd_tweet_this":"yes","_encloseme":"1","ratings_users":"0","ratings_score":"0","ratings_average":"0","_wpt_short_url":"https:\/\/www.varesenews.it\/2022\/08\/le-mollette-del-bucato-mostra-maccagno\/1492146\/","_wp_jd_target":"https:\/\/www.varesenews.it\/2022\/08\/le-mollette-del-bucato-mostra-maccagno\/1492146\/","_jd_wp_twitter":"a:1:{i:0;s:149:\"Le mollette del bucato in mostra a Maccagno https:\/\/www.varesenews.it\/2022\/08\/le-mollette-del-bucato-mostra-maccagno\/1492146\/ #prolocomaccagno #Taxus\";}","_wpt_status_message":"Tweet inviato con successo."},"photos":[{"original":"https:\/\/staging.varesenews.it\/photogallery_new\/images\/2014\/05\/panni-stesi-apertura-106297.jpg","full":"https:\/\/staging.varesenews.it\/photogallery_new\/images\/2014\/05\/panni-stesi-apertura-106297.1024x768.jpg","large":"https:\/\/staging.varesenews.it\/photogallery_new\/images\/2014\/05\/panni-stesi-apertura-106297.610x431.jpg"}],"_links":{"self":[{"href":"https:\/\/staging.varesenews.it\/swgapi\/v1\/wp\/v2\/posts\/1492146"}],"collection":[{"href":"https:\/\/staging.varesenews.it\/swgapi\/v1\/wp\/v2\/posts"}],"about":[{"href":"https:\/\/staging.varesenews.it\/swgapi\/v1\/wp\/v2\/types\/post"}],"author":[{"embeddable":true,"href":"https:\/\/staging.varesenews.it\/swgapi\/v1\/wp\/v2\/users\/12163"}],"replies":[{"embeddable":true,"href":"https:\/\/staging.varesenews.it\/swgapi\/v1\/wp\/v2\/comments?post=1492146"}],"version-history":[{"count":0,"href":"https:\/\/staging.varesenews.it\/swgapi\/v1\/wp\/v2\/posts\/1492146\/revisions"}],"wp:attachment":[{"href":"https:\/\/staging.varesenews.it\/swgapi\/v1\/wp\/v2\/media?parent=1492146"}],"wp:term":[{"taxonomy":"category","embeddable":true,"href":"https:\/\/staging.varesenews.it\/swgapi\/v1\/wp\/v2\/categories?post=1492146"},{"taxonomy":"post_tag","embeddable":true,"href":"https:\/\/staging.varesenews.it\/swgapi\/v1\/wp\/v2\/tags?post=1492146"}],"curies":[{"name":"wp","href":"https:\/\/api.w.org\/{rel}","templated":true}]}}