{"id":1492773,"date":"2022-08-27T11:22:33","date_gmt":"2022-08-27T09:22:33","guid":{"rendered":"https:\/\/www.varesenews.it\/?p=1492773"},"modified":"2022-08-27T11:22:34","modified_gmt":"2022-08-27T09:22:34","slug":"concerto-barocco-villa-borromeo-viggiu","status":"publish","type":"post","link":"https:\/\/staging.varesenews.it\/2022\/08\/concerto-barocco-villa-borromeo-viggiu\/1492773\/","title":{"rendered":"Concerto Barocco a Villa Borromeo di Viggi\u00f9"},"content":{"rendered":"<p>Sabato 27 agosto alle ore 21.00<strong> a Viggi\u00f9 nella cornice di Villa Borromeo,<\/strong> in collaborazione con il Comune, appuntamento di fine agosto per la rassegna musicale itinerante<strong> \u201cInterpretando suoni e luoghi\u201d<\/strong> promossa e finanziata dalla Comunit\u00e0 Montana del Piambello e dalla Comunit\u00e0 Montana Valli del Verbano, che sta attraversando il territorio valorizzando\u00a0 con musica di qualit\u00e0 luoghi \u201cgioiello\u201d.<\/p>\n<p>Sar\u00e0 l\u2019interno dell\u2019elegante Villa Borromeo, edificio tardo-neoclassico nel centro di Viggi\u00f9 in via Borromeo, inserito in una graziosa cornice di verde, ad ospitare sonate di Bach, Haendel, Benedetto Marcello, eseguite da due musicisti di grande caratura: <strong>Stefano Maffizzoni al flauto e Roberto Loreggian al Clavicembalo.\u00a0<\/strong><\/p>\n<p>Maffizzoni ha tenuto concerti in tutta Europa, Svizzera, Inghilterra, Turchia, Messico, Russia, Cina, Canada, Stati Uniti, ed \u00e8 solista nelle pi\u00f9 prestigiose sale da concerto del mondo, come Docente tiene Master Classes in diverse Universit\u00e0 in Messico, Conservatorio \u201cAndr\u00e8s Segovia\u201d di Linares, British Columbia University di Vancouver, Hong Kong Academy for Performing Arts, Clark College Music Department Washington\u2019s State, International Academy of Music di Minsk e San Pietroburgo.\u00a0 Attualmente \u00e8 docente della cattedra di flauto traverso presso il Conservatorio \u201cF. A. Bonporti\u201d di Trento e Riva del Garda.<\/p>\n<p>Ideatore dello spettacolo <strong>\u201cConcerto d\u2019Amore in Versi\u201d<\/strong> e \u201cMaria Callas e Pier Paolo Pasolini: Un Amore Impossibile\u201d con l\u2019attore Fabio Testi, L\u2019Orfeo con l\u2019attore Andrea Bosca e \u201cOmaggio a W. Shakespeare\u201d con l\u2019attore Giancarlo Giannini. Direttore Artistico di importanti Stagioni Concertistiche, Liriche e di Prosa quali il Festival Internazionale \u201cOmaggio a Maria Callas\u201d e \u201dMantovaMusica\u201d al Teatro Bibiena.<\/p>\n<p>Loreggian, diplomato con il massimo dei voti in organo e in clavicembalo, si \u00e8 perfezionato presso il Conservatorio di L\u2019Aja. La sua attivit\u00e0 lo ha portato ad esibirsi\u00a0 in importanti sale\u00a0 tra cui\u00a0 Parco della Musica a Roma, Sala Verdi a Milano, Hercules saal a Monaco, Teatro Colon a Buenos Aires, Kioi Hall a Tokyo, Sala del conservatorio di Mosca e per i pi\u00f9 importanti festival: MITO, Sagra Malatestiana, Festival Pergolesi Spontini, Festival dei due mondi Spoleto, Accademia di Santa Cecilia, Serate Musicali Milano,\u00a0 collaborando sia in veste di solista che di accompagnatore con numerosi solisti ed orchestre. Ha registrato numerosi CD per case discografiche segnalati dalla critica internazionale. Insegna presso il Conservatorio &#8216;C. Pollini&#8217; di Padova.<\/p>\n<p>Il concerto \u00e8 ad ingresso gratuito, consigliata la prenotazione: mail suonieluoghi@gmail.com\u00a0 whatsapp 335 7316031 pagina Facebook\u00a0 Interpretando Suoni e luoghi<\/p>\n","protected":false},"excerpt":{"rendered":"<p>Appuntamento di fine agosto per la rassegna musicale itinerante \u201cInterpretando suoni e luoghi\u201d promossa e finanziata dalla Comunit\u00e0 Montana del Piambello e dalla Comunit\u00e0 Montana Valli del Verbano<\/p>\n","protected":false},"author":37,"featured_media":0,"comment_status":"open","ping_status":"open","sticky":false,"template":"","format":"aside","meta":{"footnotes":""},"categories":[2],"tags":[4071,471,74370],"acf":[],"yoast_head":"<!-- This site is optimized with the Yoast SEO plugin v20.1 - https:\/\/yoast.com\/wordpress\/plugins\/seo\/ -->\n<title>Concerto Barocco a Villa Borromeo di Viggi\u00f9<\/title>\n<meta name=\"description\" content=\"Appuntamento di fine agosto per la rassegna musicale itinerante \u201cInterpretando suoni e luoghi\u201d promossa e finanziata dalla Comunit\u00e0 Montana del Piambello e dalla Comunit\u00e0 Montana Valli del Verbano\" \/>\n<meta name=\"robots\" content=\"noindex, follow, max-snippet:-1, max-image-preview:large, max-video-preview:-1\" \/>\n<meta property=\"og:locale\" content=\"it_IT\" \/>\n<meta property=\"og:type\" content=\"article\" \/>\n<meta property=\"og:title\" content=\"Concerto Barocco a Villa Borromeo di Viggi\u00f9\" \/>\n<meta property=\"og:description\" content=\"Appuntamento di fine agosto per la rassegna musicale itinerante \u201cInterpretando suoni e luoghi\u201d promossa e finanziata dalla Comunit\u00e0 Montana del Piambello e dalla Comunit\u00e0 Montana Valli del Verbano\" \/>\n<meta property=\"og:url\" content=\"https:\/\/staging.varesenews.it\/2022\/08\/concerto-barocco-villa-borromeo-viggiu\/1492773\/\" \/>\n<meta property=\"og:site_name\" content=\"VareseNews\" \/>\n<meta property=\"article:publisher\" content=\"https:\/\/www.facebook.com\/varesenews\" \/>\n<meta property=\"article:published_time\" content=\"2022-08-27T09:22:33+00:00\" \/>\n<meta property=\"article:modified_time\" content=\"2022-08-27T09:22:34+00:00\" \/>\n<meta name=\"author\" content=\"Francesco Mazzoleni\" \/>\n<meta name=\"twitter:card\" content=\"summary_large_image\" \/>\n<meta name=\"twitter:creator\" content=\"@fmazzof\" \/>\n<meta name=\"twitter:site\" content=\"@varesenews\" \/>\n<meta name=\"twitter:label1\" content=\"Scritto da\" \/>\n\t<meta name=\"twitter:data1\" content=\"Francesco Mazzoleni\" \/>\n\t<meta name=\"twitter:label2\" content=\"Tempo di lettura stimato\" \/>\n\t<meta name=\"twitter:data2\" content=\"2 minuti\" \/>\n<script type=\"application\/ld+json\" class=\"yoast-schema-graph\">{\"@context\":\"https:\/\/schema.org\",\"@graph\":[{\"@type\":\"WebPage\",\"@id\":\"https:\/\/staging.varesenews.it\/2022\/08\/concerto-barocco-villa-borromeo-viggiu\/1492773\/\",\"url\":\"https:\/\/staging.varesenews.it\/2022\/08\/concerto-barocco-villa-borromeo-viggiu\/1492773\/\",\"name\":\"Concerto Barocco a Villa Borromeo di Viggi\u00f9\",\"isPartOf\":{\"@id\":\"https:\/\/staging.varesenews.it\/#website\"},\"datePublished\":\"2022-08-27T09:22:33+00:00\",\"dateModified\":\"2022-08-27T09:22:34+00:00\",\"author\":{\"@id\":\"https:\/\/staging.varesenews.it\/#\/schema\/person\/e82236e79160d30d4e1f942004ac3038\"},\"description\":\"Appuntamento di fine agosto per la rassegna musicale itinerante \u201cInterpretando suoni e luoghi\u201d promossa e finanziata dalla Comunit\u00e0 Montana del Piambello e dalla Comunit\u00e0 Montana Valli del Verbano\",\"breadcrumb\":{\"@id\":\"https:\/\/staging.varesenews.it\/2022\/08\/concerto-barocco-villa-borromeo-viggiu\/1492773\/#breadcrumb\"},\"inLanguage\":\"it-IT\",\"potentialAction\":[{\"@type\":\"ReadAction\",\"target\":[\"https:\/\/staging.varesenews.it\/2022\/08\/concerto-barocco-villa-borromeo-viggiu\/1492773\/\"]}]},{\"@type\":\"BreadcrumbList\",\"@id\":\"https:\/\/staging.varesenews.it\/2022\/08\/concerto-barocco-villa-borromeo-viggiu\/1492773\/#breadcrumb\",\"itemListElement\":[{\"@type\":\"ListItem\",\"position\":1,\"name\":\"Home\",\"item\":\"https:\/\/www.varesenews.it\/\"},{\"@type\":\"ListItem\",\"position\":2,\"name\":\"Concerto Barocco a Villa Borromeo di Viggi\u00f9\"}]},{\"@type\":\"WebSite\",\"@id\":\"https:\/\/staging.varesenews.it\/#website\",\"url\":\"https:\/\/staging.varesenews.it\/\",\"name\":\"VareseNews\",\"description\":\"\",\"potentialAction\":[{\"@type\":\"SearchAction\",\"target\":{\"@type\":\"EntryPoint\",\"urlTemplate\":\"https:\/\/staging.varesenews.it\/?s={search_term_string}\"},\"query-input\":\"required name=search_term_string\"}],\"inLanguage\":\"it-IT\"},{\"@type\":\"Person\",\"@id\":\"https:\/\/staging.varesenews.it\/#\/schema\/person\/e82236e79160d30d4e1f942004ac3038\",\"name\":\"Francesco Mazzoleni\",\"image\":{\"@type\":\"ImageObject\",\"inLanguage\":\"it-IT\",\"@id\":\"https:\/\/staging.varesenews.it\/#\/schema\/person\/image\/\",\"url\":\"https:\/\/staging.varesenews.it\/wp-content\/uploads\/2020\/12\/francesco_mazzoleni_colori_500-1.jpg\",\"contentUrl\":\"https:\/\/staging.varesenews.it\/wp-content\/uploads\/2020\/12\/francesco_mazzoleni_colori_500-1.jpg\",\"caption\":\"Francesco Mazzoleni\"},\"description\":\"\\\"Uomo di campo\\\" della redazione sportiva. Nutro una vera passione per il calcio, che sia ad alti livelli, sui campi di provincia o in altri continenti. Sono nato a Varese nel 1984, vivo da sempre a Malnate e ho una laurea in Scienze Motorie. Ho mosso i primi passi a VareseNews da stagista nel 2002; nel 2008 ho iniziato a collaborare con maggiore continuit\u00e0 e dal 2018 sono giornalista professionista. Orgoglioso pap\u00e0 di Federico e Adelaide.\",\"sameAs\":[\"fmazzof\",\"it.linkedin.com\/in\/francescomazzolenif\",\"https:\/\/twitter.com\/fmazzof\"],\"url\":\"https:\/\/staging.varesenews.it\/persona\/francesco_mazzoleniferracini\/\"}]}<\/script>\n<!-- \/ Yoast SEO plugin. -->","yoast_head_json":{"title":"Concerto Barocco a Villa Borromeo di Viggi\u00f9","description":"Appuntamento di fine agosto per la rassegna musicale itinerante \u201cInterpretando suoni e luoghi\u201d promossa e finanziata dalla Comunit\u00e0 Montana del Piambello e dalla Comunit\u00e0 Montana Valli del Verbano","robots":{"index":"noindex","follow":"follow","max-snippet":"max-snippet:-1","max-image-preview":"max-image-preview:large","max-video-preview":"max-video-preview:-1"},"og_locale":"it_IT","og_type":"article","og_title":"Concerto Barocco a Villa Borromeo di Viggi\u00f9","og_description":"Appuntamento di fine agosto per la rassegna musicale itinerante \u201cInterpretando suoni e luoghi\u201d promossa e finanziata dalla Comunit\u00e0 Montana del Piambello e dalla Comunit\u00e0 Montana Valli del Verbano","og_url":"https:\/\/staging.varesenews.it\/2022\/08\/concerto-barocco-villa-borromeo-viggiu\/1492773\/","og_site_name":"VareseNews","article_publisher":"https:\/\/www.facebook.com\/varesenews","article_published_time":"2022-08-27T09:22:33+00:00","article_modified_time":"2022-08-27T09:22:34+00:00","author":"Francesco Mazzoleni","twitter_card":"summary_large_image","twitter_creator":"@fmazzof","twitter_site":"@varesenews","twitter_misc":{"Scritto da":"Francesco Mazzoleni","Tempo di lettura stimato":"2 minuti"},"schema":{"@context":"https:\/\/schema.org","@graph":[{"@type":"WebPage","@id":"https:\/\/staging.varesenews.it\/2022\/08\/concerto-barocco-villa-borromeo-viggiu\/1492773\/","url":"https:\/\/staging.varesenews.it\/2022\/08\/concerto-barocco-villa-borromeo-viggiu\/1492773\/","name":"Concerto Barocco a Villa Borromeo di Viggi\u00f9","isPartOf":{"@id":"https:\/\/staging.varesenews.it\/#website"},"datePublished":"2022-08-27T09:22:33+00:00","dateModified":"2022-08-27T09:22:34+00:00","author":{"@id":"https:\/\/staging.varesenews.it\/#\/schema\/person\/e82236e79160d30d4e1f942004ac3038"},"description":"Appuntamento di fine agosto per la rassegna musicale itinerante \u201cInterpretando suoni e luoghi\u201d promossa e finanziata dalla Comunit\u00e0 Montana del Piambello e dalla Comunit\u00e0 Montana Valli del Verbano","breadcrumb":{"@id":"https:\/\/staging.varesenews.it\/2022\/08\/concerto-barocco-villa-borromeo-viggiu\/1492773\/#breadcrumb"},"inLanguage":"it-IT","potentialAction":[{"@type":"ReadAction","target":["https:\/\/staging.varesenews.it\/2022\/08\/concerto-barocco-villa-borromeo-viggiu\/1492773\/"]}]},{"@type":"BreadcrumbList","@id":"https:\/\/staging.varesenews.it\/2022\/08\/concerto-barocco-villa-borromeo-viggiu\/1492773\/#breadcrumb","itemListElement":[{"@type":"ListItem","position":1,"name":"Home","item":"https:\/\/www.varesenews.it\/"},{"@type":"ListItem","position":2,"name":"Concerto Barocco a Villa Borromeo di Viggi\u00f9"}]},{"@type":"WebSite","@id":"https:\/\/staging.varesenews.it\/#website","url":"https:\/\/staging.varesenews.it\/","name":"VareseNews","description":"","potentialAction":[{"@type":"SearchAction","target":{"@type":"EntryPoint","urlTemplate":"https:\/\/staging.varesenews.it\/?s={search_term_string}"},"query-input":"required name=search_term_string"}],"inLanguage":"it-IT"},{"@type":"Person","@id":"https:\/\/staging.varesenews.it\/#\/schema\/person\/e82236e79160d30d4e1f942004ac3038","name":"Francesco Mazzoleni","image":{"@type":"ImageObject","inLanguage":"it-IT","@id":"https:\/\/staging.varesenews.it\/#\/schema\/person\/image\/","url":"https:\/\/staging.varesenews.it\/wp-content\/uploads\/2020\/12\/francesco_mazzoleni_colori_500-1.jpg","contentUrl":"https:\/\/staging.varesenews.it\/wp-content\/uploads\/2020\/12\/francesco_mazzoleni_colori_500-1.jpg","caption":"Francesco Mazzoleni"},"description":"\"Uomo di campo\" della redazione sportiva. Nutro una vera passione per il calcio, che sia ad alti livelli, sui campi di provincia o in altri continenti. Sono nato a Varese nel 1984, vivo da sempre a Malnate e ho una laurea in Scienze Motorie. Ho mosso i primi passi a VareseNews da stagista nel 2002; nel 2008 ho iniziato a collaborare con maggiore continuit\u00e0 e dal 2018 sono giornalista professionista. Orgoglioso pap\u00e0 di Federico e Adelaide.","sameAs":["fmazzof","it.linkedin.com\/in\/francescomazzolenif","https:\/\/twitter.com\/fmazzof"],"url":"https:\/\/staging.varesenews.it\/persona\/francesco_mazzoleniferracini\/"}]}},"post_meta":{"content-image-gallery":"","_edit_lock":"1661592357:37","_edit_last":"37","_category_permalink":"a:1:{s:8:\"category\";s:1:\"2\";}","_encloseme":"1","ratings_users":"0","ratings_score":"0","ratings_average":"0","foto":"1301852","firma_come_redazione":"1","evento-location":"1461090","evento-data-inizio":"1661551200","evento-data-fine":"1661551200","evento-orario-inizio":"21:00","argomento":"Vigg\u00f9","_yoast_wpseo_focuskw_text_input":"viggi\u00f9","_yoast_wpseo_focuskw":"viggi\u00f9","_yoast_wpseo_linkdex":"65","_yoast_wpseo_content_score":"30","_jd_tweet_this":"yes","_oembed_4759b22ae79be96d559571c1b2bc33f0":"<blockquote class=\"wp-embedded-content\" data-secret=\"iSNdGPHGEf\"><a href=\"https:\/\/www.verbanonews.it\/aree-geografiche\/lombardia\/2017\/07\/27\/il-giorno-in-cui-esplose-la-polveriera-di-taino\/641187\/\">Il giorno in cui esplose la Polveriera di Taino<\/a><\/blockquote><iframe class=\"wp-embedded-content\" sandbox=\"allow-scripts\" security=\"restricted\" style=\"position: absolute; clip: rect(1px, 1px, 1px, 1px);\" src=\"https:\/\/www.verbanonews.it\/aree-geografiche\/lombardia\/2017\/07\/27\/il-giorno-in-cui-esplose-la-polveriera-di-taino\/641187\/embed\/#?secret=iSNdGPHGEf\" data-secret=\"iSNdGPHGEf\" width=\"500\" height=\"282\" title=\"&#8220;Il giorno in cui esplose la Polveriera di Taino&#8221; &#8212; VerbanoNews\" frameborder=\"0\" marginwidth=\"0\" marginheight=\"0\" scrolling=\"no\"><\/iframe>","_oembed_time_4759b22ae79be96d559571c1b2bc33f0":"1661592447","_oembed_a3c30134c383f6730b0435d798f6266a":"<blockquote class=\"wp-embedded-content\" data-secret=\"GDGjN1UxUN\"><a href=\"https:\/\/www.varesenews.it\/2022\/08\/tricolore-rally-al-penultimo-atto-crugnola-de-tommaso-sfida-varesina\/1491976\/\">Tricolore rally al penultimo atto: tra Crugnola e De Tommaso \u00e8 sfida varesina<\/a><\/blockquote><iframe class=\"wp-embedded-content\" sandbox=\"allow-scripts\" security=\"restricted\" style=\"position: absolute; clip: rect(1px, 1px, 1px, 1px);\" src=\"https:\/\/www.varesenews.it\/2022\/08\/tricolore-rally-al-penultimo-atto-crugnola-de-tommaso-sfida-varesina\/1491976\/embed\/#?secret=GDGjN1UxUN\" data-secret=\"GDGjN1UxUN\" width=\"500\" height=\"282\" title=\"&#8220;Tricolore rally al penultimo atto: tra Crugnola e De Tommaso \u00e8 sfida varesina&#8221; &#8212; VareseNews\" frameborder=\"0\" marginwidth=\"0\" marginheight=\"0\" scrolling=\"no\"><\/iframe>","_oembed_time_a3c30134c383f6730b0435d798f6266a":"1661592447","_oembed_1d6ed8a1400fdbf70d95610267f663c6":"<blockquote class=\"wp-embedded-content\" data-secret=\"f4rSTL8GXV\"><a href=\"https:\/\/www.varesenews.it\/2022\/08\/dubbi-domande-sul-servizio-raccolta-differenziata-coinger-risponde\/1489399\/\">Dubbi e domande sul nuovo servizio di raccolta differenziata, Coinger risponde<\/a><\/blockquote><iframe class=\"wp-embedded-content\" sandbox=\"allow-scripts\" security=\"restricted\" style=\"position: absolute; clip: rect(1px, 1px, 1px, 1px);\" src=\"https:\/\/www.varesenews.it\/2022\/08\/dubbi-domande-sul-servizio-raccolta-differenziata-coinger-risponde\/1489399\/embed\/#?secret=f4rSTL8GXV\" data-secret=\"f4rSTL8GXV\" width=\"500\" height=\"282\" title=\"&#8220;Dubbi e domande sul nuovo servizio di raccolta differenziata, Coinger risponde&#8221; &#8212; VareseNews\" frameborder=\"0\" marginwidth=\"0\" marginheight=\"0\" scrolling=\"no\"><\/iframe>","_oembed_time_1d6ed8a1400fdbf70d95610267f663c6":"1661592447","_oembed_a081a8dc4fb27d55d14cf865fccf4e50":"<blockquote class=\"wp-embedded-content\" data-secret=\"bdISj90fpm\"><a href=\"https:\/\/www.verbanonews.it\/aree-geografiche\/lombardia\/2022\/08\/12\/chiusura-del-ponte-di-ferro-come-cambia-la-viabilita-tra-ticino-e-lago-maggiore\/946525\/\">Chiusura del Ponte di Ferro, come cambia la viabilit\u00e0 tra Ticino e Lago Maggiore<\/a><\/blockquote><iframe class=\"wp-embedded-content\" sandbox=\"allow-scripts\" security=\"restricted\" style=\"position: absolute; clip: rect(1px, 1px, 1px, 1px);\" src=\"https:\/\/www.verbanonews.it\/aree-geografiche\/lombardia\/2022\/08\/12\/chiusura-del-ponte-di-ferro-come-cambia-la-viabilita-tra-ticino-e-lago-maggiore\/946525\/embed\/#?secret=bdISj90fpm\" data-secret=\"bdISj90fpm\" width=\"500\" height=\"282\" title=\"&#8220;Chiusura del Ponte di Ferro, come cambia la viabilit\u00e0 tra Ticino e Lago Maggiore&#8221; &#8212; VerbanoNews\" frameborder=\"0\" marginwidth=\"0\" marginheight=\"0\" scrolling=\"no\"><\/iframe>","_oembed_time_a081a8dc4fb27d55d14cf865fccf4e50":"1661592448","_oembed_1c54d2ca222ddeb40ccc09237903d40f":"<blockquote class=\"wp-embedded-content\" data-secret=\"y2ECmz8ulI\"><a href=\"https:\/\/www.varesenews.it\/2022\/08\/mattinata-al-cup-dellospedale-angera-un-vero-caos\/1492276\/\">Una mattinata al Cup dell&#8217;ospedale di Angera: un vero caos<\/a><\/blockquote><iframe class=\"wp-embedded-content\" sandbox=\"allow-scripts\" security=\"restricted\" style=\"position: absolute; clip: rect(1px, 1px, 1px, 1px);\" src=\"https:\/\/www.varesenews.it\/2022\/08\/mattinata-al-cup-dellospedale-angera-un-vero-caos\/1492276\/embed\/#?secret=y2ECmz8ulI\" data-secret=\"y2ECmz8ulI\" width=\"500\" height=\"282\" title=\"&#8220;Una mattinata al Cup dell&#8217;ospedale di Angera: un vero caos&#8221; &#8212; VareseNews\" frameborder=\"0\" marginwidth=\"0\" marginheight=\"0\" scrolling=\"no\"><\/iframe>","_oembed_time_1c54d2ca222ddeb40ccc09237903d40f":"1661592448","_oembed_4e2181fa3a3753d773efa5377e3ca0f9":"<blockquote class=\"wp-embedded-content\" data-secret=\"XQ7xd9HILP\"><a href=\"https:\/\/www.varesenews.it\/2022\/07\/stop-alle-auto-la-provinciale-laveno-cerro-torna-pedonale-cinque-domeniche\/1482657\/\">Stop alle auto, la provinciale tra Laveno e Cerro torna pedonale per cinque domeniche<\/a><\/blockquote><iframe class=\"wp-embedded-content\" sandbox=\"allow-scripts\" security=\"restricted\" style=\"position: absolute; clip: rect(1px, 1px, 1px, 1px);\" src=\"https:\/\/www.varesenews.it\/2022\/07\/stop-alle-auto-la-provinciale-laveno-cerro-torna-pedonale-cinque-domeniche\/1482657\/embed\/#?secret=XQ7xd9HILP\" data-secret=\"XQ7xd9HILP\" width=\"500\" height=\"282\" title=\"&#8220;Stop alle auto, la provinciale tra Laveno e Cerro torna pedonale per cinque domeniche&#8221; &#8212; VareseNews\" frameborder=\"0\" marginwidth=\"0\" marginheight=\"0\" scrolling=\"no\"><\/iframe>","_oembed_time_4e2181fa3a3753d773efa5377e3ca0f9":"1661592448","_oembed_3f5c89901e3c92c9055f40ccbb7360c7":"<iframe width=\"500\" height=\"281\" src=\"https:\/\/www.youtube.com\/embed\/Net6fTN2cUs?feature=oembed\" frameborder=\"0\" allow=\"accelerometer; autoplay; clipboard-write; encrypted-media; gyroscope; picture-in-picture\" allowfullscreen title=\"Percorso della 3^ edizione della Malnaterun\"><\/iframe>","_oembed_time_3f5c89901e3c92c9055f40ccbb7360c7":"1661592448","_oembed_548716b3587e97a5990fda7e787405f0":"<blockquote class=\"wp-embedded-content\" data-secret=\"4Cb5NklwL7\"><a href=\"https:\/\/www.saronnonews.it\/2022\/07\/02\/oscar-masciadri-saluta-il-pubblico-del-giuditta-pasta-di-saronno\/\">Oscar Masciadri saluta il pubblico del Giuditta Pasta di Saronno<\/a><\/blockquote><iframe class=\"wp-embedded-content\" sandbox=\"allow-scripts\" security=\"restricted\" style=\"position: absolute; clip: rect(1px, 1px, 1px, 1px);\" src=\"https:\/\/www.saronnonews.it\/2022\/07\/02\/oscar-masciadri-saluta-il-pubblico-del-giuditta-pasta-di-saronno\/embed\/#?secret=4Cb5NklwL7\" data-secret=\"4Cb5NklwL7\" width=\"500\" height=\"282\" title=\"&#8220;Oscar Masciadri saluta il pubblico del Giuditta Pasta di Saronno&#8221; &#8212; SaronnoNews\" frameborder=\"0\" marginwidth=\"0\" marginheight=\"0\" scrolling=\"no\"><\/iframe>","_oembed_time_548716b3587e97a5990fda7e787405f0":"1661592857","_oembed_cf32d630fc1173ee917bb51c97ec587f":"<blockquote class=\"wp-embedded-content\" data-secret=\"fnPw3cyByC\"><a href=\"https:\/\/www.saronnonews.it\/2022\/07\/01\/il-giuditta-pasta-di-saronno-presenta-la-nuova-stagione-teatrale\/\">Il Giuditta Pasta di Saronno presenta la nuova stagione teatrale<\/a><\/blockquote><iframe class=\"wp-embedded-content\" sandbox=\"allow-scripts\" security=\"restricted\" style=\"position: absolute; clip: rect(1px, 1px, 1px, 1px);\" src=\"https:\/\/www.saronnonews.it\/2022\/07\/01\/il-giuditta-pasta-di-saronno-presenta-la-nuova-stagione-teatrale\/embed\/#?secret=fnPw3cyByC\" data-secret=\"fnPw3cyByC\" width=\"500\" height=\"282\" title=\"&#8220;Il Giuditta Pasta di Saronno presenta la nuova stagione teatrale&#8221; &#8212; SaronnoNews\" frameborder=\"0\" marginwidth=\"0\" marginheight=\"0\" scrolling=\"no\"><\/iframe>","_oembed_time_cf32d630fc1173ee917bb51c97ec587f":"1661592858","_oembed_0ebdf143518837a42d8eb327a12162bd":"<blockquote class=\"wp-embedded-content\" data-secret=\"oC16hf6ia1\"><a href=\"https:\/\/www.varesenews.it\/2022\/05\/whirlpool-rivede-la-sua-strategia-europa-sindacato-chiarisca-subito-vuole-lasciare\/1459152\/\">Whirlpool rivede la sua strategia in Europa. Il sindacato: &#8220;Chiarisca subito se vuole lasciare&#8221;<\/a><\/blockquote><iframe class=\"wp-embedded-content\" sandbox=\"allow-scripts\" security=\"restricted\" style=\"position: absolute; clip: rect(1px, 1px, 1px, 1px);\" src=\"https:\/\/www.varesenews.it\/2022\/05\/whirlpool-rivede-la-sua-strategia-europa-sindacato-chiarisca-subito-vuole-lasciare\/1459152\/embed\/#?secret=oC16hf6ia1\" data-secret=\"oC16hf6ia1\" width=\"500\" height=\"282\" title=\"&#8220;Whirlpool rivede la sua strategia in Europa. Il sindacato: &#8220;Chiarisca subito se vuole lasciare&#8221;&#8221; &#8212; VareseNews\" frameborder=\"0\" marginwidth=\"0\" marginheight=\"0\" scrolling=\"no\"><\/iframe>","_oembed_time_0ebdf143518837a42d8eb327a12162bd":"1661592858","_oembed_5620e5ea282e95c420ef60c1e6596d74":"<blockquote class=\"wp-embedded-content\" data-secret=\"zgyqfpOD1D\"><a href=\"https:\/\/www.varesenews.it\/2022\/08\/aumento-casi-vaiolo-delle-scimmie-lombardia-308\/1491929\/\">In aumento i casi di vaiolo delle scimmie: in Lombardia sono 308<\/a><\/blockquote><iframe class=\"wp-embedded-content\" sandbox=\"allow-scripts\" security=\"restricted\" style=\"position: absolute; clip: rect(1px, 1px, 1px, 1px);\" src=\"https:\/\/www.varesenews.it\/2022\/08\/aumento-casi-vaiolo-delle-scimmie-lombardia-308\/1491929\/embed\/#?secret=zgyqfpOD1D\" data-secret=\"zgyqfpOD1D\" width=\"500\" height=\"282\" title=\"&#8220;In aumento i casi di vaiolo delle scimmie: in Lombardia sono 308&#8221; &#8212; VareseNews\" frameborder=\"0\" marginwidth=\"0\" marginheight=\"0\" scrolling=\"no\"><\/iframe>","_oembed_time_5620e5ea282e95c420ef60c1e6596d74":"1661592858","_oembed_1aac3767ad188a62798e1bf6d4d9a580":"<blockquote class=\"wp-embedded-content\" data-secret=\"RWk3o1zBHC\"><a href=\"https:\/\/www.varesenews.it\/2021\/12\/nasce-insubriparks-natura-storia-vivere-varese-como-canton-ticino\/1406530\/\">Nasce Insubriparks: natura e storia da vivere tra Varese, Como e Canton Ticino<\/a><\/blockquote><iframe class=\"wp-embedded-content\" sandbox=\"allow-scripts\" security=\"restricted\" style=\"position: absolute; clip: rect(1px, 1px, 1px, 1px);\" src=\"https:\/\/www.varesenews.it\/2021\/12\/nasce-insubriparks-natura-storia-vivere-varese-como-canton-ticino\/1406530\/embed\/#?secret=RWk3o1zBHC\" data-secret=\"RWk3o1zBHC\" width=\"500\" height=\"282\" title=\"&#8220;Nasce Insubriparks: natura e storia da vivere tra Varese, Como e Canton Ticino&#8221; &#8212; VareseNews\" frameborder=\"0\" marginwidth=\"0\" marginheight=\"0\" scrolling=\"no\"><\/iframe>","_oembed_time_1aac3767ad188a62798e1bf6d4d9a580":"1661592858","_oembed_01c80851648760bf6d7f552843b3a1ad":"<blockquote class=\"wp-embedded-content\" data-secret=\"LbEoVnEYLO\"><a href=\"https:\/\/www.varesenews.it\/2022\/07\/dalle-dighe-alpine-acqua-salvare-campi-delta-del-po-lemergenza-siccita-resta-gravissima\/1482300\/\">Dalle dighe alpine acqua per salvare campi e delta del Po: &#8220;L&#8217;emergenza siccit\u00e0 resta gravissima&#8221;<\/a><\/blockquote><iframe class=\"wp-embedded-content\" sandbox=\"allow-scripts\" security=\"restricted\" style=\"position: absolute; clip: rect(1px, 1px, 1px, 1px);\" src=\"https:\/\/www.varesenews.it\/2022\/07\/dalle-dighe-alpine-acqua-salvare-campi-delta-del-po-lemergenza-siccita-resta-gravissima\/1482300\/embed\/#?secret=LbEoVnEYLO\" data-secret=\"LbEoVnEYLO\" width=\"500\" height=\"282\" title=\"&#8220;Dalle dighe alpine acqua per salvare campi e delta del Po: &#8220;L&#8217;emergenza siccit\u00e0 resta gravissima&#8221;&#8221; &#8212; VareseNews\" frameborder=\"0\" marginwidth=\"0\" marginheight=\"0\" scrolling=\"no\"><\/iframe>","_oembed_time_01c80851648760bf6d7f552843b3a1ad":"1661592858","_oembed_71aae49361f6eae6dcda69e319e67b2a":"<blockquote class=\"wp-embedded-content\" data-secret=\"X9xi4MLL5z\"><a href=\"https:\/\/www.varesenews.it\/2022\/08\/ancora-senza-esito-le-ricerche-delluomo-scomparso-locarno-nelle-acque-del-maggiore\/1490673\/\">Ancora senza esito le ricerche dell&#8217;uomo scomparso a Locarno nelle acque del Maggiore<\/a><\/blockquote><iframe class=\"wp-embedded-content\" sandbox=\"allow-scripts\" security=\"restricted\" style=\"position: absolute; clip: rect(1px, 1px, 1px, 1px);\" src=\"https:\/\/www.varesenews.it\/2022\/08\/ancora-senza-esito-le-ricerche-delluomo-scomparso-locarno-nelle-acque-del-maggiore\/1490673\/embed\/#?secret=X9xi4MLL5z\" data-secret=\"X9xi4MLL5z\" width=\"500\" height=\"282\" title=\"&#8220;Ancora senza esito le ricerche dell&#8217;uomo scomparso a Locarno nelle acque del Maggiore&#8221; &#8212; VareseNews\" frameborder=\"0\" marginwidth=\"0\" marginheight=\"0\" scrolling=\"no\"><\/iframe>","_oembed_time_71aae49361f6eae6dcda69e319e67b2a":"1661592859"},"photos":[{"original":"https:\/\/staging.varesenews.it\/photogallery_new\/images\/2022\/05\/viggiu-villa-borromeo-1301852.jpg","full":"https:\/\/staging.varesenews.it\/photogallery_new\/images\/2022\/05\/viggiu-villa-borromeo-1301852.1024x768.jpg","large":"https:\/\/staging.varesenews.it\/photogallery_new\/images\/2022\/05\/viggiu-villa-borromeo-1301852.610x431.jpg"}],"_links":{"self":[{"href":"https:\/\/staging.varesenews.it\/swgapi\/v1\/wp\/v2\/posts\/1492773"}],"collection":[{"href":"https:\/\/staging.varesenews.it\/swgapi\/v1\/wp\/v2\/posts"}],"about":[{"href":"https:\/\/staging.varesenews.it\/swgapi\/v1\/wp\/v2\/types\/post"}],"author":[{"embeddable":true,"href":"https:\/\/staging.varesenews.it\/swgapi\/v1\/wp\/v2\/users\/37"}],"replies":[{"embeddable":true,"href":"https:\/\/staging.varesenews.it\/swgapi\/v1\/wp\/v2\/comments?post=1492773"}],"version-history":[{"count":0,"href":"https:\/\/staging.varesenews.it\/swgapi\/v1\/wp\/v2\/posts\/1492773\/revisions"}],"wp:attachment":[{"href":"https:\/\/staging.varesenews.it\/swgapi\/v1\/wp\/v2\/media?parent=1492773"}],"wp:term":[{"taxonomy":"category","embeddable":true,"href":"https:\/\/staging.varesenews.it\/swgapi\/v1\/wp\/v2\/categories?post=1492773"},{"taxonomy":"post_tag","embeddable":true,"href":"https:\/\/staging.varesenews.it\/swgapi\/v1\/wp\/v2\/tags?post=1492773"}],"curies":[{"name":"wp","href":"https:\/\/api.w.org\/{rel}","templated":true}]}}