{"id":1495322,"date":"2022-09-06T15:13:22","date_gmt":"2022-09-06T13:13:22","guid":{"rendered":"https:\/\/www.varesenews.it\/?p=1495322"},"modified":"2022-09-06T15:15:36","modified_gmt":"2022-09-06T13:15:36","slug":"giornata-discutere-ambiente-travedona-monate","status":"publish","type":"post","link":"https:\/\/staging.varesenews.it\/2022\/09\/giornata-discutere-ambiente-travedona-monate\/1495322\/","title":{"rendered":"Una giornata per discutere di ambiente a Travedona Monate"},"content":{"rendered":"<p><strong>Travedona Monate<\/strong> si prepara a una lunga giornata ricca di iniziative per discutere di ambiente. Comune, tavolo per il clima e associazione ICare hanno infatti organizzato per <strong>domenica 11 settembre <em>Lotto per la Terra<\/em><\/strong>: un evento di sensibilizzazione alla transizione ecologica in programma all&#8217;oratorio.<\/p>\n<p><strong>Si comincia alle 10 con l&#8217;apertura della manifestazione<\/strong>. Alle 10.30 comincia la messa e subito dopo si d\u00e0 il via all&#8217;agor\u00e0: un momento di confronto su transizione e crisi energetica. Alle 12.30 \u00e8 il momento del pranzo, che introduce un pomeriggio di iniziative dedicate a tutti. Dalle 14 fino alle 17.30 continua la discussione riguardo crisi idrica, orto sociale, spreco alimentare, rapporto uomo\/animale e comunit\u00e0 energetiche rinnovabili. Contemporaneamente, piccoli e grandi possono partecipare a giochi e laboratori pratici. Alle 18 si chiude con la musica col drum circle a cura di Giorgia Colombo.<\/p>\n<p>Per tutta la giornata si pu\u00f2 visitare la <strong>mostra<\/strong> della Rete per il Clima del Verbano e Dizionario Ecologista; e il <strong>mercatino<\/strong> con produttori e artigiani locali.<\/p>\n","protected":false},"excerpt":{"rendered":"<p>Domenica un appuntamento ricco di iniziative organizzato dal tavolo per il clima, l&#8217;amministrazione comunale e l&#8217;associazione ICare<\/p>\n","protected":false},"author":12163,"featured_media":0,"comment_status":"open","ping_status":"open","sticky":false,"template":"","format":"aside","meta":{"footnotes":""},"categories":[113031,21,2],"tags":[158],"acf":[],"yoast_head":"<!-- This site is optimized with the Yoast SEO plugin v20.1 - https:\/\/yoast.com\/wordpress\/plugins\/seo\/ -->\n<title>Una giornata per discutere di ambiente a Travedona Monate<\/title>\n<meta name=\"description\" content=\"Domenica un appuntamento ricco di iniziative organizzato dal tavolo per il clima, l&#039;amministrazione comunale e l&#039;associazione ICare\" \/>\n<meta name=\"robots\" content=\"noindex, follow, max-snippet:-1, max-image-preview:large, max-video-preview:-1\" \/>\n<meta property=\"og:locale\" content=\"it_IT\" \/>\n<meta property=\"og:type\" content=\"article\" \/>\n<meta property=\"og:title\" content=\"Una giornata per discutere di ambiente a Travedona Monate\" \/>\n<meta property=\"og:description\" content=\"Domenica un appuntamento ricco di iniziative organizzato dal tavolo per il clima, l&#039;amministrazione comunale e l&#039;associazione ICare\" \/>\n<meta property=\"og:url\" content=\"https:\/\/staging.varesenews.it\/2022\/09\/giornata-discutere-ambiente-travedona-monate\/1495322\/\" \/>\n<meta property=\"og:site_name\" content=\"VareseNews\" \/>\n<meta property=\"article:publisher\" content=\"https:\/\/www.facebook.com\/varesenews\" \/>\n<meta property=\"article:published_time\" content=\"2022-09-06T13:13:22+00:00\" \/>\n<meta property=\"article:modified_time\" content=\"2022-09-06T13:15:36+00:00\" \/>\n<meta name=\"author\" content=\"Alessandro Guglielmi\" \/>\n<meta name=\"twitter:card\" content=\"summary_large_image\" \/>\n<meta name=\"twitter:creator\" content=\"@varesenews\" \/>\n<meta name=\"twitter:site\" content=\"@varesenews\" \/>\n<meta name=\"twitter:label1\" content=\"Scritto da\" \/>\n\t<meta name=\"twitter:data1\" content=\"Alessandro Guglielmi\" \/>\n\t<meta name=\"twitter:label2\" content=\"Tempo di lettura stimato\" \/>\n\t<meta name=\"twitter:data2\" content=\"1 minuto\" \/>\n<script type=\"application\/ld+json\" class=\"yoast-schema-graph\">{\"@context\":\"https:\/\/schema.org\",\"@graph\":[{\"@type\":\"WebPage\",\"@id\":\"https:\/\/staging.varesenews.it\/2022\/09\/giornata-discutere-ambiente-travedona-monate\/1495322\/\",\"url\":\"https:\/\/staging.varesenews.it\/2022\/09\/giornata-discutere-ambiente-travedona-monate\/1495322\/\",\"name\":\"Una giornata per discutere di ambiente a Travedona Monate\",\"isPartOf\":{\"@id\":\"https:\/\/staging.varesenews.it\/#website\"},\"datePublished\":\"2022-09-06T13:13:22+00:00\",\"dateModified\":\"2022-09-06T13:15:36+00:00\",\"author\":{\"@id\":\"https:\/\/staging.varesenews.it\/#\/schema\/person\/862743a45f2663f7148a8b4bcbd05230\"},\"description\":\"Domenica un appuntamento ricco di iniziative organizzato dal tavolo per il clima, l'amministrazione comunale e l'associazione ICare\",\"breadcrumb\":{\"@id\":\"https:\/\/staging.varesenews.it\/2022\/09\/giornata-discutere-ambiente-travedona-monate\/1495322\/#breadcrumb\"},\"inLanguage\":\"it-IT\",\"potentialAction\":[{\"@type\":\"ReadAction\",\"target\":[\"https:\/\/staging.varesenews.it\/2022\/09\/giornata-discutere-ambiente-travedona-monate\/1495322\/\"]}]},{\"@type\":\"BreadcrumbList\",\"@id\":\"https:\/\/staging.varesenews.it\/2022\/09\/giornata-discutere-ambiente-travedona-monate\/1495322\/#breadcrumb\",\"itemListElement\":[{\"@type\":\"ListItem\",\"position\":1,\"name\":\"Home\",\"item\":\"https:\/\/www.varesenews.it\/\"},{\"@type\":\"ListItem\",\"position\":2,\"name\":\"Una giornata per discutere di ambiente a Travedona Monate\"}]},{\"@type\":\"WebSite\",\"@id\":\"https:\/\/staging.varesenews.it\/#website\",\"url\":\"https:\/\/staging.varesenews.it\/\",\"name\":\"VareseNews\",\"description\":\"\",\"potentialAction\":[{\"@type\":\"SearchAction\",\"target\":{\"@type\":\"EntryPoint\",\"urlTemplate\":\"https:\/\/staging.varesenews.it\/?s={search_term_string}\"},\"query-input\":\"required name=search_term_string\"}],\"inLanguage\":\"it-IT\"},{\"@type\":\"Person\",\"@id\":\"https:\/\/staging.varesenews.it\/#\/schema\/person\/862743a45f2663f7148a8b4bcbd05230\",\"name\":\"Alessandro Guglielmi\",\"image\":{\"@type\":\"ImageObject\",\"inLanguage\":\"it-IT\",\"@id\":\"https:\/\/staging.varesenews.it\/#\/schema\/person\/image\/\",\"url\":\"https:\/\/staging.varesenews.it\/wp-content\/uploads\/2020\/12\/alessandro_guglielmi_colori_500.jpg\",\"contentUrl\":\"https:\/\/staging.varesenews.it\/wp-content\/uploads\/2020\/12\/alessandro_guglielmi_colori_500.jpg\",\"caption\":\"Alessandro Guglielmi\"},\"description\":\"Studente classe 1997 collaboro con VareseNews dal 2018. Mi occupo di cronaca, di universit&agrave;, ma soprattutto racconto quel territorio fatto di boschi, piccoli borghi e costellato dai laghi che chiamo casa. Fin da piccolo ho sempre avuto un gran voglia di imparare, nello studio, nel mio lavoro, ma anche nelle arti marziali e in ognuna delle mie passioni. Convinto che ogni persona abbia qualcosa da insegnare, resto sempre aperto all'ascolto, pronto a cogliere lo straordinario anche nei piccoli gesti di tutti i giorni.\",\"url\":\"https:\/\/staging.varesenews.it\/persona\/ale-guglielmi1\/\"}]}<\/script>\n<!-- \/ Yoast SEO plugin. -->","yoast_head_json":{"title":"Una giornata per discutere di ambiente a Travedona Monate","description":"Domenica un appuntamento ricco di iniziative organizzato dal tavolo per il clima, l'amministrazione comunale e l'associazione ICare","robots":{"index":"noindex","follow":"follow","max-snippet":"max-snippet:-1","max-image-preview":"max-image-preview:large","max-video-preview":"max-video-preview:-1"},"og_locale":"it_IT","og_type":"article","og_title":"Una giornata per discutere di ambiente a Travedona Monate","og_description":"Domenica un appuntamento ricco di iniziative organizzato dal tavolo per il clima, l'amministrazione comunale e l'associazione ICare","og_url":"https:\/\/staging.varesenews.it\/2022\/09\/giornata-discutere-ambiente-travedona-monate\/1495322\/","og_site_name":"VareseNews","article_publisher":"https:\/\/www.facebook.com\/varesenews","article_published_time":"2022-09-06T13:13:22+00:00","article_modified_time":"2022-09-06T13:15:36+00:00","author":"Alessandro Guglielmi","twitter_card":"summary_large_image","twitter_creator":"@varesenews","twitter_site":"@varesenews","twitter_misc":{"Scritto da":"Alessandro Guglielmi","Tempo di lettura stimato":"1 minuto"},"schema":{"@context":"https:\/\/schema.org","@graph":[{"@type":"WebPage","@id":"https:\/\/staging.varesenews.it\/2022\/09\/giornata-discutere-ambiente-travedona-monate\/1495322\/","url":"https:\/\/staging.varesenews.it\/2022\/09\/giornata-discutere-ambiente-travedona-monate\/1495322\/","name":"Una giornata per discutere di ambiente a Travedona Monate","isPartOf":{"@id":"https:\/\/staging.varesenews.it\/#website"},"datePublished":"2022-09-06T13:13:22+00:00","dateModified":"2022-09-06T13:15:36+00:00","author":{"@id":"https:\/\/staging.varesenews.it\/#\/schema\/person\/862743a45f2663f7148a8b4bcbd05230"},"description":"Domenica un appuntamento ricco di iniziative organizzato dal tavolo per il clima, l'amministrazione comunale e l'associazione ICare","breadcrumb":{"@id":"https:\/\/staging.varesenews.it\/2022\/09\/giornata-discutere-ambiente-travedona-monate\/1495322\/#breadcrumb"},"inLanguage":"it-IT","potentialAction":[{"@type":"ReadAction","target":["https:\/\/staging.varesenews.it\/2022\/09\/giornata-discutere-ambiente-travedona-monate\/1495322\/"]}]},{"@type":"BreadcrumbList","@id":"https:\/\/staging.varesenews.it\/2022\/09\/giornata-discutere-ambiente-travedona-monate\/1495322\/#breadcrumb","itemListElement":[{"@type":"ListItem","position":1,"name":"Home","item":"https:\/\/www.varesenews.it\/"},{"@type":"ListItem","position":2,"name":"Una giornata per discutere di ambiente a Travedona Monate"}]},{"@type":"WebSite","@id":"https:\/\/staging.varesenews.it\/#website","url":"https:\/\/staging.varesenews.it\/","name":"VareseNews","description":"","potentialAction":[{"@type":"SearchAction","target":{"@type":"EntryPoint","urlTemplate":"https:\/\/staging.varesenews.it\/?s={search_term_string}"},"query-input":"required name=search_term_string"}],"inLanguage":"it-IT"},{"@type":"Person","@id":"https:\/\/staging.varesenews.it\/#\/schema\/person\/862743a45f2663f7148a8b4bcbd05230","name":"Alessandro Guglielmi","image":{"@type":"ImageObject","inLanguage":"it-IT","@id":"https:\/\/staging.varesenews.it\/#\/schema\/person\/image\/","url":"https:\/\/staging.varesenews.it\/wp-content\/uploads\/2020\/12\/alessandro_guglielmi_colori_500.jpg","contentUrl":"https:\/\/staging.varesenews.it\/wp-content\/uploads\/2020\/12\/alessandro_guglielmi_colori_500.jpg","caption":"Alessandro Guglielmi"},"description":"Studente classe 1997 collaboro con VareseNews dal 2018. Mi occupo di cronaca, di universit&agrave;, ma soprattutto racconto quel territorio fatto di boschi, piccoli borghi e costellato dai laghi che chiamo casa. Fin da piccolo ho sempre avuto un gran voglia di imparare, nello studio, nel mio lavoro, ma anche nelle arti marziali e in ognuna delle mie passioni. Convinto che ogni persona abbia qualcosa da insegnare, resto sempre aperto all'ascolto, pronto a cogliere lo straordinario anche nei piccoli gesti di tutti i giorni.","url":"https:\/\/staging.varesenews.it\/persona\/ale-guglielmi1\/"}]}},"post_meta":{"content-image-gallery":"","_edit_lock":"1662470016:12163","_edit_last":"12163","_category_permalink":"a:1:{s:8:\"category\";s:0:\"\";}","_encloseme":"1","ratings_users":"0","ratings_score":"0","ratings_average":"0","foto":"795305","evento-location":"1457799","evento-data-inizio":"1662847200","evento-data-fine":"1662847200","evento-orario-inizio":"10:00","evento-orario-fine":"18:30","evento-price":"Gratuito","evento-organization":"1457806","_yoast_wpseo_focuskw_text_input":"ambiente travedona","_yoast_wpseo_focuskw":"ambiente travedona","_yoast_wpseo_linkdex":"48","_yoast_wpseo_content_score":"30","_jd_tweet_this":"yes","_wpt_short_url":"https:\/\/www.varesenews.it\/2022\/09\/giornata-discutere-ambiente-travedona-monate\/1495322\/","_wp_jd_target":"https:\/\/www.varesenews.it\/2022\/09\/giornata-discutere-ambiente-travedona-monate\/1495322\/","_jd_wp_twitter":"a:1:{i:0;s:146:\"Una giornata per discutere di ambiente a Travedona Monate https:\/\/www.varesenews.it\/2022\/09\/giornata-discutere-ambiente-travedona-monate\/1495322\/ \";}","_wpt_status_message":"Tweet inviato con successo.","argomento":"Travedona Monate"},"photos":[{"original":"https:\/\/staging.varesenews.it\/photogallery_new\/images\/2020\/04\/travedona-monate-795305.jpg","full":"https:\/\/staging.varesenews.it\/photogallery_new\/images\/2020\/04\/travedona-monate-795305.1024x768.jpg","large":"https:\/\/staging.varesenews.it\/photogallery_new\/images\/2020\/04\/travedona-monate-795305.610x431.jpg"}],"_links":{"self":[{"href":"https:\/\/staging.varesenews.it\/swgapi\/v1\/wp\/v2\/posts\/1495322"}],"collection":[{"href":"https:\/\/staging.varesenews.it\/swgapi\/v1\/wp\/v2\/posts"}],"about":[{"href":"https:\/\/staging.varesenews.it\/swgapi\/v1\/wp\/v2\/types\/post"}],"author":[{"embeddable":true,"href":"https:\/\/staging.varesenews.it\/swgapi\/v1\/wp\/v2\/users\/12163"}],"replies":[{"embeddable":true,"href":"https:\/\/staging.varesenews.it\/swgapi\/v1\/wp\/v2\/comments?post=1495322"}],"version-history":[{"count":0,"href":"https:\/\/staging.varesenews.it\/swgapi\/v1\/wp\/v2\/posts\/1495322\/revisions"}],"wp:attachment":[{"href":"https:\/\/staging.varesenews.it\/swgapi\/v1\/wp\/v2\/media?parent=1495322"}],"wp:term":[{"taxonomy":"category","embeddable":true,"href":"https:\/\/staging.varesenews.it\/swgapi\/v1\/wp\/v2\/categories?post=1495322"},{"taxonomy":"post_tag","embeddable":true,"href":"https:\/\/staging.varesenews.it\/swgapi\/v1\/wp\/v2\/tags?post=1495322"}],"curies":[{"name":"wp","href":"https:\/\/api.w.org\/{rel}","templated":true}]}}