{"id":1497634,"date":"2022-09-15T08:11:14","date_gmt":"2022-09-15T06:11:14","guid":{"rendered":"https:\/\/www.varesenews.it\/?p=1497634"},"modified":"2022-09-15T09:50:04","modified_gmt":"2022-09-15T07:50:04","slug":"prof-banchi-la-scuola-scaldera-cuori","status":"publish","type":"post","link":"https:\/\/staging.varesenews.it\/2022\/09\/prof-banchi-la-scuola-scaldera-cuori\/1497634\/","title":{"rendered":"Il prof tra i banchi: la scuola scalder\u00e0 i cuori"},"content":{"rendered":"<p class=\"p1\"><em>Alberto Introini, dopo aver insegnato in vari licei della provincia di Varese,\u00a0dal 2008 \u00e8 docente di Italiano e Storia presso l&#8217;Istituto Elvetico di Lugano (Svizzera).<\/em><\/p>\n<p class=\"p1\"><em>Ha due lauree, in Lettere-Filosofia (2002, Universit\u00e0 Statale di Milano) e in Storia (2022, Universit\u00e0 di Zugo, Svizzera). Iscritto dal 2004 all&#8217;Ordine dei Giornalisti di Milano, ha pubblicato 4 libri.\u00a0Partecipa come relatore o moderatore a diversi eventi culturali nel nord Italia. La sua rubrica settimanale &#8220;Il prof tra i banchi&#8221; tratter\u00e0 argomenti di scuola, didattica e formazione, commentando le notizie di attualit\u00e0 che si susseguiranno nel corso delle settimane.<\/em><\/p>\n<p class=\"p1\"><strong>La scuola scalder\u00e0 i cuori<br \/>\n<\/strong>Quasi 8 milioni di studenti italiani sono tornati in classe. Senza mascherine. Senza Dad. Senza distanze tra i banchi. Il Ministro Bianchi \u00e8 fiducioso, e io con lui. Ma \u00e8 un Ministro coi giorni contati, di un Governo che a breve non esister\u00e0 pi\u00f9. L\u2019altra incognita dei prossimi mesi (covid permettendo) dovrebbe essere il riscaldamento &#8211; e i relativi costi &#8211; con proposte ancora indefinite di \u201csettimana breve\u201d (evitando cio\u00e8 di andare al sabato). In questa incertezza, Mons. Delpini &#8211; arcivescovo di Milano &#8211; ha scritto: \u201cAndare a scuola \u00e8 una grazia, una fortuna, un privilegio\u201d. Le sue parole di augurio, in occasione della ripresa scolastica in Lombardia, rimandano a nuovi orizzonti di speranza: \u201cRipongo tanta fiducia per la preparazione di uomini e donne che rendano migliore ilmondo e desiderabile il tempo che viene\u201d.<strong><br \/>\n<\/strong><\/p>\n<p class=\"p1\"><strong>D\u2019Urso docet<br \/>\n<\/strong>La nota conduttrice televisiva, di programmi peraltro non propriamente culturali, \u00e8 stata invitata a tenere un seminario all\u2019Universit\u00e0 Luiss di Roma. Barbara D\u2019Urso: da Mediaset a docente del corso di \u201cComunicazione social e tv\u201d. In Italia pu\u00f2 succedere che una signora non solo priva di laurea, ma anche radiata ufficialmente dall\u2019Albo dei Giornalisti (nel 1995), sia assunta da un\u2019universit\u00e0 piuttosto prestigiosa. Da giovane la D\u2019Urso aveva rinunciato alla carriera da modella perch\u00e9 era poco alta; adesso viene ritenuta all\u2019altezza d\u2019insegnare, pur non avendo uno straccio di titolo accademico. Follia, certo. Tuttavia vediamone il lato positivo: se la D\u2019Urso insegna in universit\u00e0, ciascuno di noi pu\u00f2 aspirare al Premio Nobel nel proprio settore!<strong><br \/>\n<\/strong><\/p>\n<p class=\"p1\"><strong>Curiosit\u00e0 oltreoceano<br \/>\n<\/strong>In Italia le punizioni corporali a scuola sono vietate sin dal Regio Decreto del 1928. Negli Stati Uniti, invece, nel 1977 la Corte Suprema ha stabilito che sono costituzionali, lasciando a ogni singolo Stato la facolt\u00e0 di applicarle o meno. E cos\u00ec da quest\u2019anno a Cassville, un distretto del Missouri sudoccidentale che comprende quasi 2 mila studenti, gli alunni potranno essere puniti fisicamente. Il board scolastico, diretto da Merlyn Johnson, ha reintrodotto le punizioni corporali, dopo oltre vent\u2019anni che erano state accantonate. A decidere quando attuarle, sar\u00e0 ciascun preside delle varie scuole su segnalazione di un insegnante; e verranno inflitte alla presenza di un testimone. Vietato colpire gli alunni in volto o in testa, e non si dovr\u00e0 andare oltre \u201cla ragionevole forza fisica\u201d: il paradosso \u00e8 gi\u00e0 in questa frase del modulo di avviso per i genitori. La forza fisica pu\u00f2 mai essere ragionevole? Direi proprio di no. Ragionevole \u00e8 il dialogo e il confronto continuo dei docenti con gli adolescenti, per costruire fiducia e rispetto reciproco. Ma si sa, quando non si ha il carisma per essere autorevoli, si rischia di diventare autoritari.<\/p>\n<p class=\"p1\"><em>Prof. Alberto Introini<\/em><br \/>\n<em>Docente e scrittore<\/em><br \/>\n<em>@intro.prof<\/em><\/p>\n<h2><a href=\"https:\/\/www.varesenews.it\/tag\/il-prof-tra-i-banchi\/\">LEGGI TUTTE LE PUNTATE DELLA RUBRICA &#8220;IL PROF TRA I BANCHI&#8221;<\/a><\/h2>\n","protected":false},"excerpt":{"rendered":"<p>La rubrica settimanale &#8220;Il prof tra i banchi&#8221;, curata da Alberto Introini, tratter\u00e0 argomenti di scuola, didattica e formazione, commentando le notizie di attualit\u00e0 che si susseguiranno nel corso delle settimane<\/p>\n","protected":false},"author":39,"featured_media":0,"comment_status":"open","ping_status":"open","sticky":false,"template":"","format":"standard","meta":{"footnotes":""},"categories":[90],"tags":[125861,223],"acf":[],"yoast_head":"<!-- This site is optimized with the Yoast SEO plugin v20.1 - https:\/\/yoast.com\/wordpress\/plugins\/seo\/ -->\n<title>Il prof tra i banchi: la scuola scalder\u00e0 i cuori<\/title>\n<meta name=\"description\" content=\"La rubrica settimanale &quot;Il prof tra i banchi&quot;, curata da Alberto Introini, tratter\u00e0 argomenti di scuola, didattica e formazione, commentando le notizie di attualit\u00e0 che si susseguiranno nel corso delle settimane\" \/>\n<meta name=\"robots\" content=\"noindex, follow, max-snippet:-1, max-image-preview:large, max-video-preview:-1\" \/>\n<meta property=\"og:locale\" content=\"it_IT\" \/>\n<meta property=\"og:type\" content=\"article\" \/>\n<meta property=\"og:title\" content=\"Il prof tra i banchi: la scuola scalder\u00e0 i cuori\" \/>\n<meta property=\"og:description\" content=\"La rubrica settimanale &quot;Il prof tra i banchi&quot;, curata da Alberto Introini, tratter\u00e0 argomenti di scuola, didattica e formazione, commentando le notizie di attualit\u00e0 che si susseguiranno nel corso delle settimane\" \/>\n<meta property=\"og:url\" content=\"https:\/\/staging.varesenews.it\/2022\/09\/prof-banchi-la-scuola-scaldera-cuori\/1497634\/\" \/>\n<meta property=\"og:site_name\" content=\"VareseNews\" \/>\n<meta property=\"article:publisher\" content=\"https:\/\/www.facebook.com\/varesenews\" \/>\n<meta property=\"article:author\" content=\"https:\/\/www.facebook.com\/tommaso.guidotti.7\" \/>\n<meta property=\"article:published_time\" content=\"2022-09-15T06:11:14+00:00\" \/>\n<meta property=\"article:modified_time\" content=\"2022-09-15T07:50:04+00:00\" \/>\n<meta name=\"author\" content=\"Tommaso Guidotti\" \/>\n<meta name=\"twitter:card\" content=\"summary_large_image\" \/>\n<meta name=\"twitter:creator\" content=\"@tomguidoz\" \/>\n<meta name=\"twitter:site\" content=\"@varesenews\" \/>\n<meta name=\"twitter:label1\" content=\"Scritto da\" \/>\n\t<meta name=\"twitter:data1\" content=\"Tommaso Guidotti\" \/>\n\t<meta name=\"twitter:label2\" content=\"Tempo di lettura stimato\" \/>\n\t<meta name=\"twitter:data2\" content=\"3 minuti\" \/>\n<script type=\"application\/ld+json\" class=\"yoast-schema-graph\">{\"@context\":\"https:\/\/schema.org\",\"@graph\":[{\"@type\":\"WebPage\",\"@id\":\"https:\/\/staging.varesenews.it\/2022\/09\/prof-banchi-la-scuola-scaldera-cuori\/1497634\/\",\"url\":\"https:\/\/staging.varesenews.it\/2022\/09\/prof-banchi-la-scuola-scaldera-cuori\/1497634\/\",\"name\":\"Il prof tra i banchi: la scuola scalder\u00e0 i cuori\",\"isPartOf\":{\"@id\":\"https:\/\/staging.varesenews.it\/#website\"},\"datePublished\":\"2022-09-15T06:11:14+00:00\",\"dateModified\":\"2022-09-15T07:50:04+00:00\",\"author\":{\"@id\":\"https:\/\/staging.varesenews.it\/#\/schema\/person\/5ae9c65889c40fea73a6c40733b93f8a\"},\"description\":\"La rubrica settimanale \\\"Il prof tra i banchi\\\", curata da Alberto Introini, tratter\u00e0 argomenti di scuola, didattica e formazione, commentando le notizie di attualit\u00e0 che si susseguiranno nel corso delle settimane\",\"breadcrumb\":{\"@id\":\"https:\/\/staging.varesenews.it\/2022\/09\/prof-banchi-la-scuola-scaldera-cuori\/1497634\/#breadcrumb\"},\"inLanguage\":\"it-IT\",\"potentialAction\":[{\"@type\":\"ReadAction\",\"target\":[\"https:\/\/staging.varesenews.it\/2022\/09\/prof-banchi-la-scuola-scaldera-cuori\/1497634\/\"]}]},{\"@type\":\"BreadcrumbList\",\"@id\":\"https:\/\/staging.varesenews.it\/2022\/09\/prof-banchi-la-scuola-scaldera-cuori\/1497634\/#breadcrumb\",\"itemListElement\":[{\"@type\":\"ListItem\",\"position\":1,\"name\":\"Home\",\"item\":\"https:\/\/www.varesenews.it\/\"},{\"@type\":\"ListItem\",\"position\":2,\"name\":\"Il prof tra i banchi: la scuola scalder\u00e0 i cuori\"}]},{\"@type\":\"WebSite\",\"@id\":\"https:\/\/staging.varesenews.it\/#website\",\"url\":\"https:\/\/staging.varesenews.it\/\",\"name\":\"VareseNews\",\"description\":\"\",\"potentialAction\":[{\"@type\":\"SearchAction\",\"target\":{\"@type\":\"EntryPoint\",\"urlTemplate\":\"https:\/\/staging.varesenews.it\/?s={search_term_string}\"},\"query-input\":\"required name=search_term_string\"}],\"inLanguage\":\"it-IT\"},{\"@type\":\"Person\",\"@id\":\"https:\/\/staging.varesenews.it\/#\/schema\/person\/5ae9c65889c40fea73a6c40733b93f8a\",\"name\":\"Tommaso Guidotti\",\"image\":{\"@type\":\"ImageObject\",\"inLanguage\":\"it-IT\",\"@id\":\"https:\/\/staging.varesenews.it\/#\/schema\/person\/image\/\",\"url\":\"https:\/\/staging.varesenews.it\/wp-content\/uploads\/2020\/12\/tommaso_guidotti_colori_500.jpg\",\"contentUrl\":\"https:\/\/staging.varesenews.it\/wp-content\/uploads\/2020\/12\/tommaso_guidotti_colori_500.jpg\",\"caption\":\"Tommaso Guidotti\"},\"description\":\"Nato a Milano e trasferito nel Varesotto in tenera et&agrave;, sposato con Chiara dal 2012 e padre di due figli, Lorenzo e Alice. Sono laureato in Scienze Politiche e ho nel mio bagaglio lontani studi classici al Liceo Cairoli di Varese. Amo leggere, le serie tv, i viaggi e mi piace sperimentare e conoscere. La passione pi&ugrave; grande? Il calcio, giocato, simulato e guardato: occupo parte del mio tempo libero con quella che &egrave; pi&ugrave; di una squadra di calcio, i Bidone, una vera e propria seconda famiglia con cui ho portato avanti tanti progetti sportivi e benefici. Faccio parte dal 2004 della squadra di VareseNews e sono giornalista professionista dal 2009: per dieci anni ho ricoperto il ruolo di caporedattore. Dal 2019 coordino insieme ad una redazione di giovani collaboratori il nuovo progetto del gruppo nella zona del Saronnese, il giornale SaronnoNews, spin-off di VareseNews, restando comunque radicato al territorio di Casciago, paese che mi ha adottato e che amo moltissimo come il lago di Varese e Cazzago Brabbia, il paese dove ho vissuto da giovane.\",\"sameAs\":[\"https:\/\/www.facebook.com\/tommaso.guidotti.7\",\"tomguidoz80\",\"https:\/\/www.linkedin.com\/profile\/view?id=36891883&authType=name&authToken=9pNm&locale=en_US&goback=npv_36891883_*1_*1_name_9pNm_*1_*1_*1_*1_*1_*1_*1_*1_*1_*1_*1_*1_*1_*1_*1_*1_*1_*1_*1_*1_*1_*1_*1_*1_*1_*1_*1_*1_*1_*1_*1_*1_*1\",\"https:\/\/twitter.com\/tomguidoz\"],\"url\":\"https:\/\/staging.varesenews.it\/persona\/tommaso_guidotti\/\"}]}<\/script>\n<!-- \/ Yoast SEO plugin. -->","yoast_head_json":{"title":"Il prof tra i banchi: la scuola scalder\u00e0 i cuori","description":"La rubrica settimanale \"Il prof tra i banchi\", curata da Alberto Introini, tratter\u00e0 argomenti di scuola, didattica e formazione, commentando le notizie di attualit\u00e0 che si susseguiranno nel corso delle settimane","robots":{"index":"noindex","follow":"follow","max-snippet":"max-snippet:-1","max-image-preview":"max-image-preview:large","max-video-preview":"max-video-preview:-1"},"og_locale":"it_IT","og_type":"article","og_title":"Il prof tra i banchi: la scuola scalder\u00e0 i cuori","og_description":"La rubrica settimanale \"Il prof tra i banchi\", curata da Alberto Introini, tratter\u00e0 argomenti di scuola, didattica e formazione, commentando le notizie di attualit\u00e0 che si susseguiranno nel corso delle settimane","og_url":"https:\/\/staging.varesenews.it\/2022\/09\/prof-banchi-la-scuola-scaldera-cuori\/1497634\/","og_site_name":"VareseNews","article_publisher":"https:\/\/www.facebook.com\/varesenews","article_author":"https:\/\/www.facebook.com\/tommaso.guidotti.7","article_published_time":"2022-09-15T06:11:14+00:00","article_modified_time":"2022-09-15T07:50:04+00:00","author":"Tommaso Guidotti","twitter_card":"summary_large_image","twitter_creator":"@tomguidoz","twitter_site":"@varesenews","twitter_misc":{"Scritto da":"Tommaso Guidotti","Tempo di lettura stimato":"3 minuti"},"schema":{"@context":"https:\/\/schema.org","@graph":[{"@type":"WebPage","@id":"https:\/\/staging.varesenews.it\/2022\/09\/prof-banchi-la-scuola-scaldera-cuori\/1497634\/","url":"https:\/\/staging.varesenews.it\/2022\/09\/prof-banchi-la-scuola-scaldera-cuori\/1497634\/","name":"Il prof tra i banchi: la scuola scalder\u00e0 i cuori","isPartOf":{"@id":"https:\/\/staging.varesenews.it\/#website"},"datePublished":"2022-09-15T06:11:14+00:00","dateModified":"2022-09-15T07:50:04+00:00","author":{"@id":"https:\/\/staging.varesenews.it\/#\/schema\/person\/5ae9c65889c40fea73a6c40733b93f8a"},"description":"La rubrica settimanale \"Il prof tra i banchi\", curata da Alberto Introini, tratter\u00e0 argomenti di scuola, didattica e formazione, commentando le notizie di attualit\u00e0 che si susseguiranno nel corso delle settimane","breadcrumb":{"@id":"https:\/\/staging.varesenews.it\/2022\/09\/prof-banchi-la-scuola-scaldera-cuori\/1497634\/#breadcrumb"},"inLanguage":"it-IT","potentialAction":[{"@type":"ReadAction","target":["https:\/\/staging.varesenews.it\/2022\/09\/prof-banchi-la-scuola-scaldera-cuori\/1497634\/"]}]},{"@type":"BreadcrumbList","@id":"https:\/\/staging.varesenews.it\/2022\/09\/prof-banchi-la-scuola-scaldera-cuori\/1497634\/#breadcrumb","itemListElement":[{"@type":"ListItem","position":1,"name":"Home","item":"https:\/\/www.varesenews.it\/"},{"@type":"ListItem","position":2,"name":"Il prof tra i banchi: la scuola scalder\u00e0 i cuori"}]},{"@type":"WebSite","@id":"https:\/\/staging.varesenews.it\/#website","url":"https:\/\/staging.varesenews.it\/","name":"VareseNews","description":"","potentialAction":[{"@type":"SearchAction","target":{"@type":"EntryPoint","urlTemplate":"https:\/\/staging.varesenews.it\/?s={search_term_string}"},"query-input":"required name=search_term_string"}],"inLanguage":"it-IT"},{"@type":"Person","@id":"https:\/\/staging.varesenews.it\/#\/schema\/person\/5ae9c65889c40fea73a6c40733b93f8a","name":"Tommaso Guidotti","image":{"@type":"ImageObject","inLanguage":"it-IT","@id":"https:\/\/staging.varesenews.it\/#\/schema\/person\/image\/","url":"https:\/\/staging.varesenews.it\/wp-content\/uploads\/2020\/12\/tommaso_guidotti_colori_500.jpg","contentUrl":"https:\/\/staging.varesenews.it\/wp-content\/uploads\/2020\/12\/tommaso_guidotti_colori_500.jpg","caption":"Tommaso Guidotti"},"description":"Nato a Milano e trasferito nel Varesotto in tenera et&agrave;, sposato con Chiara dal 2012 e padre di due figli, Lorenzo e Alice. Sono laureato in Scienze Politiche e ho nel mio bagaglio lontani studi classici al Liceo Cairoli di Varese. Amo leggere, le serie tv, i viaggi e mi piace sperimentare e conoscere. La passione pi&ugrave; grande? Il calcio, giocato, simulato e guardato: occupo parte del mio tempo libero con quella che &egrave; pi&ugrave; di una squadra di calcio, i Bidone, una vera e propria seconda famiglia con cui ho portato avanti tanti progetti sportivi e benefici. Faccio parte dal 2004 della squadra di VareseNews e sono giornalista professionista dal 2009: per dieci anni ho ricoperto il ruolo di caporedattore. Dal 2019 coordino insieme ad una redazione di giovani collaboratori il nuovo progetto del gruppo nella zona del Saronnese, il giornale SaronnoNews, spin-off di VareseNews, restando comunque radicato al territorio di Casciago, paese che mi ha adottato e che amo moltissimo come il lago di Varese e Cazzago Brabbia, il paese dove ho vissuto da giovane.","sameAs":["https:\/\/www.facebook.com\/tommaso.guidotti.7","tomguidoz80","https:\/\/www.linkedin.com\/profile\/view?id=36891883&authType=name&authToken=9pNm&locale=en_US&goback=npv_36891883_*1_*1_name_9pNm_*1_*1_*1_*1_*1_*1_*1_*1_*1_*1_*1_*1_*1_*1_*1_*1_*1_*1_*1_*1_*1_*1_*1_*1_*1_*1_*1_*1_*1_*1_*1_*1_*1","https:\/\/twitter.com\/tomguidoz"],"url":"https:\/\/staging.varesenews.it\/persona\/tommaso_guidotti\/"}]}},"post_meta":{"content-image-gallery":"","foto":"1331815","firma_come_redazione":"1","argomento":"Scuola","ratings_users":"0","ratings_score":"0","ratings_average":"0","_edit_lock":"1663235099:39","_edit_last":"39","_category_permalink":"a:1:{s:8:\"category\";s:2:\"90\";}","_yoast_wpseo_focuskw_text_input":"scuola","_yoast_wpseo_focuskw":"scuola","_yoast_wpseo_linkdex":"69","_yoast_wpseo_content_score":"30","_jd_tweet_this":"yes","_wpt_short_url":"http:\/\/www.varesenews.it\/2022\/09\/prof-banchi-la-scuola-scaldera-cuori\/1497634\/","_wp_jd_target":"http:\/\/www.varesenews.it\/2022\/09\/prof-banchi-la-scuola-scaldera-cuori\/1497634\/","_jd_wp_twitter":"a:1:{i:0;s:136:\"Il prof tra i banchi: la scuola scalder\u00e0 i cuori http:\/\/www.varesenews.it\/2022\/09\/prof-banchi-la-scuola-scaldera-cuori\/1497634\/ #scuola\";}","_wpt_status_message":"Tweet inviato con successo.","_encloseme":"1","_oembed_dfd47cd0b0f0c2cccb2828c1ae162f52":"<blockquote class=\"wp-embedded-content\" data-secret=\"PK5hMyr51j\"><a href=\"https:\/\/www.varesenews.it\/2021\/09\/oltre-700-classi-pollaio-provincia-varese-la-scuola-presenza-riparte-salita\/1376469\/\">Oltre 700 &#8220;classi pollaio&#8221; in provincia di Varese: la scuola in presenza riparte in salita<\/a><\/blockquote><iframe class=\"wp-embedded-content\" sandbox=\"allow-scripts\" security=\"restricted\" style=\"position: absolute; clip: rect(1px, 1px, 1px, 1px);\" src=\"https:\/\/www.varesenews.it\/2021\/09\/oltre-700-classi-pollaio-provincia-varese-la-scuola-presenza-riparte-salita\/1376469\/embed\/#?secret=PK5hMyr51j\" data-secret=\"PK5hMyr51j\" width=\"500\" height=\"282\" title=\"&#8220;Oltre 700 &#8220;classi pollaio&#8221; in provincia di Varese: la scuola in presenza riparte in salita&#8221; &#8212; VareseNews\" frameborder=\"0\" marginwidth=\"0\" marginheight=\"0\" scrolling=\"no\"><\/iframe>","_oembed_time_dfd47cd0b0f0c2cccb2828c1ae162f52":"1663222416","_oembed_1ee9f320d3fa9b1753b9b598528a75bd":"<blockquote class=\"wp-embedded-content\" data-secret=\"EI03sDu66a\"><a href=\"https:\/\/www.varesenews.it\/2022\/09\/turni-esasperati-stipendi-inadeguati-lunedi-12-settembre-sciopera-personale-aeroportuale\/1496728\/\">&#8220;Turni esasperati e stipendi inadeguati&#8221;: luned\u00ec 12 settembre sciopera il personale aeroportuale<\/a><\/blockquote><iframe class=\"wp-embedded-content\" sandbox=\"allow-scripts\" security=\"restricted\" style=\"position: absolute; clip: rect(1px, 1px, 1px, 1px);\" src=\"https:\/\/www.varesenews.it\/2022\/09\/turni-esasperati-stipendi-inadeguati-lunedi-12-settembre-sciopera-personale-aeroportuale\/1496728\/embed\/#?secret=EI03sDu66a\" data-secret=\"EI03sDu66a\" width=\"500\" height=\"282\" title=\"&#8220;&#8220;Turni esasperati e stipendi inadeguati&#8221;: luned\u00ec 12 settembre sciopera il personale aeroportuale&#8221; &#8212; VareseNews\" frameborder=\"0\" marginwidth=\"0\" marginheight=\"0\" scrolling=\"no\"><\/iframe>","_oembed_time_1ee9f320d3fa9b1753b9b598528a75bd":"1663222416","_oembed_5157489a8934a638419ff38159c16914":"<iframe width=\"500\" height=\"281\" src=\"https:\/\/www.youtube.com\/embed\/ZPIwiOI121I?feature=oembed\" frameborder=\"0\" allow=\"accelerometer; autoplay; clipboard-write; encrypted-media; gyroscope; picture-in-picture\" allowfullscreen title=\"Flavio Oreglio: \u201cIl cabaret? Non c\u2019entra nulla con i comici\u201d\"><\/iframe>","_oembed_time_5157489a8934a638419ff38159c16914":"1663222419"},"photos":[{"original":"https:\/\/staging.varesenews.it\/photogallery_new\/images\/2022\/09\/generico-05-sep-2022-1331815.jpg","full":"https:\/\/staging.varesenews.it\/photogallery_new\/images\/2022\/09\/generico-05-sep-2022-1331815.1024x768.jpg","large":"https:\/\/staging.varesenews.it\/photogallery_new\/images\/2022\/09\/generico-05-sep-2022-1331815.610x431.jpg"}],"_links":{"self":[{"href":"https:\/\/staging.varesenews.it\/swgapi\/v1\/wp\/v2\/posts\/1497634"}],"collection":[{"href":"https:\/\/staging.varesenews.it\/swgapi\/v1\/wp\/v2\/posts"}],"about":[{"href":"https:\/\/staging.varesenews.it\/swgapi\/v1\/wp\/v2\/types\/post"}],"author":[{"embeddable":true,"href":"https:\/\/staging.varesenews.it\/swgapi\/v1\/wp\/v2\/users\/39"}],"replies":[{"embeddable":true,"href":"https:\/\/staging.varesenews.it\/swgapi\/v1\/wp\/v2\/comments?post=1497634"}],"version-history":[{"count":0,"href":"https:\/\/staging.varesenews.it\/swgapi\/v1\/wp\/v2\/posts\/1497634\/revisions"}],"wp:attachment":[{"href":"https:\/\/staging.varesenews.it\/swgapi\/v1\/wp\/v2\/media?parent=1497634"}],"wp:term":[{"taxonomy":"category","embeddable":true,"href":"https:\/\/staging.varesenews.it\/swgapi\/v1\/wp\/v2\/categories?post=1497634"},{"taxonomy":"post_tag","embeddable":true,"href":"https:\/\/staging.varesenews.it\/swgapi\/v1\/wp\/v2\/tags?post=1497634"}],"curies":[{"name":"wp","href":"https:\/\/api.w.org\/{rel}","templated":true}]}}