{"id":1503761,"date":"2022-09-30T15:37:34","date_gmt":"2022-09-30T13:37:34","guid":{"rendered":"https:\/\/www.varesenews.it\/?p=1503761"},"modified":"2022-09-30T15:37:34","modified_gmt":"2022-09-30T13:37:34","slug":"mastini-finalmente-casa-ora-ce-battere-dobbiaco","status":"publish","type":"post","link":"https:\/\/staging.varesenews.it\/2022\/09\/mastini-finalmente-casa-ora-ce-battere-dobbiaco\/1503761\/","title":{"rendered":"I Mastini finalmente a casa. Ma ora c&#8217;\u00e8 da battere il Dobbiaco"},"content":{"rendered":"<p>\u00c8 sicuramente una partita speciale quella che i <strong>Mastini Varese<\/strong> si apprestano a disputare dalle<strong> 18,30 di sabato 1\u00b0 ottobre:<\/strong> i gialloneri e i loro avversari, gli &#8220;orsi polari&#8221; di Dobbiaco, si affronteranno al <strong>PalAlbani ma in una cornice tutta nuova<\/strong> rispetto a quella cui eravamo abituati.<\/p>\n<p>Una<strong> pista e un impianto moderni,<\/strong> con spogliatoi e balaustre nuove di zecca e con un tocco di tecnologia <a href=\"https:\/\/www.varesenews.it\/2022\/09\/palaghiaccio-cubo-pronto-al-via-pattinaggio-libero-nuoto\/1502768\/\">regalato dal nuovo &#8220;cubo&#8221;<\/a> sospeso sul ghiaccio che contribuir\u00e0 a <strong>dare spettacolo<\/strong> con i suoi giochi di luce. La <strong>Acinque Ice Arena riapre dunque le porte<\/strong> a una partita ufficiale a oltre due anni e mezzo dall&#8217;ultima volta, da quel marzo 2020 quando tutto si ferm\u00f2 e &#8211; in via Albani &#8211; non ripart\u00ec.<\/p>\n<p>Ma il contorno, che sar\u00e0 fatto anche di un buon numero di tifosi sugli spalti, non dovr\u00e0 distrarre la squadra di Claude Deveze<strong> dall&#8217;obiettivo principale<\/strong> che non \u00e8 quello di tagliare idealmente il nastro. C&#8217;\u00e8 infatti prima di tutto <strong>una partita da vincere:<\/strong> il Dobbiaco ha esordito battendo il Como mentre i Mastini sono incappati in un <strong>passo falso sulla pista del Bressanone<\/strong> e sono al palo in termini di punti. Il<strong> rientro di Alessio Piroso<\/strong> (assente nel primo turno per squalifica) sar\u00e0 comunque importante per la sua carica di velocit\u00e0 e talento.<\/p>\n<p>Gli ospiti schierano, tra le proprie fila, il<strong> fresco ex Adam Capannelli,<\/strong> giunto a Varese nel corso dell&#8217;ultimo campionato e subito in grado di lasciare il segno con la maglia giallonera. L&#8217;attaccante canadese<strong> sarebbe rimasto ai Mastini<\/strong> ma le scelte societarie sono state differenti e oggi si trova a essere il primo avversario in ordine di tempo a passare dal nuovo palaghiaccio.<\/p>\n<p>La gara di sabato sar\u00e0 diretta dai signori\u00a0Federico <strong>Rivis<\/strong> e Willy Vinicio <strong>Volcan<\/strong> assistiti da Lorenzo Dell&#8217;Amico e Andrea Rivis. I biglietti sono <strong>disponibili in prevendita<\/strong> su Liveticket ma verranno venduti anche alle <strong>casse del palaghiaccio dalle 17,30<\/strong>; per ritirare l\u2019abbonamento gi\u00e0 sottoscritto bisogna presentare la ricevuta e un documento di identit\u00e0. Chi non lo pu\u00f2 fare di persona potr\u00e0 dare una delega scritta a un incaricato.<\/p>\n<p>Bisogna infine ricordare la <strong>viabilit\u00e0 modificata<\/strong> davanti all&#8217;ippodromo per la Gran Fondo di ciclismo (cronometro); il consiglio \u00e8 quello di <strong>usufruire delle strade retrostanti al palaghiaccio<\/strong>, percorrendo viale Aguggiari e entrando in via Appiani, il cui accesso \u00e8 chiuso unicamente da via Albani, rimanendo per\u00f2 percorribile dalla parte retrostante.<\/p>\n<blockquote><p><strong>IHL &#8211; CLASSIFICA<\/strong><br \/>\nCaldaro, Dobbiaco, Bressanone 3; Appiano, Valpellice 2; Valdifiemme, Pergine 1; VARESE, Como, Alleghe 0.<\/p><\/blockquote>\n","protected":false},"excerpt":{"rendered":"<p>Sabato 1 (18,30) la partita inaugurale nella nuova Acinque Ice Arena per gli uomini di Deveze: obiettivo fare punti contro la squadra dell&#8217;ex Capannelli<\/p>\n","protected":false},"author":38,"featured_media":0,"comment_status":"open","ping_status":"open","sticky":false,"template":"","format":"standard","meta":{"footnotes":""},"categories":[14,2],"tags":[125744,264,89048],"acf":[],"yoast_head":"<!-- This site is optimized with the Yoast SEO plugin v20.1 - https:\/\/yoast.com\/wordpress\/plugins\/seo\/ -->\n<title>I Mastini finalmente a casa. Ma ora c&#039;\u00e8 da battere il Dobbiaco<\/title>\n<meta name=\"description\" content=\"Sabato 1 (18,30) la partita inaugurale nella nuova Acinque Ice Arena per gli uomini di Deveze: obiettivo fare punti contro la squadra dell&#039;ex Capannelli\" \/>\n<meta name=\"robots\" content=\"noindex, follow, max-snippet:-1, max-image-preview:large, max-video-preview:-1\" \/>\n<meta property=\"og:locale\" content=\"it_IT\" \/>\n<meta property=\"og:type\" content=\"article\" \/>\n<meta property=\"og:title\" content=\"I Mastini finalmente a casa. Ma ora c&#039;\u00e8 da battere il Dobbiaco\" \/>\n<meta property=\"og:description\" content=\"Sabato 1 (18,30) la partita inaugurale nella nuova Acinque Ice Arena per gli uomini di Deveze: obiettivo fare punti contro la squadra dell&#039;ex Capannelli\" \/>\n<meta property=\"og:url\" content=\"https:\/\/staging.varesenews.it\/2022\/09\/mastini-finalmente-casa-ora-ce-battere-dobbiaco\/1503761\/\" \/>\n<meta property=\"og:site_name\" content=\"VareseNews\" \/>\n<meta property=\"article:publisher\" content=\"https:\/\/www.facebook.com\/varesenews\" \/>\n<meta property=\"article:published_time\" content=\"2022-09-30T13:37:34+00:00\" \/>\n<meta name=\"author\" content=\"Damiano Franzetti\" \/>\n<meta name=\"twitter:card\" content=\"summary_large_image\" \/>\n<meta name=\"twitter:creator\" content=\"@damianofranz\" \/>\n<meta name=\"twitter:site\" content=\"@varesenews\" \/>\n<meta name=\"twitter:label1\" content=\"Scritto da\" \/>\n\t<meta name=\"twitter:data1\" content=\"Damiano Franzetti\" \/>\n\t<meta name=\"twitter:label2\" content=\"Tempo di lettura stimato\" \/>\n\t<meta name=\"twitter:data2\" content=\"2 minuti\" \/>\n<script type=\"application\/ld+json\" class=\"yoast-schema-graph\">{\"@context\":\"https:\/\/schema.org\",\"@graph\":[{\"@type\":\"WebPage\",\"@id\":\"https:\/\/staging.varesenews.it\/2022\/09\/mastini-finalmente-casa-ora-ce-battere-dobbiaco\/1503761\/\",\"url\":\"https:\/\/staging.varesenews.it\/2022\/09\/mastini-finalmente-casa-ora-ce-battere-dobbiaco\/1503761\/\",\"name\":\"I Mastini finalmente a casa. Ma ora c'\u00e8 da battere il Dobbiaco\",\"isPartOf\":{\"@id\":\"https:\/\/staging.varesenews.it\/#website\"},\"datePublished\":\"2022-09-30T13:37:34+00:00\",\"dateModified\":\"2022-09-30T13:37:34+00:00\",\"author\":{\"@id\":\"https:\/\/staging.varesenews.it\/#\/schema\/person\/709ae3769f6b4dbde8ec332baede8a5b\"},\"description\":\"Sabato 1 (18,30) la partita inaugurale nella nuova Acinque Ice Arena per gli uomini di Deveze: obiettivo fare punti contro la squadra dell'ex Capannelli\",\"breadcrumb\":{\"@id\":\"https:\/\/staging.varesenews.it\/2022\/09\/mastini-finalmente-casa-ora-ce-battere-dobbiaco\/1503761\/#breadcrumb\"},\"inLanguage\":\"it-IT\",\"potentialAction\":[{\"@type\":\"ReadAction\",\"target\":[\"https:\/\/staging.varesenews.it\/2022\/09\/mastini-finalmente-casa-ora-ce-battere-dobbiaco\/1503761\/\"]}]},{\"@type\":\"BreadcrumbList\",\"@id\":\"https:\/\/staging.varesenews.it\/2022\/09\/mastini-finalmente-casa-ora-ce-battere-dobbiaco\/1503761\/#breadcrumb\",\"itemListElement\":[{\"@type\":\"ListItem\",\"position\":1,\"name\":\"Home\",\"item\":\"https:\/\/www.varesenews.it\/\"},{\"@type\":\"ListItem\",\"position\":2,\"name\":\"I Mastini finalmente a casa. Ma ora c&#8217;\u00e8 da battere il Dobbiaco\"}]},{\"@type\":\"WebSite\",\"@id\":\"https:\/\/staging.varesenews.it\/#website\",\"url\":\"https:\/\/staging.varesenews.it\/\",\"name\":\"VareseNews\",\"description\":\"\",\"potentialAction\":[{\"@type\":\"SearchAction\",\"target\":{\"@type\":\"EntryPoint\",\"urlTemplate\":\"https:\/\/staging.varesenews.it\/?s={search_term_string}\"},\"query-input\":\"required name=search_term_string\"}],\"inLanguage\":\"it-IT\"},{\"@type\":\"Person\",\"@id\":\"https:\/\/staging.varesenews.it\/#\/schema\/person\/709ae3769f6b4dbde8ec332baede8a5b\",\"name\":\"Damiano Franzetti\",\"image\":{\"@type\":\"ImageObject\",\"inLanguage\":\"it-IT\",\"@id\":\"https:\/\/staging.varesenews.it\/#\/schema\/person\/image\/\",\"url\":\"https:\/\/staging.varesenews.it\/wp-content\/uploads\/2020\/12\/damiano_franzetti_colori_500.jpg\",\"contentUrl\":\"https:\/\/staging.varesenews.it\/wp-content\/uploads\/2020\/12\/damiano_franzetti_colori_500.jpg\",\"caption\":\"Damiano Franzetti\"},\"description\":\"Classe 1976, una laurea (nel cassetto) in scienze e tecnologie alimentari; sono giornalista professionista dal 2009 nato e cresciuto con VareseNews dove mi occupo soprattutto di sport ormai da vent&rsquo;anni. Inviato sui campi (sulle piste, sulle strade...), intervistatore, coordinatore e responsabile delle pagine sportive, mi ritaglio volentieri lo spazio per scrivere di birra sul blog Malto Gradimento. Ho seguito innumerevoli campionati di Serie A di basket, di serie B di calcio, due Mondiali di ciclismo, qualche Giro d&rsquo;;Italia e tanto altro ancora. Collaboro con Tuttosport e altre testate, mi diletto di social. Ho una moglie, un figlio, vivo nella mia Gemonio e ho purtroppo smesso con il basket giocato. &nbsp;\",\"sameAs\":[\"damianofranz\",\"https:\/\/www.linkedin.com\/profile\/view?id=241597124&trk=nav_responsive_tab_profile\",\"https:\/\/twitter.com\/damianofranz\"],\"url\":\"https:\/\/staging.varesenews.it\/persona\/damiano_franzetti-2\/\"}]}<\/script>\n<!-- \/ Yoast SEO plugin. -->","yoast_head_json":{"title":"I Mastini finalmente a casa. Ma ora c'\u00e8 da battere il Dobbiaco","description":"Sabato 1 (18,30) la partita inaugurale nella nuova Acinque Ice Arena per gli uomini di Deveze: obiettivo fare punti contro la squadra dell'ex Capannelli","robots":{"index":"noindex","follow":"follow","max-snippet":"max-snippet:-1","max-image-preview":"max-image-preview:large","max-video-preview":"max-video-preview:-1"},"og_locale":"it_IT","og_type":"article","og_title":"I Mastini finalmente a casa. Ma ora c'\u00e8 da battere il Dobbiaco","og_description":"Sabato 1 (18,30) la partita inaugurale nella nuova Acinque Ice Arena per gli uomini di Deveze: obiettivo fare punti contro la squadra dell'ex Capannelli","og_url":"https:\/\/staging.varesenews.it\/2022\/09\/mastini-finalmente-casa-ora-ce-battere-dobbiaco\/1503761\/","og_site_name":"VareseNews","article_publisher":"https:\/\/www.facebook.com\/varesenews","article_published_time":"2022-09-30T13:37:34+00:00","author":"Damiano Franzetti","twitter_card":"summary_large_image","twitter_creator":"@damianofranz","twitter_site":"@varesenews","twitter_misc":{"Scritto da":"Damiano Franzetti","Tempo di lettura stimato":"2 minuti"},"schema":{"@context":"https:\/\/schema.org","@graph":[{"@type":"WebPage","@id":"https:\/\/staging.varesenews.it\/2022\/09\/mastini-finalmente-casa-ora-ce-battere-dobbiaco\/1503761\/","url":"https:\/\/staging.varesenews.it\/2022\/09\/mastini-finalmente-casa-ora-ce-battere-dobbiaco\/1503761\/","name":"I Mastini finalmente a casa. Ma ora c'\u00e8 da battere il Dobbiaco","isPartOf":{"@id":"https:\/\/staging.varesenews.it\/#website"},"datePublished":"2022-09-30T13:37:34+00:00","dateModified":"2022-09-30T13:37:34+00:00","author":{"@id":"https:\/\/staging.varesenews.it\/#\/schema\/person\/709ae3769f6b4dbde8ec332baede8a5b"},"description":"Sabato 1 (18,30) la partita inaugurale nella nuova Acinque Ice Arena per gli uomini di Deveze: obiettivo fare punti contro la squadra dell'ex Capannelli","breadcrumb":{"@id":"https:\/\/staging.varesenews.it\/2022\/09\/mastini-finalmente-casa-ora-ce-battere-dobbiaco\/1503761\/#breadcrumb"},"inLanguage":"it-IT","potentialAction":[{"@type":"ReadAction","target":["https:\/\/staging.varesenews.it\/2022\/09\/mastini-finalmente-casa-ora-ce-battere-dobbiaco\/1503761\/"]}]},{"@type":"BreadcrumbList","@id":"https:\/\/staging.varesenews.it\/2022\/09\/mastini-finalmente-casa-ora-ce-battere-dobbiaco\/1503761\/#breadcrumb","itemListElement":[{"@type":"ListItem","position":1,"name":"Home","item":"https:\/\/www.varesenews.it\/"},{"@type":"ListItem","position":2,"name":"I Mastini finalmente a casa. Ma ora c&#8217;\u00e8 da battere il Dobbiaco"}]},{"@type":"WebSite","@id":"https:\/\/staging.varesenews.it\/#website","url":"https:\/\/staging.varesenews.it\/","name":"VareseNews","description":"","potentialAction":[{"@type":"SearchAction","target":{"@type":"EntryPoint","urlTemplate":"https:\/\/staging.varesenews.it\/?s={search_term_string}"},"query-input":"required name=search_term_string"}],"inLanguage":"it-IT"},{"@type":"Person","@id":"https:\/\/staging.varesenews.it\/#\/schema\/person\/709ae3769f6b4dbde8ec332baede8a5b","name":"Damiano Franzetti","image":{"@type":"ImageObject","inLanguage":"it-IT","@id":"https:\/\/staging.varesenews.it\/#\/schema\/person\/image\/","url":"https:\/\/staging.varesenews.it\/wp-content\/uploads\/2020\/12\/damiano_franzetti_colori_500.jpg","contentUrl":"https:\/\/staging.varesenews.it\/wp-content\/uploads\/2020\/12\/damiano_franzetti_colori_500.jpg","caption":"Damiano Franzetti"},"description":"Classe 1976, una laurea (nel cassetto) in scienze e tecnologie alimentari; sono giornalista professionista dal 2009 nato e cresciuto con VareseNews dove mi occupo soprattutto di sport ormai da vent&rsquo;anni. Inviato sui campi (sulle piste, sulle strade...), intervistatore, coordinatore e responsabile delle pagine sportive, mi ritaglio volentieri lo spazio per scrivere di birra sul blog Malto Gradimento. Ho seguito innumerevoli campionati di Serie A di basket, di serie B di calcio, due Mondiali di ciclismo, qualche Giro d&rsquo;;Italia e tanto altro ancora. Collaboro con Tuttosport e altre testate, mi diletto di social. Ho una moglie, un figlio, vivo nella mia Gemonio e ho purtroppo smesso con il basket giocato. &nbsp;","sameAs":["damianofranz","https:\/\/www.linkedin.com\/profile\/view?id=241597124&trk=nav_responsive_tab_profile","https:\/\/twitter.com\/damianofranz"],"url":"https:\/\/staging.varesenews.it\/persona\/damiano_franzetti-2\/"}]}},"post_meta":{"content-image-gallery":"","_edit_lock":"1664545014:38","_edit_last":"38","_category_permalink":"a:1:{s:8:\"category\";s:2:\"14\";}","_encloseme":"1","ratings_users":"0","ratings_score":"0","ratings_average":"0","foto":"1339314","argomento":"Hockey su ghiaccio","_yoast_wpseo_focuskw_text_input":"Mastini","_yoast_wpseo_focuskw":"Mastini","_yoast_wpseo_linkdex":"75","_yoast_wpseo_content_score":"30","_jd_tweet_this":"yes","_wpt_short_url":"https:\/\/www.varesenews.it\/2022\/09\/mastini-finalmente-casa-ora-ce-battere-dobbiaco\/1503761\/","_wp_jd_target":"https:\/\/www.varesenews.it\/2022\/09\/mastini-finalmente-casa-ora-ce-battere-dobbiaco\/1503761\/","_jd_wp_twitter":"a:1:{i:0;s:173:\"I Mastini finalmente a casa. Ma ora c\u2019\u00e8 da battere il Dobbiaco https:\/\/www.varesenews.it\/2022\/09\/mastini-finalmente-casa-ora-ce-battere-dobbiaco\/1503761\/ #acinqueicearena\";}","_wpt_status_message":"Tweet inviato con successo.","_oembed_01e7df1875106178fd7c2ce01fbb0d1b":"<blockquote class=\"wp-embedded-content\" data-secret=\"w044Z7znXC\"><a href=\"https:\/\/www.varesenews.it\/2022\/09\/eventi-bambini-nel-weekend-del-30-settembre-1-2-ottobre-varese-provincia\/1503574\/\">Eventi per bambini nel weekend del 30 settembre, 1 e 2 ottobre tra Varese e provincia<\/a><\/blockquote><iframe class=\"wp-embedded-content\" sandbox=\"allow-scripts\" security=\"restricted\" style=\"position: absolute; clip: rect(1px, 1px, 1px, 1px);\" src=\"https:\/\/www.varesenews.it\/2022\/09\/eventi-bambini-nel-weekend-del-30-settembre-1-2-ottobre-varese-provincia\/1503574\/embed\/#?secret=w044Z7znXC\" data-secret=\"w044Z7znXC\" width=\"500\" height=\"282\" title=\"&#8220;Eventi per bambini nel weekend del 30 settembre, 1 e 2 ottobre tra Varese e provincia&#8221; &#8212; VareseNews\" frameborder=\"0\" marginwidth=\"0\" marginheight=\"0\" scrolling=\"no\"><\/iframe>","_oembed_time_01e7df1875106178fd7c2ce01fbb0d1b":"1664545106","_oembed_55c624cf9a9d3d313d9886c9cf82d1eb":"<blockquote class=\"wp-embedded-content\" data-secret=\"ZEBUj9uw3X\"><a href=\"https:\/\/www.varesenews.it\/2022\/08\/torna-agrivarese-si-sposta-ad-angera\/1489203\/\">Torna Agrivarese, e si sposta ad Angera<\/a><\/blockquote><iframe class=\"wp-embedded-content\" sandbox=\"allow-scripts\" security=\"restricted\" style=\"position: absolute; clip: rect(1px, 1px, 1px, 1px);\" src=\"https:\/\/www.varesenews.it\/2022\/08\/torna-agrivarese-si-sposta-ad-angera\/1489203\/embed\/#?secret=ZEBUj9uw3X\" data-secret=\"ZEBUj9uw3X\" width=\"500\" height=\"282\" title=\"&#8220;Torna Agrivarese, e si sposta ad Angera&#8221; &#8212; VareseNews\" frameborder=\"0\" marginwidth=\"0\" marginheight=\"0\" scrolling=\"no\"><\/iframe>","_oembed_time_55c624cf9a9d3d313d9886c9cf82d1eb":"1664545106","_oembed_2618b746874b4c06450fc014f3fba3c0":"<blockquote class=\"wp-embedded-content\" data-secret=\"7CqrRJVZBB\"><a href=\"https:\/\/www.varesenews.it\/2022\/08\/cento-anni-le-camicie-nere-occuparono-comune-varese\/1493129\/\">Cento anni fa le camicie nere occuparono il Comune di Varese<\/a><\/blockquote><iframe class=\"wp-embedded-content\" sandbox=\"allow-scripts\" security=\"restricted\" style=\"position: absolute; clip: rect(1px, 1px, 1px, 1px);\" src=\"https:\/\/www.varesenews.it\/2022\/08\/cento-anni-le-camicie-nere-occuparono-comune-varese\/1493129\/embed\/#?secret=7CqrRJVZBB\" data-secret=\"7CqrRJVZBB\" width=\"500\" height=\"282\" title=\"&#8220;Cento anni fa le camicie nere occuparono il Comune di Varese&#8221; &#8212; VareseNews\" frameborder=\"0\" marginwidth=\"0\" marginheight=\"0\" scrolling=\"no\"><\/iframe>","_oembed_time_2618b746874b4c06450fc014f3fba3c0":"1664545218","_oembed_a2e1b329057b29207f9fcb6718fcdc69":"<blockquote class=\"wp-embedded-content\" data-secret=\"8H7TBPgwMa\"><a href=\"https:\/\/www.varesenews.it\/2022\/08\/mangiassimo-cinghiali-abbattuti-un-problema-unopportunita\/1488617\/\">E se mangiassimo i cinghiali abbattuti, facendo di un problema un&#8217;opportunit\u00e0?<\/a><\/blockquote><iframe class=\"wp-embedded-content\" sandbox=\"allow-scripts\" security=\"restricted\" style=\"position: absolute; clip: rect(1px, 1px, 1px, 1px);\" src=\"https:\/\/www.varesenews.it\/2022\/08\/mangiassimo-cinghiali-abbattuti-un-problema-unopportunita\/1488617\/embed\/#?secret=8H7TBPgwMa\" data-secret=\"8H7TBPgwMa\" width=\"500\" height=\"282\" title=\"&#8220;E se mangiassimo i cinghiali abbattuti, facendo di un problema un&#8217;opportunit\u00e0?&#8221; &#8212; VareseNews\" frameborder=\"0\" marginwidth=\"0\" marginheight=\"0\" scrolling=\"no\"><\/iframe>","_oembed_time_a2e1b329057b29207f9fcb6718fcdc69":"1664545452"},"photos":[{"original":"https:\/\/staging.varesenews.it\/photogallery_new\/images\/2022\/09\/mastini-varese-1339314.jpg","full":"https:\/\/staging.varesenews.it\/photogallery_new\/images\/2022\/09\/mastini-varese-1339314.1024x768.jpg","large":"https:\/\/staging.varesenews.it\/photogallery_new\/images\/2022\/09\/mastini-varese-1339314.610x431.jpg"}],"_links":{"self":[{"href":"https:\/\/staging.varesenews.it\/swgapi\/v1\/wp\/v2\/posts\/1503761"}],"collection":[{"href":"https:\/\/staging.varesenews.it\/swgapi\/v1\/wp\/v2\/posts"}],"about":[{"href":"https:\/\/staging.varesenews.it\/swgapi\/v1\/wp\/v2\/types\/post"}],"author":[{"embeddable":true,"href":"https:\/\/staging.varesenews.it\/swgapi\/v1\/wp\/v2\/users\/38"}],"replies":[{"embeddable":true,"href":"https:\/\/staging.varesenews.it\/swgapi\/v1\/wp\/v2\/comments?post=1503761"}],"version-history":[{"count":0,"href":"https:\/\/staging.varesenews.it\/swgapi\/v1\/wp\/v2\/posts\/1503761\/revisions"}],"wp:attachment":[{"href":"https:\/\/staging.varesenews.it\/swgapi\/v1\/wp\/v2\/media?parent=1503761"}],"wp:term":[{"taxonomy":"category","embeddable":true,"href":"https:\/\/staging.varesenews.it\/swgapi\/v1\/wp\/v2\/categories?post=1503761"},{"taxonomy":"post_tag","embeddable":true,"href":"https:\/\/staging.varesenews.it\/swgapi\/v1\/wp\/v2\/tags?post=1503761"}],"curies":[{"name":"wp","href":"https:\/\/api.w.org\/{rel}","templated":true}]}}