{"id":1504921,"date":"2022-10-04T17:07:16","date_gmt":"2022-10-04T15:07:16","guid":{"rendered":"https:\/\/www.varesenews.it\/?p=1504921"},"modified":"2022-10-04T17:07:16","modified_gmt":"2022-10-04T15:07:16","slug":"cabaret-al-miv-secondo-appuntamento-kalabrugovic","status":"publish","type":"post","link":"https:\/\/staging.varesenews.it\/2022\/10\/cabaret-al-miv-secondo-appuntamento-kalabrugovic\/1504921\/","title":{"rendered":"Cabaret al Miv: secondo appuntamento con Kalabrugovic"},"content":{"rendered":"<p>Grande comico con una capacit\u00e0 inventiva straordinaria, unita ad ottime doti di imitatore e di rumorista, \u00e8 riuscito a conquistarsi un gruppo di fan che lo seguono con entusiasmo. Giancarlo Calabretta, in arte <strong>Kalabrugovic<\/strong>, sar\u00e0 in scena al <strong>Multisala Impero di Varese<\/strong> <strong>marted\u00ec 11 ottobre<\/strong> alle ore 21:00.<\/p>\n<p>Da grande osservatore dei reali personaggi delle periferie, (viene da Bollate, hinterland di Milano), il \u201cKala\u201d ci racconter\u00e0 di bocciature alla cresima, parenti calabresi, amici balordi con \u201calfettoni truccati, pensionati che piantonano lavori stradali, impennate davanti alla polizia\u201d e via dicendo. Il suo personaggio pi\u00f9 amato \u00e8 \u201cPino dei palazzi\u201d, uno \u201czarro\u201d di periferia assolutamente esilarante nel suo essere ignorante, che chiede a tutti: \u201coh!!!&#8230;Ciai una sigareeettta!!!\u201d<\/p>\n<p>I biglietti sono disponibili sul sito <a href=\"http:\/\/www.multisalaimpero.com\">www.multisalaimpero.com<\/a> oppure direttamente al MIV al costo di 13 euro per persona.<\/p>\n","protected":false},"excerpt":{"rendered":"<p>Il suo personaggio pi\u00f9 famoso, Pino dei Palazzi, far\u00e0 tappa al Multisala Impero di Varese marted\u00ec 11 ottobre<\/p>\n","protected":false},"author":12163,"featured_media":0,"comment_status":"open","ping_status":"open","sticky":false,"template":"","format":"aside","meta":{"footnotes":""},"categories":[13,2],"tags":[4796],"acf":[],"yoast_head":"<!-- This site is optimized with the Yoast SEO plugin v20.1 - https:\/\/yoast.com\/wordpress\/plugins\/seo\/ -->\n<title>Cabaret al Miv: secondo appuntamento con Kalabrugovic<\/title>\n<meta name=\"description\" content=\"Il suo personaggio pi\u00f9 famoso, Pino dei Palazzi, far\u00e0 tappa al Multisala Impero di Varese marted\u00ec 11 ottobre\" \/>\n<meta name=\"robots\" content=\"noindex, follow, max-snippet:-1, max-image-preview:large, max-video-preview:-1\" \/>\n<meta property=\"og:locale\" content=\"it_IT\" \/>\n<meta property=\"og:type\" content=\"article\" \/>\n<meta property=\"og:title\" content=\"Cabaret al Miv: secondo appuntamento con Kalabrugovic\" \/>\n<meta property=\"og:description\" content=\"Il suo personaggio pi\u00f9 famoso, Pino dei Palazzi, far\u00e0 tappa al Multisala Impero di Varese marted\u00ec 11 ottobre\" \/>\n<meta property=\"og:url\" content=\"https:\/\/staging.varesenews.it\/2022\/10\/cabaret-al-miv-secondo-appuntamento-kalabrugovic\/1504921\/\" \/>\n<meta property=\"og:site_name\" content=\"VareseNews\" \/>\n<meta property=\"article:publisher\" content=\"https:\/\/www.facebook.com\/varesenews\" \/>\n<meta property=\"article:published_time\" content=\"2022-10-04T15:07:16+00:00\" \/>\n<meta name=\"author\" content=\"Alessandro Guglielmi\" \/>\n<meta name=\"twitter:card\" content=\"summary_large_image\" \/>\n<meta name=\"twitter:creator\" content=\"@varesenews\" \/>\n<meta name=\"twitter:site\" content=\"@varesenews\" \/>\n<meta name=\"twitter:label1\" content=\"Scritto da\" \/>\n\t<meta name=\"twitter:data1\" content=\"Alessandro Guglielmi\" \/>\n\t<meta name=\"twitter:label2\" content=\"Tempo di lettura stimato\" \/>\n\t<meta name=\"twitter:data2\" content=\"1 minuto\" \/>\n<script type=\"application\/ld+json\" class=\"yoast-schema-graph\">{\"@context\":\"https:\/\/schema.org\",\"@graph\":[{\"@type\":\"WebPage\",\"@id\":\"https:\/\/staging.varesenews.it\/2022\/10\/cabaret-al-miv-secondo-appuntamento-kalabrugovic\/1504921\/\",\"url\":\"https:\/\/staging.varesenews.it\/2022\/10\/cabaret-al-miv-secondo-appuntamento-kalabrugovic\/1504921\/\",\"name\":\"Cabaret al Miv: secondo appuntamento con Kalabrugovic\",\"isPartOf\":{\"@id\":\"https:\/\/staging.varesenews.it\/#website\"},\"datePublished\":\"2022-10-04T15:07:16+00:00\",\"dateModified\":\"2022-10-04T15:07:16+00:00\",\"author\":{\"@id\":\"https:\/\/staging.varesenews.it\/#\/schema\/person\/862743a45f2663f7148a8b4bcbd05230\"},\"description\":\"Il suo personaggio pi\u00f9 famoso, Pino dei Palazzi, far\u00e0 tappa al Multisala Impero di Varese marted\u00ec 11 ottobre\",\"breadcrumb\":{\"@id\":\"https:\/\/staging.varesenews.it\/2022\/10\/cabaret-al-miv-secondo-appuntamento-kalabrugovic\/1504921\/#breadcrumb\"},\"inLanguage\":\"it-IT\",\"potentialAction\":[{\"@type\":\"ReadAction\",\"target\":[\"https:\/\/staging.varesenews.it\/2022\/10\/cabaret-al-miv-secondo-appuntamento-kalabrugovic\/1504921\/\"]}]},{\"@type\":\"BreadcrumbList\",\"@id\":\"https:\/\/staging.varesenews.it\/2022\/10\/cabaret-al-miv-secondo-appuntamento-kalabrugovic\/1504921\/#breadcrumb\",\"itemListElement\":[{\"@type\":\"ListItem\",\"position\":1,\"name\":\"Home\",\"item\":\"https:\/\/www.varesenews.it\/\"},{\"@type\":\"ListItem\",\"position\":2,\"name\":\"Cabaret al Miv: secondo appuntamento con Kalabrugovic\"}]},{\"@type\":\"WebSite\",\"@id\":\"https:\/\/staging.varesenews.it\/#website\",\"url\":\"https:\/\/staging.varesenews.it\/\",\"name\":\"VareseNews\",\"description\":\"\",\"potentialAction\":[{\"@type\":\"SearchAction\",\"target\":{\"@type\":\"EntryPoint\",\"urlTemplate\":\"https:\/\/staging.varesenews.it\/?s={search_term_string}\"},\"query-input\":\"required name=search_term_string\"}],\"inLanguage\":\"it-IT\"},{\"@type\":\"Person\",\"@id\":\"https:\/\/staging.varesenews.it\/#\/schema\/person\/862743a45f2663f7148a8b4bcbd05230\",\"name\":\"Alessandro Guglielmi\",\"image\":{\"@type\":\"ImageObject\",\"inLanguage\":\"it-IT\",\"@id\":\"https:\/\/staging.varesenews.it\/#\/schema\/person\/image\/\",\"url\":\"https:\/\/staging.varesenews.it\/wp-content\/uploads\/2020\/12\/alessandro_guglielmi_colori_500.jpg\",\"contentUrl\":\"https:\/\/staging.varesenews.it\/wp-content\/uploads\/2020\/12\/alessandro_guglielmi_colori_500.jpg\",\"caption\":\"Alessandro Guglielmi\"},\"description\":\"Studente classe 1997 collaboro con VareseNews dal 2018. Mi occupo di cronaca, di universit&agrave;, ma soprattutto racconto quel territorio fatto di boschi, piccoli borghi e costellato dai laghi che chiamo casa. Fin da piccolo ho sempre avuto un gran voglia di imparare, nello studio, nel mio lavoro, ma anche nelle arti marziali e in ognuna delle mie passioni. Convinto che ogni persona abbia qualcosa da insegnare, resto sempre aperto all'ascolto, pronto a cogliere lo straordinario anche nei piccoli gesti di tutti i giorni.\",\"url\":\"https:\/\/staging.varesenews.it\/persona\/ale-guglielmi1\/\"}]}<\/script>\n<!-- \/ Yoast SEO plugin. -->","yoast_head_json":{"title":"Cabaret al Miv: secondo appuntamento con Kalabrugovic","description":"Il suo personaggio pi\u00f9 famoso, Pino dei Palazzi, far\u00e0 tappa al Multisala Impero di Varese marted\u00ec 11 ottobre","robots":{"index":"noindex","follow":"follow","max-snippet":"max-snippet:-1","max-image-preview":"max-image-preview:large","max-video-preview":"max-video-preview:-1"},"og_locale":"it_IT","og_type":"article","og_title":"Cabaret al Miv: secondo appuntamento con Kalabrugovic","og_description":"Il suo personaggio pi\u00f9 famoso, Pino dei Palazzi, far\u00e0 tappa al Multisala Impero di Varese marted\u00ec 11 ottobre","og_url":"https:\/\/staging.varesenews.it\/2022\/10\/cabaret-al-miv-secondo-appuntamento-kalabrugovic\/1504921\/","og_site_name":"VareseNews","article_publisher":"https:\/\/www.facebook.com\/varesenews","article_published_time":"2022-10-04T15:07:16+00:00","author":"Alessandro Guglielmi","twitter_card":"summary_large_image","twitter_creator":"@varesenews","twitter_site":"@varesenews","twitter_misc":{"Scritto da":"Alessandro Guglielmi","Tempo di lettura stimato":"1 minuto"},"schema":{"@context":"https:\/\/schema.org","@graph":[{"@type":"WebPage","@id":"https:\/\/staging.varesenews.it\/2022\/10\/cabaret-al-miv-secondo-appuntamento-kalabrugovic\/1504921\/","url":"https:\/\/staging.varesenews.it\/2022\/10\/cabaret-al-miv-secondo-appuntamento-kalabrugovic\/1504921\/","name":"Cabaret al Miv: secondo appuntamento con Kalabrugovic","isPartOf":{"@id":"https:\/\/staging.varesenews.it\/#website"},"datePublished":"2022-10-04T15:07:16+00:00","dateModified":"2022-10-04T15:07:16+00:00","author":{"@id":"https:\/\/staging.varesenews.it\/#\/schema\/person\/862743a45f2663f7148a8b4bcbd05230"},"description":"Il suo personaggio pi\u00f9 famoso, Pino dei Palazzi, far\u00e0 tappa al Multisala Impero di Varese marted\u00ec 11 ottobre","breadcrumb":{"@id":"https:\/\/staging.varesenews.it\/2022\/10\/cabaret-al-miv-secondo-appuntamento-kalabrugovic\/1504921\/#breadcrumb"},"inLanguage":"it-IT","potentialAction":[{"@type":"ReadAction","target":["https:\/\/staging.varesenews.it\/2022\/10\/cabaret-al-miv-secondo-appuntamento-kalabrugovic\/1504921\/"]}]},{"@type":"BreadcrumbList","@id":"https:\/\/staging.varesenews.it\/2022\/10\/cabaret-al-miv-secondo-appuntamento-kalabrugovic\/1504921\/#breadcrumb","itemListElement":[{"@type":"ListItem","position":1,"name":"Home","item":"https:\/\/www.varesenews.it\/"},{"@type":"ListItem","position":2,"name":"Cabaret al Miv: secondo appuntamento con Kalabrugovic"}]},{"@type":"WebSite","@id":"https:\/\/staging.varesenews.it\/#website","url":"https:\/\/staging.varesenews.it\/","name":"VareseNews","description":"","potentialAction":[{"@type":"SearchAction","target":{"@type":"EntryPoint","urlTemplate":"https:\/\/staging.varesenews.it\/?s={search_term_string}"},"query-input":"required name=search_term_string"}],"inLanguage":"it-IT"},{"@type":"Person","@id":"https:\/\/staging.varesenews.it\/#\/schema\/person\/862743a45f2663f7148a8b4bcbd05230","name":"Alessandro Guglielmi","image":{"@type":"ImageObject","inLanguage":"it-IT","@id":"https:\/\/staging.varesenews.it\/#\/schema\/person\/image\/","url":"https:\/\/staging.varesenews.it\/wp-content\/uploads\/2020\/12\/alessandro_guglielmi_colori_500.jpg","contentUrl":"https:\/\/staging.varesenews.it\/wp-content\/uploads\/2020\/12\/alessandro_guglielmi_colori_500.jpg","caption":"Alessandro Guglielmi"},"description":"Studente classe 1997 collaboro con VareseNews dal 2018. Mi occupo di cronaca, di universit&agrave;, ma soprattutto racconto quel territorio fatto di boschi, piccoli borghi e costellato dai laghi che chiamo casa. Fin da piccolo ho sempre avuto un gran voglia di imparare, nello studio, nel mio lavoro, ma anche nelle arti marziali e in ognuna delle mie passioni. Convinto che ogni persona abbia qualcosa da insegnare, resto sempre aperto all'ascolto, pronto a cogliere lo straordinario anche nei piccoli gesti di tutti i giorni.","url":"https:\/\/staging.varesenews.it\/persona\/ale-guglielmi1\/"}]}},"post_meta":{"content-image-gallery":"","_edit_lock":"1664895906:12163","_edit_last":"12163","_category_permalink":"a:1:{s:8:\"category\";s:0:\"\";}","foto":"1340691","evento-location":"1441768","evento-data-inizio":"1665439200","evento-data-fine":"1665439200","evento-orario-inizio":"21:59","evento-orario-fine":"23:00","evento-organization":"1441802","argomento":"Varese","_yoast_wpseo_focuskw_text_input":"kalabrugolic","_yoast_wpseo_focuskw":"kalabrugolic","_yoast_wpseo_linkdex":"44","_yoast_wpseo_content_score":"30","_jd_tweet_this":"yes","_encloseme":"1","ratings_users":"0","ratings_score":"0","ratings_average":"0","firma_come_redazione":"1","_wpt_short_url":"https:\/\/www.varesenews.it\/2022\/10\/cabaret-al-miv-secondo-appuntamento-kalabrugovic\/1504921\/","_wp_jd_target":"https:\/\/www.varesenews.it\/2022\/10\/cabaret-al-miv-secondo-appuntamento-kalabrugovic\/1504921\/","_jd_wp_twitter":"a:1:{i:0;s:146:\"Cabaret al Miv: secondo appuntamento con Kalabrugovic https:\/\/www.varesenews.it\/2022\/10\/cabaret-al-miv-secondo-appuntamento-kalabrugovic\/1504921\/ \";}","_wpt_status_message":"Tweet inviato con successo.","_oembed_8c9952ac3b9af0ac9aa65ac2268c53a2":"<blockquote class=\"wp-embedded-content\" data-secret=\"qJbFHfRtSa\"><a href=\"https:\/\/www.varesenews.it\/2022\/10\/prosegue-la-manutenzione-della-funicolare-del-sacro-monte-la-regione-si-appresta-stanziare-15-milioni-euro\/1504097\/\">Prosegue la manutenzione della funicolare del Sacro Monte: la Regione si appresta a stanziare 1,5 milioni di euro<\/a><\/blockquote><iframe class=\"wp-embedded-content\" sandbox=\"allow-scripts\" security=\"restricted\" style=\"position: absolute; clip: rect(1px, 1px, 1px, 1px);\" src=\"https:\/\/www.varesenews.it\/2022\/10\/prosegue-la-manutenzione-della-funicolare-del-sacro-monte-la-regione-si-appresta-stanziare-15-milioni-euro\/1504097\/embed\/#?secret=qJbFHfRtSa\" data-secret=\"qJbFHfRtSa\" width=\"500\" height=\"282\" title=\"&#8220;Prosegue la manutenzione della funicolare del Sacro Monte: la Regione si appresta a stanziare 1,5 milioni di euro&#8221; &#8212; VareseNews\" frameborder=\"0\" marginwidth=\"0\" marginheight=\"0\" scrolling=\"no\"><\/iframe>","_oembed_time_8c9952ac3b9af0ac9aa65ac2268c53a2":"1664896103","_oembed_01e7df1875106178fd7c2ce01fbb0d1b":"<blockquote class=\"wp-embedded-content\" data-secret=\"ePZGPAHeHQ\"><a href=\"https:\/\/www.varesenews.it\/2022\/09\/eventi-bambini-nel-weekend-del-30-settembre-1-2-ottobre-varese-provincia\/1503574\/\">Eventi per bambini nel weekend del 30 settembre, 1 e 2 ottobre tra Varese e provincia<\/a><\/blockquote><iframe class=\"wp-embedded-content\" sandbox=\"allow-scripts\" security=\"restricted\" style=\"position: absolute; clip: rect(1px, 1px, 1px, 1px);\" src=\"https:\/\/www.varesenews.it\/2022\/09\/eventi-bambini-nel-weekend-del-30-settembre-1-2-ottobre-varese-provincia\/1503574\/embed\/#?secret=ePZGPAHeHQ\" data-secret=\"ePZGPAHeHQ\" width=\"500\" height=\"282\" title=\"&#8220;Eventi per bambini nel weekend del 30 settembre, 1 e 2 ottobre tra Varese e provincia&#8221; &#8212; VareseNews\" frameborder=\"0\" marginwidth=\"0\" marginheight=\"0\" scrolling=\"no\"><\/iframe>","_oembed_time_01e7df1875106178fd7c2ce01fbb0d1b":"1664896103"},"photos":[{"original":"https:\/\/staging.varesenews.it\/photogallery_new\/images\/2022\/10\/kalabrugovic-1340691.jpg","full":"https:\/\/staging.varesenews.it\/photogallery_new\/images\/2022\/10\/kalabrugovic-1340691.1024x768.jpg","large":"https:\/\/staging.varesenews.it\/photogallery_new\/images\/2022\/10\/kalabrugovic-1340691.610x431.jpg"}],"_links":{"self":[{"href":"https:\/\/staging.varesenews.it\/swgapi\/v1\/wp\/v2\/posts\/1504921"}],"collection":[{"href":"https:\/\/staging.varesenews.it\/swgapi\/v1\/wp\/v2\/posts"}],"about":[{"href":"https:\/\/staging.varesenews.it\/swgapi\/v1\/wp\/v2\/types\/post"}],"author":[{"embeddable":true,"href":"https:\/\/staging.varesenews.it\/swgapi\/v1\/wp\/v2\/users\/12163"}],"replies":[{"embeddable":true,"href":"https:\/\/staging.varesenews.it\/swgapi\/v1\/wp\/v2\/comments?post=1504921"}],"version-history":[{"count":0,"href":"https:\/\/staging.varesenews.it\/swgapi\/v1\/wp\/v2\/posts\/1504921\/revisions"}],"wp:attachment":[{"href":"https:\/\/staging.varesenews.it\/swgapi\/v1\/wp\/v2\/media?parent=1504921"}],"wp:term":[{"taxonomy":"category","embeddable":true,"href":"https:\/\/staging.varesenews.it\/swgapi\/v1\/wp\/v2\/categories?post=1504921"},{"taxonomy":"post_tag","embeddable":true,"href":"https:\/\/staging.varesenews.it\/swgapi\/v1\/wp\/v2\/tags?post=1504921"}],"curies":[{"name":"wp","href":"https:\/\/api.w.org\/{rel}","templated":true}]}}