{"id":1505702,"date":"2022-10-07T12:22:23","date_gmt":"2022-10-07T10:22:23","guid":{"rendered":"https:\/\/www.varesenews.it\/?p=1505702"},"modified":"2022-10-07T12:51:59","modified_gmt":"2022-10-07T10:51:59","slug":"giovani-pensatori-sullumanesimo-digitale-la-pace-oggi","status":"publish","type":"post","link":"https:\/\/staging.varesenews.it\/2022\/10\/giovani-pensatori-sullumanesimo-digitale-la-pace-oggi\/1505702\/","title":{"rendered":"Giovani pensatori, la rassegna dell&#8217;universit\u00e0 Insubria \u00e8 sull\u2019umanesimo digitale e la pace oggi"},"content":{"rendered":"<p>\u00ab\u00c8 possibile che, in un lontano futuro, si guarder\u00e0 indietro alla storia dell\u2019umanit\u00e0 e si parler\u00e0 di tre grandi innovazioni tecnologiche dirompenti. Il passaggio dalla cultura dei cacciatori-raccoglitori all\u2019agricoltura stanziale con la coltivazione della terra e l\u2019allevamento di animali nel Neolitico, il passaggio all\u2019epoca delle macchine sulla base di combustibili fossili nel XIX secolo e, infine, la rivoluzione digitale con il ricorso all\u2019Intelligenza Artificiale nel XXI secolo. Se cos\u00ec fosse, oggi saremmo solo all\u2019inizio di una rivoluzione tecnologica, molto simile a quella vissuta dall\u2019Europa nei primi decenni del XIX secolo. Non \u00e8 un caso che, proprio come allora, le innovazioni tecnologiche siano oggi accompagnate da paure apocalittiche, ma anche, al contempo da aspettative euforiche\u00bb.<\/p>\n<p>Inizia cos\u00ec, con le parole di\u00a0Julian Nida-R\u00fcmelin e Nathalie Weidenfeld nel loro interessante volume Digitalter Humanismus, la descrizione del programma della\u00a0<strong>quattordicesima edizione del progetto Giovani Pensatori<\/strong>, intitolata <strong>\u00abSull\u2019umanesimo digitale e il problema pace oggi\u00bb<\/strong>. A condurre la presentazione \u00e8 il\u00a0professor Fabio Minazzi, ideatore del progetto e direttore scientifico del Centro Internazionale Insubrico, e la coordinatrice Stefania Barile (<strong><a href=\"http:\/\/www.varesenews.it\/wp-content\/uploads\/2022\/10\/14_ed_Giovani_Pensatori.pdf\" target=\"_blank\" rel=\"noopener\">Tutto il programma \u00e8 scaricabile qui<\/a>)<\/strong>.<\/p>\n<p>\u201cDobbiamo mettere al centro il pensiero e il problema della pace. &#8211; Ha affermato <strong>Fabio Minazzi<\/strong>, professore ordinario di Filosofia della Scienza &#8211; Siamo in un paese cattolico e la voce del Papa viene raccolta dai media per un attimo e poi sparisce. La pace \u00e8 un tema sentitissimo da tutti gli studenti insieme con i problemi ecologici. Mi domando perch\u00e9 l\u2019Italia non si \u00e8 fatta portatrice dei contenuti dell\u2019articolo 11. C\u2019\u00e8 uno scenario preoccupante che ci porta al rischio della distruzione dell\u2019intero pianeta. C\u2019\u00e8 la volont\u00e0 degli Stati Uniti di relegare l\u2019Europa in un angolo mentre la Cina si espande e assume sempre pi\u00f9 peso. Per questo abbiamo previsto un momento dedicato alla pace e un secondo sul dialogo. Un momento in cui le intelligenze si integrano e si incontrano tra universit\u00e0 e scuole superiori\u201d.<\/p>\n<p>\u201c\u00c9 un progetto bellissimo &#8211; ha affermato la coordinatrice\u00a0<strong>Stefania Barile<\/strong>\u00a0&#8211; che coinvolge tanti docenti. Ci lavoriamo da giugno anche con i ragazzi. L\u2019anno scorso hanno partecipato 7.963 giovani pensatori dalla provincia di Varese e da tutta Italia. La dad in questo caso ha aperto il progetto\u201d. L\u2019assessora <strong>Rosella Di Maggio<\/strong> ha partecipato alla presentazione del progetto. \u201cSi pu\u00f2 fare filosofia a qualsiasi et\u00e0 e il pensiero \u00e8 la base per affrontare la conoscenza\u201d.<\/p>\n<p>L\u2019ufficio scolastico provinciale ha sempre creduto al progetto dei Giovani pensatori. <strong>Marco Zago<\/strong>, preside del Liceo Scientifico \u00e8 uno dei tanti protagonisti. \u201cNon \u00e8 una iniziativa costruita dagli insegnanti e calata agli studenti. Giovani pensatori \u00e8 invece progettato dai ragazzi. La mia scuola \u00e8 capofila di ventinove realt\u00e0 che si trovano in tutta Italia. La parte umanistica e scientifica di fondano in un nuovo umanesimo. Dai ragazzi abbiamo ricevuto insegnamenti nuovi\u201d.<\/p>\n<p>Padre <strong>Gianni Teruzzi<\/strong> con Radio Missione Francescana parteciper\u00e0 con una trasmissione settimanale. \u201cNon so quanti parteciperanno come ascoltatori ma grazie alla digitalizzazione arriviamo ovunque&#8221;.<\/p>\n<h2>Il programma del progetto Giovani Pensatori<\/h2>\n<p><strong>Gli incontri del programma dei Giovani pensatori<\/strong> si tengono nell\u2019<strong>Aula Magna di via Ravasi<\/strong> o in quella del <strong>Collegio Cattaneo in via Dunant 7<\/strong>, a Varese, ma sono proposti anche in modalit\u00e0 webinar sulla piattaforma Microsoft Teams. Le attivit\u00e0 formative a caratterizzazione storica comprendono tre conferenze di storia contemporanea sulla figura di Guido Picelli (28 ottobre), sul caso Moro (2 novembre) e sul disastro di Chernobil (13 gennaio) e una sul progetto di Service-Learning con gli studenti universitari, impegnati nelle scuole secondarie di primo grado, e i loro tutor, organizzate in collaborazione con i docenti Andrea Candela, Florinda Cambria, Antonio Orecchia e Katia Visconti del Corso di Laurea in Storia e storie del mondo contemporaneo dell\u2019Universit\u00e0 degli Studi dell\u2019Insubria; il 24 e 25 novembre il convegno Internazionale \u00abPer una storia cosmopolitica e il problema della pace nel mondo da Kant a oggi\u00bb con la lectio magistralis del filosofo Carlo Sini(Socio effettivo dell\u2019Accademia dei Lincei).<\/p>\n<p>A tali simposi si aggiungono incontri correlati alle attivit\u00e0 promozionali di valorizzazione degli Archivi storici del Centro Internazionale Insubrico. In particolare, il 21 dicembre \u00e8 proposto lo spettacolo teatrale \u00abL\u2019infinita speranza di un ritorno\u00bb, con l\u2019attrice Elisabetta Vergani per l\u2019Archivio della poetessa Antonia Pozzi; l\u20198 febbraio la tavola rotonda \u00abLaghi e barche tra tutela e valorizzazione tra Varese e Laveno\u00bb, con Amerigo Giorgetti e Tiziana Zanettiper l\u2019Archivio storico del territorio dei Laghi Varesini; l\u201911 marzo una conferenza e un convegno a cura di Giovanna Brebbia sull\u2019opera di cinematografia sperimentale di Gianfranco Brebbia per l\u2019omonimo Archivio. Non mancano la giornata di studio contro la violenza sulle donne, il 18 novembre, con la magistrata Sabrina Ditaranto, l\u2019avvocata Stefania Passiu e la rappresentante di Amnesty International Valentina Grassi, e il 27 gennaio la Giornata della Memoria con Rossana Veneziano, docente Graduated Yad Vashem di Gerusalemme, e gli studenti del Liceo Marie Curie di Meda.<\/p>\n<p>Le attivit\u00e0 formative a caratterizzazione scientifica comprendono quattro conferenze, da gennaio: la prima in ambito economico sui risultati della ricerca nazionale relativi al progetto finanziato da Fondazione Cariplo \u00abPost-Covid le vulnerabilit\u00e0 e la povert\u00e0 in Italia\u00bb con Francesco Figari e Chiara Gigliarano, docenti del Dipartimento di Economia dell\u2019Universit\u00e0 degli Studi dell\u2019Insubria; la seconda in ambito filosofico con la presentazione del volume di Fabio Minazzi \u00abEpistemologia storico-evolutiva e neo-realismo logico\u00bb con Florinda Cambria; le altre due in collaborazione con Mechr\u00ec-Laboratorio di Filosofia e Cultura in ambito architettonico con Gabriele Pasqui (Politecnico) e in ambito biologico con Carlo Alberto Redi\u00a0 (Universit\u00e0 di Pavia).<\/p>\n<p><strong>Due i seminari<\/strong>: uno di Informatica su Internet Of Things a cura di Sabrina Sicari, docente dell\u2019Universit\u00e0 degli Studi dell\u2019Insubria con la partecipazione degli studenti dell\u2019Itet Daverio Casula Nervi sul Metaverso e l\u2019altro sulle azioni di sostenibilit\u00e0 ambientale nel territorio tra Varese e Luino con la partecipazione degli studenti e dei docenti degli istituti scolastici coinvolti e degli assessori all\u2019ambiente; e una mostra\/laboratorio sulle \u00abMacchine matematiche\u00bb a cura di Pietro Milici, ricercatore dell\u2019Universit\u00e0 degli Studi dell\u2019Insubria.<\/p>\n<p>A grande richiesta dei docenti di filosofia, per i Giovani Pensatori della XIV edizione del progetto si ripropone inoltre, solo in modalit\u00e0 online, il Corso di logica propedeutico ai test universitari, a cura di Giovanni Alvaro, docente dei Licei Manzoni di Varese.<\/p>\n<h2>Il significato del progetto<\/h2>\n<p>\u00abCon la prospettiva dell\u2019umanesimo scientifico, offerta ai nostri Giovani Pensatori, &#8211; spiega <strong>Fabio Minazzi,<\/strong> professore ordinario di Filosofia della scienza &#8211; la filosofia dimostra di saper riconquistare tutta la sua euristica funzione vitale e decisiva a difesa dell\u2019esistenza umana, impedendo che si trasformi in un\u2019appendice tendenzialmente passiva dello sviluppo tecnologico o in una sistematica deresponsabilizzazione dell\u2019uomo. Tutti i differenti settori disciplinari richiedono tutta la nostra intelligenza e tutta la nostra capacit\u00e0 pratico-morale, operativa ed intellettuale per saper indagare filosoficamente le sfide del nostro tempo\u00bb.<\/p>\n<p>\u00abE il progetto Giovani Pensatori &#8211; continua <strong>Stefania Barile<\/strong>, coordinatrice del progetto e della Commissione Legalit\u00e0 del Centro Internazionale Insubrico &#8211; favorisce una formazione transdisciplinare teorica e anche pratica, offrendo agli studenti importanti opportunit\u00e0 di confronto e di dialogo per l\u2019acquisizione di competenze trasversali utili all\u2019orientamento nel loro presente verso il proprio progetto di vita futuro. I percorsi progettuali sulla sostenibilit\u00e0 ambientale, come Varese-BiodiverCity in collaborazione con l\u2019Amministrazione comunale di Varese, o sulla sostenibilit\u00e0 sociale e civile come Pensiero in azione per la costituzione di un Parlamento Mondiale con l\u2019Universit\u00e0 della Calabria o Dis\/pari opportunit\u00e0 per contrastare la disuguaglianza e la povert\u00e0 educativa guardando a don Lorenzo Milani con le Acli provinciali, Libera, la Fondazione don Lorenzo Milani e la Fondazione La Sorgente e i Laboratori filosofici di Educazione Civica in collaborazione con il Centro di Ricerca OSServatorio sulla criminalit\u00e0 organizzata (CROSS-UniMi) sono esempi di una realt\u00e0 formativa, per gli studenti e anche per noi docenti, che opera ormai su tutto il territorio nazionale\u00bb.<\/p>\n<p>Ai docenti di ogni ordine e grado scolastico sono dedicati, infatti, il Corso di Alta Formazione sulla didattica della Shoah a cura di Rossana Veneziano, il Corso sulla didattica filosofica sul dialogo platonico Teeteto a cura di Fabio Minazzi con la collaborazione di Veronica Ponzellini e il Corso sulla metodologia socratica nella scuola primaria a cura delle docenti del progetto Filosofare con i bambini coordinate da Graziella Segat.<\/p>\n<p>Tutto questo lavoro progettuale di formazione e di aggiornamento per studenti e per docenti viene presentato e condiviso con i sempre numerosi radioascoltatori di Radio Missione Francescana, diretta da Gianni Terruzzi, nel programma radiofonico \u00abFilosofia per tutti\u00bb coordinato e condotto da Stefania Barile ogni venerd\u00ec alle ore 14.20 con replica il luned\u00ec alle ore 21,30 a partire dalla met\u00e0 di settembre fino alla fine di giugno. Accanto alle interviste ai relatori coinvolti nel progetto e alla presentazione dei progetti ideati e realizzati dai Giovani Pensatori con i loro docenti, non mancheranno le consuete letture dei Classici della filosofia. Per la XIV edizione Paolo Giannitrapani legger\u00e0 e commenter\u00e0 \u00abCome rendere chiare le nostre idee\u00bb di Charles Sanders Pierce e Stefania Barile \u00abCome pensiamo\u00bb di John Dewey.<\/p>\n<p>Per informazioni e prenotazioni scrivere a: sbarile@uninsubria.it<\/p>\n<h3><a href=\"http:\/\/www.varesenews.it\/wp-content\/uploads\/2022\/10\/14_ed_Giovani_Pensatori.pdf\" target=\"_blank\" rel=\"noopener\">Tutto il programma \u00e8 scaricabile qui<\/a>.<\/h3>\n","protected":false},"excerpt":{"rendered":"<p>Il programma della\u00a0quattordicesima edizione del progetto Giovani Pensatori \u00e8 stato presentato da Fabio Minazzi, ideatore del progetto e direttore scientifico del Centro Internazionale Insubrico e dalla coordinatrice Stefania Barile<\/p>\n","protected":false},"author":54,"featured_media":0,"comment_status":"open","ping_status":"open","sticky":false,"template":"","format":"standard","meta":{"footnotes":""},"categories":[22,2],"tags":[51749,502],"acf":[],"yoast_head":"<!-- This site is optimized with the Yoast SEO plugin v20.1 - https:\/\/yoast.com\/wordpress\/plugins\/seo\/ -->\n<title>Giovani pensatori, la rassegna dell&#039;universit\u00e0 Insubria \u00e8 sull\u2019umanesimo digitale e la pace oggi<\/title>\n<meta name=\"description\" content=\"Il programma della\u00a0quattordicesima edizione del progetto Giovani Pensatori \u00e8 stato presentato da Fabio Minazzi, ideatore del progetto e direttore scientifico del Centro Internazionale Insubrico e dalla coordinatrice Stefania Barile\" \/>\n<meta name=\"robots\" content=\"noindex, follow, max-snippet:-1, max-image-preview:large, max-video-preview:-1\" \/>\n<meta property=\"og:locale\" content=\"it_IT\" \/>\n<meta property=\"og:type\" content=\"article\" \/>\n<meta property=\"og:title\" content=\"Giovani pensatori, la rassegna dell&#039;universit\u00e0 Insubria \u00e8 sull\u2019umanesimo digitale e la pace oggi\" \/>\n<meta property=\"og:description\" content=\"Il programma della\u00a0quattordicesima edizione del progetto Giovani Pensatori \u00e8 stato presentato da Fabio Minazzi, ideatore del progetto e direttore scientifico del Centro Internazionale Insubrico e dalla coordinatrice Stefania Barile\" \/>\n<meta property=\"og:url\" content=\"https:\/\/www.varesenews.it\/2022\/10\/giovani-pensatori-sullumanesimo-digitale-la-pace-oggi\/1505702\/\" \/>\n<meta property=\"og:site_name\" content=\"VareseNews\" \/>\n<meta property=\"article:publisher\" content=\"https:\/\/www.facebook.com\/varesenews\" \/>\n<meta property=\"article:author\" content=\"https:\/\/www.facebook.com\/giovannelli.marco?fref=ts\" \/>\n<meta property=\"article:published_time\" content=\"2022-10-07T10:22:23+00:00\" \/>\n<meta property=\"article:modified_time\" content=\"2022-10-07T10:51:59+00:00\" \/>\n<meta name=\"author\" content=\"Marco Giovannelli\" \/>\n<meta name=\"twitter:card\" content=\"summary_large_image\" \/>\n<meta name=\"twitter:creator\" content=\"@marcogio59\" \/>\n<meta name=\"twitter:site\" content=\"@varesenews\" \/>\n<meta name=\"twitter:label1\" content=\"Scritto da\" \/>\n\t<meta name=\"twitter:data1\" content=\"Marco Giovannelli\" \/>\n\t<meta name=\"twitter:label2\" content=\"Tempo di lettura stimato\" \/>\n\t<meta name=\"twitter:data2\" content=\"7 minuti\" \/>\n<script type=\"application\/ld+json\" class=\"yoast-schema-graph\">{\"@context\":\"https:\/\/schema.org\",\"@graph\":[{\"@type\":\"WebPage\",\"@id\":\"https:\/\/www.varesenews.it\/2022\/10\/giovani-pensatori-sullumanesimo-digitale-la-pace-oggi\/1505702\/\",\"url\":\"https:\/\/www.varesenews.it\/2022\/10\/giovani-pensatori-sullumanesimo-digitale-la-pace-oggi\/1505702\/\",\"name\":\"Giovani pensatori, la rassegna dell'universit\u00e0 Insubria \u00e8 sull\u2019umanesimo digitale e la pace oggi\",\"isPartOf\":{\"@id\":\"https:\/\/staging.varesenews.it\/#website\"},\"datePublished\":\"2022-10-07T10:22:23+00:00\",\"dateModified\":\"2022-10-07T10:51:59+00:00\",\"author\":{\"@id\":\"https:\/\/staging.varesenews.it\/#\/schema\/person\/b32b6f44664f8274f79469e452856024\"},\"description\":\"Il programma della\u00a0quattordicesima edizione del progetto Giovani Pensatori \u00e8 stato presentato da Fabio Minazzi, ideatore del progetto e direttore scientifico del Centro Internazionale Insubrico e dalla coordinatrice Stefania Barile\",\"breadcrumb\":{\"@id\":\"https:\/\/www.varesenews.it\/2022\/10\/giovani-pensatori-sullumanesimo-digitale-la-pace-oggi\/1505702\/#breadcrumb\"},\"inLanguage\":\"it-IT\",\"potentialAction\":[{\"@type\":\"ReadAction\",\"target\":[\"https:\/\/www.varesenews.it\/2022\/10\/giovani-pensatori-sullumanesimo-digitale-la-pace-oggi\/1505702\/\"]}]},{\"@type\":\"BreadcrumbList\",\"@id\":\"https:\/\/www.varesenews.it\/2022\/10\/giovani-pensatori-sullumanesimo-digitale-la-pace-oggi\/1505702\/#breadcrumb\",\"itemListElement\":[{\"@type\":\"ListItem\",\"position\":1,\"name\":\"Home\",\"item\":\"https:\/\/www.varesenews.it\/\"},{\"@type\":\"ListItem\",\"position\":2,\"name\":\"Giovani pensatori, la rassegna dell&#8217;universit\u00e0 Insubria \u00e8 sull\u2019umanesimo digitale e la pace oggi\"}]},{\"@type\":\"WebSite\",\"@id\":\"https:\/\/staging.varesenews.it\/#website\",\"url\":\"https:\/\/staging.varesenews.it\/\",\"name\":\"VareseNews\",\"description\":\"\",\"potentialAction\":[{\"@type\":\"SearchAction\",\"target\":{\"@type\":\"EntryPoint\",\"urlTemplate\":\"https:\/\/staging.varesenews.it\/?s={search_term_string}\"},\"query-input\":\"required name=search_term_string\"}],\"inLanguage\":\"it-IT\"},{\"@type\":\"Person\",\"@id\":\"https:\/\/staging.varesenews.it\/#\/schema\/person\/b32b6f44664f8274f79469e452856024\",\"name\":\"Marco Giovannelli\",\"image\":{\"@type\":\"ImageObject\",\"inLanguage\":\"it-IT\",\"@id\":\"https:\/\/staging.varesenews.it\/#\/schema\/person\/image\/\",\"url\":\"https:\/\/staging.varesenews.it\/wp-content\/uploads\/2020\/12\/marco_giovannelli_colori_500.jpg\",\"contentUrl\":\"https:\/\/staging.varesenews.it\/wp-content\/uploads\/2020\/12\/marco_giovannelli_colori_500.jpg\",\"caption\":\"Marco Giovannelli\"},\"description\":\"Viterbese di origine vivo a Varese dal 1978. Due figli grandi, due lauree in scienze &ldquo;inutili&rdquo; quanto affascinanti che mi portano a mettere lo studio ancora al primo posto. Dopo aver lavorato per il sindacato, fondato e lavorato al centro Gulliver, in una cooperativa che gestiva il Circolino a Varese, con un altro viterbese e un lucano ho fondato VareseNews quando nessuno o quasi sapeva cosa fosse Internet. Ho alcune grandi passioni, la prima &egrave; il cammino che cerco di vivere quotidianamente. Averne percorsi alcuni storici con Santiago e la Francigena mi ha poi portato a far diventare anche lavoro la loro valorizzazione e in particolare la Via Francisca del Lucomagno. Amo leggere, andare al cinema, viaggiare. Mi piace conoscere. La mia migliore attitudine &egrave; connettere mondi e per questo mi affascina la contemporaneit&agrave; e il digitale. Ho insegnato diritto ed economia per un decennio nelle scuole superiori. Ho tenuto diverse lezioni e laboratori allo Iulm e ora all&rsquo;Universit&agrave; dell&rsquo;Insubria con un corso di Giornalismo digitale alla specialistica. Ho fondato diversi progetti editoriali.&nbsp;\",\"sameAs\":[\"https:\/\/www.facebook.com\/giovannelli.marco?fref=ts\",\"marcogio59\",\"https:\/\/it.linkedin.com\/in\/giovannellimarco\",\"https:\/\/twitter.com\/marcogio59\"],\"url\":\"https:\/\/staging.varesenews.it\/persona\/marco_giovannelli-2\/\"}]}<\/script>\n<!-- \/ Yoast SEO plugin. -->","yoast_head_json":{"title":"Giovani pensatori, la rassegna dell'universit\u00e0 Insubria \u00e8 sull\u2019umanesimo digitale e la pace oggi","description":"Il programma della\u00a0quattordicesima edizione del progetto Giovani Pensatori \u00e8 stato presentato da Fabio Minazzi, ideatore del progetto e direttore scientifico del Centro Internazionale Insubrico e dalla coordinatrice Stefania Barile","robots":{"index":"noindex","follow":"follow","max-snippet":"max-snippet:-1","max-image-preview":"max-image-preview:large","max-video-preview":"max-video-preview:-1"},"og_locale":"it_IT","og_type":"article","og_title":"Giovani pensatori, la rassegna dell'universit\u00e0 Insubria \u00e8 sull\u2019umanesimo digitale e la pace oggi","og_description":"Il programma della\u00a0quattordicesima edizione del progetto Giovani Pensatori \u00e8 stato presentato da Fabio Minazzi, ideatore del progetto e direttore scientifico del Centro Internazionale Insubrico e dalla coordinatrice Stefania Barile","og_url":"https:\/\/www.varesenews.it\/2022\/10\/giovani-pensatori-sullumanesimo-digitale-la-pace-oggi\/1505702\/","og_site_name":"VareseNews","article_publisher":"https:\/\/www.facebook.com\/varesenews","article_author":"https:\/\/www.facebook.com\/giovannelli.marco?fref=ts","article_published_time":"2022-10-07T10:22:23+00:00","article_modified_time":"2022-10-07T10:51:59+00:00","author":"Marco Giovannelli","twitter_card":"summary_large_image","twitter_creator":"@marcogio59","twitter_site":"@varesenews","twitter_misc":{"Scritto da":"Marco Giovannelli","Tempo di lettura stimato":"7 minuti"},"schema":{"@context":"https:\/\/schema.org","@graph":[{"@type":"WebPage","@id":"https:\/\/www.varesenews.it\/2022\/10\/giovani-pensatori-sullumanesimo-digitale-la-pace-oggi\/1505702\/","url":"https:\/\/www.varesenews.it\/2022\/10\/giovani-pensatori-sullumanesimo-digitale-la-pace-oggi\/1505702\/","name":"Giovani pensatori, la rassegna dell'universit\u00e0 Insubria \u00e8 sull\u2019umanesimo digitale e la pace oggi","isPartOf":{"@id":"https:\/\/staging.varesenews.it\/#website"},"datePublished":"2022-10-07T10:22:23+00:00","dateModified":"2022-10-07T10:51:59+00:00","author":{"@id":"https:\/\/staging.varesenews.it\/#\/schema\/person\/b32b6f44664f8274f79469e452856024"},"description":"Il programma della\u00a0quattordicesima edizione del progetto Giovani Pensatori \u00e8 stato presentato da Fabio Minazzi, ideatore del progetto e direttore scientifico del Centro Internazionale Insubrico e dalla coordinatrice Stefania Barile","breadcrumb":{"@id":"https:\/\/www.varesenews.it\/2022\/10\/giovani-pensatori-sullumanesimo-digitale-la-pace-oggi\/1505702\/#breadcrumb"},"inLanguage":"it-IT","potentialAction":[{"@type":"ReadAction","target":["https:\/\/www.varesenews.it\/2022\/10\/giovani-pensatori-sullumanesimo-digitale-la-pace-oggi\/1505702\/"]}]},{"@type":"BreadcrumbList","@id":"https:\/\/www.varesenews.it\/2022\/10\/giovani-pensatori-sullumanesimo-digitale-la-pace-oggi\/1505702\/#breadcrumb","itemListElement":[{"@type":"ListItem","position":1,"name":"Home","item":"https:\/\/www.varesenews.it\/"},{"@type":"ListItem","position":2,"name":"Giovani pensatori, la rassegna dell&#8217;universit\u00e0 Insubria \u00e8 sull\u2019umanesimo digitale e la pace oggi"}]},{"@type":"WebSite","@id":"https:\/\/staging.varesenews.it\/#website","url":"https:\/\/staging.varesenews.it\/","name":"VareseNews","description":"","potentialAction":[{"@type":"SearchAction","target":{"@type":"EntryPoint","urlTemplate":"https:\/\/staging.varesenews.it\/?s={search_term_string}"},"query-input":"required name=search_term_string"}],"inLanguage":"it-IT"},{"@type":"Person","@id":"https:\/\/staging.varesenews.it\/#\/schema\/person\/b32b6f44664f8274f79469e452856024","name":"Marco Giovannelli","image":{"@type":"ImageObject","inLanguage":"it-IT","@id":"https:\/\/staging.varesenews.it\/#\/schema\/person\/image\/","url":"https:\/\/staging.varesenews.it\/wp-content\/uploads\/2020\/12\/marco_giovannelli_colori_500.jpg","contentUrl":"https:\/\/staging.varesenews.it\/wp-content\/uploads\/2020\/12\/marco_giovannelli_colori_500.jpg","caption":"Marco Giovannelli"},"description":"Viterbese di origine vivo a Varese dal 1978. Due figli grandi, due lauree in scienze &ldquo;inutili&rdquo; quanto affascinanti che mi portano a mettere lo studio ancora al primo posto. Dopo aver lavorato per il sindacato, fondato e lavorato al centro Gulliver, in una cooperativa che gestiva il Circolino a Varese, con un altro viterbese e un lucano ho fondato VareseNews quando nessuno o quasi sapeva cosa fosse Internet. Ho alcune grandi passioni, la prima &egrave; il cammino che cerco di vivere quotidianamente. Averne percorsi alcuni storici con Santiago e la Francigena mi ha poi portato a far diventare anche lavoro la loro valorizzazione e in particolare la Via Francisca del Lucomagno. Amo leggere, andare al cinema, viaggiare. Mi piace conoscere. La mia migliore attitudine &egrave; connettere mondi e per questo mi affascina la contemporaneit&agrave; e il digitale. Ho insegnato diritto ed economia per un decennio nelle scuole superiori. Ho tenuto diverse lezioni e laboratori allo Iulm e ora all&rsquo;Universit&agrave; dell&rsquo;Insubria con un corso di Giornalismo digitale alla specialistica. Ho fondato diversi progetti editoriali.&nbsp;","sameAs":["https:\/\/www.facebook.com\/giovannelli.marco?fref=ts","marcogio59","https:\/\/it.linkedin.com\/in\/giovannellimarco","https:\/\/twitter.com\/marcogio59"],"url":"https:\/\/staging.varesenews.it\/persona\/marco_giovannelli-2\/"}]}},"post_meta":{"content-image-gallery":"","_edit_lock":"1665153439:52","_edit_last":"52","_category_permalink":"a:1:{s:8:\"category\";s:0:\"\";}","firma_come_redazione":"1","_yoast_wpseo_focuskw_text_input":"pensatori","_yoast_wpseo_focuskw":"pensatori","_yoast_wpseo_linkdex":"78","_yoast_wpseo_content_score":"30","_jd_tweet_this":"yes","youtube_id":"Juizy5-zGKE","argomento":"Varese","foto":"1341588","_encloseme":"1","ratings_users":"0","ratings_score":"0","ratings_average":"0","_wpt_short_url":"https:\/\/www.varesenews.it\/2022\/10\/giovani-pensatori-sullumanesimo-digitale-la-pace-oggi\/1505702\/","_wp_jd_target":"https:\/\/www.varesenews.it\/2022\/10\/giovani-pensatori-sullumanesimo-digitale-la-pace-oggi\/1505702\/","_jd_wp_twitter":"a:1:{i:0;s:156:\"Giovani pensatori sull\u2019umanesimo digitale e la pace oggi https:\/\/www.varesenews.it\/2022\/10\/giovani-pensatori-sullumanesimo-digitale-la-pace-oggi\/1505702\/ \";}","_wpt_status_message":"Tweet inviato con successo.","_oembed_b65823a20fe5ca57e16f6051198edc7e":"<blockquote class=\"wp-embedded-content\" data-secret=\"DWf9cN6djI\"><a href=\"https:\/\/www.varesenews.it\/2018\/10\/cimice-asiatica-invasione\/757884\/\">Cimice asiatica, un pericoloso &#8220;alieno&#8221;<\/a><\/blockquote><iframe class=\"wp-embedded-content\" sandbox=\"allow-scripts\" security=\"restricted\" style=\"position: absolute; clip: rect(1px, 1px, 1px, 1px);\" src=\"https:\/\/www.varesenews.it\/2018\/10\/cimice-asiatica-invasione\/757884\/embed\/#?secret=DWf9cN6djI\" data-secret=\"DWf9cN6djI\" width=\"500\" height=\"282\" title=\"&#8220;Cimice asiatica, un pericoloso &#8220;alieno&#8221;&#8221; &#8212; VareseNews\" frameborder=\"0\" marginwidth=\"0\" marginheight=\"0\" scrolling=\"no\"><\/iframe>","_oembed_time_b65823a20fe5ca57e16f6051198edc7e":"1665138150","_oembed_01e7df1875106178fd7c2ce01fbb0d1b":"<blockquote class=\"wp-embedded-content\" data-secret=\"dYvKEdFVxc\"><a href=\"https:\/\/www.varesenews.it\/2022\/09\/eventi-bambini-nel-weekend-del-30-settembre-1-2-ottobre-varese-provincia\/1503574\/\">Eventi per bambini nel weekend del 30 settembre, 1 e 2 ottobre tra Varese e provincia<\/a><\/blockquote><iframe class=\"wp-embedded-content\" sandbox=\"allow-scripts\" security=\"restricted\" style=\"position: absolute; clip: rect(1px, 1px, 1px, 1px);\" src=\"https:\/\/www.varesenews.it\/2022\/09\/eventi-bambini-nel-weekend-del-30-settembre-1-2-ottobre-varese-provincia\/1503574\/embed\/#?secret=dYvKEdFVxc\" data-secret=\"dYvKEdFVxc\" width=\"500\" height=\"282\" title=\"&#8220;Eventi per bambini nel weekend del 30 settembre, 1 e 2 ottobre tra Varese e provincia&#8221; &#8212; VareseNews\" frameborder=\"0\" marginwidth=\"0\" marginheight=\"0\" scrolling=\"no\"><\/iframe>","_oembed_time_01e7df1875106178fd7c2ce01fbb0d1b":"1665138151","_oembed_bba770b3d01eb8f116620d3e68357e7d":"<blockquote class=\"wp-embedded-content\" data-secret=\"o8VrvGFmVa\"><a href=\"https:\/\/www.varesenews.it\/2022\/08\/passera-sara-fatta-la-nuova-bretella-gallarate\/1490183\/\">Dove passer\u00e0 e come sar\u00e0 fatta la nuova &#8220;bretella di Gallarate&#8221;<\/a><\/blockquote><iframe class=\"wp-embedded-content\" sandbox=\"allow-scripts\" security=\"restricted\" style=\"position: absolute; clip: rect(1px, 1px, 1px, 1px);\" src=\"https:\/\/www.varesenews.it\/2022\/08\/passera-sara-fatta-la-nuova-bretella-gallarate\/1490183\/embed\/#?secret=o8VrvGFmVa\" data-secret=\"o8VrvGFmVa\" width=\"500\" height=\"282\" title=\"&#8220;Dove passer\u00e0 e come sar\u00e0 fatta la nuova &#8220;bretella di Gallarate&#8221;&#8221; &#8212; VareseNews\" frameborder=\"0\" marginwidth=\"0\" marginheight=\"0\" scrolling=\"no\"><\/iframe>","_oembed_time_bba770b3d01eb8f116620d3e68357e7d":"1665138217","_oembed_86917e66f10a1a7cf273459528e6159c":"<blockquote class=\"wp-embedded-content\" data-secret=\"1rryrV3Yjx\"><a href=\"https:\/\/www.varesenews.it\/2022\/04\/la-commissione-sanita-di-gallarate-rigenerazione-del-santantonio-abate\/1454927\/\">La commissione Sanit\u00e0 di Gallarate si prepara alla rigenerazione del Sant&#8217;Antonio Abate<\/a><\/blockquote><iframe class=\"wp-embedded-content\" sandbox=\"allow-scripts\" security=\"restricted\" style=\"position: absolute; clip: rect(1px, 1px, 1px, 1px);\" src=\"https:\/\/www.varesenews.it\/2022\/04\/la-commissione-sanita-di-gallarate-rigenerazione-del-santantonio-abate\/1454927\/embed\/#?secret=1rryrV3Yjx\" data-secret=\"1rryrV3Yjx\" width=\"500\" height=\"282\" title=\"&#8220;La commissione Sanit\u00e0 di Gallarate si prepara alla rigenerazione del Sant&#8217;Antonio Abate&#8221; &#8212; VareseNews\" frameborder=\"0\" marginwidth=\"0\" marginheight=\"0\" scrolling=\"no\"><\/iframe>","_oembed_time_86917e66f10a1a7cf273459528e6159c":"1665138217","_oembed_b45640f35df3ede7886941aa271e9753":"<blockquote class=\"wp-embedded-content\" data-secret=\"NpqEPabnVQ\"><a href=\"https:\/\/www.varesenews.it\/2022\/06\/enzo-tortora-don-alberto-gallarate-si-discute-nuove-intitolazioni\/1469941\/\">Da Enzo Tortora a don Alberto, a Gallarate si discute di nuove intitolazioni<\/a><\/blockquote><iframe class=\"wp-embedded-content\" sandbox=\"allow-scripts\" security=\"restricted\" style=\"position: absolute; clip: rect(1px, 1px, 1px, 1px);\" src=\"https:\/\/www.varesenews.it\/2022\/06\/enzo-tortora-don-alberto-gallarate-si-discute-nuove-intitolazioni\/1469941\/embed\/#?secret=NpqEPabnVQ\" data-secret=\"NpqEPabnVQ\" width=\"500\" height=\"282\" title=\"&#8220;Da Enzo Tortora a don Alberto, a Gallarate si discute di nuove intitolazioni&#8221; &#8212; VareseNews\" frameborder=\"0\" marginwidth=\"0\" marginheight=\"0\" scrolling=\"no\"><\/iframe>","_oembed_time_b45640f35df3ede7886941aa271e9753":"1665138217","_oembed_cfb712d8271c3d57e3188ad6bdfda27e":"<blockquote class=\"wp-embedded-content\" data-secret=\"Y4qklK7NBJ\"><a href=\"https:\/\/www.varesenews.it\/2022\/08\/maltrattato-pronto-allira-storia-del-sorgiorile-laltro-torrente-gallarate\/1490943\/\">Maltrattato e pronto all\u2019ira: storia del Sorgiorile, &#8220;l&#8217;altro&#8221; torrente di Gallarate<\/a><\/blockquote><iframe class=\"wp-embedded-content\" sandbox=\"allow-scripts\" security=\"restricted\" style=\"position: absolute; clip: rect(1px, 1px, 1px, 1px);\" src=\"https:\/\/www.varesenews.it\/2022\/08\/maltrattato-pronto-allira-storia-del-sorgiorile-laltro-torrente-gallarate\/1490943\/embed\/#?secret=Y4qklK7NBJ\" data-secret=\"Y4qklK7NBJ\" width=\"500\" height=\"282\" title=\"&#8220;Maltrattato e pronto all\u2019ira: storia del Sorgiorile, &#8220;l&#8217;altro&#8221; torrente di Gallarate&#8221; &#8212; VareseNews\" frameborder=\"0\" marginwidth=\"0\" marginheight=\"0\" scrolling=\"no\"><\/iframe>","_oembed_time_cfb712d8271c3d57e3188ad6bdfda27e":"1665138217"},"photos":[{"original":"https:\/\/staging.varesenews.it\/photogallery_new\/images\/2022\/10\/generico-03-oct-2022-1341588.jpg","full":"https:\/\/staging.varesenews.it\/photogallery_new\/images\/2022\/10\/generico-03-oct-2022-1341588.1024x768.jpg","large":"https:\/\/staging.varesenews.it\/photogallery_new\/images\/2022\/10\/generico-03-oct-2022-1341588.610x431.jpg"}],"_links":{"self":[{"href":"https:\/\/staging.varesenews.it\/swgapi\/v1\/wp\/v2\/posts\/1505702"}],"collection":[{"href":"https:\/\/staging.varesenews.it\/swgapi\/v1\/wp\/v2\/posts"}],"about":[{"href":"https:\/\/staging.varesenews.it\/swgapi\/v1\/wp\/v2\/types\/post"}],"author":[{"embeddable":true,"href":"https:\/\/staging.varesenews.it\/swgapi\/v1\/wp\/v2\/users\/54"}],"replies":[{"embeddable":true,"href":"https:\/\/staging.varesenews.it\/swgapi\/v1\/wp\/v2\/comments?post=1505702"}],"version-history":[{"count":0,"href":"https:\/\/staging.varesenews.it\/swgapi\/v1\/wp\/v2\/posts\/1505702\/revisions"}],"wp:attachment":[{"href":"https:\/\/staging.varesenews.it\/swgapi\/v1\/wp\/v2\/media?parent=1505702"}],"wp:term":[{"taxonomy":"category","embeddable":true,"href":"https:\/\/staging.varesenews.it\/swgapi\/v1\/wp\/v2\/categories?post=1505702"},{"taxonomy":"post_tag","embeddable":true,"href":"https:\/\/staging.varesenews.it\/swgapi\/v1\/wp\/v2\/tags?post=1505702"}],"curies":[{"name":"wp","href":"https:\/\/api.w.org\/{rel}","templated":true}]}}