{"id":1506405,"date":"2022-10-08T22:47:17","date_gmt":"2022-10-08T20:47:17","guid":{"rendered":"https:\/\/www.varesenews.it\/?p=1506405"},"modified":"2022-10-08T22:47:17","modified_gmt":"2022-10-08T20:47:17","slug":"meravigliosa-gigliola","status":"publish","type":"post","link":"https:\/\/staging.varesenews.it\/2022\/10\/meravigliosa-gigliola\/1506405\/","title":{"rendered":"Meravigliosa Gigliola"},"content":{"rendered":"<p>Gentile direttore,<\/p>\n<p>Questa sera al posto di trattare i temi angoscianti della guerra, voglio parlare di un tema leggero. Come tutte le persone che sono andate in pensione, anche chi scrive, ha scoperto l&#8217;importanza del camminare per la propria salute. Quando posso, per tutti gli spostamenti quotidiani, lascio riposare la macchina e vado a piedi. E cos\u00ec quasi tutti i giorni, vado da casa sino al Montallegro, faccio la mia passeggiate quotidiana, in mezzo al bosco. E in questi camminate ho scoperto che, passeggiando si pu\u00f2 ascoltare la musica, con le cos\u00ec dette cuffiette. Musica che mi riporta negli anni &#8217;60.<\/p>\n<p>Tutte canzoni che hanno ancora una sana melodia, rilassanti, che parlano di amore, affetto, solidariet\u00e0, buona maniere, dolcezza, serenit\u00e0 ecc. Il contrario di quelle di adesso, le cos\u00ec dette canzoni RAP o rapping, che sono una forma di canzoni senza melodia, una oratoria musicale che presenta \u00abrima, discorso ritmico e linguaggio di strada\u00bb. Di solito con ritmi veloci e assordanti che invitano a correre come nel vivere quotidiano, sia con le moto che con le auto o anche sul posto di lavoro, con una buona dose di aggressivit\u00e0, dove spesso e volentieri dilagano proprie e vere parolacce. <\/p>\n<p>Con cantanti che per voler essere alternativi a tutti i costi per vendere pi\u00f9 dischi, i maschi si travestano da donne e le donne da maschi. Per non parlare di tatuaggi osceni ostentati con grande disinvoltura. Dicono che cos\u00ec si fa breccia e successo tra i ragazzini, ma con un tasso diseducativo incontrollato che costringono i genitori di oggi in quella missione impossibile di educare i propri figli al bene comune, alla sobriet\u00e0, alla buona educazione, nuotando contro corrente contro tutti quei mezzi di comunicazione in cui domina la diseducazione e la violenza che poi sfocia nel fenomeno del bullismo tra i ragazzini. <\/p>\n<p>Ovviamente qualcuno si scandalizzer\u00e0 per queste mie affermazioni, cariche di nostalgia, come di uno che vuole limitare la libert\u00e0 di espressione. Ma se la libert\u00e0 \u00e9 quella di insegnare la maleducazione, io qualche riserva, la manifesto. Poveri questi nostri ragazzi che non hanno conosciuto la gioia e la felicit\u00e0 di accontentarsi del poco, ossessionati nella corsa dei desideri, diventando gi\u00e0 da piccoli ad essere schiavi del consumismo e del mercato, disinteressandosi troppo spesso dei disastri climatici e dell&#8217;orrore della guerra che noi adulti, pessimi maestri, stiamo lasciando in eredit\u00e0 alle nuove generazioni, in cui l&#8217;odio prevale sull&#8217;amore.  <\/p>\n<p>E cos\u00ec alla fine di queste passeggiate, quasi come una forma di dipendenza, mi lascio trasportare dalle canzoni di Gigliola Cinquetti soprattutto in quel testo meraviglioso, fatto di purezza e responsabilit\u00e0 con quella canzone con cui a 16 anni vinse il Festival di San Remo con la canzone \u201cNon ho l&#8217;et\u00e0\u201d. Poveri questi nostri giovani costretti dalle mode e dalla diseducazione dilagante a fare sesso in tenera et\u00e0 senza la gioia dell&#8217;amore. Navigando ho scoperto poi che il nome Gigliola deriva da Lilius che significa \u201cBella come un giglio\u201d. Forse anche nelle scuole non si riesce ad educare alla bellezza, alla fraternit\u00e0 e all&#8217;amore per il prossimo, sacrificando questi valori alla competizione. <\/p>\n<p>Da quanto sono in pensione mi sono dato 4 regole: Mangiare di tutto ma poco, camminare tanto, bere tanto, e leggere tanti ma tanti libri, per combattere l&#8217;invecchiamento. E poi camminando nei boschi ho riscoperto l&#8217;arte del meditare. So di passare con questa lettera per un bacchettone, ma non mi importa. Buona salute a tutti.<\/p>\n","protected":false},"excerpt":{"rendered":"<p>Gentile direttore, Questa sera al posto di trattare i temi angoscianti della guerra, voglio parlare di un tema leggero. Come<\/p>\n","protected":false},"author":47,"featured_media":0,"comment_status":"open","ping_status":"open","sticky":false,"template":"","format":"standard","meta":{"footnotes":""},"categories":[71],"tags":[],"acf":[],"yoast_head":"<!-- This site is optimized with the Yoast SEO plugin v20.1 - https:\/\/yoast.com\/wordpress\/plugins\/seo\/ -->\n<title>Meravigliosa Gigliola<\/title>\n<meta name=\"description\" content=\"Gentile direttore, Questa sera al posto di trattare i temi angoscianti della guerra, voglio parlare di un tema leggero. Come tutte le persone che sono\" \/>\n<meta name=\"robots\" content=\"noindex, follow, max-snippet:-1, max-image-preview:large, max-video-preview:-1\" \/>\n<meta property=\"og:locale\" content=\"it_IT\" \/>\n<meta property=\"og:type\" content=\"article\" \/>\n<meta property=\"og:title\" content=\"Meravigliosa Gigliola\" \/>\n<meta property=\"og:description\" content=\"Gentile direttore, Questa sera al posto di trattare i temi angoscianti della guerra, voglio parlare di un tema leggero. Come tutte le persone che sono\" \/>\n<meta property=\"og:url\" content=\"https:\/\/staging.varesenews.it\/2022\/10\/meravigliosa-gigliola\/1506405\/\" \/>\n<meta property=\"og:site_name\" content=\"VareseNews\" \/>\n<meta property=\"article:publisher\" content=\"https:\/\/www.facebook.com\/varesenews\" \/>\n<meta property=\"article:published_time\" content=\"2022-10-08T20:47:17+00:00\" \/>\n<meta name=\"author\" content=\"Orlando Mastrillo\" \/>\n<meta name=\"twitter:card\" content=\"summary_large_image\" \/>\n<meta name=\"twitter:creator\" content=\"@nando_mastrillo\" \/>\n<meta name=\"twitter:site\" content=\"@varesenews\" \/>\n<meta name=\"twitter:label1\" content=\"Scritto da\" \/>\n\t<meta name=\"twitter:data1\" content=\"Orlando Mastrillo\" \/>\n\t<meta name=\"twitter:label2\" content=\"Tempo di lettura stimato\" \/>\n\t<meta name=\"twitter:data2\" content=\"3 minuti\" \/>\n<script type=\"application\/ld+json\" class=\"yoast-schema-graph\">{\"@context\":\"https:\/\/schema.org\",\"@graph\":[{\"@type\":\"WebPage\",\"@id\":\"https:\/\/staging.varesenews.it\/2022\/10\/meravigliosa-gigliola\/1506405\/\",\"url\":\"https:\/\/staging.varesenews.it\/2022\/10\/meravigliosa-gigliola\/1506405\/\",\"name\":\"Meravigliosa Gigliola\",\"isPartOf\":{\"@id\":\"https:\/\/staging.varesenews.it\/#website\"},\"datePublished\":\"2022-10-08T20:47:17+00:00\",\"dateModified\":\"2022-10-08T20:47:17+00:00\",\"author\":{\"@id\":\"https:\/\/staging.varesenews.it\/#\/schema\/person\/14c47ccce537a9058dddce296f10b296\"},\"description\":\"Gentile direttore, Questa sera al posto di trattare i temi angoscianti della guerra, voglio parlare di un tema leggero. Come tutte le persone che sono\",\"breadcrumb\":{\"@id\":\"https:\/\/staging.varesenews.it\/2022\/10\/meravigliosa-gigliola\/1506405\/#breadcrumb\"},\"inLanguage\":\"it-IT\",\"potentialAction\":[{\"@type\":\"ReadAction\",\"target\":[\"https:\/\/staging.varesenews.it\/2022\/10\/meravigliosa-gigliola\/1506405\/\"]}]},{\"@type\":\"BreadcrumbList\",\"@id\":\"https:\/\/staging.varesenews.it\/2022\/10\/meravigliosa-gigliola\/1506405\/#breadcrumb\",\"itemListElement\":[{\"@type\":\"ListItem\",\"position\":1,\"name\":\"Home\",\"item\":\"https:\/\/www.varesenews.it\/\"},{\"@type\":\"ListItem\",\"position\":2,\"name\":\"Meravigliosa Gigliola\"}]},{\"@type\":\"WebSite\",\"@id\":\"https:\/\/staging.varesenews.it\/#website\",\"url\":\"https:\/\/staging.varesenews.it\/\",\"name\":\"VareseNews\",\"description\":\"\",\"potentialAction\":[{\"@type\":\"SearchAction\",\"target\":{\"@type\":\"EntryPoint\",\"urlTemplate\":\"https:\/\/staging.varesenews.it\/?s={search_term_string}\"},\"query-input\":\"required name=search_term_string\"}],\"inLanguage\":\"it-IT\"},{\"@type\":\"Person\",\"@id\":\"https:\/\/staging.varesenews.it\/#\/schema\/person\/14c47ccce537a9058dddce296f10b296\",\"name\":\"Orlando Mastrillo\",\"image\":{\"@type\":\"ImageObject\",\"inLanguage\":\"it-IT\",\"@id\":\"https:\/\/staging.varesenews.it\/#\/schema\/person\/image\/\",\"url\":\"https:\/\/staging.varesenews.it\/wp-content\/uploads\/2020\/12\/orlando_mastrillo_colori_500.jpg\",\"contentUrl\":\"https:\/\/staging.varesenews.it\/wp-content\/uploads\/2020\/12\/orlando_mastrillo_colori_500.jpg\",\"caption\":\"Orlando Mastrillo\"},\"description\":\"Nasco a Luino nel 1981, ho iniziato questo lavoro nell'estate del 2003 nella redazione de Il Giorno di Varese e dall'anno successivo ho intrapreso la collaborazione con VareseNews. Dopo anni nell'Alto Varesotto mi sono trasferito a Busto Arsizio nel 2007, territorio che ho iniziato a seguire e che seguo tutt'oggi. Nel 2013 sono diventato giornalista professionista. Mi occupo di cronaca politica, giudiziaria e nera in una vasta area che comprende anche parte della Valle Olona e il Legnanese. Sono sposato con Valeria Arini e ho due splendide figlie.\",\"sameAs\":[\"or_ma\",\"https:\/\/twitter.com\/nando_mastrillo\"],\"url\":\"https:\/\/staging.varesenews.it\/persona\/orlando-mastrillo1\/\"}]}<\/script>\n<!-- \/ Yoast SEO plugin. -->","yoast_head_json":{"title":"Meravigliosa Gigliola","description":"Gentile direttore, Questa sera al posto di trattare i temi angoscianti della guerra, voglio parlare di un tema leggero. Come tutte le persone che sono","robots":{"index":"noindex","follow":"follow","max-snippet":"max-snippet:-1","max-image-preview":"max-image-preview:large","max-video-preview":"max-video-preview:-1"},"og_locale":"it_IT","og_type":"article","og_title":"Meravigliosa Gigliola","og_description":"Gentile direttore, Questa sera al posto di trattare i temi angoscianti della guerra, voglio parlare di un tema leggero. Come tutte le persone che sono","og_url":"https:\/\/staging.varesenews.it\/2022\/10\/meravigliosa-gigliola\/1506405\/","og_site_name":"VareseNews","article_publisher":"https:\/\/www.facebook.com\/varesenews","article_published_time":"2022-10-08T20:47:17+00:00","author":"Orlando Mastrillo","twitter_card":"summary_large_image","twitter_creator":"@nando_mastrillo","twitter_site":"@varesenews","twitter_misc":{"Scritto da":"Orlando Mastrillo","Tempo di lettura stimato":"3 minuti"},"schema":{"@context":"https:\/\/schema.org","@graph":[{"@type":"WebPage","@id":"https:\/\/staging.varesenews.it\/2022\/10\/meravigliosa-gigliola\/1506405\/","url":"https:\/\/staging.varesenews.it\/2022\/10\/meravigliosa-gigliola\/1506405\/","name":"Meravigliosa Gigliola","isPartOf":{"@id":"https:\/\/staging.varesenews.it\/#website"},"datePublished":"2022-10-08T20:47:17+00:00","dateModified":"2022-10-08T20:47:17+00:00","author":{"@id":"https:\/\/staging.varesenews.it\/#\/schema\/person\/14c47ccce537a9058dddce296f10b296"},"description":"Gentile direttore, Questa sera al posto di trattare i temi angoscianti della guerra, voglio parlare di un tema leggero. Come tutte le persone che sono","breadcrumb":{"@id":"https:\/\/staging.varesenews.it\/2022\/10\/meravigliosa-gigliola\/1506405\/#breadcrumb"},"inLanguage":"it-IT","potentialAction":[{"@type":"ReadAction","target":["https:\/\/staging.varesenews.it\/2022\/10\/meravigliosa-gigliola\/1506405\/"]}]},{"@type":"BreadcrumbList","@id":"https:\/\/staging.varesenews.it\/2022\/10\/meravigliosa-gigliola\/1506405\/#breadcrumb","itemListElement":[{"@type":"ListItem","position":1,"name":"Home","item":"https:\/\/www.varesenews.it\/"},{"@type":"ListItem","position":2,"name":"Meravigliosa Gigliola"}]},{"@type":"WebSite","@id":"https:\/\/staging.varesenews.it\/#website","url":"https:\/\/staging.varesenews.it\/","name":"VareseNews","description":"","potentialAction":[{"@type":"SearchAction","target":{"@type":"EntryPoint","urlTemplate":"https:\/\/staging.varesenews.it\/?s={search_term_string}"},"query-input":"required name=search_term_string"}],"inLanguage":"it-IT"},{"@type":"Person","@id":"https:\/\/staging.varesenews.it\/#\/schema\/person\/14c47ccce537a9058dddce296f10b296","name":"Orlando Mastrillo","image":{"@type":"ImageObject","inLanguage":"it-IT","@id":"https:\/\/staging.varesenews.it\/#\/schema\/person\/image\/","url":"https:\/\/staging.varesenews.it\/wp-content\/uploads\/2020\/12\/orlando_mastrillo_colori_500.jpg","contentUrl":"https:\/\/staging.varesenews.it\/wp-content\/uploads\/2020\/12\/orlando_mastrillo_colori_500.jpg","caption":"Orlando Mastrillo"},"description":"Nasco a Luino nel 1981, ho iniziato questo lavoro nell'estate del 2003 nella redazione de Il Giorno di Varese e dall'anno successivo ho intrapreso la collaborazione con VareseNews. Dopo anni nell'Alto Varesotto mi sono trasferito a Busto Arsizio nel 2007, territorio che ho iniziato a seguire e che seguo tutt'oggi. Nel 2013 sono diventato giornalista professionista. Mi occupo di cronaca politica, giudiziaria e nera in una vasta area che comprende anche parte della Valle Olona e il Legnanese. Sono sposato con Valeria Arini e ho due splendide figlie.","sameAs":["or_ma","https:\/\/twitter.com\/nando_mastrillo"],"url":"https:\/\/staging.varesenews.it\/persona\/orlando-mastrillo1\/"}]}},"post_meta":{"content-image-gallery":"","_edit_lock":"1665262026:47","_edit_last":"47","_category_permalink":"a:1:{s:8:\"category\";s:0:\"\";}","_encloseme":"1","ratings_users":"0","ratings_score":"0","ratings_average":"0","foto":"201042","firma-personalizzata":"Emilio Vanoni","argomento":"Lettere al direttore","_yoast_wpseo_focuskw_text_input":"gigliola","_yoast_wpseo_focuskw":"gigliola","_yoast_wpseo_linkdex":"57","_yoast_wpseo_content_score":"30","_jd_tweet_this":"yes","_wpt_short_url":"https:\/\/www.varesenews.it\/2022\/10\/meravigliosa-gigliola\/1506405\/","_wp_jd_target":"https:\/\/www.varesenews.it\/2022\/10\/meravigliosa-gigliola\/1506405\/","_jd_wp_twitter":"a:1:{i:0;s:87:\"Meravigliosa Gigliola https:\/\/www.varesenews.it\/2022\/10\/meravigliosa-gigliola\/1506405\/ \";}","_wpt_status_message":"Tweet inviato con successo.","_oembed_1fcf92be35aed2f5972637245dd976e8":"<blockquote class=\"wp-embedded-content\" data-secret=\"ZSpuH0Pjeq\"><a href=\"https:\/\/www.varesenews.it\/2022\/09\/un-allenatore-tennis-la-differenza-caso-marnate\/1501574\/\">Se un allenatore di tennis fa la differenza. Il caso di Marnate<\/a><\/blockquote><iframe class=\"wp-embedded-content\" sandbox=\"allow-scripts\" security=\"restricted\" style=\"position: absolute; clip: rect(1px, 1px, 1px, 1px);\" src=\"https:\/\/www.varesenews.it\/2022\/09\/un-allenatore-tennis-la-differenza-caso-marnate\/1501574\/embed\/#?secret=ZSpuH0Pjeq\" data-secret=\"ZSpuH0Pjeq\" width=\"500\" height=\"282\" title=\"&#8220;Se un allenatore di tennis fa la differenza. Il caso di Marnate&#8221; &#8212; VareseNews\" frameborder=\"0\" marginwidth=\"0\" marginheight=\"0\" scrolling=\"no\"><\/iframe>","_oembed_time_1fcf92be35aed2f5972637245dd976e8":"1665262084","_oembed_04ea5045ed0c0e84ec7b87aee92a9922":"<blockquote class=\"wp-embedded-content\" data-secret=\"zrPtJweZQP\"><a href=\"https:\/\/www.varesenews.it\/2022\/06\/e-morto-clemente-ballerio-fondatore-di-elmec\/1475712\/\">\u00c8 morto Clemente Ballerio fondatore di Elmec<\/a><\/blockquote><iframe class=\"wp-embedded-content\" sandbox=\"allow-scripts\" security=\"restricted\" style=\"position: absolute; clip: rect(1px, 1px, 1px, 1px);\" src=\"https:\/\/www.varesenews.it\/2022\/06\/e-morto-clemente-ballerio-fondatore-di-elmec\/1475712\/embed\/#?secret=zrPtJweZQP\" data-secret=\"zrPtJweZQP\" width=\"500\" height=\"282\" title=\"&#8220;\u00c8 morto Clemente Ballerio fondatore di Elmec&#8221; &#8212; VareseNews\" frameborder=\"0\" marginwidth=\"0\" marginheight=\"0\" scrolling=\"no\"><\/iframe>","_oembed_time_04ea5045ed0c0e84ec7b87aee92a9922":"1665262084","_oembed_49ff7089605618aac0c3ae717b51c69c":"<blockquote class=\"wp-embedded-content\" data-secret=\"1KJKa20kta\"><a href=\"https:\/\/www.varesenews.it\/2022\/10\/leggiuno-la-guerra-della-stalla-animalisti-allevatore-partono-le-denunce\/1504449\/\">A Leggiuno la \u201cguerra\u201c della stalla: animalisti contro allevatore, partono le denunce<\/a><\/blockquote><iframe class=\"wp-embedded-content\" sandbox=\"allow-scripts\" security=\"restricted\" style=\"position: absolute; clip: rect(1px, 1px, 1px, 1px);\" src=\"https:\/\/www.varesenews.it\/2022\/10\/leggiuno-la-guerra-della-stalla-animalisti-allevatore-partono-le-denunce\/1504449\/embed\/#?secret=1KJKa20kta\" data-secret=\"1KJKa20kta\" width=\"500\" height=\"282\" title=\"&#8220;A Leggiuno la \u201cguerra\u201c della stalla: animalisti contro allevatore, partono le denunce&#8221; &#8212; VareseNews\" frameborder=\"0\" marginwidth=\"0\" marginheight=\"0\" scrolling=\"no\"><\/iframe>","_oembed_time_49ff7089605618aac0c3ae717b51c69c":"1665262084","_oembed_2b2a45436f51ef277342e106c96ffc2c":"<blockquote class=\"wp-embedded-content\" data-secret=\"Nx4LsuUqul\"><a href=\"https:\/\/www.varesenews.it\/2022\/10\/valbossa-rosa-2022-sara-ledizione-dei-record\/1504282\/\">Valbossa IN Rosa 2022 sar\u00e0 l&#8217;edizione dei record<\/a><\/blockquote><iframe class=\"wp-embedded-content\" sandbox=\"allow-scripts\" security=\"restricted\" style=\"position: absolute; clip: rect(1px, 1px, 1px, 1px);\" src=\"https:\/\/www.varesenews.it\/2022\/10\/valbossa-rosa-2022-sara-ledizione-dei-record\/1504282\/embed\/#?secret=Nx4LsuUqul\" data-secret=\"Nx4LsuUqul\" width=\"500\" height=\"282\" title=\"&#8220;Valbossa IN Rosa 2022 sar\u00e0 l&#8217;edizione dei record&#8221; &#8212; VareseNews\" frameborder=\"0\" marginwidth=\"0\" marginheight=\"0\" scrolling=\"no\"><\/iframe>","_oembed_time_2b2a45436f51ef277342e106c96ffc2c":"1665262084"},"photos":[{"original":"https:\/\/staging.varesenews.it\/photogallery_new\/images\/2011\/05\/alfredo-pellini-con-gigliola-cinquetti-201042.jpg","full":"https:\/\/staging.varesenews.it\/photogallery_new\/images\/2011\/05\/alfredo-pellini-con-gigliola-cinquetti-201042.1024x768.jpg","large":"https:\/\/staging.varesenews.it\/photogallery_new\/images\/2011\/05\/alfredo-pellini-con-gigliola-cinquetti-201042.610x431.jpg"}],"_links":{"self":[{"href":"https:\/\/staging.varesenews.it\/swgapi\/v1\/wp\/v2\/posts\/1506405"}],"collection":[{"href":"https:\/\/staging.varesenews.it\/swgapi\/v1\/wp\/v2\/posts"}],"about":[{"href":"https:\/\/staging.varesenews.it\/swgapi\/v1\/wp\/v2\/types\/post"}],"author":[{"embeddable":true,"href":"https:\/\/staging.varesenews.it\/swgapi\/v1\/wp\/v2\/users\/47"}],"replies":[{"embeddable":true,"href":"https:\/\/staging.varesenews.it\/swgapi\/v1\/wp\/v2\/comments?post=1506405"}],"version-history":[{"count":0,"href":"https:\/\/staging.varesenews.it\/swgapi\/v1\/wp\/v2\/posts\/1506405\/revisions"}],"wp:attachment":[{"href":"https:\/\/staging.varesenews.it\/swgapi\/v1\/wp\/v2\/media?parent=1506405"}],"wp:term":[{"taxonomy":"category","embeddable":true,"href":"https:\/\/staging.varesenews.it\/swgapi\/v1\/wp\/v2\/categories?post=1506405"},{"taxonomy":"post_tag","embeddable":true,"href":"https:\/\/staging.varesenews.it\/swgapi\/v1\/wp\/v2\/tags?post=1506405"}],"curies":[{"name":"wp","href":"https:\/\/api.w.org\/{rel}","templated":true}]}}