{"id":1506759,"date":"2022-10-10T11:34:29","date_gmt":"2022-10-10T09:34:29","guid":{"rendered":"https:\/\/www.varesenews.it\/?p=1506759"},"modified":"2022-10-10T11:34:29","modified_gmt":"2022-10-10T09:34:29","slug":"due-arresti-droga-nel-luganese","status":"publish","type":"post","link":"https:\/\/staging.varesenews.it\/2022\/10\/due-arresti-droga-nel-luganese\/1506759\/","title":{"rendered":"Due arresti per droga nel Luganese"},"content":{"rendered":"<p>Il <strong>Ministero pubblico<\/strong> e la <strong>Polizia cantonale<\/strong> comunicano che il 5 ottobre scorso nell&#8217;ambito di un&#8217;inchiesta svolta in collaborazione con i servizi antidroga della Polizia Citt\u00e0 di Lugano, sono stati <strong>arrestati un 23enne e un 32enne cittadini albanesi<\/strong> residenti in Albania. I fermi sono scattati in territorio di Lugano. <strong>Le perquisizioni &#8211; sia personali sia in un appartamento utilizzato dai due &#8211; hanno permesso di rinvenire diversi grammi di cocaina<\/strong> e alcune migliaia di franchi in contanti. Gli arrestati sono sospettati di aver preso parte a un importante traffico della sostanza stupefacente. L&#8217;ipotesi di reato nei loro confronti \u00e8 di infrazione aggravata alla Legge federale sugli stupefacenti. <strong>L&#8217;inchiesta \u00e8 coordinata dalla Procuratrice pubblica Chiara Buzzi.<\/strong><\/p>\n","protected":false},"excerpt":{"rendered":"<p>L&#8217;accusa \u00e8 di infrazione aggravata alla Legge federale sugli stupefacenti<\/p>\n","protected":false},"author":34,"featured_media":0,"comment_status":"open","ping_status":"open","sticky":false,"template":"","format":"standard","meta":{"footnotes":""},"categories":[8],"tags":[],"acf":[],"yoast_head":"<!-- This site is optimized with the Yoast SEO plugin v20.1 - https:\/\/yoast.com\/wordpress\/plugins\/seo\/ -->\n<title>Due arresti per droga nel Luganese<\/title>\n<meta name=\"description\" content=\"L&#039;accusa \u00e8 di infrazione aggravata alla Legge federale sugli stupefacenti\" \/>\n<meta name=\"robots\" content=\"noindex, follow, max-snippet:-1, max-image-preview:large, max-video-preview:-1\" \/>\n<meta property=\"og:locale\" content=\"it_IT\" \/>\n<meta property=\"og:type\" content=\"article\" \/>\n<meta property=\"og:title\" content=\"Due arresti per droga nel Luganese\" \/>\n<meta property=\"og:description\" content=\"L&#039;accusa \u00e8 di infrazione aggravata alla Legge federale sugli stupefacenti\" \/>\n<meta property=\"og:url\" content=\"https:\/\/staging.varesenews.it\/2022\/10\/due-arresti-droga-nel-luganese\/1506759\/\" \/>\n<meta property=\"og:site_name\" content=\"VareseNews\" \/>\n<meta property=\"article:publisher\" content=\"https:\/\/www.facebook.com\/varesenews\" \/>\n<meta property=\"article:author\" content=\"https:\/\/www.facebook.com\/andrea.camurani?fref=photo\" \/>\n<meta property=\"article:published_time\" content=\"2022-10-10T09:34:29+00:00\" \/>\n<meta name=\"author\" content=\"Andrea Camurani\" \/>\n<meta name=\"twitter:card\" content=\"summary_large_image\" \/>\n<meta name=\"twitter:creator\" content=\"@AndreaCamurani\" \/>\n<meta name=\"twitter:site\" content=\"@varesenews\" \/>\n<meta name=\"twitter:label1\" content=\"Scritto da\" \/>\n\t<meta name=\"twitter:data1\" content=\"Andrea Camurani\" \/>\n\t<meta name=\"twitter:label2\" content=\"Tempo di lettura stimato\" \/>\n\t<meta name=\"twitter:data2\" content=\"1 minuto\" \/>\n<script type=\"application\/ld+json\" class=\"yoast-schema-graph\">{\"@context\":\"https:\/\/schema.org\",\"@graph\":[{\"@type\":\"WebPage\",\"@id\":\"https:\/\/staging.varesenews.it\/2022\/10\/due-arresti-droga-nel-luganese\/1506759\/\",\"url\":\"https:\/\/staging.varesenews.it\/2022\/10\/due-arresti-droga-nel-luganese\/1506759\/\",\"name\":\"Due arresti per droga nel Luganese\",\"isPartOf\":{\"@id\":\"https:\/\/staging.varesenews.it\/#website\"},\"datePublished\":\"2022-10-10T09:34:29+00:00\",\"dateModified\":\"2022-10-10T09:34:29+00:00\",\"author\":{\"@id\":\"https:\/\/staging.varesenews.it\/#\/schema\/person\/3eb5832c6beae763de8d9596fdbe8c49\"},\"description\":\"L'accusa \u00e8 di infrazione aggravata alla Legge federale sugli stupefacenti\",\"breadcrumb\":{\"@id\":\"https:\/\/staging.varesenews.it\/2022\/10\/due-arresti-droga-nel-luganese\/1506759\/#breadcrumb\"},\"inLanguage\":\"it-IT\",\"potentialAction\":[{\"@type\":\"ReadAction\",\"target\":[\"https:\/\/staging.varesenews.it\/2022\/10\/due-arresti-droga-nel-luganese\/1506759\/\"]}]},{\"@type\":\"BreadcrumbList\",\"@id\":\"https:\/\/staging.varesenews.it\/2022\/10\/due-arresti-droga-nel-luganese\/1506759\/#breadcrumb\",\"itemListElement\":[{\"@type\":\"ListItem\",\"position\":1,\"name\":\"Home\",\"item\":\"https:\/\/www.varesenews.it\/\"},{\"@type\":\"ListItem\",\"position\":2,\"name\":\"Due arresti per droga nel Luganese\"}]},{\"@type\":\"WebSite\",\"@id\":\"https:\/\/staging.varesenews.it\/#website\",\"url\":\"https:\/\/staging.varesenews.it\/\",\"name\":\"VareseNews\",\"description\":\"\",\"potentialAction\":[{\"@type\":\"SearchAction\",\"target\":{\"@type\":\"EntryPoint\",\"urlTemplate\":\"https:\/\/staging.varesenews.it\/?s={search_term_string}\"},\"query-input\":\"required name=search_term_string\"}],\"inLanguage\":\"it-IT\"},{\"@type\":\"Person\",\"@id\":\"https:\/\/staging.varesenews.it\/#\/schema\/person\/3eb5832c6beae763de8d9596fdbe8c49\",\"name\":\"Andrea Camurani\",\"image\":{\"@type\":\"ImageObject\",\"inLanguage\":\"it-IT\",\"@id\":\"https:\/\/staging.varesenews.it\/#\/schema\/person\/image\/\",\"url\":\"https:\/\/staging.varesenews.it\/wp-content\/uploads\/2020\/12\/andrea_camurani_colori_500.jpg\",\"contentUrl\":\"https:\/\/staging.varesenews.it\/wp-content\/uploads\/2020\/12\/andrea_camurani_colori_500.jpg\",\"caption\":\"Andrea Camurani\"},\"description\":\"Sono figlio degli anni Settanta e di Milano, dove ho imparato a riconoscere buoni e cattivi. Laurea in scienze politiche, lavoro a VareseNews dal 2000. Racconto quel che trovo quando incontro chi vuole lasciare al mondo un pezzetto di vita, che si chiama cronaca. &ldquo;...perch&eacute; &egrave; la gente il pi&ugrave; grande spettacolo del mondo. E non si paga il biglietto...&rdquo; (Charles Bukowsky)\",\"sameAs\":[\"https:\/\/www.facebook.com\/andrea.camurani?fref=photo\",\"andreacamurani\",\"https:\/\/www.linkedin.com\/hp\/?dnr=A9a84RfzsLdo9xg4NcGV4dLiMknoc9ms4WM\",\"https:\/\/twitter.com\/AndreaCamurani\"],\"url\":\"https:\/\/staging.varesenews.it\/persona\/andrea_camurani\/\"}]}<\/script>\n<!-- \/ Yoast SEO plugin. -->","yoast_head_json":{"title":"Due arresti per droga nel Luganese","description":"L'accusa \u00e8 di infrazione aggravata alla Legge federale sugli stupefacenti","robots":{"index":"noindex","follow":"follow","max-snippet":"max-snippet:-1","max-image-preview":"max-image-preview:large","max-video-preview":"max-video-preview:-1"},"og_locale":"it_IT","og_type":"article","og_title":"Due arresti per droga nel Luganese","og_description":"L'accusa \u00e8 di infrazione aggravata alla Legge federale sugli stupefacenti","og_url":"https:\/\/staging.varesenews.it\/2022\/10\/due-arresti-droga-nel-luganese\/1506759\/","og_site_name":"VareseNews","article_publisher":"https:\/\/www.facebook.com\/varesenews","article_author":"https:\/\/www.facebook.com\/andrea.camurani?fref=photo","article_published_time":"2022-10-10T09:34:29+00:00","author":"Andrea Camurani","twitter_card":"summary_large_image","twitter_creator":"@AndreaCamurani","twitter_site":"@varesenews","twitter_misc":{"Scritto da":"Andrea Camurani","Tempo di lettura stimato":"1 minuto"},"schema":{"@context":"https:\/\/schema.org","@graph":[{"@type":"WebPage","@id":"https:\/\/staging.varesenews.it\/2022\/10\/due-arresti-droga-nel-luganese\/1506759\/","url":"https:\/\/staging.varesenews.it\/2022\/10\/due-arresti-droga-nel-luganese\/1506759\/","name":"Due arresti per droga nel Luganese","isPartOf":{"@id":"https:\/\/staging.varesenews.it\/#website"},"datePublished":"2022-10-10T09:34:29+00:00","dateModified":"2022-10-10T09:34:29+00:00","author":{"@id":"https:\/\/staging.varesenews.it\/#\/schema\/person\/3eb5832c6beae763de8d9596fdbe8c49"},"description":"L'accusa \u00e8 di infrazione aggravata alla Legge federale sugli stupefacenti","breadcrumb":{"@id":"https:\/\/staging.varesenews.it\/2022\/10\/due-arresti-droga-nel-luganese\/1506759\/#breadcrumb"},"inLanguage":"it-IT","potentialAction":[{"@type":"ReadAction","target":["https:\/\/staging.varesenews.it\/2022\/10\/due-arresti-droga-nel-luganese\/1506759\/"]}]},{"@type":"BreadcrumbList","@id":"https:\/\/staging.varesenews.it\/2022\/10\/due-arresti-droga-nel-luganese\/1506759\/#breadcrumb","itemListElement":[{"@type":"ListItem","position":1,"name":"Home","item":"https:\/\/www.varesenews.it\/"},{"@type":"ListItem","position":2,"name":"Due arresti per droga nel Luganese"}]},{"@type":"WebSite","@id":"https:\/\/staging.varesenews.it\/#website","url":"https:\/\/staging.varesenews.it\/","name":"VareseNews","description":"","potentialAction":[{"@type":"SearchAction","target":{"@type":"EntryPoint","urlTemplate":"https:\/\/staging.varesenews.it\/?s={search_term_string}"},"query-input":"required name=search_term_string"}],"inLanguage":"it-IT"},{"@type":"Person","@id":"https:\/\/staging.varesenews.it\/#\/schema\/person\/3eb5832c6beae763de8d9596fdbe8c49","name":"Andrea Camurani","image":{"@type":"ImageObject","inLanguage":"it-IT","@id":"https:\/\/staging.varesenews.it\/#\/schema\/person\/image\/","url":"https:\/\/staging.varesenews.it\/wp-content\/uploads\/2020\/12\/andrea_camurani_colori_500.jpg","contentUrl":"https:\/\/staging.varesenews.it\/wp-content\/uploads\/2020\/12\/andrea_camurani_colori_500.jpg","caption":"Andrea Camurani"},"description":"Sono figlio degli anni Settanta e di Milano, dove ho imparato a riconoscere buoni e cattivi. Laurea in scienze politiche, lavoro a VareseNews dal 2000. Racconto quel che trovo quando incontro chi vuole lasciare al mondo un pezzetto di vita, che si chiama cronaca. &ldquo;...perch&eacute; &egrave; la gente il pi&ugrave; grande spettacolo del mondo. E non si paga il biglietto...&rdquo; (Charles Bukowsky)","sameAs":["https:\/\/www.facebook.com\/andrea.camurani?fref=photo","andreacamurani","https:\/\/www.linkedin.com\/hp\/?dnr=A9a84RfzsLdo9xg4NcGV4dLiMknoc9ms4WM","https:\/\/twitter.com\/AndreaCamurani"],"url":"https:\/\/staging.varesenews.it\/persona\/andrea_camurani\/"}]}},"post_meta":{"content-image-gallery":"","_edit_lock":"1665401688:34","_edit_last":"34","_category_permalink":"a:1:{s:8:\"category\";s:0:\"\";}","_encloseme":"1","ratings_users":"0","ratings_score":"0","ratings_average":"0","foto":"498626","firma_come_redazione":"1","_yoast_wpseo_focuskw_text_input":"droga locarnese","_yoast_wpseo_focuskw":"droga locarnese","_yoast_wpseo_linkdex":"38","_yoast_wpseo_content_score":"30","_jd_tweet_this":"yes","_wpt_short_url":"https:\/\/www.varesenews.it\/2022\/10\/due-arresti-droga-nel-luganese\/1506759\/","_wp_jd_target":"https:\/\/www.varesenews.it\/2022\/10\/due-arresti-droga-nel-luganese\/1506759\/","_jd_wp_twitter":"a:1:{i:0;s:109:\"Due arresti per droga nel Luganese https:\/\/www.varesenews.it\/2022\/10\/due-arresti-droga-nel-luganese\/1506759\/ \";}","_wpt_status_message":"Tweet inviato con successo.","_oembed_28dfcc671397744ef2199be3be6c50cb":"<blockquote class=\"wp-embedded-content\" data-secret=\"Lw7WcdeS2q\"><a href=\"https:\/\/www.varesenews.it\/2018\/02\/mannheimer-ce-meno-fiducia-nelle-banche-nei-casino\/690578\/\">Mannheimer: &#8220;C&#8217;\u00e8 pi\u00f9 fiducia nei casin\u00f2 che nelle banche&#8221;<\/a><\/blockquote><iframe class=\"wp-embedded-content\" sandbox=\"allow-scripts\" security=\"restricted\" style=\"position: absolute; clip: rect(1px, 1px, 1px, 1px);\" src=\"https:\/\/www.varesenews.it\/2018\/02\/mannheimer-ce-meno-fiducia-nelle-banche-nei-casino\/690578\/embed\/#?secret=Lw7WcdeS2q\" data-secret=\"Lw7WcdeS2q\" width=\"500\" height=\"282\" title=\"&#8220;Mannheimer: &#8220;C&#8217;\u00e8 pi\u00f9 fiducia nei casin\u00f2 che nelle banche&#8221;&#8221; &#8212; VareseNews\" frameborder=\"0\" marginwidth=\"0\" marginheight=\"0\" scrolling=\"no\"><\/iframe>","_oembed_time_28dfcc671397744ef2199be3be6c50cb":"1665394567","_oembed_00d95adf4969bf324167a14f45bebb50":"<blockquote class=\"wp-embedded-content\" data-secret=\"wn1KhEMHSD\"><a href=\"https:\/\/www.varesenews.it\/2022\/10\/un-corso-online-diventare-nonni-consapevoli-si-iscrivono-700\/1506557\/\">Un corso online per diventare nonni consapevoli. Si iscrivono in 700<\/a><\/blockquote><iframe class=\"wp-embedded-content\" sandbox=\"allow-scripts\" security=\"restricted\" style=\"position: absolute; clip: rect(1px, 1px, 1px, 1px);\" src=\"https:\/\/www.varesenews.it\/2022\/10\/un-corso-online-diventare-nonni-consapevoli-si-iscrivono-700\/1506557\/embed\/#?secret=wn1KhEMHSD\" data-secret=\"wn1KhEMHSD\" width=\"500\" height=\"282\" title=\"&#8220;Un corso online per diventare nonni consapevoli. Si iscrivono in 700&#8221; &#8212; VareseNews\" frameborder=\"0\" marginwidth=\"0\" marginheight=\"0\" scrolling=\"no\"><\/iframe>","_oembed_time_00d95adf4969bf324167a14f45bebb50":"1665394568","_oembed_7975cc49102ace5e498b90f1371b204e":"<blockquote class=\"wp-embedded-content\" data-secret=\"DucjhJXM7B\"><a href=\"https:\/\/www.varesenews.it\/2022\/10\/programma-delle-tre-serate-diventare-nonni-consapevoli\/1506580\/\">Il programma delle tre serate per diventare nonni consapevoli<\/a><\/blockquote><iframe class=\"wp-embedded-content\" sandbox=\"allow-scripts\" security=\"restricted\" style=\"position: absolute; clip: rect(1px, 1px, 1px, 1px);\" src=\"https:\/\/www.varesenews.it\/2022\/10\/programma-delle-tre-serate-diventare-nonni-consapevoli\/1506580\/embed\/#?secret=DucjhJXM7B\" data-secret=\"DucjhJXM7B\" width=\"500\" height=\"282\" title=\"&#8220;Il programma delle tre serate per diventare nonni consapevoli&#8221; &#8212; VareseNews\" frameborder=\"0\" marginwidth=\"0\" marginheight=\"0\" scrolling=\"no\"><\/iframe>","_oembed_time_7975cc49102ace5e498b90f1371b204e":"1665394568","_oembed_e7013075ec67387531300e4d0a05f4a9":"<blockquote class=\"wp-embedded-content\" data-secret=\"jMc28un4Wb\"><a href=\"https:\/\/www.varesenews.it\/2022\/10\/regole-rigide-carenze-strutturali-un-clima-poco-sereno-scioperano-ragazzi-del-montale-tradate\/1505508\/\">Regole troppo rigide, carenze strutturali e un clima poco sereno, scioperano i ragazzi del Montale di Tradate<\/a><\/blockquote><iframe class=\"wp-embedded-content\" sandbox=\"allow-scripts\" security=\"restricted\" style=\"position: absolute; clip: rect(1px, 1px, 1px, 1px);\" src=\"https:\/\/www.varesenews.it\/2022\/10\/regole-rigide-carenze-strutturali-un-clima-poco-sereno-scioperano-ragazzi-del-montale-tradate\/1505508\/embed\/#?secret=jMc28un4Wb\" data-secret=\"jMc28un4Wb\" width=\"500\" height=\"282\" title=\"&#8220;Regole troppo rigide, carenze strutturali e un clima poco sereno, scioperano i ragazzi del Montale di Tradate&#8221; &#8212; VareseNews\" frameborder=\"0\" marginwidth=\"0\" marginheight=\"0\" scrolling=\"no\"><\/iframe>","_oembed_time_e7013075ec67387531300e4d0a05f4a9":"1665394568","_oembed_174627a9faab8462e00d19b7d64ca779":"<blockquote class=\"wp-embedded-content\" data-secret=\"oEwZL3UkLt\"><a href=\"https:\/\/www.varesenews.it\/2019\/09\/whirlpool-emea-la-storia-trattativa-mai-decollata\/854451\/\">Whirlpool Emea e la storia di una trattativa mai decollata<\/a><\/blockquote><iframe class=\"wp-embedded-content\" sandbox=\"allow-scripts\" security=\"restricted\" style=\"position: absolute; clip: rect(1px, 1px, 1px, 1px);\" src=\"https:\/\/www.varesenews.it\/2019\/09\/whirlpool-emea-la-storia-trattativa-mai-decollata\/854451\/embed\/#?secret=oEwZL3UkLt\" data-secret=\"oEwZL3UkLt\" width=\"500\" height=\"282\" title=\"&#8220;Whirlpool Emea e la storia di una trattativa mai decollata&#8221; &#8212; VareseNews\" frameborder=\"0\" marginwidth=\"0\" marginheight=\"0\" scrolling=\"no\"><\/iframe>","_oembed_time_174627a9faab8462e00d19b7d64ca779":"1665394783","_oembed_94d2dc5032ab8b0c352d994b4c4dc2ad":"<iframe width=\"500\" height=\"281\" src=\"https:\/\/www.youtube.com\/embed\/h6JMU-Usso4?feature=oembed\" frameborder=\"0\" allow=\"accelerometer; autoplay; clipboard-write; encrypted-media; gyroscope; picture-in-picture\" allowfullscreen title=\"PERCH\u00c8 PARTIRE CON NOI\"><\/iframe>","_oembed_time_94d2dc5032ab8b0c352d994b4c4dc2ad":"1665394784","_oembed_6b56c6eab05b4fdd26afe92e95ff2d3f":"<blockquote class=\"wp-embedded-content\" data-secret=\"XeGk7PqZR4\"><a href=\"https:\/\/www.varesenews.it\/2022\/10\/andrea-crugnola-chiude-subito-conti-campione-italiano-rally-la-seconda-volta\/1506092\/\">Il varesino Andrea Crugnola \u00e8 campione italiano rally per la seconda volta<\/a><\/blockquote><iframe class=\"wp-embedded-content\" sandbox=\"allow-scripts\" security=\"restricted\" style=\"position: absolute; clip: rect(1px, 1px, 1px, 1px);\" src=\"https:\/\/www.varesenews.it\/2022\/10\/andrea-crugnola-chiude-subito-conti-campione-italiano-rally-la-seconda-volta\/1506092\/embed\/#?secret=XeGk7PqZR4\" data-secret=\"XeGk7PqZR4\" width=\"500\" height=\"282\" title=\"&#8220;Il varesino Andrea Crugnola \u00e8 campione italiano rally per la seconda volta&#8221; &#8212; VareseNews\" frameborder=\"0\" marginwidth=\"0\" marginheight=\"0\" scrolling=\"no\"><\/iframe>","_oembed_time_6b56c6eab05b4fdd26afe92e95ff2d3f":"1665394784"},"photos":[{"original":"https:\/\/staging.varesenews.it\/photogallery_new\/images\/2015\/11\/varie-498626.jpg","full":"https:\/\/staging.varesenews.it\/photogallery_new\/images\/2015\/11\/varie-498626.1024x768.jpg","large":"https:\/\/staging.varesenews.it\/photogallery_new\/images\/2015\/11\/varie-498626.610x431.jpg"}],"_links":{"self":[{"href":"https:\/\/staging.varesenews.it\/swgapi\/v1\/wp\/v2\/posts\/1506759"}],"collection":[{"href":"https:\/\/staging.varesenews.it\/swgapi\/v1\/wp\/v2\/posts"}],"about":[{"href":"https:\/\/staging.varesenews.it\/swgapi\/v1\/wp\/v2\/types\/post"}],"author":[{"embeddable":true,"href":"https:\/\/staging.varesenews.it\/swgapi\/v1\/wp\/v2\/users\/34"}],"replies":[{"embeddable":true,"href":"https:\/\/staging.varesenews.it\/swgapi\/v1\/wp\/v2\/comments?post=1506759"}],"version-history":[{"count":0,"href":"https:\/\/staging.varesenews.it\/swgapi\/v1\/wp\/v2\/posts\/1506759\/revisions"}],"wp:attachment":[{"href":"https:\/\/staging.varesenews.it\/swgapi\/v1\/wp\/v2\/media?parent=1506759"}],"wp:term":[{"taxonomy":"category","embeddable":true,"href":"https:\/\/staging.varesenews.it\/swgapi\/v1\/wp\/v2\/categories?post=1506759"},{"taxonomy":"post_tag","embeddable":true,"href":"https:\/\/staging.varesenews.it\/swgapi\/v1\/wp\/v2\/tags?post=1506759"}],"curies":[{"name":"wp","href":"https:\/\/api.w.org\/{rel}","templated":true}]}}