{"id":1507035,"date":"2022-10-10T21:45:38","date_gmt":"2022-10-10T19:45:38","guid":{"rendered":"https:\/\/www.varesenews.it\/?p=1507035"},"modified":"2022-10-10T21:45:38","modified_gmt":"2022-10-10T19:45:38","slug":"apre-ai-giardini-estensi-varese-villaggio-della-sicurezza-aime","status":"publish","type":"post","link":"https:\/\/staging.varesenews.it\/2022\/10\/apre-ai-giardini-estensi-varese-villaggio-della-sicurezza-aime\/1507035\/","title":{"rendered":"Apre ai Giardini Estensi di Varese il &#8220;Villaggio della sicurezza&#8221; di Aime"},"content":{"rendered":"<p><strong>&#8220;Facciamolo in Sicurezza&#8221;<\/strong>, il villaggio sul tema della sicurezza allestito ai Giardini Estensi di Varese \u00e8 stato ufficialmente presentato oggi pomeriggio, luned\u00ec 10 ottobre, alla presenza di istituzioni e autorit\u00e0 locali.<\/p>\n<p>&#8220;Spesso vengono emulati comportamenti fuori dalle regole &#8211; ha affermato Gianni Lucchina, segretario generale AIME &#8211; ma il rispetto delle regole significa essere pi\u00f9 liberi. \u00c8 importante ricordare che la mia libert\u00e0 finisce dove inizia quella del mio vicino. La sicurezza non pu\u00f2 essere di parte, la sicurezza \u00e8 di tutti&#8221;.<\/p>\n<p>Domani sera, marted\u00ec 11, l&#8217;allestimento sar\u00e0 terminato e i Giardini Estensi si trasformeranno in un percorso composto da sei aree specifiche che racconteranno attraverso interventi, testimonianze e attivit\u00e0 la sicurezza negli ambiti principali della vita: lavoro, scuola strada, sport e tempo libero.<\/p>\n<p>\u00abQuesto evento si inserisce in un quadro che tocca la cittadinanza in tutte le sue forme, dal singolo cittadino, alle imprese, le istituzioni, le forze dell&#8217;ordine &#8211; ha affermato <strong>il Prefetto di Varese Salvatore Rosario Pasquariello<\/strong>\u00a0-. Io stesso sono un datore di lavoro e mi devo preoccupare della sicurezza di chi lavora presso il mio ufficio. Pi\u00f9 conosciamo i dettagli pi\u00f9 siamo capaci di creare situazioni sicure e serene sul luogo di lavoro e nelle nostre vite. Con questo evento state facendo in modo che nasca una cultura diffusa di sicurezza, cosicch\u00e9 ogni ragazzo possa osservare, imparare e acquisire una sensibilit\u00e0 spiccata per la sicurezza di s\u00e9 e degli altri, ora e in futuro\u00bb.<\/p>\n<p>L&#8217;evento \u00e8 nato attraverso la collaborazione di AIME &#8211; Associazione Imprenditori Europei\u00a0 con Liberacomm, societ\u00e0 di Marketing e Comunicazione associata e vedr\u00e0 la partecipazione attiva di Queste attivit\u00e0 vedranno impegnate Protezione Civile, Polizia Stradale, Carabinieri, Vigili del Fuoco, Croce Rossa italiana, AREU 118, ATS Insubria, ASST Valle Olona, Ufficio Territoriale Scolastico, ACI, CONI e l&#8217;Ordine degli Architetti.<\/p>\n<p>Una serie di appuntamenti finalizzati a promuovere la <strong>\u201cCultura della Sicurezza\u201d<\/strong> che coinvolgeranno tante realt\u00e0 del territorio: istituzioni, enti, forze dell\u2019ordine, forze di sicurezza del territorio e del soccorso, associazioni professionali e sportive, aziende che operano nel settore della sicurezza.<\/p>\n<p>\u00abRingrazio AIME perch\u00e9 questa iniziativa ha il grandissimo merito di richiamare l&#8217;attenzione delle persone partendo dai pi\u00f9 piccoli, affrontando il tema della cultura della sicurezza &#8211; <strong>ha affermato l&#8217;assessore Raffaele Catalano<\/strong> &#8211; Sicurezza partecipata, non dal punto di vista passivo, ma attivo. I giovani devono crescere con questa consapevolezza, sapendo di non doverla ricevere, ma di doverla mettere in pratica\u00bb.<\/p>\n<p>Presenti all&#8217;incontro, oltre ai rappresentanti delle Forze dell&#8217;Ordine e i rappresentanti della Provincia di Varese, anche la Vicesindaca di Varese Ivana Perusin, l&#8217;Onorevole Maria Chiara Gadda, l&#8217;Onorevole Alessandro Alfieri, il Consigliere Regionale Samuele Astuti, l&#8217;Assessore allo sport Stefano Malerba, l&#8217;Assessora ad ambiente, sostenibilit\u00e0 sociale ed economia circolare\u00a0Nicoletta San Martino e il consigliere comunale Simone Longhini.<\/p>\n","protected":false},"excerpt":{"rendered":"<p>I Giardini varesini si trasformeranno in un percorso composto da sei aree specifiche che racconteranno attraverso interventi, testimonianze e attivit\u00e0 la sicurezza negli ambiti principali della vita<\/p>\n","protected":false},"author":37,"featured_media":0,"comment_status":"open","ping_status":"open","sticky":false,"template":"","format":"standard","meta":{"footnotes":""},"categories":[2],"tags":[2196,126654],"acf":[],"yoast_head":"<!-- This site is optimized with the Yoast SEO plugin v20.1 - https:\/\/yoast.com\/wordpress\/plugins\/seo\/ -->\n<title>Apre ai Giardini Estensi di Varese il &quot;Villaggio della sicurezza&quot; di Aime<\/title>\n<meta name=\"description\" content=\"I Giardini varesini si trasformeranno in un percorso composto da sei aree specifiche che racconteranno attraverso interventi, testimonianze e attivit\u00e0 la sicurezza negli ambiti principali della vita\" \/>\n<meta name=\"robots\" content=\"noindex, follow, max-snippet:-1, max-image-preview:large, max-video-preview:-1\" \/>\n<meta property=\"og:locale\" content=\"it_IT\" \/>\n<meta property=\"og:type\" content=\"article\" \/>\n<meta property=\"og:title\" content=\"Apre ai Giardini Estensi di Varese il &quot;Villaggio della sicurezza&quot; di Aime\" \/>\n<meta property=\"og:description\" content=\"I Giardini varesini si trasformeranno in un percorso composto da sei aree specifiche che racconteranno attraverso interventi, testimonianze e attivit\u00e0 la sicurezza negli ambiti principali della vita\" \/>\n<meta property=\"og:url\" content=\"https:\/\/www.varesenews.it\/2022\/10\/apre-ai-giardini-estensi-varese-villaggio-della-sicurezza-aime\/1507035\/\" \/>\n<meta property=\"og:site_name\" content=\"VareseNews\" \/>\n<meta property=\"article:publisher\" content=\"https:\/\/www.facebook.com\/varesenews\" \/>\n<meta property=\"article:published_time\" content=\"2022-10-10T19:45:38+00:00\" \/>\n<meta name=\"author\" content=\"Francesco Mazzoleni\" \/>\n<meta name=\"twitter:card\" content=\"summary_large_image\" \/>\n<meta name=\"twitter:creator\" content=\"@fmazzof\" \/>\n<meta name=\"twitter:site\" content=\"@varesenews\" \/>\n<meta name=\"twitter:label1\" content=\"Scritto da\" \/>\n\t<meta name=\"twitter:data1\" content=\"Francesco Mazzoleni\" \/>\n\t<meta name=\"twitter:label2\" content=\"Tempo di lettura stimato\" \/>\n\t<meta name=\"twitter:data2\" content=\"2 minuti\" \/>\n<script type=\"application\/ld+json\" class=\"yoast-schema-graph\">{\"@context\":\"https:\/\/schema.org\",\"@graph\":[{\"@type\":\"WebPage\",\"@id\":\"https:\/\/www.varesenews.it\/2022\/10\/apre-ai-giardini-estensi-varese-villaggio-della-sicurezza-aime\/1507035\/\",\"url\":\"https:\/\/www.varesenews.it\/2022\/10\/apre-ai-giardini-estensi-varese-villaggio-della-sicurezza-aime\/1507035\/\",\"name\":\"Apre ai Giardini Estensi di Varese il \\\"Villaggio della sicurezza\\\" di Aime\",\"isPartOf\":{\"@id\":\"https:\/\/staging.varesenews.it\/#website\"},\"datePublished\":\"2022-10-10T19:45:38+00:00\",\"dateModified\":\"2022-10-10T19:45:38+00:00\",\"author\":{\"@id\":\"https:\/\/staging.varesenews.it\/#\/schema\/person\/e82236e79160d30d4e1f942004ac3038\"},\"description\":\"I Giardini varesini si trasformeranno in un percorso composto da sei aree specifiche che racconteranno attraverso interventi, testimonianze e attivit\u00e0 la sicurezza negli ambiti principali della vita\",\"breadcrumb\":{\"@id\":\"https:\/\/www.varesenews.it\/2022\/10\/apre-ai-giardini-estensi-varese-villaggio-della-sicurezza-aime\/1507035\/#breadcrumb\"},\"inLanguage\":\"it-IT\",\"potentialAction\":[{\"@type\":\"ReadAction\",\"target\":[\"https:\/\/www.varesenews.it\/2022\/10\/apre-ai-giardini-estensi-varese-villaggio-della-sicurezza-aime\/1507035\/\"]}]},{\"@type\":\"BreadcrumbList\",\"@id\":\"https:\/\/www.varesenews.it\/2022\/10\/apre-ai-giardini-estensi-varese-villaggio-della-sicurezza-aime\/1507035\/#breadcrumb\",\"itemListElement\":[{\"@type\":\"ListItem\",\"position\":1,\"name\":\"Home\",\"item\":\"https:\/\/www.varesenews.it\/\"},{\"@type\":\"ListItem\",\"position\":2,\"name\":\"Apre ai Giardini Estensi di Varese il &#8220;Villaggio della sicurezza&#8221; di Aime\"}]},{\"@type\":\"WebSite\",\"@id\":\"https:\/\/staging.varesenews.it\/#website\",\"url\":\"https:\/\/staging.varesenews.it\/\",\"name\":\"VareseNews\",\"description\":\"\",\"potentialAction\":[{\"@type\":\"SearchAction\",\"target\":{\"@type\":\"EntryPoint\",\"urlTemplate\":\"https:\/\/staging.varesenews.it\/?s={search_term_string}\"},\"query-input\":\"required name=search_term_string\"}],\"inLanguage\":\"it-IT\"},{\"@type\":\"Person\",\"@id\":\"https:\/\/staging.varesenews.it\/#\/schema\/person\/e82236e79160d30d4e1f942004ac3038\",\"name\":\"Francesco Mazzoleni\",\"image\":{\"@type\":\"ImageObject\",\"inLanguage\":\"it-IT\",\"@id\":\"https:\/\/staging.varesenews.it\/#\/schema\/person\/image\/\",\"url\":\"https:\/\/staging.varesenews.it\/wp-content\/uploads\/2020\/12\/francesco_mazzoleni_colori_500-1.jpg\",\"contentUrl\":\"https:\/\/staging.varesenews.it\/wp-content\/uploads\/2020\/12\/francesco_mazzoleni_colori_500-1.jpg\",\"caption\":\"Francesco Mazzoleni\"},\"description\":\"\\\"Uomo di campo\\\" della redazione sportiva. Nutro una vera passione per il calcio, che sia ad alti livelli, sui campi di provincia o in altri continenti. Sono nato a Varese nel 1984, vivo da sempre a Malnate e ho una laurea in Scienze Motorie. Ho mosso i primi passi a VareseNews da stagista nel 2002; nel 2008 ho iniziato a collaborare con maggiore continuit\u00e0 e dal 2018 sono giornalista professionista. Orgoglioso pap\u00e0 di Federico e Adelaide.\",\"sameAs\":[\"fmazzof\",\"it.linkedin.com\/in\/francescomazzolenif\",\"https:\/\/twitter.com\/fmazzof\"],\"url\":\"https:\/\/staging.varesenews.it\/persona\/francesco_mazzoleniferracini\/\"}]}<\/script>\n<!-- \/ Yoast SEO plugin. -->","yoast_head_json":{"title":"Apre ai Giardini Estensi di Varese il \"Villaggio della sicurezza\" di Aime","description":"I Giardini varesini si trasformeranno in un percorso composto da sei aree specifiche che racconteranno attraverso interventi, testimonianze e attivit\u00e0 la sicurezza negli ambiti principali della vita","robots":{"index":"noindex","follow":"follow","max-snippet":"max-snippet:-1","max-image-preview":"max-image-preview:large","max-video-preview":"max-video-preview:-1"},"og_locale":"it_IT","og_type":"article","og_title":"Apre ai Giardini Estensi di Varese il \"Villaggio della sicurezza\" di Aime","og_description":"I Giardini varesini si trasformeranno in un percorso composto da sei aree specifiche che racconteranno attraverso interventi, testimonianze e attivit\u00e0 la sicurezza negli ambiti principali della vita","og_url":"https:\/\/www.varesenews.it\/2022\/10\/apre-ai-giardini-estensi-varese-villaggio-della-sicurezza-aime\/1507035\/","og_site_name":"VareseNews","article_publisher":"https:\/\/www.facebook.com\/varesenews","article_published_time":"2022-10-10T19:45:38+00:00","author":"Francesco Mazzoleni","twitter_card":"summary_large_image","twitter_creator":"@fmazzof","twitter_site":"@varesenews","twitter_misc":{"Scritto da":"Francesco Mazzoleni","Tempo di lettura stimato":"2 minuti"},"schema":{"@context":"https:\/\/schema.org","@graph":[{"@type":"WebPage","@id":"https:\/\/www.varesenews.it\/2022\/10\/apre-ai-giardini-estensi-varese-villaggio-della-sicurezza-aime\/1507035\/","url":"https:\/\/www.varesenews.it\/2022\/10\/apre-ai-giardini-estensi-varese-villaggio-della-sicurezza-aime\/1507035\/","name":"Apre ai Giardini Estensi di Varese il \"Villaggio della sicurezza\" di Aime","isPartOf":{"@id":"https:\/\/staging.varesenews.it\/#website"},"datePublished":"2022-10-10T19:45:38+00:00","dateModified":"2022-10-10T19:45:38+00:00","author":{"@id":"https:\/\/staging.varesenews.it\/#\/schema\/person\/e82236e79160d30d4e1f942004ac3038"},"description":"I Giardini varesini si trasformeranno in un percorso composto da sei aree specifiche che racconteranno attraverso interventi, testimonianze e attivit\u00e0 la sicurezza negli ambiti principali della vita","breadcrumb":{"@id":"https:\/\/www.varesenews.it\/2022\/10\/apre-ai-giardini-estensi-varese-villaggio-della-sicurezza-aime\/1507035\/#breadcrumb"},"inLanguage":"it-IT","potentialAction":[{"@type":"ReadAction","target":["https:\/\/www.varesenews.it\/2022\/10\/apre-ai-giardini-estensi-varese-villaggio-della-sicurezza-aime\/1507035\/"]}]},{"@type":"BreadcrumbList","@id":"https:\/\/www.varesenews.it\/2022\/10\/apre-ai-giardini-estensi-varese-villaggio-della-sicurezza-aime\/1507035\/#breadcrumb","itemListElement":[{"@type":"ListItem","position":1,"name":"Home","item":"https:\/\/www.varesenews.it\/"},{"@type":"ListItem","position":2,"name":"Apre ai Giardini Estensi di Varese il &#8220;Villaggio della sicurezza&#8221; di Aime"}]},{"@type":"WebSite","@id":"https:\/\/staging.varesenews.it\/#website","url":"https:\/\/staging.varesenews.it\/","name":"VareseNews","description":"","potentialAction":[{"@type":"SearchAction","target":{"@type":"EntryPoint","urlTemplate":"https:\/\/staging.varesenews.it\/?s={search_term_string}"},"query-input":"required name=search_term_string"}],"inLanguage":"it-IT"},{"@type":"Person","@id":"https:\/\/staging.varesenews.it\/#\/schema\/person\/e82236e79160d30d4e1f942004ac3038","name":"Francesco Mazzoleni","image":{"@type":"ImageObject","inLanguage":"it-IT","@id":"https:\/\/staging.varesenews.it\/#\/schema\/person\/image\/","url":"https:\/\/staging.varesenews.it\/wp-content\/uploads\/2020\/12\/francesco_mazzoleni_colori_500-1.jpg","contentUrl":"https:\/\/staging.varesenews.it\/wp-content\/uploads\/2020\/12\/francesco_mazzoleni_colori_500-1.jpg","caption":"Francesco Mazzoleni"},"description":"\"Uomo di campo\" della redazione sportiva. Nutro una vera passione per il calcio, che sia ad alti livelli, sui campi di provincia o in altri continenti. Sono nato a Varese nel 1984, vivo da sempre a Malnate e ho una laurea in Scienze Motorie. Ho mosso i primi passi a VareseNews da stagista nel 2002; nel 2008 ho iniziato a collaborare con maggiore continuit\u00e0 e dal 2018 sono giornalista professionista. Orgoglioso pap\u00e0 di Federico e Adelaide.","sameAs":["fmazzof","it.linkedin.com\/in\/francescomazzolenif","https:\/\/twitter.com\/fmazzof"],"url":"https:\/\/staging.varesenews.it\/persona\/francesco_mazzoleniferracini\/"}]}},"post_meta":{"content-image-gallery":"","_edit_lock":"1665431173:37","_edit_last":"37","_category_permalink":"a:1:{s:8:\"category\";s:1:\"2\";}","_encloseme":"1","ratings_users":"0","ratings_score":"0","ratings_average":"0","foto":"1342792","id_link_fotogallery":"1507036","firma-personalizzata":"Francesca Marutti","argomento":"Varese","_yoast_wpseo_focuskw_text_input":"aime","_yoast_wpseo_focuskw":"aime","_yoast_wpseo_linkdex":"62","_yoast_wpseo_content_score":"30","_jd_tweet_this":"yes","_wpt_short_url":"https:\/\/www.varesenews.it\/2022\/10\/apre-ai-giardini-estensi-varese-villaggio-della-sicurezza-aime\/1507035\/","_wp_jd_target":"https:\/\/www.varesenews.it\/2022\/10\/apre-ai-giardini-estensi-varese-villaggio-della-sicurezza-aime\/1507035\/","_jd_wp_twitter":"a:1:{i:0;s:189:\"Apre ai Giardini Estensi di Varese il \u201cVillaggio della sicurezza\u201d di Aime https:\/\/www.varesenews.it\/2022\/10\/apre-ai-giardini-estensi-varese-villaggio-della-sicurezza-aime\/1507035\/ #aime\";}","_wpt_status_message":"Tweet inviato con successo.","_oembed_208a5be360d284d3b4d14ee830b7d00c":"<blockquote class=\"wp-embedded-content\" data-secret=\"N1Nif3ZE0a\"><a href=\"https:\/\/www.varesenews.it\/2022\/10\/provincia-varese-chiudono-troppi-sportelli-le-banche-dimenticato-la-funzione-sociale\/1506643\/\">In provincia di Varese chiudono troppi sportelli. &#8220;Le banche hanno dimenticato la loro funzione sociale&#8221;<\/a><\/blockquote><iframe class=\"wp-embedded-content\" sandbox=\"allow-scripts\" security=\"restricted\" style=\"position: absolute; clip: rect(1px, 1px, 1px, 1px);\" src=\"https:\/\/www.varesenews.it\/2022\/10\/provincia-varese-chiudono-troppi-sportelli-le-banche-dimenticato-la-funzione-sociale\/1506643\/embed\/#?secret=N1Nif3ZE0a\" data-secret=\"N1Nif3ZE0a\" width=\"500\" height=\"282\" title=\"&#8220;In provincia di Varese chiudono troppi sportelli. &#8220;Le banche hanno dimenticato la loro funzione sociale&#8221;&#8221; &#8212; VareseNews\" frameborder=\"0\" marginwidth=\"0\" marginheight=\"0\" scrolling=\"no\"><\/iframe>","_oembed_time_208a5be360d284d3b4d14ee830b7d00c":"1665431203","_oembed_17fc6250686f67bf68e27054b5f0f007":"<iframe width=\"500\" height=\"281\" src=\"https:\/\/www.youtube.com\/embed\/5wLhOpW2RiY?feature=oembed\" frameborder=\"0\" allow=\"accelerometer; autoplay; clipboard-write; encrypted-media; gyroscope; picture-in-picture\" allowfullscreen title=\"Le interviste agli Alfieri del Lavoro 2022\"><\/iframe>","_oembed_time_17fc6250686f67bf68e27054b5f0f007":"1665431204","_oembed_8bba7859a42cda76f5e05b31708a3e08":"<iframe width=\"500\" height=\"281\" src=\"https:\/\/www.youtube.com\/embed\/gA8A-d60o0o?feature=oembed\" frameborder=\"0\" allow=\"accelerometer; autoplay; clipboard-write; encrypted-media; gyroscope; picture-in-picture\" allowfullscreen title=\"Diventa Cavaliere del Faro: parte la raccolta fondi per costruire insieme il Faro di Varese\"><\/iframe>","_oembed_time_8bba7859a42cda76f5e05b31708a3e08":"1665431486","_oembed_e6ee74a2de1ed6905a4be56c7533baff":"<iframe width=\"500\" height=\"281\" src=\"https:\/\/www.youtube.com\/embed\/P5aNB_bamic?feature=oembed\" frameborder=\"0\" allow=\"accelerometer; autoplay; clipboard-write; encrypted-media; gyroscope; picture-in-picture\" allowfullscreen title=\"Ecco come funziona l&#39;ufficio mobile della Polizia Locale Gestione Associata di Azzate\"><\/iframe>","_oembed_time_e6ee74a2de1ed6905a4be56c7533baff":"1665431486","_oembed_ce978748e8f348b00749377072ca9580":"<blockquote class=\"wp-embedded-content\" data-secret=\"8vtCJPjvzy\"><a href=\"https:\/\/www.varesenews.it\/2022\/09\/tu-tu-un-cinghiale-comportarsi\/1503189\/\">A tu-per-tu con un cinghiale: come comportarsi?<\/a><\/blockquote><iframe class=\"wp-embedded-content\" sandbox=\"allow-scripts\" security=\"restricted\" style=\"position: absolute; clip: rect(1px, 1px, 1px, 1px);\" src=\"https:\/\/www.varesenews.it\/2022\/09\/tu-tu-un-cinghiale-comportarsi\/1503189\/embed\/#?secret=8vtCJPjvzy\" data-secret=\"8vtCJPjvzy\" width=\"500\" height=\"282\" title=\"&#8220;A tu-per-tu con un cinghiale: come comportarsi?&#8221; &#8212; VareseNews\" frameborder=\"0\" marginwidth=\"0\" marginheight=\"0\" scrolling=\"no\"><\/iframe>","_oembed_time_ce978748e8f348b00749377072ca9580":"1665431486","_oembed_a2e1b329057b29207f9fcb6718fcdc69":"<blockquote class=\"wp-embedded-content\" data-secret=\"FR2FAXEGqP\"><a href=\"https:\/\/www.varesenews.it\/2022\/08\/mangiassimo-cinghiali-abbattuti-un-problema-unopportunita\/1488617\/\">E se mangiassimo i cinghiali abbattuti, facendo di un problema un&#8217;opportunit\u00e0?<\/a><\/blockquote><iframe class=\"wp-embedded-content\" sandbox=\"allow-scripts\" security=\"restricted\" style=\"position: absolute; clip: rect(1px, 1px, 1px, 1px);\" src=\"https:\/\/www.varesenews.it\/2022\/08\/mangiassimo-cinghiali-abbattuti-un-problema-unopportunita\/1488617\/embed\/#?secret=FR2FAXEGqP\" data-secret=\"FR2FAXEGqP\" width=\"500\" height=\"282\" title=\"&#8220;E se mangiassimo i cinghiali abbattuti, facendo di un problema un&#8217;opportunit\u00e0?&#8221; &#8212; VareseNews\" frameborder=\"0\" marginwidth=\"0\" marginheight=\"0\" scrolling=\"no\"><\/iframe>","_oembed_time_a2e1b329057b29207f9fcb6718fcdc69":"1665431486","_oembed_0c69d936a2c35e5e10b5c3c19add5134":"<iframe width=\"500\" height=\"375\" src=\"https:\/\/www.youtube.com\/embed\/dFHmSl6QwoE?feature=oembed\" frameborder=\"0\" allow=\"accelerometer; autoplay; clipboard-write; encrypted-media; gyroscope; picture-in-picture\" allowfullscreen title=\"\u201cIo sto con le donne iraniane\u201d\"><\/iframe>","_oembed_time_0c69d936a2c35e5e10b5c3c19add5134":"1665431486","_oembed_938cc8f2352e2925ff402de5b2522ee6":"<iframe width=\"500\" height=\"281\" src=\"https:\/\/www.youtube.com\/embed\/YS6INoWjfNk?feature=oembed\" frameborder=\"0\" allow=\"accelerometer; autoplay; clipboard-write; encrypted-media; gyroscope; picture-in-picture\" allowfullscreen title=\"Giornate FAI d&#39;autunno: visita Palazzo Isimbardi (15-16 ottobre 2022)\"><\/iframe>","_oembed_time_938cc8f2352e2925ff402de5b2522ee6":"1665431506","_oembed_00d95adf4969bf324167a14f45bebb50":"<blockquote class=\"wp-embedded-content\" data-secret=\"c7xfy5yMeg\"><a href=\"https:\/\/www.varesenews.it\/2022\/10\/un-corso-online-diventare-nonni-consapevoli-si-iscrivono-700\/1506557\/\">Un corso online per diventare nonni consapevoli. Si iscrivono in 700<\/a><\/blockquote><iframe class=\"wp-embedded-content\" sandbox=\"allow-scripts\" security=\"restricted\" style=\"position: absolute; clip: rect(1px, 1px, 1px, 1px);\" src=\"https:\/\/www.varesenews.it\/2022\/10\/un-corso-online-diventare-nonni-consapevoli-si-iscrivono-700\/1506557\/embed\/#?secret=c7xfy5yMeg\" data-secret=\"c7xfy5yMeg\" width=\"500\" height=\"282\" title=\"&#8220;Un corso online per diventare nonni consapevoli. Si iscrivono in 700&#8221; &#8212; VareseNews\" frameborder=\"0\" marginwidth=\"0\" marginheight=\"0\" scrolling=\"no\"><\/iframe>","_oembed_time_00d95adf4969bf324167a14f45bebb50":"1665431507","_oembed_7975cc49102ace5e498b90f1371b204e":"<blockquote class=\"wp-embedded-content\" data-secret=\"x3AFOaUbvy\"><a href=\"https:\/\/www.varesenews.it\/2022\/10\/programma-delle-tre-serate-diventare-nonni-consapevoli\/1506580\/\">Il programma delle tre serate per diventare nonni consapevoli<\/a><\/blockquote><iframe class=\"wp-embedded-content\" sandbox=\"allow-scripts\" security=\"restricted\" style=\"position: absolute; clip: rect(1px, 1px, 1px, 1px);\" src=\"https:\/\/www.varesenews.it\/2022\/10\/programma-delle-tre-serate-diventare-nonni-consapevoli\/1506580\/embed\/#?secret=x3AFOaUbvy\" data-secret=\"x3AFOaUbvy\" width=\"500\" height=\"282\" title=\"&#8220;Il programma delle tre serate per diventare nonni consapevoli&#8221; &#8212; VareseNews\" frameborder=\"0\" marginwidth=\"0\" marginheight=\"0\" scrolling=\"no\"><\/iframe>","_oembed_time_7975cc49102ace5e498b90f1371b204e":"1665431507","_oembed_28dfcc671397744ef2199be3be6c50cb":"<blockquote class=\"wp-embedded-content\" data-secret=\"Z89FElOIoZ\"><a href=\"https:\/\/www.varesenews.it\/2018\/02\/mannheimer-ce-meno-fiducia-nelle-banche-nei-casino\/690578\/\">Mannheimer: &#8220;C&#8217;\u00e8 pi\u00f9 fiducia nei casin\u00f2 che nelle banche&#8221;<\/a><\/blockquote><iframe class=\"wp-embedded-content\" sandbox=\"allow-scripts\" security=\"restricted\" style=\"position: absolute; clip: rect(1px, 1px, 1px, 1px);\" src=\"https:\/\/www.varesenews.it\/2018\/02\/mannheimer-ce-meno-fiducia-nelle-banche-nei-casino\/690578\/embed\/#?secret=Z89FElOIoZ\" data-secret=\"Z89FElOIoZ\" width=\"500\" height=\"282\" title=\"&#8220;Mannheimer: &#8220;C&#8217;\u00e8 pi\u00f9 fiducia nei casin\u00f2 che nelle banche&#8221;&#8221; &#8212; VareseNews\" frameborder=\"0\" marginwidth=\"0\" marginheight=\"0\" scrolling=\"no\"><\/iframe>","_oembed_time_28dfcc671397744ef2199be3be6c50cb":"1665431515"},"photos":[{"original":"https:\/\/staging.varesenews.it\/photogallery_new\/images\/2022\/10\/caricamento-temporaneo-per-contributo-1665431032arrs4wgq0dwcb8su-1342792.jpg","full":"https:\/\/staging.varesenews.it\/photogallery_new\/images\/2022\/10\/caricamento-temporaneo-per-contributo-1665431032arrs4wgq0dwcb8su-1342792.1024x768.jpg","large":"https:\/\/staging.varesenews.it\/photogallery_new\/images\/2022\/10\/caricamento-temporaneo-per-contributo-1665431032arrs4wgq0dwcb8su-1342792.610x431.jpg"}],"_links":{"self":[{"href":"https:\/\/staging.varesenews.it\/swgapi\/v1\/wp\/v2\/posts\/1507035"}],"collection":[{"href":"https:\/\/staging.varesenews.it\/swgapi\/v1\/wp\/v2\/posts"}],"about":[{"href":"https:\/\/staging.varesenews.it\/swgapi\/v1\/wp\/v2\/types\/post"}],"author":[{"embeddable":true,"href":"https:\/\/staging.varesenews.it\/swgapi\/v1\/wp\/v2\/users\/37"}],"replies":[{"embeddable":true,"href":"https:\/\/staging.varesenews.it\/swgapi\/v1\/wp\/v2\/comments?post=1507035"}],"version-history":[{"count":0,"href":"https:\/\/staging.varesenews.it\/swgapi\/v1\/wp\/v2\/posts\/1507035\/revisions"}],"wp:attachment":[{"href":"https:\/\/staging.varesenews.it\/swgapi\/v1\/wp\/v2\/media?parent=1507035"}],"wp:term":[{"taxonomy":"category","embeddable":true,"href":"https:\/\/staging.varesenews.it\/swgapi\/v1\/wp\/v2\/categories?post=1507035"},{"taxonomy":"post_tag","embeddable":true,"href":"https:\/\/staging.varesenews.it\/swgapi\/v1\/wp\/v2\/tags?post=1507035"}],"curies":[{"name":"wp","href":"https:\/\/api.w.org\/{rel}","templated":true}]}}