{"id":1511251,"date":"2022-10-23T17:03:45","date_gmt":"2022-10-23T15:03:45","guid":{"rendered":"https:\/\/www.varesenews.it\/?p=1511251"},"modified":"2022-10-23T17:48:53","modified_gmt":"2022-10-23T15:48:53","slug":"varese-ritrova-la-vittoria-1-0-desenzano","status":"publish","type":"post","link":"https:\/\/staging.varesenews.it\/2022\/10\/varese-ritrova-la-vittoria-1-0-desenzano\/1511251\/","title":{"rendered":"Il Varese ritrova la vittoria con grinta e faccia tosta: 1-0 a Desenzano"},"content":{"rendered":"<p>Il Varese ritrova tre punti a Desenzano al termine di una gara di grande sofferenza, ma nella quale ritrova la solidit\u00e0 difensiva, non subisce gol, e <strong>festeggia la vittoria grazie all&#8217;1-0 che porta la firma di Donato Disabato;<\/strong> sua la punizione al 26&#8242; del primo tempo che dalla fascia sinistra sfila in area senza deviazioni e si insacca in rete decidendo l&#8217;incontro.<\/p>\n<p>Nella ripresa la sofferenza \u00e8 stata tanta: il Desenzano ha ovviamente spinto forte in cerca del pari, costruendo tanto ma senza riuscire a creare occasioni clamorose. Quando la grande opportunit\u00e0 \u00e8 arrivata, in pieno recupero, con Cristian Esposito, <strong>Moleri \u00e8 stato decisivo con la parata di piede che ha salvato il risultato<\/strong> e permesso di portare a casa i tre punti.<\/p>\n<p><strong>In classifica i biancorossi salgono a quota 9 punti.<\/strong> Non tanto, ma abbastanza per guardare la classifica da un&#8217;angolazione un po&#8217; migliore. Sia chiaro: questo non pu\u00f2 che essere il primo passo per la risalita. Servir\u00e0 dare continuit\u00e0 al mattoncino messo oggi, utile per riprendere una marcia interrotta troppo presto e che ora si spera possa riprendere a ritmo sostenuto.<\/p>\n<p><strong>FISCHIO D&#8217;INIZIO<\/strong><br \/>\nAncora in cerca di una vittoria che manca dalla prima giornata, il Varese fa visita al Desenzano per una sfida tra squadre costruite con ambizioni di vetta e che invece si ritrovano nelle zone basse della classifica. I biancorossi si presentano in riva al Garda con bomber Carlo Ferrario in panchina dopo la febbre che lo ha colpito in settimana e <strong>senza mister De Paola, a sua volta assente per motivi di salute.<\/strong> In campo scende un 4-3-3 con il <strong>rientro di Gazo dal primo minuto,<\/strong> schierato a centrocampo, mentre la linea arretrata \u00e8 formata da 4 difensori puri, senza terzini di spinta. In attacco c&#8217;\u00e8 Cappai al centro con Scarpa e Pastore esterni.\u00a0 <strong>Il Desenzano di Mario Tacchinardi risponde con un 4-3-3<\/strong> nel quale agiscono Goglino, Tanghetti e Bardelloni davanti. Nota di colore: il Varese scende in campo per la prima volta in stagione con un inedito completo verde.<\/p>\n<p><strong>PRIMO TEMPO\u00a0<\/strong><br \/>\n\u00c8 il Desenzano a partire con il piglio migliore e al 4&#8242; Moleri deve distendersi in tuffo per togliere dall&#8217;angolino il mancino rasoterra di Pinardi. La pressione dei gardesani fa abbassare il Varese, che ci mette qualche minuto a trovare le giuste misure e prendere un po&#8217; di campo, grazie a qualche guizzo di Pastore sulla fascia. E proprio da una palla recuperata da Pastore a sinistra nasce la punizione che porta in vantaggio il Varese al 26&#8242;: <strong>battuta tagliata di Disabato, la palla sfila in area, sfiorata da Cappai e Mapelli, e alla fine termina oltre le spalle di Malaguti per l&#8217;1-0<\/strong>. Incassato il gol, il Desenzano prova a prendere campo in cerca del pari ma la difesa del Varese stringe le maglie per non lasciare spazi e in contropiede si affida alle ripartenze di Pastore, che al 39&#8242; costringe Tanghetti al fallo da ammonizione al limite dell&#8217;area. Disabato ci riprova su punizione ma questa volta Malaguti respinge. Nel finale di tempo il Desenzano alza il baricentro ma non trova spazi per rendersi pericoloso e cos\u00ec all&#8217;intervallo i varesini sono avanti 1-0,<\/p>\n<p><strong>SECONDO TEMPO<\/strong><br \/>\nCome previsto, il Desenzano prova a ripartire con il piede sull&#8217;acceleratore, ma il Varese regge bene, non si scompone e prova a ripartire in velocit\u00e0. Al 4&#8242; Pastore calcia alto non di molto al termine di un contropiede gestito da Disabato e Cappai. I padroni di casa per\u00f2 alzano i ritmi e si portano in avanti con forza, ma dei tanti corner (14-3 il conto alla fine) ottenuti non ci sono occasioni da gol. La fatica per\u00f2 si fa sentire e i crampi fermano prima Gazo e poi Cappai, sostituiti da Piraccini e Ferrario. I gardesani spingono forte e al 38&#8242; il destro di Alborghetti passa a un soffio dal palo. Nel finale, con 5&#8242; di recupero, la grande occasione capita sul destro di Cristian Esposito, che sbuca alle spalle della difesa ma non riesce a battere Moleri, che con il piede devia in angolo. Al triplice fischio, dopo una lunga sofferenza, il Varese pu\u00f2 cos\u00ec festeggiare di nuovo i tre punti.<\/p>\n<blockquote><p><strong>TABELLINO<\/strong><\/p>\n<p><strong>DESENZANO &#8211; VARESE 0-1<\/strong>\u00a0(0-1)<br \/>\n<strong>Marcatori<\/strong>: 26&#8242; pt Disabato (V)<br \/>\n<strong>Desenzano (4-2-3-1):<\/strong> Malaguti; Alborghetti, A. Esposito (11\u2019 st Mandelli), Varoli, Messali; Franzoni (26\u2019 st C. Esposito), Pinardi; Goglino (34\u2019 st Maione), Bassini (11\u2019 st Fenotti), Bardelloni; Tanghetti (21\u2019 st Bianchetti). A disposizione: Frattini, De Palma, Solimeno, Campagna. All.: Tacchinardi.<br \/>\n<strong>Varese (4-3-3)<\/strong>: Moleri; Premoli, Monticone, Mapelli, Parpinel (44\u2019 st Marcaletti); Bigini (21\u2019 st Foschiani), Disabato, Gazo (29\u2019 st Piraccini); Scarpa, Cappai (26\u2019 st Ferrario), Pastore. A disposizione: Priori, Battistella, Malinverno, Ferrario, Truosolo, Goffi. All.: Castelli (De Paola assente).<span class=\"Apple-converted-space\"><br \/>\n<\/span><strong>Arbitro<\/strong>: Zini di Udine (Gigliotti e Fanara).<span class=\"Apple-converted-space\"><br \/>\n<\/span><strong>Corner<\/strong>: 14-3. Ammoniti: A. Esposito, Tanghetti per il Desenzano; Cappai per il Varese. Recupero: 0\u2019 + 5\u2019.<br \/>\n<strong>Note<\/strong>: giornata variabile, terreno di gioco in buone condizioni.<\/p>\n<p class=\"p2\"><strong>SERIE D GIRONE B &#8211; VIII GIORNATA<\/strong><\/p>\n<p class=\"p2\"><strong>Sabato 22 ottobre (ore 17.30)<\/strong>: Seregno &#8211; Folgore Caratese 3-1.<\/p>\n<p class=\"p2\"><strong>Domenica 23 ottobre (ore 15.00):<\/strong> Alcione &#8211; Sporting Franciacorta 3-0; Breno &#8211; Brusaporto 0-1; <strong>Desenzano &#8211; Varese 0-1;<\/strong> Casatese &#8211; Lumezzane 0-1; Real Calepina &#8211; Caronnese 0-0; Sona &#8211; Virtus CBG 0-3; Varesina &#8211; Ponte San Pietro 1-0; Villa Valle &#8211; Arconatese 1-0. <span class=\"Apple-converted-space\">\u00a0<\/span><\/p>\n<p class=\"p2\"><strong>CLASSIFICA<\/strong>: Lumezzane 19; Arconatese, Varesina 16; Brusaporto, Villa Valle 14; Alcione, Casatese, Sporting Franciacorta 13; Seregno, Virtus CBG 12; Ponte San Pietro, <strong>Varese<\/strong> 9; Desenzano, Real Calepina 8; Fologore Caratese 7; Caronnese 6; Sona 4; Breno 3.<\/p>\n<\/blockquote>\n","protected":false},"excerpt":{"rendered":"<p>In riva al Garda decide il gol di Disabato su punizione, ma a portare a casa il risultato e i tre punti sono la solidit\u00e0 difensiva e gli interventi di Moleri<\/p>\n","protected":false},"author":37,"featured_media":0,"comment_status":"open","ping_status":"open","sticky":false,"template":"","format":"standard","meta":{"footnotes":""},"categories":[14,2],"tags":[144,98549,126796,207],"acf":[],"yoast_head":"<!-- This site is optimized with the Yoast SEO plugin v20.1 - https:\/\/yoast.com\/wordpress\/plugins\/seo\/ -->\n<title>Il Varese ritrova la vittoria con grinta e faccia tosta: 1-0 a Desenzano<\/title>\n<meta name=\"description\" content=\"In riva al Garda decide il gol di Disabato su punizione, ma a portare a casa il risultato e i tre punti sono la solidit\u00e0 difensiva e gli interventi di Moleri\" \/>\n<meta name=\"robots\" content=\"noindex, follow, max-snippet:-1, max-image-preview:large, max-video-preview:-1\" \/>\n<meta property=\"og:locale\" content=\"it_IT\" \/>\n<meta property=\"og:type\" content=\"article\" \/>\n<meta property=\"og:title\" content=\"Il Varese ritrova la vittoria con grinta e faccia tosta: 1-0 a Desenzano\" \/>\n<meta property=\"og:description\" content=\"In riva al Garda decide il gol di Disabato su punizione, ma a portare a casa il risultato e i tre punti sono la solidit\u00e0 difensiva e gli interventi di Moleri\" \/>\n<meta property=\"og:url\" content=\"https:\/\/staging.varesenews.it\/2022\/10\/varese-ritrova-la-vittoria-1-0-desenzano\/1511251\/\" \/>\n<meta property=\"og:site_name\" content=\"VareseNews\" \/>\n<meta property=\"article:publisher\" content=\"https:\/\/www.facebook.com\/varesenews\" \/>\n<meta property=\"article:published_time\" content=\"2022-10-23T15:03:45+00:00\" \/>\n<meta property=\"article:modified_time\" content=\"2022-10-23T15:48:53+00:00\" \/>\n<meta name=\"author\" content=\"Francesco Mazzoleni\" \/>\n<meta name=\"twitter:card\" content=\"summary_large_image\" \/>\n<meta name=\"twitter:creator\" content=\"@fmazzof\" \/>\n<meta name=\"twitter:site\" content=\"@varesenews\" \/>\n<meta name=\"twitter:label1\" content=\"Scritto da\" \/>\n\t<meta name=\"twitter:data1\" content=\"Francesco Mazzoleni\" \/>\n\t<meta name=\"twitter:label2\" content=\"Tempo di lettura stimato\" \/>\n\t<meta name=\"twitter:data2\" content=\"4 minuti\" \/>\n<script type=\"application\/ld+json\" class=\"yoast-schema-graph\">{\"@context\":\"https:\/\/schema.org\",\"@graph\":[{\"@type\":\"WebPage\",\"@id\":\"https:\/\/staging.varesenews.it\/2022\/10\/varese-ritrova-la-vittoria-1-0-desenzano\/1511251\/\",\"url\":\"https:\/\/staging.varesenews.it\/2022\/10\/varese-ritrova-la-vittoria-1-0-desenzano\/1511251\/\",\"name\":\"Il Varese ritrova la vittoria con grinta e faccia tosta: 1-0 a Desenzano\",\"isPartOf\":{\"@id\":\"https:\/\/staging.varesenews.it\/#website\"},\"datePublished\":\"2022-10-23T15:03:45+00:00\",\"dateModified\":\"2022-10-23T15:48:53+00:00\",\"author\":{\"@id\":\"https:\/\/staging.varesenews.it\/#\/schema\/person\/e82236e79160d30d4e1f942004ac3038\"},\"description\":\"In riva al Garda decide il gol di Disabato su punizione, ma a portare a casa il risultato e i tre punti sono la solidit\u00e0 difensiva e gli interventi di Moleri\",\"breadcrumb\":{\"@id\":\"https:\/\/staging.varesenews.it\/2022\/10\/varese-ritrova-la-vittoria-1-0-desenzano\/1511251\/#breadcrumb\"},\"inLanguage\":\"it-IT\",\"potentialAction\":[{\"@type\":\"ReadAction\",\"target\":[\"https:\/\/staging.varesenews.it\/2022\/10\/varese-ritrova-la-vittoria-1-0-desenzano\/1511251\/\"]}]},{\"@type\":\"BreadcrumbList\",\"@id\":\"https:\/\/staging.varesenews.it\/2022\/10\/varese-ritrova-la-vittoria-1-0-desenzano\/1511251\/#breadcrumb\",\"itemListElement\":[{\"@type\":\"ListItem\",\"position\":1,\"name\":\"Home\",\"item\":\"https:\/\/www.varesenews.it\/\"},{\"@type\":\"ListItem\",\"position\":2,\"name\":\"Il Varese ritrova la vittoria con grinta e faccia tosta: 1-0 a Desenzano\"}]},{\"@type\":\"WebSite\",\"@id\":\"https:\/\/staging.varesenews.it\/#website\",\"url\":\"https:\/\/staging.varesenews.it\/\",\"name\":\"VareseNews\",\"description\":\"\",\"potentialAction\":[{\"@type\":\"SearchAction\",\"target\":{\"@type\":\"EntryPoint\",\"urlTemplate\":\"https:\/\/staging.varesenews.it\/?s={search_term_string}\"},\"query-input\":\"required name=search_term_string\"}],\"inLanguage\":\"it-IT\"},{\"@type\":\"Person\",\"@id\":\"https:\/\/staging.varesenews.it\/#\/schema\/person\/e82236e79160d30d4e1f942004ac3038\",\"name\":\"Francesco Mazzoleni\",\"image\":{\"@type\":\"ImageObject\",\"inLanguage\":\"it-IT\",\"@id\":\"https:\/\/staging.varesenews.it\/#\/schema\/person\/image\/\",\"url\":\"https:\/\/staging.varesenews.it\/wp-content\/uploads\/2020\/12\/francesco_mazzoleni_colori_500-1.jpg\",\"contentUrl\":\"https:\/\/staging.varesenews.it\/wp-content\/uploads\/2020\/12\/francesco_mazzoleni_colori_500-1.jpg\",\"caption\":\"Francesco Mazzoleni\"},\"description\":\"\\\"Uomo di campo\\\" della redazione sportiva. Nutro una vera passione per il calcio, che sia ad alti livelli, sui campi di provincia o in altri continenti. Sono nato a Varese nel 1984, vivo da sempre a Malnate e ho una laurea in Scienze Motorie. Ho mosso i primi passi a VareseNews da stagista nel 2002; nel 2008 ho iniziato a collaborare con maggiore continuit\u00e0 e dal 2018 sono giornalista professionista. Orgoglioso pap\u00e0 di Federico e Adelaide.\",\"sameAs\":[\"fmazzof\",\"it.linkedin.com\/in\/francescomazzolenif\",\"https:\/\/twitter.com\/fmazzof\"],\"url\":\"https:\/\/staging.varesenews.it\/persona\/francesco_mazzoleniferracini\/\"}]}<\/script>\n<!-- \/ Yoast SEO plugin. -->","yoast_head_json":{"title":"Il Varese ritrova la vittoria con grinta e faccia tosta: 1-0 a Desenzano","description":"In riva al Garda decide il gol di Disabato su punizione, ma a portare a casa il risultato e i tre punti sono la solidit\u00e0 difensiva e gli interventi di Moleri","robots":{"index":"noindex","follow":"follow","max-snippet":"max-snippet:-1","max-image-preview":"max-image-preview:large","max-video-preview":"max-video-preview:-1"},"og_locale":"it_IT","og_type":"article","og_title":"Il Varese ritrova la vittoria con grinta e faccia tosta: 1-0 a Desenzano","og_description":"In riva al Garda decide il gol di Disabato su punizione, ma a portare a casa il risultato e i tre punti sono la solidit\u00e0 difensiva e gli interventi di Moleri","og_url":"https:\/\/staging.varesenews.it\/2022\/10\/varese-ritrova-la-vittoria-1-0-desenzano\/1511251\/","og_site_name":"VareseNews","article_publisher":"https:\/\/www.facebook.com\/varesenews","article_published_time":"2022-10-23T15:03:45+00:00","article_modified_time":"2022-10-23T15:48:53+00:00","author":"Francesco Mazzoleni","twitter_card":"summary_large_image","twitter_creator":"@fmazzof","twitter_site":"@varesenews","twitter_misc":{"Scritto da":"Francesco Mazzoleni","Tempo di lettura stimato":"4 minuti"},"schema":{"@context":"https:\/\/schema.org","@graph":[{"@type":"WebPage","@id":"https:\/\/staging.varesenews.it\/2022\/10\/varese-ritrova-la-vittoria-1-0-desenzano\/1511251\/","url":"https:\/\/staging.varesenews.it\/2022\/10\/varese-ritrova-la-vittoria-1-0-desenzano\/1511251\/","name":"Il Varese ritrova la vittoria con grinta e faccia tosta: 1-0 a Desenzano","isPartOf":{"@id":"https:\/\/staging.varesenews.it\/#website"},"datePublished":"2022-10-23T15:03:45+00:00","dateModified":"2022-10-23T15:48:53+00:00","author":{"@id":"https:\/\/staging.varesenews.it\/#\/schema\/person\/e82236e79160d30d4e1f942004ac3038"},"description":"In riva al Garda decide il gol di Disabato su punizione, ma a portare a casa il risultato e i tre punti sono la solidit\u00e0 difensiva e gli interventi di Moleri","breadcrumb":{"@id":"https:\/\/staging.varesenews.it\/2022\/10\/varese-ritrova-la-vittoria-1-0-desenzano\/1511251\/#breadcrumb"},"inLanguage":"it-IT","potentialAction":[{"@type":"ReadAction","target":["https:\/\/staging.varesenews.it\/2022\/10\/varese-ritrova-la-vittoria-1-0-desenzano\/1511251\/"]}]},{"@type":"BreadcrumbList","@id":"https:\/\/staging.varesenews.it\/2022\/10\/varese-ritrova-la-vittoria-1-0-desenzano\/1511251\/#breadcrumb","itemListElement":[{"@type":"ListItem","position":1,"name":"Home","item":"https:\/\/www.varesenews.it\/"},{"@type":"ListItem","position":2,"name":"Il Varese ritrova la vittoria con grinta e faccia tosta: 1-0 a Desenzano"}]},{"@type":"WebSite","@id":"https:\/\/staging.varesenews.it\/#website","url":"https:\/\/staging.varesenews.it\/","name":"VareseNews","description":"","potentialAction":[{"@type":"SearchAction","target":{"@type":"EntryPoint","urlTemplate":"https:\/\/staging.varesenews.it\/?s={search_term_string}"},"query-input":"required name=search_term_string"}],"inLanguage":"it-IT"},{"@type":"Person","@id":"https:\/\/staging.varesenews.it\/#\/schema\/person\/e82236e79160d30d4e1f942004ac3038","name":"Francesco Mazzoleni","image":{"@type":"ImageObject","inLanguage":"it-IT","@id":"https:\/\/staging.varesenews.it\/#\/schema\/person\/image\/","url":"https:\/\/staging.varesenews.it\/wp-content\/uploads\/2020\/12\/francesco_mazzoleni_colori_500-1.jpg","contentUrl":"https:\/\/staging.varesenews.it\/wp-content\/uploads\/2020\/12\/francesco_mazzoleni_colori_500-1.jpg","caption":"Francesco Mazzoleni"},"description":"\"Uomo di campo\" della redazione sportiva. Nutro una vera passione per il calcio, che sia ad alti livelli, sui campi di provincia o in altri continenti. Sono nato a Varese nel 1984, vivo da sempre a Malnate e ho una laurea in Scienze Motorie. Ho mosso i primi passi a VareseNews da stagista nel 2002; nel 2008 ho iniziato a collaborare con maggiore continuit\u00e0 e dal 2018 sono giornalista professionista. Orgoglioso pap\u00e0 di Federico e Adelaide.","sameAs":["fmazzof","it.linkedin.com\/in\/francescomazzolenif","https:\/\/twitter.com\/fmazzof"],"url":"https:\/\/staging.varesenews.it\/persona\/francesco_mazzoleniferracini\/"}]}},"post_meta":{"content-image-gallery":"","_edit_lock":"1666603484:37","_edit_last":"37","_category_permalink":"a:1:{s:8:\"category\";s:2:\"14\";}","id_leggi_anche":"1511248","argomento":"Calcio","_yoast_wpseo_focuskw_text_input":"desenzano varese","_yoast_wpseo_focuskw":"desenzano varese","_yoast_wpseo_linkdex":"56","_yoast_wpseo_content_score":"30","_jd_tweet_this":"yes","_encloseme":"1","ratings_users":"0","ratings_score":"0","ratings_average":"0","foto":"1346682","_wpt_short_url":"https:\/\/www.varesenews.it\/2022\/10\/varese-ritrova-la-vittoria-1-0-desenzano\/1511251\/","_wp_jd_target":"https:\/\/www.varesenews.it\/2022\/10\/varese-ritrova-la-vittoria-1-0-desenzano\/1511251\/","_jd_wp_twitter":"a:1:{i:0;s:163:\"Il Varese ritrova la vittoria: 1-0 a Desenzano https:\/\/www.varesenews.it\/2022\/10\/varese-ritrova-la-vittoria-1-0-desenzano\/1511251\/ #calcio #desenzanocalcio #seried\";}","_wpt_status_message":"Tweet inviato con successo.","_oembed_c7c1fb9bbaa9b1a9ba1f5bb508fd577a":"<blockquote class=\"wp-embedded-content\" data-secret=\"AqyvG5ng8w\"><a href=\"https:\/\/www.varesenews.it\/2022\/10\/pro-patria-virtus-verona-diretta\/1511245\/\">Pro Patria &#8211; Virtus Verona in diretta<\/a><\/blockquote><iframe class=\"wp-embedded-content\" sandbox=\"allow-scripts\" security=\"restricted\" style=\"position: absolute; clip: rect(1px, 1px, 1px, 1px);\" src=\"https:\/\/www.varesenews.it\/2022\/10\/pro-patria-virtus-verona-diretta\/1511245\/embed\/#?secret=AqyvG5ng8w\" data-secret=\"AqyvG5ng8w\" width=\"500\" height=\"282\" title=\"&#8220;Pro Patria &#8211; Virtus Verona in diretta&#8221; &#8212; VareseNews\" frameborder=\"0\" marginwidth=\"0\" marginheight=\"0\" scrolling=\"no\"><\/iframe>","_oembed_time_c7c1fb9bbaa9b1a9ba1f5bb508fd577a":"1666537513","_oembed_2b2a45436f51ef277342e106c96ffc2c":"<blockquote class=\"wp-embedded-content\" data-secret=\"f2xtsAP9g4\"><a href=\"https:\/\/www.varesenews.it\/2022\/10\/valbossa-rosa-2022-sara-ledizione-dei-record\/1504282\/\">Valbossa IN Rosa 2022 sar\u00e0 l&#8217;edizione dei record<\/a><\/blockquote><iframe class=\"wp-embedded-content\" sandbox=\"allow-scripts\" security=\"restricted\" style=\"position: absolute; clip: rect(1px, 1px, 1px, 1px);\" src=\"https:\/\/www.varesenews.it\/2022\/10\/valbossa-rosa-2022-sara-ledizione-dei-record\/1504282\/embed\/#?secret=f2xtsAP9g4\" data-secret=\"f2xtsAP9g4\" width=\"500\" height=\"282\" title=\"&#8220;Valbossa IN Rosa 2022 sar\u00e0 l&#8217;edizione dei record&#8221; &#8212; VareseNews\" frameborder=\"0\" marginwidth=\"0\" marginheight=\"0\" scrolling=\"no\"><\/iframe>","_oembed_time_2b2a45436f51ef277342e106c96ffc2c":"1666537513","_oembed_7d09f6dceb7d15dae8c5cb60950779ad":"<blockquote class=\"wp-embedded-content\" data-secret=\"HmYNG5RCnR\"><a href=\"https:\/\/www.varesenews.it\/2022\/10\/la-openjobmetis-stavolta-non-trema-espugnata-reggio-emilia-81-87\/1511316\/\">La Openjobmetis stavolta non trema: espugnata Reggio Emilia 81-87<\/a><\/blockquote><iframe class=\"wp-embedded-content\" sandbox=\"allow-scripts\" security=\"restricted\" style=\"position: absolute; clip: rect(1px, 1px, 1px, 1px);\" src=\"https:\/\/www.varesenews.it\/2022\/10\/la-openjobmetis-stavolta-non-trema-espugnata-reggio-emilia-81-87\/1511316\/embed\/#?secret=HmYNG5RCnR\" data-secret=\"HmYNG5RCnR\" width=\"500\" height=\"282\" title=\"&#8220;La Openjobmetis stavolta non trema: espugnata Reggio Emilia 81-87&#8221; &#8212; VareseNews\" frameborder=\"0\" marginwidth=\"0\" marginheight=\"0\" scrolling=\"no\"><\/iframe>","_oembed_time_7d09f6dceb7d15dae8c5cb60950779ad":"1666537513","_oembed_d5f3863c56f78973279581a0b4ea5e2e":"<blockquote class=\"wp-embedded-content\" data-secret=\"VNv024yfgz\"><a href=\"https:\/\/www.varesenews.it\/2022\/10\/ross-compleanno-protagonista-accanto-brown-reyes\/1511326\/\">Ross, compleanno da protagonista accanto a Brown e Reyes<\/a><\/blockquote><iframe class=\"wp-embedded-content\" sandbox=\"allow-scripts\" security=\"restricted\" style=\"position: absolute; clip: rect(1px, 1px, 1px, 1px);\" src=\"https:\/\/www.varesenews.it\/2022\/10\/ross-compleanno-protagonista-accanto-brown-reyes\/1511326\/embed\/#?secret=VNv024yfgz\" data-secret=\"VNv024yfgz\" width=\"500\" height=\"282\" title=\"&#8220;Ross, compleanno da protagonista accanto a Brown e Reyes&#8221; &#8212; VareseNews\" frameborder=\"0\" marginwidth=\"0\" marginheight=\"0\" scrolling=\"no\"><\/iframe>","_oembed_time_d5f3863c56f78973279581a0b4ea5e2e":"1666537513","_oembed_7ca5a075021f1ee6cff20315c0a973d0":"<blockquote class=\"wp-embedded-content\" data-secret=\"6GfR9aqWYg\"><a href=\"https:\/\/www.varesenews.it\/2022\/10\/brase-la-cosa-piu-bella-vedere-ragazzi-giocare-squadra\/1511330\/\">Brase: &#8220;La cosa pi\u00f9 bella? Vedere i ragazzi giocare di squadra&#8221;<\/a><\/blockquote><iframe class=\"wp-embedded-content\" sandbox=\"allow-scripts\" security=\"restricted\" style=\"position: absolute; clip: rect(1px, 1px, 1px, 1px);\" src=\"https:\/\/www.varesenews.it\/2022\/10\/brase-la-cosa-piu-bella-vedere-ragazzi-giocare-squadra\/1511330\/embed\/#?secret=6GfR9aqWYg\" data-secret=\"6GfR9aqWYg\" width=\"500\" height=\"282\" title=\"&#8220;Brase: &#8220;La cosa pi\u00f9 bella? Vedere i ragazzi giocare di squadra&#8221;&#8221; &#8212; VareseNews\" frameborder=\"0\" marginwidth=\"0\" marginheight=\"0\" scrolling=\"no\"><\/iframe>","_oembed_time_7ca5a075021f1ee6cff20315c0a973d0":"1666537513","_oembed_9c8f974d1abc5db2709bad88f17aa413":"<blockquote class=\"wp-embedded-content\" data-secret=\"Ju4NEB2nzj\"><a href=\"https:\/\/www.varesenews.it\/2022\/10\/eventi-bambini-nel-weekend-del-21-22-23-ottobre-varese-provincia\/1510794\/\">Eventi per bambini nel weekend del 21, 22 e 23 ottobre tra Varese e provincia<\/a><\/blockquote><iframe class=\"wp-embedded-content\" sandbox=\"allow-scripts\" security=\"restricted\" style=\"position: absolute; clip: rect(1px, 1px, 1px, 1px);\" src=\"https:\/\/www.varesenews.it\/2022\/10\/eventi-bambini-nel-weekend-del-21-22-23-ottobre-varese-provincia\/1510794\/embed\/#?secret=Ju4NEB2nzj\" data-secret=\"Ju4NEB2nzj\" width=\"500\" height=\"282\" title=\"&#8220;Eventi per bambini nel weekend del 21, 22 e 23 ottobre tra Varese e provincia&#8221; &#8212; VareseNews\" frameborder=\"0\" marginwidth=\"0\" marginheight=\"0\" scrolling=\"no\"><\/iframe>","_oembed_time_9c8f974d1abc5db2709bad88f17aa413":"1666537885","_oembed_13071e668c22673303f93f9f42b788ce":"<blockquote class=\"wp-embedded-content\" data-secret=\"ctqNc7L9PQ\"><a href=\"https:\/\/www.varesenews.it\/2022\/04\/un-progetto-per-il-noleggio-di-biciclette-elettriche-in-valle-olona\/1444357\/\">Un progetto per visite guidate con noleggio di biciclette elettriche in Valle Olona<\/a><\/blockquote><iframe class=\"wp-embedded-content\" sandbox=\"allow-scripts\" security=\"restricted\" style=\"position: absolute; clip: rect(1px, 1px, 1px, 1px);\" src=\"https:\/\/www.varesenews.it\/2022\/04\/un-progetto-per-il-noleggio-di-biciclette-elettriche-in-valle-olona\/1444357\/embed\/#?secret=ctqNc7L9PQ\" data-secret=\"ctqNc7L9PQ\" width=\"500\" height=\"282\" title=\"&#8220;Un progetto per visite guidate con noleggio di biciclette elettriche in Valle Olona&#8221; &#8212; VareseNews\" frameborder=\"0\" marginwidth=\"0\" marginheight=\"0\" scrolling=\"no\"><\/iframe>","_oembed_time_13071e668c22673303f93f9f42b788ce":"1666537885","_oembed_6b483c8d9427374646911d7fca1f4de3":"<iframe width=\"500\" height=\"281\" src=\"https:\/\/www.youtube.com\/embed\/Xu0v5WZHj6c?feature=oembed\" frameborder=\"0\" allow=\"accelerometer; autoplay; clipboard-write; encrypted-media; gyroscope; picture-in-picture\" allowfullscreen title=\"Quando Canta il Cinema - Concerti stagione 2022\/2023\"><\/iframe>","_oembed_time_6b483c8d9427374646911d7fca1f4de3":"1666537886","_oembed_b7fd1672186a02c30de4f755b989e351":"<iframe width=\"500\" height=\"281\" src=\"https:\/\/www.youtube.com\/embed\/I6j_7Zd5A5w?feature=oembed\" frameborder=\"0\" allow=\"accelerometer; autoplay; clipboard-write; encrypted-media; gyroscope; picture-in-picture\" allowfullscreen title=\"La nascita di MUSA, Museo Universitario Scienze Antropologiche, mediche forensi per i diritti umani\"><\/iframe>","_oembed_time_b7fd1672186a02c30de4f755b989e351":"1666537886","_oembed_8e23e5ca43e5d5799ef9eaf6c25de852":"<iframe width=\"500\" height=\"281\" src=\"https:\/\/www.youtube.com\/embed\/F1zMZizqJAg?start=159&feature=oembed\" frameborder=\"0\" allow=\"accelerometer; autoplay; clipboard-write; encrypted-media; gyroscope; picture-in-picture\" allowfullscreen title=\"Baseball per ciechi - La libert\u00e0 in un diamante\"><\/iframe>","_oembed_time_8e23e5ca43e5d5799ef9eaf6c25de852":"1666537886","_oembed_a5d4e11971666c22823a8d7d0d4a4d87":"<iframe width=\"500\" height=\"281\" src=\"https:\/\/www.youtube.com\/embed\/Qln58O-JDRU?feature=oembed\" frameborder=\"0\" allow=\"accelerometer; autoplay; clipboard-write; encrypted-media; gyroscope; picture-in-picture\" allowfullscreen title=\"Le Lucine di Natale a Laveno Mombello\"><\/iframe>","_oembed_time_a5d4e11971666c22823a8d7d0d4a4d87":"1666538072","_oembed_f93c89532c0dff8b87e7834c1913432d":"<iframe width=\"500\" height=\"281\" src=\"https:\/\/www.youtube.com\/embed\/l-R-mCI6fKU?feature=oembed\" frameborder=\"0\" allow=\"accelerometer; autoplay; clipboard-write; encrypted-media; gyroscope; picture-in-picture\" allowfullscreen title=\"Ecco come sono nate le Lucine di Natale di Leggiuno\"><\/iframe>","_oembed_time_f93c89532c0dff8b87e7834c1913432d":"1666538073"},"photos":[{"original":"https:\/\/staging.varesenews.it\/photogallery_new\/images\/2022\/10\/desenzano-varese-calcio-1346682.jpg","full":"https:\/\/staging.varesenews.it\/photogallery_new\/images\/2022\/10\/desenzano-varese-calcio-1346682.1024x768.jpg","large":"https:\/\/staging.varesenews.it\/photogallery_new\/images\/2022\/10\/desenzano-varese-calcio-1346682.610x431.jpg"}],"_links":{"self":[{"href":"https:\/\/staging.varesenews.it\/swgapi\/v1\/wp\/v2\/posts\/1511251"}],"collection":[{"href":"https:\/\/staging.varesenews.it\/swgapi\/v1\/wp\/v2\/posts"}],"about":[{"href":"https:\/\/staging.varesenews.it\/swgapi\/v1\/wp\/v2\/types\/post"}],"author":[{"embeddable":true,"href":"https:\/\/staging.varesenews.it\/swgapi\/v1\/wp\/v2\/users\/37"}],"replies":[{"embeddable":true,"href":"https:\/\/staging.varesenews.it\/swgapi\/v1\/wp\/v2\/comments?post=1511251"}],"version-history":[{"count":0,"href":"https:\/\/staging.varesenews.it\/swgapi\/v1\/wp\/v2\/posts\/1511251\/revisions"}],"wp:attachment":[{"href":"https:\/\/staging.varesenews.it\/swgapi\/v1\/wp\/v2\/media?parent=1511251"}],"wp:term":[{"taxonomy":"category","embeddable":true,"href":"https:\/\/staging.varesenews.it\/swgapi\/v1\/wp\/v2\/categories?post=1511251"},{"taxonomy":"post_tag","embeddable":true,"href":"https:\/\/staging.varesenews.it\/swgapi\/v1\/wp\/v2\/tags?post=1511251"}],"curies":[{"name":"wp","href":"https:\/\/api.w.org\/{rel}","templated":true}]}}