{"id":151198,"date":"2010-04-06T00:00:00","date_gmt":"2010-04-06T00:00:00","guid":{"rendered":""},"modified":"2010-04-06T00:00:00","modified_gmt":"2010-04-06T00:00:00","slug":"il-trapianto-di-organi-tra-etica-e-deontologia","status":"publish","type":"post","link":"https:\/\/staging.varesenews.it\/2010\/04\/il-trapianto-di-organi-tra-etica-e-deontologia\/151198\/","title":{"rendered":"Il trapianto di organi tra etica e deontologia"},"content":{"rendered":"<div><b>Le persone in attesa di un organo sono in numero superiore rispetto agli organi a disposizione<\/b>. <b>Alcuni pazienti muoiono in lista di attesa<\/b>. Un razionamento si impone da s&eacute;, a differenza di altri campi della medicina.<\/div>\n<div>&nbsp;<\/div>\n<div>Quali sono i criteri per assegnare un organo?&nbsp;Qual &egrave; la natura di questi criteri? Cosa fare per aumentare la disponibilit&agrave; di organi? L&rsquo;atto di donazione ammette forme di restituzione? Fino a che punto offrire ai pazienti organi che presentano dei rischi e chi ha l&rsquo;ultima parola in merito? Qual &egrave; il rapporto tra donazione da cadavere e donazione da vivente? <b>Luned&igrave; 12 aprile 2010<\/b>, <b>alle ore 8.45,<\/b> nell&rsquo;Aula Magna di via Ravasi 2, a <b>Varese, <\/b><span>si tenter&agrave; di rispondere a queste domande nel corso dell&rsquo;incontro<b> &ldquo;Il trapianto di organi. Questioni etico-deontologiche&rdquo;,<\/b> organizzato dal <b>Dipartimento di Medicina e Sanit&agrave; Pubblica dell&rsquo;Universit&agrave; degli Studi dell&rsquo;Insubria,<\/b> in collaborazione con <b>Ospedale di Circolo&ndash;Fondazione Macchi<\/b>, il <b>Nord Italia Transplant &#8211; NITp<\/b>, l&rsquo;<b>AIDO<\/b> <b>(Associazione Italiana per la Donazione di Organi)<\/b> e &nbsp;<b>Swisstransplant.<\/b><\/span><\/div>\n<div>&nbsp;<\/div>\n<div><b>Il seminario si avvarr&agrave; di esperti <\/b>che risponderanno alle domande complesse e drammatiche, che quotidianamente si pongono agli operatori, ai pazienti, alle loro famiglie, personalmente e insieme coinvolti nel processo del trapianto. <b>Domande che al contempo riguardano l&rsquo;intera cittadinanza<\/b>, sia perch&eacute; ciascuno &egrave; un potenziale donatore e un potenziale ricevente, sia perch&eacute; i criteri utilizzati devono essere pubblici, trasparenti, condivisi, verificabili. <b>&Egrave; alla comunit&agrave; che gli organi vengono consegnati ed &egrave; la comunit&agrave; che deve farsi garante di un loro equo e giusto utilizzo<\/b><i>.<\/i><\/div>\n<div>&nbsp;<\/div>\n<div>L&rsquo;evento intende approfondire le numerose questioni legate al trapianto di organi in un&rsquo;<b>ottica interdisciplinare, dando voce a tutti i soggetti coinvolti nel processo di donazione e trapianto<\/b>.<\/div>\n<div>&nbsp;<\/div>\n<div>L&rsquo;iniziativa trae spunto dal libro <b>&ldquo;Il trapianto di organi. Realt&agrave; clinica e questioni etico-deontologiche&rdquo;<\/b>, del professor <b>Mario Picozzi<\/b>, docente dell&rsquo;Universit&agrave; degli Studi dell&rsquo;Insubria e coordinatore del seminario.<\/div>\n<div><b>&nbsp;<\/b><\/div>\n<div><b>L&rsquo;ingresso &egrave; libero e gratuito.<\/b><\/div>\n","protected":false},"excerpt":{"rendered":"<p>Il 12 aprile prossimo si svolger\u00e0 un incontro organizzato dal Dipartimento di meidicna e Sanit\u00e0 pubblica dell&#8217;Universit\u00e0 dell&#8217;Insubria insieme a aTrasplant e Aido<\/p>\n","protected":false},"author":10,"featured_media":0,"comment_status":"open","ping_status":"open","sticky":false,"template":"","format":"standard","meta":{"footnotes":""},"categories":[1],"tags":[25854,502],"acf":[],"yoast_head":"<!-- This site is optimized with the Yoast SEO plugin v20.1 - https:\/\/yoast.com\/wordpress\/plugins\/seo\/ -->\n<title>Il trapianto di organi tra etica e deontologia<\/title>\n<meta name=\"description\" content=\"Il 12 aprile prossimo si svolger\u00e0 un incontro organizzato dal Dipartimento di meidicna e Sanit\u00e0 pubblica dell&#039;Universit\u00e0 dell&#039;Insubria insieme a aTrasplant e Aido\" \/>\n<meta name=\"robots\" content=\"noindex, follow, max-snippet:-1, max-image-preview:large, max-video-preview:-1\" \/>\n<meta property=\"og:locale\" content=\"it_IT\" \/>\n<meta property=\"og:type\" content=\"article\" \/>\n<meta property=\"og:title\" content=\"Il trapianto di organi tra etica e deontologia\" \/>\n<meta property=\"og:description\" content=\"Il 12 aprile prossimo si svolger\u00e0 un incontro organizzato dal Dipartimento di meidicna e Sanit\u00e0 pubblica dell&#039;Universit\u00e0 dell&#039;Insubria insieme a aTrasplant e Aido\" \/>\n<meta property=\"og:url\" content=\"https:\/\/staging.varesenews.it\/2010\/04\/il-trapianto-di-organi-tra-etica-e-deontologia\/151198\/\" \/>\n<meta property=\"og:site_name\" content=\"VareseNews\" \/>\n<meta property=\"article:publisher\" content=\"https:\/\/www.facebook.com\/varesenews\" \/>\n<meta property=\"article:published_time\" content=\"2010-04-06T00:00:00+00:00\" \/>\n<meta name=\"author\" content=\"Redazione VareseNews\" \/>\n<meta name=\"twitter:card\" content=\"summary_large_image\" \/>\n<meta name=\"twitter:creator\" content=\"@varesenews\" \/>\n<meta name=\"twitter:site\" content=\"@varesenews\" \/>\n<meta name=\"twitter:label1\" content=\"Scritto da\" \/>\n\t<meta name=\"twitter:data1\" content=\"Redazione VareseNews\" \/>\n\t<meta name=\"twitter:label2\" content=\"Tempo di lettura stimato\" \/>\n\t<meta name=\"twitter:data2\" content=\"2 minuti\" \/>\n<script type=\"application\/ld+json\" class=\"yoast-schema-graph\">{\"@context\":\"https:\/\/schema.org\",\"@graph\":[{\"@type\":\"WebPage\",\"@id\":\"https:\/\/staging.varesenews.it\/2010\/04\/il-trapianto-di-organi-tra-etica-e-deontologia\/151198\/\",\"url\":\"https:\/\/staging.varesenews.it\/2010\/04\/il-trapianto-di-organi-tra-etica-e-deontologia\/151198\/\",\"name\":\"Il trapianto di organi tra etica e deontologia\",\"isPartOf\":{\"@id\":\"https:\/\/staging.varesenews.it\/#website\"},\"datePublished\":\"2010-04-06T00:00:00+00:00\",\"dateModified\":\"2010-04-06T00:00:00+00:00\",\"author\":{\"@id\":\"https:\/\/staging.varesenews.it\/#\/schema\/person\/fb20c4da0b7b16c291707a20db73e169\"},\"description\":\"Il 12 aprile prossimo si svolger\u00e0 un incontro organizzato dal Dipartimento di meidicna e Sanit\u00e0 pubblica dell'Universit\u00e0 dell'Insubria insieme a aTrasplant e Aido\",\"breadcrumb\":{\"@id\":\"https:\/\/staging.varesenews.it\/2010\/04\/il-trapianto-di-organi-tra-etica-e-deontologia\/151198\/#breadcrumb\"},\"inLanguage\":\"it-IT\",\"potentialAction\":[{\"@type\":\"ReadAction\",\"target\":[\"https:\/\/staging.varesenews.it\/2010\/04\/il-trapianto-di-organi-tra-etica-e-deontologia\/151198\/\"]}]},{\"@type\":\"BreadcrumbList\",\"@id\":\"https:\/\/staging.varesenews.it\/2010\/04\/il-trapianto-di-organi-tra-etica-e-deontologia\/151198\/#breadcrumb\",\"itemListElement\":[{\"@type\":\"ListItem\",\"position\":1,\"name\":\"Home\",\"item\":\"https:\/\/www.varesenews.it\/\"},{\"@type\":\"ListItem\",\"position\":2,\"name\":\"Il trapianto di organi tra etica e deontologia\"}]},{\"@type\":\"WebSite\",\"@id\":\"https:\/\/staging.varesenews.it\/#website\",\"url\":\"https:\/\/staging.varesenews.it\/\",\"name\":\"VareseNews\",\"description\":\"\",\"potentialAction\":[{\"@type\":\"SearchAction\",\"target\":{\"@type\":\"EntryPoint\",\"urlTemplate\":\"https:\/\/staging.varesenews.it\/?s={search_term_string}\"},\"query-input\":\"required name=search_term_string\"}],\"inLanguage\":\"it-IT\"},{\"@type\":\"Person\",\"@id\":\"https:\/\/staging.varesenews.it\/#\/schema\/person\/fb20c4da0b7b16c291707a20db73e169\",\"name\":\"Redazione VareseNews\",\"image\":{\"@type\":\"ImageObject\",\"inLanguage\":\"it-IT\",\"@id\":\"https:\/\/staging.varesenews.it\/#\/schema\/person\/image\/\",\"url\":\"https:\/\/staging.varesenews.it\/wp-content\/uploads\/2020\/12\/logo_VN_colori_500.png\",\"contentUrl\":\"https:\/\/staging.varesenews.it\/wp-content\/uploads\/2020\/12\/logo_VN_colori_500.png\",\"caption\":\"Redazione VareseNews\"},\"url\":\"https:\/\/staging.varesenews.it\/persona\/redazione1\/\"}]}<\/script>\n<!-- \/ Yoast SEO plugin. -->","yoast_head_json":{"title":"Il trapianto di organi tra etica e deontologia","description":"Il 12 aprile prossimo si svolger\u00e0 un incontro organizzato dal Dipartimento di meidicna e Sanit\u00e0 pubblica dell'Universit\u00e0 dell'Insubria insieme a aTrasplant e Aido","robots":{"index":"noindex","follow":"follow","max-snippet":"max-snippet:-1","max-image-preview":"max-image-preview:large","max-video-preview":"max-video-preview:-1"},"og_locale":"it_IT","og_type":"article","og_title":"Il trapianto di organi tra etica e deontologia","og_description":"Il 12 aprile prossimo si svolger\u00e0 un incontro organizzato dal Dipartimento di meidicna e Sanit\u00e0 pubblica dell'Universit\u00e0 dell'Insubria insieme a aTrasplant e Aido","og_url":"https:\/\/staging.varesenews.it\/2010\/04\/il-trapianto-di-organi-tra-etica-e-deontologia\/151198\/","og_site_name":"VareseNews","article_publisher":"https:\/\/www.facebook.com\/varesenews","article_published_time":"2010-04-06T00:00:00+00:00","author":"Redazione VareseNews","twitter_card":"summary_large_image","twitter_creator":"@varesenews","twitter_site":"@varesenews","twitter_misc":{"Scritto da":"Redazione VareseNews","Tempo di lettura stimato":"2 minuti"},"schema":{"@context":"https:\/\/schema.org","@graph":[{"@type":"WebPage","@id":"https:\/\/staging.varesenews.it\/2010\/04\/il-trapianto-di-organi-tra-etica-e-deontologia\/151198\/","url":"https:\/\/staging.varesenews.it\/2010\/04\/il-trapianto-di-organi-tra-etica-e-deontologia\/151198\/","name":"Il trapianto di organi tra etica e deontologia","isPartOf":{"@id":"https:\/\/staging.varesenews.it\/#website"},"datePublished":"2010-04-06T00:00:00+00:00","dateModified":"2010-04-06T00:00:00+00:00","author":{"@id":"https:\/\/staging.varesenews.it\/#\/schema\/person\/fb20c4da0b7b16c291707a20db73e169"},"description":"Il 12 aprile prossimo si svolger\u00e0 un incontro organizzato dal Dipartimento di meidicna e Sanit\u00e0 pubblica dell'Universit\u00e0 dell'Insubria insieme a aTrasplant e Aido","breadcrumb":{"@id":"https:\/\/staging.varesenews.it\/2010\/04\/il-trapianto-di-organi-tra-etica-e-deontologia\/151198\/#breadcrumb"},"inLanguage":"it-IT","potentialAction":[{"@type":"ReadAction","target":["https:\/\/staging.varesenews.it\/2010\/04\/il-trapianto-di-organi-tra-etica-e-deontologia\/151198\/"]}]},{"@type":"BreadcrumbList","@id":"https:\/\/staging.varesenews.it\/2010\/04\/il-trapianto-di-organi-tra-etica-e-deontologia\/151198\/#breadcrumb","itemListElement":[{"@type":"ListItem","position":1,"name":"Home","item":"https:\/\/www.varesenews.it\/"},{"@type":"ListItem","position":2,"name":"Il trapianto di organi tra etica e deontologia"}]},{"@type":"WebSite","@id":"https:\/\/staging.varesenews.it\/#website","url":"https:\/\/staging.varesenews.it\/","name":"VareseNews","description":"","potentialAction":[{"@type":"SearchAction","target":{"@type":"EntryPoint","urlTemplate":"https:\/\/staging.varesenews.it\/?s={search_term_string}"},"query-input":"required name=search_term_string"}],"inLanguage":"it-IT"},{"@type":"Person","@id":"https:\/\/staging.varesenews.it\/#\/schema\/person\/fb20c4da0b7b16c291707a20db73e169","name":"Redazione VareseNews","image":{"@type":"ImageObject","inLanguage":"it-IT","@id":"https:\/\/staging.varesenews.it\/#\/schema\/person\/image\/","url":"https:\/\/staging.varesenews.it\/wp-content\/uploads\/2020\/12\/logo_VN_colori_500.png","contentUrl":"https:\/\/staging.varesenews.it\/wp-content\/uploads\/2020\/12\/logo_VN_colori_500.png","caption":"Redazione VareseNews"},"url":"https:\/\/staging.varesenews.it\/persona\/redazione1\/"}]}},"post_meta":{"id_old":"169630","argomento":"Varese"},"photos":[],"_links":{"self":[{"href":"https:\/\/staging.varesenews.it\/swgapi\/v1\/wp\/v2\/posts\/151198"}],"collection":[{"href":"https:\/\/staging.varesenews.it\/swgapi\/v1\/wp\/v2\/posts"}],"about":[{"href":"https:\/\/staging.varesenews.it\/swgapi\/v1\/wp\/v2\/types\/post"}],"author":[{"embeddable":true,"href":"https:\/\/staging.varesenews.it\/swgapi\/v1\/wp\/v2\/users\/10"}],"replies":[{"embeddable":true,"href":"https:\/\/staging.varesenews.it\/swgapi\/v1\/wp\/v2\/comments?post=151198"}],"version-history":[{"count":0,"href":"https:\/\/staging.varesenews.it\/swgapi\/v1\/wp\/v2\/posts\/151198\/revisions"}],"wp:attachment":[{"href":"https:\/\/staging.varesenews.it\/swgapi\/v1\/wp\/v2\/media?parent=151198"}],"wp:term":[{"taxonomy":"category","embeddable":true,"href":"https:\/\/staging.varesenews.it\/swgapi\/v1\/wp\/v2\/categories?post=151198"},{"taxonomy":"post_tag","embeddable":true,"href":"https:\/\/staging.varesenews.it\/swgapi\/v1\/wp\/v2\/tags?post=151198"}],"curies":[{"name":"wp","href":"https:\/\/api.w.org\/{rel}","templated":true}]}}